{"id":5680,"date":"2026-01-16T16:04:04","date_gmt":"2026-01-16T16:04:04","guid":{"rendered":"https:\/\/historiaintelectual.com.ar\/indiceprismas\/?p=5680"},"modified":"2026-01-16T17:31:25","modified_gmt":"2026-01-16T17:31:25","slug":"vol-27-2023","status":"publish","type":"post","link":"https:\/\/historiaintelectual.com.ar\/indiceprismas\/vol-27-2023\/","title":{"rendered":"VOL. 27 (2023)"},"content":{"rendered":"\n<div id=\"wp-block-themeisle-blocks-advanced-columns-6a350af5\" class=\"wp-block-themeisle-blocks-advanced-columns has-2-columns has-desktop-oneTwo-layout has-tablet-equal-layout has-mobile-collapsedRows-layout has-vertical-unset\"><div class=\"wp-block-themeisle-blocks-advanced-columns-overlay\"><\/div><div class=\"innerblocks-wrap\">\n<div id=\"wp-block-themeisle-blocks-advanced-column-726330eb\" class=\"wp-block-themeisle-blocks-advanced-column\">\n<figure class=\"wp-block-image size-full is-resized o-sticky o-sticky-pos-top o-sticky-bhvr-keep o-sticky-scope-parent\"><img loading=\"lazy\" decoding=\"async\" width=\"1032\" height=\"1495\" src=\"https:\/\/historiaintelectual.com.ar\/indiceprismas\/wp-content\/uploads\/2026\/01\/PRISMAS-VOL17.jpg\" alt=\"\" class=\"wp-image-5681\" style=\"aspect-ratio:0.6767241379310345;width:311px;height:auto\" srcset=\"https:\/\/historiaintelectual.com.ar\/indiceprismas\/wp-content\/uploads\/2026\/01\/PRISMAS-VOL17.jpg 1032w, https:\/\/historiaintelectual.com.ar\/indiceprismas\/wp-content\/uploads\/2026\/01\/PRISMAS-VOL17-207x300.jpg 207w, https:\/\/historiaintelectual.com.ar\/indiceprismas\/wp-content\/uploads\/2026\/01\/PRISMAS-VOL17-707x1024.jpg 707w, https:\/\/historiaintelectual.com.ar\/indiceprismas\/wp-content\/uploads\/2026\/01\/PRISMAS-VOL17-104x150.jpg 104w, https:\/\/historiaintelectual.com.ar\/indiceprismas\/wp-content\/uploads\/2026\/01\/PRISMAS-VOL17-768x1113.jpg 768w, https:\/\/historiaintelectual.com.ar\/indiceprismas\/wp-content\/uploads\/2026\/01\/PRISMAS-VOL17-360x522.jpg 360w, https:\/\/historiaintelectual.com.ar\/indiceprismas\/wp-content\/uploads\/2026\/01\/PRISMAS-VOL17-750x1086.jpg 750w\" sizes=\"auto, (max-width: 1032px) 100vw, 1032px\" \/><\/figure>\n<\/div>\n\n\n\n<div id=\"wp-block-themeisle-blocks-advanced-column-af3f0557\" class=\"wp-block-themeisle-blocks-advanced-column\">\n<div id=\"wp-block-themeisle-blocks-accordion-99585927\" class=\"wp-block-themeisle-blocks-accordion exclusive\">\n<details class=\"wp-block-themeisle-blocks-accordion-item animated backInDown\"><summary class=\"wp-block-themeisle-blocks-accordion-item__title\"><div>ART\u00cdCULOS<\/div><\/summary><div class=\"wp-block-themeisle-blocks-accordion-item__content\">\n<p><a href=\"https:\/\/prismas.unq.edu.ar\/OJS\/index.php\/Prismas\/article\/view\/1387\" target=\"_blank\" rel=\"noreferrer noopener\">Acerca de cosmopolitismo y nacionalismo en la historiograf\u00eda europea anterior a la Primera Guerra Mundial<\/a><\/p>\n\n\n\n<p>Fernando J. Devoto<\/p>\n\n\n\n<p><a href=\"https:\/\/prismas.unq.edu.ar\/OJS\/index.php\/Prismas\/article\/view\/1357\" target=\"_blank\" rel=\"noreferrer noopener\">El problema de la vida activa y la vida contemplativa en los inicios del Renacimiento<\/a><\/p>\n\n\n\n<p>Alejo Perino<\/p>\n\n\n\n<p><a href=\"https:\/\/prismas.unq.edu.ar\/OJS\/index.php\/Prismas\/article\/view\/1389\" target=\"_blank\" rel=\"noreferrer noopener\">A la sombra de los caudillos<\/a><\/p>\n\n\n\n<p>Carlos Altamirano<\/p>\n\n\n\n<p><a href=\"https:\/\/prismas.unq.edu.ar\/OJS\/index.php\/Prismas\/article\/view\/1355\" target=\"_blank\" rel=\"noreferrer noopener\">Sociabilidad en tiempos b\u00e9licos. Asociaciones intelectuales bolivianas durante la guerra del Pac\u00edfico (La Paz, 1881-1884)<\/a><\/p>\n\n\n\n<p>Kurmi Soto Velasco<\/p>\n\n\n\n<p><a href=\"https:\/\/prismas.unq.edu.ar\/OJS\/index.php\/Prismas\/article\/view\/1391\" target=\"_blank\" rel=\"noreferrer noopener\">El proyecto historiogr\u00e1fico de Mart\u00edn Garc\u00eda M\u00e9rou: sus lecturas de Alberdi, Echeverr\u00eda y Sarmiento<\/a><\/p>\n\n\n\n<p>Alejandro Romagnoli<\/p>\n\n\n\n<p><a href=\"https:\/\/prismas.unq.edu.ar\/OJS\/index.php\/Prismas\/article\/view\/1283\" target=\"_blank\" rel=\"noreferrer noopener\">Tras el rastro de una est\u00e9tica vanguardista cat\u00f3lica en Argentina: cruces entre religi\u00f3n, literatura y arte<\/a><\/p>\n\n\n\n<p>Laura Cabezas<\/p>\n\n\n\n<p><a href=\"https:\/\/prismas.unq.edu.ar\/OJS\/index.php\/Prismas\/article\/view\/1276\/1752\" data-type=\"link\" data-id=\"https:\/\/prismas.unq.edu.ar\/OJS\/index.php\/Prismas\/article\/view\/1276\/1752\" target=\"_blank\" rel=\"noreferrer noopener\">Un an\u00e1lisis econ\u00f3mico del peronismo. Los dirigentes e intelectuales del Partido Socialista frente a las pol\u00edticas econ\u00f3micas en la Argentina de posguerra<\/a><\/p>\n\n\n\n<p>Claudio Belini<\/p>\n<\/div><\/details>\n\n\n\n<details class=\"wp-block-themeisle-blocks-accordion-item animated backInDown slow\"><summary class=\"wp-block-themeisle-blocks-accordion-item__title\"><div>ARGUMENTOS<\/div><\/summary><div class=\"wp-block-themeisle-blocks-accordion-item__content\">\n<p><a href=\"https:\/\/prismas.unq.edu.ar\/OJS\/index.php\/Prismas\/article\/view\/1393\" target=\"_blank\" rel=\"noreferrer noopener\">La Historia y nuestro presente: de la naci\u00f3n a la tribu<\/a><\/p>\n\n\n\n<p>Hilda Sabato. <\/p>\n<\/div><\/details>\n\n\n\n<details class=\"wp-block-themeisle-blocks-accordion-item animated backInDown slow\"><summary class=\"wp-block-themeisle-blocks-accordion-item__title\"><div>DOSSIER: \u00a040 a\u00f1os de\u00a0<em>Comunidades imaginadas<\/em>. Vidas y sobrevidas de un cl\u00e1sico.<\/div><\/summary><div class=\"wp-block-themeisle-blocks-accordion-item__content\">\n<p><a href=\"https:\/\/prismas.unq.edu.ar\/OJS\/index.php\/Prismas\/article\/view\/1394\" target=\"_blank\" rel=\"noreferrer noopener\">Presentaci\u00f3n. Vidas y sobrevidas de Comunidades imaginadas<\/a><\/p>\n\n\n\n<p>Lila Caimari , Michael Goebel<\/p>\n\n\n\n<p><a href=\"https:\/\/prismas.unq.edu.ar\/OJS\/index.php\/Prismas\/article\/view\/1397\" target=\"_blank\" rel=\"noreferrer noopener\">Tres hip\u00f3tesis sobre Comunidades imaginadas<\/a><\/p>\n\n\n\n<p>Pablo A. Blitstein , Gabriel Entin<\/p>\n\n\n\n<p><a href=\"https:\/\/prismas.unq.edu.ar\/OJS\/index.php\/Prismas\/article\/view\/1398\" target=\"_blank\" rel=\"noreferrer noopener\">Reivindicaci\u00f3n del par\u00e9ntesis<\/a><\/p>\n\n\n\n<p>V\u00edctor Goldgel Carballo<\/p>\n\n\n\n<p><a href=\"https:\/\/prismas.unq.edu.ar\/OJS\/index.php\/Prismas\/article\/view\/1399\" target=\"_blank\" rel=\"noreferrer noopener\">La sobrevida de una corriente emocional: un seguimiento del largo alcance de Comunidades imaginadas<\/a><\/p>\n\n\n\n<p>William Acree<\/p>\n\n\n\n<p><a href=\"https:\/\/prismas.unq.edu.ar\/OJS\/index.php\/Prismas\/article\/view\/1400\" target=\"_blank\" rel=\"noreferrer noopener\">Nacionalismo criollo desacreditado. La problem\u00e1tica recepci\u00f3n de Benedict Anderson entre especialistas de las independencias<\/a><\/p>\n\n\n\n<p>Fidel J. Tav\u00e1rez<\/p>\n\n\n\n<p><a href=\"https:\/\/prismas.unq.edu.ar\/OJS\/index.php\/Prismas\/article\/view\/1401\" target=\"_blank\" rel=\"noreferrer noopener\">Comunidades imaginadas y la crisis del tercermundismo<\/a><\/p>\n\n\n\n<p>Mart\u00edn Bergel<\/p>\n\n\n\n<p><a href=\"https:\/\/prismas.unq.edu.ar\/OJS\/index.php\/Prismas\/article\/view\/1402\" target=\"_blank\" rel=\"noreferrer noopener\">Los mecanismos de la imaginaci\u00f3n. Medios de comunicaci\u00f3n y comunidades pol\u00edticas despu\u00e9s de Anderson<\/a><\/p>\n\n\n\n<p>Arthur Asseraf<\/p>\n\n\n\n<p><a href=\"https:\/\/prismas.unq.edu.ar\/OJS\/index.php\/Prismas\/article\/view\/1403\" target=\"_blank\" rel=\"noreferrer noopener\">Comunidades fracturadas. Una relectura de Benedict Anderson a trav\u00e9s del prisma de las redes sociales<\/a><\/p>\n\n\n\n<p>Aviel Roshwald<\/p>\n<\/div><\/details>\n\n\n\n<details class=\"wp-block-themeisle-blocks-accordion-item animated backInDown slower\"><summary class=\"wp-block-themeisle-blocks-accordion-item__title\"><div>LECTURAS<\/div><\/summary><div class=\"wp-block-themeisle-blocks-accordion-item__content\">\n<p><a href=\"https:\/\/prismas.unq.edu.ar\/OJS\/index.php\/Prismas\/article\/view\/1404\" target=\"_blank\" rel=\"noreferrer noopener\">Cartas en juego. La revoluci\u00f3n cubana en el epistolario de \u00c1ngel Rama<\/a><\/p>\n\n\n\n<p>Gonzalo Aguilar<\/p>\n\n\n\n<p><a href=\"https:\/\/prismas.unq.edu.ar\/OJS\/index.php\/Prismas\/article\/view\/1405\" target=\"_blank\" rel=\"noreferrer noopener\">\u00c1ngel Rama: cartas de un editor letrado<\/a><\/p>\n\n\n\n<p>In\u00e9s De Torres<\/p>\n<\/div><\/details>\n\n\n\n<details class=\"wp-block-themeisle-blocks-accordion-item animated backInDown slower delay-100ms\"><summary class=\"wp-block-themeisle-blocks-accordion-item__title\"><div>RESE\u00d1AS<\/div><\/summary><div class=\"wp-block-themeisle-blocks-accordion-item__content\">\n<p><a href=\"https:\/\/prismas.unq.edu.ar\/OJS\/index.php\/Prismas\/article\/view\/1406\">Emilio Bernini, El m\u00e9todo Rousseau. Un dinamismo de los conceptos<\/a><\/p>\n\n\n\n<p>Rom\u00e1n Setton<\/p>\n\n\n\n<p><a href=\"https:\/\/prismas.unq.edu.ar\/OJS\/index.php\/Prismas\/article\/view\/1408\">Edward Gibbon, Ensayo sobre el estudio de la literatura y Memorias de mi vida<\/a><\/p>\n\n\n\n<p>Luis Rup\u00e9rez<\/p>\n\n\n\n<p><a href=\"https:\/\/prismas.unq.edu.ar\/OJS\/index.php\/Prismas\/article\/view\/1408\">Edward Gibbon, Ensayo sobre el estudio de la literatura y Memorias de mi vida<\/a><\/p>\n\n\n\n<p>Luis Rup\u00e9rez<\/p>\n\n\n\n<p><a href=\"https:\/\/prismas.unq.edu.ar\/OJS\/index.php\/Prismas\/article\/view\/1410\">Sabina Loriga y Jacques Revel, Une histoire inqui\u00e8te. Les historiens et le tournant linguistique<\/a><\/p>\n\n\n\n<p>Omar Acha<\/p>\n\n\n\n<p><a href=\"https:\/\/prismas.unq.edu.ar\/OJS\/index.php\/Prismas\/article\/view\/1411\">Enzo Traverso, Revoluci\u00f3n: Una historia intelectual<\/a><\/p>\n\n\n\n<p>Santiago M. Roggerone<\/p>\n\n\n\n<p><a href=\"https:\/\/prismas.unq.edu.ar\/OJS\/index.php\/Prismas\/article\/view\/1413\">Quinn Slobodian, Globalistas. El fin de los imperios y el nacimiento del neoliberalismo<\/a><\/p>\n\n\n\n<p>Pablo Blitstein<\/p>\n\n\n\n<p><a href=\"https:\/\/prismas.unq.edu.ar\/OJS\/index.php\/Prismas\/article\/view\/1414\">Am\u00edn P\u00e9rez, Combattre en sociologues. Pierre Bourdieu et Abdelmalek Sayad dans une guerre de lib\u00e9ration (Alg\u00e9rie, 1958-1964)<\/a><\/p>\n\n\n\n<p>Ezequiel Grisendi<\/p>\n\n\n\n<p><a href=\"https:\/\/prismas.unq.edu.ar\/OJS\/index.php\/Prismas\/article\/view\/1415\">Ana Claudia Veiga de Castro, Um Americano na Metr\u00f3pole Latino-americana: Richard Morse e a Forma\u00e7\u00e3o de S\u00e3o Paulo<\/a><\/p>\n\n\n\n<p>Anahi Ballent<\/p>\n\n\n\n<p><a href=\"https:\/\/prismas.unq.edu.ar\/OJS\/index.php\/Prismas\/article\/view\/1373\">Margarita Fajardo, The World That Latin America Created. The United Nations Economic Commission for Latin America in the Development Era<\/a><\/p>\n\n\n\n<p>Joaqu\u00edn Ladeuix<\/p>\n\n\n\n<p><a href=\"https:\/\/prismas.unq.edu.ar\/OJS\/index.php\/Prismas\/article\/view\/1416\">Paula Bruno, Alexandra Pita y Marina Alvarado, Embajadoras culturales. Mujeres latinoamericanas y vida diplom\u00e1tica, 1860-1960<\/a><\/p>\n\n\n\n<p>Mar\u00eda Vicens<\/p>\n\n\n\n<p><a href=\"https:\/\/prismas.unq.edu.ar\/OJS\/index.php\/Prismas\/article\/view\/1417\">Silvina Cormick (ed.), Mujeres intelectuales en Am\u00e9rica Latina<\/a><\/p>\n\n\n\n<p>Laura Cabezas<\/p>\n\n\n\n<p><a href=\"https:\/\/prismas.unq.edu.ar\/OJS\/index.php\/Prismas\/article\/view\/1418\">Benedetta Calandra, Il corpo del Caribe. Le politiche sulla riproduzione tra Puerto Rico e Stati Uniti (1898-1993)<\/a><\/p>\n\n\n\n<p>Fr\u00e9d\u00e9rique Langue<\/p>\n\n\n\n<p><a href=\"https:\/\/prismas.unq.edu.ar\/OJS\/index.php\/Prismas\/article\/view\/1419\">Mar\u00eda Juliana Gandini, \u00bfQui\u00e9nes construyeron el R\u00edo de la Plata? Exploradores y conquistadores europeos en el lugar donde se acababa el mundo<\/a><\/p>\n\n\n\n<p>Carolina Mart\u00ednez<\/p>\n\n\n\n<p><a href=\"https:\/\/prismas.unq.edu.ar\/OJS\/index.php\/Prismas\/article\/view\/1420\">Laura Malosetti Costa, Retratos p\u00fablicos. Pintura y fotograf\u00eda en la construcci\u00f3n de im\u00e1genes heroicas en Am\u00e9rica Latina desde el siglo XIX<\/a><\/p>\n\n\n\n<p>In\u00e9s Yujnovsky<\/p>\n\n\n\n<p><a href=\"https:\/\/prismas.unq.edu.ar\/OJS\/index.php\/Prismas\/article\/view\/1421\">Diego Escolar, Los indios montoneros. Un desierto rebelde para la naci\u00f3n argentina (Guanacache, siglos XVIII-XX)<\/a><\/p>\n\n\n\n<p>Lorena B. Rodr\u00edguez<\/p>\n\n\n\n<p><a href=\"https:\/\/prismas.unq.edu.ar\/OJS\/index.php\/Prismas\/article\/view\/1422\">Diego Armus (director), Sanadores, parteras, curanderos y m\u00e9dicas: las artes de curar en la Argentina moderna<\/a><\/p>\n\n\n\n<p>Mar\u00eda Emilia Mart\u00ednez<\/p>\n\n\n\n<p><a href=\"https:\/\/prismas.unq.edu.ar\/OJS\/index.php\/Prismas\/article\/view\/1423\">Isabella Cosse (Comp.), Familias e infancias en la historia contempor\u00e1nea. Jerarqu\u00edas de clase, g\u00e9nero y edad en Argentina<\/a><\/p>\n\n\n\n<p>Dora Barrancos<\/p>\n\n\n\n<p><a href=\"https:\/\/prismas.unq.edu.ar\/OJS\/index.php\/Prismas\/article\/view\/1295\">Leonardo Senkman, C\u00e9sar Tiempo. Los arrabales de un jud\u00edo errante<\/a><\/p>\n\n\n\n<p>Luis Roniger<\/p>\n\n\n\n<p><a href=\"https:\/\/prismas.unq.edu.ar\/OJS\/index.php\/Prismas\/article\/view\/1424\">Luis Escobar, Francisco Ayala. Exilio espa\u00f1ol en Argentina y renovaci\u00f3n de la sociolog\u00eda latinoamericana<\/a><\/p>\n\n\n\n<p>Paula Jimena Sosa<\/p>\n\n\n\n<p><a href=\"https:\/\/prismas.unq.edu.ar\/OJS\/index.php\/Prismas\/article\/view\/1425\">Mar\u00eda Teresa Gramuglio, La construcci\u00f3n de la imagen y otros estudios literarios<\/a><\/p>\n\n\n\n<p>Judith Podlubne<\/p>\n\n\n\n<p><a href=\"https:\/\/prismas.unq.edu.ar\/OJS\/index.php\/Prismas\/article\/view\/1426\">Laura Ehrlich, La reinvenci\u00f3n del peronismo (1955-1965)<\/a><\/p>\n\n\n\n<p>Christine Mathias<\/p>\n\n\n\n<p><a href=\"https:\/\/prismas.unq.edu.ar\/OJS\/index.php\/Prismas\/article\/view\/1427\">Marcelo Casals, Contrarrevoluci\u00f3n, colaboracionismo y protesta. La clase media chilena y la dictadura militar<\/a><\/p>\n\n\n\n<p>Eugenia Palieraki<\/p>\n\n\n\n<p><a href=\"https:\/\/prismas.unq.edu.ar\/OJS\/index.php\/Prismas\/article\/view\/1428\">Ana S\u00e1nchez Trolliet, Te devora la ciudad. Itinerarios urbanos y figuraciones espaciales en el rock de Buenos Aires<\/a><\/p>\n\n\n\n<p>Fedra L\u00f3pez Perea<\/p>\n<\/div><\/details>\n\n\n\n<details class=\"wp-block-themeisle-blocks-accordion-item animated backInDown slower delay-100ms\"><summary class=\"wp-block-themeisle-blocks-accordion-item__title\"><div>FICHAS<\/div><\/summary><div class=\"wp-block-themeisle-blocks-accordion-item__content\">\n<p><strong><a href=\"https:\/\/prismas.unq.edu.ar\/OJS\/index.php\/Prismas\/article\/view\/1431\/1961\" data-type=\"link\" data-id=\"https:\/\/prismas.unq.edu.ar\/OJS\/index.php\/Prismas\/article\/view\/1431\/1961\" target=\"_blank\" rel=\"noreferrer noopener\">Libros fichados:<\/a><\/strong> Ingrid Simson y Guillermo Zerme\u00f1o Padilla (eds.), <em>La historiograf\u00eda en tiempos globales<\/em> \/ Robert&nbsp;Darnton, <em>Un magno tour literario por Francia. El mundo de los libros en v\u00edsperas de la Revoluci\u00f3n francesa<\/em> \/ Pascal&nbsp;Ory, <em>Qu\u2019est-ce&nbsp;qu\u2019une&nbsp;nation?<br>Une&nbsp;histoire&nbsp;mondiale<\/em> \/Pierre Bourdieu, <em>Microcosmes.&nbsp;Th\u00e9orie des&nbsp;champs<\/em> \/ Richard Bourke y Quentin Skinner, <em>History in the Humanities and Social Sciences<\/em> \/ Gis\u00e8le&nbsp;Sapiro, <em>\u00bfSe puede separar la obra del autor? Censura, cancelaci\u00f3n y derecho al error<\/em> \/ A. James&nbsp;McAdams&nbsp;y Anthony P. Monta (eds.), <em>Global 1968.&nbsp;Cultural revolutions in Europe and Latin America<\/em> \/ Francisco&nbsp;Foot&nbsp;Hardman, <em>A&nbsp;ideologia&nbsp;paulista e os eternos modernistas<\/em> \/ Beatriz&nbsp;Colombi&nbsp;(coord.), <em>Diccionario de t\u00e9rminos cr\u00edticos de la literatura y la cultura en Am\u00e9rica Latina<\/em> \/ Mariana&nbsp;Moraes&nbsp;Medina, <em>Turistas intelectuales: viaje, pol\u00edtica y utop\u00eda en Mar\u00eda Rosa Oliver y Ezequiel Mart\u00ednez Estrada<\/em> \/ Valeria&nbsp;Snitcofsky, <em>Historia de las villas en la ciudad de Buenos Aires. De los or\u00edgenes hasta nuestros d\u00edas<\/em> \/ Andrea&nbsp;Matallana, <em>Nelson Rockefeller y la diplomacia del arte en Am\u00e9rica Latina<\/em> \/ Mar\u00eda Cristina&nbsp;Tortti&nbsp;y Mora Gonz\u00e1lez Canosa (dirs.); Juan Alberto&nbsp;Bozza&nbsp;(coord.), <em>La nueva izquierda en la historia reciente. Debates conceptuales y an\u00e1lisis de experiencias<\/em> \/ Bernd&nbsp;Rother, <em>Global Social Democracy. Willy Brandt and the Socialist International in Latin America<\/em>  \/<\/p>\n\n\n\n<p>Autores: Gloria Maritza, G\u00f3mez Revuelta, Mariana&nbsp;Rosetti, Andr\u00e9s G.&nbsp;Freijomil, Martina&nbsp;Garategaray, Ezequiel&nbsp;Grisendi, Miranda Lida, Mart\u00edn&nbsp;Bergel, Juan&nbsp;Abadi, Silvina&nbsp;Cormick, Gabriela Gomes, Fernando Quesada, Jos\u00e9&nbsp;Mar\u00eda&nbsp;Casco.<\/p>\n<\/div><\/details>\n\n\n\n<details class=\"wp-block-themeisle-blocks-accordion-item animated backInDown delay-100ms slower\"><summary class=\"wp-block-themeisle-blocks-accordion-item__title\"><div>OTRAS VOCES, OTROS \u00c1MBITOS<\/div><\/summary><div class=\"wp-block-themeisle-blocks-accordion-item__content\">\n<p><a href=\"https:\/\/prismas.unq.edu.ar\/OJS\/index.php\/Prismas\/article\/view\/1429\">M. M. Kalburgi, Marga: samsodhana prabandhagala samkalana [Marga: Una colecci\u00f3n de art\u00edculos de investigaci\u00f3n]<\/a><\/p>\n\n\n\n<p>Naveen Kanalu<\/p>\n\n\n\n<p><a href=\"https:\/\/prismas.unq.edu.ar\/OJS\/index.php\/Prismas\/article\/view\/1430\">Amnon Raz-Krakotzkin, Toda\u2019at Mishnah, Toda\u2019at Mikra. Tsefat ve-ha-tarbut ha-tzionit [Conciencia de Mishn\u00e1, conciencia b\u00edblica. Safed y la cultura sionista]<\/a><\/p>\n\n\n\n<p>Ron Naiweld<\/p>\n<\/div><\/details>\n\n\n\n<details class=\"wp-block-themeisle-blocks-accordion-item animated backInDown delay-100ms slower\"><summary class=\"wp-block-themeisle-blocks-accordion-item__title\"><div>OBITUARIOS<\/div><\/summary><div class=\"wp-block-themeisle-blocks-accordion-item__content\">\n<p><a href=\"https:\/\/prismas.unq.edu.ar\/OJS\/index.php\/Prismas\/article\/view\/1432\">Jos\u00e9 Murilo de Carvalho (1939-2023)<\/a><\/p>\n\n\n\n<p>Marcos Luiz Bretas <\/p>\n\n\n\n<p><a href=\"https:\/\/prismas.unq.edu.ar\/OJS\/index.php\/Prismas\/article\/view\/1433\">Daniel Roche (1935-2023)<\/a><\/p>\n\n\n\n<p>Andr\u00e9s G. Freijomil<\/p>\n<\/div><\/details>\n<\/div>\n<\/div>\n<\/div><\/div>\n","protected":false},"excerpt":{"rendered":"","protected":false},"author":7,"featured_media":5681,"comment_status":"closed","ping_status":"closed","sticky":false,"template":"","format":"standard","meta":{"_themeisle_gutenberg_block_has_review":false,"footnotes":""},"categories":[5,1],"tags":[6,8],"class_list":["post-5680","post","type-post","status-publish","format-standard","has-post-thumbnail","hentry","category-indice-general","category-sin-categoria","tag-historia-intelectual","tag-prismas"],"_links":{"self":[{"href":"https:\/\/historiaintelectual.com.ar\/indiceprismas\/wp-json\/wp\/v2\/posts\/5680","targetHints":{"allow":["GET"]}}],"collection":[{"href":"https:\/\/historiaintelectual.com.ar\/indiceprismas\/wp-json\/wp\/v2\/posts"}],"about":[{"href":"https:\/\/historiaintelectual.com.ar\/indiceprismas\/wp-json\/wp\/v2\/types\/post"}],"author":[{"embeddable":true,"href":"https:\/\/historiaintelectual.com.ar\/indiceprismas\/wp-json\/wp\/v2\/users\/7"}],"replies":[{"embeddable":true,"href":"https:\/\/historiaintelectual.com.ar\/indiceprismas\/wp-json\/wp\/v2\/comments?post=5680"}],"version-history":[{"count":14,"href":"https:\/\/historiaintelectual.com.ar\/indiceprismas\/wp-json\/wp\/v2\/posts\/5680\/revisions"}],"predecessor-version":[{"id":5788,"href":"https:\/\/historiaintelectual.com.ar\/indiceprismas\/wp-json\/wp\/v2\/posts\/5680\/revisions\/5788"}],"wp:featuredmedia":[{"embeddable":true,"href":"https:\/\/historiaintelectual.com.ar\/indiceprismas\/wp-json\/wp\/v2\/media\/5681"}],"wp:attachment":[{"href":"https:\/\/historiaintelectual.com.ar\/indiceprismas\/wp-json\/wp\/v2\/media?parent=5680"}],"wp:term":[{"taxonomy":"category","embeddable":true,"href":"https:\/\/historiaintelectual.com.ar\/indiceprismas\/wp-json\/wp\/v2\/categories?post=5680"},{"taxonomy":"post_tag","embeddable":true,"href":"https:\/\/historiaintelectual.com.ar\/indiceprismas\/wp-json\/wp\/v2\/tags?post=5680"}],"curies":[{"name":"wp","href":"https:\/\/api.w.org\/{rel}","templated":true}]}}