{"id":5274,"date":"2026-01-05T17:30:04","date_gmt":"2026-01-05T17:30:04","guid":{"rendered":"https:\/\/historiaintelectual.com.ar\/indiceprismas\/?p=5274"},"modified":"2026-02-03T16:00:26","modified_gmt":"2026-02-03T16:00:26","slug":"5274-2","status":"publish","type":"post","link":"https:\/\/historiaintelectual.com.ar\/indiceprismas\/5274-2\/","title":{"rendered":"VOL. 26 (2022)"},"content":{"rendered":"\n<div id=\"wp-block-themeisle-blocks-advanced-columns-6a350af5\" class=\"wp-block-themeisle-blocks-advanced-columns has-2-columns has-desktop-oneTwo-layout has-tablet-equal-layout has-mobile-collapsedRows-layout has-vertical-unset\"><div class=\"wp-block-themeisle-blocks-advanced-columns-overlay\"><\/div><div class=\"innerblocks-wrap\">\n<div id=\"wp-block-themeisle-blocks-advanced-column-726330eb\" class=\"wp-block-themeisle-blocks-advanced-column\">\n<figure class=\"wp-block-image size-full is-resized o-sticky o-sticky-pos-top o-sticky-bhvr-keep o-sticky-scope-parent\"><img loading=\"lazy\" decoding=\"async\" width=\"1759\" height=\"2560\" src=\"https:\/\/historiaintelectual.com.ar\/indiceprismas\/wp-content\/uploads\/2026\/01\/Prismas-26-tapa-scaled-1.jpg\" alt=\"\" class=\"wp-image-5647\" style=\"aspect-ratio:0.6767241379310345;width:305px;height:auto\" srcset=\"https:\/\/historiaintelectual.com.ar\/indiceprismas\/wp-content\/uploads\/2026\/01\/Prismas-26-tapa-scaled-1.jpg 1759w, https:\/\/historiaintelectual.com.ar\/indiceprismas\/wp-content\/uploads\/2026\/01\/Prismas-26-tapa-scaled-1-206x300.jpg 206w, https:\/\/historiaintelectual.com.ar\/indiceprismas\/wp-content\/uploads\/2026\/01\/Prismas-26-tapa-scaled-1-704x1024.jpg 704w, https:\/\/historiaintelectual.com.ar\/indiceprismas\/wp-content\/uploads\/2026\/01\/Prismas-26-tapa-scaled-1-103x150.jpg 103w, https:\/\/historiaintelectual.com.ar\/indiceprismas\/wp-content\/uploads\/2026\/01\/Prismas-26-tapa-scaled-1-768x1118.jpg 768w, https:\/\/historiaintelectual.com.ar\/indiceprismas\/wp-content\/uploads\/2026\/01\/Prismas-26-tapa-scaled-1-1055x1536.jpg 1055w, https:\/\/historiaintelectual.com.ar\/indiceprismas\/wp-content\/uploads\/2026\/01\/Prismas-26-tapa-scaled-1-1407x2048.jpg 1407w, https:\/\/historiaintelectual.com.ar\/indiceprismas\/wp-content\/uploads\/2026\/01\/Prismas-26-tapa-scaled-1-360x524.jpg 360w, https:\/\/historiaintelectual.com.ar\/indiceprismas\/wp-content\/uploads\/2026\/01\/Prismas-26-tapa-scaled-1-750x1092.jpg 750w\" sizes=\"auto, (max-width: 1759px) 100vw, 1759px\" \/><\/figure>\n<\/div>\n\n\n\n<div id=\"wp-block-themeisle-blocks-advanced-column-af3f0557\" class=\"wp-block-themeisle-blocks-advanced-column\">\n<div id=\"wp-block-themeisle-blocks-accordion-99585927\" class=\"wp-block-themeisle-blocks-accordion exclusive\">\n<details class=\"wp-block-themeisle-blocks-accordion-item animated backInDown\"><summary class=\"wp-block-themeisle-blocks-accordion-item__title\"><div>ART\u00cdCULOS<\/div><\/summary><div class=\"wp-block-themeisle-blocks-accordion-item__content\">\n<p><a href=\"https:\/\/prismas.unq.edu.ar\/OJS\/index.php\/Prismas\/article\/view\/1279\" data-type=\"link\" data-id=\"https:\/\/prismas.unq.edu.ar\/OJS\/index.php\/Prismas\/article\/view\/1279\/1744\" target=\"_blank\" rel=\"noreferrer noopener\">La concepci\u00f3n de la naci\u00f3n espa\u00f1ola en la Ilustraci\u00f3n. Comunidad, tiempo, (impol\u00edtica)<\/a><\/p>\n\n\n\n<p>Pablo S\u00e1nchez Le\u00f3n <\/p>\n\n\n\n<p><a href=\"https:\/\/prismas.unq.edu.ar\/OJS\/index.php\/Prismas\/article\/view\/1248\/1747\" data-type=\"link\" data-id=\"https:\/\/prismas.unq.edu.ar\/OJS\/index.php\/Prismas\/article\/view\/1248\/1747\" target=\"_blank\" rel=\"noreferrer noopener\">La Gran Guerra y la unidad latinoamerican<\/a><a href=\"https:\/\/prismas.unq.edu.ar\/OJS\/index.php\/Prismas\/article\/view\/1248\" data-type=\"link\" data-id=\"https:\/\/prismas.unq.edu.ar\/OJS\/index.php\/Prismas\/article\/view\/1248\/1747\" target=\"_blank\" rel=\"noreferrer noopener\">a<\/a><a href=\"https:\/\/prismas.unq.edu.ar\/OJS\/index.php\/Prismas\/article\/view\/1248\/1747\" data-type=\"link\" data-id=\"https:\/\/prismas.unq.edu.ar\/OJS\/index.php\/Prismas\/article\/view\/1248\/1747\" target=\"_blank\" rel=\"noreferrer noopener\"> en tiempos de la Revoluci\u00f3n (M\u00e9xico 1914-1916)<\/a><\/p>\n\n\n\n<p>David Antonio Pulido Garc\u00eda<\/p>\n\n\n\n<p><a href=\"https:\/\/prismas.unq.edu.ar\/OJS\/index.php\/Prismas\/article\/view\/1197\" data-type=\"link\" data-id=\"https:\/\/prismas.unq.edu.ar\/OJS\/index.php\/Prismas\/article\/view\/1197\/1748\" target=\"_blank\" rel=\"noreferrer noopener\">Una arqueolog\u00eda hiperb\u00f3lica para el americanismo. Reflexiones a partir del v\u00ednculo entre Arthur Posnansky &nbsp;y Ernesto Quesada<\/a><\/p>\n\n\n\n<p>Alejandra Mailhe<\/p>\n\n\n\n<p><a href=\"https:\/\/prismas.unq.edu.ar\/OJS\/index.php\/Prismas\/article\/view\/1256\" data-type=\"link\" data-id=\"https:\/\/prismas.unq.edu.ar\/OJS\/index.php\/Prismas\/article\/view\/1256\/1749\" target=\"_blank\" rel=\"noreferrer noopener\">En la capital del pa\u00eds de las vacas. Desplazamientos materiales y simb\u00f3licos de la vida animal en la Buenos Aires de entresiglos <\/a><a href=\"https:\/\/prismas.unq.edu.ar\/OJS\/index.php\/Prismas\/article\/view\/1256\">(1871-1910)<\/a><\/p>\n\n\n\n<p>Leandro Simari<\/p>\n\n\n\n<p><a href=\"https:\/\/prismas.unq.edu.ar\/OJS\/index.php\/Prismas\/article\/view\/1120\" data-type=\"link\" data-id=\"https:\/\/prismas.unq.edu.ar\/OJS\/index.php\/Prismas\/article\/view\/1120\/1750\" target=\"_blank\" rel=\"noreferrer noopener\">La profesionalizaci\u00f3n de los estudios filos\u00f3ficos en Tucum\u00e1n durante el primer peronismo. Un an\u00e1lisis de la revista Notas y estudios de filosof\u00eda<\/a><\/p>\n\n\n\n<p>Paula Jimena Sosa<\/p>\n\n\n\n<p><a href=\"https:\/\/prismas.unq.edu.ar\/OJS\/index.php\/Prismas\/article\/view\/1276\" data-type=\"link\" data-id=\"https:\/\/prismas.unq.edu.ar\/OJS\/index.php\/Prismas\/article\/view\/1276\/1752\" target=\"_blank\" rel=\"noreferrer noopener\">Un an\u00e1lisis econ\u00f3mico del peronismo. Los dirigentes e intelectuales del Partido Socialista frente a las pol\u00edticas econ\u00f3micas en la Argentina de posguerra<\/a><\/p>\n\n\n\n<p>Claudio Belini<\/p>\n<\/div><\/details>\n\n\n\n<details class=\"wp-block-themeisle-blocks-accordion-item animated backInDown slow\"><summary class=\"wp-block-themeisle-blocks-accordion-item__title\"><div>ARGUMENTOS<\/div><\/summary><div class=\"wp-block-themeisle-blocks-accordion-item__content\">\n<p><a href=\"https:\/\/prismas.unq.edu.ar\/OJS\/index.php\/Prismas\/article\/view\/1645\/2391\" data-type=\"link\" data-id=\"https:\/\/prismas.unq.edu.ar\/OJS\/index.php\/Prismas\/article\/view\/1645\/2391\" target=\"_blank\" rel=\"noreferrer noopener\">La vida intelectual de las clases trabajadoras brit\u00e1nicas<\/a><\/p>\n\n\n\n<p>Jonathan Rose<\/p>\n<\/div><\/details>\n\n\n\n<details class=\"wp-block-themeisle-blocks-accordion-item animated backInDown slow\"><summary class=\"wp-block-themeisle-blocks-accordion-item__title\"><div>DOSSIER: Roger Chartier y las migraciones hist\u00f3ricas de la cultura escrita<\/div><\/summary><div class=\"wp-block-themeisle-blocks-accordion-item__content\">\n<p><a href=\"https:\/\/prismas.unq.edu.ar\/OJS\/index.php\/Prismas\/article\/view\/1303\" data-type=\"link\" data-id=\"https:\/\/prismas.unq.edu.ar\/OJS\/index.php\/Prismas\/article\/view\/1303\/1785\" target=\"_blank\" rel=\"noreferrer noopener\">Introducci\u00f3n. Por una historia social e intelectual de los historiadores<\/a><\/p>\n\n\n\n<p>Andr\u00e9s Freijomil<\/p>\n\n\n\n<p><a href=\"https:\/\/prismas.unq.edu.ar\/OJS\/index.php\/Prismas\/article\/view\/1304\" data-type=\"link\" data-id=\"https:\/\/prismas.unq.edu.ar\/OJS\/index.php\/Prismas\/article\/view\/1304\/1786\" target=\"_blank\" rel=\"noreferrer noopener\">Roger Chartier y la historia de la cultura popular<\/a><\/p>\n\n\n\n<p>Peter Burke<\/p>\n\n\n\n<p><a href=\"https:\/\/prismas.unq.edu.ar\/OJS\/index.php\/Prismas\/article\/view\/1305\" data-type=\"link\" data-id=\"https:\/\/prismas.unq.edu.ar\/OJS\/index.php\/Prismas\/article\/view\/1305\" target=\"_blank\" rel=\"noreferrer noopener\">Chartier y el relato. Esbozo de un itinerario. Esbozo de un itinerario<\/a><\/p>\n\n\n\n<p>Philippe Carrard<\/p>\n\n\n\n<p><a href=\"https:\/\/prismas.unq.edu.ar\/OJS\/index.php\/Prismas\/article\/view\/1306\" data-type=\"link\" data-id=\"https:\/\/prismas.unq.edu.ar\/OJS\/index.php\/Prismas\/article\/view\/1306\/1788\" target=\"_blank\" rel=\"noreferrer noopener\">Viajes de la representaci\u00f3n<\/a><\/p>\n\n\n\n<p>Lila Caimari<\/p>\n\n\n\n<p><a href=\"https:\/\/prismas.unq.edu.ar\/OJS\/index.php\/Prismas\/article\/view\/1307\" data-type=\"link\" data-id=\"https:\/\/prismas.unq.edu.ar\/OJS\/index.php\/Prismas\/article\/view\/1307\" target=\"_blank\" rel=\"noreferrer noopener\">Caminos de palabras<\/a><\/p>\n\n\n\n<p>Dinah Ribard<\/p>\n\n\n\n<p><a href=\"https:\/\/prismas.unq.edu.ar\/OJS\/index.php\/Prismas\/article\/view\/1308\" target=\"_blank\" rel=\"noreferrer noopener\">Llevar el mundo de los libros al grand public. Roger Chartier y el arte de la rese\u00f1a<\/a><\/p>\n\n\n\n<p>Geoffrey Turnovsky<\/p>\n\n\n\n<p><a href=\"https:\/\/prismas.unq.edu.ar\/OJS\/index.php\/Prismas\/article\/view\/1309\" data-type=\"link\" data-id=\"https:\/\/prismas.unq.edu.ar\/OJS\/index.php\/Prismas\/article\/view\/1309\/1791\" target=\"_blank\" rel=\"noreferrer noopener\">Del orden de los libros a los reg\u00edmenes documentales. Una propuesta de trabajo<\/a><\/p>\n\n\n\n<p>Bertrand M\u00fcller<\/p>\n\n\n\n<p><a href=\"https:\/\/prismas.unq.edu.ar\/OJS\/index.php\/Prismas\/article\/view\/1311\" data-type=\"link\" data-id=\"https:\/\/prismas.unq.edu.ar\/OJS\/index.php\/Prismas\/article\/view\/1311\/1792\" target=\"_blank\" rel=\"noreferrer noopener\">Materialidad e identidad textual en la obra de Roger Chartier<\/a><\/p>\n\n\n\n<p>Perla Chinchilla Pawling<\/p>\n\n\n\n<p><a href=\"https:\/\/prismas.unq.edu.ar\/OJS\/index.php\/Prismas\/article\/view\/1312\" data-type=\"link\" data-id=\"https:\/\/prismas.unq.edu.ar\/OJS\/index.php\/Prismas\/article\/view\/1312\/1793\" target=\"_blank\" rel=\"noreferrer noopener\">Cardenio \u00e0 la Chartier. Permanencia de la obra, pluralidad de sus textos<\/a><\/p>\n\n\n\n<p>Anaclet Pons<\/p>\n\n\n\n<p><a href=\"https:\/\/prismas.unq.edu.ar\/OJS\/index.php\/Prismas\/article\/view\/1313\" data-type=\"link\" data-id=\"https:\/\/prismas.unq.edu.ar\/OJS\/index.php\/Prismas\/article\/view\/1313\/1794\" target=\"_blank\" rel=\"noreferrer noopener\">De la figura de autor a la movilidad de textos. La contribuci\u00f3n de Roger Chartier a la sociolog\u00eda y a la historia de la literatura<\/a><\/p>\n\n\n\n<p>Gis\u00e8le Sapiro<\/p>\n\n\n\n<p><a href=\"https:\/\/prismas.unq.edu.ar\/OJS\/index.php\/Prismas\/article\/view\/1314\" data-type=\"link\" data-id=\"https:\/\/prismas.unq.edu.ar\/OJS\/index.php\/Prismas\/article\/view\/1314\/1795\" target=\"_blank\" rel=\"noreferrer noopener\">Al pie del acantilado<\/a><\/p>\n\n\n\n<p>Christian Jouhaud<\/p>\n\n\n\n<p><a href=\"https:\/\/prismas.unq.edu.ar\/OJS\/index.php\/Prismas\/article\/view\/1315\" data-type=\"link\" data-id=\"https:\/\/prismas.unq.edu.ar\/OJS\/index.php\/Prismas\/article\/view\/1315\/1796\" target=\"_blank\" rel=\"noreferrer noopener\">El joven Chartier, investigador y mediador<\/a><\/p>\n\n\n\n<p>St\u00e9phane Van Damme<\/p>\n\n\n\n<p><a href=\"https:\/\/prismas.unq.edu.ar\/OJS\/index.php\/Prismas\/article\/view\/1316\" data-type=\"link\" data-id=\"https:\/\/prismas.unq.edu.ar\/OJS\/index.php\/Prismas\/article\/view\/1316\/1797\" target=\"_blank\" rel=\"noreferrer noopener\">Las metamorfosis de las Cartas de un granjero americano de Cr\u00e8vec\u0153ur<\/a><\/p>\n\n\n\n<p>Robert Darnton<\/p>\n\n\n\n<p><a href=\"https:\/\/prismas.unq.edu.ar\/OJS\/index.php\/Prismas\/article\/view\/1317\" data-type=\"link\" data-id=\"https:\/\/prismas.unq.edu.ar\/OJS\/index.php\/Prismas\/article\/view\/1317\/1798\" target=\"_blank\" rel=\"noreferrer noopener\">Bibliograf\u00eda de la obra de Roger Chartier<\/a><\/p>\n\n\n\n<p>Equipo editorial Prismas<\/p>\n<\/div><\/details>\n\n\n\n<details class=\"wp-block-themeisle-blocks-accordion-item animated backInDown slower\"><summary class=\"wp-block-themeisle-blocks-accordion-item__title\"><div>LECTURAS<\/div><\/summary><div class=\"wp-block-themeisle-blocks-accordion-item__content\">\n<p><a href=\"https:\/\/prismas.unq.edu.ar\/OJS\/index.php\/Prismas\/article\/view\/1318\" data-type=\"link\" data-id=\"https:\/\/prismas.unq.edu.ar\/OJS\/index.php\/Prismas\/article\/view\/1318\/1799\" target=\"_blank\" rel=\"noreferrer noopener\">La historizaci\u00f3n del historicismo<\/a><\/p>\n\n\n\n<p>El\u00edas J. Palti<\/p>\n<\/div><\/details>\n\n\n\n<details class=\"wp-block-themeisle-blocks-accordion-item animated backInDown slower delay-100ms\"><summary class=\"wp-block-themeisle-blocks-accordion-item__title\"><div>RESE\u00d1AS<\/div><\/summary><div class=\"wp-block-themeisle-blocks-accordion-item__content\">\n<p><a href=\"https:\/\/prismas.unq.edu.ar\/OJS\/index.php\/Prismas\/article\/view\/1319\" data-type=\"link\" data-id=\"https:\/\/prismas.unq.edu.ar\/OJS\/index.php\/Prismas\/article\/view\/1319\/1753\" target=\"_blank\" rel=\"noreferrer noopener\">Andr\u00e9s Freijomil, Arts de braconner. Une histoire mat\u00e9rielle de la lecture chez Michel de Certeau<\/a><\/p>\n\n\n\n<p>Lila Caimari <\/p>\n\n\n\n<p><a href=\"https:\/\/prismas.unq.edu.ar\/OJS\/index.php\/Prismas\/article\/view\/1320\" data-type=\"link\" data-id=\"https:\/\/prismas.unq.edu.ar\/OJS\/index.php\/Prismas\/article\/view\/1320\/1754\" target=\"_blank\" rel=\"noreferrer noopener\">Reinhart Koselleck, El concepto de Estado y otros ensayos<\/a><\/p>\n\n\n\n<p>H\u00e9ctor Andr\u00e9s Echevarr\u00eda C\u00e1zares <\/p>\n\n\n\n<p><a href=\"https:\/\/prismas.unq.edu.ar\/OJS\/index.php\/Prismas\/article\/view\/1321\" data-type=\"link\" data-id=\"https:\/\/prismas.unq.edu.ar\/OJS\/index.php\/Prismas\/article\/view\/1321\/1755\" target=\"_blank\" rel=\"noreferrer noopener\">Carlo Ginzburg, A\u00fan aprendo. Cuatro experimentos de filolog\u00eda retrospectiva<\/a><\/p>\n\n\n\n<p>Jos\u00e9 Emilio Buruc\u00faa <\/p>\n\n\n\n<p><a href=\"https:\/\/prismas.unq.edu.ar\/OJS\/index.php\/Prismas\/article\/view\/1322\" data-type=\"link\" data-id=\"https:\/\/prismas.unq.edu.ar\/OJS\/index.php\/Prismas\/article\/view\/1322\/1757\" target=\"_blank\" rel=\"noreferrer noopener\">Nicol\u00e1s Kwiatkowski, B\u00e1rbara y guerrera. La historia de Tomiris, reina de los Masagetas<\/a><\/p>\n\n\n\n<p>Rafael Gaune Corradi <\/p>\n\n\n\n<p><a href=\"https:\/\/prismas.unq.edu.ar\/OJS\/index.php\/Prismas\/article\/view\/1323\" data-type=\"link\" data-id=\"https:\/\/prismas.unq.edu.ar\/OJS\/index.php\/Prismas\/article\/view\/1323\/1758\" target=\"_blank\" rel=\"noreferrer noopener\">Lewis Pyenson, The Shock of Recognition. Motifs of Modern Art and Science<\/a><\/p>\n\n\n\n<p>Jos\u00e9 Emilio Buruc\u00faa<\/p>\n\n\n\n<p><a href=\"https:\/\/prismas.unq.edu.ar\/OJS\/index.php\/Prismas\/article\/view\/1324\" data-type=\"link\" data-id=\"https:\/\/prismas.unq.edu.ar\/OJS\/index.php\/Prismas\/article\/view\/1324\/1759\" target=\"_blank\" rel=\"noreferrer noopener\">Quentin Deluermoz, Commune(s) 1870-1871. Une travers\u00e9e des mondes au XIX\u00e8me si\u00e8cle<\/a><\/p>\n\n\n\n<p>Jorge Myers<\/p>\n\n\n\n<p><a href=\"https:\/\/prismas.unq.edu.ar\/OJS\/index.php\/Prismas\/article\/view\/1325\" data-type=\"link\" data-id=\"https:\/\/prismas.unq.edu.ar\/OJS\/index.php\/Prismas\/article\/view\/1325\/1760\" target=\"_blank\" rel=\"noreferrer noopener\">Pierre Rosanvallon, El siglo del populismo. Historia, teor\u00eda y cr\u00edtica<\/a><\/p>\n\n\n\n<p>Ana Luc\u00eda Magrini<\/p>\n\n\n\n<p><a href=\"https:\/\/prismas.unq.edu.ar\/OJS\/index.php\/Prismas\/article\/view\/1326\" data-type=\"link\" data-id=\"https:\/\/prismas.unq.edu.ar\/OJS\/index.php\/Prismas\/article\/view\/1326\/1761\" target=\"_blank\" rel=\"noreferrer noopener\">Marcela Ternavasio, Los juegos de la pol\u00edtica. Las independencias hispanoamericanas frente a la contrarrevoluci\u00f3n<\/a><\/p>\n\n\n\n<p>Gabriel Entin<\/p>\n\n\n\n<p><a href=\"https:\/\/prismas.unq.edu.ar\/OJS\/index.php\/Prismas\/article\/view\/1327\" data-type=\"link\" data-id=\"https:\/\/prismas.unq.edu.ar\/OJS\/index.php\/Prismas\/article\/view\/1327\/1762\" target=\"_blank\" rel=\"noreferrer noopener\">Carlos Altamirano, La invenci\u00f3n de Nuestra Am\u00e9rica. Obsesiones, narrativas y debates sobre la identidad de Am\u00e9rica Latina<\/a><\/p>\n\n\n\n<p>Rafael Rojas<\/p>\n\n\n\n<p><a href=\"https:\/\/prismas.unq.edu.ar\/OJS\/index.php\/Prismas\/article\/view\/1328\" data-type=\"link\" data-id=\"https:\/\/prismas.unq.edu.ar\/OJS\/index.php\/Prismas\/article\/view\/1328\/1763\" target=\"_blank\" rel=\"noreferrer noopener\">Rafael Rojas, El \u00e1rbol de las revoluciones. Ideas y poder en Am\u00e9rica Latina<\/a><\/p>\n\n\n\n<p>Mart\u00edn Ribadero<\/p>\n\n\n\n<p><a href=\"https:\/\/prismas.unq.edu.ar\/OJS\/index.php\/Prismas\/article\/view\/1329\" data-type=\"link\" data-id=\"https:\/\/prismas.unq.edu.ar\/OJS\/index.php\/Prismas\/article\/view\/1329\/1764\" target=\"_blank\" rel=\"noreferrer noopener\">Pablo Palomino, La invenci\u00f3n de la m\u00fasica latinoamericana<\/a><\/p>\n\n\n\n<p>Mart\u00edn Liut<\/p>\n\n\n\n<p><a href=\"https:\/\/prismas.unq.edu.ar\/OJS\/index.php\/Prismas\/article\/view\/1330\" target=\"_blank\" rel=\"noreferrer noopener\">Graciela Silvestri, Las tierras desubicadas. Paisajes y culturas en la Sudam\u00e9rica fluvial<\/a><\/p>\n\n\n\n<p>Rodrigo Booth<\/p>\n\n\n\n<p><a href=\"https:\/\/prismas.unq.edu.ar\/OJS\/index.php\/Prismas\/article\/view\/1331\" data-type=\"link\" data-id=\"https:\/\/prismas.unq.edu.ar\/OJS\/index.php\/Prismas\/article\/view\/1331\/1766\" target=\"_blank\" rel=\"noreferrer noopener\">Sebasti\u00e1n Rivera Mir, Edici\u00f3n y comunismo. Cultura impresa, educaci\u00f3n militante y pr\u00e1cticas pol\u00edticas (M\u00e9xico, 1930-1940)<\/a><\/p>\n\n\n\n<p>Mariano Zarowsky<\/p>\n\n\n\n<p><a href=\"https:\/\/prismas.unq.edu.ar\/OJS\/index.php\/Prismas\/article\/view\/1332\" data-type=\"link\" data-id=\"https:\/\/prismas.unq.edu.ar\/OJS\/index.php\/Prismas\/article\/view\/1332\/1767\" target=\"_blank\" rel=\"noreferrer noopener\">Tanya Harmer, Beatriz Allende: A Revolutionary Life in Cold War Latin America<\/a><\/p>\n\n\n\n<p>Vania Markarian<\/p>\n\n\n\n<p><a href=\"https:\/\/prismas.unq.edu.ar\/OJS\/index.php\/Prismas\/article\/view\/1333\" data-type=\"link\" data-id=\"https:\/\/prismas.unq.edu.ar\/OJS\/index.php\/Prismas\/article\/view\/1333\/1768\" target=\"_blank\" rel=\"noreferrer noopener\">Noem\u00ed Goldman (editora), Lenguaje y pol\u00edtica. Conceptos claves en el R\u00edo de la Plata II (1780-1870)<\/a><\/p>\n\n\n\n<p>Mariana Rosetti<\/p>\n\n\n\n<p><a href=\"https:\/\/prismas.unq.edu.ar\/OJS\/index.php\/Prismas\/article\/view\/1334\" data-type=\"link\" data-id=\"https:\/\/prismas.unq.edu.ar\/OJS\/index.php\/Prismas\/article\/view\/1334\/1769\" target=\"_blank\" rel=\"noreferrer noopener\">Magdalena Candioti, Una historia de la emancipaci\u00f3n negra. Esclavitud y abolici\u00f3n en la Argentina<\/a><\/p>\n\n\n\n<p>Mar\u00eda Camila D\u00edaz Casas<\/p>\n\n\n\n<p><a href=\"https:\/\/prismas.unq.edu.ar\/OJS\/index.php\/Prismas\/article\/view\/1335\" target=\"_blank\" rel=\"noreferrer noopener\">Pablo Mart\u00ednez Gramuglia, La forja de una opini\u00f3n p\u00fablica: Leer y escribir en Buenos Aires, 1800-1810<\/a><\/p>\n\n\n\n<p>Adriana Milano<\/p>\n\n\n\n<p><a href=\"https:\/\/prismas.unq.edu.ar\/OJS\/index.php\/Prismas\/article\/view\/1336\" target=\"_blank\" rel=\"noreferrer noopener\">In\u00e9s Yujnovsky, Viajeros a la sombra de Darwin. Fotograf\u00edas de la Patagonia a fines del siglo XIX<\/a><\/p>\n\n\n\n<p>Rafael Sagredo Baeza<\/p>\n\n\n\n<p><a href=\"https:\/\/prismas.unq.edu.ar\/OJS\/index.php\/Prismas\/article\/view\/1337\" target=\"_blank\" rel=\"noreferrer noopener\">Leonardo David Hirsch, La consagraci\u00f3n de los partidos. Pol\u00edtica y representaci\u00f3n en la Provincia de Buenos Aires, 1870-1900<\/a><\/p>\n\n\n\n<p>Joaqu\u00edn Sanguinetti<\/p>\n\n\n\n<p><a href=\"https:\/\/prismas.unq.edu.ar\/OJS\/index.php\/Prismas\/article\/view\/1338\" target=\"_blank\" rel=\"noreferrer noopener\">Mart\u00edn Albornoz, Cuando el anarquismo causaba sensaci\u00f3n. La sociedad argentina, entre el miedo y la fascinaci\u00f3n por los ideales libertarios<\/a><\/p>\n\n\n\n<p>Mar\u00eda Miguel\u00e1\u00f1ez Mart\u00ednez<\/p>\n\n\n\n<p><a href=\"https:\/\/prismas.unq.edu.ar\/OJS\/index.php\/Prismas\/article\/view\/1339\" target=\"_blank\" rel=\"noreferrer noopener\">Pablo Garc\u00eda Mart\u00ednez, Un largo puente de papel. Cultura impresa y humanismo antifascista en el exilio de Lu\u00eds Seoane (1936-1959)<\/a><\/p>\n\n\n\n<p>Diego Garc\u00eda<\/p>\n\n\n\n<p><a href=\"https:\/\/prismas.unq.edu.ar\/OJS\/index.php\/Prismas\/article\/view\/1340\" target=\"_blank\" rel=\"noreferrer noopener\">Diego Giller, Espectros dependentistas. Variaciones la \u201cteor\u00eda de la dependencia\u201d y los marxismos latinoamericanos<\/a><\/p>\n\n\n\n<p>Mat\u00edas Far\u00edas<\/p>\n\n\n\n<p><a href=\"https:\/\/prismas.unq.edu.ar\/OJS\/index.php\/Prismas\/article\/view\/1341\" target=\"_blank\" rel=\"noreferrer noopener\">Daniel Lvovich y Alberto P\u00e9rez (org.), Jos\u00e9 Sazb\u00f3n. Una antolog\u00eda comentada de su obra<\/a><\/p>\n\n\n\n<p>Paula Zubillaga<\/p>\n\n\n\n<p><a href=\"https:\/\/prismas.unq.edu.ar\/OJS\/index.php\/Prismas\/article\/view\/1342\" target=\"_blank\" rel=\"noreferrer noopener\">Jos\u00e9 Luis de Diego, Los escritores y sus representaciones. Formaci\u00f3n, campo literario, escritura, lector, cr\u00ectica, canon, mercado editorial, libros<\/a><\/p>\n\n\n\n<p>Alejandra Laera<\/p>\n\n\n\n<p><a href=\"https:\/\/prismas.unq.edu.ar\/OJS\/index.php\/Prismas\/article\/view\/1343\" target=\"_blank\" rel=\"noreferrer noopener\">Sof\u00eda Mercader, \u2018Punto de vista\u2019 and the Argentine Intellectual Left<\/a><\/p>\n\n\n\n<p>Luis Ignacio Garc\u00eda<\/p>\n\n\n\n<p><a href=\"https:\/\/prismas.unq.edu.ar\/OJS\/index.php\/Prismas\/article\/view\/1344\" target=\"_blank\" rel=\"noreferrer noopener\">Sebasti\u00e1n Carassai, Lo que no sabemos de Malvinas. Las islas, su gente y nosotros antes de la guerra<\/a><\/p>\n\n\n\n<p>Hugo Vezzetti<\/p>\n\n\n\n<p><a href=\"https:\/\/prismas.unq.edu.ar\/OJS\/index.php\/Prismas\/article\/view\/1345\" target=\"_blank\" rel=\"noreferrer noopener\">Esteban Buch y Abel Gilbert (compiladores), Escuchar Malvinas. M\u00fasicas y sonidos de la guerra<\/a><\/p>\n\n\n\n<p>Ana S\u00e1nchez Trolliet<\/p>\n\n\n\n<p><a href=\"https:\/\/prismas.unq.edu.ar\/OJS\/index.php\/Prismas\/article\/view\/1290\" target=\"_blank\" rel=\"noreferrer noopener\">Ariana Reano y Martina Garategaray, La transici\u00f3n democr\u00e1tica como contexto intelectual. Debates pol\u00edticos en la Argentina de los a\u00f1os ochenta<\/a><\/p>\n\n\n\n<p>Soledad Lastra<\/p>\n\n\n\n<p><a href=\"https:\/\/prismas.unq.edu.ar\/OJS\/index.php\/Prismas\/article\/view\/1346\" target=\"_blank\" rel=\"noreferrer noopener\">Ezequiel Saferstein, \u00bfC\u00f3mo se fabrica un best seller pol\u00edtico? La trastienda de los \u00e9xitos editoriales y su capacidad de intervenir en la agenda p\u00fablica<\/a><\/p>\n\n\n\n<p>Ezequiel Grisendi<\/p>\n<\/div><\/details>\n\n\n\n<details class=\"wp-block-themeisle-blocks-accordion-item animated backInDown slower delay-100ms\"><summary class=\"wp-block-themeisle-blocks-accordion-item__title\"><div>FICHAS<\/div><\/summary><div class=\"wp-block-themeisle-blocks-accordion-item__content\">\n<p><strong><a href=\"https:\/\/prismas.unq.edu.ar\/OJS\/index.php\/Prismas\/article\/view\/1351\/1783\" data-type=\"link\" data-id=\"https:\/\/prismas.unq.edu.ar\/OJS\/index.php\/Prismas\/article\/view\/1351\/1783\" target=\"_blank\" rel=\"noreferrer noopener\">Libros fichados<\/a>:<\/strong> Ingrid Simson y Guillermo Zerme\u00f1o Padilla (eds.),&nbsp;<em>La historiograf\u00eda en tiempos globales<\/em> \/ Diego Alejandro Zuluaga Quintero y Luis Fernando Quiroz Jim\u00e9nez (eds.),&nbsp;<em>Ensayos de historia intelectual. Incursiones metodol\u00f3gicas<\/em> \/ Axel Honneth,&nbsp;<em>Reconocimiento. Una historia de las ideas europeas<\/em>, traducci\u00f3n de Sandra Chaparro Mart\u00ednez \/ B\u00e5rd Borch Michalsen,&nbsp;<em>Signos de civilizaci\u00f3n. C\u00f3mo la puntuaci\u00f3n cambi\u00f3 la historia<\/em>, Traducci\u00f3n Christian Kupchik \/ Claudio Benzecry,&nbsp;<em>The perfect Fit. Creative Work in the Global Shoe Industry<\/em> \/ M. Carmen Villarino Pardo, Iolanda Galanes Santos y Ana Laura Alonso (eds.),&nbsp;<em>Promoci\u00f3n cultural y traducci\u00f3n. Ferias internacionales del libro e invitados de honor<\/em> \/ Nicola Miller,&nbsp;<em>Republics of Knowledge. Nations of the Future in Latin America<\/em> \/ Andrea Rodr\u00edguez Tapia,&nbsp;<em>Realistas contra insurgentes. La construcci\u00f3n de un consenso historiogr\u00e1fico en el M\u00e9xico independiente (1810-1852)<\/em> \/ Maximiliano Fuentes Codera, Patrizia Dogliani (eds.),&nbsp;<em>La patria hispana, la raza latina. Pol\u00edtica y cultura entre Espa\u00f1a, Italia y Argentina (1914-1945)<\/em> \/ Rodrigo Viqueira,&nbsp;<em>Negrismo, vanguardia y folklore.&nbsp;Representaci\u00f3n de los afrodescendientes en la obra de Ildefonso Pereda Vald\u00e9s (1925-1935)<\/em> \/ Adri\u00e1n Cammarota,&nbsp;<em>Malas maestras. Educaci\u00f3n, g\u00e9nero y conflicto en el sistema escolar argentino<\/em> \/ Carlos Astrada,&nbsp;<em>Textos de juventud. De la revoluci\u00f3n universitaria a la vanguardia filos\u00f3fica<\/em>&nbsp;<em>(1916-1927)<\/em>, introducci\u00f3n y compilaci\u00f3n de Natalia Bustelo y Lucas Dom\u00ednguez Rubio \/ Ana Luc\u00eda Magrini (coord.),&nbsp;<em>Descentrando el populismo. Peronismo en Argentina, populismo en Colombia y lo perdurable de sus identidades pol\u00edticas<\/em> \/ Mart\u00edn Prieto,&nbsp;<em>Saer en la literatura argentina<\/em> \/ <br><\/p>\n\n\n\n<p><strong>Autores<\/strong>: Gloria Maritza G\u00f3mez Revuelta, Esnedy Aid\u00e9 Zuluaga Hern\u00e1ndez, Santiago M. Roggerone, Karina Galperin, Nicol\u00e1s Viotti, Ximena Espeche, Mariana Rosetti, Gabriel Entin, Matteo Dalla Bona, Alejandra Mailhe, Flavia Fiorucci, Luciano Barreras, Ricardo Mart\u00ednez Mazzola, Adri\u00e1n Gorelik.<\/p>\n<\/div><\/details>\n\n\n\n<details class=\"wp-block-themeisle-blocks-accordion-item animated backInDown delay-100ms slower\"><summary class=\"wp-block-themeisle-blocks-accordion-item__title\"><div>OTRAS VOCES, OTROS \u00c1MBITOS<\/div><\/summary><div class=\"wp-block-themeisle-blocks-accordion-item__content\">\n<p><a href=\"https:\/\/prismas.unq.edu.ar\/OJS\/index.php\/Prismas\/article\/view\/1348\" target=\"_blank\" rel=\"noreferrer noopener\">Presentaci\u00f3n<\/a><\/p>\n\n\n\n<p>Pablo Blitstein<\/p>\n\n\n\n<p><a href=\"https:\/\/prismas.unq.edu.ar\/OJS\/index.php\/Prismas\/article\/view\/1349\" target=\"_blank\" rel=\"noreferrer noopener\">Qin Hui, Zouchu dizhi: Cong wan-Qing dao Minguo de lishi huiwang[Dejando atr\u00e1s el sistema imperial: Revisando la historia de China desde los Qing tard\u00edos hasta la Rep\u00fablica]<\/a><\/p>\n\n\n\n<p>David Ownby<\/p>\n\n\n\n<p><a href=\"https:\/\/prismas.unq.edu.ar\/OJS\/index.php\/Prismas\/article\/view\/1350\" target=\"_blank\" rel=\"noreferrer noopener\">Sherif Younis, Al-zahf al-muqaddas : muzaharat al-tanahhi wa-tashakkul \u2018ibadat Nasir[La Marcha Sagrada: las manifestaciones contra la dimisi\u00f3n de Nasser y la formaci\u00f3n de su culto]<\/a><\/p>\n\n\n\n<p>Benjamin Geer<\/p>\n<\/div><\/details>\n<\/div>\n<\/div>\n<\/div><\/div>\n","protected":false},"excerpt":{"rendered":"","protected":false},"author":7,"featured_media":5275,"comment_status":"closed","ping_status":"closed","sticky":false,"template":"","format":"standard","meta":{"_themeisle_gutenberg_block_has_review":false,"footnotes":""},"categories":[5],"tags":[6],"class_list":["post-5274","post","type-post","status-publish","format-standard","has-post-thumbnail","hentry","category-indice-general","tag-historia-intelectual"],"_links":{"self":[{"href":"https:\/\/historiaintelectual.com.ar\/indiceprismas\/wp-json\/wp\/v2\/posts\/5274","targetHints":{"allow":["GET"]}}],"collection":[{"href":"https:\/\/historiaintelectual.com.ar\/indiceprismas\/wp-json\/wp\/v2\/posts"}],"about":[{"href":"https:\/\/historiaintelectual.com.ar\/indiceprismas\/wp-json\/wp\/v2\/types\/post"}],"author":[{"embeddable":true,"href":"https:\/\/historiaintelectual.com.ar\/indiceprismas\/wp-json\/wp\/v2\/users\/7"}],"replies":[{"embeddable":true,"href":"https:\/\/historiaintelectual.com.ar\/indiceprismas\/wp-json\/wp\/v2\/comments?post=5274"}],"version-history":[{"count":22,"href":"https:\/\/historiaintelectual.com.ar\/indiceprismas\/wp-json\/wp\/v2\/posts\/5274\/revisions"}],"predecessor-version":[{"id":6162,"href":"https:\/\/historiaintelectual.com.ar\/indiceprismas\/wp-json\/wp\/v2\/posts\/5274\/revisions\/6162"}],"wp:featuredmedia":[{"embeddable":true,"href":"https:\/\/historiaintelectual.com.ar\/indiceprismas\/wp-json\/wp\/v2\/media\/5275"}],"wp:attachment":[{"href":"https:\/\/historiaintelectual.com.ar\/indiceprismas\/wp-json\/wp\/v2\/media?parent=5274"}],"wp:term":[{"taxonomy":"category","embeddable":true,"href":"https:\/\/historiaintelectual.com.ar\/indiceprismas\/wp-json\/wp\/v2\/categories?post=5274"},{"taxonomy":"post_tag","embeddable":true,"href":"https:\/\/historiaintelectual.com.ar\/indiceprismas\/wp-json\/wp\/v2\/tags?post=5274"}],"curies":[{"name":"wp","href":"https:\/\/api.w.org\/{rel}","templated":true}]}}