{"id":469,"date":"2023-02-27T22:10:20","date_gmt":"2023-02-27T22:10:20","guid":{"rendered":"https:\/\/historiaintelectual.com.ar\/indiceprismas\/?p=469"},"modified":"2025-05-26T17:35:33","modified_gmt":"2025-05-26T17:35:33","slug":"vol-25-2021","status":"publish","type":"post","link":"https:\/\/historiaintelectual.com.ar\/indiceprismas\/vol-25-2021\/","title":{"rendered":"VOL. 25 (2021)"},"content":{"rendered":"\n<p><\/p>\n\n\n\n<div id=\"wp-block-themeisle-blocks-advanced-columns-6a350af5\" class=\"wp-block-themeisle-blocks-advanced-columns has-2-columns has-desktop-oneTwo-layout has-tablet-equal-layout has-mobile-collapsedRows-layout has-vertical-unset\"><div class=\"wp-block-themeisle-blocks-advanced-columns-overlay\"><\/div><div class=\"innerblocks-wrap\">\n<div id=\"wp-block-themeisle-blocks-advanced-column-726330eb\" class=\"wp-block-themeisle-blocks-advanced-column\">\n<figure class=\"wp-block-image size-large is-resized o-sticky o-sticky-pos-top o-sticky-bhvr-keep o-sticky-scope-parent\"><img loading=\"lazy\" decoding=\"async\" width=\"725\" height=\"1024\" src=\"http:\/\/historiaintelectual.com.ar\/indiceprismas\/wp-content\/uploads\/2023\/02\/25-725x1024.jpg\" alt=\"\" class=\"wp-image-77\" style=\"width:313px;height:442px\" srcset=\"https:\/\/historiaintelectual.com.ar\/indiceprismas\/wp-content\/uploads\/2023\/02\/25-725x1024.jpg 725w, https:\/\/historiaintelectual.com.ar\/indiceprismas\/wp-content\/uploads\/2023\/02\/25-212x300.jpg 212w, https:\/\/historiaintelectual.com.ar\/indiceprismas\/wp-content\/uploads\/2023\/02\/25-106x150.jpg 106w, https:\/\/historiaintelectual.com.ar\/indiceprismas\/wp-content\/uploads\/2023\/02\/25-768x1084.jpg 768w, https:\/\/historiaintelectual.com.ar\/indiceprismas\/wp-content\/uploads\/2023\/02\/25-1088x1536.jpg 1088w, https:\/\/historiaintelectual.com.ar\/indiceprismas\/wp-content\/uploads\/2023\/02\/25-1451x2048.jpg 1451w, https:\/\/historiaintelectual.com.ar\/indiceprismas\/wp-content\/uploads\/2023\/02\/25-360x508.jpg 360w, https:\/\/historiaintelectual.com.ar\/indiceprismas\/wp-content\/uploads\/2023\/02\/25-750x1059.jpg 750w, https:\/\/historiaintelectual.com.ar\/indiceprismas\/wp-content\/uploads\/2023\/02\/25-scaled.jpg 1813w\" sizes=\"auto, (max-width: 725px) 100vw, 725px\" \/><\/figure>\n<\/div>\n\n\n\n<div id=\"wp-block-themeisle-blocks-advanced-column-af3f0557\" class=\"wp-block-themeisle-blocks-advanced-column\">\n<div id=\"wp-block-themeisle-blocks-accordion-99585927\" class=\"wp-block-themeisle-blocks-accordion exclusive\">\n<details class=\"wp-block-themeisle-blocks-accordion-item animated backInDown\"><summary class=\"wp-block-themeisle-blocks-accordion-item__title\"><div>ART\u00cdCULOS<\/div><\/summary><div class=\"wp-block-themeisle-blocks-accordion-item__content\">\n<p><a href=\"https:\/\/prismas.unq.edu.ar\/OJS\/index.php\/Prismas\/article\/view\/1204\/1607\" target=\"_blank\" rel=\"noreferrer noopener\">La filosof\u00eda pol\u00edtica de Gerrard Winstanley y su entrelazamiento con las teor\u00edas del Estado moderno. Teolog\u00eda, monismo y tendencias hacia un poder pol\u00edtico ilimitado<\/a><\/p>\n\n\n\n<p>Mario Leonardo Miceli<\/p>\n\n\n\n<p><a href=\"https:\/\/prismas.unq.edu.ar\/OJS\/index.php\/Prismas\/article\/view\/1205\/1608\" target=\"_blank\" rel=\"noreferrer noopener\">Claude Lefort: marxismo, burocracia, totalitarismo. Un pensamiento de izquierda al margen de la Guerra Fr\u00eda<\/a><\/p>\n\n\n\n<p>Hugo Vezzetti<\/p>\n\n\n\n<p><a href=\"https:\/\/prismas.unq.edu.ar\/OJS\/index.php\/Prismas\/article\/view\/1206\/1609\" target=\"_blank\" rel=\"noreferrer noopener\">El primer herrerismo. Liberalismo conservador, realismo internacional y ruralismo (1873-1925)<\/a><\/p>\n\n\n\n<p>Gerardo Caetano<\/p>\n\n\n\n<p><a href=\"https:\/\/prismas.unq.edu.ar\/OJS\/index.php\/Prismas\/article\/view\/1207\/1610\" target=\"_blank\" rel=\"noreferrer noopener\">El intelectual de partido y el moderno Prometeo. El \u201cideal socialista\u201d de Augusto Bunge<\/a><\/p>\n\n\n\n<p>Francisco J. Reyes<\/p>\n\n\n\n<p><a href=\"https:\/\/prismas.unq.edu.ar\/OJS\/index.php\/Prismas\/article\/view\/1208\/1611\" target=\"_blank\" rel=\"noreferrer noopener\">Biblioteca<\/a><a href=\"https:\/\/prismas.unq.edu.ar\/OJS\/index.php\/Prismas\/article\/view\/1208\/1611\">s populares elementales. Nacionalismo, inmigraci\u00f3n y pol\u00edtica bibliotecaria durante la d\u00e9cada de 1910<\/a><\/p>\n\n\n\n<p>Javier Planas<\/p>\n<\/div><\/details>\n\n\n\n<details class=\"wp-block-themeisle-blocks-accordion-item animated backInDown slow\"><summary class=\"wp-block-themeisle-blocks-accordion-item__title\"><div>ARGUMENTOS<\/div><\/summary><div class=\"wp-block-themeisle-blocks-accordion-item__content\">\n<p><a href=\"https:\/\/prismas.unq.edu.ar\/OJS\/index.php\/Prismas\/article\/view\/1209\/1632\" target=\"_blank\" rel=\"noreferrer noopener\">Reinhart Koselleck y la temporalidad hist\u00f3rica<\/a><\/p>\n\n\n\n<p>El\u00edas J. Palti<\/p>\n\n\n\n<p><a href=\"https:\/\/prismas.unq.edu.ar\/OJS\/index.php\/Prismas\/article\/view\/1210\/1633\" target=\"_blank\" rel=\"noreferrer noopener\">Introducci\u00f3n a <em>Estratos del tiempo<\/em><\/a><\/p>\n\n\n\n<p>Reinhart Koselleck<\/p>\n\n\n\n<p><a href=\"https:\/\/prismas.unq.edu.ar\/OJS\/index.php\/Prismas\/article\/view\/125-132\/1634\" target=\"_blank\" rel=\"noreferrer noopener\">En torno a la presunta oposici\u00f3n entre tiempo natural y tiempo hist\u00f3rico<\/a><\/p>\n\n\n\n<p>Lucila Svampa<\/p>\n\n\n\n<p><a href=\"https:\/\/prismas.unq.edu.ar\/OJS\/index.php\/Prismas\/article\/view\/1212\/1635\" target=\"_blank\" rel=\"noreferrer noopener\">La estratigraf\u00eda de los <em>Estratos del tiempo<\/em><\/a><\/p>\n\n\n\n<p>Faustino Oncina Coves<\/p>\n<\/div><\/details>\n\n\n\n<details class=\"wp-block-themeisle-blocks-accordion-item animated backInDown slow\"><summary class=\"wp-block-themeisle-blocks-accordion-item__title\"><div>DOSSIER: Prensa peri\u00f3dica, intelectuales y mundializaci\u00f3n: \u00abmomentos globales\u00bb en la esfera p\u00fablica de Buenos Aires (1870-1940)<\/div><\/summary><div class=\"wp-block-themeisle-blocks-accordion-item__content\">\n<p><a href=\"https:\/\/prismas.unq.edu.ar\/OJS\/index.php\/Prismas\/article\/view\/1213\/1636\" target=\"_blank\" rel=\"noreferrer noopener\">Introducci\u00f3n<\/a><\/p>\n\n\n\n<p>Mart\u00edn Bergel, Mart\u00edn Albornoz<\/p>\n\n\n\n<p><a href=\"https:\/\/prismas.unq.edu.ar\/OJS\/index.php\/Prismas\/article\/view\/1214\/1637\" target=\"_blank\" rel=\"noreferrer noopener\">Los tres tiempos de la Comuna de Par\u00eds en Buenos Aires<\/a><\/p>\n\n\n\n<p>Mart\u00edn Albornoz, Claudia Roman<\/p>\n\n\n\n<p><a href=\"https:\/\/prismas.unq.edu.ar\/OJS\/index.php\/Prismas\/article\/view\/1215\/1638\" target=\"_blank\" rel=\"noreferrer noopener\">Espectaculares y especulares. Las celebraciones del fin de la esclavitud brasile\u00f1a en la capital argentina<\/a><\/p>\n\n\n\n<p>Jo\u00e3o Paulo Coelho de Souza Rodrigues, Ori Preuss<\/p>\n\n\n\n<p><a href=\"https:\/\/prismas.unq.edu.ar\/OJS\/index.php\/Prismas\/article\/view\/1216\/1639\" target=\"_blank\" rel=\"noreferrer noopener\">\u201cA cada uno lo que es propio\u201d. Vanguardia period\u00edstica y cobertura global en los diarios de Buenos Aires a fines del siglo XIX<\/a><\/p>\n\n\n\n<p>Lila Caimari<\/p>\n\n\n\n<p><a href=\"https:\/\/prismas.unq.edu.ar\/OJS\/index.php\/Prismas\/article\/view\/1217\/1641\" target=\"_blank\" rel=\"noreferrer noopener\">El caso Dreyfus en <em>La Prensa<\/em>. Modernizaci\u00f3n period\u00edstica y sensacionalismo en Buenos Aires<\/a><\/p>\n\n\n\n<p>Flavia Fiorucci, In\u00e9s Rojkind<\/p>\n\n\n\n<p><a href=\"https:\/\/prismas.unq.edu.ar\/OJS\/index.php\/Prismas\/article\/view\/1218\/1642\" target=\"_blank\" rel=\"noreferrer noopener\">En busca del pa\u00eds de los crisantemos. Enrique G\u00f3mez Carrillo y las derivas de la guerra ruso-japonesa en la prensa porte\u00f1a<\/a><\/p>\n\n\n\n<p>Mart\u00edn Bergel<\/p>\n\n\n\n<p><a href=\"https:\/\/prismas.unq.edu.ar\/OJS\/index.php\/Prismas\/article\/view\/1219\/1643\" target=\"_blank\" rel=\"noreferrer noopener\">La aviaci\u00f3n en Buenos Aires y el fen\u00f3meno noticioso global (1908-1910)<\/a><\/p>\n\n\n\n<p>Pablo Ortemberg<\/p>\n\n\n\n<p><a href=\"https:\/\/prismas.unq.edu.ar\/OJS\/index.php\/Prismas\/article\/view\/1220\/1644\" target=\"_blank\" rel=\"noreferrer noopener\">\u201cLa Gioconda en Buenos Aires\u201d. Prensa policial, detectivismo y lecturas del mundo a comienzos del siglo XX<\/a><\/p>\n\n\n\n<p>Diego Galeano<\/p>\n\n\n\n<p><a href=\"https:\/\/prismas.unq.edu.ar\/OJS\/index.php\/Prismas\/article\/view\/1221\/1645\" target=\"_blank\" rel=\"noreferrer noopener\">Notas sobre las repercusiones del affaire Caillaux en la prensa de Buenos Aires<\/a><\/p>\n\n\n\n<p>Emiliano Gast\u00f3n S\u00e1nchez<\/p>\n\n\n\n<p><a href=\"https:\/\/prismas.unq.edu.ar\/OJS\/index.php\/Prismas\/article\/view\/1222\/1646\" target=\"_blank\" rel=\"noreferrer noopener\">Al mundo cruzando el charco. La prensa de Buenos Aires y el imaginario de un f\u00fatbol global durante el Campeonato Mundial de 1930<\/a><\/p>\n\n\n\n<p>Manuel Mu\u00f1iz<\/p>\n\n\n\n<p><a href=\"https:\/\/prismas.unq.edu.ar\/OJS\/index.php\/Prismas\/article\/view\/1223\/1640\" target=\"_blank\" rel=\"noreferrer noopener\">La escena espa\u00f1ola. Notas sobre la labor pol\u00edtica y period\u00edstica de Dardo C\u00faneo durante la Guerra Civil Espa\u00f1ola<\/a><\/p>\n\n\n\n<p>Juan Buonuome<\/p>\n<\/div><\/details>\n\n\n\n<details class=\"wp-block-themeisle-blocks-accordion-item animated backInDown slower delay-100ms\"><summary class=\"wp-block-themeisle-blocks-accordion-item__title\"><div>RESE\u00d1AS<\/div><\/summary><div class=\"wp-block-themeisle-blocks-accordion-item__content\">\n<p><a href=\"https:\/\/prismas.unq.edu.ar\/OJS\/index.php\/Prismas\/article\/view\/1225\/1612\" target=\"_blank\" rel=\"noreferrer noopener\">Dominique Kalifa (dir.), Les noms d\u2019\u00e9poque. De \u201cRestauration\u201d \u00e0 \u201cann\u00e9es de plomb\u201d<\/a><\/p>\n\n\n\n<p>Andr\u00e9s G. Freijomil<\/p>\n\n\n\n<p><a href=\"https:\/\/prismas.unq.edu.ar\/OJS\/index.php\/Prismas\/article\/view\/1224\/1613\" target=\"_blank\" rel=\"noreferrer noopener\">Rosa E. Belvedresi (dir.), La filosof\u00eda de la historia hoy: preguntas y problemas<\/a><\/p>\n\n\n\n<p>Omar Acha<\/p>\n\n\n\n<p><a href=\"https:\/\/prismas.unq.edu.ar\/OJS\/index.php\/Prismas\/article\/view\/1226\/1614\" target=\"_blank\" rel=\"noreferrer noopener\">Camille Creyghton, R\u00e9surrections de Michelet. Politique et historiographie en France depuis 1870<\/a><\/p>\n\n\n\n<p>Andr\u00e9s G. Freijomil<\/p>\n\n\n\n<p><a href=\"https:\/\/prismas.unq.edu.ar\/OJS\/index.php\/Prismas\/article\/view\/1227\/1615\" target=\"_blank\" rel=\"noreferrer noopener\">Benedict Anderson, Una vida m\u00e1s all\u00e1 de las fronteras<\/a><\/p>\n\n\n\n<p>Pablo A. Blitstein<\/p>\n\n\n\n<p><a href=\"https:\/\/prismas.unq.edu.ar\/OJS\/index.php\/Prismas\/article\/view\/1228\/1616\" target=\"_blank\" rel=\"noreferrer noopener\">Fabio Wasserman (ed.), Tiempos cr\u00edticos. Historia, revoluci\u00f3n y temporalidad en el mundo iberoamericano (siglos XVIII y XIX)<\/a><\/p>\n\n\n\n<p>Luis Fern\u00e1ndez Torres<\/p>\n\n\n\n<p><a href=\"https:\/\/prismas.unq.edu.ar\/OJS\/index.php\/Prismas\/article\/view\/1229\/1617\" target=\"_blank\" rel=\"noreferrer noopener\">Gustavo Sor\u00e1, A History of Book Publishing in Contemporary Latin America<\/a><\/p>\n\n\n\n<p>Ezequiel Grisendi<\/p>\n\n\n\n<p><a href=\"https:\/\/prismas.unq.edu.ar\/OJS\/index.php\/Prismas\/article\/view\/1230\/1618\" target=\"_blank\" rel=\"noreferrer noopener\">Diego Galeano, Delincuentes viajeros. Estafadores, punguistas y polic\u00edas en el Atl\u00e1ntico sudamericano<\/a><\/p>\n\n\n\n<p>Ana Cecchi<\/p>\n\n\n\n<p><a href=\"https:\/\/prismas.unq.edu.ar\/OJS\/index.php\/Prismas\/article\/view\/1231\/1619\" target=\"_blank\" rel=\"noreferrer noopener\">Aimer Granados y Sebasti\u00e1n Rivera Mir (coords.)<\/a><a href=\"https:\/\/prismas.unq.edu.ar\/OJS\/index.php\/Prismas\/article\/view\/1231\">, Pr\u00e1cticas editoriales y cultura impresa entre los intelectuales latinoamericanos en el siglo XX<\/a><\/p>\n\n\n\n<p>Natalia Bustelo<\/p>\n\n\n\n<p><a href=\"https:\/\/prismas.unq.edu.ar\/OJS\/index.php\/Prismas\/article\/view\/1232\/1620\" target=\"_blank\" rel=\"noreferrer noopener\">Carlos Aguirre y Charles Walker, Alberto Flores Galindo. Utop\u00eda, historia y revoluci\u00f3n<\/a><\/p>\n\n\n\n<p>Ra\u00fal O. Fradkin<\/p>\n\n\n\n<p><a href=\"https:\/\/prismas.unq.edu.ar\/OJS\/index.php\/Prismas\/article\/view\/1233\/1621\" target=\"_blank\" rel=\"noreferrer noopener\">Rebeca Villalobos \u00c1lvarez, El culto a Ju\u00e1rez. La construcci\u00f3n del h\u00e9roe (1872-1976)<\/a><\/p>\n\n\n\n<p>Camila Perochena<\/p>\n\n\n\n<p><a href=\"https:\/\/prismas.unq.edu.ar\/OJS\/index.php\/Prismas\/article\/view\/1234\" target=\"_blank\" rel=\"noreferrer noopener\">Jos\u00e9 Carlos Mari\u00e1tegui, Antolog\u00eda (selecci\u00f3n, introducci\u00f3n y notas de Mart\u00edn Bergel)<\/a><\/p>\n\n\n\n<p>Alexis Iparraguirre<\/p>\n\n\n\n<p><a href=\"https:\/\/prismas.unq.edu.ar\/OJS\/index.php\/Prismas\/article\/view\/1235\/1623\" target=\"_blank\" rel=\"noreferrer noopener\">Vania Markarian, Universidad, revoluci\u00f3n y d\u00f3lares. Dos estudios sobre la Guerra Fr\u00eda cultural en Uruguay durante los Sesenta<\/a><\/p>\n\n\n\n<p>Benedetta Calandra<\/p>\n\n\n\n<p><a href=\"https:\/\/prismas.unq.edu.ar\/OJS\/index.php\/Prismas\/article\/view\/1236\/1624\" target=\"_blank\" rel=\"noreferrer noopener\">Eric Zolov, The Last Good Neighbor. M\u00e9xico in the Global Sixties<\/a><\/p>\n\n\n\n<p>Ernesto Sem\u00e1n<\/p>\n\n\n\n<p><a href=\"https:\/\/prismas.unq.edu.ar\/OJS\/index.php\/Prismas\/article\/view\/1237\/1625\" target=\"_blank\" rel=\"noreferrer noopener\">Flavia Fiorucci y Jos\u00e9 Bustamante Vismara (eds.), Palabras claves en la historia de la educaci\u00f3n argentina<\/a><\/p>\n\n\n\n<p>Eugenia Rold\u00e1n Vera<\/p>\n\n\n\n<p><a href=\"https:\/\/prismas.unq.edu.ar\/OJS\/index.php\/Prismas\/article\/view\/1238\/1626\" target=\"_blank\" rel=\"noreferrer noopener\">Miranda Lida, Amado Alonso en la Argentina. Una historia global del Instituto de Filolog\u00eda (1927-1946)<\/a><\/p>\n\n\n\n<p>Laura Sesnich<\/p>\n\n\n\n<p><a href=\"https:\/\/prismas.unq.edu.ar\/OJS\/index.php\/Prismas\/article\/view\/1239\/1627\" target=\"_blank\" rel=\"noreferrer noopener\">Magal\u00ed Andrea Dev\u00e9s, Guillermo Facio Hebequer. Entre el campo art\u00edstico y la cultura de izquierdas<\/a><\/p>\n\n\n\n<p>Juan Buonuome<\/p>\n\n\n\n<p><a href=\"https:\/\/prismas.unq.edu.ar\/OJS\/index.php\/Prismas\/article\/view\/1240\/1628\" target=\"_blank\" rel=\"noreferrer noopener\">Cecilia Tossounian, La <em>joven moderna<\/em> in Interwar Argentina: Gender, Nation, and Popular Culture, 1920-1940<\/a><\/p>\n\n\n\n<p>Valeria Manzano<\/p>\n\n\n\n<p><a href=\"https:\/\/prismas.unq.edu.ar\/OJS\/index.php\/Prismas\/article\/view\/1241\/1629\">Cora<\/a> <a href=\"https:\/\/prismas.unq.edu.ar\/OJS\/index.php\/Prismas\/article\/view\/1241\/1629\" target=\"_blank\" rel=\"noreferrer noopener\">Gamarnik, El fotoperiodismo en Argentina. De <em>Siete D\u00edas Ilustrados<\/em> a la agencia Sigla<\/a><\/p>\n\n\n\n<p>Mariano Zarowsky<\/p>\n\n\n\n<p><a href=\"https:\/\/prismas.unq.edu.ar\/OJS\/index.php\/Prismas\/article\/view\/1242\/1630\" target=\"_blank\" rel=\"noreferrer noopener\">Natalia Milanesio, Destape: Sex, Democracy, and Freedom in Postdictatorial Argentina<\/a><\/p>\n\n\n\n<p>Sof\u00eda Mercader<\/p>\n\n\n\n<p><a href=\"https:\/\/prismas.unq.edu.ar\/OJS\/index.php\/Prismas\/article\/view\/1268\/1699\" target=\"_blank\" rel=\"noreferrer noopener\">Adri\u00e1n Vel\u00e1zquez Ram\u00edrez, La democracia como mandato. Radicalismo y peronismo en la transici\u00f3n argentina (1980-1987)<\/a><\/p>\n\n\n\n<p>Nicol\u00e1s Freibrun<\/p>\n\n\n\n<div id=\"wp-block-themeisle-blocks-accordion-9db99f43\" class=\"wp-block-themeisle-blocks-accordion exclusive\">\n<details class=\"wp-block-themeisle-blocks-accordion-item\"><summary class=\"wp-block-themeisle-blocks-accordion-item__title\"><div>T\u00edtulo de acorde\u00f3n 1<\/div><\/summary><div class=\"wp-block-themeisle-blocks-accordion-item__content\">\n<p>Se trata de un marcador de posici\u00f3n del contenido de la pesta\u00f1a. Es importante tener la informaci\u00f3n necesaria en el bloque, pero en esta fase, es s\u00f3lo un marcador de posici\u00f3n para ayudarte a visualizar c\u00f3mo se muestra el contenido. Si\u00e9ntete libre de editarlo con tu contenido real.<\/p>\n<\/div><\/details>\n\n\n\n<details class=\"wp-block-themeisle-blocks-accordion-item\"><summary class=\"wp-block-themeisle-blocks-accordion-item__title\"><div>T\u00edtulo 2 del acorde\u00f3n<\/div><\/summary><div class=\"wp-block-themeisle-blocks-accordion-item__content\">\n<p>Se trata de un marcador de posici\u00f3n del contenido de la pesta\u00f1a. Es importante tener la informaci\u00f3n necesaria en el bloque, pero en esta fase, es s\u00f3lo un marcador de posici\u00f3n para ayudarte a visualizar c\u00f3mo se muestra el contenido. Si\u00e9ntete libre de editarlo con tu contenido real.<\/p>\n<\/div><\/details>\n<\/div>\n<\/div><\/details>\n\n\n\n<details class=\"wp-block-themeisle-blocks-accordion-item animated backInDown slower delay-100ms\"><summary class=\"wp-block-themeisle-blocks-accordion-item__title\"><div>FICHAS<\/div><\/summary><div class=\"wp-block-themeisle-blocks-accordion-item__content\">\n<p><a href=\"https:\/\/prismas.unq.edu.ar\/OJS\/index.php\/Prismas\/article\/view\/1258\" target=\"_blank\" rel=\"noreferrer noopener\"><strong>Libros fichados:<\/strong> Yann Potin et Jean-Fran\u00e7ois Sirinelli (dirs.), <em>G\u00e9n\u00e9rations historiennes, XIX<sup>e<\/sup>-XX<sup>e<\/sup> si\u00e8cle \/ <\/em>Gis\u00e8le Sapiro (dir.), <em>Dictionnaire International Bourdieu <\/em>\/ Stefan M\u00fcller-Doohm, <em>J\u00fcrgen Habermas <\/em>\/ Andrea Gambarotto, <em>Vital Forces, Teleology and Organization <\/em>\/ Dora Barrancos, <em>Historia m\u00ednima de los feminismos en Am\u00e9rica Latina <\/em>\/ Marixa Lasso, <em>Erased: the untold story of the Panama Canal <\/em>\/ Horacio Tarcus, <em>Las revistas culturales latinoamericanas <\/em>\/ Ivette Lozoya L\u00f3pez, <em>Intelectuales y revoluci\u00f3n <\/em>\/ Florencia Guzm\u00e1n y Mar\u00eda de Lourdes Ghidoli (eds.), <em>El asedio a la libertad <\/em>\/ Beatriz Bragoni, <em>San Mart\u00edn <\/em>\/ Mar\u00eda Vicens, <em>Escritoras de entresiglos \/ <\/em>Catalina Fara, <em>Un horizonte vertical<\/em><\/a><\/p>\n\n\n\n<p>Autores: Andr\u00e9s G. Freijomil, Ezequiel Grisendi, Juan Manuel Heredia, Flavia Fiorucci, Adri\u00e1n Gorelik, Martina Garategaray, Francisco Sosa, Gabriel Entin, Anahi Ballent<\/p>\n\n\n\n<div id=\"wp-block-themeisle-blocks-accordion-7b6d24ea\" class=\"wp-block-themeisle-blocks-accordion exclusive\">\n<details class=\"wp-block-themeisle-blocks-accordion-item\"><summary class=\"wp-block-themeisle-blocks-accordion-item__title\"><div>T\u00edtulo de acorde\u00f3n 1<\/div><\/summary><div class=\"wp-block-themeisle-blocks-accordion-item__content\">\n<p>Se trata de un marcador de posici\u00f3n del contenido de la pesta\u00f1a. Es importante tener la informaci\u00f3n necesaria en el bloque, pero en esta fase, es s\u00f3lo un marcador de posici\u00f3n para ayudarte a visualizar c\u00f3mo se muestra el contenido. Si\u00e9ntete libre de editarlo con tu contenido real.<\/p>\n<\/div><\/details>\n\n\n\n<details class=\"wp-block-themeisle-blocks-accordion-item\"><summary class=\"wp-block-themeisle-blocks-accordion-item__title\"><div>T\u00edtulo 2 del acorde\u00f3n<\/div><\/summary><div class=\"wp-block-themeisle-blocks-accordion-item__content\">\n<p>Se trata de un marcador de posici\u00f3n del contenido de la pesta\u00f1a. Es importante tener la informaci\u00f3n necesaria en el bloque, pero en esta fase, es s\u00f3lo un marcador de posici\u00f3n para ayudarte a visualizar c\u00f3mo se muestra el contenido. Si\u00e9ntete libre de editarlo con tu contenido real.<\/p>\n<\/div><\/details>\n<\/div>\n<\/div><\/details>\n\n\n\n<details class=\"wp-block-themeisle-blocks-accordion-item animated backInDown delay-100ms slower\"><summary class=\"wp-block-themeisle-blocks-accordion-item__title\"><div>OBITUARIOS<\/div><\/summary><div class=\"wp-block-themeisle-blocks-accordion-item__content\">\n<p><a href=\"https:\/\/prismas.unq.edu.ar\/OJS\/index.php\/Prismas\/article\/view\/1244\/1647\" target=\"_blank\" rel=\"noreferrer noopener\">Marc Fumaroli (1932-2020)<\/a><\/p>\n\n\n\n<p>Andr\u00e9s G. Freijomil<\/p>\n\n\n\n<p><a href=\"https:\/\/prismas.unq.edu.ar\/OJS\/index.php\/Prismas\/article\/view\/1245\/1648\" target=\"_blank\" rel=\"noreferrer noopener\">Dominique Kalifa (1957-2020)<\/a><\/p>\n\n\n\n<p>Lila Caimari<\/p>\n<\/div><\/details>\n<\/div>\n<\/div>\n<\/div><\/div>\n","protected":false},"excerpt":{"rendered":"","protected":false},"author":3,"featured_media":77,"comment_status":"closed","ping_status":"closed","sticky":false,"template":"","format":"standard","meta":{"_themeisle_gutenberg_block_has_review":false,"footnotes":""},"categories":[5],"tags":[10,6,8],"class_list":["post-469","post","type-post","status-publish","format-standard","has-post-thumbnail","hentry","category-indice-general","tag-25-anos","tag-historia-intelectual","tag-prismas"],"_links":{"self":[{"href":"https:\/\/historiaintelectual.com.ar\/indiceprismas\/wp-json\/wp\/v2\/posts\/469","targetHints":{"allow":["GET"]}}],"collection":[{"href":"https:\/\/historiaintelectual.com.ar\/indiceprismas\/wp-json\/wp\/v2\/posts"}],"about":[{"href":"https:\/\/historiaintelectual.com.ar\/indiceprismas\/wp-json\/wp\/v2\/types\/post"}],"author":[{"embeddable":true,"href":"https:\/\/historiaintelectual.com.ar\/indiceprismas\/wp-json\/wp\/v2\/users\/3"}],"replies":[{"embeddable":true,"href":"https:\/\/historiaintelectual.com.ar\/indiceprismas\/wp-json\/wp\/v2\/comments?post=469"}],"version-history":[{"count":3,"href":"https:\/\/historiaintelectual.com.ar\/indiceprismas\/wp-json\/wp\/v2\/posts\/469\/revisions"}],"predecessor-version":[{"id":2939,"href":"https:\/\/historiaintelectual.com.ar\/indiceprismas\/wp-json\/wp\/v2\/posts\/469\/revisions\/2939"}],"wp:featuredmedia":[{"embeddable":true,"href":"https:\/\/historiaintelectual.com.ar\/indiceprismas\/wp-json\/wp\/v2\/media\/77"}],"wp:attachment":[{"href":"https:\/\/historiaintelectual.com.ar\/indiceprismas\/wp-json\/wp\/v2\/media?parent=469"}],"wp:term":[{"taxonomy":"category","embeddable":true,"href":"https:\/\/historiaintelectual.com.ar\/indiceprismas\/wp-json\/wp\/v2\/categories?post=469"},{"taxonomy":"post_tag","embeddable":true,"href":"https:\/\/historiaintelectual.com.ar\/indiceprismas\/wp-json\/wp\/v2\/tags?post=469"}],"curies":[{"name":"wp","href":"https:\/\/api.w.org\/{rel}","templated":true}]}}