{"id":466,"date":"2023-02-27T22:06:55","date_gmt":"2023-02-27T22:06:55","guid":{"rendered":"https:\/\/historiaintelectual.com.ar\/indiceprismas\/?p=466"},"modified":"2025-05-26T17:39:58","modified_gmt":"2025-05-26T17:39:58","slug":"vol-24-2020","status":"publish","type":"post","link":"https:\/\/historiaintelectual.com.ar\/indiceprismas\/vol-24-2020\/","title":{"rendered":"VOL. 24 (2020)"},"content":{"rendered":"\n<div id=\"wp-block-themeisle-blocks-advanced-columns-6a350af5\" class=\"wp-block-themeisle-blocks-advanced-columns has-2-columns has-desktop-oneTwo-layout has-tablet-equal-layout has-mobile-collapsedRows-layout has-vertical-unset\"><div class=\"wp-block-themeisle-blocks-advanced-columns-overlay\"><\/div><div class=\"innerblocks-wrap\">\n<div id=\"wp-block-themeisle-blocks-advanced-column-726330eb\" class=\"wp-block-themeisle-blocks-advanced-column\">\n<figure class=\"wp-block-image size-large is-resized o-sticky o-sticky-pos-top o-sticky-bhvr-keep o-sticky-scope-parent\"><img loading=\"lazy\" decoding=\"async\" width=\"725\" height=\"1024\" src=\"http:\/\/historiaintelectual.com.ar\/indiceprismas\/wp-content\/uploads\/2023\/02\/24-725x1024.jpg\" alt=\"\" class=\"wp-image-78\" style=\"width:315px;height:445px\" srcset=\"https:\/\/historiaintelectual.com.ar\/indiceprismas\/wp-content\/uploads\/2023\/02\/24-725x1024.jpg 725w, https:\/\/historiaintelectual.com.ar\/indiceprismas\/wp-content\/uploads\/2023\/02\/24-212x300.jpg 212w, https:\/\/historiaintelectual.com.ar\/indiceprismas\/wp-content\/uploads\/2023\/02\/24-106x150.jpg 106w, https:\/\/historiaintelectual.com.ar\/indiceprismas\/wp-content\/uploads\/2023\/02\/24-768x1084.jpg 768w, https:\/\/historiaintelectual.com.ar\/indiceprismas\/wp-content\/uploads\/2023\/02\/24-1088x1536.jpg 1088w, https:\/\/historiaintelectual.com.ar\/indiceprismas\/wp-content\/uploads\/2023\/02\/24-1451x2048.jpg 1451w, https:\/\/historiaintelectual.com.ar\/indiceprismas\/wp-content\/uploads\/2023\/02\/24-360x508.jpg 360w, https:\/\/historiaintelectual.com.ar\/indiceprismas\/wp-content\/uploads\/2023\/02\/24-750x1059.jpg 750w, https:\/\/historiaintelectual.com.ar\/indiceprismas\/wp-content\/uploads\/2023\/02\/24-scaled.jpg 1813w\" sizes=\"auto, (max-width: 725px) 100vw, 725px\" \/><\/figure>\n<\/div>\n\n\n\n<div id=\"wp-block-themeisle-blocks-advanced-column-af3f0557\" class=\"wp-block-themeisle-blocks-advanced-column\">\n<div id=\"wp-block-themeisle-blocks-accordion-99585927\" class=\"wp-block-themeisle-blocks-accordion exclusive\">\n<details class=\"wp-block-themeisle-blocks-accordion-item animated backInDown\"><summary class=\"wp-block-themeisle-blocks-accordion-item__title\"><div>ART\u00cdCULOS<\/div><\/summary><div class=\"wp-block-themeisle-blocks-accordion-item__content\">\n<p><a href=\"https:\/\/prismas.unq.edu.ar\/OJS\/index.php\/Prismas\/article\/view\/Hosne_prismas24\" target=\"_blank\" rel=\"noreferrer noopener\">Confrontar al \u201cb\u00e1rbaro\u201d. La mirada china sobre los europeos entre los siglos XVI y XVII<\/a><\/p>\n\n\n\n<p>Ana Carolina Hosne<\/p>\n\n\n\n<p><a href=\"https:\/\/prismas.unq.edu.ar\/OJS\/index.php\/Prismas\/article\/view\/Sazbon_prismas24\" target=\"_blank\" rel=\"noreferrer noopener\">Tiempo e historia en la sociolog\u00eda de Gabriel Tarde<\/a><\/p>\n\n\n\n<p>Daniel Sazb\u00f3n<\/p>\n\n\n\n<p><a href=\"https:\/\/prismas.unq.edu.ar\/OJS\/index.php\/Prismas\/article\/view\/Becerra_prismas24\" target=\"_blank\" rel=\"noreferrer noopener\">La cr\u00edtica tras la borrasca cultural y la tormenta poscolonial<\/a><\/p>\n\n\n\n<p>Eduardo Becerra Grande<\/p>\n\n\n\n<p><a href=\"https:\/\/prismas.unq.edu.ar\/OJS\/index.php\/Prismas\/article\/view\/Quintero_prismas24\" target=\"_blank\" rel=\"noreferrer noopener\">Tabular, evocar, recordar. La refundaci\u00f3n de la Argentina en las <em>Tablas de sangre<\/em> de Jos\u00e9 Rivera Indarte<\/a><\/p>\n\n\n\n<p>Alejandro Quintero M\u00e4chler<\/p>\n\n\n\n<p><a href=\"https:\/\/prismas.unq.edu.ar\/OJS\/index.php\/Prismas\/article\/view\/Praxedes_prismas24\" target=\"_blank\" rel=\"noreferrer noopener\">Ra\u00fal Prebisch y la vida cultural tucumana<\/a><\/p>\n\n\n\n<p>Darlan Praxedes<\/p>\n\n\n\n<p><a href=\"https:\/\/prismas.unq.edu.ar\/OJS\/index.php\/Prismas\/article\/view\/Ibarlucia_prismas24\" target=\"_blank\" rel=\"noreferrer noopener\">Retrato del fil\u00f3sofo como joven anarquista. Luis Juan Guerrero y la Editorial Argonauta<\/a><\/p>\n\n\n\n<p>Ricardo Ibarluc\u00eda<\/p>\n<\/div><\/details>\n\n\n\n<details class=\"wp-block-themeisle-blocks-accordion-item animated backInDown slow\"><summary class=\"wp-block-themeisle-blocks-accordion-item__title\"><div>ARGUMENTOS<\/div><\/summary><div class=\"wp-block-themeisle-blocks-accordion-item__content\">\n<p><a href=\"https:\/\/prismas.unq.edu.ar\/OJS\/index.php\/Prismas\/article\/view\/Goldin_prismas24\" target=\"_blank\" rel=\"noreferrer noopener\">Antoine Lilti. La Ilustraci\u00f3n, entre pasado y presente<\/a><\/p>\n\n\n\n<p>Gabriela Goldin Marcovich<\/p>\n\n\n\n<p><a href=\"https:\/\/prismas.unq.edu.ar\/OJS\/index.php\/Prismas\/article\/view\/Lilti_prismas24\" target=\"_blank\" rel=\"noreferrer noopener\">Todo nos concierne<\/a><\/p>\n\n\n\n<p>Antoine Lilti<\/p>\n<\/div><\/details>\n\n\n\n<details class=\"wp-block-themeisle-blocks-accordion-item animated backInDown slow\"><summary class=\"wp-block-themeisle-blocks-accordion-item__title\"><div>DOSSIER: Izquierdas y derechas en el siglo XX argentino. Once intervenciones sobre la vida de las categor\u00edas<\/div><\/summary><div class=\"wp-block-themeisle-blocks-accordion-item__content\">\n<p><a href=\"https:\/\/prismas.unq.edu.ar\/OJS\/index.php\/Prismas\/article\/view\/Bohoslavsky_prismas24\" target=\"_blank\" rel=\"noreferrer noopener\">Izquierdas y derechas. Una introducci\u00f3n<\/a><\/p>\n\n\n\n<p>Ana Clarisa Ag\u00fcero, Ernesto Bohoslavsky<\/p>\n\n\n\n<p><a href=\"https:\/\/prismas.unq.edu.ar\/OJS\/index.php\/Prismas\/article\/view\/Altamirano_prismas24\" target=\"_blank\" rel=\"noreferrer noopener\">Izquierda(s). Breve ensayo sobre la gestaci\u00f3n de una noci\u00f3n del lenguaje pol\u00edtico moderno<\/a><\/p>\n\n\n\n<p>Carlos Altamirano<\/p>\n\n\n\n<p><a href=\"https:\/\/prismas.unq.edu.ar\/OJS\/index.php\/Prismas\/article\/view\/Mauro_prismas24\" target=\"_blank\" rel=\"noreferrer noopener\">\u00bfV\u00eda del medio o callej\u00f3n sin salida? Los dem\u00f3cratacristianos en la Argentina desde comienzos del siglo XX hasta la d\u00e9cada de 1960<\/a><\/p>\n\n\n\n<p>Diego Mauro<\/p>\n\n\n\n<p><a href=\"https:\/\/prismas.unq.edu.ar\/OJS\/index.php\/Prismas\/article\/view\/Ribadero_prismas24\" target=\"_blank\" rel=\"noreferrer noopener\">\u00bfNacionalistas? \u00bfPeronistas? \u00bfSocialistas? A prop\u00f3sito de la categor\u00eda de \u201cizquierda nacional\u201d en el escenario ideol\u00f3gico argentino<\/a><\/p>\n\n\n\n<p>Mart\u00edn Ribadero<\/p>\n\n\n\n<p><a href=\"https:\/\/prismas.unq.edu.ar\/OJS\/index.php\/Prismas\/article\/view\/Ehrlich_prismas24\" target=\"_blank\" rel=\"noreferrer noopener\">Cuando la revoluci\u00f3n cambia de signo. La \u201cizquierda\u201d del peronismo como objeto de deseo y de represi\u00f3n<\/a><\/p>\n\n\n\n<p>Laura Ehrlich<\/p>\n\n\n\n<p><a href=\"https:\/\/prismas.unq.edu.ar\/OJS\/index.php\/Prismas\/article\/view\/Martinez_prismas24\" target=\"_blank\" rel=\"noreferrer noopener\">Clasificar lo inclasificable: izquierda y derecha como categor\u00edas nativas<\/a><\/p>\n\n\n\n<p>Ana Teresa Mart\u00ednez<\/p>\n\n\n\n<p><a href=\"https:\/\/prismas.unq.edu.ar\/OJS\/index.php\/Prismas\/article\/view\/Moyano_prismas24\">Las fuerzas pol\u00edticas cordobesas entre el orden notabiliar y la ampliaci\u00f3n de la democracia. Consideraciones en torno a los conceptos de derechas e izquierdas<\/a><\/p>\n\n\n\n<p>Javier Moyano<\/p>\n\n\n\n<p><a href=\"https:\/\/prismas.unq.edu.ar\/OJS\/index.php\/Prismas\/article\/view\/Mazzola_prismas24\" target=\"_blank\" rel=\"noreferrer noopener\">\u00bfQu\u00e9 queda de izquierda en el \u201csocialismo democr\u00e1tico\u201d de Ghioldi? El Partido Socialista argentino a la luz de las categor\u00edas izquierda y derecha (1946-1955)<\/a><\/p>\n\n\n\n<p>Ricardo Mart\u00ednez Mazzola<\/p>\n\n\n\n<p><a href=\"https:\/\/prismas.unq.edu.ar\/OJS\/index.php\/Prismas\/article\/view\/Losada_prismas24\" target=\"_blank\" rel=\"noreferrer noopener\">Liberalismo y derechas en la Argentina, 1912-1943. Apuestas interpretativas, posibilidades y l\u00edmites<\/a><\/p>\n\n\n\n<p>Leandro Losada<\/p>\n\n\n\n<p><a href=\"https:\/\/prismas.unq.edu.ar\/OJS\/index.php\/Prismas\/article\/view\/Lvovich_prismas24\">Las derechas nacionalistas frente al peronismo<\/a><\/p>\n\n\n\n<p>Daniel Lvovich<\/p>\n\n\n\n<p><a href=\"https:\/\/prismas.unq.edu.ar\/OJS\/index.php\/Prismas\/article\/view\/Zanca_prismas24\" target=\"_blank\" rel=\"noreferrer noopener\">Apuntes sobre la izquierda cristiana y la secularizaci\u00f3n en la Argentina<\/a><\/p>\n\n\n\n<p>Jos\u00e9 Zanca<\/p>\n\n\n\n<p><a href=\"https:\/\/prismas.unq.edu.ar\/OJS\/index.php\/Prismas\/article\/view\/Pittaluga_prismas24\">Notas par<\/a><a href=\"https:\/\/prismas.unq.edu.ar\/OJS\/index.php\/Prismas\/article\/view\/Pittaluga_prismas24\" target=\"_blank\" rel=\"noreferrer noopener\">a<\/a><a href=\"https:\/\/prismas.unq.edu.ar\/OJS\/index.php\/Prismas\/article\/view\/Pittaluga_prismas24\"> una historia de la izquierda<\/a><\/p>\n\n\n\n<p>Roberto Pittaluga<\/p>\n<\/div><\/details>\n\n\n\n<details class=\"wp-block-themeisle-blocks-accordion-item animated backInDown slower\"><summary class=\"wp-block-themeisle-blocks-accordion-item__title\"><div>LECTURAS<\/div><\/summary><div class=\"wp-block-themeisle-blocks-accordion-item__content\">\n<p><strong>Sobre <em>Estaciones <\/em>(Ampersand, 2019), de Carlos Altamirano<\/strong><\/p>\n\n\n\n<p><a href=\"https:\/\/prismas.unq.edu.ar\/OJS\/index.php\/Prismas\/article\/view\/Gorelik_prismas24\" target=\"_blank\" rel=\"noreferrer noopener\">Presentaci\u00f3n<\/a><\/p>\n\n\n\n<p>Adri\u00e1n Gorelik<\/p>\n\n\n\n<p><a href=\"https:\/\/prismas.unq.edu.ar\/OJS\/index.php\/Prismas\/article\/view\/Petra_prismas24\" target=\"_blank\" rel=\"noreferrer noopener\">El lector militante<\/a><\/p>\n\n\n\n<p>Adriana Petra<\/p>\n\n\n\n<p><a href=\"https:\/\/prismas.unq.edu.ar\/OJS\/index.php\/Prismas\/article\/view\/Aguilar_prismas24\" target=\"_blank\" rel=\"noreferrer noopener\">Carlos Altamirano: los comienzos y la cadencia de las escrituras<\/a><\/p>\n\n\n\n<p>Gonzalo Aguilar<\/p>\n\n\n\n<p><a href=\"https:\/\/prismas.unq.edu.ar\/OJS\/index.php\/Prismas\/article\/view\/Devoto_prismas24\" target=\"_blank\" rel=\"noreferrer noopener\">Carlos Altamirano, historiador<\/a><\/p>\n\n\n\n<p>Fernando J. Devoto<\/p>\n\n\n\n<div id=\"wp-block-themeisle-blocks-accordion-ffb0ace6\" class=\"wp-block-themeisle-blocks-accordion exclusive\">\n<details class=\"wp-block-themeisle-blocks-accordion-item\"><summary class=\"wp-block-themeisle-blocks-accordion-item__title\"><div>T\u00edtulo de acorde\u00f3n 1<\/div><\/summary><div class=\"wp-block-themeisle-blocks-accordion-item__content\">\n<p>Se trata de un marcador de posici\u00f3n del contenido de la pesta\u00f1a. Es importante tener la informaci\u00f3n necesaria en el bloque, pero en esta fase, es s\u00f3lo un marcador de posici\u00f3n para ayudarte a visualizar c\u00f3mo se muestra el contenido. Si\u00e9ntete libre de editarlo con tu contenido real.<\/p>\n<\/div><\/details>\n\n\n\n<details class=\"wp-block-themeisle-blocks-accordion-item\"><summary class=\"wp-block-themeisle-blocks-accordion-item__title\"><div>T\u00edtulo 2 del acorde\u00f3n<\/div><\/summary><div class=\"wp-block-themeisle-blocks-accordion-item__content\">\n<p>Se trata de un marcador de posici\u00f3n del contenido de la pesta\u00f1a. Es importante tener la informaci\u00f3n necesaria en el bloque, pero en esta fase, es s\u00f3lo un marcador de posici\u00f3n para ayudarte a visualizar c\u00f3mo se muestra el contenido. Si\u00e9ntete libre de editarlo con tu contenido real.<\/p>\n<\/div><\/details>\n<\/div>\n\n\n\n<div id=\"wp-block-themeisle-blocks-accordion-9651f8d2\" class=\"wp-block-themeisle-blocks-accordion exclusive\">\n<details class=\"wp-block-themeisle-blocks-accordion-item\"><summary class=\"wp-block-themeisle-blocks-accordion-item__title\"><div>T\u00edtulo de acorde\u00f3n 1<\/div><\/summary><div class=\"wp-block-themeisle-blocks-accordion-item__content\">\n<p>Se trata de un marcador de posici\u00f3n del contenido de la pesta\u00f1a. Es importante tener la informaci\u00f3n necesaria en el bloque, pero en esta fase, es s\u00f3lo un marcador de posici\u00f3n para ayudarte a visualizar c\u00f3mo se muestra el contenido. Si\u00e9ntete libre de editarlo con tu contenido real.<\/p>\n<\/div><\/details>\n\n\n\n<details class=\"wp-block-themeisle-blocks-accordion-item\"><summary class=\"wp-block-themeisle-blocks-accordion-item__title\"><div>T\u00edtulo 2 del acorde\u00f3n<\/div><\/summary><div class=\"wp-block-themeisle-blocks-accordion-item__content\">\n<p>Se trata de un marcador de posici\u00f3n del contenido de la pesta\u00f1a. Es importante tener la informaci\u00f3n necesaria en el bloque, pero en esta fase, es s\u00f3lo un marcador de posici\u00f3n para ayudarte a visualizar c\u00f3mo se muestra el contenido. Si\u00e9ntete libre de editarlo con tu contenido real.<\/p>\n<\/div><\/details>\n<\/div>\n<\/div><\/details>\n\n\n\n<details class=\"wp-block-themeisle-blocks-accordion-item animated backInDown slower delay-100ms\"><summary class=\"wp-block-themeisle-blocks-accordion-item__title\"><div>RESE\u00d1AS<\/div><\/summary><div class=\"wp-block-themeisle-blocks-accordion-item__content\">\n<p><a href=\"https:\/\/prismas.unq.edu.ar\/OJS\/index.php\/Prismas\/article\/view\/Freijomil2_prismas24\">Barbara Cassin (dir.), Jaime Labastida (coord.), Vocabulario de las filosof\u00edas occidentales. Diccionar<\/a><a href=\"https:\/\/prismas.unq.edu.ar\/OJS\/index.php\/Prismas\/article\/view\/Freijomil2_prismas24\" target=\"_blank\" rel=\"noreferrer noopener\">i<\/a><a href=\"https:\/\/prismas.unq.edu.ar\/OJS\/index.php\/Prismas\/article\/view\/Freijomil2_prismas24\">o de los intraducibles<\/a><\/p>\n\n\n\n<p>Andr\u00e9s G. Freijomil<\/p>\n\n\n\n<p><a href=\"https:\/\/prismas.unq.edu.ar\/OJS\/index.php\/Prismas\/article\/view\/DiLiscia_prismas24\" target=\"_blank\" rel=\"noreferrer noopener\">Marisa Gonz\u00e1lez de Oleaga, Itinerarios. Historiograf\u00eda y posmodernidad<\/a><\/p>\n\n\n\n<p>Mar\u00eda Silvia Di Liscia<\/p>\n\n\n\n<p><a href=\"https:\/\/prismas.unq.edu.ar\/OJS\/index.php\/Prismas\/article\/view\/Caravaca_prismas24\" target=\"_blank\" rel=\"noreferrer noopener\">Federico Neiburg y Jane I. Guyer (eds.), The Real Economy: Essays in Ethnographic Theory<\/a><\/p>\n\n\n\n<p>Jimena Caravaca<\/p>\n\n\n\n<p><a href=\"https:\/\/prismas.unq.edu.ar\/OJS\/index.php\/Prismas\/article\/view\/Zunino_prismas24\" target=\"_blank\" rel=\"noreferrer noopener\">John Krige (ed.), How Knowledge Moves. Writing the Transnational History of Science and Technology<\/a><\/p>\n\n\n\n<p>Dhan Zunino Singh<\/p>\n\n\n\n<p><a href=\"https:\/\/prismas.unq.edu.ar\/OJS\/index.php\/Prismas\/article\/view\/Esposito_prismas24\" target=\"_blank\" rel=\"noreferrer noopener\">Jos\u00e9 Luis de Diego, Los autores no escriben libros. Nuevos aportes a la historia de la edici\u00f3n<\/a><\/p>\n\n\n\n<p>Fabio Esposito<\/p>\n\n\n\n<p><a href=\"https:\/\/prismas.unq.edu.ar\/OJS\/index.php\/Prismas\/article\/view\/Ragas_prismas24\" target=\"_blank\" rel=\"noreferrer noopener\">Richard J. Evans, Eric Hobsbawm. A Life in History<\/a><\/p>\n\n\n\n<p>Jos\u00e9 Ragas<\/p>\n\n\n\n<p><a href=\"https:\/\/prismas.unq.edu.ar\/OJS\/index.php\/Prismas\/article\/view\/Pimentel_prismas24\" target=\"_blank\" rel=\"noreferrer noopener\">Jos\u00e9 Emilio Buruc\u00faa y Nicol\u00e1s Kwiatkowski, Historia natural y m\u00edtica de los elefantes<\/a><\/p>\n\n\n\n<p>Juan Pimentel<\/p>\n\n\n\n<p><a href=\"https:\/\/prismas.unq.edu.ar\/OJS\/index.php\/Prismas\/article\/view\/Freijomil_prismas24\" target=\"_blank\" rel=\"noreferrer noopener\">Carolina Mart\u00ednez, Mundos perfectos y extra\u00f1os en los confines del Orbis Terrarum. Utop\u00eda y expansi\u00f3n ultramarina en la modernidad temprana (siglos XVI-XVIII)<\/a><\/p>\n\n\n\n<p>Andr\u00e9s G. Freijomil<\/p>\n\n\n\n<p><a href=\"https:\/\/prismas.unq.edu.ar\/OJS\/index.php\/Prismas\/article\/view\/Ba%C3%B1a_prismas24\" target=\"_blank\" rel=\"noreferrer noopener\">Sheila Fitzpatrick, La vida cotidiana durante el estalinismo. C\u00f3mo viv\u00eda y sobreviv\u00eda la gente com\u00fan en la Rusia sovi\u00e9tica,<\/a><\/p>\n\n\n\n<p>Mart\u00edn Ba\u00f1a<\/p>\n\n\n\n<p><a href=\"https:\/\/prismas.unq.edu.ar\/OJS\/index.php\/Prismas\/article\/view\/Estruch_prismas24\" target=\"_blank\" rel=\"noreferrer noopener\">Paula L\u00f3pez Caballero y Christophe Giudicelli (eds.), Reg\u00edmenes de alteridad. Estados-Naci\u00f3n y alteridades ind\u00edgenas en Am\u00e9rica Latina, 1810-1950<\/a><\/p>\n\n\n\n<p>Dolores Estruch<\/p>\n\n\n\n<p><a href=\"https:\/\/prismas.unq.edu.ar\/OJS\/index.php\/Prismas\/article\/view\/Entin_prismas24\" target=\"_blank\" rel=\"noreferrer noopener\">Gabriel Cid, Pensar la Revoluci\u00f3n. Historia intelectual de la independencia chilena<\/a><\/p>\n\n\n\n<p>Gabriel Entin<\/p>\n\n\n\n<p><a href=\"https:\/\/prismas.unq.edu.ar\/OJS\/index.php\/Prismas\/article\/view\/Segade_prismas24\" target=\"_blank\" rel=\"noreferrer noopener\">Javier Uriarte, The Desertmakers. Travel, War, and the State in Latin America<\/a><\/p>\n\n\n\n<p>Lara Segade<\/p>\n\n\n\n<p><a href=\"https:\/\/prismas.unq.edu.ar\/OJS\/index.php\/Prismas\/article\/view\/Myers_prismas24\" target=\"_blank\" rel=\"noreferrer noopener\">Claudio Lomnitz, Nuestra Am\u00e9rica. Utop\u00eda y persistencia de una familia jud\u00eda<\/a><\/p>\n\n\n\n<p>Jorge Myers<\/p>\n\n\n\n<p><a href=\"https:\/\/prismas.unq.edu.ar\/OJS\/index.php\/Prismas\/article\/view\/Lomnitz_prismas24\" target=\"_blank\" rel=\"noreferrer noopener\">Mart\u00edn Bergel, La desmesura revolucionaria: Cultura y pol\u00edtica en los or\u00edgenes del APRA<\/a><\/p>\n\n\n\n<p>Claudio Lomnitz<\/p>\n\n\n\n<p><a href=\"https:\/\/prismas.unq.edu.ar\/OJS\/index.php\/Prismas\/article\/view\/Rojas_prismas24\" target=\"_blank\" rel=\"noreferrer noopener\">Fernando Degiovanni, Vernacular Latinamericanisms. War, the Market, and the Making of a Discipline<\/a><\/p>\n\n\n\n<p>Rafael Rojas<\/p>\n\n\n\n<p><a href=\"https:\/\/prismas.unq.edu.ar\/OJS\/index.php\/Prismas\/article\/view\/Alarcon_prismas24\" target=\"_blank\" rel=\"noreferrer noopener\">Cecilia Nuria Gil Mari\u00f1o, Negocios de cine. Circuitos del entretenimiento, diplomacia cultural y Naci\u00f3n en los inicios del sonoro en Argentina y Brasil<\/a><\/p>\n\n\n\n<p>Mar\u00eda Julia Alarc\u00f3n<\/p>\n\n\n\n<p><a href=\"https:\/\/prismas.unq.edu.ar\/OJS\/index.php\/Prismas\/article\/view\/Suarez-prismas24\" target=\"_blank\" rel=\"noreferrer noopener\">Ezequiel Adamovsky, El gaucho ind\u00f3mito. De Mart\u00edn Fierro a Per\u00f3n, el emblema imposible de una naci\u00f3n desgarrada<\/a><\/p>\n\n\n\n<p>Nicol\u00e1s Su\u00e1rez<\/p>\n\n\n\n<p><a href=\"https:\/\/prismas.unq.edu.ar\/OJS\/index.php\/Prismas\/article\/view\/Bustamante_prismas24\" target=\"_blank\" rel=\"noreferrer noopener\">Leandro Losada, Maquiavelo en la Argentina. Usos y lecturas, 1830-1940<\/a><\/p>\n\n\n\n<p>Gonzalo Bustamante Kuschel<\/p>\n\n\n\n<p><a href=\"https:\/\/prismas.unq.edu.ar\/OJS\/index.php\/Prismas\/article\/view\/Gayol_prismas24\" target=\"_blank\" rel=\"noreferrer noopener\">Mar\u00eda Bjerg, Lazos rotos. La inmigraci\u00f3n, el matrimonio y las emociones en la Argentina entre los siglos XIX y XX<\/a><\/p>\n\n\n\n<p>Sandra Gayol<\/p>\n\n\n\n<p><a href=\"https:\/\/prismas.unq.edu.ar\/OJS\/index.php\/Prismas\/article\/view\/Cormick_prismas24\" target=\"_blank\" rel=\"noreferrer noopener\">Mar\u00eda Celia V\u00e1zquez,<\/a> <a href=\"https:\/\/prismas.unq.edu.ar\/OJS\/index.php\/Prismas\/article\/view\/Cormick_prismas24\">Victoria Ocampo, cronista outsider<\/a><\/p>\n\n\n\n<p>Silvina Cormick<\/p>\n\n\n\n<p><a href=\"https:\/\/prismas.unq.edu.ar\/OJS\/index.php\/Prismas\/article\/view\/Ballent_prismas24\" target=\"_blank\" rel=\"noreferrer noopener\">Elisa Pastoriza y Juan Carlos Torre, Mar del Plata. Un sue\u00f1o de los argentinos<\/a><\/p>\n\n\n\n<p>Anahi Ballent<\/p>\n\n\n\n<p><a href=\"https:\/\/prismas.unq.edu.ar\/OJS\/index.php\/Prismas\/article\/view\/Benassai_prismas24\">Marina Franco, El final del silencio. Dictadura, sociedad y derechos humanos en la transici\u00f3n (Argenti<\/a><a href=\"https:\/\/prismas.unq.edu.ar\/OJS\/index.php\/Prismas\/article\/view\/Benassai_prismas24\" target=\"_blank\" rel=\"noreferrer noopener\">n<\/a><a href=\"https:\/\/prismas.unq.edu.ar\/OJS\/index.php\/Prismas\/article\/view\/Benassai_prismas24\">a, 1979-1983)<\/a><\/p>\n\n\n\n<p>Paola Benassai<\/p>\n\n\n\n<p><a href=\"https:\/\/prismas.unq.edu.ar\/OJS\/index.php\/Prismas\/article\/view\/Aguero_prismas24\" target=\"_blank\" rel=\"noreferrer noopener\">Manfredo Tafuri, Fernando Aliata, Anahi Ballent, Alejandro Crispiani, Mercedes Daguerre, Adri\u00e1n Gorelik, Jorge Francisco Liernur, Graciela Silvestri, Tafuri en Argentina<\/a><\/p>\n\n\n\n<p>Ana Clarisa Ag\u00fcero<\/p>\n\n\n\n<div id=\"wp-block-themeisle-blocks-accordion-9db99f43\" class=\"wp-block-themeisle-blocks-accordion exclusive\">\n<details class=\"wp-block-themeisle-blocks-accordion-item\"><summary class=\"wp-block-themeisle-blocks-accordion-item__title\"><div>T\u00edtulo de acorde\u00f3n 1<\/div><\/summary><div class=\"wp-block-themeisle-blocks-accordion-item__content\">\n<p>Se trata de un marcador de posici\u00f3n del contenido de la pesta\u00f1a. Es importante tener la informaci\u00f3n necesaria en el bloque, pero en esta fase, es s\u00f3lo un marcador de posici\u00f3n para ayudarte a visualizar c\u00f3mo se muestra el contenido. Si\u00e9ntete libre de editarlo con tu contenido real.<\/p>\n<\/div><\/details>\n\n\n\n<details class=\"wp-block-themeisle-blocks-accordion-item\"><summary class=\"wp-block-themeisle-blocks-accordion-item__title\"><div>T\u00edtulo 2 del acorde\u00f3n<\/div><\/summary><div class=\"wp-block-themeisle-blocks-accordion-item__content\">\n<p>Se trata de un marcador de posici\u00f3n del contenido de la pesta\u00f1a. Es importante tener la informaci\u00f3n necesaria en el bloque, pero en esta fase, es s\u00f3lo un marcador de posici\u00f3n para ayudarte a visualizar c\u00f3mo se muestra el contenido. Si\u00e9ntete libre de editarlo con tu contenido real.<\/p>\n<\/div><\/details>\n<\/div>\n<\/div><\/details>\n\n\n\n<details class=\"wp-block-themeisle-blocks-accordion-item animated backInDown slower delay-100ms\"><summary class=\"wp-block-themeisle-blocks-accordion-item__title\"><div>FICHAS<\/div><\/summary><div class=\"wp-block-themeisle-blocks-accordion-item__content\">\n<p><a href=\"https:\/\/prismas.unq.edu.ar\/OJS\/index.php\/Prismas\/article\/view\/Heredia_prismas24\" target=\"_blank\" rel=\"noreferrer noopener\"><strong>Libros fichados:<\/strong> Pablo Manolo Rodr\u00edguez, <em>Las palabras en las cosas<\/em> \/ Fabio Wasserman (comp.), <em>El mundo en movimiento<\/em> \/ Berverly Adams y Natalia Majluf (eds.), <em>Redes de vanguardia<\/em>\/ Pedro Demenech, <em>Velhos e novos mundos<\/em> \/ Maximiliano Fiquepron, <em>Morir en las grandes pestes <\/em>\/ Josep Sabah, <em>Entre lenguas y mundos<\/em> \/ Mariana Luzzi y Ariel Wilkis, <em>El d\u00f3lar<\/em> \/ Cecilia Dur\u00e1n, <em>Arquitectura como arte p\u00fablico<\/em> \/ Enriqueta Mu\u00f1iz, <em>Historia de una investigaci\u00f3n<\/em> \/ Mar\u00eda Fernanda Alle, <em>Una po\u00e9tica de la convocatoria<\/em><\/a><\/p>\n\n\n\n<p>Autores: Juan Manuel Heredia, Gabriel Entin, Mart\u00edn Bergel, Ximena Espeche, Anahi Ballent, Flavia Fiorucci, Ricardo Mart\u00ednez Mazzola, Sebastian Malecki, Ximena Espeche, Laura Prado Acosta<\/p>\n\n\n\n<div id=\"wp-block-themeisle-blocks-accordion-7b6d24ea\" class=\"wp-block-themeisle-blocks-accordion exclusive\">\n<details class=\"wp-block-themeisle-blocks-accordion-item\"><summary class=\"wp-block-themeisle-blocks-accordion-item__title\"><div>T\u00edtulo de acorde\u00f3n 1<\/div><\/summary><div class=\"wp-block-themeisle-blocks-accordion-item__content\">\n<p>Se trata de un marcador de posici\u00f3n del contenido de la pesta\u00f1a. Es importante tener la informaci\u00f3n necesaria en el bloque, pero en esta fase, es s\u00f3lo un marcador de posici\u00f3n para ayudarte a visualizar c\u00f3mo se muestra el contenido. Si\u00e9ntete libre de editarlo con tu contenido real.<\/p>\n<\/div><\/details>\n\n\n\n<details class=\"wp-block-themeisle-blocks-accordion-item\"><summary class=\"wp-block-themeisle-blocks-accordion-item__title\"><div>T\u00edtulo 2 del acorde\u00f3n<\/div><\/summary><div class=\"wp-block-themeisle-blocks-accordion-item__content\">\n<p>Se trata de un marcador de posici\u00f3n del contenido de la pesta\u00f1a. Es importante tener la informaci\u00f3n necesaria en el bloque, pero en esta fase, es s\u00f3lo un marcador de posici\u00f3n para ayudarte a visualizar c\u00f3mo se muestra el contenido. Si\u00e9ntete libre de editarlo con tu contenido real.<\/p>\n<\/div><\/details>\n<\/div>\n<\/div><\/details>\n<\/div>\n<\/div>\n<\/div><\/div>\n","protected":false},"excerpt":{"rendered":"","protected":false},"author":3,"featured_media":78,"comment_status":"closed","ping_status":"closed","sticky":false,"template":"","format":"standard","meta":{"_themeisle_gutenberg_block_has_review":false,"footnotes":""},"categories":[5],"tags":[10,6,8],"class_list":["post-466","post","type-post","status-publish","format-standard","has-post-thumbnail","hentry","category-indice-general","tag-25-anos","tag-historia-intelectual","tag-prismas"],"_links":{"self":[{"href":"https:\/\/historiaintelectual.com.ar\/indiceprismas\/wp-json\/wp\/v2\/posts\/466","targetHints":{"allow":["GET"]}}],"collection":[{"href":"https:\/\/historiaintelectual.com.ar\/indiceprismas\/wp-json\/wp\/v2\/posts"}],"about":[{"href":"https:\/\/historiaintelectual.com.ar\/indiceprismas\/wp-json\/wp\/v2\/types\/post"}],"author":[{"embeddable":true,"href":"https:\/\/historiaintelectual.com.ar\/indiceprismas\/wp-json\/wp\/v2\/users\/3"}],"replies":[{"embeddable":true,"href":"https:\/\/historiaintelectual.com.ar\/indiceprismas\/wp-json\/wp\/v2\/comments?post=466"}],"version-history":[{"count":3,"href":"https:\/\/historiaintelectual.com.ar\/indiceprismas\/wp-json\/wp\/v2\/posts\/466\/revisions"}],"predecessor-version":[{"id":2942,"href":"https:\/\/historiaintelectual.com.ar\/indiceprismas\/wp-json\/wp\/v2\/posts\/466\/revisions\/2942"}],"wp:featuredmedia":[{"embeddable":true,"href":"https:\/\/historiaintelectual.com.ar\/indiceprismas\/wp-json\/wp\/v2\/media\/78"}],"wp:attachment":[{"href":"https:\/\/historiaintelectual.com.ar\/indiceprismas\/wp-json\/wp\/v2\/media?parent=466"}],"wp:term":[{"taxonomy":"category","embeddable":true,"href":"https:\/\/historiaintelectual.com.ar\/indiceprismas\/wp-json\/wp\/v2\/categories?post=466"},{"taxonomy":"post_tag","embeddable":true,"href":"https:\/\/historiaintelectual.com.ar\/indiceprismas\/wp-json\/wp\/v2\/tags?post=466"}],"curies":[{"name":"wp","href":"https:\/\/api.w.org\/{rel}","templated":true}]}}