{"id":461,"date":"2023-02-27T22:02:08","date_gmt":"2023-02-27T22:02:08","guid":{"rendered":"https:\/\/historiaintelectual.com.ar\/indiceprismas\/?p=461"},"modified":"2025-05-26T17:40:42","modified_gmt":"2025-05-26T17:40:42","slug":"vol-23-2019","status":"publish","type":"post","link":"https:\/\/historiaintelectual.com.ar\/indiceprismas\/vol-23-2019\/","title":{"rendered":"VOL. 23 (2019"},"content":{"rendered":"\n<div id=\"wp-block-themeisle-blocks-advanced-columns-6a350af5\" class=\"wp-block-themeisle-blocks-advanced-columns has-2-columns has-desktop-oneTwo-layout has-tablet-equal-layout has-mobile-collapsedRows-layout has-vertical-unset\"><div class=\"wp-block-themeisle-blocks-advanced-columns-overlay\"><\/div><div class=\"innerblocks-wrap\">\n<div id=\"wp-block-themeisle-blocks-advanced-column-726330eb\" class=\"wp-block-themeisle-blocks-advanced-column\">\n<figure class=\"wp-block-image size-full is-resized o-sticky o-sticky-pos-top o-sticky-bhvr-keep o-sticky-scope-parent\"><img loading=\"lazy\" decoding=\"async\" width=\"377\" height=\"550\" src=\"http:\/\/historiaintelectual.com.ar\/indiceprismas\/wp-content\/uploads\/2023\/02\/23.jpg\" alt=\"\" class=\"wp-image-79\" style=\"width:314px;height:458px\" srcset=\"https:\/\/historiaintelectual.com.ar\/indiceprismas\/wp-content\/uploads\/2023\/02\/23.jpg 377w, https:\/\/historiaintelectual.com.ar\/indiceprismas\/wp-content\/uploads\/2023\/02\/23-206x300.jpg 206w, https:\/\/historiaintelectual.com.ar\/indiceprismas\/wp-content\/uploads\/2023\/02\/23-103x150.jpg 103w, https:\/\/historiaintelectual.com.ar\/indiceprismas\/wp-content\/uploads\/2023\/02\/23-360x525.jpg 360w\" sizes=\"auto, (max-width: 377px) 100vw, 377px\" \/><\/figure>\n<\/div>\n\n\n\n<div id=\"wp-block-themeisle-blocks-advanced-column-af3f0557\" class=\"wp-block-themeisle-blocks-advanced-column\">\n<div id=\"wp-block-themeisle-blocks-accordion-99585927\" class=\"wp-block-themeisle-blocks-accordion exclusive\">\n<details class=\"wp-block-themeisle-blocks-accordion-item animated backInDown\"><summary class=\"wp-block-themeisle-blocks-accordion-item__title\"><div>ART\u00cdCULOS<\/div><\/summary><div class=\"wp-block-themeisle-blocks-accordion-item__content\">\n<p><a href=\"https:\/\/prismas.unq.edu.ar\/OJS\/index.php\/Prismas\/article\/view\/Campora_prismas23\" target=\"_blank\" rel=\"noreferrer noopener\"><em>Las flores del mal<\/em>, de Charles Baudelaire, una historia material<\/a><\/p>\n\n\n\n<p>Magdalena C\u00e1mpora<\/p>\n\n\n\n<p><a href=\"https:\/\/prismas.unq.edu.ar\/OJS\/index.php\/Prismas\/article\/view\/Castelfranco_prismas23\" target=\"_blank\" rel=\"noreferrer noopener\">Efervescencia y desencanto. El joven F\u00e9lix Fr\u00edas como dem\u00f3crata \u2013cristiano\u2013 radical<\/a><\/p>\n\n\n\n<p>Diego Castelfranco<\/p>\n\n\n\n<p><a href=\"https:\/\/prismas.unq.edu.ar\/OJS\/index.php\/Prismas\/article\/view\/Hora_prismas23\" target=\"_blank\" rel=\"noreferrer noopener\">Izquierda y clases populares en la Argentina, 1880-1945<\/a><\/p>\n\n\n\n<p>Roy Hora<\/p>\n\n\n\n<p><a href=\"https:\/\/prismas.unq.edu.ar\/OJS\/index.php\/Prismas\/article\/view\/Persello_prismas23\" target=\"_blank\" rel=\"noreferrer noopener\">La \u201ceconom\u00eda dirigida\u201d: itinerario de un concepto y balance de una experiencia<\/a><\/p>\n\n\n\n<p>Ana Virginia Persello<\/p>\n\n\n\n<p><a href=\"https:\/\/prismas.unq.edu.ar\/OJS\/index.php\/Prismas\/article\/view\/Raggio_prismas23\" target=\"_blank\" rel=\"noreferrer noopener\">Thomas Merton en Latinoam\u00e9rica. Su presencia en la revista <em>Sur<\/em><\/a><\/p>\n\n\n\n<p>Marcela Raggio<\/p>\n\n\n\n<p><a href=\"https:\/\/prismas.unq.edu.ar\/OJS\/index.php\/Prismas\/article\/view\/Chiaramonte_prismas23\" target=\"_blank\" rel=\"noreferrer noopener\">Reflexiones sobre la obra de Tulio Halperin<\/a><\/p>\n\n\n\n<p>Jos\u00e9 Carlos Chiaramonte<\/p>\n<\/div><\/details>\n\n\n\n<details class=\"wp-block-themeisle-blocks-accordion-item animated backInDown slow\"><summary class=\"wp-block-themeisle-blocks-accordion-item__title\"><div>ARGUMENTOS<\/div><\/summary><div class=\"wp-block-themeisle-blocks-accordion-item__content\">\n<p><a href=\"https:\/\/prismas.unq.edu.ar\/OJS\/index.php\/Prismas\/article\/view\/Entin_prismas23\">Presentaci\u00f3n<\/a><a href=\"https:\/\/prismas.unq.edu.ar\/OJS\/index.php\/Prismas\/article\/view\/Entin_prismas23\">:&nbsp;El republicanismo atl\u00e1ntico y su laberinto<\/a><\/p>\n\n\n\n<p>Gabriel Entin<\/p>\n\n\n\n<p><a href=\"https:\/\/prismas.unq.edu.ar\/OJS\/index.php\/Prismas\/article\/view\/Thibaud_prismas23\">Para una historia polic\u00e9ntrica de los republicani<\/a><a href=\"https:\/\/prismas.unq.edu.ar\/OJS\/index.php\/Prismas\/article\/view\/Thibaud_prismas23\" target=\"_blank\" rel=\"noreferrer noopener\">s<\/a><a href=\"https:\/\/prismas.unq.edu.ar\/OJS\/index.php\/Prismas\/article\/view\/Thibaud_prismas23\">mos atl\u00e1nticos (1770-1880)<\/a><\/p>\n\n\n\n<p>Cl\u00e9ment Thibaud<\/p>\n\n\n\n<p><a href=\"https:\/\/prismas.unq.edu.ar\/OJS\/index.php\/Prismas\/article\/view\/Sabato_prismas23\" target=\"_blank\" rel=\"noreferrer noopener\">Republicanismo: el laboratorio americano. Comentario al art\u00edculo de Cl\u00e9ment Thibaud<\/a><\/p>\n\n\n\n<p>Hilda Sabato<\/p>\n\n\n\n<p><a href=\"https:\/\/prismas.unq.edu.ar\/OJS\/index.php\/Prismas\/article\/view\/Ternavasio_prismas23\" target=\"_blank\" rel=\"noreferrer noopener\">El republicanismo atl\u00e1ntico en perspectiva antimperial. Comentario al art\u00edculo de Cl\u00e9ment Thibaud<\/a><\/p>\n\n\n\n<p>Marcela Ternavasio<\/p>\n<\/div><\/details>\n\n\n\n<details class=\"wp-block-themeisle-blocks-accordion-item animated backInDown slow\"><summary class=\"wp-block-themeisle-blocks-accordion-item__title\"><div>DOSSIER: Guerra fr\u00eda cultural en Am\u00e9rica Latina<\/div><\/summary><div class=\"wp-block-themeisle-blocks-accordion-item__content\">\n<p><a href=\"https:\/\/prismas.unq.edu.ar\/OJS\/index.php\/Prismas\/article\/view\/Espeche_Ehrlich_prismas23\" target=\"_blank\" rel=\"noreferrer noopener\">Presentaci\u00f3n: Guerra fr\u00eda cultural en Am\u00e9rica Latina. Pr\u00e1cticas del saber en conflicto<\/a><\/p>\n\n\n\n<p>Ximena Espeche, Laura Ehrlich<\/p>\n\n\n\n<p><a href=\"https:\/\/prismas.unq.edu.ar\/OJS\/index.php\/Prismas\/article\/view\/Franco_prismas23\">En busca<\/a><a href=\"https:\/\/prismas.unq.edu.ar\/OJS\/index.php\/Prismas\/article\/view\/Franco_prismas23\" target=\"_blank\" rel=\"noreferrer noopener\"> <\/a><a href=\"https:\/\/prismas.unq.edu.ar\/OJS\/index.php\/Prismas\/article\/view\/Franco_prismas23\">de la \u201cguerra fr\u00eda\u201d. Culturas pol\u00edticas, procesos locales y circulaciones de largo plazo<\/a><\/p>\n\n\n\n<p>Marina Franco<\/p>\n\n\n\n<p><a href=\"https:\/\/prismas.unq.edu.ar\/OJS\/index.php\/Prismas\/article\/view\/Rojas_prismas23\" target=\"_blank\" rel=\"noreferrer noopener\">El concepto de Revoluci\u00f3n en Cuba<\/a><\/p>\n\n\n\n<p>Rafael Rojas<\/p>\n\n\n\n<p><a href=\"https:\/\/prismas.unq.edu.ar\/OJS\/index.php\/Prismas\/article\/view\/Sem%C3%A1n_prismas23\" target=\"_blank\" rel=\"noreferrer noopener\">\u201cOtra pel\u00edcula de negros\u201d. Cultura de masas y la larga guerra por el excepcionalismo nacional en Am\u00e9rica<\/a><\/p>\n\n\n\n<p>Ernesto Sem\u00e1n<\/p>\n\n\n\n<p><a href=\"https:\/\/prismas.unq.edu.ar\/OJS\/index.php\/Prismas\/article\/view\/Ridenti_prismas23\" target=\"_blank\" rel=\"noreferrer noopener\">Artistas comunistas latinoamericanos: nacionalismo y <em>star system<\/em> sovi\u00e9tico<\/a><\/p>\n\n\n\n<p>Marcelo Ridenti<\/p>\n\n\n\n<p><a href=\"https:\/\/prismas.unq.edu.ar\/OJS\/index.php\/Prismas\/article\/view\/Manzano_prismas23\" target=\"_blank\" rel=\"noreferrer noopener\">Al comp\u00e1s del deshielo: cultura y pol\u00edtica entre Buenos Aires y Mosc\u00fa<\/a><\/p>\n\n\n\n<p>Valeria Manzano<\/p>\n\n\n\n<p><a href=\"https:\/\/prismas.unq.edu.ar\/OJS\/index.php\/Prismas\/article\/view\/Jannello_prismas23\">Sem\u00e1nticas de la guerra fr\u00eda cultural. Las izquierdas democr\u00e1ticas latinoamericanas frente a la \u201ccruzada por <\/a><a href=\"https:\/\/prismas.unq.edu.ar\/OJS\/index.php\/Prismas\/article\/view\/Jannello_prismas23\" target=\"_blank\" rel=\"noreferrer noopener\">l<\/a><a href=\"https:\/\/prismas.unq.edu.ar\/OJS\/index.php\/Prismas\/article\/view\/Jannello_prismas23\">a libertad\u201d<\/a><\/p>\n\n\n\n<p>Karina Jannello<\/p>\n\n\n\n<p><a href=\"https:\/\/prismas.unq.edu.ar\/OJS\/index.php\/Prismas\/article\/view\/Marchesi_Markarian_prismas23\" target=\"_blank\" rel=\"noreferrer noopener\">Solari y Tr\u00edas. Dos trayectorias intelectuales en la guerra fr\u00eda<\/a><\/p>\n\n\n\n<p>Aldo Marchesi, Vania Markarian<\/p>\n\n\n\n<p><a href=\"https:\/\/prismas.unq.edu.ar\/OJS\/index.php\/Prismas\/article\/view\/Cosse_prismas23\" target=\"_blank\" rel=\"noreferrer noopener\">Conexi\u00f3n sensible. Pol\u00edtica, g\u00e9nero y afectos en la disputa por la memoria de Allende a escala global<\/a><\/p>\n\n\n\n<p>Isabella Cosse<\/p>\n<\/div><\/details>\n\n\n\n<details class=\"wp-block-themeisle-blocks-accordion-item animated backInDown slower\"><summary class=\"wp-block-themeisle-blocks-accordion-item__title\"><div>LECTURAS<\/div><\/summary><div class=\"wp-block-themeisle-blocks-accordion-item__content\">\n<p><a href=\"https:\/\/prismas.unq.edu.ar\/OJS\/index.php\/Prismas\/article\/view\/Ginzburg_prismas23\" target=\"_blank\" rel=\"noreferrer noopener\">Lecturas de Mauss<\/a><\/p>\n\n\n\n<p>Carlo Ginzburg<\/p>\n\n\n\n<div id=\"wp-block-themeisle-blocks-accordion-ffb0ace6\" class=\"wp-block-themeisle-blocks-accordion exclusive\">\n<details class=\"wp-block-themeisle-blocks-accordion-item\"><summary class=\"wp-block-themeisle-blocks-accordion-item__title\"><div>T\u00edtulo de acorde\u00f3n 1<\/div><\/summary><div class=\"wp-block-themeisle-blocks-accordion-item__content\">\n<p>Se trata de un marcador de posici\u00f3n del contenido de la pesta\u00f1a. Es importante tener la informaci\u00f3n necesaria en el bloque, pero en esta fase, es s\u00f3lo un marcador de posici\u00f3n para ayudarte a visualizar c\u00f3mo se muestra el contenido. Si\u00e9ntete libre de editarlo con tu contenido real.<\/p>\n<\/div><\/details>\n\n\n\n<details class=\"wp-block-themeisle-blocks-accordion-item\"><summary class=\"wp-block-themeisle-blocks-accordion-item__title\"><div>T\u00edtulo 2 del acorde\u00f3n<\/div><\/summary><div class=\"wp-block-themeisle-blocks-accordion-item__content\">\n<p>Se trata de un marcador de posici\u00f3n del contenido de la pesta\u00f1a. Es importante tener la informaci\u00f3n necesaria en el bloque, pero en esta fase, es s\u00f3lo un marcador de posici\u00f3n para ayudarte a visualizar c\u00f3mo se muestra el contenido. Si\u00e9ntete libre de editarlo con tu contenido real.<\/p>\n<\/div><\/details>\n<\/div>\n\n\n\n<div id=\"wp-block-themeisle-blocks-accordion-9651f8d2\" class=\"wp-block-themeisle-blocks-accordion exclusive\">\n<details class=\"wp-block-themeisle-blocks-accordion-item\"><summary class=\"wp-block-themeisle-blocks-accordion-item__title\"><div>T\u00edtulo de acorde\u00f3n 1<\/div><\/summary><div class=\"wp-block-themeisle-blocks-accordion-item__content\">\n<p>Se trata de un marcador de posici\u00f3n del contenido de la pesta\u00f1a. Es importante tener la informaci\u00f3n necesaria en el bloque, pero en esta fase, es s\u00f3lo un marcador de posici\u00f3n para ayudarte a visualizar c\u00f3mo se muestra el contenido. Si\u00e9ntete libre de editarlo con tu contenido real.<\/p>\n<\/div><\/details>\n\n\n\n<details class=\"wp-block-themeisle-blocks-accordion-item\"><summary class=\"wp-block-themeisle-blocks-accordion-item__title\"><div>T\u00edtulo 2 del acorde\u00f3n<\/div><\/summary><div class=\"wp-block-themeisle-blocks-accordion-item__content\">\n<p>Se trata de un marcador de posici\u00f3n del contenido de la pesta\u00f1a. Es importante tener la informaci\u00f3n necesaria en el bloque, pero en esta fase, es s\u00f3lo un marcador de posici\u00f3n para ayudarte a visualizar c\u00f3mo se muestra el contenido. Si\u00e9ntete libre de editarlo con tu contenido real.<\/p>\n<\/div><\/details>\n<\/div>\n<\/div><\/details>\n\n\n\n<details class=\"wp-block-themeisle-blocks-accordion-item animated backInDown slower delay-100ms\"><summary class=\"wp-block-themeisle-blocks-accordion-item__title\"><div>RESE\u00d1AS<\/div><\/summary><div class=\"wp-block-themeisle-blocks-accordion-item__content\">\n<p><a href=\"https:\/\/prismas.unq.edu.ar\/OJS\/index.php\/Prismas\/article\/view\/Plot_prismas23\" target=\"_blank\" rel=\"noreferrer noopener\">Fran\u00e7ois Dosse, Castoriadis. Una vida<\/a><\/p>\n\n\n\n<p>Mart\u00edn Plot<\/p>\n\n\n\n<p><a href=\"https:\/\/prismas.unq.edu.ar\/OJS\/index.php\/Prismas\/article\/view\/53\" target=\"_blank\" rel=\"noreferrer noopener\">Enzo Traverso, Melancol\u00eda de izquierda. Marxismo, historia y memoria<\/a><\/p>\n\n\n\n<p>Gonzalo Aguilar<\/p>\n\n\n\n<p><a href=\"https:\/\/prismas.unq.edu.ar\/OJS\/index.php\/Prismas\/article\/view\/Campora2_prismas23\" target=\"_blank\" rel=\"noreferrer noopener\">Anne Boyd Rioux, El legado de <em>Mujercitas<\/em>: construcci\u00f3n de un cl\u00e1sico en disputa<\/a><\/p>\n\n\n\n<p>Magdalena C\u00e1mpora<\/p>\n\n\n\n<p><a href=\"https:\/\/prismas.unq.edu.ar\/OJS\/index.php\/Prismas\/article\/view\/Bernini_prismas23\" target=\"_blank\" rel=\"noreferrer noopener\">Gabriel Entin (editor), Rousseau en Iberoam\u00e9rica. Lecturas e interpretaciones entre Monarqu\u00eda y Revoluci\u00f3n<\/a><\/p>\n\n\n\n<p>Emilio Bernini<\/p>\n\n\n\n<p><a href=\"https:\/\/prismas.unq.edu.ar\/OJS\/index.php\/Prismas\/article\/view\/Soares_prismas23\" target=\"_blank\" rel=\"noreferrer noopener\">Horacio Tarcus, La biblia del proletariado. Traductores y editores de <em>El capital<\/em> en el mundo hispanohablante<\/a><\/p>\n\n\n\n<p>Lidiane Soares Rodrigues<\/p>\n\n\n\n<p><a href=\"https:\/\/prismas.unq.edu.ar\/OJS\/index.php\/Prismas\/article\/view\/Sanhueza_prismas23\" target=\"_blank\" rel=\"noreferrer noopener\">Juan Pablo Scarfi, El imperio de la ley. James Brown Scott y la construcci\u00f3n de un orden jur\u00eddico interamericano<\/a><\/p>\n\n\n\n<p>Marcelo Sanhueza<\/p>\n\n\n\n<p><a href=\"https:\/\/prismas.unq.edu.ar\/OJS\/index.php\/Prismas\/article\/view\/Carre%C3%B1o_prismas23\" target=\"_blank\" rel=\"noreferrer noopener\">Mart\u00edn Bergel (coord.), Los viajes latinoamericanos de la Reforma Universitaria<\/a><\/p>\n\n\n\n<p>Luciana Carre\u00f1o<\/p>\n\n\n\n<p><a href=\"https:\/\/prismas.unq.edu.ar\/OJS\/index.php\/Prismas\/article\/view\/Carassai_prismas23\" target=\"_blank\" rel=\"noreferrer noopener\">Vanni Pettin\u00e0, Historia m\u00ednima de la Guerra Fr\u00eda en Am\u00e9rica Latina<\/a><\/p>\n\n\n\n<p>Sebasti\u00e1n Carassai<\/p>\n\n\n\n<p><a href=\"https:\/\/prismas.unq.edu.ar\/OJS\/index.php\/Prismas\/article\/view\/RodriguezFranco_prismas23\" target=\"_blank\" rel=\"noreferrer noopener\">Ana Luc\u00eda Magrini, Los nombres de lo indecible. Populismo y Violencia(s) como objetos en disputa. (Un estudio comparado del peronismo en Argentina y el gaitanismo en Colombia)<\/a><\/p>\n\n\n\n<p>Adriana Rodr\u00edguez Franco<\/p>\n\n\n\n<p><a href=\"https:\/\/prismas.unq.edu.ar\/OJS\/index.php\/Prismas\/article\/view\/Palieraki_prismas23\" target=\"_blank\" rel=\"noreferrer noopener\">Aldo Marchesi, Hacer la revoluci\u00f3n. Guerrillas latinoamericanas, de los a\u00f1os sesenta a la ca\u00edda del Muro<\/a><\/p>\n\n\n\n<p>Eugenia Palieraki<\/p>\n\n\n\n<p><a href=\"https:\/\/prismas.unq.edu.ar\/OJS\/index.php\/Prismas\/article\/view\/Candioti_prismas23\" target=\"_blank\" rel=\"noreferrer noopener\">Lilia Moritz Schwarcz, El espect\u00e1culo de las razas. Cient\u00edficos, instituciones y cuesti\u00f3n racial en el Brasil, 1870-1930<\/a><\/p>\n\n\n\n<p>Magdalena Candioti<\/p>\n\n\n\n<p><a href=\"https:\/\/prismas.unq.edu.ar\/OJS\/index.php\/Prismas\/article\/view\/Wasserman_prismas23\" target=\"_blank\" rel=\"noreferrer noopener\">Claudia Roman, Prensa, pol\u00edtica y cultura visual. <em>El Mosquito<\/em> (Buenos Aires, 1863-1893)<\/a><\/p>\n\n\n\n<p>Fabio Wasserman<\/p>\n\n\n\n<p><a href=\"https:\/\/prismas.unq.edu.ar\/OJS\/index.php\/Prismas\/article\/view\/Pas_prismas23\" target=\"_blank\" rel=\"noreferrer noopener\">Mart\u00edn Servelli, A trav\u00e9s de la Rep\u00fablica. Corresponsales viajeros en la prensa porte\u00f1a de entre siglos XIX-XX<\/a><\/p>\n\n\n\n<p>Hern\u00e1n Pas<\/p>\n\n\n\n<p><a href=\"https:\/\/prismas.unq.edu.ar\/OJS\/index.php\/Prismas\/article\/view\/Davis_prismas23\" target=\"_blank\" rel=\"noreferrer noopener\">Paula Bruno, Mart\u00edn Garc\u00eda M\u00e9rou: Vida intelectual y diplom\u00e1tica en las Am\u00e9ricas<\/a><\/p>\n\n\n\n<p>Teresa Davis<\/p>\n\n\n\n<p><a href=\"https:\/\/prismas.unq.edu.ar\/OJS\/index.php\/Prismas\/article\/view\/Fontana_prismas23\" target=\"_blank\" rel=\"noreferrer noopener\">M\u00f3nica Szurmuk, La vocaci\u00f3n desmesurada. Una biograf\u00eda de Alberto Gerchunoff<\/a><\/p>\n\n\n\n<p>Patricio Fontana<\/p>\n\n\n\n<p><a href=\"https:\/\/prismas.unq.edu.ar\/OJS\/index.php\/Prismas\/article\/view\/Carreras_prismas23\" target=\"_blank\" rel=\"noreferrer noopener\">Juan Pedro Blois, Medio siglo de sociolog\u00eda en la Argentina. Ciencia, profesi\u00f3n y pol\u00edtica<\/a><\/p>\n\n\n\n<p>Cecilia Carrera<\/p>\n\n\n\n<p><a href=\"https:\/\/prismas.unq.edu.ar\/OJS\/index.php\/Prismas\/article\/view\/Lopardo_prismas23\" target=\"_blank\" rel=\"noreferrer noopener\">Mariano Zarowsky, Los estudios en Comunicaci\u00f3n en la Argentina. Ideas, intelectuales, tradiciones pol\u00edtico-culturales (1956-1985)<\/a><\/p>\n\n\n\n<p>Luciana Lopardo<\/p>\n\n\n\n<p><a href=\"https:\/\/prismas.unq.edu.ar\/OJS\/index.php\/Prismas\/article\/view\/Casco_prismas23\" target=\"_blank\" rel=\"noreferrer noopener\">Samuel Amaral, El movimiento nacional popular. Gino Germani y el peronismo<\/a><\/p>\n\n\n\n<p>Jos\u00e9 Mar\u00eda Casco<\/p>\n\n\n\n<p><a href=\"https:\/\/prismas.unq.edu.ar\/OJS\/index.php\/Prismas\/article\/view\/Saferstein_prismas23\" target=\"_blank\" rel=\"noreferrer noopener\">Alejandrina Falc\u00f3n, Traductores del exilio. Argentinos en editoriales espa\u00f1olas: traducciones, escrituras por encargo y conflicto ling\u00fc\u00edstico (1974-1983)<\/a><\/p>\n\n\n\n<p>Ezequiel Saferstein<\/p>\n\n\n\n<p><a href=\"https:\/\/prismas.unq.edu.ar\/OJS\/index.php\/Prismas\/article\/view\/Guiller_prismas23\" target=\"_blank\" rel=\"noreferrer noopener\">Omar Acha, Cambiar de ideas. Cuatro tentativas sobre Oscar Ter\u00e1n<\/a><\/p>\n\n\n\n<p>Diego Giller<\/p>\n\n\n\n<p><a href=\"https:\/\/prismas.unq.edu.ar\/OJS\/index.php\/Prismas\/article\/view\/Korn_prismas23\" target=\"_blank\" rel=\"noreferrer noopener\">Martina Garategaray, <em>Unidos<\/em>. La revista peronista de los ochenta<\/a><\/p>\n\n\n\n<p>Guillermo Korn<\/p>\n\n\n\n<p><a href=\"https:\/\/prismas.unq.edu.ar\/OJS\/index.php\/Prismas\/article\/view\/Cecchi_prismas23\">Sandra Gayol y Ga<\/a><a href=\"https:\/\/prismas.unq.edu.ar\/OJS\/index.php\/Prismas\/article\/view\/Cecchi_prismas23\" target=\"_blank\" rel=\"noreferrer noopener\">b<\/a><a href=\"https:\/\/prismas.unq.edu.ar\/OJS\/index.php\/Prismas\/article\/view\/Cecchi_prismas23\">riel Kessler, Muertes que importan. Una mirada sociohist\u00f3rica sobre los casos que marcaron la historia reciente<\/a><\/p>\n\n\n\n<p>Ana Cecchi<\/p>\n\n\n\n<div id=\"wp-block-themeisle-blocks-accordion-9db99f43\" class=\"wp-block-themeisle-blocks-accordion exclusive\">\n<details class=\"wp-block-themeisle-blocks-accordion-item\"><summary class=\"wp-block-themeisle-blocks-accordion-item__title\"><div>T\u00edtulo de acorde\u00f3n 1<\/div><\/summary><div class=\"wp-block-themeisle-blocks-accordion-item__content\">\n<p>Se trata de un marcador de posici\u00f3n del contenido de la pesta\u00f1a. Es importante tener la informaci\u00f3n necesaria en el bloque, pero en esta fase, es s\u00f3lo un marcador de posici\u00f3n para ayudarte a visualizar c\u00f3mo se muestra el contenido. Si\u00e9ntete libre de editarlo con tu contenido real.<\/p>\n<\/div><\/details>\n\n\n\n<details class=\"wp-block-themeisle-blocks-accordion-item\"><summary class=\"wp-block-themeisle-blocks-accordion-item__title\"><div>T\u00edtulo 2 del acorde\u00f3n<\/div><\/summary><div class=\"wp-block-themeisle-blocks-accordion-item__content\">\n<p>Se trata de un marcador de posici\u00f3n del contenido de la pesta\u00f1a. Es importante tener la informaci\u00f3n necesaria en el bloque, pero en esta fase, es s\u00f3lo un marcador de posici\u00f3n para ayudarte a visualizar c\u00f3mo se muestra el contenido. Si\u00e9ntete libre de editarlo con tu contenido real.<\/p>\n<\/div><\/details>\n<\/div>\n<\/div><\/details>\n\n\n\n<details class=\"wp-block-themeisle-blocks-accordion-item animated backInDown slower delay-100ms\"><summary class=\"wp-block-themeisle-blocks-accordion-item__title\"><div>FICHAS<\/div><\/summary><div class=\"wp-block-themeisle-blocks-accordion-item__content\">\n<p><a href=\"https:\/\/prismas.unq.edu.ar\/OJS\/index.php\/Prismas\/article\/view\/Fiorucci_prismas23\" target=\"_blank\" rel=\"noreferrer noopener\"><strong>Libros fichados:<\/strong> Alejandra J. Josiowicz, <em>La cruzada de los ni\u00f1os. Intelectuales, infancia y modernidad literaria en Am\u00e9rica Latina <\/em>\/ Rafael Rojas, <em>La polis literaria. El boom, la Revoluci\u00f3n y otras pol\u00e9micas de la Guerra Fr\u00eda <\/em>\/ Diego Galeano y Marcos Bretas (coord.), <em>Polic\u00edas escritores, delitos impresos: revistas policiales en Am\u00e9rica del Sur <\/em>\/ Marcela Gen\u00e9 y Sandra Szir (comps.), <em>A vuelta de p\u00e1gina. Usos del impreso ilustrado en Buenos Aires siglos (xix-xx) <\/em>\/ Matthew Karush, <em>Musicians in Transit: Argentina and the Globalization of Popular Music <\/em>\/ Jimena Caravaca, Claudia Daniel y Mariano Ben Plotkin (eds.), <em>Saberes desbordados. Historias de di\u00e1logos entre conocimientos cient\u00edficos y sentido com\u00fan (Argentina, siglos xix y xx) <\/em>\/ Mar\u00eda Valeria Galv\u00e1n y Mar\u00eda Florencia Osuna (comps.), <em>La \u201cRevoluci\u00f3n Libertadora\u201d en el marco de la Guerra Fr\u00eda. La Argentina y el mundo durante los gobiernos de Lonardi y Aramburu<\/em><\/a><\/p>\n\n\n\n<p>Autores: Flavia Fiorucci, Mart\u00edn Ribadero, Ana Cecchi, Anahi Ballent, Pablo Palomino, Alejandro Blanco, Ricardo Mart\u00ednez Mazzola<\/p>\n\n\n\n<div id=\"wp-block-themeisle-blocks-accordion-7b6d24ea\" class=\"wp-block-themeisle-blocks-accordion exclusive\">\n<details class=\"wp-block-themeisle-blocks-accordion-item\"><summary class=\"wp-block-themeisle-blocks-accordion-item__title\"><div>T\u00edtulo de acorde\u00f3n 1<\/div><\/summary><div class=\"wp-block-themeisle-blocks-accordion-item__content\">\n<p>Se trata de un marcador de posici\u00f3n del contenido de la pesta\u00f1a. Es importante tener la informaci\u00f3n necesaria en el bloque, pero en esta fase, es s\u00f3lo un marcador de posici\u00f3n para ayudarte a visualizar c\u00f3mo se muestra el contenido. Si\u00e9ntete libre de editarlo con tu contenido real.<\/p>\n<\/div><\/details>\n\n\n\n<details class=\"wp-block-themeisle-blocks-accordion-item\"><summary class=\"wp-block-themeisle-blocks-accordion-item__title\"><div>T\u00edtulo 2 del acorde\u00f3n<\/div><\/summary><div class=\"wp-block-themeisle-blocks-accordion-item__content\">\n<p>Se trata de un marcador de posici\u00f3n del contenido de la pesta\u00f1a. Es importante tener la informaci\u00f3n necesaria en el bloque, pero en esta fase, es s\u00f3lo un marcador de posici\u00f3n para ayudarte a visualizar c\u00f3mo se muestra el contenido. Si\u00e9ntete libre de editarlo con tu contenido real.<\/p>\n<\/div><\/details>\n<\/div>\n<\/div><\/details>\n\n\n\n<details class=\"wp-block-themeisle-blocks-accordion-item animated backInDown delay-100ms slower\"><summary class=\"wp-block-themeisle-blocks-accordion-item__title\"><div>OBITUARIOS<\/div><\/summary><div class=\"wp-block-themeisle-blocks-accordion-item__content\">\n<p><a href=\"https:\/\/prismas.unq.edu.ar\/OJS\/index.php\/Prismas\/article\/view\/Anapios_Albornoz_prismas23\" target=\"_blank\" rel=\"noreferrer noopener\">Juan Suriano (1948-2018)<\/a><\/p>\n\n\n\n<p>Luciana Anapios, Mart\u00edn Albornoz<\/p>\n\n\n\n<p><a href=\"https:\/\/prismas.unq.edu.ar\/OJS\/index.php\/Prismas\/article\/view\/Freijomil_prismas23\" target=\"_blank\" rel=\"noreferrer noopener\">Michel Vovelle (1933-2018)<\/a><\/p>\n\n\n\n<p>Andr\u00e9s G. Freijomil<\/p>\n\n\n\n<p><a href=\"https:\/\/prismas.unq.edu.ar\/OJS\/index.php\/Prismas\/article\/view\/Schaub2_prismas23\" target=\"_blank\" rel=\"noreferrer noopener\">Ant\u00f3nio Manuel Hespanha (1945-2019)<\/a><\/p>\n\n\n\n<p>Jean-Fr\u00e9d\u00e9ric Schaub<\/p>\n<\/div><\/details>\n<\/div>\n<\/div>\n<\/div><\/div>\n","protected":false},"excerpt":{"rendered":"","protected":false},"author":3,"featured_media":79,"comment_status":"closed","ping_status":"closed","sticky":false,"template":"","format":"standard","meta":{"_themeisle_gutenberg_block_has_review":false,"footnotes":""},"categories":[5],"tags":[10,6,8],"class_list":["post-461","post","type-post","status-publish","format-standard","has-post-thumbnail","hentry","category-indice-general","tag-25-anos","tag-historia-intelectual","tag-prismas"],"_links":{"self":[{"href":"https:\/\/historiaintelectual.com.ar\/indiceprismas\/wp-json\/wp\/v2\/posts\/461","targetHints":{"allow":["GET"]}}],"collection":[{"href":"https:\/\/historiaintelectual.com.ar\/indiceprismas\/wp-json\/wp\/v2\/posts"}],"about":[{"href":"https:\/\/historiaintelectual.com.ar\/indiceprismas\/wp-json\/wp\/v2\/types\/post"}],"author":[{"embeddable":true,"href":"https:\/\/historiaintelectual.com.ar\/indiceprismas\/wp-json\/wp\/v2\/users\/3"}],"replies":[{"embeddable":true,"href":"https:\/\/historiaintelectual.com.ar\/indiceprismas\/wp-json\/wp\/v2\/comments?post=461"}],"version-history":[{"count":4,"href":"https:\/\/historiaintelectual.com.ar\/indiceprismas\/wp-json\/wp\/v2\/posts\/461\/revisions"}],"predecessor-version":[{"id":2943,"href":"https:\/\/historiaintelectual.com.ar\/indiceprismas\/wp-json\/wp\/v2\/posts\/461\/revisions\/2943"}],"wp:featuredmedia":[{"embeddable":true,"href":"https:\/\/historiaintelectual.com.ar\/indiceprismas\/wp-json\/wp\/v2\/media\/79"}],"wp:attachment":[{"href":"https:\/\/historiaintelectual.com.ar\/indiceprismas\/wp-json\/wp\/v2\/media?parent=461"}],"wp:term":[{"taxonomy":"category","embeddable":true,"href":"https:\/\/historiaintelectual.com.ar\/indiceprismas\/wp-json\/wp\/v2\/categories?post=461"},{"taxonomy":"post_tag","embeddable":true,"href":"https:\/\/historiaintelectual.com.ar\/indiceprismas\/wp-json\/wp\/v2\/tags?post=461"}],"curies":[{"name":"wp","href":"https:\/\/api.w.org\/{rel}","templated":true}]}}