{"id":458,"date":"2023-02-27T21:56:32","date_gmt":"2023-02-27T21:56:32","guid":{"rendered":"https:\/\/historiaintelectual.com.ar\/indiceprismas\/?p=458"},"modified":"2025-05-26T17:41:19","modified_gmt":"2025-05-26T17:41:19","slug":"vol-22-2018","status":"publish","type":"post","link":"https:\/\/historiaintelectual.com.ar\/indiceprismas\/vol-22-2018\/","title":{"rendered":"VOL. 22 (2018)"},"content":{"rendered":"\n<div id=\"wp-block-themeisle-blocks-advanced-columns-6a350af5\" class=\"wp-block-themeisle-blocks-advanced-columns has-2-columns has-desktop-oneTwo-layout has-tablet-equal-layout has-mobile-collapsedRows-layout has-vertical-unset\"><div class=\"wp-block-themeisle-blocks-advanced-columns-overlay\"><\/div><div class=\"innerblocks-wrap\">\n<div id=\"wp-block-themeisle-blocks-advanced-column-726330eb\" class=\"wp-block-themeisle-blocks-advanced-column\">\n<figure class=\"wp-block-image size-large is-resized o-sticky o-sticky-pos-top o-sticky-bhvr-keep o-sticky-scope-parent\"><img loading=\"lazy\" decoding=\"async\" width=\"703\" height=\"1024\" src=\"http:\/\/historiaintelectual.com.ar\/indiceprismas\/wp-content\/uploads\/2023\/02\/22-703x1024.jpg\" alt=\"\" class=\"wp-image-132\" style=\"width:314px;height:456px\" srcset=\"https:\/\/historiaintelectual.com.ar\/indiceprismas\/wp-content\/uploads\/2023\/02\/22-703x1024.jpg 703w, https:\/\/historiaintelectual.com.ar\/indiceprismas\/wp-content\/uploads\/2023\/02\/22-206x300.jpg 206w, https:\/\/historiaintelectual.com.ar\/indiceprismas\/wp-content\/uploads\/2023\/02\/22-103x150.jpg 103w, https:\/\/historiaintelectual.com.ar\/indiceprismas\/wp-content\/uploads\/2023\/02\/22-768x1119.jpg 768w, https:\/\/historiaintelectual.com.ar\/indiceprismas\/wp-content\/uploads\/2023\/02\/22-1054x1536.jpg 1054w, https:\/\/historiaintelectual.com.ar\/indiceprismas\/wp-content\/uploads\/2023\/02\/22-1405x2048.jpg 1405w, https:\/\/historiaintelectual.com.ar\/indiceprismas\/wp-content\/uploads\/2023\/02\/22-360x525.jpg 360w, https:\/\/historiaintelectual.com.ar\/indiceprismas\/wp-content\/uploads\/2023\/02\/22-750x1093.jpg 750w, https:\/\/historiaintelectual.com.ar\/indiceprismas\/wp-content\/uploads\/2023\/02\/22-scaled.jpg 1757w\" sizes=\"auto, (max-width: 703px) 100vw, 703px\" \/><\/figure>\n<\/div>\n\n\n\n<div id=\"wp-block-themeisle-blocks-advanced-column-af3f0557\" class=\"wp-block-themeisle-blocks-advanced-column\">\n<div id=\"wp-block-themeisle-blocks-accordion-99585927\" class=\"wp-block-themeisle-blocks-accordion exclusive\">\n<details class=\"wp-block-themeisle-blocks-accordion-item animated backInDown\"><summary class=\"wp-block-themeisle-blocks-accordion-item__title\"><div>ART\u00cdCULOS<\/div><\/summary><div class=\"wp-block-themeisle-blocks-accordion-item__content\">\n<p><a href=\"https:\/\/prismas.unq.edu.ar\/OJS\/index.php\/Prismas\/article\/view\/Blanco_prismas22\" target=\"_blank\" rel=\"noreferrer noopener\">Perfilando una alternativa. Desde los sistemas complejos a la apor\u00eda de la teor\u00eda de los tiempos hist\u00f3ricos de Reinhart Koselleck<\/a><\/p>\n\n\n\n<p>Jos\u00e9 Javier Blanco Rivero<\/p>\n\n\n\n<p><a href=\"https:\/\/prismas.unq.edu.ar\/OJS\/index.php\/Prismas\/article\/view\/Reano_Garategaray_prismas22\" target=\"_blank\" rel=\"noreferrer noopener\">La democracia como lenguaje pol\u00edtico de la transici\u00f3n. Avances en la construcci\u00f3n de una perspectiva de an\u00e1lisis<\/a><\/p>\n\n\n\n<p>Ariana Reano, Martina Garategaray<\/p>\n\n\n\n<p><a href=\"https:\/\/prismas.unq.edu.ar\/OJS\/index.php\/Prismas\/article\/view\/Gallucci_prismas22\" target=\"_blank\" rel=\"noreferrer noopener\">Transmisiones y adaptaciones del federalismo. El tratamiento del r\u00e9gimen de los Territorios Nacionales en la ense\u00f1anza del derecho constitucional en la universidad argentina<\/a><\/p>\n\n\n\n<p>Lisandro Gallucci<\/p>\n\n\n\n<p><a href=\"https:\/\/prismas.unq.edu.ar\/OJS\/index.php\/Prismas\/article\/view\/Mailhe_prismas22\" target=\"_blank\" rel=\"noreferrer noopener\">Jos\u00e9 Imbelloni y la formaci\u00f3n de un lectorado americanista<\/a><\/p>\n\n\n\n<p>Alejandra Mailhe<\/p>\n\n\n\n<p><a href=\"https:\/\/prismas.unq.edu.ar\/OJS\/index.php\/Prismas\/article\/view\/Malecki_prismas22\" target=\"_blank\" rel=\"noreferrer noopener\">\u00bfUna arquitectura imposible? Arquitectura y pol\u00edtica en el Taller Total de C\u00f3rdoba, 1970-1975<\/a><\/p>\n\n\n\n<p>Juan Sebasti\u00e1n Malecki<\/p>\n<\/div><\/details>\n\n\n\n<details class=\"wp-block-themeisle-blocks-accordion-item animated backInDown slow\"><summary class=\"wp-block-themeisle-blocks-accordion-item__title\"><div>ARGUMENTOS<\/div><\/summary><div class=\"wp-block-themeisle-blocks-accordion-item__content\">\n<p><a href=\"https:\/\/prismas.unq.edu.ar\/OJS\/index.php\/Prismas\/article\/view\/Tenorio-Trillo_prismas22\" target=\"_blank\" rel=\"noreferrer noopener\">Latinoam\u00e9rica. El encanto y el poder de una idea<\/a><\/p>\n\n\n\n<p>Mauricio Tenorio-Trillo<\/p>\n<\/div><\/details>\n\n\n\n<details class=\"wp-block-themeisle-blocks-accordion-item animated backInDown slow\"><summary class=\"wp-block-themeisle-blocks-accordion-item__title\"><div>DOSSIER: Libros, editoriales y ciencias sociales<\/div><\/summary><div class=\"wp-block-themeisle-blocks-accordion-item__content\">\n<p><a href=\"https:\/\/prismas.unq.edu.ar\/OJS\/index.php\/Prismas\/article\/view\/Soares_deSouza_prismas22\" target=\"_blank\" rel=\"noreferrer noopener\">Introducci\u00f3n<\/a><\/p>\n\n\n\n<p>Lidiane Soares Rodrigues, Jos\u00e9 de Souza Muniz Jr.<\/p>\n\n\n\n<p><a href=\"https:\/\/prismas.unq.edu.ar\/OJS\/index.php\/Prismas\/article\/view\/Soares_deSouza2_prismas22\" target=\"_blank\" rel=\"noreferrer noopener\">Entrevista a Sergio Miceli<\/a><\/p>\n\n\n\n<p>Lidiane Soares Rodrigues, Jos\u00e9 de Souza Muniz Jr.<\/p>\n\n\n\n<p><a href=\"https:\/\/prismas.unq.edu.ar\/OJS\/index.php\/Prismas\/article\/view\/Bonacci_prismas22\" target=\"_blank\" rel=\"noreferrer noopener\">Entre la academia y el mercado editorial. La edici\u00f3n universitaria de libros de sociolog\u00eda en la Argentina tras el retorno a la democracia (1983-1995)<\/a><\/p>\n\n\n\n<p>Juan Mart\u00edn Bonacci<\/p>\n\n\n\n<p><a href=\"https:\/\/prismas.unq.edu.ar\/OJS\/index.php\/Prismas\/article\/view\/Caravaca_Espeche_prismas22\" target=\"_blank\" rel=\"noreferrer noopener\">El Fondo de Cultura Econ\u00f3mica y la b\u00fasqueda de un keynesianismo en Am\u00e9rica Latina, 1936-1947<\/a><\/p>\n\n\n\n<p>Jimena Caravaca, Ximena Espeche<\/p>\n\n\n\n<p><a href=\"https:\/\/prismas.unq.edu.ar\/OJS\/index.php\/Prismas\/article\/view\/Dujovne_prismas22\" target=\"_blank\" rel=\"noreferrer noopener\">\u201cEfectos de lectura\u201d. Problemas y propuestas para el estudio de las relaciones entre campo editorial y campo acad\u00e9mico en las Ciencias Sociales y Humanas<\/a><\/p>\n\n\n\n<p>Alejandro Dujovne<\/p>\n\n\n\n<p><a href=\"https:\/\/prismas.unq.edu.ar\/OJS\/index.php\/Prismas\/article\/view\/Garcia_prismas22\" target=\"_blank\" rel=\"noreferrer noopener\">El \u201ceditor-intelectual\u201d en los 60\/70. Reflexiones en torno al caso Aric\u00f3<\/a><\/p>\n\n\n\n<p>Diego Garc\u00eda<\/p>\n\n\n\n<p><a href=\"https:\/\/prismas.unq.edu.ar\/OJS\/index.php\/Prismas\/article\/view\/Jannello_prismas22\" target=\"_blank\" rel=\"noreferrer noopener\">Sociolog\u00eda cient\u00edfica y Guerra Fr\u00eda cultural. Los proyectos editoriales del ILARI en la Argentina y el Uruguay<\/a><\/p>\n\n\n\n<p>Karina Jannello<\/p>\n\n\n\n<p><a href=\"https:\/\/prismas.unq.edu.ar\/OJS\/index.php\/Prismas\/article\/view\/Nobrega_prismas22\" target=\"_blank\" rel=\"noreferrer noopener\">Jorge Zahar y la edici\u00f3n de ciencias sociales en el Brasil (1957-1984)<\/a><\/p>\n\n\n\n<p>Leonardo N\u00f3brega da Silva<\/p>\n\n\n\n<p><a href=\"https:\/\/prismas.unq.edu.ar\/OJS\/index.php\/Prismas\/article\/view\/Palmeira_prismas22\" target=\"_blank\" rel=\"noreferrer noopener\">Las colecciones y los cient\u00edficos sociales en el Brasil<\/a><\/p>\n\n\n\n<p>Miguel S. Palmeira<\/p>\n\n\n\n<p><a href=\"https:\/\/prismas.unq.edu.ar\/OJS\/index.php\/Prismas\/article\/view\/Sora_Novello_prismas22\" target=\"_blank\" rel=\"noreferrer noopener\">En los m\u00e1rgenes de Orfila. Jos\u00e9 Sazb\u00f3n y el estructuralismo en <em>Nueva Visi\u00f3n<\/em><\/a><\/p>\n\n\n\n<p>Gustavo Sor\u00e1, Andrea Novello<\/p>\n\n\n\n<p><a href=\"https:\/\/prismas.unq.edu.ar\/OJS\/index.php\/Prismas\/article\/view\/Dias_prismas22\" target=\"_blank\" rel=\"noreferrer noopener\">La edici\u00f3n como sism\u00f3grafo. Los <em>Cuadernos del Instituto de Sociolog\u00eda<\/em> y la circulaci\u00f3n de los referentes te\u00f3ricos de la sociolog\u00eda argentina (1940-1965)<\/a><\/p>\n\n\n\n<p>Alexandra Dias Ferraz Tedesco<\/p>\n\n\n\n<p><a href=\"https:\/\/prismas.unq.edu.ar\/OJS\/index.php\/Prismas\/article\/view\/Zarowsky_prismas22\" target=\"_blank\" rel=\"noreferrer noopener\">Comunicaci\u00f3n y cultura en el Centro Editor de Am\u00e9rica Latina: entre la renovaci\u00f3n epist\u00e9mica y la intervenci\u00f3n intelectual<\/a><\/p>\n\n\n\n<p>Mariano Zarowsky<\/p>\n<\/div><\/details>\n\n\n\n<details class=\"wp-block-themeisle-blocks-accordion-item animated backInDown slower delay-100ms\"><summary class=\"wp-block-themeisle-blocks-accordion-item__title\"><div>RESE\u00d1AS<\/div><\/summary><div class=\"wp-block-themeisle-blocks-accordion-item__content\">\n<p><a href=\"https:\/\/prismas.unq.edu.ar\/OJS\/index.php\/Prismas\/article\/view\/Svampa_Vargas_prismas22\" target=\"_blank\" rel=\"noreferrer noopener\">Ernst M\u00fcller, Begriffsgeschichte und historische Semantik &#8211; Ein kritisches KompendiumErnst M\u00fcller y Falko Schmieder<\/a><\/p>\n\n\n\n<p>Lucila Svampa, Mariela Vargas<\/p>\n\n\n\n<p><a href=\"https:\/\/prismas.unq.edu.ar\/OJS\/index.php\/Prismas\/article\/view\/Zerme%C3%B1o_prismas22\" target=\"_blank\" rel=\"noreferrer noopener\">Guillermo Zerme\u00f1o Padilla, Historias Conceptuales<\/a><\/p>\n\n\n\n<p>Octavio Sp\u00edndola-Zago<\/p>\n\n\n\n<p><a href=\"https:\/\/prismas.unq.edu.ar\/OJS\/index.php\/Prismas\/article\/view\/Roldan_prismas22\" target=\"_blank\" rel=\"noreferrer noopener\">Olivier Christin, Vox Populi. Una historia del voto antes del sufragio universal<\/a><\/p>\n\n\n\n<p>Dar\u00edo Rold\u00e1n<\/p>\n\n\n\n<p><a href=\"https:\/\/prismas.unq.edu.ar\/OJS\/index.php\/Prismas\/article\/view\/Grisendi_prismas22\" target=\"_blank\" rel=\"noreferrer noopener\">Richard Hibbitt (ed.), Other capitals of the Nineteenth Century. An alternative mapping of Literary and Cultural Space<\/a><\/p>\n\n\n\n<p>Ezequiel Grisendi<\/p>\n\n\n\n<p><a href=\"https:\/\/prismas.unq.edu.ar\/OJS\/index.php\/Prismas\/article\/view\/Cosovschi_prismas22\" target=\"_blank\" rel=\"noreferrer noopener\">Claudio Ingerflom, El revolucionario profesional. La construcci\u00f3n pol\u00edtica del pueblo<\/a><\/p>\n\n\n\n<p>Agustin Cosovschi<\/p>\n\n\n\n<p><a href=\"https:\/\/prismas.unq.edu.ar\/OJS\/index.php\/Prismas\/article\/view\/Mercader_prismas22\">Christian Ingr<\/a><a href=\"https:\/\/prismas.unq.edu.ar\/OJS\/index.php\/Prismas\/article\/view\/Mercader_prismas22\" target=\"_blank\" rel=\"noreferrer noopener\">a<\/a><a href=\"https:\/\/prismas.unq.edu.ar\/OJS\/index.php\/Prismas\/article\/view\/Mercader_prismas22\">o, Creer y destruir. Los intelectuales en la m\u00e1quina de guerra de las SS<\/a><\/p>\n\n\n\n<p>Sof\u00eda Mercader<\/p>\n\n\n\n<p><a href=\"https:\/\/prismas.unq.edu.ar\/OJS\/index.php\/Prismas\/article\/view\/Blumenthal_prismas22\" target=\"_blank\" rel=\"noreferrer noopener\">Juan Pablo Scarfi, The Hidden History of International Law in the Americas: Empire and Legal Networks<\/a><\/p>\n\n\n\n<p>Edward Blumenthal<\/p>\n\n\n\n<p><a href=\"https:\/\/prismas.unq.edu.ar\/OJS\/index.php\/Prismas\/article\/view\/Freijomil_prismas22\" target=\"_blank\" rel=\"noreferrer noopener\">Shlomo Sand, \u00bfEl fin del intelectual franc\u00e9s? De Zola a Houellebecq<\/a><\/p>\n\n\n\n<p>Andr\u00e9s Freijomil<\/p>\n\n\n\n<p><a href=\"https:\/\/prismas.unq.edu.ar\/OJS\/index.php\/Prismas\/article\/view\/%C3%81vila_prismas22\">Hilda Sab<\/a><a href=\"https:\/\/prismas.unq.edu.ar\/OJS\/index.php\/Prismas\/article\/view\/%C3%81vila_prismas22\" target=\"_blank\" rel=\"noreferrer noopener\">a<\/a><a href=\"https:\/\/prismas.unq.edu.ar\/OJS\/index.php\/Prismas\/article\/view\/%C3%81vila_prismas22\">to, Republics of the New World: The Revolutionary Political Experiment in Nineteenth-Century Latin America<\/a><\/p>\n\n\n\n<p>Alfredo \u00c1vila<\/p>\n\n\n\n<p><a href=\"https:\/\/prismas.unq.edu.ar\/OJS\/index.php\/Prismas\/article\/view\/Ortemberg_prismas22\" target=\"_blank\" rel=\"noreferrer noopener\">Ori Preuss, Transnational South America: Experiences, Ideas, and Identities 1860s-1900s<\/a><\/p>\n\n\n\n<p>Pablo Ortemberg<\/p>\n\n\n\n<p><a href=\"https:\/\/prismas.unq.edu.ar\/OJS\/index.php\/Prismas\/article\/view\/Espeche_prismas22\" target=\"_blank\" rel=\"noreferrer noopener\">Patrick Iber, Neither Peace nor Freedom. The Cultural Cold War in Latin America<\/a><\/p>\n\n\n\n<p>Ximena Espeche<\/p>\n\n\n\n<p><a href=\"https:\/\/prismas.unq.edu.ar\/OJS\/index.php\/Prismas\/article\/view\/Rosetti_prismas22\" target=\"_blank\" rel=\"noreferrer noopener\">Chrisptopher Dom\u00ednguez Michael, La innovaci\u00f3n retr\u00f3grada. Literatura mexicana, 1805-1863<\/a><\/p>\n\n\n\n<p>Mariana Rosetti<\/p>\n\n\n\n<p><a href=\"https:\/\/prismas.unq.edu.ar\/OJS\/index.php\/Prismas\/article\/view\/Ballent_prismas22\" target=\"_blank\" rel=\"noreferrer noopener\">Heloisa Pontes, Int\u00e9rpretes de la metr\u00f3poli. Historia social y relaciones de g\u00e9nero en el teatro y en el campo intelectual en San Pablo, 1940-1968<\/a><\/p>\n\n\n\n<p>Anahi Ballent<\/p>\n\n\n\n<p><a href=\"https:\/\/prismas.unq.edu.ar\/OJS\/index.php\/Prismas\/article\/view\/Tagle_prismas22\" target=\"_blank\" rel=\"noreferrer noopener\">Alejandro Eujanian, El pasado en el p\u00e9ndulo de la pol\u00edtica. Rosas, la provincia y la naci\u00f3n en el debate pol\u00edtico de Buenos Aires, 1852-1861<\/a><\/p>\n\n\n\n<p>Camila Tagle<\/p>\n\n\n\n<p><a href=\"https:\/\/prismas.unq.edu.ar\/OJS\/index.php\/Prismas\/article\/view\/DeDiego_prismas22\" target=\"_blank\" rel=\"noreferrer noopener\">Graciela Batticuore, Lectoras del siglo XIX. Imaginarios y pr\u00e1cticas en la Argentina<\/a><\/p>\n\n\n\n<p>Jos\u00e9 Luis de Diego<\/p>\n\n\n\n<p><a href=\"https:\/\/prismas.unq.edu.ar\/OJS\/index.php\/Prismas\/article\/view\/Fiorucci_prismas22\" target=\"_blank\" rel=\"noreferrer noopener\">Javier Planas, Libros, lectores y sociabilidades de lectura. Una historia de los or\u00edgenes de las bibliotecas populares en la Argentina<\/a><\/p>\n\n\n\n<p>Flavia Fiorucci<\/p>\n\n\n\n<p><a href=\"https:\/\/prismas.unq.edu.ar\/OJS\/index.php\/Prismas\/article\/view\/Yujnovsky_prismas22\" target=\"_blank\" rel=\"noreferrer noopener\">Ver\u00f3nica Tell, El lado visible. Fotograf\u00eda y progreso en la Argentina a fines del siglo XIX<\/a><\/p>\n\n\n\n<p>In\u00e9s Yujnovsky<\/p>\n\n\n\n<p><a href=\"https:\/\/prismas.unq.edu.ar\/OJS\/index.php\/Prismas\/article\/view\/Acha_prismas22\" target=\"_blank\" rel=\"noreferrer noopener\">Guillermo Korn, Hijos del Pueblo. Intelectuales peronistas: de la Internacional a la Marcha<\/a><\/p>\n\n\n\n<p>Omar Acha<\/p>\n\n\n\n<p><a href=\"https:\/\/prismas.unq.edu.ar\/OJS\/index.php\/Prismas\/article\/view\/Zarowsky2_prismas22\">Hugo Vezzett<\/a><a href=\"https:\/\/prismas.unq.edu.ar\/OJS\/index.php\/Prismas\/article\/view\/Zarowsky2_prismas22\" target=\"_blank\" rel=\"noreferrer noopener\">i<\/a><a href=\"https:\/\/prismas.unq.edu.ar\/OJS\/index.php\/Prismas\/article\/view\/Zarowsky2_prismas22\">, Psiquiatr\u00eda, psicoan\u00e1lisis y cultura comunista. Batallas ideol\u00f3gicas en la Guerra Fr\u00eda<\/a><\/p>\n\n\n\n<p>Mariano Zarowsky<\/p>\n\n\n\n<p><a href=\"https:\/\/prismas.unq.edu.ar\/OJS\/index.php\/Prismas\/article\/view\/Saborido_prismas22\">Adriana Petra, I<\/a><a href=\"https:\/\/prismas.unq.edu.ar\/OJS\/index.php\/Prismas\/article\/view\/Saborido_prismas22\" target=\"_blank\" rel=\"noreferrer noopener\">n<\/a><a href=\"https:\/\/prismas.unq.edu.ar\/OJS\/index.php\/Prismas\/article\/view\/Saborido_prismas22\">telectuales y cultura comunista. Itinerarios, problemas y debates en la Argentina de posguerra<\/a><\/p>\n\n\n\n<p>Mercedes Saborido<\/p>\n\n\n\n<p><a href=\"https:\/\/prismas.unq.edu.ar\/OJS\/index.php\/Prismas\/article\/view\/Zanca_prismas22\" target=\"_blank\" rel=\"noreferrer noopener\">Mart\u00edn Ribadero, Tiempo de profetas: ideas, debates y labor cultural de la izquierda nacional de Jorge Abelardo Ramos (1945-1962)<\/a><\/p>\n\n\n\n<p>Jos\u00e9 Zanca<\/p>\n\n\n\n<p><a href=\"https:\/\/prismas.unq.edu.ar\/OJS\/index.php\/Prismas\/article\/view\/Ehrlich_prismas22\" target=\"_blank\" rel=\"noreferrer noopener\">Ezequiel Adamovsky y Esteban Buch, La marchita, el escudo y el bombo. Una historia cultural de los emblemas del peronismo, de Per\u00f3n a Cristina Kirchner<\/a><\/p>\n\n\n\n<p>Laura Ehrlich<\/p>\n\n\n\n<div id=\"wp-block-themeisle-blocks-accordion-9db99f43\" class=\"wp-block-themeisle-blocks-accordion exclusive\">\n<details class=\"wp-block-themeisle-blocks-accordion-item\"><summary class=\"wp-block-themeisle-blocks-accordion-item__title\"><div>T\u00edtulo de acorde\u00f3n 1<\/div><\/summary><div class=\"wp-block-themeisle-blocks-accordion-item__content\">\n<p>Se trata de un marcador de posici\u00f3n del contenido de la pesta\u00f1a. Es importante tener la informaci\u00f3n necesaria en el bloque, pero en esta fase, es s\u00f3lo un marcador de posici\u00f3n para ayudarte a visualizar c\u00f3mo se muestra el contenido. Si\u00e9ntete libre de editarlo con tu contenido real.<\/p>\n<\/div><\/details>\n\n\n\n<details class=\"wp-block-themeisle-blocks-accordion-item\"><summary class=\"wp-block-themeisle-blocks-accordion-item__title\"><div>T\u00edtulo 2 del acorde\u00f3n<\/div><\/summary><div class=\"wp-block-themeisle-blocks-accordion-item__content\">\n<p>Se trata de un marcador de posici\u00f3n del contenido de la pesta\u00f1a. Es importante tener la informaci\u00f3n necesaria en el bloque, pero en esta fase, es s\u00f3lo un marcador de posici\u00f3n para ayudarte a visualizar c\u00f3mo se muestra el contenido. Si\u00e9ntete libre de editarlo con tu contenido real.<\/p>\n<\/div><\/details>\n<\/div>\n<\/div><\/details>\n\n\n\n<details class=\"wp-block-themeisle-blocks-accordion-item animated backInDown slower delay-100ms\"><summary class=\"wp-block-themeisle-blocks-accordion-item__title\"><div>FICHAS<\/div><\/summary><div class=\"wp-block-themeisle-blocks-accordion-item__content\">\n<p><a href=\"https:\/\/prismas.unq.edu.ar\/OJS\/index.php\/Prismas\/article\/view\/Mart%C3%ADnez2_prismas22\" target=\"_blank\" rel=\"noreferrer noopener\"><strong>Libros fichados:<\/strong> \u00c1ngela Lorena Fuster y Mat\u00edas Sirczuk (eds.), <em>Hannah Arendt <\/em>\/ Dhan Zunino Singh, Guillermo Giucci y Paola Jir\u00f3n (eds.), <em>T\u00e9rminos clave para los estudios de movilidad en Am\u00e9rica Latina <\/em>\/ Daniel Bellingradt, Paul Nelles y Jeroen Salman (eds.), <em>Books in motion in early modern Europe <\/em>\/ James R. Akerman (ed.), <em>Decolonizing the map <\/em>\/ Nicolas Terrien, <em>\u201cDes patriotes sans patrie\u201d <\/em>\/ Richard J. Evans, <em>La lucha por el poder <\/em>\/ Oscar Ter\u00e1n, <em>Discutir Mari\u00e1tegui <\/em>\/ Alvaro Campuzano, <em>La modernidad imaginada <\/em>\/ Gustavo Sor\u00e1, <em>Editar desde la izquierda <\/em>\/ Gabriela Rodr\u00edguez Rial (ed.), <em>Rep\u00fablica y republicanismos <\/em>\/ Carlos Illades, <em>El marxismo en M\u00e9xico: una historia intelectual <\/em>\/ Susan R. Hallstead y Regina A. Root (comps.), <em>Pasado de moda <\/em>\/ Ana Clarisa Ag\u00fcero, <em>Local \/ Nacional <\/em>\/ Horacio L\u00f3pez, <em>Las editoriales rojas <\/em>\/ Valeria Manzano, <em>La era de la juventud en Argentina <\/em>\/ Laura Graciela Rodr\u00edguez, <em>Universidad, Peronismo y Dictadura, 1973-1983 <\/em>\/ Juan Pedro Blois, <em>Medio siglo de sociolog\u00eda en la Argentina <\/em>\/ Omar Acha, <em>Cambiar de ideas<\/em><\/a><\/p>\n\n\n\n<p>Autores: Ricardo Mart\u00ednez Mazzola, Ximena Espeche, Ezequiel Grisendi, Gabriel Entin, Andr\u00e9s Freijomil, Mart\u00edn Bergel, Mart\u00edn Ribadero, Ana Luc\u00eda Magrini, Cecilia Dur\u00e1n, Flavia Fiorucci, Natalia \u00c1vila, Alejandro Blanco<\/p>\n\n\n\n<div id=\"wp-block-themeisle-blocks-accordion-7b6d24ea\" class=\"wp-block-themeisle-blocks-accordion exclusive\">\n<details class=\"wp-block-themeisle-blocks-accordion-item\"><summary class=\"wp-block-themeisle-blocks-accordion-item__title\"><div>T\u00edtulo de acorde\u00f3n 1<\/div><\/summary><div class=\"wp-block-themeisle-blocks-accordion-item__content\">\n<p>Se trata de un marcador de posici\u00f3n del contenido de la pesta\u00f1a. Es importante tener la informaci\u00f3n necesaria en el bloque, pero en esta fase, es s\u00f3lo un marcador de posici\u00f3n para ayudarte a visualizar c\u00f3mo se muestra el contenido. Si\u00e9ntete libre de editarlo con tu contenido real.<\/p>\n<\/div><\/details>\n\n\n\n<details class=\"wp-block-themeisle-blocks-accordion-item\"><summary class=\"wp-block-themeisle-blocks-accordion-item__title\"><div>T\u00edtulo 2 del acorde\u00f3n<\/div><\/summary><div class=\"wp-block-themeisle-blocks-accordion-item__content\">\n<p>Se trata de un marcador de posici\u00f3n del contenido de la pesta\u00f1a. Es importante tener la informaci\u00f3n necesaria en el bloque, pero en esta fase, es s\u00f3lo un marcador de posici\u00f3n para ayudarte a visualizar c\u00f3mo se muestra el contenido. Si\u00e9ntete libre de editarlo con tu contenido real.<\/p>\n<\/div><\/details>\n<\/div>\n<\/div><\/details>\n\n\n\n<details class=\"wp-block-themeisle-blocks-accordion-item animated backInDown delay-100ms slower\"><summary class=\"wp-block-themeisle-blocks-accordion-item__title\"><div>OBITUARIOS<\/div><\/summary><div class=\"wp-block-themeisle-blocks-accordion-item__content\">\n<p><a href=\"https:\/\/prismas.unq.edu.ar\/OJS\/index.php\/Prismas\/article\/view\/Fern%C3%A1ndez_prismas22\" target=\"_blank\" rel=\"noreferrer noopener\">Jorge Dotti (1947-2018)<\/a><\/p>\n\n\n\n<p>Jos\u00e9 Fern\u00e1ndez Vega<\/p>\n\n\n\n<p><a href=\"https:\/\/prismas.unq.edu.ar\/OJS\/index.php\/Prismas\/article\/view\/114\" target=\"_blank\" rel=\"noreferrer noopener\">Georg G. Iggers (1926-2017)<\/a><\/p>\n\n\n\n<p>Andr\u00e9s G. Freijomil<\/p>\n\n\n\n<p><a href=\"https:\/\/prismas.unq.edu.ar\/OJS\/index.php\/Prismas\/article\/view\/Tozzi_prismas22\" target=\"_blank\" rel=\"noreferrer noopener\">Hayden White (1928-2018)<\/a><\/p>\n\n\n\n<p>Ver\u00f3nica Tozzi<\/p>\n<\/div><\/details>\n<\/div>\n<\/div>\n<\/div><\/div>\n","protected":false},"excerpt":{"rendered":"","protected":false},"author":3,"featured_media":132,"comment_status":"closed","ping_status":"closed","sticky":false,"template":"","format":"standard","meta":{"_themeisle_gutenberg_block_has_review":false,"footnotes":""},"categories":[5],"tags":[10,6,8],"class_list":["post-458","post","type-post","status-publish","format-standard","has-post-thumbnail","hentry","category-indice-general","tag-25-anos","tag-historia-intelectual","tag-prismas"],"_links":{"self":[{"href":"https:\/\/historiaintelectual.com.ar\/indiceprismas\/wp-json\/wp\/v2\/posts\/458","targetHints":{"allow":["GET"]}}],"collection":[{"href":"https:\/\/historiaintelectual.com.ar\/indiceprismas\/wp-json\/wp\/v2\/posts"}],"about":[{"href":"https:\/\/historiaintelectual.com.ar\/indiceprismas\/wp-json\/wp\/v2\/types\/post"}],"author":[{"embeddable":true,"href":"https:\/\/historiaintelectual.com.ar\/indiceprismas\/wp-json\/wp\/v2\/users\/3"}],"replies":[{"embeddable":true,"href":"https:\/\/historiaintelectual.com.ar\/indiceprismas\/wp-json\/wp\/v2\/comments?post=458"}],"version-history":[{"count":2,"href":"https:\/\/historiaintelectual.com.ar\/indiceprismas\/wp-json\/wp\/v2\/posts\/458\/revisions"}],"predecessor-version":[{"id":2944,"href":"https:\/\/historiaintelectual.com.ar\/indiceprismas\/wp-json\/wp\/v2\/posts\/458\/revisions\/2944"}],"wp:featuredmedia":[{"embeddable":true,"href":"https:\/\/historiaintelectual.com.ar\/indiceprismas\/wp-json\/wp\/v2\/media\/132"}],"wp:attachment":[{"href":"https:\/\/historiaintelectual.com.ar\/indiceprismas\/wp-json\/wp\/v2\/media?parent=458"}],"wp:term":[{"taxonomy":"category","embeddable":true,"href":"https:\/\/historiaintelectual.com.ar\/indiceprismas\/wp-json\/wp\/v2\/categories?post=458"},{"taxonomy":"post_tag","embeddable":true,"href":"https:\/\/historiaintelectual.com.ar\/indiceprismas\/wp-json\/wp\/v2\/tags?post=458"}],"curies":[{"name":"wp","href":"https:\/\/api.w.org\/{rel}","templated":true}]}}