{"id":453,"date":"2023-02-27T21:51:04","date_gmt":"2023-02-27T21:51:04","guid":{"rendered":"https:\/\/historiaintelectual.com.ar\/indiceprismas\/?p=453"},"modified":"2025-05-26T17:42:00","modified_gmt":"2025-05-26T17:42:00","slug":"vol-21-2017","status":"publish","type":"post","link":"https:\/\/historiaintelectual.com.ar\/indiceprismas\/vol-21-2017\/","title":{"rendered":"VOL. 21 (2017)"},"content":{"rendered":"\n<div id=\"wp-block-themeisle-blocks-advanced-columns-6a350af5\" class=\"wp-block-themeisle-blocks-advanced-columns has-2-columns has-desktop-oneTwo-layout has-tablet-equal-layout has-mobile-collapsedRows-layout has-vertical-unset\"><div class=\"wp-block-themeisle-blocks-advanced-columns-overlay\"><\/div><div class=\"innerblocks-wrap\">\n<div id=\"wp-block-themeisle-blocks-advanced-column-726330eb\" class=\"wp-block-themeisle-blocks-advanced-column\">\n<figure class=\"wp-block-image size-full is-resized o-sticky o-sticky-pos-top o-sticky-bhvr-keep o-sticky-scope-parent\"><img loading=\"lazy\" decoding=\"async\" width=\"377\" height=\"550\" src=\"http:\/\/historiaintelectual.com.ar\/indiceprismas\/wp-content\/uploads\/2023\/02\/21.jpg\" alt=\"\" class=\"wp-image-133\" style=\"width:315px;height:459px\" srcset=\"https:\/\/historiaintelectual.com.ar\/indiceprismas\/wp-content\/uploads\/2023\/02\/21.jpg 377w, https:\/\/historiaintelectual.com.ar\/indiceprismas\/wp-content\/uploads\/2023\/02\/21-206x300.jpg 206w, https:\/\/historiaintelectual.com.ar\/indiceprismas\/wp-content\/uploads\/2023\/02\/21-103x150.jpg 103w, https:\/\/historiaintelectual.com.ar\/indiceprismas\/wp-content\/uploads\/2023\/02\/21-360x525.jpg 360w\" sizes=\"auto, (max-width: 377px) 100vw, 377px\" \/><\/figure>\n<\/div>\n\n\n\n<div id=\"wp-block-themeisle-blocks-advanced-column-af3f0557\" class=\"wp-block-themeisle-blocks-advanced-column\">\n<div id=\"wp-block-themeisle-blocks-accordion-99585927\" class=\"wp-block-themeisle-blocks-accordion exclusive\">\n<details class=\"wp-block-themeisle-blocks-accordion-item animated backInDown\"><summary class=\"wp-block-themeisle-blocks-accordion-item__title\"><div>ART\u00cdCULOS<\/div><\/summary><div class=\"wp-block-themeisle-blocks-accordion-item__content\">\n<p><a rel=\"noreferrer noopener\" href=\"https:\/\/prismas.unq.edu.ar\/OJS\/index.php\/Prismas\/article\/view\/Loaiza_prismas21\" target=\"_blank\">La opini\u00f3n p\u00fablica y la Rep\u00fablica de las Letras. La opini\u00f3n ilustrada en la Am\u00e9rica espa\u00f1ola, 1767-1810<\/a><br>Gilberto Loaiza Cano<\/p>\n\n\n\n<p><a rel=\"noreferrer noopener\" href=\"https:\/\/prismas.unq.edu.ar\/OJS\/index.php\/Prismas\/article\/view\/Guillamon_prismas21\" target=\"_blank\">Gusto y buen gusto en la cultura musical porte\u00f1a (1820-1828)<\/a><br>Guillermina Guillamon<\/p>\n\n\n\n<p><a rel=\"noreferrer noopener\" href=\"https:\/\/prismas.unq.edu.ar\/OJS\/index.php\/Prismas\/article\/view\/Merbilhaa_prismas21\" target=\"_blank\">Los sabios, entre la Ciencia y la Naci\u00f3n: Lugones en su <em>Revue Sud-Am\u00e9ricaine<\/em> (1914)<\/a><br>Margarita Merbilha\u00e1<\/p>\n\n\n\n<p><a rel=\"noreferrer noopener\" href=\"https:\/\/prismas.unq.edu.ar\/OJS\/index.php\/Prismas\/article\/view\/Dominguez_prismas21\" target=\"_blank\">Filosof\u00eda e historia en las primeras historias de las ideas argentinas. La discusi\u00f3n historiogr\u00e1fica entre Jos\u00e9 Ingenieros y Alejandro Korn<\/a><br>Lucas Dom\u00ednguez Rubio<\/p>\n\n\n\n<p><a rel=\"noreferrer noopener\" href=\"https:\/\/prismas.unq.edu.ar\/OJS\/index.php\/Prismas\/article\/view\/Cersosimo_prismas21\" target=\"_blank\">Charles Maurras y los nacionalistas argentinos. Recepci\u00f3n y \u201cusos\u201d en los a\u00f1os posperonistas<\/a><br>Facundo Cers\u00f3simo<\/p>\n\n\n\n<p><a rel=\"noreferrer noopener\" href=\"https:\/\/prismas.unq.edu.ar\/OJS\/index.php\/Prismas\/article\/view\/Manzano_prismas21\" target=\"_blank\">Desde la \u201crevoluci\u00f3n total\u201d a la democracia. Silo\u00edsmo, contracultura y pol\u00edtica en la historia argentina reciente<\/a><br>Valeria Manzano<\/p>\n<\/div><\/details>\n\n\n\n<details class=\"wp-block-themeisle-blocks-accordion-item animated backInDown slow\"><summary class=\"wp-block-themeisle-blocks-accordion-item__title\"><div>ARGUMENTOS<\/div><\/summary><div class=\"wp-block-themeisle-blocks-accordion-item__content\">\n<p><a rel=\"noreferrer noopener\" href=\"https:\/\/prismas.unq.edu.ar\/OJS\/index.php\/Prismas\/article\/view\/329\" target=\"_blank\">Presentaci\u00f3n: Repensando <em>The Foundations of Modern Political Thought<\/em>, de Quentin Skinner<\/a><br>El\u00edas J. Palti<\/p>\n\n\n\n<p><a rel=\"noreferrer noopener\" href=\"https:\/\/prismas.unq.edu.ar\/OJS\/index.php\/Prismas\/article\/view\/Goldie_prismas21\" target=\"_blank\">El contexto de <em>Los fundamentos<\/em><\/a><br>Mark Goldie<\/p>\n\n\n\n<p><a rel=\"noreferrer noopener\" href=\"https:\/\/prismas.unq.edu.ar\/OJS\/index.php\/Prismas\/article\/view\/Pocock_prismas21\" target=\"_blank\">Fundamentos y momentos<\/a><br>J. G. A. Pocock<\/p>\n\n\n\n<p><a rel=\"noreferrer noopener\" href=\"https:\/\/prismas.unq.edu.ar\/OJS\/index.php\/Prismas\/article\/view\/Skinner_prismas21\" target=\"_blank\">Analizando <em>Los fundamentos<\/em>: retrospectiva y reconsideraci\u00f3n<\/a><br>Quentin Skinner<\/p>\n<\/div><\/details>\n\n\n\n<details class=\"wp-block-themeisle-blocks-accordion-item animated backInDown slow\"><summary class=\"wp-block-themeisle-blocks-accordion-item__title\"><div>DOSSIER: La Revoluci\u00f3n Rusa en la historia intelectual latinoamericana<\/div><\/summary><div class=\"wp-block-themeisle-blocks-accordion-item__content\">\n<p><a rel=\"noreferrer noopener\" href=\"https:\/\/prismas.unq.edu.ar\/OJS\/index.php\/Prismas\/article\/view\/Prado_Martinez_prismas21\" target=\"_blank\">Presentaci\u00f3n<\/a><br>Laura Prado Acosta, Ricardo Mart\u00ednez Mazzola<\/p>\n\n\n\n<p><a href=\"https:\/\/prismas.unq.edu.ar\/OJS\/index.php\/Prismas\/article\/view\/Pittaluga_prismas21\">La Revoluci\u00f3n Sovi\u00e9tica desde el exilio: Mijail Yaroshevsky<\/a><br>Roberto Pittaluga<\/p>\n\n\n\n<p><a rel=\"noreferrer noopener\" href=\"https:\/\/prismas.unq.edu.ar\/OJS\/index.php\/Prismas\/article\/view\/Rivarola_prismas21\" target=\"_blank\">\u201cTodos son maximalistas\u201d: la Revoluci\u00f3n Rusa en el Paraguay a trav\u00e9s de <em>El Diario<\/em> y <em>Bandera Roja<\/em><\/a><br>Milda Rivarola<\/p>\n\n\n\n<p><a rel=\"noreferrer noopener\" href=\"https:\/\/prismas.unq.edu.ar\/OJS\/index.php\/Prismas\/article\/view\/Karepovs_prismas21\" target=\"_blank\">La repercusi\u00f3n de la Revoluci\u00f3n Rusa en tierras brasile\u00f1as. El surgimiento del Partido Comunista del Brasil<\/a><br>Dainis Karepovs<\/p>\n\n\n\n<p><a rel=\"noreferrer noopener\" href=\"https:\/\/prismas.unq.edu.ar\/OJS\/index.php\/Prismas\/article\/view\/Caetano_prismas21\" target=\"_blank\">Emilio Frugoni y la Revoluci\u00f3n Rusa en el Uruguay<\/a><br>Gerardo Caetano<\/p>\n\n\n\n<p><a rel=\"noreferrer noopener\" href=\"https:\/\/prismas.unq.edu.ar\/OJS\/index.php\/Prismas\/article\/view\/Geli_prismas21\" target=\"_blank\">Revoluci\u00f3n en la Gran Guerra: el Partido Socialista de la Argentina ante la anomal\u00eda rusa de 1917. Tres breves consideraciones sobre una mirada temprana<\/a><br>Patricio Geli<\/p>\n\n\n\n<p><a rel=\"noreferrer noopener\" href=\"https:\/\/prismas.unq.edu.ar\/OJS\/index.php\/Prismas\/article\/view\/Galfione_prismas21\" target=\"_blank\">La revoluci\u00f3n como presente. Filosof\u00eda y pol\u00edtica en la <em>Revista de Filosof\u00eda<\/em><\/a><br>Mar\u00eda Carla Galfione<\/p>\n\n\n\n<p><a rel=\"noreferrer noopener\" href=\"https:\/\/prismas.unq.edu.ar\/OJS\/index.php\/Prismas\/article\/view\/Rubinzal_prismas21\" target=\"_blank\">Contra la revoluci\u00f3n: circulaci\u00f3n cultural y discursos decadentistas en la Argentina (1917-1922)<\/a><br>Mariela Rubinzal<\/p>\n\n\n\n<p><a rel=\"noreferrer noopener\" href=\"https:\/\/prismas.unq.edu.ar\/OJS\/index.php\/Prismas\/article\/view\/Bustelo_prismas21\" target=\"_blank\">Los estudiantes de Buenos Aires ante la \u201cola bolchevique\u201d. Discusiones y fracciones ligadas al proceso revolucionario ruso<\/a><br>Natalia Bustelo<\/p>\n\n\n\n<p><a rel=\"noreferrer noopener\" href=\"https:\/\/prismas.unq.edu.ar\/OJS\/index.php\/Prismas\/article\/view\/Bergel_prismas21\" target=\"_blank\">Jos\u00e9 Carlos Mari\u00e1tegui y la Revoluci\u00f3n Rusa: modernidad global, vanguardismo est\u00e9tico y apuesta socialista<\/a><br>Mart\u00edn Bergel<\/p>\n\n\n\n<p><a rel=\"noreferrer noopener\" href=\"https:\/\/prismas.unq.edu.ar\/OJS\/index.php\/Prismas\/article\/view\/1372\" target=\"_blank\">La huella de un rebelde: David Alfaro Siqueiros y la Revoluci\u00f3n de Octubre<\/a><br>Elvira Concheiro B\u00f3rquez<\/p>\n\n\n\n<p><a rel=\"noreferrer noopener\" href=\"https:\/\/prismas.unq.edu.ar\/OJS\/index.php\/Prismas\/article\/view\/Loyola_prismas21\" target=\"_blank\">Lenin en el Mapocho<\/a><br>Manuel Loyola<\/p>\n\n\n\n<p><a rel=\"noreferrer noopener\" href=\"https:\/\/prismas.unq.edu.ar\/OJS\/index.php\/Prismas\/article\/view\/Piemonte_prismas21\" target=\"_blank\">El antiimperialismo como legado: primeros an\u00e1lisis del imperialismo en el comunismo sudamericano<\/a><br>V\u00edctor Augusto Piemonte<\/p>\n<\/div><\/details>\n\n\n\n<details class=\"wp-block-themeisle-blocks-accordion-item animated backInDown slower\"><summary class=\"wp-block-themeisle-blocks-accordion-item__title\"><div>LECTURAS<\/div><\/summary><div class=\"wp-block-themeisle-blocks-accordion-item__content\">\n<p><strong>Tres lecturas sobre <em>La historia es una literatura contempor\u00e1nea<\/em>,de Iv\u00e1n Jablonka<\/strong><\/p>\n\n\n\n<p><a rel=\"noreferrer noopener\" href=\"https:\/\/prismas.unq.edu.ar\/OJS\/index.php\/Prismas\/article\/view\/Caimari_prismas21\" target=\"_blank\">Por una historia escrita<\/a><br>Lila Caimari<\/p>\n\n\n\n<p><a rel=\"noreferrer noopener\" href=\"https:\/\/prismas.unq.edu.ar\/OJS\/index.php\/Prismas\/article\/view\/Ortiz_prismas21\" target=\"_blank\">Impresiones de lectura<\/a><br>Renato Ortiz<\/p>\n\n\n\n<p><a rel=\"noreferrer noopener\" href=\"https:\/\/prismas.unq.edu.ar\/OJS\/index.php\/Prismas\/article\/view\/Aguero_prismas21\" target=\"_blank\">Novedad, innovaci\u00f3n y ganancia historiogr\u00e1fica<\/a><br>Ana Clarisa Ag\u00fcero<\/p>\n\n\n\n<div id=\"wp-block-themeisle-blocks-accordion-ffb0ace6\" class=\"wp-block-themeisle-blocks-accordion exclusive\">\n<details class=\"wp-block-themeisle-blocks-accordion-item\"><summary class=\"wp-block-themeisle-blocks-accordion-item__title\"><div>T\u00edtulo de acorde\u00f3n 1<\/div><\/summary><div class=\"wp-block-themeisle-blocks-accordion-item__content\">\n<p>Se trata de un marcador de posici\u00f3n del contenido de la pesta\u00f1a. Es importante tener la informaci\u00f3n necesaria en el bloque, pero en esta fase, es s\u00f3lo un marcador de posici\u00f3n para ayudarte a visualizar c\u00f3mo se muestra el contenido. Si\u00e9ntete libre de editarlo con tu contenido real.<\/p>\n<\/div><\/details>\n\n\n\n<details class=\"wp-block-themeisle-blocks-accordion-item\"><summary class=\"wp-block-themeisle-blocks-accordion-item__title\"><div>T\u00edtulo 2 del acorde\u00f3n<\/div><\/summary><div class=\"wp-block-themeisle-blocks-accordion-item__content\">\n<p>Se trata de un marcador de posici\u00f3n del contenido de la pesta\u00f1a. Es importante tener la informaci\u00f3n necesaria en el bloque, pero en esta fase, es s\u00f3lo un marcador de posici\u00f3n para ayudarte a visualizar c\u00f3mo se muestra el contenido. Si\u00e9ntete libre de editarlo con tu contenido real.<\/p>\n<\/div><\/details>\n<\/div>\n\n\n\n<div id=\"wp-block-themeisle-blocks-accordion-9651f8d2\" class=\"wp-block-themeisle-blocks-accordion exclusive\">\n<details class=\"wp-block-themeisle-blocks-accordion-item\"><summary class=\"wp-block-themeisle-blocks-accordion-item__title\"><div>T\u00edtulo de acorde\u00f3n 1<\/div><\/summary><div class=\"wp-block-themeisle-blocks-accordion-item__content\">\n<p>Se trata de un marcador de posici\u00f3n del contenido de la pesta\u00f1a. Es importante tener la informaci\u00f3n necesaria en el bloque, pero en esta fase, es s\u00f3lo un marcador de posici\u00f3n para ayudarte a visualizar c\u00f3mo se muestra el contenido. Si\u00e9ntete libre de editarlo con tu contenido real.<\/p>\n<\/div><\/details>\n\n\n\n<details class=\"wp-block-themeisle-blocks-accordion-item\"><summary class=\"wp-block-themeisle-blocks-accordion-item__title\"><div>T\u00edtulo 2 del acorde\u00f3n<\/div><\/summary><div class=\"wp-block-themeisle-blocks-accordion-item__content\">\n<p>Se trata de un marcador de posici\u00f3n del contenido de la pesta\u00f1a. Es importante tener la informaci\u00f3n necesaria en el bloque, pero en esta fase, es s\u00f3lo un marcador de posici\u00f3n para ayudarte a visualizar c\u00f3mo se muestra el contenido. Si\u00e9ntete libre de editarlo con tu contenido real.<\/p>\n<\/div><\/details>\n<\/div>\n<\/div><\/details>\n\n\n\n<details class=\"wp-block-themeisle-blocks-accordion-item animated backInDown slower delay-100ms\"><summary class=\"wp-block-themeisle-blocks-accordion-item__title\"><div>RESE\u00d1AS<\/div><\/summary><div class=\"wp-block-themeisle-blocks-accordion-item__content\">\n<p><a rel=\"noreferrer noopener\" href=\"https:\/\/prismas.unq.edu.ar\/OJS\/index.php\/Prismas\/article\/view\/Canavese_prismas21\" target=\"_blank\">Lila Caimari, La vida en el archivo. Goces, tedios y desv\u00edos en el oficio de la historia<\/a><br>Mariana Canavese<\/p>\n\n\n\n<p><a rel=\"noreferrer noopener\" href=\"https:\/\/prismas.unq.edu.ar\/OJS\/index.php\/Prismas\/article\/view\/Marjanen_Prismas21\" target=\"_blank\">Richard Whatmore, What is Intellectual History?<\/a><br>Jani Marjanen<\/p>\n\n\n\n<p><a rel=\"noreferrer noopener\" href=\"https:\/\/prismas.unq.edu.ar\/OJS\/index.php\/Prismas\/article\/view\/Blanco_Prismas21\" target=\"_blank\">Gis\u00e8le Sapiro, La sociolog\u00eda de la literatura<\/a><br>Mar\u00eda Julia Blanco<\/p>\n\n\n\n<p><a rel=\"noreferrer noopener\" href=\"https:\/\/prismas.unq.edu.ar\/OJS\/index.php\/Prismas\/article\/view\/244\" target=\"_blank\">J\u00fcrgen Osterhammel, La transformaci\u00f3n del mundo. Una historia global del siglo XIX<\/a><br>Andr\u00e9s G. Freijomil<\/p>\n\n\n\n<p><a rel=\"noreferrer noopener\" href=\"https:\/\/prismas.unq.edu.ar\/OJS\/index.php\/Prismas\/article\/view\/Barucua_prismas21\" target=\"_blank\">Sudhir Chandra, Gandhi. An Impossible Possibility<\/a><br>Jos\u00e9 Emilio Buruc\u00faa<\/p>\n\n\n\n<p><a rel=\"noreferrer noopener\" href=\"https:\/\/prismas.unq.edu.ar\/OJS\/index.php\/Prismas\/article\/view\/dePrado_prismas21\" target=\"_blank\">Sarissa Carneiro, Ret\u00f3rica del infortunio. Persuasi\u00f3n, deleite y ejemplaridad en el siglo XVI<\/a><br>Jes\u00fas de Prado Plumed<\/p>\n\n\n\n<p><a rel=\"noreferrer noopener\" href=\"https:\/\/prismas.unq.edu.ar\/OJS\/index.php\/Prismas\/article\/view\/Martinez_prismas21\" target=\"_blank\">Lucas Margarit y Elina Montes (comps.), Utop\u00edas inglesas del siglo XVIII. Construcciones imaginarias del estado moderno: selecci\u00f3n de textos y comentarios cr\u00edticos<\/a><br>Carolina Mart\u00ednez<\/p>\n\n\n\n<p><a rel=\"noreferrer noopener\" href=\"https:\/\/prismas.unq.edu.ar\/OJS\/index.php\/Prismas\/article\/view\/Ajmechet_prismas21\" target=\"_blank\">Fran\u00e7ois Furet, La Revoluci\u00f3n Francesa en debate. De la utop\u00eda liberadora al desencanto en las democracias contempor\u00e1neas<\/a><br>Sabrina Ajmechet<\/p>\n\n\n\n<p><a href=\"https:\/\/prismas.unq.edu.ar\/OJS\/index.php\/Prismas\/article\/view\/Grisendi_prismas21\" target=\"_blank\" rel=\"noreferrer noopener\">Christophe Charle y Laurent Jeanpierre (dirs.), La vie intellectuelle en France. I: Des landemains de la R\u00e9volution \u00e0 1914 y II: De 1914 \u00e0 nos jours<\/a><\/p>\n\n\n\n<p>Ezequiel Grisendi<\/p>\n\n\n\n<p><a rel=\"noreferrer noopener\" href=\"https:\/\/prismas.unq.edu.ar\/OJS\/index.php\/Prismas\/article\/view\/250\" target=\"_blank\">Mart\u00edn Ba\u00f1a, Una Intelligentsia Musical. Modernidad, pol\u00edtica e historia de Rusia en las \u00f3peras de Musorgsky y Rimsky-Korsakov (1856-1883)<\/a><br>Sofia Blanco Ivanoff Ialamoff<\/p>\n\n\n\n<p><a rel=\"noreferrer noopener\" href=\"https:\/\/prismas.unq.edu.ar\/OJS\/index.php\/Prismas\/article\/view\/251\" target=\"_blank\">Adri\u00e1n Gorelik y Fernanda Areas Peixoto (comps.), Ciudades sudamericanas como arenas culturales<\/a><br>Dhan Zunino<\/p>\n\n\n\n<p><a rel=\"noreferrer noopener\" href=\"https:\/\/prismas.unq.edu.ar\/OJS\/index.php\/Prismas\/article\/view\/Valero_prismas21\" target=\"_blank\">\u00c1lvaro Morcillo Laiz y Eduardo Weisz (eds.), Max Weber en Iberoam\u00e9rica. Nuevas interpretaciones, estudios emp\u00edricos y recepci\u00f3n<\/a><br>Aurelia Valero Pie<\/p>\n\n\n\n<p><a rel=\"noreferrer noopener\" href=\"https:\/\/prismas.unq.edu.ar\/OJS\/index.php\/Prismas\/article\/view\/Magrini_prismas21\" target=\"_blank\">Maristella Svampa, Debates latinoamericanos. Indianismo, desarrollo, dependencia y populismo<\/a><br>Ana Luc\u00eda Magrini<\/p>\n\n\n\n<p><a rel=\"noreferrer noopener\" href=\"https:\/\/prismas.unq.edu.ar\/OJS\/index.php\/Prismas\/article\/view\/Topasso_prismas21\" target=\"_blank\">Pablo Stefanoni, Los inconformistas del Centenario. Intelectuales, socialismo y naci\u00f3n en una Bolivia en crisis (1925-1939)<\/a><br>Hern\u00e1n Topasso<\/p>\n\n\n\n<p><a rel=\"noreferrer noopener\" href=\"https:\/\/prismas.unq.edu.ar\/OJS\/index.php\/Prismas\/article\/view\/Altamirano_prismas21\" target=\"_blank\">Rafael Rojas, Traductores de la utop\u00eda. La Revoluci\u00f3n Cubana y la nueva izquierda de Nueva York<\/a><br>Carlos Altamirano<\/p>\n\n\n\n<p><a rel=\"noreferrer noopener\" href=\"https:\/\/prismas.unq.edu.ar\/OJS\/index.php\/Prismas\/article\/view\/257\" target=\"_blank\">Javier Garc\u00eda Liendo, El intelectual y la cultura de masas. Argumentos latinoamericanos en torno a \u00c1ngel Rama y Jos\u00e9 Mar\u00eda Arguedas<\/a><br>Ximena Espeche<\/p>\n\n\n\n<p><a rel=\"noreferrer noopener\" href=\"https:\/\/prismas.unq.edu.ar\/OJS\/index.php\/Prismas\/article\/view\/Marchesi_prismass21\" target=\"_blank\">Ximena Espeche, La paradoja uruguaya. Intelectuales, latinoamericanismo y naci\u00f3n a mediados del siglo XX<\/a><br>Aldo Marchesi<\/p>\n\n\n\n<p><a rel=\"noreferrer noopener\" href=\"https:\/\/prismas.unq.edu.ar\/OJS\/index.php\/Prismas\/article\/view\/Salvatore_prismas22\" target=\"_blank\">\u00c1lvaro Fern\u00e1ndez Bravo, El Museo Vac\u00edo. Acumulaci\u00f3n primitiva, patrimonio cultural e identidades colectivas. Argentina y Brasil. 1880-1945<\/a><br>Ricardo D. Salvatore<\/p>\n\n\n\n<p><a rel=\"noreferrer noopener\" href=\"https:\/\/prismas.unq.edu.ar\/OJS\/index.php\/Prismas\/article\/view\/Entin_prismas21\" target=\"_blank\">Noem\u00ed Goldman, Mariano Moreno. De reformista a insurgente<\/a><br>Gabriel Entin<\/p>\n\n\n\n<p><a rel=\"noreferrer noopener\" href=\"https:\/\/prismas.unq.edu.ar\/OJS\/index.php\/Prismas\/article\/view\/Palti_prismas21\" target=\"_blank\">Mariano di Pasquale y Marcelo Summo, Trayectorias singulares, voces plurales. Intelectuales en la Argentina, siglos XIX y XX<\/a><br>El\u00edas J. Palti<\/p>\n\n\n\n<p><a rel=\"noreferrer noopener\" href=\"https:\/\/prismas.unq.edu.ar\/OJS\/index.php\/Prismas\/article\/view\/Avila_prismas21\" target=\"_blank\">Roberto Pittaluga, Soviets en Buenos Aires. La izquierda de la Argentina ante la revoluci\u00f3n en Rusia<\/a><br>Natalia \u00c1vila<\/p>\n\n\n\n<p><a rel=\"noreferrer noopener\" href=\"https:\/\/prismas.unq.edu.ar\/OJS\/index.php\/Prismas\/article\/view\/Ribadero_prismas21\" target=\"_blank\">Mart\u00edn Cort\u00e9s, Un nuevo marxismo para Am\u00e9rica Latina. Jos\u00e9 Aric\u00f3: traductor, editor, intelectual<\/a><br>Mart\u00edn Ribadero<\/p>\n\n\n\n<p><a rel=\"noreferrer noopener\" href=\"https:\/\/prismas.unq.edu.ar\/OJS\/index.php\/Prismas\/article\/view\/Celentano_prismas21\" target=\"_blank\">Luciano Garc\u00eda, La psicolog\u00eda por asalto. Psiquiatr\u00eda y cultura cient\u00edfica en el comunismo argentino (1935-1991)<\/a><br>Adri\u00e1n Celentano<\/p>\n\n\n\n<div id=\"wp-block-themeisle-blocks-accordion-9db99f43\" class=\"wp-block-themeisle-blocks-accordion exclusive\">\n<details class=\"wp-block-themeisle-blocks-accordion-item\"><summary class=\"wp-block-themeisle-blocks-accordion-item__title\"><div>T\u00edtulo de acorde\u00f3n 1<\/div><\/summary><div class=\"wp-block-themeisle-blocks-accordion-item__content\">\n<p>Se trata de un marcador de posici\u00f3n del contenido de la pesta\u00f1a. Es importante tener la informaci\u00f3n necesaria en el bloque, pero en esta fase, es s\u00f3lo un marcador de posici\u00f3n para ayudarte a visualizar c\u00f3mo se muestra el contenido. Si\u00e9ntete libre de editarlo con tu contenido real.<\/p>\n<\/div><\/details>\n\n\n\n<details class=\"wp-block-themeisle-blocks-accordion-item\"><summary class=\"wp-block-themeisle-blocks-accordion-item__title\"><div>T\u00edtulo 2 del acorde\u00f3n<\/div><\/summary><div class=\"wp-block-themeisle-blocks-accordion-item__content\">\n<p>Se trata de un marcador de posici\u00f3n del contenido de la pesta\u00f1a. Es importante tener la informaci\u00f3n necesaria en el bloque, pero en esta fase, es s\u00f3lo un marcador de posici\u00f3n para ayudarte a visualizar c\u00f3mo se muestra el contenido. Si\u00e9ntete libre de editarlo con tu contenido real.<\/p>\n<\/div><\/details>\n<\/div>\n<\/div><\/details>\n\n\n\n<details class=\"wp-block-themeisle-blocks-accordion-item animated backInDown slower delay-100ms\"><summary class=\"wp-block-themeisle-blocks-accordion-item__title\"><div>FICHAS<\/div><\/summary><div class=\"wp-block-themeisle-blocks-accordion-item__content\">\n<p><a rel=\"noreferrer noopener\" href=\"https:\/\/prismas.unq.edu.ar\/OJS\/index.php\/Prismas\/article\/view\/Freijomil_Saferstein_Entin_prismsa21\" target=\"_blank\"><strong>Libros fichados:<\/strong> Peter Frankopan, <em>El coraz\u00f3n del mundo <\/em>\/ Martyn Lyons, <em>La cultura escrita de la gente com\u00fan en Europa, c. 1860-1920 <\/em>\/ Rosario L\u00f3pez, <em>El pensamiento pol\u00edtico de John Stuart Mill en su contexto intelectual <\/em>\/ Philipp Blom, <em>La fractura <\/em>\/ Stefan Collini, <em>Common Writing <\/em>\/ Alejandra Uslenghi, <em>Latin America at the Fin-de-Si\u00e8cle Universal Exhibitions <\/em>\/ Karina R. V\u00e1zquez, <em>Ideas en espiral<\/em> \/ Heloisa Pontes, <em>Int\u00e9rpretes de la metr\u00f3poli <\/em>\/ Silvina Merenson, <em>Los peludos <\/em>\/ Magdalena Broquetas, <em>La trama autoritaria <\/em>\/ Alejandro Eujanian, <em>El pasado en el p\u00e9ndulo de la pol\u00edtica <\/em>\/ Julyan G. Peard, <em>An American Teacher in Argentina <\/em>\/ Carlos M. Herrera, <em>\u00bfAdi\u00f3s al proletariado? <\/em>\/ Javier Planas, <em>Libros, lectores y sociabilidades de lectura <\/em>\/ Mart\u00edn Ribadero, <em>Tiempos de profetas<\/em><\/a><br>Autores: Andr\u00e9s G. Freijomil, Ezequiel Saferstein, Gabriel Entin, Ezequiel Grisendi, Ximena Espeche, Flavia Fiorucci, Natalia Milne, Ricardo Mart\u00ednez Mazzola, Daniela Szpilbarg<\/p>\n\n\n\n<div id=\"wp-block-themeisle-blocks-accordion-7b6d24ea\" class=\"wp-block-themeisle-blocks-accordion exclusive\">\n<details class=\"wp-block-themeisle-blocks-accordion-item\"><summary class=\"wp-block-themeisle-blocks-accordion-item__title\"><div>T\u00edtulo de acorde\u00f3n 1<\/div><\/summary><div class=\"wp-block-themeisle-blocks-accordion-item__content\">\n<p>Se trata de un marcador de posici\u00f3n del contenido de la pesta\u00f1a. Es importante tener la informaci\u00f3n necesaria en el bloque, pero en esta fase, es s\u00f3lo un marcador de posici\u00f3n para ayudarte a visualizar c\u00f3mo se muestra el contenido. Si\u00e9ntete libre de editarlo con tu contenido real.<\/p>\n<\/div><\/details>\n\n\n\n<details class=\"wp-block-themeisle-blocks-accordion-item\"><summary class=\"wp-block-themeisle-blocks-accordion-item__title\"><div>T\u00edtulo 2 del acorde\u00f3n<\/div><\/summary><div class=\"wp-block-themeisle-blocks-accordion-item__content\">\n<p>Se trata de un marcador de posici\u00f3n del contenido de la pesta\u00f1a. Es importante tener la informaci\u00f3n necesaria en el bloque, pero en esta fase, es s\u00f3lo un marcador de posici\u00f3n para ayudarte a visualizar c\u00f3mo se muestra el contenido. Si\u00e9ntete libre de editarlo con tu contenido real.<\/p>\n<\/div><\/details>\n<\/div>\n<\/div><\/details>\n\n\n\n<details class=\"wp-block-themeisle-blocks-accordion-item animated backInDown delay-100ms slower\"><summary class=\"wp-block-themeisle-blocks-accordion-item__title\"><div>OBITUARIOS<\/div><\/summary><div class=\"wp-block-themeisle-blocks-accordion-item__content\">\n<p><a rel=\"noreferrer noopener\" href=\"https:\/\/prismas.unq.edu.ar\/OJS\/index.php\/Prismas\/article\/view\/Aguilar_prismas21\" target=\"_blank\">Antonio Candido (1918-2017)<\/a><br>Gonzalo Aguilar<\/p>\n\n\n\n<p><a rel=\"noreferrer noopener\" href=\"https:\/\/prismas.unq.edu.ar\/OJS\/index.php\/Prismas\/article\/view\/Galeano_prismas21\" target=\"_blank\">Ricardo Benzaquen de Ara\u00fajo (1952-2017)<\/a><br>Diego Galeano<\/p>\n\n\n\n<p><a rel=\"noreferrer noopener\" href=\"https:\/\/prismas.unq.edu.ar\/OJS\/index.php\/Prismas\/article\/view\/Freijomil_prismas21\" target=\"_blank\">Tzvetan Todorov (1939-2017)<\/a><br>Andr\u00e9s G. Freijomil<\/p>\n<\/div><\/details>\n<\/div>\n<\/div>\n<\/div><\/div>\n","protected":false},"excerpt":{"rendered":"","protected":false},"author":3,"featured_media":133,"comment_status":"closed","ping_status":"closed","sticky":false,"template":"","format":"standard","meta":{"_themeisle_gutenberg_block_has_review":false,"footnotes":""},"categories":[5],"tags":[10,6,8],"class_list":["post-453","post","type-post","status-publish","format-standard","has-post-thumbnail","hentry","category-indice-general","tag-25-anos","tag-historia-intelectual","tag-prismas"],"_links":{"self":[{"href":"https:\/\/historiaintelectual.com.ar\/indiceprismas\/wp-json\/wp\/v2\/posts\/453","targetHints":{"allow":["GET"]}}],"collection":[{"href":"https:\/\/historiaintelectual.com.ar\/indiceprismas\/wp-json\/wp\/v2\/posts"}],"about":[{"href":"https:\/\/historiaintelectual.com.ar\/indiceprismas\/wp-json\/wp\/v2\/types\/post"}],"author":[{"embeddable":true,"href":"https:\/\/historiaintelectual.com.ar\/indiceprismas\/wp-json\/wp\/v2\/users\/3"}],"replies":[{"embeddable":true,"href":"https:\/\/historiaintelectual.com.ar\/indiceprismas\/wp-json\/wp\/v2\/comments?post=453"}],"version-history":[{"count":3,"href":"https:\/\/historiaintelectual.com.ar\/indiceprismas\/wp-json\/wp\/v2\/posts\/453\/revisions"}],"predecessor-version":[{"id":2945,"href":"https:\/\/historiaintelectual.com.ar\/indiceprismas\/wp-json\/wp\/v2\/posts\/453\/revisions\/2945"}],"wp:featuredmedia":[{"embeddable":true,"href":"https:\/\/historiaintelectual.com.ar\/indiceprismas\/wp-json\/wp\/v2\/media\/133"}],"wp:attachment":[{"href":"https:\/\/historiaintelectual.com.ar\/indiceprismas\/wp-json\/wp\/v2\/media?parent=453"}],"wp:term":[{"taxonomy":"category","embeddable":true,"href":"https:\/\/historiaintelectual.com.ar\/indiceprismas\/wp-json\/wp\/v2\/categories?post=453"},{"taxonomy":"post_tag","embeddable":true,"href":"https:\/\/historiaintelectual.com.ar\/indiceprismas\/wp-json\/wp\/v2\/tags?post=453"}],"curies":[{"name":"wp","href":"https:\/\/api.w.org\/{rel}","templated":true}]}}