{"id":450,"date":"2023-02-27T21:37:23","date_gmt":"2023-02-27T21:37:23","guid":{"rendered":"https:\/\/historiaintelectual.com.ar\/indiceprismas\/?p=450"},"modified":"2025-05-26T17:42:28","modified_gmt":"2025-05-26T17:42:28","slug":"vol-20-2016","status":"publish","type":"post","link":"https:\/\/historiaintelectual.com.ar\/indiceprismas\/vol-20-2016\/","title":{"rendered":"VOL. 20 (2016)"},"content":{"rendered":"\n<div id=\"wp-block-themeisle-blocks-advanced-columns-6a350af5\" class=\"wp-block-themeisle-blocks-advanced-columns has-2-columns has-desktop-oneTwo-layout has-tablet-equal-layout has-mobile-collapsedRows-layout has-vertical-unset\"><div class=\"wp-block-themeisle-blocks-advanced-columns-overlay\"><\/div><div class=\"innerblocks-wrap\">\n<div id=\"wp-block-themeisle-blocks-advanced-column-726330eb\" class=\"wp-block-themeisle-blocks-advanced-column\">\n<figure class=\"wp-block-image size-full is-resized o-sticky o-sticky-pos-top o-sticky-bhvr-keep o-sticky-scope-parent\"><img loading=\"lazy\" decoding=\"async\" width=\"377\" height=\"550\" src=\"http:\/\/historiaintelectual.com.ar\/indiceprismas\/wp-content\/uploads\/2023\/02\/20.jpg\" alt=\"\" class=\"wp-image-134\" style=\"width:314px;height:457px\" srcset=\"https:\/\/historiaintelectual.com.ar\/indiceprismas\/wp-content\/uploads\/2023\/02\/20.jpg 377w, https:\/\/historiaintelectual.com.ar\/indiceprismas\/wp-content\/uploads\/2023\/02\/20-206x300.jpg 206w, https:\/\/historiaintelectual.com.ar\/indiceprismas\/wp-content\/uploads\/2023\/02\/20-103x150.jpg 103w, https:\/\/historiaintelectual.com.ar\/indiceprismas\/wp-content\/uploads\/2023\/02\/20-360x525.jpg 360w\" sizes=\"auto, (max-width: 377px) 100vw, 377px\" \/><\/figure>\n<\/div>\n\n\n\n<div id=\"wp-block-themeisle-blocks-advanced-column-af3f0557\" class=\"wp-block-themeisle-blocks-advanced-column\">\n<div id=\"wp-block-themeisle-blocks-accordion-99585927\" class=\"wp-block-themeisle-blocks-accordion exclusive\">\n<details class=\"wp-block-themeisle-blocks-accordion-item animated backInDown\"><summary class=\"wp-block-themeisle-blocks-accordion-item__title\"><div>ART\u00cdCULOS<\/div><\/summary><div class=\"wp-block-themeisle-blocks-accordion-item__content\">\n<p><a rel=\"noreferrer noopener\" href=\"https:\/\/prismas.unq.edu.ar\/OJS\/index.php\/Prismas\/article\/view\/Martinez_prismas20\" target=\"_blank\"><br>El impacto del<\/a><a href=\"https:\/\/prismas.unq.edu.ar\/OJS\/index.php\/Prismas\/article\/view\/Martinez_prismas20\"> giro ling\u00fc\u00edstico en la historia cultural y sus implicancias en el estudio de la literatura de viaje como fuente<\/a><br>Carolina Mart\u00ednez<\/p>\n\n\n\n<p><a rel=\"noreferrer noopener\" href=\"https:\/\/prismas.unq.edu.ar\/OJS\/index.php\/Prismas\/article\/view\/Sverlij_prismas20\" target=\"_blank\">La formulaci\u00f3n de un hogar humano en la obra de Leon Battista Alberti<\/a><br>Mariana Sverlij<\/p>\n\n\n\n<p><a rel=\"noreferrer noopener\" href=\"https:\/\/prismas.unq.edu.ar\/OJS\/index.php\/Prismas\/article\/view\/Bragoni_prismas20\" target=\"_blank\">El intercambio epistolar entre San Mart\u00edn y Lafond<\/a><br>Beatriz Bragoni<\/p>\n\n\n\n<p><a rel=\"noreferrer noopener\" href=\"https:\/\/prismas.unq.edu.ar\/OJS\/index.php\/Prismas\/article\/view\/Losada_prismas20\" target=\"_blank\">Rep\u00fablica, democracia, libertad. Marcelo T. de Alvear y las ideas pol\u00edticas en la Argentina de las d\u00e9cadas de 1920 y 1930<\/a><br>Leandro Losada<\/p>\n\n\n\n<p><a rel=\"noreferrer noopener\" href=\"https:\/\/prismas.unq.edu.ar\/OJS\/index.php\/Prismas\/article\/view\/Serra_prismas20\" target=\"_blank\">Sobre la crisis contempor\u00e1nea. Un plan de investigaci\u00f3n en torno a Gino Germani<\/a><br>Pasquale Serra<\/p>\n<\/div><\/details>\n\n\n\n<details class=\"wp-block-themeisle-blocks-accordion-item animated backInDown slow\"><summary class=\"wp-block-themeisle-blocks-accordion-item__title\"><div>ARGUMENTOS<\/div><\/summary><div class=\"wp-block-themeisle-blocks-accordion-item__content\">\n<p><a rel=\"noreferrer noopener\" href=\"https:\/\/prismas.unq.edu.ar\/OJS\/index.php\/Prismas\/article\/view\/Madero_prismas20\" target=\"_blank\">Patrick Boucheron. Contra las pasiones tristes<\/a><br>Marta Madero<\/p>\n\n\n\n<p><a rel=\"noreferrer noopener\" href=\"https:\/\/prismas.unq.edu.ar\/OJS\/index.php\/Prismas\/article\/view\/Boucheron_prismas20\" target=\"_blank\">Lo que puede la historia<\/a><br>Patrick Boucheron<\/p>\n<\/div><\/details>\n\n\n\n<details class=\"wp-block-themeisle-blocks-accordion-item animated backInDown slow\"><summary class=\"wp-block-themeisle-blocks-accordion-item__title\"><div>DOSSIER: La independencia de 1816 m\u00e1s all\u00e1 del R\u00edo de la Plata<\/div><\/summary><div class=\"wp-block-themeisle-blocks-accordion-item__content\">\n<p><a rel=\"noreferrer noopener\" href=\"https:\/\/prismas.unq.edu.ar\/OJS\/index.php\/Prismas\/article\/view\/Entin_prismas20\" target=\"_blank\">Presentaci\u00f3n<\/a><br>Gabriel Entin<\/p>\n\n\n\n<p><a rel=\"noreferrer noopener\" href=\"https:\/\/prismas.unq.edu.ar\/OJS\/index.php\/Prismas\/article\/view\/Portillo_prismas20\" target=\"_blank\">Emancipaci\u00f3n sin revoluci\u00f3n. El pensamiento conservador y la crisis del Imperio atl\u00e1ntico espa\u00f1ol<\/a><br>Jos\u00e9 M. Portillo Vald\u00e9s<\/p>\n\n\n\n<p><a rel=\"noreferrer noopener\" href=\"https:\/\/prismas.unq.edu.ar\/OJS\/index.php\/Prismas\/article\/view\/Irurozqui_prismas20\" target=\"_blank\">La telara\u00f1a de los Doctores. Charcas en el Congreso de Tucum\u00e1n de 1816<\/a><br>Marta Irurozqui<\/p>\n\n\n\n<p><a rel=\"noreferrer noopener\" href=\"https:\/\/prismas.unq.edu.ar\/OJS\/index.php\/Prismas\/article\/view\/Frega_prismas20\" target=\"_blank\">La declaraci\u00f3n de independencia de 1816 y el Protectorado artiguista<\/a><br>Ana Frega<\/p>\n\n\n\n<p><a rel=\"noreferrer noopener\" href=\"https:\/\/prismas.unq.edu.ar\/OJS\/index.php\/Prismas\/article\/view\/Pimenta_prismas20\" target=\"_blank\">El Brasil y la declaraci\u00f3n de independencia de las Provincias Unidas en Sudam\u00e9rica (1816)<\/a><br>Jo\u00e1o Paulo Pimenta<\/p>\n\n\n\n<p><a rel=\"noreferrer noopener\" href=\"https:\/\/prismas.unq.edu.ar\/OJS\/index.php\/Prismas\/article\/view\/Ossa_prismas20\" target=\"_blank\">Dos Actas de Independencia para dos Estados soberanos. Chile y el R\u00edo de la Plata, 1816-1818<\/a><br>Juan Luis Ossa Santa Cruz<\/p>\n\n\n\n<p><a rel=\"noreferrer noopener\" href=\"https:\/\/prismas.unq.edu.ar\/OJS\/index.php\/Prismas\/article\/view\/Telesca_prismas20\" target=\"_blank\">Independencia e indiferencia. Paraguay ante el Congreso de Tucum\u00e1n de 1816<\/a><br>Ignacio Telesca<\/p>\n\n\n\n<p><a rel=\"noreferrer noopener\" href=\"https:\/\/prismas.unq.edu.ar\/OJS\/index.php\/Prismas\/article\/view\/Guti%C3%A9rrez_prismas20\" target=\"_blank\">Vacilaciones taxativas: las declaraciones de independencia en la Nueva Granada y en el R\u00edo de la Plata<\/a><br>Daniel Guti\u00e9rrez Ardila<\/p>\n\n\n\n<p><a href=\"https:\/\/prismas.unq.edu.ar\/OJS\/index.php\/Prismas\/article\/view\/Quintero_prismas20\">La indepen<\/a><a rel=\"noreferrer noopener\" href=\"https:\/\/prismas.unq.edu.ar\/OJS\/index.php\/Prismas\/article\/view\/Quintero_prismas20\" target=\"_blank\">d<\/a><a href=\"https:\/\/prismas.unq.edu.ar\/OJS\/index.php\/Prismas\/article\/view\/Quintero_prismas20\">encia de las Provincias Unidas en Sud-Am\u00e9rica vista desde Venezuela<\/a><br>In\u00e9s Quintero, \u00c1ngel Rafael Almarza V.<\/p>\n\n\n\n<p><a rel=\"noreferrer noopener\" href=\"https:\/\/prismas.unq.edu.ar\/OJS\/index.php\/Prismas\/article\/view\/Moreno_prismas20\" target=\"_blank\">Ecos de la revoluci\u00f3n del R\u00edo de la Plata en la Nueva Espa\u00f1a<\/a><br>Rodrigo Moreno Guti\u00e9rrez<\/p>\n\n\n\n<p><a rel=\"noreferrer noopener\" href=\"https:\/\/prismas.unq.edu.ar\/OJS\/index.php\/Prismas\/article\/view\/Rodr%C3%ADguez_prismas20\" target=\"_blank\">El gobierno espa\u00f1ol detr\u00e1s de una impugnaci\u00f3n a la independencia de las Provincias Unidas del R\u00edo de la Plata, 1816-1818<\/a><br>Andrea Rodr\u00edguez Tapia<\/p>\n\n\n\n<p><a rel=\"noreferrer noopener\" href=\"https:\/\/prismas.unq.edu.ar\/OJS\/index.php\/Prismas\/article\/view\/Henry_prismas20\" target=\"_blank\">La Declaraci\u00f3n de la independencia de las Provincias Unidas en Sud-Am\u00e9rica viaja a los Estados Unidos<\/a><br>M\u00f3nica Henry<\/p>\n\n\n\n<p><a rel=\"noreferrer noopener\" href=\"https:\/\/prismas.unq.edu.ar\/OJS\/index.php\/Prismas\/article\/view\/Bernaldo_prismas20\" target=\"_blank\">La Independencia argentina desde una perspectiva global: soberan\u00eda y derecho internacional<\/a><br>Pilar Gonz\u00e1lez Bernaldo de Quir\u00f3s<\/p>\n<\/div><\/details>\n\n\n\n<details class=\"wp-block-themeisle-blocks-accordion-item animated backInDown slower\"><summary class=\"wp-block-themeisle-blocks-accordion-item__title\"><div>LECTURAS<\/div><\/summary><div class=\"wp-block-themeisle-blocks-accordion-item__content\">\n<p><a rel=\"noreferrer noopener\" href=\"https:\/\/prismas.unq.edu.ar\/OJS\/index.php\/Prismas\/article\/view\/Palti2_prismas20\" target=\"_blank\">El Foucault de Deleuze y sus visiones divergentes de la historia de la filosof\u00eda<\/a><br>El\u00edas J. Palti<\/p>\n\n\n\n<p><a rel=\"noreferrer noopener\" href=\"https:\/\/prismas.unq.edu.ar\/OJS\/index.php\/Prismas\/article\/view\/Bruno_prismas20\" target=\"_blank\">Biograf\u00eda, historia biogr\u00e1fica, biograf\u00eda-problema<\/a><br>Paula Bruno<\/p>\n\n\n\n<p><a rel=\"noreferrer noopener\" href=\"https:\/\/prismas.unq.edu.ar\/OJS\/index.php\/Prismas\/article\/view\/Rold%C3%A1n_prismas20\" target=\"_blank\">Tocqueville y la biograf\u00eda intelectual<\/a><br>Dar\u00edo Rold\u00e1n<\/p>\n\n\n\n<div id=\"wp-block-themeisle-blocks-accordion-ffb0ace6\" class=\"wp-block-themeisle-blocks-accordion exclusive\">\n<details class=\"wp-block-themeisle-blocks-accordion-item\"><summary class=\"wp-block-themeisle-blocks-accordion-item__title\"><div>T\u00edtulo de acorde\u00f3n 1<\/div><\/summary><div class=\"wp-block-themeisle-blocks-accordion-item__content\">\n<p>Se trata de un marcador de posici\u00f3n del contenido de la pesta\u00f1a. Es importante tener la informaci\u00f3n necesaria en el bloque, pero en esta fase, es s\u00f3lo un marcador de posici\u00f3n para ayudarte a visualizar c\u00f3mo se muestra el contenido. Si\u00e9ntete libre de editarlo con tu contenido real.<\/p>\n<\/div><\/details>\n\n\n\n<details class=\"wp-block-themeisle-blocks-accordion-item\"><summary class=\"wp-block-themeisle-blocks-accordion-item__title\"><div>T\u00edtulo 2 del acorde\u00f3n<\/div><\/summary><div class=\"wp-block-themeisle-blocks-accordion-item__content\">\n<p>Se trata de un marcador de posici\u00f3n del contenido de la pesta\u00f1a. Es importante tener la informaci\u00f3n necesaria en el bloque, pero en esta fase, es s\u00f3lo un marcador de posici\u00f3n para ayudarte a visualizar c\u00f3mo se muestra el contenido. Si\u00e9ntete libre de editarlo con tu contenido real.<\/p>\n<\/div><\/details>\n<\/div>\n\n\n\n<div id=\"wp-block-themeisle-blocks-accordion-9651f8d2\" class=\"wp-block-themeisle-blocks-accordion exclusive\">\n<details class=\"wp-block-themeisle-blocks-accordion-item\"><summary class=\"wp-block-themeisle-blocks-accordion-item__title\"><div>T\u00edtulo de acorde\u00f3n 1<\/div><\/summary><div class=\"wp-block-themeisle-blocks-accordion-item__content\">\n<p>Se trata de un marcador de posici\u00f3n del contenido de la pesta\u00f1a. Es importante tener la informaci\u00f3n necesaria en el bloque, pero en esta fase, es s\u00f3lo un marcador de posici\u00f3n para ayudarte a visualizar c\u00f3mo se muestra el contenido. Si\u00e9ntete libre de editarlo con tu contenido real.<\/p>\n<\/div><\/details>\n\n\n\n<details class=\"wp-block-themeisle-blocks-accordion-item\"><summary class=\"wp-block-themeisle-blocks-accordion-item__title\"><div>T\u00edtulo 2 del acorde\u00f3n<\/div><\/summary><div class=\"wp-block-themeisle-blocks-accordion-item__content\">\n<p>Se trata de un marcador de posici\u00f3n del contenido de la pesta\u00f1a. Es importante tener la informaci\u00f3n necesaria en el bloque, pero en esta fase, es s\u00f3lo un marcador de posici\u00f3n para ayudarte a visualizar c\u00f3mo se muestra el contenido. Si\u00e9ntete libre de editarlo con tu contenido real.<\/p>\n<\/div><\/details>\n<\/div>\n<\/div><\/details>\n\n\n\n<details class=\"wp-block-themeisle-blocks-accordion-item animated backInDown slower delay-100ms\"><summary class=\"wp-block-themeisle-blocks-accordion-item__title\"><div>RESE\u00d1AS<\/div><\/summary><div class=\"wp-block-themeisle-blocks-accordion-item__content\">\n<p><a rel=\"noreferrer noopener\" href=\"https:\/\/prismas.unq.edu.ar\/OJS\/index.php\/Prismas\/article\/view\/Ag%C3%BCero_prismas20\" target=\"_blank\">Jacques Revel (dir.), Juegos de escalas. Experiencias de microan\u00e1lisis<\/a><br>Ana Clarisa Ag\u00fcero<\/p>\n\n\n\n<p><a rel=\"noreferrer noopener\" href=\"https:\/\/prismas.unq.edu.ar\/OJS\/index.php\/Prismas\/article\/view\/Grisendi_prismas20\" target=\"_blank\">Richard Whatmore y Brian Young (eds.),&nbsp;A companion to intellectual history<\/a><br>Ezequiel Grisendi<\/p>\n\n\n\n<p><a rel=\"noreferrer noopener\" href=\"https:\/\/prismas.unq.edu.ar\/OJS\/index.php\/Prismas\/article\/view\/Morelli_prismas20\" target=\"_blank\">Tamar Herzog, Frontiers of Possession: Spain and Portugal in Europe and the Americas<\/a><br>Federica Morelli<\/p>\n\n\n\n<p><a rel=\"noreferrer noopener\" href=\"https:\/\/prismas.unq.edu.ar\/OJS\/index.php\/Prismas\/article\/view\/dePrado_prismas20\" target=\"_blank\">Andrew D. Berns,&nbsp;The Bible and natural philosophy in Renaissance Italy: Jewish and Christian physicians in search of truth<\/a><br>Jes\u00fas de Prado Plumed<\/p>\n\n\n\n<p><a rel=\"noreferrer noopener\" href=\"https:\/\/prismas.unq.edu.ar\/OJS\/index.php\/Prismas\/article\/view\/Reyes_prismas20\" target=\"_blank\">Gilles Candar,&nbsp;Devenir socialiste: le cas Jaur\u00e8s<\/a><br>Francisco Reyes<\/p>\n\n\n\n<p><a rel=\"noreferrer noopener\" href=\"https:\/\/prismas.unq.edu.ar\/OJS\/index.php\/Prismas\/article\/view\/Cosovschi_prismas20\" target=\"_blank\">Nicolas Mariot,&nbsp;Tous unis dans la tranch\u00e9e? 1914-1918, les intellectuels rencontrent le peuple<\/a><br>Agust\u00edn Cosovschi<\/p>\n\n\n\n<p><a rel=\"noreferrer noopener\" href=\"https:\/\/prismas.unq.edu.ar\/OJS\/index.php\/Prismas\/article\/view\/Carassai_prismas20\" target=\"_blank\">James Miller,&nbsp;La pasi\u00f3n de Michel Foucault<\/a><br>Sebasti\u00e1n Carassai<\/p>\n\n\n\n<p><a rel=\"noreferrer noopener\" href=\"https:\/\/prismas.unq.edu.ar\/OJS\/index.php\/Prismas\/article\/view\/Carassai2_prismas20\" target=\"_blank\">William Michael Schmidli,&nbsp;The Fate of Freedom Elsewhere. Human Rights and U.S. Cold War Policy<\/a><br>Sebasti\u00e1n Carassai<\/p>\n\n\n\n<p><a rel=\"noreferrer noopener\" href=\"https:\/\/prismas.unq.edu.ar\/OJS\/index.php\/Prismas\/article\/view\/Zuloag_prismas20\" target=\"_blank\">Gilberto Loaiza Cano,&nbsp;El poder letrado en Colombia. Ensayos sobre historia intelectual colombiana, siglos XIX y XX<\/a><br>Diego Zuloaga<\/p>\n\n\n\n<p><a rel=\"noreferrer noopener\" href=\"https:\/\/prismas.unq.edu.ar\/OJS\/index.php\/Prismas\/article\/view\/Myers_prismas20\" target=\"_blank\">Mauricio Tenorio,&nbsp;I Speak of the City. Mexico City at the Turn of the Twentieth Century<\/a><br>Jorge Myers<\/p>\n\n\n\n<p><a rel=\"noreferrer noopener\" href=\"https:\/\/prismas.unq.edu.ar\/OJS\/index.php\/Prismas\/article\/view\/Echeverr%C3%ADa_prismas20\" target=\"_blank\">Mar\u00eda Laura Reali, Herrera. La revoluci\u00f3n del orden. Discursos y pr\u00e1cticas pol\u00edticas (1897-1929)<\/a><br>Olga Echeverr\u00eda<\/p>\n\n\n\n<p><a rel=\"noreferrer noopener\" href=\"https:\/\/prismas.unq.edu.ar\/OJS\/index.php\/Prismas\/article\/view\/Sa%C3%ADtta_prismas20\" target=\"_blank\">Jos\u00e9 Luis de Diego,&nbsp;La otra cara de Jano. Una mirada cr\u00edtica sobre el libro y la edici\u00f3n<\/a><br>Sylvia Sa\u00edtta<\/p>\n\n\n\n<p><a rel=\"noreferrer noopener\" href=\"https:\/\/prismas.unq.edu.ar\/OJS\/index.php\/Prismas\/article\/view\/Kozel_prismas20\" target=\"_blank\">Aurelia Valero Pie,&nbsp;Jos\u00e9 Gaos en M\u00e9xico. Una biograf\u00eda intelectual, 1938-1969<\/a><br>Andr\u00e9s Kozel<\/p>\n\n\n\n<p><a rel=\"noreferrer noopener\" href=\"https:\/\/prismas.unq.edu.ar\/OJS\/index.php\/Prismas\/article\/view\/Mart%C3%ADnez2_prismas20\" target=\"_blank\">Guillermo Giucci,&nbsp;Tierra del Fuego: la creaci\u00f3n del fin del mundo<\/a><br>Carolina Mart\u00ednez<\/p>\n\n\n\n<p><a rel=\"noreferrer noopener\" href=\"https:\/\/prismas.unq.edu.ar\/OJS\/index.php\/Prismas\/article\/view\/Fern%C3%A1ndez_prismas20\" target=\"_blank\">Mart\u00edn Bergel,&nbsp;El Oriente desplazado. Los intelectuales y los or\u00edgenes del tercermundismo en la Argentina<\/a><br>\u00c1lvaro Fern\u00e1ndez Bravo<\/p>\n\n\n\n<p><a rel=\"noreferrer noopener\" href=\"https:\/\/prismas.unq.edu.ar\/OJS\/index.php\/Prismas\/article\/view\/Palti_prismas20\" target=\"_blank\">Laura Demar\u00eda,&nbsp;Buenos Aires y las provincias. Relatos para desarmar<\/a><br>El\u00edas Jos\u00e9 Palti<\/p>\n\n\n\n<p><a rel=\"noreferrer noopener\" href=\"https:\/\/prismas.unq.edu.ar\/OJS\/index.php\/Prismas\/article\/view\/MartinezTeresa_prismas20\" target=\"_blank\">Paula Bruno (dir.),&nbsp;Sociabilidades y vida cultural. Buenos Aires, 1860-1930<\/a><br>Ana Teresa Mart\u00ednez<\/p>\n\n\n\n<p><a rel=\"noreferrer noopener\" href=\"https:\/\/prismas.unq.edu.ar\/OJS\/index.php\/Prismas\/article\/view\/Viotti_prismas20\" target=\"_blank\">Soledad Quereilhac,&nbsp;Cuando la ciencia despertaba fantas\u00edas. Prensa, literatura y ocultismo en la Argentina de entresiglos<\/a><br>Nicol\u00e1s Viotti<\/p>\n\n\n\n<p><a rel=\"noreferrer noopener\" href=\"https:\/\/prismas.unq.edu.ar\/OJS\/index.php\/Prismas\/article\/view\/Tamagnini_prismas20\" target=\"_blank\">Ana Clarisa Ag\u00fcero y Diego Garc\u00eda (eds.),&nbsp;Culturas interiores. C\u00f3rdoba en la geograf\u00eda nacional e internacional de la cultura<\/a><br>Mar\u00eda Luc\u00eda Tamagnini<\/p>\n\n\n\n<p><a href=\"https:\/\/prismas.unq.edu.ar\/OJS\/index.php\/Prismas\/article\/view\/DiPasquale_prismas20\">Paula Bruno (coord.),&nbsp;Visitas culturales en la Argentina, 1898-1936<\/a><br>Mariano Di Pasquale<\/p>\n\n\n\n<p><a rel=\"noreferrer noopener\" href=\"https:\/\/prismas.unq.edu.ar\/OJS\/index.php\/Prismas\/article\/view\/Donnantuoni_prismas20\" target=\"_blank\">Clara Ruvituso,&nbsp;Di\u00e1logos existenciales. La filosof\u00eda alemana en la Argentina peronista (1946-1955)<\/a><br>Mauro Donnantuoni Moratto<\/p>\n\n\n\n<p><a rel=\"noreferrer noopener\" href=\"https:\/\/prismas.unq.edu.ar\/OJS\/index.php\/Prismas\/article\/view\/Starcenbaum_prismas20\" target=\"_blank\">Mariana Canavese,&nbsp;Los usos de Foucault en la Argentina. Recepci\u00f3n y circulaci\u00f3n desde los a\u00f1os cincuenta hasta nuestros d\u00edas<\/a><br>Marcelo Starcenbaum<\/p>\n\n\n\n<p><a rel=\"noreferrer noopener\" href=\"https:\/\/prismas.unq.edu.ar\/OJS\/index.php\/Prismas\/article\/view\/Patruno_prismas20\" target=\"_blank\">Gonzalo Aguilar,&nbsp;M\u00e1s all\u00e1 del pueblo: im\u00e1genes, indicios y pol\u00edticas del cine<\/a><br>Luigi Patruno<\/p>\n\n\n\n<p><a rel=\"noreferrer noopener\" href=\"https:\/\/prismas.unq.edu.ar\/OJS\/index.php\/Prismas\/article\/view\/Ehrlich_prismas20\" target=\"_blank\">Daniela Slipak,&nbsp;Las revistas montoneras. C\u00f3mo la Organizaci\u00f3n construy\u00f3 su identidad a trav\u00e9s de sus publicaciones<\/a><br>Laura Ehrlich<\/p>\n\n\n\n<p><a rel=\"noreferrer noopener\" href=\"https:\/\/prismas.unq.edu.ar\/OJS\/index.php\/Prismas\/article\/view\/Carassai3_prismas20\" target=\"_blank\">Esteban Buch,&nbsp;M\u00fasica, dictadura, resistencia. La Orquesta de Par\u00eds en Buenos Aires<\/a><br>Sebasti\u00e1n Carassai<\/p>\n\n\n\n<div id=\"wp-block-themeisle-blocks-accordion-9db99f43\" class=\"wp-block-themeisle-blocks-accordion exclusive\">\n<details class=\"wp-block-themeisle-blocks-accordion-item\"><summary class=\"wp-block-themeisle-blocks-accordion-item__title\"><div>T\u00edtulo de acorde\u00f3n 1<\/div><\/summary><div class=\"wp-block-themeisle-blocks-accordion-item__content\">\n<p>Se trata de un marcador de posici\u00f3n del contenido de la pesta\u00f1a. Es importante tener la informaci\u00f3n necesaria en el bloque, pero en esta fase, es s\u00f3lo un marcador de posici\u00f3n para ayudarte a visualizar c\u00f3mo se muestra el contenido. Si\u00e9ntete libre de editarlo con tu contenido real.<\/p>\n<\/div><\/details>\n\n\n\n<details class=\"wp-block-themeisle-blocks-accordion-item\"><summary class=\"wp-block-themeisle-blocks-accordion-item__title\"><div>T\u00edtulo 2 del acorde\u00f3n<\/div><\/summary><div class=\"wp-block-themeisle-blocks-accordion-item__content\">\n<p>Se trata de un marcador de posici\u00f3n del contenido de la pesta\u00f1a. Es importante tener la informaci\u00f3n necesaria en el bloque, pero en esta fase, es s\u00f3lo un marcador de posici\u00f3n para ayudarte a visualizar c\u00f3mo se muestra el contenido. Si\u00e9ntete libre de editarlo con tu contenido real.<\/p>\n<\/div><\/details>\n<\/div>\n<\/div><\/details>\n\n\n\n<details class=\"wp-block-themeisle-blocks-accordion-item animated backInDown slower delay-100ms\"><summary class=\"wp-block-themeisle-blocks-accordion-item__title\"><div>FICHAS<\/div><\/summary><div class=\"wp-block-themeisle-blocks-accordion-item__content\">\n<p><a rel=\"noreferrer noopener\" href=\"https:\/\/prismas.unq.edu.ar\/OJS\/index.php\/Prismas\/article\/view\/Freijomil_prismas20\" target=\"_blank\"><strong>Libros fichados:<\/strong> Achille Mbembe, <em>Cr\u00edtica de la raz\u00f3n negra <\/em>\/ Emmanuel Biset <em>et al<\/em>., <em>Sujeto. Una categor\u00eda en disputa <\/em>\/ Maya Gonz\u00e1lez Roux y Enrique Schmukler (eds.), <em>Seis formas de amar a Barthes <\/em>\/ Peter Burke, <em>El sentido del pasado en el Renacimiento <\/em>\/ Sebastian Conrad, <em>What is global history? <\/em>\/ Maria Rubins, <em>Russian Montparnasse <\/em>\/ Adri\u00e1n Gorelik y Fernanda Areas Peixoto (comps.), <em>Ciudades sudamericanas como arenas culturales <\/em>\/ Andr\u00e9s Kozel, Florencia Grossi y Delfina Moroni (coords.), <em>El imaginario antiimperialista en Am\u00e9rica Latina <\/em>\/ Juan Pablo Scarfi y Andrew R. Tillman (eds.), <em>Cooperation and Hegemony in US-Latin American Relations <\/em>\/ Felipe Mart\u00ednez-Pinz\u00f3n y Javier Uriarte (eds.), <em>Entre el humo y la niebla <\/em>\/ Hugo Vezzetti, <em>Psiquiatr\u00eda, psicoan\u00e1lisis y cultura comunista <\/em>\/ Leticia Prislei (dir.), <em>Pol\u00e9micas intelectuales, debates pol\u00edticos <\/em>\/ Laura Prado Acosta, <em>Los intelectuales del Partido Comunista <\/em>\/ Roberto Pittaluga, <em>Soviets en Buenos Aires <\/em>\/ Carla Lois, <em>Mapas para la Naci\u00f3n <\/em>\/ Marcela Vignoli, <em>Sociabilidad y cultura pol\u00edtica<\/em><\/a><br>Autores: Andr\u00e9s G. Freijomil, Ana Luc\u00eda Magrini, Ezequiel Grisendi, Mart\u00edn Bergel, Juan Pablo Scarfi, Ximena Espeche, Laura Prado Acosta, Martina Garategaray, Flavia Fiorucci, Ricardo Mart\u00ednez Mazzola, Anahi Ballent<\/p>\n\n\n\n<div id=\"wp-block-themeisle-blocks-accordion-7b6d24ea\" class=\"wp-block-themeisle-blocks-accordion exclusive\">\n<details class=\"wp-block-themeisle-blocks-accordion-item\"><summary class=\"wp-block-themeisle-blocks-accordion-item__title\"><div>T\u00edtulo de acorde\u00f3n 1<\/div><\/summary><div class=\"wp-block-themeisle-blocks-accordion-item__content\">\n<p>Se trata de un marcador de posici\u00f3n del contenido de la pesta\u00f1a. Es importante tener la informaci\u00f3n necesaria en el bloque, pero en esta fase, es s\u00f3lo un marcador de posici\u00f3n para ayudarte a visualizar c\u00f3mo se muestra el contenido. Si\u00e9ntete libre de editarlo con tu contenido real.<\/p>\n<\/div><\/details>\n\n\n\n<details class=\"wp-block-themeisle-blocks-accordion-item\"><summary class=\"wp-block-themeisle-blocks-accordion-item__title\"><div>T\u00edtulo 2 del acorde\u00f3n<\/div><\/summary><div class=\"wp-block-themeisle-blocks-accordion-item__content\">\n<p>Se trata de un marcador de posici\u00f3n del contenido de la pesta\u00f1a. Es importante tener la informaci\u00f3n necesaria en el bloque, pero en esta fase, es s\u00f3lo un marcador de posici\u00f3n para ayudarte a visualizar c\u00f3mo se muestra el contenido. Si\u00e9ntete libre de editarlo con tu contenido real.<\/p>\n<\/div><\/details>\n<\/div>\n<\/div><\/details>\n\n\n\n<details class=\"wp-block-themeisle-blocks-accordion-item animated backInDown delay-100ms slower\"><summary class=\"wp-block-themeisle-blocks-accordion-item__title\"><div>OBITUARIOS<\/div><\/summary><div class=\"wp-block-themeisle-blocks-accordion-item__content\">\n<p><a rel=\"noreferrer noopener\" href=\"https:\/\/prismas.unq.edu.ar\/OJS\/index.php\/Prismas\/article\/view\/Gramuglio_prismas20\" target=\"_blank\">Adolfo Prieto (1928-2016)<\/a><br>Mar\u00eda Teresa Gramuglio<\/p>\n\n\n\n<p><a rel=\"noreferrer noopener\" href=\"https:\/\/prismas.unq.edu.ar\/OJS\/index.php\/Prismas\/article\/view\/Goebel_prismas20\" target=\"_blank\">Benedict Anderson (1936-2015)<\/a><br>Michael Goebel<\/p>\n<\/div><\/details>\n<\/div>\n<\/div>\n<\/div><\/div>\n","protected":false},"excerpt":{"rendered":"","protected":false},"author":3,"featured_media":134,"comment_status":"closed","ping_status":"closed","sticky":false,"template":"","format":"standard","meta":{"_themeisle_gutenberg_block_has_review":false,"footnotes":""},"categories":[5],"tags":[10,6,8],"class_list":["post-450","post","type-post","status-publish","format-standard","has-post-thumbnail","hentry","category-indice-general","tag-25-anos","tag-historia-intelectual","tag-prismas"],"_links":{"self":[{"href":"https:\/\/historiaintelectual.com.ar\/indiceprismas\/wp-json\/wp\/v2\/posts\/450","targetHints":{"allow":["GET"]}}],"collection":[{"href":"https:\/\/historiaintelectual.com.ar\/indiceprismas\/wp-json\/wp\/v2\/posts"}],"about":[{"href":"https:\/\/historiaintelectual.com.ar\/indiceprismas\/wp-json\/wp\/v2\/types\/post"}],"author":[{"embeddable":true,"href":"https:\/\/historiaintelectual.com.ar\/indiceprismas\/wp-json\/wp\/v2\/users\/3"}],"replies":[{"embeddable":true,"href":"https:\/\/historiaintelectual.com.ar\/indiceprismas\/wp-json\/wp\/v2\/comments?post=450"}],"version-history":[{"count":4,"href":"https:\/\/historiaintelectual.com.ar\/indiceprismas\/wp-json\/wp\/v2\/posts\/450\/revisions"}],"predecessor-version":[{"id":2946,"href":"https:\/\/historiaintelectual.com.ar\/indiceprismas\/wp-json\/wp\/v2\/posts\/450\/revisions\/2946"}],"wp:featuredmedia":[{"embeddable":true,"href":"https:\/\/historiaintelectual.com.ar\/indiceprismas\/wp-json\/wp\/v2\/media\/134"}],"wp:attachment":[{"href":"https:\/\/historiaintelectual.com.ar\/indiceprismas\/wp-json\/wp\/v2\/media?parent=450"}],"wp:term":[{"taxonomy":"category","embeddable":true,"href":"https:\/\/historiaintelectual.com.ar\/indiceprismas\/wp-json\/wp\/v2\/categories?post=450"},{"taxonomy":"post_tag","embeddable":true,"href":"https:\/\/historiaintelectual.com.ar\/indiceprismas\/wp-json\/wp\/v2\/tags?post=450"}],"curies":[{"name":"wp","href":"https:\/\/api.w.org\/{rel}","templated":true}]}}