{"id":447,"date":"2023-02-27T21:27:21","date_gmt":"2023-02-27T21:27:21","guid":{"rendered":"https:\/\/historiaintelectual.com.ar\/indiceprismas\/?p=447"},"modified":"2025-05-26T17:42:51","modified_gmt":"2025-05-26T17:42:51","slug":"vol-19-2015","status":"publish","type":"post","link":"https:\/\/historiaintelectual.com.ar\/indiceprismas\/vol-19-2015\/","title":{"rendered":"VOL. 19 (2015)"},"content":{"rendered":"\n<div id=\"wp-block-themeisle-blocks-advanced-columns-6a350af5\" class=\"wp-block-themeisle-blocks-advanced-columns has-2-columns has-desktop-oneTwo-layout has-tablet-equal-layout has-mobile-collapsedRows-layout has-vertical-unset\"><div class=\"wp-block-themeisle-blocks-advanced-columns-overlay\"><\/div><div class=\"innerblocks-wrap\">\n<div id=\"wp-block-themeisle-blocks-advanced-column-726330eb\" class=\"wp-block-themeisle-blocks-advanced-column\">\n<figure class=\"wp-block-image size-full is-resized o-sticky o-sticky-pos-top o-sticky-bhvr-keep o-sticky-scope-parent\"><img loading=\"lazy\" decoding=\"async\" width=\"378\" height=\"550\" src=\"http:\/\/historiaintelectual.com.ar\/indiceprismas\/wp-content\/uploads\/2023\/02\/19.jpg\" alt=\"\" class=\"wp-image-138\" style=\"width:315px;height:457px\" srcset=\"https:\/\/historiaintelectual.com.ar\/indiceprismas\/wp-content\/uploads\/2023\/02\/19.jpg 378w, https:\/\/historiaintelectual.com.ar\/indiceprismas\/wp-content\/uploads\/2023\/02\/19-206x300.jpg 206w, https:\/\/historiaintelectual.com.ar\/indiceprismas\/wp-content\/uploads\/2023\/02\/19-103x150.jpg 103w, https:\/\/historiaintelectual.com.ar\/indiceprismas\/wp-content\/uploads\/2023\/02\/19-360x524.jpg 360w\" sizes=\"auto, (max-width: 378px) 100vw, 378px\" \/><\/figure>\n<\/div>\n\n\n\n<div id=\"wp-block-themeisle-blocks-advanced-column-af3f0557\" class=\"wp-block-themeisle-blocks-advanced-column\">\n<div id=\"wp-block-themeisle-blocks-accordion-99585927\" class=\"wp-block-themeisle-blocks-accordion exclusive\">\n<details class=\"wp-block-themeisle-blocks-accordion-item animated backInDown\"><summary class=\"wp-block-themeisle-blocks-accordion-item__title\"><div>ART\u00cdCULOS<\/div><\/summary><div class=\"wp-block-themeisle-blocks-accordion-item__content\">\n<p><a href=\"https:\/\/prismas.unq.edu.ar\/OJS\/index.php\/Prismas\/article\/view\/Devoto_prismas19\" target=\"_blank\" rel=\"noreferrer noopener\">Para una reflexi\u00f3n sobre Tulio Halperin Donghi y sus mundos<\/a><\/p>\n\n\n\n<p>Fernando J. Devoto<\/p>\n\n\n\n<p><a href=\"https:\/\/prismas.unq.edu.ar\/OJS\/index.php\/Prismas\/article\/view\/Steimberg_prismas19\" target=\"_blank\" rel=\"noreferrer noopener\">Complejidad o relativismo en Hayden White<\/a><\/p>\n\n\n\n<p>Dar\u00edo G. Steimberg<\/p>\n\n\n\n<p><a href=\"https:\/\/prismas.unq.edu.ar\/OJS\/index.php\/Prismas\/article\/view\/Nicolazzi_prismas19\" target=\"_blank\" rel=\"noreferrer noopener\">Orden del tiempo y escritura de la historia: consideraciones sobre el ensayo hist\u00f3rico en el Brasil, 1870-1940<\/a><\/p>\n\n\n\n<p>Fernando Nicolazzi<\/p>\n\n\n\n<p><a href=\"https:\/\/prismas.unq.edu.ar\/OJS\/index.php\/Prismas\/article\/view\/Zuccardi_prismas19\" target=\"_blank\" rel=\"noreferrer noopener\">El Centenario de la Independencia y la construcci\u00f3n de un discurso acerca de Tucum\u00e1n: proyectos y representaciones<\/a><\/p>\n\n\n\n<p>Soledad Mart\u00ednez Zuccardi<\/p>\n\n\n\n<p><a href=\"https:\/\/prismas.unq.edu.ar\/OJS\/index.php\/Prismas\/article\/view\/Ferreyra_prismas19\" target=\"_blank\" rel=\"noreferrer noopener\">Antiperonismo sin Per\u00f3n: im\u00e1genes del Partido Socialista Democr\u00e1tico<\/a><\/p>\n\n\n\n<p>Silvana Ferreyra<\/p>\n\n\n\n<p><a href=\"https:\/\/prismas.unq.edu.ar\/OJS\/index.php\/Prismas\/article\/view\/Petra_prismas19\" target=\"_blank\" rel=\"noreferrer noopener\">La cuesti\u00f3n de los intelectuales en el comunismo argentino: H\u00e9ctor P. Agosti en la encrucijada de 1956<\/a><\/p>\n\n\n\n<p>Adriana Petra<\/p>\n<\/div><\/details>\n\n\n\n<details class=\"wp-block-themeisle-blocks-accordion-item animated backInDown slow\"><summary class=\"wp-block-themeisle-blocks-accordion-item__title\"><div>ARGUMENTOS<\/div><\/summary><div class=\"wp-block-themeisle-blocks-accordion-item__content\">\n<p><a href=\"https:\/\/prismas.unq.edu.ar\/OJS\/index.php\/Prismas\/article\/view\/Sabato_prismas19\" target=\"_blank\" rel=\"noreferrer noopener\">Historia latinoamericana, historia de Am\u00e9rica Latina, Latinoam\u00e9rica en la historia<\/a><\/p>\n\n\n\n<p>Hilda Sabato<\/p>\n<\/div><\/details>\n\n\n\n<details class=\"wp-block-themeisle-blocks-accordion-item animated backInDown slow\"><summary class=\"wp-block-themeisle-blocks-accordion-item__title\"><div>DOSSIER: 20 a\u00f1os de historia intelectual<\/div><\/summary><div class=\"wp-block-themeisle-blocks-accordion-item__content\">\n<p><a href=\"https:\/\/prismas.unq.edu.ar\/OJS\/index.php\/Prismas\/article\/view\/Gorelik_prismas19\" target=\"_blank\" rel=\"noreferrer noopener\">Presentaci\u00f3n<\/a><\/p>\n\n\n\n<p>Adri\u00e1n Gorelik<\/p>\n\n\n\n<hr class=\"wp-block-separator has-alpha-channel-opacity is-style-dots\"\/>\n\n\n\n<p><strong>La historia intelectual hoy: itinerarios latinoamericanos y di\u00e1logos transatl\u00e1nticos<\/strong><\/p>\n\n\n\n<p><a href=\"https:\/\/prismas.unq.edu.ar\/OJS\/index.php\/Prismas\/article\/view\/Botelho_prismas19\" target=\"_blank\" rel=\"noreferrer noopener\">Un programa fuerte para el pensamiento social brasile\u00f1o<\/a><\/p>\n\n\n\n<p>Andr\u00e9 Botelho<\/p>\n\n\n\n<p><a href=\"https:\/\/prismas.unq.edu.ar\/OJS\/index.php\/Prismas\/article\/view\/Kozel_prismas19\" target=\"_blank\" rel=\"noreferrer noopener\">El estudio del pensamiento latinoamericano en nuestros d\u00edas: notas para una caracterizaci\u00f3n<\/a><\/p>\n\n\n\n<p>Andr\u00e9s Kozel<\/p>\n\n\n\n<p><a href=\"https:\/\/prismas.unq.edu.ar\/OJS\/index.php\/Prismas\/article\/view\/Myers_prismas19\" target=\"_blank\" rel=\"noreferrer noopener\">Discurso por el contexto: hacia una arqueolog\u00eda de la historia intelectual en Argentina<\/a><\/p>\n\n\n\n<p>Jorge Myers<\/p>\n\n\n\n<hr class=\"wp-block-separator has-alpha-channel-opacity is-style-dots\"\/>\n\n\n\n<p><strong>Oscar Ter\u00e1n, en busca de la ideolog\u00eda argentina y latinoamericana<\/strong><\/p>\n\n\n\n<p><a href=\"https:\/\/prismas.unq.edu.ar\/OJS\/index.php\/Prismas\/article\/view\/Laera_prismas19\" target=\"_blank\" rel=\"noreferrer noopener\">En primera persona: sobre el abordaje de Oscar Ter\u00e1n a los rom\u00e1nticos del 37 y su literatura<\/a><\/p>\n\n\n\n<p>Alejandra Laera<\/p>\n\n\n\n<p><a href=\"https:\/\/prismas.unq.edu.ar\/OJS\/index.php\/Prismas\/article\/view\/Bruno_prismas19\" target=\"_blank\" rel=\"noreferrer noopener\">Positivismo y cultura cient\u00edfica. Escenarios, hombres e ideas<\/a><\/p>\n\n\n\n<p>Paula Bruno<\/p>\n\n\n\n<p><a href=\"https:\/\/prismas.unq.edu.ar\/OJS\/index.php\/Prismas\/article\/view\/Bergel2_prismas19\" target=\"_blank\" rel=\"noreferrer noopener\">Pensar la naci\u00f3n, pensar el mundo. Las lecturas de Mari\u00e1tegui de Oscar Ter\u00e1n<\/a><\/p>\n\n\n\n<p>Mart\u00edn Bergel<\/p>\n\n\n\n<p><a href=\"https:\/\/prismas.unq.edu.ar\/OJS\/index.php\/Prismas\/article\/view\/Carassai2_prismas19\" target=\"_blank\" rel=\"noreferrer noopener\">El malestar Ter\u00e1n: el factum como Fatum: a prop\u00f3sito de <em>Nuestros a\u00f1os sesentas<\/em><\/a><\/p>\n\n\n\n<p>Sebasti\u00e1n Carassai<\/p>\n<\/div><\/details>\n\n\n\n<details class=\"wp-block-themeisle-blocks-accordion-item animated backInDown slower delay-100ms\"><summary class=\"wp-block-themeisle-blocks-accordion-item__title\"><div>RESE\u00d1AS<\/div><\/summary><div class=\"wp-block-themeisle-blocks-accordion-item__content\">\n<p><a href=\"https:\/\/prismas.unq.edu.ar\/OJS\/index.php\/Prismas\/article\/view\/Bergel_prismas19\" target=\"_blank\" rel=\"noreferrer noopener\">Samuel Moyn y Andrew Sartori (eds.), Global Intellectual History<\/a><\/p>\n\n\n\n<p>Mart\u00edn Bergel<\/p>\n\n\n\n<p><a href=\"https:\/\/prismas.unq.edu.ar\/OJS\/index.php\/Prismas\/article\/view\/Zylberman_prismas19\">Jos\u00e9 Emilio Buruc\u00faa y Nicol\u00e1s Kwiatkowski, \u00abC\u00f3mo sucedieron estas cosas\u00bb. Representar masacres y ge<\/a><a href=\"https:\/\/prismas.unq.edu.ar\/OJS\/index.php\/Prismas\/article\/view\/Zylberman_prismas19\" target=\"_blank\" rel=\"noreferrer noopener\">n<\/a><a href=\"https:\/\/prismas.unq.edu.ar\/OJS\/index.php\/Prismas\/article\/view\/Zylberman_prismas19\">ocidios<\/a><\/p>\n\n\n\n<p>Lior Zylberman<\/p>\n\n\n\n<p><a href=\"https:\/\/prismas.unq.edu.ar\/OJS\/index.php\/Prismas\/article\/view\/M%C3%A9ndez_prismas19\" target=\"_blank\" rel=\"noreferrer noopener\">Karl Gunther, Reformation Unbound. Protestant Visions of Reform in England, 1525-1590<\/a><\/p>\n\n\n\n<p>Agust\u00edn M\u00e9ndez<\/p>\n\n\n\n<p><a href=\"https:\/\/prismas.unq.edu.ar\/OJS\/index.php\/Prismas\/article\/view\/371\" target=\"_blank\" rel=\"noreferrer noopener\">Rebecca J. Scott y Jean M. H\u00e9brard, Freedom papers. An Atlantic odyssey in the age of emancipation<\/a><\/p>\n\n\n\n<p>Magdalena Candioti<\/p>\n\n\n\n<p><a href=\"https:\/\/prismas.unq.edu.ar\/OJS\/index.php\/Prismas\/article\/view\/Gonz%C3%A1lez_prismas19\" target=\"_blank\" rel=\"noreferrer noopener\">Annick Lemp\u00e9ri\u00e8re (ed.), Penser l&#8217;histoire de l&#8217;Am\u00e9rique latine. Hommage \u00e0 Fran\u00e7ois-Xavier Guerra<\/a><\/p>\n\n\n\n<p>Marianne Gonz\u00e1lez Alem\u00e1n<\/p>\n\n\n\n<p><a href=\"https:\/\/prismas.unq.edu.ar\/OJS\/index.php\/Prismas\/article\/view\/%C3%81vila_prismas19\" target=\"_blank\" rel=\"noreferrer noopener\">Rafael Rojas, Los derechos del alma. Ensayos sobre la querella liberal-conservadora&nbsp;en Hispanoam\u00e9rica (1830-1870)<\/a><\/p>\n\n\n\n<p>Alfredo \u00c1vila<\/p>\n\n\n\n<p><a href=\"https:\/\/prismas.unq.edu.ar\/OJS\/index.php\/Prismas\/article\/view\/S%C3%A1nchez_prismas19\" target=\"_blank\" rel=\"noreferrer noopener\">Olivier Compagnon, Am\u00e9rica Latina y la Gran Guerra. El adi\u00f3s a Europa (Argentina y Brasil, 1914-1939)<\/a><\/p>\n\n\n\n<p>Emiliano S\u00e1nchez<\/p>\n\n\n\n<p><a href=\"https:\/\/prismas.unq.edu.ar\/OJS\/index.php\/Prismas\/article\/view\/Battilana_prismas19\" target=\"_blank\" rel=\"noreferrer noopener\">Rub\u00e9n Dar\u00edo, Viajes de un cosmopolita extremo. Selecci\u00f3n y pr\u00f3logo de Graciela Montaldo<\/a><\/p>\n\n\n\n<p>Carlos Battilana<\/p>\n\n\n\n<p><a href=\"https:\/\/prismas.unq.edu.ar\/OJS\/index.php\/Prismas\/article\/view\/Bernab%C3%A9_prismas19\" target=\"_blank\" rel=\"noreferrer noopener\">C\u00e9sar Vallejo, Camino hacia una tierra socialista. Escritos de viaje. Selecci\u00f3n y pr\u00f3logo de V\u00edctor Vich<\/a><\/p>\n\n\n\n<p>M\u00f3nica Bernab\u00e9<\/p>\n\n\n\n<p><a href=\"https:\/\/prismas.unq.edu.ar\/OJS\/index.php\/Prismas\/article\/view\/Blois_prismas19\" target=\"_blank\" rel=\"noreferrer noopener\">Antonio Brasil Jr., Passagens para a teor\u00eda sociol\u00f3gica: Florestan Fernandes e Gino Germani<\/a><\/p>\n\n\n\n<p>Juan Pedro Blois<\/p>\n\n\n\n<p><a href=\"https:\/\/prismas.unq.edu.ar\/OJS\/index.php\/Prismas\/article\/view\/Brasil%20Jr_prismas19\" target=\"_blank\" rel=\"noreferrer noopener\">Luiz Carlos Jackson y Alejandro Blanco, Sociologia no espelhoensa\u00edstas, cientistas sociais e cr\u00edticos liter\u00e1rios no Brasil&nbsp;e na Argentina (1930-1970)<\/a><\/p>\n\n\n\n<p>Antonio Brasil Jr.<\/p>\n\n\n\n<p><a href=\"https:\/\/prismas.unq.edu.ar\/OJS\/index.php\/Prismas\/article\/view\/Fiorucci_prismas19\" target=\"_blank\" rel=\"noreferrer noopener\">Ariadna Acevedo Rodrigo y Paula L\u00f3pez Caballero, Ciudadanos inesperados: espacios de formaci\u00f3n de la ciudadan\u00eda de ayer y hoy<\/a><\/p>\n\n\n\n<p>Flavia Fiorucci<\/p>\n\n\n\n<p><a href=\"https:\/\/prismas.unq.edu.ar\/OJS\/index.php\/Prismas\/article\/view\/Martino_prismas20\" target=\"_blank\" rel=\"noreferrer noopener\">Rosal\u00eda Baltar, Letrados en tiempos de Rosas<\/a><\/p>\n\n\n\n<p>Luis Marcelo Martino<\/p>\n\n\n\n<p><a href=\"https:\/\/prismas.unq.edu.ar\/OJS\/index.php\/Prismas\/article\/view\/Dabove_prismas19\" target=\"_blank\" rel=\"noreferrer noopener\">Alejandra Laera, Ficciones del dinero. Argentina, 1890-2001<\/a><\/p>\n\n\n\n<p>Juan Pablo Dabove<\/p>\n\n\n\n<p><a href=\"https:\/\/prismas.unq.edu.ar\/OJS\/index.php\/Prismas\/article\/view\/Marim%C3%B3n_prismas19\" target=\"_blank\" rel=\"noreferrer noopener\">Anahi Ballent y Jorge Francisco Liernur, La casa y la multitud. Vivienda, pol\u00edtica y cultura en la Argentina moderna<\/a><\/p>\n\n\n\n<p>Mart\u00edn Marim\u00f3n<\/p>\n\n\n\n<p><a href=\"https:\/\/prismas.unq.edu.ar\/OJS\/index.php\/Prismas\/article\/view\/de%20Diego_prismas19\" target=\"_blank\" rel=\"noreferrer noopener\">Alejandro Dujovne, Una historia del libro jud\u00edo. La cultura jud\u00eda argentina a trav\u00e9s de sus editores,&nbsp;libreros, traductores, imprentas y bibliotecas<\/a><\/p>\n\n\n\n<p>Jos\u00e9 Luis de Diego<\/p>\n\n\n\n<p><a href=\"https:\/\/prismas.unq.edu.ar\/OJS\/index.php\/Prismas\/article\/view\/Ag%C3%BCero_prismas19\" target=\"_blank\" rel=\"noreferrer noopener\">Ana Teresa Martinez, Cultura, sociedad y poder en la Argentina. La modernizaci\u00f3n perif\u00e9rica&nbsp;de Santiago del Estero<\/a><\/p>\n\n\n\n<p>Ana Clarisa Ag\u00fcero<\/p>\n\n\n\n<p><a href=\"https:\/\/prismas.unq.edu.ar\/OJS\/index.php\/Prismas\/article\/view\/Altamirano_prismas19\" target=\"_blank\" rel=\"noreferrer noopener\">Miranda Lida, A\u00f1os dorados de la cultura argentina. Los hermanos Mar\u00eda Rosa y Raimundo Lida&nbsp;y el Instituto de Filolog\u00eda antes del peronismo<\/a><\/p>\n\n\n\n<p>Carlos Altamirano<\/p>\n\n\n\n<p><a href=\"https:\/\/prismas.unq.edu.ar\/OJS\/index.php\/Prismas\/article\/view\/Quesada_prismas19\">Mat\u00eda<\/a><a href=\"https:\/\/prismas.unq.edu.ar\/OJS\/index.php\/Prismas\/article\/view\/Quesada_prismas19\" target=\"_blank\" rel=\"noreferrer noopener\">s<\/a><a href=\"https:\/\/prismas.unq.edu.ar\/OJS\/index.php\/Prismas\/article\/view\/Quesada_prismas19\"> Fernando Giletta, Sergio Bag\u00fa. Historia y sociedad en Am\u00e9rica Latina. Una biograf\u00eda intelectual<\/a><\/p>\n\n\n\n<p>Fernando Quesada<\/p>\n\n\n\n<p><a href=\"https:\/\/prismas.unq.edu.ar\/OJS\/index.php\/Prismas\/article\/view\/Comastri_prismas19\" target=\"_blank\" rel=\"noreferrer noopener\">Natalia Milanesio, Cuando los trabajadores salieron de compras. Nuevos consumidores, publicidad&nbsp;y cambio cultural durante el primer peronismo<\/a><\/p>\n\n\n\n<p>Hern\u00e1n Comastri<\/p>\n\n\n\n<p><a href=\"https:\/\/prismas.unq.edu.ar\/OJS\/index.php\/Prismas\/article\/view\/Plotkin_prismas19\" target=\"_blank\" rel=\"noreferrer noopener\">Omar Acha, Cr\u00f3nica de la Argentina peronista. Sexo, inconsciente e ideolog\u00eda, 1945-1955<\/a><\/p>\n\n\n\n<p>Mariano Ben Plotkin<\/p>\n\n\n\n<p><a href=\"https:\/\/prismas.unq.edu.ar\/OJS\/index.php\/Prismas\/article\/view\/Blanco_prismas19\">Leandro de Sag<\/a><a href=\"https:\/\/prismas.unq.edu.ar\/OJS\/index.php\/Prismas\/article\/view\/Blanco_prismas19\" target=\"_blank\" rel=\"noreferrer noopener\">a<\/a><a href=\"https:\/\/prismas.unq.edu.ar\/OJS\/index.php\/Prismas\/article\/view\/Blanco_prismas19\">stiz\u00e1bal y Alejandra Giuliani, Un editor argentino: Arturo Pe\u00f1a Lillo<\/a><\/p>\n\n\n\n<p>Mar\u00eda Julia Blanco<\/p>\n\n\n\n<p><a href=\"https:\/\/prismas.unq.edu.ar\/OJS\/index.php\/Prismas\/article\/view\/Carassai_prismas19\" target=\"_blank\" rel=\"noreferrer noopener\">Michael Goebel, La argentina partida. Nacionalismos y pol\u00edticas de la historia<\/a><\/p>\n\n\n\n<p>Sebasti\u00e1n Carassai<\/p>\n\n\n\n<p><a href=\"https:\/\/prismas.unq.edu.ar\/OJS\/index.php\/Prismas\/article\/view\/Caimari_prismas19\" target=\"_blank\" rel=\"noreferrer noopener\">Valeria Manzano, The Age of Youth in Argentina. Culture, Politics, &amp; Sexuality from Per\u00f3n to Videla<\/a><\/p>\n\n\n\n<p>Lila Caimari<\/p>\n\n\n\n<p><a href=\"https:\/\/prismas.unq.edu.ar\/OJS\/index.php\/Prismas\/article\/view\/Ehrlich_prismas19\" target=\"_blank\" rel=\"noreferrer noopener\">Isabella Cosse, Mafalda: historia social y pol\u00edtica<\/a><\/p>\n\n\n\n<p>Laura Ehrlich<\/p>\n\n\n\n<p><a href=\"https:\/\/prismas.unq.edu.ar\/OJS\/index.php\/Prismas\/article\/view\/Garc%C3%ADa_prismas19\" target=\"_blank\" rel=\"noreferrer noopener\">Ana Longoni, Vanguardia y revoluci\u00f3n. Arte e izquierdas en la Argentina de los sesenta-setenta<\/a><\/p>\n\n\n\n<p>Luis Ignacio Garc\u00eda<\/p>\n\n\n\n<div id=\"wp-block-themeisle-blocks-accordion-9db99f43\" class=\"wp-block-themeisle-blocks-accordion exclusive\">\n<details class=\"wp-block-themeisle-blocks-accordion-item\"><summary class=\"wp-block-themeisle-blocks-accordion-item__title\"><div>Elemento del acorde\u00f3n 1<\/div><\/summary><div class=\"wp-block-themeisle-blocks-accordion-item__content\">\n<p><\/p>\n<\/div><\/details>\n<\/div>\n<\/div><\/details>\n\n\n\n<details class=\"wp-block-themeisle-blocks-accordion-item animated backInDown slower delay-100ms\"><summary class=\"wp-block-themeisle-blocks-accordion-item__title\"><div>FICHAS<\/div><\/summary><div class=\"wp-block-themeisle-blocks-accordion-item__content\">\n<p><a href=\"https:\/\/prismas.unq.edu.ar\/OJS\/index.php\/Prismas\/article\/view\/Gorelik2_prismas19\" target=\"_blank\" rel=\"noreferrer noopener\"><strong>Libros fichados: <\/strong>Franco Moretti, <em>El burgu\u00e9s <\/em>\/ Roberto Calasso, <em>La marca del editor <\/em>\/ Juan Pablo Scarfi, <em>El imperio de la ley <\/em>\/ Pilar Gonz\u00e1lez Bernaldo de Quir\u00f3s (dir.), <em>Independencias iberoamericanas <\/em>\/ Mar\u00eda Victoria Crespo, <em>Del rey al presidente <\/em>\/ Patricia Funes, <em>Historia m\u00ednima de las ideas pol\u00edticas en Am\u00e9rica Latina <\/em>\/ Sa\u00fal Sosnowski (comp.), <em>Represi\u00f3n y reconstrucci\u00f3n de una cultura <\/em>\/ Pablo Stefanoni, <em>Los inconformistas del Centenario <\/em>\/ Roy Hora, <em>Historia del turf argentino <\/em>\/ Nora Pagano y Martha Rodriguez (comps.), <em>Conmemoraciones, patrimonio y usos del pasado <\/em>\/ Paula Bruno (coord.), <em>Visitas culturales en la Argentina, 1898-1936 <\/em>\/ Sandra Fern\u00e1ndez y Paula Caldo, <em>La maestra y el Museo <\/em>\/ Mario Gl\u00fcck, <em>La naci\u00f3n imaginada desde una ciudad <\/em>\/ Jorge Nallim, <em>Transformaci\u00f3n y crisis del liberalismo <\/em>\/ Alexia Massholder, <em>El partido comunista y sus intelectuales <\/em>\/ Cristina Tortti (dir.), Mauricio Chama y Adri\u00e1n Celentano (co-dirs.), <em>La <\/em>nueva izquierda <em>argentina (1955-1976)<\/em><\/a><\/p>\n\n\n\n<p><br>Autores: Adri\u00e1n Gorelik, Alejandro Dujovne, Ximena Espeche, Gabriel Entin, Pablo Stefanoni, Martina Garategaray, Ricardo Mart\u00ednez Mazzola, Ana Cecchi, Pablo Ortemberg, Flavia Fiorucci, Laura Prado Acosta<\/p>\n\n\n\n<div id=\"wp-block-themeisle-blocks-accordion-7b6d24ea\" class=\"wp-block-themeisle-blocks-accordion exclusive\">\n<details class=\"wp-block-themeisle-blocks-accordion-item\"><summary class=\"wp-block-themeisle-blocks-accordion-item__title\"><div>Elemento del acorde\u00f3n 1<\/div><\/summary><div class=\"wp-block-themeisle-blocks-accordion-item__content\">\n<p><\/p>\n<\/div><\/details>\n<\/div>\n<\/div><\/details>\n\n\n\n<details class=\"wp-block-themeisle-blocks-accordion-item animated backInDown delay-100ms slower\"><summary class=\"wp-block-themeisle-blocks-accordion-item__title\"><div>OBITUARIOS<\/div><\/summary><div class=\"wp-block-themeisle-blocks-accordion-item__content\">\n<p><a href=\"https:\/\/prismas.unq.edu.ar\/OJS\/index.php\/Prismas\/article\/view\/Hora_prismas19\" target=\"_blank\" rel=\"noreferrer noopener\"><br>Tulio Halperin Donghi (1926-2014)<\/a><\/p>\n\n\n\n<p>Roy Hora<\/p>\n\n\n\n<p><a href=\"https:\/\/prismas.unq.edu.ar\/OJS\/index.php\/Prismas\/article\/view\/Acha_prismas19\" target=\"_blank\" rel=\"noreferrer noopener\">Peter Gay (1923-2015)<\/a><\/p>\n\n\n\n<p>Omar Acha<\/p>\n<\/div><\/details>\n<\/div>\n<\/div>\n<\/div><\/div>\n","protected":false},"excerpt":{"rendered":"","protected":false},"author":3,"featured_media":138,"comment_status":"closed","ping_status":"closed","sticky":false,"template":"","format":"standard","meta":{"_themeisle_gutenberg_block_has_review":false,"footnotes":""},"categories":[5],"tags":[10,6,8],"class_list":["post-447","post","type-post","status-publish","format-standard","has-post-thumbnail","hentry","category-indice-general","tag-25-anos","tag-historia-intelectual","tag-prismas"],"_links":{"self":[{"href":"https:\/\/historiaintelectual.com.ar\/indiceprismas\/wp-json\/wp\/v2\/posts\/447","targetHints":{"allow":["GET"]}}],"collection":[{"href":"https:\/\/historiaintelectual.com.ar\/indiceprismas\/wp-json\/wp\/v2\/posts"}],"about":[{"href":"https:\/\/historiaintelectual.com.ar\/indiceprismas\/wp-json\/wp\/v2\/types\/post"}],"author":[{"embeddable":true,"href":"https:\/\/historiaintelectual.com.ar\/indiceprismas\/wp-json\/wp\/v2\/users\/3"}],"replies":[{"embeddable":true,"href":"https:\/\/historiaintelectual.com.ar\/indiceprismas\/wp-json\/wp\/v2\/comments?post=447"}],"version-history":[{"count":3,"href":"https:\/\/historiaintelectual.com.ar\/indiceprismas\/wp-json\/wp\/v2\/posts\/447\/revisions"}],"predecessor-version":[{"id":2947,"href":"https:\/\/historiaintelectual.com.ar\/indiceprismas\/wp-json\/wp\/v2\/posts\/447\/revisions\/2947"}],"wp:featuredmedia":[{"embeddable":true,"href":"https:\/\/historiaintelectual.com.ar\/indiceprismas\/wp-json\/wp\/v2\/media\/138"}],"wp:attachment":[{"href":"https:\/\/historiaintelectual.com.ar\/indiceprismas\/wp-json\/wp\/v2\/media?parent=447"}],"wp:term":[{"taxonomy":"category","embeddable":true,"href":"https:\/\/historiaintelectual.com.ar\/indiceprismas\/wp-json\/wp\/v2\/categories?post=447"},{"taxonomy":"post_tag","embeddable":true,"href":"https:\/\/historiaintelectual.com.ar\/indiceprismas\/wp-json\/wp\/v2\/tags?post=447"}],"curies":[{"name":"wp","href":"https:\/\/api.w.org\/{rel}","templated":true}]}}