{"id":444,"date":"2023-02-27T21:21:01","date_gmt":"2023-02-27T21:21:01","guid":{"rendered":"https:\/\/historiaintelectual.com.ar\/indiceprismas\/?p=444"},"modified":"2025-05-26T17:43:35","modified_gmt":"2025-05-26T17:43:35","slug":"vol-18-2014","status":"publish","type":"post","link":"https:\/\/historiaintelectual.com.ar\/indiceprismas\/vol-18-2014\/","title":{"rendered":"VOL. 18 (2014)"},"content":{"rendered":"\n<div id=\"wp-block-themeisle-blocks-advanced-columns-6a350af5\" class=\"wp-block-themeisle-blocks-advanced-columns has-2-columns has-desktop-oneTwo-layout has-tablet-equal-layout has-mobile-collapsedRows-layout has-vertical-unset\"><div class=\"wp-block-themeisle-blocks-advanced-columns-overlay\"><\/div><div class=\"innerblocks-wrap\">\n<div id=\"wp-block-themeisle-blocks-advanced-column-726330eb\" class=\"wp-block-themeisle-blocks-advanced-column\">\n<figure class=\"wp-block-image size-full is-resized o-sticky o-sticky-pos-top o-sticky-bhvr-keep o-sticky-scope-parent\"><img loading=\"lazy\" decoding=\"async\" width=\"378\" height=\"550\" src=\"http:\/\/historiaintelectual.com.ar\/indiceprismas\/wp-content\/uploads\/2023\/02\/18.jpg\" alt=\"\" class=\"wp-image-139\" style=\"width:315px;height:458px\" srcset=\"https:\/\/historiaintelectual.com.ar\/indiceprismas\/wp-content\/uploads\/2023\/02\/18.jpg 378w, https:\/\/historiaintelectual.com.ar\/indiceprismas\/wp-content\/uploads\/2023\/02\/18-206x300.jpg 206w, https:\/\/historiaintelectual.com.ar\/indiceprismas\/wp-content\/uploads\/2023\/02\/18-103x150.jpg 103w, https:\/\/historiaintelectual.com.ar\/indiceprismas\/wp-content\/uploads\/2023\/02\/18-360x524.jpg 360w\" sizes=\"auto, (max-width: 378px) 100vw, 378px\" \/><\/figure>\n<\/div>\n\n\n\n<div id=\"wp-block-themeisle-blocks-advanced-column-af3f0557\" class=\"wp-block-themeisle-blocks-advanced-column\">\n<div id=\"wp-block-themeisle-blocks-accordion-99585927\" class=\"wp-block-themeisle-blocks-accordion exclusive\">\n<details class=\"wp-block-themeisle-blocks-accordion-item animated backInDown\"><summary class=\"wp-block-themeisle-blocks-accordion-item__title\"><div>ART\u00cdCULOS<\/div><\/summary><div class=\"wp-block-themeisle-blocks-accordion-item__content\">\n<p><a href=\"https:\/\/prismas.unq.edu.ar\/OJS\/index.php\/Prismas\/article\/view\/Halperin_prismas18\" target=\"_blank\" rel=\"noreferrer noopener\">La historia como oficio. Un testimonio sobre l\u2019\u00c9cole des Hautes \u00c9tudes en Sciences Sociales<\/a><\/p>\n\n\n\n<p>Tulio Halperin Donghi<\/p>\n\n\n\n<p><a href=\"https:\/\/prismas.unq.edu.ar\/OJS\/index.php\/Prismas\/article\/view\/Kwiatkowski_prismas18\" target=\"_blank\" rel=\"noreferrer noopener\">Representaciones de la barbarie europea y americana durante los siglos XVI y XVII<\/a><\/p>\n\n\n\n<p>Nicol\u00e1s Kwiatkowski<\/p>\n\n\n\n<p><a href=\"https:\/\/prismas.unq.edu.ar\/OJS\/index.php\/Prismas\/article\/view\/Ramada_prismas18\" target=\"_blank\" rel=\"noreferrer noopener\">Entre la moral y la raz\u00f3n: la sociolog\u00eda hist\u00f3rica de Barrington Moore Jr<\/a>.<\/p>\n\n\n\n<p>Diogo Ramada Curto, Nuno Domingos, Miguel Bandeira Jer\u00f3nimo<\/p>\n\n\n\n<p><a href=\"https:\/\/prismas.unq.edu.ar\/OJS\/index.php\/Prismas\/article\/view\/Dominguez_prismas18\" target=\"_blank\" rel=\"noreferrer noopener\">Radiograf\u00eda del laberinto<\/a><\/p>\n\n\n\n<p>Christopher Dom\u00ednguez Michael<\/p>\n\n\n\n<p><a href=\"https:\/\/prismas.unq.edu.ar\/OJS\/index.php\/Prismas\/article\/view\/Vallejo_prismas18\" target=\"_blank\" rel=\"noreferrer noopener\">Onofroff en Buenos Aires (1895). Apogeo y ca\u00edda de un ilusionista<\/a><\/p>\n\n\n\n<p>Mauro Sebasti\u00e1n Vallejo<\/p>\n\n\n\n<p><a href=\"https:\/\/prismas.unq.edu.ar\/OJS\/index.php\/Prismas\/article\/view\/Ojeda_Gallo_prismas18\" target=\"_blank\" rel=\"noreferrer noopener\">Francisco Barroetave\u00f1a. Un caso de liberalismo ortodoxo<\/a><\/p>\n\n\n\n<p>Nahuel Ojeda Silva, Ezequiel Gallo<\/p>\n<\/div><\/details>\n\n\n\n<details class=\"wp-block-themeisle-blocks-accordion-item animated backInDown slow\"><summary class=\"wp-block-themeisle-blocks-accordion-item__title\"><div>ARGUMENTOS<\/div><\/summary><div class=\"wp-block-themeisle-blocks-accordion-item__content\">\n<p><a href=\"https:\/\/prismas.unq.edu.ar\/OJS\/index.php\/Prismas\/article\/view\/Angenot_prismas18\" target=\"_blank\" rel=\"noreferrer noopener\">El historiador en traje de fiscal. La noci\u00f3n de responsabilidad moral\/jur\u00eddica en la historia<\/a><\/p>\n\n\n\n<p>Marc Angenot<\/p>\n<\/div><\/details>\n\n\n\n<details class=\"wp-block-themeisle-blocks-accordion-item animated backInDown slow\"><summary class=\"wp-block-themeisle-blocks-accordion-item__title\"><div>DOSSIER: 50 a\u00f1os de <em>Pasado y Presente<\/em>. Historia, perspectivas y legados<\/div><\/summary><div class=\"wp-block-themeisle-blocks-accordion-item__content\">\n<p><a href=\"https:\/\/prismas.unq.edu.ar\/OJS\/index.php\/Prismas\/article\/view\/Monta%C3%B1a_prismas18\" target=\"_blank\" rel=\"noreferrer noopener\">Presentaci\u00f3n<\/a><\/p>\n\n\n\n<p>Mar\u00eda Jimena Monta\u00f1a, Ricardo Mart\u00ednez Mazzola<\/p>\n\n\n\n<p><a href=\"https:\/\/prismas.unq.edu.ar\/OJS\/index.php\/Prismas\/article\/view\/Petra_prismas18\" target=\"_blank\" rel=\"noreferrer noopener\">Provincianos<\/a><\/p>\n\n\n\n<p>Adriana Petra<\/p>\n\n\n\n<p><a href=\"https:\/\/prismas.unq.edu.ar\/OJS\/index.php\/Prismas\/article\/view\/Prado_prismas18\" target=\"_blank\" rel=\"noreferrer noopener\">El Partido Comunista argentino y la ruptura con los \u00abmuchachos\u00bb de la revista <em>Pasado y Presente<\/em><\/a><\/p>\n\n\n\n<p>Laura Prado Acosta<\/p>\n\n\n\n<p><a href=\"https:\/\/prismas.unq.edu.ar\/OJS\/index.php\/Prismas\/article\/view\/Cort%C3%A9s_prismas18\" target=\"_blank\" rel=\"noreferrer noopener\">Marx siempre contempor\u00e1neo. Las operaciones de lectura de <em>Pasado y Presente<\/em><\/a><\/p>\n\n\n\n<p>Mart\u00edn Cort\u00e9s<\/p>\n\n\n\n<p><a href=\"https:\/\/prismas.unq.edu.ar\/OJS\/index.php\/Prismas\/article\/view\/Celentano_prismas18\" target=\"_blank\" rel=\"noreferrer noopener\">El mao\u00edsmo en las iniciativas pol\u00edtico-editoriales del grupo pasadopresentista (1963-1976)<\/a><\/p>\n\n\n\n<p>Adri\u00e1n Celentano<\/p>\n\n\n\n<p><a href=\"https:\/\/prismas.unq.edu.ar\/OJS\/index.php\/Prismas\/article\/view\/Starcenbaum2_prismas18\" target=\"_blank\" rel=\"noreferrer noopener\">M\u00e1s all\u00e1 del principio de exclusi\u00f3n: Gramsci y Althusser en <em>Pasado y Presente<\/em><\/a><\/p>\n\n\n\n<p>Marcelo Starcenbaum<\/p>\n\n\n\n<p><a href=\"https:\/\/prismas.unq.edu.ar\/OJS\/index.php\/Prismas\/article\/view\/Zarowsky_prismas18\" target=\"_blank\" rel=\"noreferrer noopener\">De <em>Pasado y Presente<\/em> a <em>Comunicaci\u00f3n y cultura<\/em>. Variaciones en torno a la cuesti\u00f3n intelectual<\/a><\/p>\n\n\n\n<p>Mariano Zarowsky<\/p>\n\n\n\n<p><a href=\"https:\/\/prismas.unq.edu.ar\/OJS\/index.php\/Prismas\/article\/view\/Garc%C3%ADa_prismas18\" target=\"_blank\" rel=\"noreferrer noopener\">\u00bfDe la ilustraci\u00f3n a la revoluci\u00f3n? Apuntes sobre la actividad editorial de <em>Pasado y Presente<\/em> en los sesenta<\/a><\/p>\n\n\n\n<p>Diego Garc\u00eda<\/p>\n\n\n\n<p><a href=\"https:\/\/prismas.unq.edu.ar\/OJS\/index.php\/Prismas\/article\/view\/Casco_prismas18\" target=\"_blank\" rel=\"noreferrer noopener\">Ser o no ser. Qu\u00e9 hacer con Per\u00f3n y el peronismo<\/a><\/p>\n\n\n\n<p>Jos\u00e9 M. Casco<\/p>\n\n\n\n<p><a href=\"https:\/\/prismas.unq.edu.ar\/OJS\/index.php\/Prismas\/article\/view\/Far%C3%ADas_prismas18\" target=\"_blank\" rel=\"noreferrer noopener\">Controversia como legado de <em>Pasado y Presente<\/em>: la resignificaci\u00f3n de una biblioteca te\u00f3rico-pol\u00edtica<\/a><\/p>\n\n\n\n<p>Mat\u00edas Far\u00edas<\/p>\n\n\n\n<p><a href=\"https:\/\/prismas.unq.edu.ar\/OJS\/index.php\/Prismas\/article\/view\/Mart%C3%ADnez_prismas18\" target=\"_blank\" rel=\"noreferrer noopener\">La pol\u00edtica como promesa, el Estado como amenaza<\/a><\/p>\n\n\n\n<p>Ricardo Mart\u00ednez Mazzola<\/p>\n\n\n\n<p><a href=\"https:\/\/prismas.unq.edu.ar\/OJS\/index.php\/Prismas\/article\/view\/Monta%C3%B1a2_prismas18\" target=\"_blank\" rel=\"noreferrer noopener\">Tras las huellas de <em>Pasado y Presente<\/em> en <em>La Ciudad Futura<\/em><\/a><\/p>\n\n\n\n<p>Mar\u00eda Jimena Monta\u00f1a<\/p>\n\n\n\n<p><a href=\"https:\/\/prismas.unq.edu.ar\/OJS\/index.php\/Prismas\/article\/view\/Acha_prismas18\" target=\"_blank\" rel=\"noreferrer noopener\">Releer <em>Pasado y Presente<\/em>: \u00bfpor qu\u00e9, desde d\u00f3nde y para qu\u00e9?<\/a><\/p>\n\n\n\n<p>Omar Acha<\/p>\n<\/div><\/details>\n\n\n\n<details class=\"wp-block-themeisle-blocks-accordion-item animated backInDown slower\"><summary class=\"wp-block-themeisle-blocks-accordion-item__title\"><div>LECTURAS<\/div><\/summary><div class=\"wp-block-themeisle-blocks-accordion-item__content\">\n<p><a href=\"https:\/\/prismas.unq.edu.ar\/OJS\/index.php\/Prismas\/article\/view\/Anderson_prismas18\" target=\"_blank\" rel=\"noreferrer noopener\">El poder de la anomal\u00eda<\/a><\/p>\n\n\n\n<p>Perry Anderson<\/p>\n\n\n\n<div id=\"wp-block-themeisle-blocks-accordion-ffb0ace6\" class=\"wp-block-themeisle-blocks-accordion exclusive\">\n<details class=\"wp-block-themeisle-blocks-accordion-item\"><summary class=\"wp-block-themeisle-blocks-accordion-item__title\"><div>T\u00edtulo de acorde\u00f3n 1<\/div><\/summary><div class=\"wp-block-themeisle-blocks-accordion-item__content\">\n<p>Se trata de un marcador de posici\u00f3n del contenido de la pesta\u00f1a. Es importante tener la informaci\u00f3n necesaria en el bloque, pero en esta fase, es s\u00f3lo un marcador de posici\u00f3n para ayudarte a visualizar c\u00f3mo se muestra el contenido. Si\u00e9ntete libre de editarlo con tu contenido real.<\/p>\n<\/div><\/details>\n\n\n\n<details class=\"wp-block-themeisle-blocks-accordion-item\"><summary class=\"wp-block-themeisle-blocks-accordion-item__title\"><div>T\u00edtulo 2 del acorde\u00f3n<\/div><\/summary><div class=\"wp-block-themeisle-blocks-accordion-item__content\">\n<p>Se trata de un marcador de posici\u00f3n del contenido de la pesta\u00f1a. Es importante tener la informaci\u00f3n necesaria en el bloque, pero en esta fase, es s\u00f3lo un marcador de posici\u00f3n para ayudarte a visualizar c\u00f3mo se muestra el contenido. Si\u00e9ntete libre de editarlo con tu contenido real.<\/p>\n<\/div><\/details>\n<\/div>\n\n\n\n<div id=\"wp-block-themeisle-blocks-accordion-9651f8d2\" class=\"wp-block-themeisle-blocks-accordion exclusive\">\n<details class=\"wp-block-themeisle-blocks-accordion-item\"><summary class=\"wp-block-themeisle-blocks-accordion-item__title\"><div>T\u00edtulo de acorde\u00f3n 1<\/div><\/summary><div class=\"wp-block-themeisle-blocks-accordion-item__content\">\n<p>Se trata de un marcador de posici\u00f3n del contenido de la pesta\u00f1a. Es importante tener la informaci\u00f3n necesaria en el bloque, pero en esta fase, es s\u00f3lo un marcador de posici\u00f3n para ayudarte a visualizar c\u00f3mo se muestra el contenido. Si\u00e9ntete libre de editarlo con tu contenido real.<\/p>\n<\/div><\/details>\n\n\n\n<details class=\"wp-block-themeisle-blocks-accordion-item\"><summary class=\"wp-block-themeisle-blocks-accordion-item__title\"><div>T\u00edtulo 2 del acorde\u00f3n<\/div><\/summary><div class=\"wp-block-themeisle-blocks-accordion-item__content\">\n<p>Se trata de un marcador de posici\u00f3n del contenido de la pesta\u00f1a. Es importante tener la informaci\u00f3n necesaria en el bloque, pero en esta fase, es s\u00f3lo un marcador de posici\u00f3n para ayudarte a visualizar c\u00f3mo se muestra el contenido. Si\u00e9ntete libre de editarlo con tu contenido real.<\/p>\n<\/div><\/details>\n<\/div>\n<\/div><\/details>\n\n\n\n<details class=\"wp-block-themeisle-blocks-accordion-item animated backInDown slower delay-100ms\"><summary class=\"wp-block-themeisle-blocks-accordion-item__title\"><div>RESE\u00d1AS<\/div><\/summary><div class=\"wp-block-themeisle-blocks-accordion-item__content\">\n<p><a href=\"https:\/\/prismas.unq.edu.ar\/OJS\/index.php\/Prismas\/article\/view\/Pe%C3%B1a_prismas18\" target=\"_blank\" rel=\"noreferrer noopener\">Jos\u00e9 Emilio Buruc\u00faa, El mito de Ulises en el mundo moderno<\/a><\/p>\n\n\n\n<p>Santiago Francisco Pe\u00f1a<\/p>\n\n\n\n<p><a href=\"https:\/\/prismas.unq.edu.ar\/OJS\/index.php\/Prismas\/article\/view\/Kwiatkowski2_prismas18\" target=\"_blank\" rel=\"noreferrer noopener\">Juli\u00e1n Verardi, Tiempo hist\u00f3rico, capitalismo y modernidad<\/a><\/p>\n\n\n\n<p>Nicol\u00e1s Kwiatkowski<\/p>\n\n\n\n<p><a href=\"https:\/\/prismas.unq.edu.ar\/OJS\/index.php\/Prismas\/article\/view\/Gonz%C3%A1lez_prismas18\" target=\"_blank\" rel=\"noreferrer noopener\">Franco Venturi, Utop\u00eda y Reforma en la Ilustraci\u00f3n<\/a><\/p>\n\n\n\n<p>Mart\u00edn P. Gonz\u00e1lez<\/p>\n\n\n\n<p><a href=\"https:\/\/prismas.unq.edu.ar\/OJS\/index.php\/Prismas\/article\/view\/G%C3%B3mez_prismas18\" target=\"_blank\" rel=\"noreferrer noopener\">Pablo Ortemberg, Rituels du pouvoir \u00e0 Lima. De la monarchie \u00e0 la r\u00e9publique (1735-1828)<\/a><\/p>\n\n\n\n<p>Alejandro E. G\u00f3mez<\/p>\n\n\n\n<p><a href=\"https:\/\/prismas.unq.edu.ar\/OJS\/index.php\/Prismas\/article\/view\/DiMeglio_prismas18\" target=\"_blank\" rel=\"noreferrer noopener\">Cl\u00e9ment Thibaud, Gabriel Entin, Alejandro G\u00f3mez &amp; Federica Morelli (dirs.), L\u2019Atlantique r\u00e9volutionnaire. Une perspective ib\u00e9ro-am\u00e9ricaine<\/a><\/p>\n\n\n\n<p>Gabriel Di Meglio<\/p>\n\n\n\n<p><a href=\"https:\/\/prismas.unq.edu.ar\/OJS\/index.php\/Prismas\/article\/view\/Rodr%C3%ADguez_prismas18\" target=\"_blank\" rel=\"noreferrer noopener\">V\u00edctor Goldgel, Cuando lo nuevo conquist\u00f3 Am\u00e9rica. Prensa, moda y literatura en el siglo XIX<\/a><\/p>\n\n\n\n<p>Ferm\u00edn A. Rodr\u00edguez<\/p>\n\n\n\n<p><a href=\"https:\/\/prismas.unq.edu.ar\/OJS\/index.php\/Prismas\/article\/view\/Jelin_prismas18\" target=\"_blank\" rel=\"noreferrer noopener\">Jeremy Adelman, Worldly Philosopher. The Odyssey of Albert O. Hirschman<\/a><\/p>\n\n\n\n<p>Elizabeth Jelin<\/p>\n\n\n\n<p><a href=\"https:\/\/prismas.unq.edu.ar\/OJS\/index.php\/Prismas\/article\/view\/S%C3%A1nchez_prismas18\" target=\"_blank\" rel=\"noreferrer noopener\">Nicolau Sevcenko, Orfeo ext\u00e1tico en la metr\u00f3polis. San Pablo, sociedad y cultura en los febriles a\u00f1os veinte<\/a><\/p>\n\n\n\n<p>Emiliano Gast\u00f3n S\u00e1nchez<\/p>\n\n\n\n<p><a href=\"https:\/\/prismas.unq.edu.ar\/OJS\/index.php\/Prismas\/article\/view\/Salgado_prismas18\" target=\"_blank\" rel=\"noreferrer noopener\">Jineth Ardila Ariza, Vanguardia y antivanguardia en la cr\u00edtica y en las publicaciones culturales colombianas de los a\u00f1os veinte<\/a><\/p>\n\n\n\n<p>Sergio Andr\u00e9s Salgado Pab\u00f3n<\/p>\n\n\n\n<p><a href=\"https:\/\/prismas.unq.edu.ar\/OJS\/index.php\/Prismas\/article\/view\/Ehrlich_prismas18\" target=\"_blank\" rel=\"noreferrer noopener\">Mariano Mestman y Mirta Varela (coords.), Masas, pueblo, multitud en cine y televisi\u00f3n<\/a><\/p>\n\n\n\n<p>Laura Ehrlich<\/p>\n\n\n\n<p><a href=\"https:\/\/prismas.unq.edu.ar\/OJS\/index.php\/Prismas\/article\/view\/Josiowicz_prismas18\" target=\"_blank\" rel=\"noreferrer noopener\">Mariano Siskind, Cosmopolitan Desires: Global Modernity and World Literature in Latin America<\/a><\/p>\n\n\n\n<p>Alejandra Josiowicz<\/p>\n\n\n\n<p><a href=\"https:\/\/prismas.unq.edu.ar\/OJS\/index.php\/Prismas\/article\/view\/Palti_prismas18\" target=\"_blank\" rel=\"noreferrer noopener\">Esteban de Gori, La Rep\u00fablica Patriota: Traves\u00eda de los imaginarios y de los lenguajes pol\u00edticos en el pensamiento de Mariano Moreno<\/a><\/p>\n\n\n\n<p>El\u00edas Palti<\/p>\n\n\n\n<p><a href=\"https:\/\/prismas.unq.edu.ar\/OJS\/index.php\/Prismas\/article\/view\/Fontana_18\" target=\"_blank\" rel=\"noreferrer noopener\">Graciela Batticuore, Mariquita S\u00e1nchez. Bajo el signo de la revoluci\u00f3n<\/a><\/p>\n\n\n\n<p>Patricio Fontana<\/p>\n\n\n\n<p><a href=\"https:\/\/prismas.unq.edu.ar\/OJS\/index.php\/Prismas\/article\/view\/Rom%C3%A1n_prismas18\" target=\"_blank\" rel=\"noreferrer noopener\">Hern\u00e1n Pas, Sarmiento, redactor y publicista. Con textos recobrados de El Progreso (1842-1845) y La Cr\u00f3nica (1849-1850)<\/a><\/p>\n\n\n\n<p>Claudia Roman<\/p>\n\n\n\n<p><a href=\"https:\/\/prismas.unq.edu.ar\/OJS\/index.php\/Prismas\/article\/view\/Cort%C3%A9s-Rocca_prismas18\" target=\"_blank\" rel=\"noreferrer noopener\">Lucio V. Mansilla, El excursionista del planeta. Escritos de viaje (selecci\u00f3n y pr\u00f3logo de Sandra Contreras)<\/a><\/p>\n\n\n\n<p>Paola Cort\u00e9s-Rocca<\/p>\n\n\n\n<p><a href=\"https:\/\/prismas.unq.edu.ar\/OJS\/index.php\/Prismas\/article\/view\/Rey_prismas18\">Laura Malose<\/a><a href=\"https:\/\/prismas.unq.edu.ar\/OJS\/index.php\/Prismas\/article\/view\/Rey_prismas18\" target=\"_blank\" rel=\"noreferrer noopener\">t<\/a><a href=\"https:\/\/prismas.unq.edu.ar\/OJS\/index.php\/Prismas\/article\/view\/Rey_prismas18\">ti Costa y Marcela Gen\u00e9 (comps.), Atrapados por la imagen. Arte y pol\u00edtica en la cultura impresa argentina<\/a><\/p>\n\n\n\n<p>Ana L\u00eda Rey<\/p>\n\n\n\n<p><a href=\"https:\/\/prismas.unq.edu.ar\/OJS\/index.php\/Prismas\/article\/view\/Fiorucci_prismas18\" target=\"_blank\" rel=\"noreferrer noopener\">Matthew B. Karush, Cultura de clase. Radio y cine en la creaci\u00f3n de una Argentina dividida (1920-1946)<\/a><\/p>\n\n\n\n<p>Flavia Fiorucci<\/p>\n\n\n\n<p><a href=\"https:\/\/prismas.unq.edu.ar\/OJS\/index.php\/Prismas\/article\/view\/Siskind_prismas18\" target=\"_blank\" rel=\"noreferrer noopener\">Mar\u00eda Teresa Gramuglio, Nacionalismo y cosmopolitismo en la literatura argentina<\/a><\/p>\n\n\n\n<p>Mariano Siskind<\/p>\n\n\n\n<p><a href=\"https:\/\/prismas.unq.edu.ar\/OJS\/index.php\/Prismas\/article\/view\/Devoto_prismas18\" target=\"_blank\" rel=\"noreferrer noopener\">Jos\u00e9 Zanca, Cristianos antifascistas. Conflictos en la cultura cat\u00f3lica argentina<\/a><\/p>\n\n\n\n<p>Fernando J. Devoto<\/p>\n\n\n\n<p><a href=\"https:\/\/prismas.unq.edu.ar\/OJS\/index.php\/Prismas\/article\/view\/Altamirano_prismas18\" target=\"_blank\" rel=\"noreferrer noopener\">Ricardo Pasolini, Los marxistas liberales. Antifascismo y cultura comunista en la Argentina del siglo XX<\/a><\/p>\n\n\n\n<p>Carlos Altamirano<\/p>\n\n\n\n<p><a href=\"https:\/\/prismas.unq.edu.ar\/OJS\/index.php\/Prismas\/article\/view\/Carassai_prismas18\" target=\"_blank\" rel=\"noreferrer noopener\">Gustavo J. Nahm\u00edas, La batalla peronista. De la unidad imposible a la violencia pol\u00edtica, 1969-1973<\/a><\/p>\n\n\n\n<p>Sebasti\u00e1n Carassai<\/p>\n\n\n\n<p><a href=\"https:\/\/prismas.unq.edu.ar\/OJS\/index.php\/Prismas\/article\/view\/Koziner_prismas18\" target=\"_blank\" rel=\"noreferrer noopener\">Mart\u00edn Sivak, <em>Clar\u00edn<\/em>, el gran diario argentino. Una historia<\/a><\/p>\n\n\n\n<p>Nadia Koziner<\/p>\n\n\n\n<p><a href=\"https:\/\/prismas.unq.edu.ar\/OJS\/index.php\/Prismas\/article\/view\/Starcenbaum_prismas18\" target=\"_blank\" rel=\"noreferrer noopener\">Anna Popovitch, In the Shadow of Althusser: Culture and Politics in Late Twentieth-Century Argentina<\/a><\/p>\n\n\n\n<p>Marcelo Starcenbaum<\/p>\n\n\n\n<p><a href=\"https:\/\/prismas.unq.edu.ar\/OJS\/index.php\/Prismas\/article\/view\/Palermo_prismas18\" target=\"_blank\" rel=\"noreferrer noopener\">Sebasti\u00e1n Carassai, Los a\u00f1os setenta de la gente com\u00fan. La naturalizaci\u00f3n de la violencia<\/a><\/p>\n\n\n\n<p>Vicente Palermo<\/p>\n\n\n\n<p><a href=\"https:\/\/prismas.unq.edu.ar\/OJS\/index.php\/Prismas\/article\/view\/Carassai2_prismas18\" target=\"_blank\" rel=\"noreferrer noopener\">David Sheinin, Consent of the Damned. Ordinary Argentinians in the Dirty War<\/a><\/p>\n\n\n\n<p>Sebasti\u00e1n Carassai<\/p>\n\n\n\n<div id=\"wp-block-themeisle-blocks-accordion-9db99f43\" class=\"wp-block-themeisle-blocks-accordion exclusive\">\n<details class=\"wp-block-themeisle-blocks-accordion-item\"><summary class=\"wp-block-themeisle-blocks-accordion-item__title\"><div>T\u00edtulo de acorde\u00f3n 1<\/div><\/summary><div class=\"wp-block-themeisle-blocks-accordion-item__content\">\n<p>Se trata de un marcador de posici\u00f3n del contenido de la pesta\u00f1a. Es importante tener la informaci\u00f3n necesaria en el bloque, pero en esta fase, es s\u00f3lo un marcador de posici\u00f3n para ayudarte a visualizar c\u00f3mo se muestra el contenido. Si\u00e9ntete libre de editarlo con tu contenido real.<\/p>\n<\/div><\/details>\n\n\n\n<details class=\"wp-block-themeisle-blocks-accordion-item\"><summary class=\"wp-block-themeisle-blocks-accordion-item__title\"><div>T\u00edtulo 2 del acorde\u00f3n<\/div><\/summary><div class=\"wp-block-themeisle-blocks-accordion-item__content\">\n<p>Se trata de un marcador de posici\u00f3n del contenido de la pesta\u00f1a. Es importante tener la informaci\u00f3n necesaria en el bloque, pero en esta fase, es s\u00f3lo un marcador de posici\u00f3n para ayudarte a visualizar c\u00f3mo se muestra el contenido. Si\u00e9ntete libre de editarlo con tu contenido real.<\/p>\n<\/div><\/details>\n<\/div>\n<\/div><\/details>\n\n\n\n<details class=\"wp-block-themeisle-blocks-accordion-item animated backInDown slower delay-100ms\"><summary class=\"wp-block-themeisle-blocks-accordion-item__title\"><div>FICHAS<\/div><\/summary><div class=\"wp-block-themeisle-blocks-accordion-item__content\">\n<p><a href=\"https:\/\/prismas.unq.edu.ar\/OJS\/index.php\/Prismas\/article\/view\/Fichas_prismas18\" target=\"_blank\" rel=\"noreferrer noopener\"><strong>Libros fichados:<\/strong> Reinhart Koselleck, <em>Sentido y repetici\u00f3n en la historia <\/em>\/ Friedrich H. Jacobi, Moses Mendelssohn, Thomas Wizenmann, Immanuel Kant, Johann W. Goethe, Johann G. Herder (Estudio preliminar, traducci\u00f3n, selecci\u00f3n y notas a cargo de Mar\u00eda Jimena Sol\u00e9), <em>El ocaso de la ilustraci\u00f3n <\/em>\/ Jean-Ives Mollier, <em>La lectura y sus p\u00fablicos en la Edad&nbsp; Contempor\u00e1nea <\/em>\/ Mar\u00eda In\u00e9s de Torres, \u00bfLa naci\u00f3n tiene cara de mujer? \/ Claudio Lomnitz, <em>The Return of Comrade Ricardo Flores Mag\u00f3n <\/em>\/ Rodrigo Patto S\u00e1 Motta, Marcos Napolitano, Rodrigo Czajka (orgs.), <em>Comunistas brasileiros, cultura pol\u00edtica e produ\u00e7\u00e3o cultural <\/em>\/ Mat\u00edas Giletta, <em>Sergio Bag\u00fa <\/em>\/ Tulio Halperin Donghi, <em>Letrados y pensadores <\/em>\/ Graciela Batticuore y Alejandra Laera (comps.), <em>Sarmiento en intersecci\u00f3n <\/em>\/ Melina Piglia, <em>Autos, rutas y turismo <\/em>\/ Ana Teresa Martinez, <em>Cultura, sociedad y poder en la Argentina<\/em><\/a><\/p>\n\n\n\n<p><br>Autores: Eugenia Gay, Ricardo Mart\u00ednez Mazzola, Mart\u00edn Bergel, Pablo Roff\u00e9, Adri\u00e1n Gorelik, Laura Prado Acosta, Nelson N. Leone, Dhan Zunino<\/p>\n\n\n\n<div id=\"wp-block-themeisle-blocks-accordion-7b6d24ea\" class=\"wp-block-themeisle-blocks-accordion exclusive\">\n<details class=\"wp-block-themeisle-blocks-accordion-item\"><summary class=\"wp-block-themeisle-blocks-accordion-item__title\"><div>T\u00edtulo de acorde\u00f3n 1<\/div><\/summary><div class=\"wp-block-themeisle-blocks-accordion-item__content\">\n<p>Se trata de un marcador de posici\u00f3n del contenido de la pesta\u00f1a. Es importante tener la informaci\u00f3n necesaria en el bloque, pero en esta fase, es s\u00f3lo un marcador de posici\u00f3n para ayudarte a visualizar c\u00f3mo se muestra el contenido. Si\u00e9ntete libre de editarlo con tu contenido real.<\/p>\n<\/div><\/details>\n\n\n\n<details class=\"wp-block-themeisle-blocks-accordion-item\"><summary class=\"wp-block-themeisle-blocks-accordion-item__title\"><div>T\u00edtulo 2 del acorde\u00f3n<\/div><\/summary><div class=\"wp-block-themeisle-blocks-accordion-item__content\">\n<p>Se trata de un marcador de posici\u00f3n del contenido de la pesta\u00f1a. Es importante tener la informaci\u00f3n necesaria en el bloque, pero en esta fase, es s\u00f3lo un marcador de posici\u00f3n para ayudarte a visualizar c\u00f3mo se muestra el contenido. Si\u00e9ntete libre de editarlo con tu contenido real.<\/p>\n<\/div><\/details>\n<\/div>\n<\/div><\/details>\n\n\n\n<details class=\"wp-block-themeisle-blocks-accordion-item animated backInDown delay-100ms slower\"><summary class=\"wp-block-themeisle-blocks-accordion-item__title\"><div>OBITUARIOS<\/div><\/summary><div class=\"wp-block-themeisle-blocks-accordion-item__content\">\n<p><a href=\"https:\/\/prismas.unq.edu.ar\/OJS\/index.php\/Prismas\/article\/view\/Gonz%C3%A1lez2_prismas18\" target=\"_blank\" rel=\"noreferrer noopener\">Maurice Agulhon (1926-2014)<\/a><\/p>\n\n\n\n<p>Pilar Gonz\u00e1lez Bernaldo<\/p>\n\n\n\n<p><a href=\"https:\/\/prismas.unq.edu.ar\/OJS\/index.php\/Prismas\/article\/view\/Alabarces_prismas18\" target=\"_blank\" rel=\"noreferrer noopener\">Richard Hoggart (1918-2014)<\/a><\/p>\n\n\n\n<p>Pablo Alabarces<\/p>\n\n\n\n<p><a href=\"https:\/\/prismas.unq.edu.ar\/OJS\/index.php\/Prismas\/article\/view\/Freijomil_prismas18\" target=\"_blank\" rel=\"noreferrer noopener\">Jacques Le Goff (1924-2014)<\/a><\/p>\n\n\n\n<p>Andr\u00e9s G. Freijomil<\/p>\n<\/div><\/details>\n<\/div>\n<\/div>\n<\/div><\/div>\n","protected":false},"excerpt":{"rendered":"","protected":false},"author":3,"featured_media":139,"comment_status":"closed","ping_status":"closed","sticky":false,"template":"","format":"standard","meta":{"_themeisle_gutenberg_block_has_review":false,"footnotes":""},"categories":[5],"tags":[10,6,8],"class_list":["post-444","post","type-post","status-publish","format-standard","has-post-thumbnail","hentry","category-indice-general","tag-25-anos","tag-historia-intelectual","tag-prismas"],"_links":{"self":[{"href":"https:\/\/historiaintelectual.com.ar\/indiceprismas\/wp-json\/wp\/v2\/posts\/444","targetHints":{"allow":["GET"]}}],"collection":[{"href":"https:\/\/historiaintelectual.com.ar\/indiceprismas\/wp-json\/wp\/v2\/posts"}],"about":[{"href":"https:\/\/historiaintelectual.com.ar\/indiceprismas\/wp-json\/wp\/v2\/types\/post"}],"author":[{"embeddable":true,"href":"https:\/\/historiaintelectual.com.ar\/indiceprismas\/wp-json\/wp\/v2\/users\/3"}],"replies":[{"embeddable":true,"href":"https:\/\/historiaintelectual.com.ar\/indiceprismas\/wp-json\/wp\/v2\/comments?post=444"}],"version-history":[{"count":4,"href":"https:\/\/historiaintelectual.com.ar\/indiceprismas\/wp-json\/wp\/v2\/posts\/444\/revisions"}],"predecessor-version":[{"id":2948,"href":"https:\/\/historiaintelectual.com.ar\/indiceprismas\/wp-json\/wp\/v2\/posts\/444\/revisions\/2948"}],"wp:featuredmedia":[{"embeddable":true,"href":"https:\/\/historiaintelectual.com.ar\/indiceprismas\/wp-json\/wp\/v2\/media\/139"}],"wp:attachment":[{"href":"https:\/\/historiaintelectual.com.ar\/indiceprismas\/wp-json\/wp\/v2\/media?parent=444"}],"wp:term":[{"taxonomy":"category","embeddable":true,"href":"https:\/\/historiaintelectual.com.ar\/indiceprismas\/wp-json\/wp\/v2\/categories?post=444"},{"taxonomy":"post_tag","embeddable":true,"href":"https:\/\/historiaintelectual.com.ar\/indiceprismas\/wp-json\/wp\/v2\/tags?post=444"}],"curies":[{"name":"wp","href":"https:\/\/api.w.org\/{rel}","templated":true}]}}