{"id":441,"date":"2023-02-27T21:15:30","date_gmt":"2023-02-27T21:15:30","guid":{"rendered":"https:\/\/historiaintelectual.com.ar\/indiceprismas\/?p=441"},"modified":"2025-05-26T17:44:02","modified_gmt":"2025-05-26T17:44:02","slug":"vol-17-2013","status":"publish","type":"post","link":"https:\/\/historiaintelectual.com.ar\/indiceprismas\/vol-17-2013\/","title":{"rendered":"VOL. 17 (2013)"},"content":{"rendered":"\n<div id=\"wp-block-themeisle-blocks-advanced-columns-6a350af5\" class=\"wp-block-themeisle-blocks-advanced-columns has-2-columns has-desktop-oneTwo-layout has-tablet-equal-layout has-mobile-collapsedRows-layout has-vertical-unset\"><div class=\"wp-block-themeisle-blocks-advanced-columns-overlay\"><\/div><div class=\"innerblocks-wrap\">\n<div id=\"wp-block-themeisle-blocks-advanced-column-726330eb\" class=\"wp-block-themeisle-blocks-advanced-column\">\n<figure class=\"wp-block-image size-full is-resized o-sticky o-sticky-pos-top o-sticky-bhvr-keep o-sticky-scope-parent\"><img loading=\"lazy\" decoding=\"async\" width=\"378\" height=\"550\" src=\"http:\/\/historiaintelectual.com.ar\/indiceprismas\/wp-content\/uploads\/2023\/02\/17.jpg\" alt=\"\" class=\"wp-image-140\" style=\"width:313px;height:455px\" srcset=\"https:\/\/historiaintelectual.com.ar\/indiceprismas\/wp-content\/uploads\/2023\/02\/17.jpg 378w, https:\/\/historiaintelectual.com.ar\/indiceprismas\/wp-content\/uploads\/2023\/02\/17-206x300.jpg 206w, https:\/\/historiaintelectual.com.ar\/indiceprismas\/wp-content\/uploads\/2023\/02\/17-103x150.jpg 103w, https:\/\/historiaintelectual.com.ar\/indiceprismas\/wp-content\/uploads\/2023\/02\/17-360x524.jpg 360w\" sizes=\"auto, (max-width: 378px) 100vw, 378px\" \/><\/figure>\n<\/div>\n\n\n\n<div id=\"wp-block-themeisle-blocks-advanced-column-af3f0557\" class=\"wp-block-themeisle-blocks-advanced-column\">\n<div id=\"wp-block-themeisle-blocks-accordion-99585927\" class=\"wp-block-themeisle-blocks-accordion exclusive\">\n<details class=\"wp-block-themeisle-blocks-accordion-item animated backInDown\"><summary class=\"wp-block-themeisle-blocks-accordion-item__title\"><div>ART\u00cdCULOS<\/div><\/summary><div class=\"wp-block-themeisle-blocks-accordion-item__content\">\n<p><a rel=\"noreferrer noopener\" href=\"https:\/\/prismas.unq.edu.ar\/OJS\/index.php\/Prismas\/article\/view\/1371\" target=\"_blank\">El padre figurado. Cr\u00edtica de los enfoques tipol\u00f3gicos y macro-anal\u00edticos en el estudio del lenguaje pol\u00edtico de la China medieval<\/a><br>Pablo Blitstein<\/p>\n\n\n\n<p><a rel=\"noreferrer noopener\" href=\"https:\/\/prismas.unq.edu.ar\/OJS\/index.php\/Prismas\/article\/view\/Pollitzer_prismas17\" target=\"_blank\"><br>El rol de las pasiones en las sociedades democr\u00e1ticas: Un di\u00e1logo entre Rousseau y Tocqueville<\/a><br>Mar\u00eda Pollitzer<\/p>\n\n\n\n<p><a rel=\"noreferrer noopener\" href=\"https:\/\/prismas.unq.edu.ar\/OJS\/index.php\/Prismas\/article\/view\/398\" target=\"_blank\">Gramsci y la traducci\u00f3n: G\u00e9nesis y alcances de una met\u00e1fora<\/a><br>Mariano Zarowsky<\/p>\n\n\n\n<p><a rel=\"noreferrer noopener\" href=\"https:\/\/prismas.unq.edu.ar\/OJS\/index.php\/Prismas\/article\/view\/Crespo_prismas17\" target=\"_blank\">Del republicanismo cl\u00e1sico a la modernidad liberal: La gran mutaci\u00f3n conceptual de la dictadura en el contexto de las revoluciones hispanoamericanas (1810-1830)<\/a><br>Mar\u00eda Victoria Crespo<\/p>\n\n\n\n<p><a rel=\"noreferrer noopener\" href=\"https:\/\/prismas.unq.edu.ar\/OJS\/index.php\/Prismas\/article\/view\/Caetano_prismas17\" target=\"_blank\">Filosof\u00eda y pol\u00edtica en Uruguay: Carlos Vaz Ferreira y la promoci\u00f3n del \u00abrepublicanismo liberal<\/a>\u201d<br>Gerardo Caetano<\/p>\n\n\n\n<p><a rel=\"noreferrer noopener\" href=\"https:\/\/prismas.unq.edu.ar\/OJS\/index.php\/Prismas\/article\/view\/Rojas_prismas17\" target=\"_blank\">Socialistas en Manhattan: La Revoluci\u00f3n Cubana en <em>Monthly Review<\/em><\/a><br>Rafael Rojas<a id=\"_msocom_1\"><\/a><\/p>\n\n\n\n<p><\/p>\n<\/div><\/details>\n\n\n\n<details class=\"wp-block-themeisle-blocks-accordion-item animated backInDown slow\"><summary class=\"wp-block-themeisle-blocks-accordion-item__title\"><div>ARGUMENTOS<\/div><\/summary><div class=\"wp-block-themeisle-blocks-accordion-item__content\">\n<p><a href=\"https:\/\/prismas.unq.edu.ar\/OJS\/index.php\/Prismas\/article\/view\/Ginzburg_prismas17\" target=\"_blank\" rel=\"noreferrer noopener\">Presentaci\u00f3n<\/a><br>Carlo Ginzburg<\/p>\n\n\n\n<p><a rel=\"noreferrer noopener\" href=\"https:\/\/prismas.unq.edu.ar\/OJS\/index.php\/Prismas\/article\/view\/Baxandall_prismas17\" target=\"_blank\">Arte, Sociedad, y el Principio Bouguer<\/a><br>Michael Baxandall<\/p>\n\n\n\n<p><a rel=\"noreferrer noopener\" href=\"https:\/\/prismas.unq.edu.ar\/OJS\/index.php\/Prismas\/article\/view\/Baxandall2_prismas17\" target=\"_blank\">El molde mental de Alberti<\/a><br>Michael Baxandall<\/p>\n<\/div><\/details>\n\n\n\n<details class=\"wp-block-themeisle-blocks-accordion-item animated backInDown slow\"><summary class=\"wp-block-themeisle-blocks-accordion-item__title\"><div>DOSSIER: Los otros intelectuales: curas, maestros, intelectuales de pueblo, periodistas y autodidactas<\/div><\/summary><div class=\"wp-block-themeisle-blocks-accordion-item__content\">\n<p><a rel=\"noreferrer noopener\" href=\"https:\/\/prismas.unq.edu.ar\/OJS\/index.php\/Prismas\/article\/view\/Fiorucci_prismas17\" target=\"_blank\">Presentaci\u00f3n<\/a><br>Flavia Fiorucci<\/p>\n\n\n\n<p><a rel=\"noreferrer noopener\" href=\"https:\/\/prismas.unq.edu.ar\/OJS\/index.php\/Prismas\/article\/view\/Mart%C3%ADnez_prismas17\" target=\"_blank\">Intelectuales de provincia: entre lo local y lo perif\u00e9rico<\/a><br>Ana Teresa Mart\u00ednez<\/p>\n\n\n\n<p><a rel=\"noreferrer noopener\" href=\"https:\/\/prismas.unq.edu.ar\/OJS\/index.php\/Prismas\/article\/view\/Ag%C3%BCero_Garcia_prismas17\" target=\"_blank\">Culturas locales, culturas regionales, culturas nacionales. Cuestiones conceptuales y de m\u00e9todo para una historiograf\u00eda por venir<\/a><br>Ana Clarisa Ag\u00fcero, Diego Garc\u00eda<\/p>\n\n\n\n<p><a rel=\"noreferrer noopener\" href=\"https:\/\/prismas.unq.edu.ar\/OJS\/index.php\/Prismas\/article\/view\/Pasolini_prismas17\" target=\"_blank\">La historia intelectual desde su dimensi\u00f3n regional: algunas reflexiones<\/a><br>Ricardo Pasolini<\/p>\n\n\n\n<p><a rel=\"noreferrer noopener\" href=\"https:\/\/prismas.unq.edu.ar\/OJS\/index.php\/Prismas\/article\/view\/Bergel_prismas17\" target=\"_blank\">Los \u00abintelectuales menores\u00bb en la g\u00e9nesis del Partido Aprista Peruano. Algunas consideraciones iniciales<\/a><br>Mart\u00edn Bergel<\/p>\n\n\n\n<p><a rel=\"noreferrer noopener\" href=\"https:\/\/prismas.unq.edu.ar\/OJS\/index.php\/Prismas\/article\/view\/Civera_prismas17\" target=\"_blank\">Entre el corporativismo estatal y la redenci\u00f3n de los pobres: los normalistas rurales en M\u00e9xico, 1921-1969<\/a><br>Alicia Civera<\/p>\n\n\n\n<p><a rel=\"noreferrer noopener\" href=\"https:\/\/prismas.unq.edu.ar\/OJS\/index.php\/Prismas\/article\/view\/Lionetti_prismas17\" target=\"_blank\">Luis Feldman Jos\u00edn, \u00abel maestro de la modernizaci\u00f3n\u00bb<\/a><br>Luc\u00eda Lionetti<\/p>\n\n\n\n<p><a rel=\"noreferrer noopener\" href=\"https:\/\/prismas.unq.edu.ar\/OJS\/index.php\/Prismas\/article\/view\/Laguarda_prismas17\" target=\"_blank\">Im\u00e1genes modernas. La construcci\u00f3n de imaginarios urbanos a trav\u00e9s de la fotograf\u00eda (Santa Rosa, La Pampa, 1895-1925)<\/a><br>Paula In\u00e9s Laguarda<br><\/p>\n\n\n\n<p><a rel=\"noreferrer noopener\" href=\"https:\/\/prismas.unq.edu.ar\/OJS\/index.php\/Prismas\/article\/view\/Bisso_prismas17\" target=\"_blank\">\u00abAbajo con la tiran\u00eda pueblera y totalitaria\u00bb. <em>Mechita<\/em> o ciertas consideraciones en torno a un peri\u00f3dico pueblerino y ferroviario del antifascismo argentino<\/a><br>Andr\u00e9s Bisso<\/p>\n\n\n\n<p><a rel=\"noreferrer noopener\" href=\"https:\/\/prismas.unq.edu.ar\/OJS\/index.php\/Prismas\/article\/view\/Zanca_prismas17\" target=\"_blank\">Fernando Boasso como prisma. Cultura, religi\u00f3n y sociedad en la d\u00e9cada de 1960<\/a><br>Jos\u00e9 Zanca<\/p>\n<\/div><\/details>\n\n\n\n<details class=\"wp-block-themeisle-blocks-accordion-item animated backInDown slower\"><summary class=\"wp-block-themeisle-blocks-accordion-item__title\"><div>LECTURAS<\/div><\/summary><div class=\"wp-block-themeisle-blocks-accordion-item__content\">\n<p><a href=\"https:\/\/prismas.unq.edu.ar\/OJS\/index.php\/Prismas\/article\/view\/Rezende_prismas17\">Atajos<\/a><a rel=\"noreferrer noopener\" href=\"https:\/\/prismas.unq.edu.ar\/OJS\/index.php\/Prismas\/article\/view\/Rezende_prismas17\/406\" target=\"_blank\"> (Sergio Miceli, celebraci\u00f3n de una trayectoria.)<\/a><br>Maria Alice Rezende de Carvalho<\/p>\n\n\n\n<p><a rel=\"noreferrer noopener\" href=\"https:\/\/prismas.unq.edu.ar\/OJS\/index.php\/Prismas\/article\/view\/Mailhe_prismas17\" target=\"_blank\">Un soci\u00f3logo de los intelectuales&#8230; a la luz de la sociolog\u00eda de los intelectuales<\/a><a href=\"https:\/\/prismas.unq.edu.ar\/OJS\/index.php\/Prismas\/article\/view\/Mailhe_prismas17\/407\"> (Sergio Miceli, celebraci\u00f3n de una trayectoria.)<\/a><br>Alejandra Mailhe<\/p>\n\n\n\n<p><a href=\"https:\/\/prismas.unq.edu.ar\/OJS\/index.php\/Prismas\/article\/view\/Tarcus_prismas17\">La de<\/a><a rel=\"noreferrer noopener\" href=\"https:\/\/prismas.unq.edu.ar\/OJS\/index.php\/Prismas\/article\/view\/Tarcus_prismas17\" target=\"_blank\">valuaci\u00f3n logicista de la historia. \u00daltima r\u00e9plica a El\u00edas Palti<\/a><br>Horacio Tarcus<\/p>\n\n\n\n<div id=\"wp-block-themeisle-blocks-accordion-ffb0ace6\" class=\"wp-block-themeisle-blocks-accordion exclusive\">\n<details class=\"wp-block-themeisle-blocks-accordion-item\"><summary class=\"wp-block-themeisle-blocks-accordion-item__title\"><div>T\u00edtulo de acorde\u00f3n 1<\/div><\/summary><div class=\"wp-block-themeisle-blocks-accordion-item__content\">\n<p>Se trata de un marcador de posici\u00f3n del contenido de la pesta\u00f1a. Es importante tener la informaci\u00f3n necesaria en el bloque, pero en esta fase, es s\u00f3lo un marcador de posici\u00f3n para ayudarte a visualizar c\u00f3mo se muestra el contenido. Si\u00e9ntete libre de editarlo con tu contenido real.<\/p>\n<\/div><\/details>\n\n\n\n<details class=\"wp-block-themeisle-blocks-accordion-item\"><summary class=\"wp-block-themeisle-blocks-accordion-item__title\"><div>T\u00edtulo 2 del acorde\u00f3n<\/div><\/summary><div class=\"wp-block-themeisle-blocks-accordion-item__content\">\n<p>Se trata de un marcador de posici\u00f3n del contenido de la pesta\u00f1a. Es importante tener la informaci\u00f3n necesaria en el bloque, pero en esta fase, es s\u00f3lo un marcador de posici\u00f3n para ayudarte a visualizar c\u00f3mo se muestra el contenido. Si\u00e9ntete libre de editarlo con tu contenido real.<\/p>\n<\/div><\/details>\n<\/div>\n\n\n\n<div id=\"wp-block-themeisle-blocks-accordion-9651f8d2\" class=\"wp-block-themeisle-blocks-accordion exclusive\">\n<details class=\"wp-block-themeisle-blocks-accordion-item\"><summary class=\"wp-block-themeisle-blocks-accordion-item__title\"><div>T\u00edtulo de acorde\u00f3n 1<\/div><\/summary><div class=\"wp-block-themeisle-blocks-accordion-item__content\">\n<p>Se trata de un marcador de posici\u00f3n del contenido de la pesta\u00f1a. Es importante tener la informaci\u00f3n necesaria en el bloque, pero en esta fase, es s\u00f3lo un marcador de posici\u00f3n para ayudarte a visualizar c\u00f3mo se muestra el contenido. Si\u00e9ntete libre de editarlo con tu contenido real.<\/p>\n<\/div><\/details>\n\n\n\n<details class=\"wp-block-themeisle-blocks-accordion-item\"><summary class=\"wp-block-themeisle-blocks-accordion-item__title\"><div>T\u00edtulo 2 del acorde\u00f3n<\/div><\/summary><div class=\"wp-block-themeisle-blocks-accordion-item__content\">\n<p>Se trata de un marcador de posici\u00f3n del contenido de la pesta\u00f1a. Es importante tener la informaci\u00f3n necesaria en el bloque, pero en esta fase, es s\u00f3lo un marcador de posici\u00f3n para ayudarte a visualizar c\u00f3mo se muestra el contenido. Si\u00e9ntete libre de editarlo con tu contenido real.<\/p>\n<\/div><\/details>\n<\/div>\n<\/div><\/details>\n\n\n\n<details class=\"wp-block-themeisle-blocks-accordion-item animated backInDown slower delay-100ms\"><summary class=\"wp-block-themeisle-blocks-accordion-item__title\"><div>RESE\u00d1AS<\/div><\/summary><div class=\"wp-block-themeisle-blocks-accordion-item__content\">\n<p><a rel=\"noreferrer noopener\" href=\"https:\/\/prismas.unq.edu.ar\/OJS\/index.php\/Prismas\/article\/view\/Bruno_prismas17\" target=\"_blank\">Sabina Loriga, La piccola x. Dalla biografia alla storia<\/a><br>Paula Bruno<\/p>\n\n\n\n<p><a rel=\"noreferrer noopener\" href=\"https:\/\/prismas.unq.edu.ar\/OJS\/index.php\/Prismas\/article\/view\/Gay_prismas17\" target=\"_blank\">Enzo Traverso, La historia como campo de batalla. Interpretar las violencias del siglo XX<\/a><br>Eugenia Gay<\/p>\n\n\n\n<p><a rel=\"noreferrer noopener\" href=\"https:\/\/prismas.unq.edu.ar\/OJS\/index.php\/Prismas\/article\/view\/Cosovschi_prismas17\" target=\"_blank\">Philippe Corcuff, Las nuevas sociolog\u00edas. Principales corrientes y debates, 1980-2010<\/a><br>Agust\u00edn Cosovschi<\/p>\n\n\n\n<p><a rel=\"noreferrer noopener\" href=\"https:\/\/prismas.unq.edu.ar\/OJS\/index.php\/Prismas\/article\/view\/Palti_prismas17\" target=\"_blank\">Javier Fern\u00e1ndez Sebasti\u00e1n (org.), La aurora de la libertad. Los primeros liberalismos en el mundo hisp\u00e1nico<\/a><br>El\u00edas Jos\u00e9 Palti<\/p>\n\n\n\n<p><a rel=\"noreferrer noopener\" href=\"https:\/\/prismas.unq.edu.ar\/OJS\/index.php\/Prismas\/article\/view\/Ocaranza_prismas17\" target=\"_blank\">Alfredo \u00c1vila, Jordana Dym, Erika Pani (coords.), Las declaraciones de independencia. Los textos fundamentales de las independencias americanas<\/a><br>Nicol\u00e1s Ocaranza<\/p>\n\n\n\n<p><a rel=\"noreferrer noopener\" href=\"https:\/\/prismas.unq.edu.ar\/OJS\/index.php\/Prismas\/article\/view\/Losada_prismas17\" target=\"_blank\">Jeffrey D. Needell, Belle \u00c9poque tropical. Sociedad y cultura de elite en R\u00edo de Janeiro a fines del siglo XIX y principios del XX<\/a><br>Leandro Losada<\/p>\n\n\n\n<p><a rel=\"noreferrer noopener\" href=\"https:\/\/prismas.unq.edu.ar\/OJS\/index.php\/Prismas\/article\/view\/Estrada%20_prismas17\" target=\"_blank\">Pedro Meira Monteiro (org.), M\u00e1rio de Andrade e S\u00e9rgio Buarque de Holanda: Correspond\u00eancia<\/a><br>Henrique Estrada Rodrigues<\/p>\n\n\n\n<p><a rel=\"noreferrer noopener\" href=\"https:\/\/prismas.unq.edu.ar\/OJS\/index.php\/Prismas\/article\/view\/Grisendi_prismas19\" target=\"_blank\">Benedetta Calandra y Marina Franco (eds.), La guerra fr\u00eda cultural en Am\u00e9rica Latina. Desaf\u00edos y l\u00edmites para una nueva mirada de las relaciones interamericanas<\/a><br>Ezequiel Grisendi<\/p>\n\n\n\n<p><a rel=\"noreferrer noopener\" href=\"https:\/\/prismas.unq.edu.ar\/OJS\/index.php\/Prismas\/article\/view\/Manzano_prismas17\" target=\"_blank\">Vania Markarian, El 68 uruguayo: El movimiento estudiantil entre molotovs y m\u00fasica beat<\/a><br>Valeria Manzano<\/p>\n\n\n\n<p><a rel=\"noreferrer noopener\" href=\"https:\/\/prismas.unq.edu.ar\/OJS\/index.php\/Prismas\/article\/view\/Wasserman_prismas17\" target=\"_blank\">Klaus Gallo, Bernardino Rivadavia. El primer presidente argentino<\/a><br>Fabio Wasserman<\/p>\n\n\n\n<p><a href=\"https:\/\/prismas.unq.edu.ar\/OJS\/index.php\/Prismas\/article\/view\/Rojkind_%C2%B4prismas17\">Mart\u00edn O. Castro, El ocaso de la rep\u00fablica olig\u00e1rquica: poder, pol\u00edtica y reforma electoral, 1898-1912<\/a><br>In\u00e9s Rojkind<\/p>\n\n\n\n<p><a href=\"https:\/\/prismas.unq.edu.ar\/OJS\/index.php\/Prismas\/article\/view\/Prado_prismas17\">Ana Cecchi, La timba como rito de pasaje. La narrativa del jueg<\/a><a rel=\"noreferrer noopener\" href=\"https:\/\/prismas.unq.edu.ar\/OJS\/index.php\/Prismas\/article\/view\/Prado_prismas17\" target=\"_blank\">o<\/a><a href=\"https:\/\/prismas.unq.edu.ar\/OJS\/index.php\/Prismas\/article\/view\/Prado_prismas17\"> en la construcci\u00f3n de la modernidad porte\u00f1a (Buenos Aires, 1900-1935)<\/a><br>Laura Prado Acosta<\/p>\n\n\n\n<p><a rel=\"noreferrer noopener\" href=\"https:\/\/prismas.unq.edu.ar\/OJS\/index.php\/Prismas\/article\/view\/Risco_prismas17\" target=\"_blank\">Soledad Mart\u00ednez Zuccardi, En busca de un campo cultural propio. Literatura, vida intelectual y revistas culturales en Tucum\u00e1n (1904-1944)<\/a><br>Ana Mar\u00eda Risco<\/p>\n\n\n\n<p><a rel=\"noreferrer noopener\" href=\"https:\/\/prismas.unq.edu.ar\/OJS\/index.php\/Prismas\/article\/view\/415\" target=\"_blank\">Lila Caimari, Mientras la ciudad duerme. Pistoleros, polic\u00edas y periodistas en Buenos Aires, 1920-1945<\/a><br>Luciana Anapios<\/p>\n\n\n\n<p><a rel=\"noreferrer noopener\" href=\"https:\/\/prismas.unq.edu.ar\/OJS\/index.php\/Prismas\/article\/view\/Crispiani_prismas17\" target=\"_blank\">Mark Healey, Las ruinas de la Nueva Argentina. El peronismo y la reconstrucci\u00f3n de San Juan despu\u00e9s del terremoto de 1944<\/a><br>Alejandro Crispiani<\/p>\n\n\n\n<p><a rel=\"noreferrer noopener\" href=\"https:\/\/prismas.unq.edu.ar\/OJS\/index.php\/Prismas\/article\/view\/Caimari_prismas17\" target=\"_blank\">Matthew Karush y Oscar Chamosa (eds.), The New Cultural History of Peronism. Power and Identity in Mid-Twentieth-Century Argentina<\/a><br>Lila Caimari<\/p>\n\n\n\n<p><a rel=\"noreferrer noopener\" href=\"https:\/\/prismas.unq.edu.ar\/OJS\/index.php\/Prismas\/article\/view\/Pujol_prismas17\" target=\"_blank\">Claudio Benzecry, El fan\u00e1tico de la \u00f3pera. Etnograf\u00eda de una obsesi\u00f3n<\/a><br>Sergio Pujol<\/p>\n\n\n\n<div id=\"wp-block-themeisle-blocks-accordion-9db99f43\" class=\"wp-block-themeisle-blocks-accordion exclusive\">\n<details class=\"wp-block-themeisle-blocks-accordion-item\"><summary class=\"wp-block-themeisle-blocks-accordion-item__title\"><div>T\u00edtulo de acorde\u00f3n 1<\/div><\/summary><div class=\"wp-block-themeisle-blocks-accordion-item__content\">\n<p>Se trata de un marcador de posici\u00f3n del contenido de la pesta\u00f1a. Es importante tener la informaci\u00f3n necesaria en el bloque, pero en esta fase, es s\u00f3lo un marcador de posici\u00f3n para ayudarte a visualizar c\u00f3mo se muestra el contenido. Si\u00e9ntete libre de editarlo con tu contenido real.<\/p>\n<\/div><\/details>\n\n\n\n<details class=\"wp-block-themeisle-blocks-accordion-item\"><summary class=\"wp-block-themeisle-blocks-accordion-item__title\"><div>T\u00edtulo 2 del acorde\u00f3n<\/div><\/summary><div class=\"wp-block-themeisle-blocks-accordion-item__content\">\n<p>Se trata de un marcador de posici\u00f3n del contenido de la pesta\u00f1a. Es importante tener la informaci\u00f3n necesaria en el bloque, pero en esta fase, es s\u00f3lo un marcador de posici\u00f3n para ayudarte a visualizar c\u00f3mo se muestra el contenido. Si\u00e9ntete libre de editarlo con tu contenido real.<\/p>\n<\/div><\/details>\n<\/div>\n<\/div><\/details>\n\n\n\n<details class=\"wp-block-themeisle-blocks-accordion-item animated backInDown slower delay-100ms\"><summary class=\"wp-block-themeisle-blocks-accordion-item__title\"><div>FICHAS<\/div><\/summary><div class=\"wp-block-themeisle-blocks-accordion-item__content\">\n<p><a rel=\"noreferrer noopener\" href=\"https:\/\/prismas.unq.edu.ar\/OJS\/index.php\/Prismas\/article\/view\/Carassai_Fichas_prismas17\" target=\"_blank\"><strong>Libros fichados:<\/strong> Niklas Olsen, <em>History in the Plural <\/em>\/ Maria Pia Casalena, <em>Biografie \/ <\/em>V\u00edctor Goldgel, <em>Cuando lo nuevo conquist\u00f3 Am\u00e9rica <\/em>\/ Nicolau Sevcenko, <em>Orfeo ext\u00e1tico en la metr\u00f3polis \/ <\/em>Adriana Amante (dir.), <em>Sarmiento <\/em>(vol. IV de la <em>Historia cr\u00edtica de la Literatura Argentina<\/em>) \/ Lucio V. Mansilla, <em>El excursionista del planeta\u2026 <\/em>(selecci\u00f3n y pr\u00f3logo de Sandra Contreras) \/ Laura Malosetti Costa y Marcela Gen\u00e9 (comps.), <em>Atrapados por la imagen \/ <\/em>Claudia Touris y Mariela Ceva (coords.), <em>Los avatares de la \u201cnaci\u00f3n cat\u00f3lica\u201d \/ <\/em>Jos\u00e9 Emilio Buruc\u00faa, Fernando Devoto y Adri\u00e1n Gorelik (eds.), <em>Jos\u00e9 Luis Romero \/ <\/em>Isabel Plante, <em>Argentinos de Par\u00eds \/ <\/em>Alicia M\u00e9ndez, <em>El Colegio <\/em>\/ David Sheinin, <em>Consent of the Damned<\/em><\/a><br><br>Autores: Sebasti\u00e1n Carassai, Claudio Benzecry, Flavia Fiorucci, Ricardo Mart\u00ednez Mazzola, Mart\u00edn Bergel, Adri\u00e1n Gorelik, Paula Bruno, Eugenia Gay<\/p>\n\n\n\n<div id=\"wp-block-themeisle-blocks-accordion-7b6d24ea\" class=\"wp-block-themeisle-blocks-accordion exclusive\">\n<details class=\"wp-block-themeisle-blocks-accordion-item\"><summary class=\"wp-block-themeisle-blocks-accordion-item__title\"><div>T\u00edtulo de acorde\u00f3n 1<\/div><\/summary><div class=\"wp-block-themeisle-blocks-accordion-item__content\">\n<p>Se trata de un marcador de posici\u00f3n del contenido de la pesta\u00f1a. Es importante tener la informaci\u00f3n necesaria en el bloque, pero en esta fase, es s\u00f3lo un marcador de posici\u00f3n para ayudarte a visualizar c\u00f3mo se muestra el contenido. Si\u00e9ntete libre de editarlo con tu contenido real.<\/p>\n<\/div><\/details>\n\n\n\n<details class=\"wp-block-themeisle-blocks-accordion-item\"><summary class=\"wp-block-themeisle-blocks-accordion-item__title\"><div>T\u00edtulo 2 del acorde\u00f3n<\/div><\/summary><div class=\"wp-block-themeisle-blocks-accordion-item__content\">\n<p>Se trata de un marcador de posici\u00f3n del contenido de la pesta\u00f1a. Es importante tener la informaci\u00f3n necesaria en el bloque, pero en esta fase, es s\u00f3lo un marcador de posici\u00f3n para ayudarte a visualizar c\u00f3mo se muestra el contenido. Si\u00e9ntete libre de editarlo con tu contenido real.<\/p>\n<\/div><\/details>\n<\/div>\n<\/div><\/details>\n<\/div>\n<\/div>\n<\/div><\/div>\n","protected":false},"excerpt":{"rendered":"","protected":false},"author":3,"featured_media":140,"comment_status":"closed","ping_status":"closed","sticky":false,"template":"","format":"standard","meta":{"_themeisle_gutenberg_block_has_review":false,"footnotes":""},"categories":[5],"tags":[10,6,8],"class_list":["post-441","post","type-post","status-publish","format-standard","has-post-thumbnail","hentry","category-indice-general","tag-25-anos","tag-historia-intelectual","tag-prismas"],"_links":{"self":[{"href":"https:\/\/historiaintelectual.com.ar\/indiceprismas\/wp-json\/wp\/v2\/posts\/441","targetHints":{"allow":["GET"]}}],"collection":[{"href":"https:\/\/historiaintelectual.com.ar\/indiceprismas\/wp-json\/wp\/v2\/posts"}],"about":[{"href":"https:\/\/historiaintelectual.com.ar\/indiceprismas\/wp-json\/wp\/v2\/types\/post"}],"author":[{"embeddable":true,"href":"https:\/\/historiaintelectual.com.ar\/indiceprismas\/wp-json\/wp\/v2\/users\/3"}],"replies":[{"embeddable":true,"href":"https:\/\/historiaintelectual.com.ar\/indiceprismas\/wp-json\/wp\/v2\/comments?post=441"}],"version-history":[{"count":5,"href":"https:\/\/historiaintelectual.com.ar\/indiceprismas\/wp-json\/wp\/v2\/posts\/441\/revisions"}],"predecessor-version":[{"id":2949,"href":"https:\/\/historiaintelectual.com.ar\/indiceprismas\/wp-json\/wp\/v2\/posts\/441\/revisions\/2949"}],"wp:featuredmedia":[{"embeddable":true,"href":"https:\/\/historiaintelectual.com.ar\/indiceprismas\/wp-json\/wp\/v2\/media\/140"}],"wp:attachment":[{"href":"https:\/\/historiaintelectual.com.ar\/indiceprismas\/wp-json\/wp\/v2\/media?parent=441"}],"wp:term":[{"taxonomy":"category","embeddable":true,"href":"https:\/\/historiaintelectual.com.ar\/indiceprismas\/wp-json\/wp\/v2\/categories?post=441"},{"taxonomy":"post_tag","embeddable":true,"href":"https:\/\/historiaintelectual.com.ar\/indiceprismas\/wp-json\/wp\/v2\/tags?post=441"}],"curies":[{"name":"wp","href":"https:\/\/api.w.org\/{rel}","templated":true}]}}