{"id":435,"date":"2023-02-27T21:00:07","date_gmt":"2023-02-27T21:00:07","guid":{"rendered":"https:\/\/historiaintelectual.com.ar\/indiceprismas\/?p=435"},"modified":"2025-05-26T17:45:51","modified_gmt":"2025-05-26T17:45:51","slug":"vol-15-2011","status":"publish","type":"post","link":"https:\/\/historiaintelectual.com.ar\/indiceprismas\/vol-15-2011\/","title":{"rendered":"VOL. 15 (2011)"},"content":{"rendered":"\n<div id=\"wp-block-themeisle-blocks-advanced-columns-6a350af5\" class=\"wp-block-themeisle-blocks-advanced-columns has-2-columns has-desktop-oneTwo-layout has-tablet-equal-layout has-mobile-collapsedRows-layout has-vertical-unset\"><div class=\"wp-block-themeisle-blocks-advanced-columns-overlay\"><\/div><div class=\"innerblocks-wrap\">\n<div id=\"wp-block-themeisle-blocks-advanced-column-726330eb\" class=\"wp-block-themeisle-blocks-advanced-column\">\n<figure class=\"wp-block-image size-full is-resized o-sticky o-sticky-pos-top o-sticky-bhvr-keep o-sticky-scope-parent\"><img loading=\"lazy\" decoding=\"async\" width=\"377\" height=\"550\" src=\"http:\/\/historiaintelectual.com.ar\/indiceprismas\/wp-content\/uploads\/2023\/02\/15.jpg\" alt=\"\" class=\"wp-image-145\" style=\"width:313px;height:458px\" srcset=\"https:\/\/historiaintelectual.com.ar\/indiceprismas\/wp-content\/uploads\/2023\/02\/15.jpg 377w, https:\/\/historiaintelectual.com.ar\/indiceprismas\/wp-content\/uploads\/2023\/02\/15-206x300.jpg 206w, https:\/\/historiaintelectual.com.ar\/indiceprismas\/wp-content\/uploads\/2023\/02\/15-103x150.jpg 103w, https:\/\/historiaintelectual.com.ar\/indiceprismas\/wp-content\/uploads\/2023\/02\/15-360x525.jpg 360w\" sizes=\"auto, (max-width: 377px) 100vw, 377px\" \/><\/figure>\n<\/div>\n\n\n\n<div id=\"wp-block-themeisle-blocks-advanced-column-af3f0557\" class=\"wp-block-themeisle-blocks-advanced-column\">\n<div id=\"wp-block-themeisle-blocks-accordion-99585927\" class=\"wp-block-themeisle-blocks-accordion exclusive\">\n<details class=\"wp-block-themeisle-blocks-accordion-item animated backInDown\"><summary class=\"wp-block-themeisle-blocks-accordion-item__title\"><div>ART\u00cdCULOS<\/div><\/summary><div class=\"wp-block-themeisle-blocks-accordion-item__content\">\n<p><a href=\"https:\/\/prismas.unq.edu.ar\/OJS\/index.php\/Prismas\/article\/view\/Ortega_prismas11\" target=\"_blank\" rel=\"noreferrer noopener\">Ni naci\u00f3n ni parte integral. \u00abColonia\u00bb, de vocablo a concepto en el siglo XVIII iberoamericano<\/a><\/p>\n\n\n\n<p>Francisco Ortega<\/p>\n\n\n\n<p><a href=\"https:\/\/prismas.unq.edu.ar\/OJS\/index.php\/Prismas\/article\/view\/Blanco_Jackson_prismas15\" target=\"_blank\" rel=\"noreferrer noopener\">Intersecciones: cr\u00edtica literaria y sociolog\u00eda en la Argentina y el Brasil<\/a><\/p>\n\n\n\n<p>Alejandro Blanco, Luiz Carlos Jackson<\/p>\n\n\n\n<p><a href=\"https:\/\/prismas.unq.edu.ar\/OJS\/index.php\/Prismas\/article\/view\/Vezzetti_prismas15\" target=\"_blank\" rel=\"noreferrer noopener\">Los sesenta y los setenta: La historia, la conciencia hist\u00f3rica y lo impensable<\/a><\/p>\n\n\n\n<p>Hugo Vezzetti<\/p>\n\n\n\n<p><a href=\"https:\/\/prismas.unq.edu.ar\/OJS\/index.php\/Prismas\/article\/view\/DiPasquale_prismas15\" target=\"_blank\" rel=\"noreferrer noopener\">La recepci\u00f3n de la <em>Id\u00e9ologie<\/em> en la Universidad de Buenos Aires: El caso de Juan Manuel Fern\u00e1ndez de Ag\u00fcero (1821-1827)<\/a><\/p>\n\n\n\n<p>Mariano Di Pasquale<\/p>\n\n\n\n<p><a href=\"https:\/\/prismas.unq.edu.ar\/OJS\/index.php\/Prismas\/article\/view\/Fares_prismas15\" target=\"_blank\" rel=\"noreferrer noopener\">Tradici\u00f3n y reacci\u00f3n en el Sesquicentenario: La escuela sevillana mendocina<\/a><\/p>\n\n\n\n<p>Mar\u00eda Celina Fares<\/p>\n\n\n\n<p><a href=\"https:\/\/prismas.unq.edu.ar\/OJS\/index.php\/Prismas\/article\/view\/Mart%C3%ADnez_prismas15\" target=\"_blank\" rel=\"noreferrer noopener\">Nacionalismo, peronismo, comunismo. Los usos del totalitarismo en el discurso del Partido Socialista Argentino (1946-1953)<\/a><\/p>\n\n\n\n<p>Ricardo Mart\u00ednez Mazzola<\/p>\n<\/div><\/details>\n\n\n\n<details class=\"wp-block-themeisle-blocks-accordion-item animated backInDown slow\"><summary class=\"wp-block-themeisle-blocks-accordion-item__title\"><div>ARGUMENTOS<\/div><\/summary><div class=\"wp-block-themeisle-blocks-accordion-item__content\">\n<p><a href=\"https:\/\/prismas.unq.edu.ar\/OJS\/index.php\/Prismas\/article\/view\/Sapiro_prismas15\" target=\"_blank\" rel=\"noreferrer noopener\">Modelos de intervenci\u00f3n pol\u00edtica de los intelectuales. El caso franc\u00e9s<\/a><\/p>\n\n\n\n<p>Gis\u00e8le Sapiro<\/p>\n<\/div><\/details>\n\n\n\n<details class=\"wp-block-themeisle-blocks-accordion-item animated backInDown slow\"><summary class=\"wp-block-themeisle-blocks-accordion-item__title\"><div>DOSSIER: El siglo XIX de Tulio Halperin Donghi<\/div><\/summary><div class=\"wp-block-themeisle-blocks-accordion-item__content\">\n<p><a href=\"https:\/\/prismas.unq.edu.ar\/OJS\/index.php\/Prismas\/article\/view\/Myers_prismas15\" target=\"_blank\" rel=\"noreferrer noopener\">Presentaci\u00f3n<\/a><\/p>\n\n\n\n<p>Jorge Myers<\/p>\n\n\n\n<p><a href=\"https:\/\/prismas.unq.edu.ar\/OJS\/index.php\/Prismas\/article\/view\/Palti_prismas15\" target=\"_blank\" rel=\"noreferrer noopener\">Halperin Donghi y la paradoja de la revoluci\u00f3n<\/a><\/p>\n\n\n\n<p>El\u00edas J. Palti<\/p>\n\n\n\n<p><a href=\"https:\/\/prismas.unq.edu.ar\/OJS\/index.php\/Prismas\/article\/view\/Goldman_prismas15\">\u00abBuenamente, una revoluci\u00f3n\u00bb<\/a><\/p>\n\n\n\n<p>Noem\u00ed Goldman<\/p>\n\n\n\n<p><a href=\"https:\/\/prismas.unq.edu.ar\/OJS\/index.php\/Prismas\/article\/view\/Devoto_prismas15\" target=\"_blank\" rel=\"noreferrer noopener\">En torno de <em>Revoluci\u00f3n y guerra<\/em><\/a><\/p>\n\n\n\n<p>Fernando J. Devoto<\/p>\n\n\n\n<p><a href=\"https:\/\/prismas.unq.edu.ar\/OJS\/index.php\/Prismas\/article\/view\/Rilla_prismas15\" target=\"_blank\" rel=\"noreferrer noopener\">La otra revoluci\u00f3n<\/a><\/p>\n\n\n\n<p>Jos\u00e9 Rilla<\/p>\n\n\n\n<p><a href=\"https:\/\/prismas.unq.edu.ar\/OJS\/index.php\/Prismas\/article\/view\/Ternavasio_prismas15\" target=\"_blank\" rel=\"noreferrer noopener\">Legados<\/a><\/p>\n\n\n\n<p>Marcela Ternavasio<\/p>\n\n\n\n<p><a href=\"https:\/\/prismas.unq.edu.ar\/OJS\/index.php\/Prismas\/article\/view\/Entin_prismas15\" target=\"_blank\" rel=\"noreferrer noopener\">Tulio Halperin Donghi y la revoluci\u00f3n como exploraci\u00f3n<\/a><\/p>\n\n\n\n<p>Gabriel Entin<\/p>\n\n\n\n<p><a href=\"https:\/\/prismas.unq.edu.ar\/OJS\/index.php\/Prismas\/article\/view\/DiMeglio_prismas15\" target=\"_blank\" rel=\"noreferrer noopener\">Bases y puntos de partida para comprender el siglo XIX argentino<\/a><\/p>\n\n\n\n<p>Gabriel Di Meglio<\/p>\n\n\n\n<p><a href=\"https:\/\/prismas.unq.edu.ar\/OJS\/index.php\/Prismas\/article\/view\/Bragoni_prismas15\" target=\"_blank\" rel=\"noreferrer noopener\">Contrastes de una experiencia pol\u00edtica com\u00fan: vigencia de un relato sobre el pasado nacional<\/a><\/p>\n\n\n\n<p>Beatriz Bragoni<\/p>\n\n\n\n<p><a href=\"https:\/\/prismas.unq.edu.ar\/OJS\/index.php\/Prismas\/article\/view\/Sabato_prismas15\" target=\"_blank\" rel=\"noreferrer noopener\">La ilusi\u00f3n de transparencia<\/a><\/p>\n\n\n\n<p>Hilda Sabato<\/p>\n\n\n\n<p><a href=\"https:\/\/prismas.unq.edu.ar\/OJS\/index.php\/Prismas\/article\/view\/Crespo_prismas15\" target=\"_blank\" rel=\"noreferrer noopener\">El valor de los textos, una incitaci\u00f3n lograda<\/a><\/p>\n\n\n\n<p>Horacio Crespo<\/p>\n\n\n\n<p><a href=\"https:\/\/prismas.unq.edu.ar\/OJS\/index.php\/Prismas\/article\/view\/Bergel_prismas15\" target=\"_blank\" rel=\"noreferrer noopener\">Los intelectuales, las ideas y la realidad<\/a><\/p>\n\n\n\n<p>Mart\u00edn Bergel<\/p>\n\n\n\n<p><a href=\"https:\/\/prismas.unq.edu.ar\/OJS\/index.php\/Prismas\/article\/view\/Laera_%C2%B4prismas15\" target=\"_blank\" rel=\"noreferrer noopener\">Revelaciones esquivas: Halperin Donghi escribe sobre Jos\u00e9 Hern\u00e1ndez<\/a><\/p>\n\n\n\n<p>Alejandra Laera<\/p>\n\n\n\n<p><a href=\"https:\/\/prismas.unq.edu.ar\/OJS\/index.php\/Prismas\/article\/view\/Eujanian_prismas15\" target=\"_blank\" rel=\"noreferrer noopener\">La renovadora lectura de un cl\u00e1sico<\/a><\/p>\n\n\n\n<p>Alejandro Eujanian<\/p>\n\n\n\n<p><a href=\"https:\/\/prismas.unq.edu.ar\/OJS\/index.php\/Prismas\/article\/view\/Hora_prismas15\">El momento Jos\u00e9 Hern\u00e1ndez<\/a><\/p>\n\n\n\n<p>Roy Hora<\/p>\n\n\n\n<p><a href=\"https:\/\/prismas.unq.edu.ar\/OJS\/index.php\/Prismas\/article\/view\/Pimenta_prismas15\" target=\"_blank\" rel=\"noreferrer noopener\">Una Am\u00e9rica Latina por sus espacios y tiempos<\/a><\/p>\n\n\n\n<p>Jo\u00e3o Paulo Pimenta<\/p>\n\n\n\n<p><a href=\"https:\/\/prismas.unq.edu.ar\/OJS\/index.php\/Prismas\/article\/view\/Jaksic_prismas15\" target=\"_blank\" rel=\"noreferrer noopener\">El peso de otras noches<\/a><\/p>\n\n\n\n<p>Iv\u00e1n Jaksic<\/p>\n\n\n\n<p><a href=\"https:\/\/prismas.unq.edu.ar\/OJS\/index.php\/Prismas\/article\/view\/Tenorio_prismas15\" target=\"_blank\" rel=\"noreferrer noopener\">Un recuerdo<\/a><\/p>\n\n\n\n<p>Mauricio Tenorio<\/p>\n<\/div><\/details>\n\n\n\n<details class=\"wp-block-themeisle-blocks-accordion-item animated backInDown slower delay-100ms\"><summary class=\"wp-block-themeisle-blocks-accordion-item__title\"><div>RESE\u00d1AS<\/div><\/summary><div class=\"wp-block-themeisle-blocks-accordion-item__content\">\n<p><a href=\"https:\/\/prismas.unq.edu.ar\/OJS\/index.php\/Prismas\/article\/view\/Ribadero_prismas15\" target=\"_blank\" rel=\"noreferrer noopener\">Marc Angenot, El discurso social. Los l\u00edmites hist\u00f3ricos de lo pensable y lo decible<\/a><\/p>\n\n\n\n<p>Mart\u00edn Ribadero<\/p>\n\n\n\n<p><a href=\"https:\/\/prismas.unq.edu.ar\/OJS\/index.php\/Prismas\/article\/view\/Dujovne_prismas15\" target=\"_blank\" rel=\"noreferrer noopener\">Gis\u00e8le Sapiro (dir.),&nbsp;L&#8217;espace intellectuel en Europe. De la formation des \u00c9tats-nations \u00e0 la mondialisation, XIX<sup>e<\/sup>-XXI<sup>e<\/sup>&nbsp;si\u00e8cle<\/a><\/p>\n\n\n\n<p>Alejandro Dujovne<\/p>\n\n\n\n<p><a href=\"https:\/\/prismas.unq.edu.ar\/OJS\/index.php\/Prismas\/article\/view\/Liut_prismas15\" target=\"_blank\" rel=\"noreferrer noopener\">Esteban Buch,&nbsp;El caso Sch\u00f6nberg: nacimiento de la vanguardia musical<\/a><\/p>\n\n\n\n<p>Mart\u00edn Liut<\/p>\n\n\n\n<p><a href=\"https:\/\/prismas.unq.edu.ar\/OJS\/index.php\/Prismas\/article\/view\/S%C3%A1nchez_prismas15\" target=\"_blank\" rel=\"noreferrer noopener\">Philipp Blom,&nbsp;A\u00f1os de v\u00e9rtigo. Cultura y cambio en Occidente<\/a><\/p>\n\n\n\n<p>Emiliano Gast\u00f3n S\u00e1nchez<\/p>\n\n\n\n<p><a href=\"https:\/\/prismas.unq.edu.ar\/OJS\/index.php\/Prismas\/article\/view\/Fern%C3%A1ndez%20_prismas15\" target=\"_blank\" rel=\"noreferrer noopener\">\u00c9ric Michaud, La est\u00e9tica nazi. Un arte de la eternidad. La imagen y el tiempo en el nacional-socialismo<\/a><\/p>\n\n\n\n<p>Jos\u00e9 Fern\u00e1ndez Vega<\/p>\n\n\n\n<p><a href=\"https:\/\/prismas.unq.edu.ar\/OJS\/index.php\/Prismas\/article\/view\/Mellado_prismas15\" target=\"_blank\" rel=\"noreferrer noopener\">Marcel Gauchet, L&#8217;av\u00e8nement de la d\u00e9mocratie III. A l&#8217;\u00e9preuve des totalitarismes, 1914-1974<\/a><\/p>\n\n\n\n<p>Mar\u00eda Virginia Mellado<\/p>\n\n\n\n<p><a href=\"https:\/\/prismas.unq.edu.ar\/OJS\/index.php\/Prismas\/article\/view\/Monteiro_prismas15\" target=\"_blank\" rel=\"noreferrer noopener\">Carlos Altamirano (dir.), Historia de los intelectuales en Am\u00e9rica Latina. II. Los avatares de la \u00abciudad letrada\u00bb en el siglo XX<\/a><\/p>\n\n\n\n<p>Pedro Meira Monteiro<\/p>\n\n\n\n<p><a href=\"https:\/\/prismas.unq.edu.ar\/OJS\/index.php\/Prismas\/article\/view\/Gonz%C3%A1lez_prismas15\" target=\"_blank\" rel=\"noreferrer noopener\">Alejandra Mailhe (comp.), Pensar al otro\/pensar la naci\u00f3n. Intelectuales y cultura popular en Argentina y Am\u00e9rica Latina<\/a><\/p>\n\n\n\n<p>Alexandra Pita Gonz\u00e1lez<\/p>\n\n\n\n<p><a href=\"https:\/\/prismas.unq.edu.ar\/OJS\/index.php\/Prismas\/article\/view\/Ortemberg_prismas15\" target=\"_blank\" rel=\"noreferrer noopener\">V\u00edctor Peralta Ruiz, La independencia y la cultura pol\u00edtica peruana (1808-1821)<\/a><\/p>\n\n\n\n<p>Pablo Ortemberg<\/p>\n\n\n\n<p><a href=\"https:\/\/prismas.unq.edu.ar\/OJS\/index.php\/Prismas\/article\/view\/Goldwaser_prismas15\" target=\"_blank\" rel=\"noreferrer noopener\">Mar\u00eda In\u00e9s de Torres, \u00bfLa naci\u00f3n tiene cara de mujer? Mujeres y naci\u00f3n en el imaginario letrado del siglo XIX; y La guerra de las palabras: escritura y pol\u00edtica en el R\u00edo de la Plata<\/a><\/p>\n\n\n\n<p>Nathalie Goldwaser<\/p>\n\n\n\n<p><a href=\"https:\/\/prismas.unq.edu.ar\/OJS\/index.php\/Prismas\/article\/view\/Franzini_prismas15\" target=\"_blank\" rel=\"noreferrer noopener\">Gustavo Sor\u00e1, Brasilianas. Jos\u00e9 Olympio e a g\u00eanese do mercado editorial brasileiro<\/a><\/p>\n\n\n\n<p>F\u00e1bio Franzini<\/p>\n\n\n\n<p><a href=\"https:\/\/prismas.unq.edu.ar\/OJS\/index.php\/Prismas\/article\/view\/Aguilar_prismas15\" target=\"_blank\" rel=\"noreferrer noopener\">Alejandro Crispiani, Objetos para transformar el mundo. Trayectorias del arte concreto-invenci\u00f3n, Argentina y Chile, 1940-1970<\/a><\/p>\n\n\n\n<p>Gonzalo Aguilar<\/p>\n\n\n\n<p><a href=\"https:\/\/prismas.unq.edu.ar\/OJS\/index.php\/Prismas\/article\/view\/479\" target=\"_blank\" rel=\"noreferrer noopener\">Graciela Silvestri, El lugar com\u00fan. Una historia de las figuras de paisaje en el R\u00edo de la Plata Buenos Aires<\/a><\/p>\n\n\n\n<p>Claudia Torre<\/p>\n\n\n\n<p><a href=\"https:\/\/prismas.unq.edu.ar\/OJS\/index.php\/Prismas\/article\/view\/Buschini_prismas15\" target=\"_blank\" rel=\"noreferrer noopener\">Marina Rieznik, Los cielos del sur. Los observatorios astron\u00f3micos de C\u00f3rdoba y de La Plata, 1870-1920<\/a><\/p>\n\n\n\n<p>Jos\u00e9 D. Buschini<\/p>\n\n\n\n<p><a href=\"https:\/\/prismas.unq.edu.ar\/OJS\/index.php\/Prismas\/article\/view\/ElJaber_prismas15\" target=\"_blank\" rel=\"noreferrer noopener\">Alejandra Laera (dir.), El brote de los g\u00e9neros, vol. 3 de la Historia cr\u00edtica de la literatura argentina, dirigida por No\u00e9 Jitrik<\/a><\/p>\n\n\n\n<p>Loreley El Jaber<\/p>\n\n\n\n<p><a href=\"https:\/\/prismas.unq.edu.ar\/OJS\/index.php\/Prismas\/article\/view\/Ag%C3%BCero_prismas15\" target=\"_blank\" rel=\"noreferrer noopener\">Fabiola Orquera (ed. y coord.), Ese ardiente Jard\u00edn de la Rep\u00fablica. Formaci\u00f3n y desarticulaci\u00f3n de un \u00abcampo\u00bb cultural: Tucum\u00e1n, 1880-1975<\/a><\/p>\n\n\n\n<p>Ana Clarisa Ag\u00fcero<\/p>\n\n\n\n<p><a href=\"https:\/\/prismas.unq.edu.ar\/OJS\/index.php\/Prismas\/article\/view\/Souza_prismas15\" target=\"_blank\" rel=\"noreferrer noopener\">Susana V. Garc\u00eda,&nbsp;Ense\u00f1anza cient\u00edfica y cultura acad\u00e9mica. La Universidad de La Plata y las ciencias naturales (1900-1930)<\/a><\/p>\n\n\n\n<p>Pablo Andr\u00e9s Souza<\/p>\n\n\n\n<p><a href=\"https:\/\/prismas.unq.edu.ar\/OJS\/index.php\/Prismas\/article\/view\/Grisendi_prismas15\" target=\"_blank\" rel=\"noreferrer noopener\">Olga Echeverr\u00eda,&nbsp;Las voces del miedo: los intelectuales autoritarios argentinos en las primeras d\u00e9cadas del siglo XX<\/a><\/p>\n\n\n\n<p>Ezequiel Grisendi<\/p>\n\n\n\n<p><a href=\"https:\/\/prismas.unq.edu.ar\/OJS\/index.php\/Prismas\/article\/view\/Ansolabehere_prismas15\" target=\"_blank\" rel=\"noreferrer noopener\">Patricio Fontana, Arlt va al cine; y Gonzalo Aguilar y Emiliano Jelici\u00e9,&nbsp;Borges va al cine<\/a><\/p>\n\n\n\n<p>Pablo Ansolabehere<\/p>\n\n\n\n<p><a href=\"https:\/\/prismas.unq.edu.ar\/OJS\/index.php\/Prismas\/article\/view\/Prado_prismas15\" target=\"_blank\" rel=\"noreferrer noopener\">Omar Acha, Historia cr\u00edtica de la historiograf\u00eda argentina, vol. 1: Las izquierdas en el siglo XX<\/a><\/p>\n\n\n\n<p>Laura Prado Acosta<\/p>\n\n\n\n<p><a href=\"https:\/\/prismas.unq.edu.ar\/OJS\/index.php\/Prismas\/article\/view\/Plotkin_prismas15\" target=\"_blank\" rel=\"noreferrer noopener\">Sabina Frederic, Osvaldo Graciano y Germ\u00e1n Soprano (coords.),&nbsp;El Estado argentino y las profesiones liberales, acad\u00e9micas y armadas<\/a><\/p>\n\n\n\n<p>Mariano Plotkin<\/p>\n\n\n\n<p><a href=\"https:\/\/prismas.unq.edu.ar\/OJS\/index.php\/Prismas\/article\/view\/Sauro_prismas15\" target=\"_blank\" rel=\"noreferrer noopener\">Diego Hurtado de Mendoza, La ciencia argentina. Un proyecto inconcluso: 1930-2000<\/a><\/p>\n\n\n\n<p>Sandra Sauro<\/p>\n\n\n\n<div id=\"wp-block-themeisle-blocks-accordion-9db99f43\" class=\"wp-block-themeisle-blocks-accordion exclusive\">\n<details class=\"wp-block-themeisle-blocks-accordion-item\"><summary class=\"wp-block-themeisle-blocks-accordion-item__title\"><div>T\u00edtulo de acorde\u00f3n 1<\/div><\/summary><div class=\"wp-block-themeisle-blocks-accordion-item__content\">\n<p>Se trata de un marcador de posici\u00f3n del contenido de la pesta\u00f1a. Es importante tener la informaci\u00f3n necesaria en el bloque, pero en esta fase, es s\u00f3lo un marcador de posici\u00f3n para ayudarte a visualizar c\u00f3mo se muestra el contenido. Si\u00e9ntete libre de editarlo con tu contenido real.<\/p>\n<\/div><\/details>\n\n\n\n<details class=\"wp-block-themeisle-blocks-accordion-item\"><summary class=\"wp-block-themeisle-blocks-accordion-item__title\"><div>T\u00edtulo 2 del acorde\u00f3n<\/div><\/summary><div class=\"wp-block-themeisle-blocks-accordion-item__content\">\n<p>Se trata de un marcador de posici\u00f3n del contenido de la pesta\u00f1a. Es importante tener la informaci\u00f3n necesaria en el bloque, pero en esta fase, es s\u00f3lo un marcador de posici\u00f3n para ayudarte a visualizar c\u00f3mo se muestra el contenido. Si\u00e9ntete libre de editarlo con tu contenido real.<\/p>\n<\/div><\/details>\n<\/div>\n<\/div><\/details>\n\n\n\n<details class=\"wp-block-themeisle-blocks-accordion-item animated backInDown slower delay-100ms\"><summary class=\"wp-block-themeisle-blocks-accordion-item__title\"><div>FICHAS<\/div><\/summary><div class=\"wp-block-themeisle-blocks-accordion-item__content\">\n<p><a href=\"https:\/\/prismas.unq.edu.ar\/OJS\/index.php\/Prismas\/article\/view\/Fichas_prismas15\" target=\"_blank\" rel=\"noreferrer noopener\"><strong>Libros fichados:<\/strong> Quentin Skinner, <em>Hobbes y la libertad republicana <\/em>\/ Carl E. Schorske, <em>La Viena de fin de siglo <\/em>\/ Eric Hobsbawm, <em>C\u00f3mo cambiar el mundo <\/em>\/ Michel Winock, <em>El siglo de los intelectuales \/ <\/em>Ferm\u00edn Rodr\u00edguez, <em>Un desierto para la naci\u00f3n \/ <\/em>Paula Alonso, <em>Jardines secretos, legitimaciones p\u00fablicas \/ <\/em>Ana Clarisa Ag\u00fcero y Diego Garc\u00eda (eds.), <em>Culturas interiores \/ <\/em>Pablo Vallejo, <em>Bernardo Canal Feij\u00f3o en la historia del psicoan\u00e1lisis en Argentina \/ <\/em>Flavia Fiorucci, <em>Intelectuales y peronismo <\/em>\/ Vera Carnovale, <em>Los combatientes <\/em>\/ Humberto Cucchetti, <em>Combatientes de Per\u00f3n, herederos de Cristo<\/em><\/a><\/p>\n\n\n\n<p><br>Autores: Mart\u00edn Bergel, Ricardo Mart\u00ednez Mazzola, Ana Clarisa Ag\u00fcero, Silvina Cormick, Laura Ehrlich<\/p>\n\n\n\n<div id=\"wp-block-themeisle-blocks-accordion-7b6d24ea\" class=\"wp-block-themeisle-blocks-accordion exclusive\">\n<details class=\"wp-block-themeisle-blocks-accordion-item\"><summary class=\"wp-block-themeisle-blocks-accordion-item__title\"><div>T\u00edtulo de acorde\u00f3n 1<\/div><\/summary><div class=\"wp-block-themeisle-blocks-accordion-item__content\">\n<p>Se trata de un marcador de posici\u00f3n del contenido de la pesta\u00f1a. Es importante tener la informaci\u00f3n necesaria en el bloque, pero en esta fase, es s\u00f3lo un marcador de posici\u00f3n para ayudarte a visualizar c\u00f3mo se muestra el contenido. Si\u00e9ntete libre de editarlo con tu contenido real.<\/p>\n<\/div><\/details>\n\n\n\n<details class=\"wp-block-themeisle-blocks-accordion-item\"><summary class=\"wp-block-themeisle-blocks-accordion-item__title\"><div>T\u00edtulo 2 del acorde\u00f3n<\/div><\/summary><div class=\"wp-block-themeisle-blocks-accordion-item__content\">\n<p>Se trata de un marcador de posici\u00f3n del contenido de la pesta\u00f1a. Es importante tener la informaci\u00f3n necesaria en el bloque, pero en esta fase, es s\u00f3lo un marcador de posici\u00f3n para ayudarte a visualizar c\u00f3mo se muestra el contenido. Si\u00e9ntete libre de editarlo con tu contenido real.<\/p>\n<\/div><\/details>\n<\/div>\n<\/div><\/details>\n\n\n\n<details class=\"wp-block-themeisle-blocks-accordion-item animated backInDown delay-100ms slower\"><summary class=\"wp-block-themeisle-blocks-accordion-item__title\"><div>OBITUARIOS<\/div><\/summary><div class=\"wp-block-themeisle-blocks-accordion-item__content\">\n<p><a href=\"https:\/\/prismas.unq.edu.ar\/OJS\/index.php\/Prismas\/article\/view\/Torre_prismas15\" target=\"_blank\" rel=\"noreferrer noopener\">David Vi\u00f1as (1927-2011)<\/a><\/p>\n\n\n\n<p>Claudia Torre&nbsp;&nbsp;<\/p>\n<\/div><\/details>\n<\/div>\n<\/div>\n<\/div><\/div>\n","protected":false},"excerpt":{"rendered":"","protected":false},"author":3,"featured_media":145,"comment_status":"closed","ping_status":"closed","sticky":false,"template":"","format":"standard","meta":{"_themeisle_gutenberg_block_has_review":false,"footnotes":""},"categories":[5],"tags":[10,6,8],"class_list":["post-435","post","type-post","status-publish","format-standard","has-post-thumbnail","hentry","category-indice-general","tag-25-anos","tag-historia-intelectual","tag-prismas"],"_links":{"self":[{"href":"https:\/\/historiaintelectual.com.ar\/indiceprismas\/wp-json\/wp\/v2\/posts\/435","targetHints":{"allow":["GET"]}}],"collection":[{"href":"https:\/\/historiaintelectual.com.ar\/indiceprismas\/wp-json\/wp\/v2\/posts"}],"about":[{"href":"https:\/\/historiaintelectual.com.ar\/indiceprismas\/wp-json\/wp\/v2\/types\/post"}],"author":[{"embeddable":true,"href":"https:\/\/historiaintelectual.com.ar\/indiceprismas\/wp-json\/wp\/v2\/users\/3"}],"replies":[{"embeddable":true,"href":"https:\/\/historiaintelectual.com.ar\/indiceprismas\/wp-json\/wp\/v2\/comments?post=435"}],"version-history":[{"count":2,"href":"https:\/\/historiaintelectual.com.ar\/indiceprismas\/wp-json\/wp\/v2\/posts\/435\/revisions"}],"predecessor-version":[{"id":2951,"href":"https:\/\/historiaintelectual.com.ar\/indiceprismas\/wp-json\/wp\/v2\/posts\/435\/revisions\/2951"}],"wp:featuredmedia":[{"embeddable":true,"href":"https:\/\/historiaintelectual.com.ar\/indiceprismas\/wp-json\/wp\/v2\/media\/145"}],"wp:attachment":[{"href":"https:\/\/historiaintelectual.com.ar\/indiceprismas\/wp-json\/wp\/v2\/media?parent=435"}],"wp:term":[{"taxonomy":"category","embeddable":true,"href":"https:\/\/historiaintelectual.com.ar\/indiceprismas\/wp-json\/wp\/v2\/categories?post=435"},{"taxonomy":"post_tag","embeddable":true,"href":"https:\/\/historiaintelectual.com.ar\/indiceprismas\/wp-json\/wp\/v2\/tags?post=435"}],"curies":[{"name":"wp","href":"https:\/\/api.w.org\/{rel}","templated":true}]}}