{"id":398,"date":"2023-02-27T18:56:23","date_gmt":"2023-02-27T18:56:23","guid":{"rendered":"https:\/\/historiaintelectual.com.ar\/indiceprismas\/?p=398"},"modified":"2025-05-26T17:46:17","modified_gmt":"2025-05-26T17:46:17","slug":"vol-14-2010","status":"publish","type":"post","link":"https:\/\/historiaintelectual.com.ar\/indiceprismas\/vol-14-2010\/","title":{"rendered":"VOL. 14 (2010)"},"content":{"rendered":"\n<div id=\"wp-block-themeisle-blocks-advanced-columns-6a350af5\" class=\"wp-block-themeisle-blocks-advanced-columns has-2-columns has-desktop-oneTwo-layout has-tablet-equal-layout has-mobile-collapsedRows-layout has-vertical-unset\"><div class=\"wp-block-themeisle-blocks-advanced-columns-overlay\"><\/div><div class=\"innerblocks-wrap\">\n<div id=\"wp-block-themeisle-blocks-advanced-column-726330eb\" class=\"wp-block-themeisle-blocks-advanced-column\">\n<figure class=\"wp-block-image size-full is-resized o-sticky o-sticky-pos-top o-sticky-bhvr-keep o-sticky-scope-parent\"><img loading=\"lazy\" decoding=\"async\" width=\"377\" height=\"550\" src=\"http:\/\/historiaintelectual.com.ar\/indiceprismas\/wp-content\/uploads\/2023\/02\/14.jpg\" alt=\"\" class=\"wp-image-146\" style=\"width:319px;height:466px\" srcset=\"https:\/\/historiaintelectual.com.ar\/indiceprismas\/wp-content\/uploads\/2023\/02\/14.jpg 377w, https:\/\/historiaintelectual.com.ar\/indiceprismas\/wp-content\/uploads\/2023\/02\/14-206x300.jpg 206w, https:\/\/historiaintelectual.com.ar\/indiceprismas\/wp-content\/uploads\/2023\/02\/14-103x150.jpg 103w, https:\/\/historiaintelectual.com.ar\/indiceprismas\/wp-content\/uploads\/2023\/02\/14-360x525.jpg 360w\" sizes=\"auto, (max-width: 377px) 100vw, 377px\" \/><\/figure>\n<\/div>\n\n\n\n<div id=\"wp-block-themeisle-blocks-advanced-column-af3f0557\" class=\"wp-block-themeisle-blocks-advanced-column\">\n<div id=\"wp-block-themeisle-blocks-accordion-99585927\" class=\"wp-block-themeisle-blocks-accordion exclusive\">\n<details class=\"wp-block-themeisle-blocks-accordion-item animated backInDown\"><summary class=\"wp-block-themeisle-blocks-accordion-item__title\"><div>ART\u00cdCULOS<\/div><\/summary><div class=\"wp-block-themeisle-blocks-accordion-item__content\">\n<p><a href=\"https:\/\/prismas.unq.edu.ar\/OJS\/index.php\/Prismas\/article\/view\/Lomnitz_prismas14\" target=\"_blank\" rel=\"noreferrer noopener\">Los or\u00edgenes de nuestra supuesta homogeneidad. Breve arqueolog\u00eda de la unidad nacional en M\u00e9xico<\/a><\/p>\n\n\n\n<p>Claudio Lomnitz<\/p>\n\n\n\n<p><a href=\"https:\/\/prismas.unq.edu.ar\/OJS\/index.php\/Prismas\/article\/view\/Mailhe_prismas14\" target=\"_blank\" rel=\"noreferrer noopener\">Im\u00e1genes del otro social en el Brasil de fines del siglo XIX. Canudos como espejo en ruinas<\/a><\/p>\n\n\n\n<p>Alejandra Mailhe<\/p>\n\n\n\n<p><a href=\"https:\/\/prismas.unq.edu.ar\/OJS\/index.php\/Prismas\/article\/view\/Oliva_prismas14\" target=\"_blank\" rel=\"noreferrer noopener\">Tres itinerarios en la creaci\u00f3n literaria antiimperialista de M\u00e1ximo Soto Hall (1899-1928)<\/a><\/p>\n\n\n\n<p>Mario Oliva Medina<\/p>\n\n\n\n<p><a href=\"https:\/\/prismas.unq.edu.ar\/OJS\/index.php\/Prismas\/article\/view\/Farberman_prismas14\" target=\"_blank\" rel=\"noreferrer noopener\">Tres miradas sobre paisaje, identidad regional y cultura folcl\u00f3rica en Santiago del Estero<\/a><\/p>\n\n\n\n<p>Judith Farberman<\/p>\n\n\n\n<p><a href=\"https:\/\/prismas.unq.edu.ar\/OJS\/index.php\/Prismas\/article\/view\/Zanca_prismas14\">La fe de Prom<\/a><a href=\"https:\/\/prismas.unq.edu.ar\/OJS\/index.php\/Prismas\/article\/view\/Zanca_prismas14\" target=\"_blank\" rel=\"noreferrer noopener\">e<\/a><a href=\"https:\/\/prismas.unq.edu.ar\/OJS\/index.php\/Prismas\/article\/view\/Zanca_prismas14\">teo. Cr\u00edtica y secularizaci\u00f3n en el catolicismo argentino de los a\u00f1os cincuenta<\/a><\/p>\n\n\n\n<p>Jos\u00e9 A. Zanca<\/p>\n<\/div><\/details>\n\n\n\n<details class=\"wp-block-themeisle-blocks-accordion-item animated backInDown slow\"><summary class=\"wp-block-themeisle-blocks-accordion-item__title\"><div>ARGUMENTOS<\/div><\/summary><div class=\"wp-block-themeisle-blocks-accordion-item__content\">\n<p><a href=\"https:\/\/prismas.unq.edu.ar\/OJS\/index.php\/Prismas\/article\/view\/Brunner_prismas14\" target=\"_blank\" rel=\"noreferrer noopener\">La \u201ccasa grande\u201d y la \u201cOeconomica\u201d de la vieja Europa<\/a><\/p>\n\n\n\n<p>Otto Brunner<\/p>\n\n\n\n<p><a href=\"https:\/\/prismas.unq.edu.ar\/OJS\/index.php\/Prismas\/article\/view\/Koselleck_prismas14\" target=\"_blank\" rel=\"noreferrer noopener\">Sobre la necesidad te\u00f3rica de la ciencia hist\u00f3rica<\/a><\/p>\n\n\n\n<p>Reinhart Koselleck<\/p>\n<\/div><\/details>\n\n\n\n<details class=\"wp-block-themeisle-blocks-accordion-item animated backInDown slow\"><summary class=\"wp-block-themeisle-blocks-accordion-item__title\"><div>DOSSIER: <em>Literatura argentina y realidad pol\u00edtica<\/em>, un cl\u00e1sico<\/div><\/summary><div class=\"wp-block-themeisle-blocks-accordion-item__content\">\n<p><a href=\"https:\/\/prismas.unq.edu.ar\/OJS\/index.php\/Prismas\/article\/view\/Gorelik_prismas14\" target=\"_blank\" rel=\"noreferrer noopener\">Introducci\u00f3n<\/a><\/p>\n\n\n\n<p>Adri\u00e1n Gorelik<\/p>\n\n\n\n<p><a href=\"https:\/\/prismas.unq.edu.ar\/OJS\/index.php\/Prismas\/article\/view\/Lopez2_prismas14\" target=\"_blank\" rel=\"noreferrer noopener\">Anarquismo del estilo<\/a><\/p>\n\n\n\n<p>Mar\u00eda P\u00eda L\u00f3pez<\/p>\n\n\n\n<p><a href=\"https:\/\/prismas.unq.edu.ar\/OJS\/index.php\/Prismas\/article\/view\/Aguilar_prismas14\" target=\"_blank\" rel=\"noreferrer noopener\">David Vi\u00f1as: la cr\u00edtica literaria y el cierre del pasado hist\u00f3rico<\/a><\/p>\n\n\n\n<p>Gonzalo Aguilar<\/p>\n\n\n\n<p><a href=\"https:\/\/prismas.unq.edu.ar\/OJS\/index.php\/Prismas\/article\/view\/Laera_prismas14\" target=\"_blank\" rel=\"noreferrer noopener\">Para una historia de la literatura argentina. Or\u00edgenes, repeticiones, revanchas<\/a><\/p>\n\n\n\n<p>Alejandro Laera<\/p>\n\n\n\n<p><a href=\"https:\/\/prismas.unq.edu.ar\/OJS\/index.php\/Prismas\/article\/view\/Gorelik2_prismas14\" target=\"_blank\" rel=\"noreferrer noopener\">El 80, nuestro 48<\/a><\/p>\n\n\n\n<p>Adri\u00e1n Gorelik<\/p>\n\n\n\n<p><a href=\"https:\/\/prismas.unq.edu.ar\/OJS\/index.php\/Prismas\/article\/view\/Vezzetti_prismas14\" target=\"_blank\" rel=\"noreferrer noopener\">David Vi\u00f1as: relecturas<\/a><\/p>\n\n\n\n<p>Hugo Vezzetti<\/p>\n\n\n\n<p><a href=\"https:\/\/prismas.unq.edu.ar\/OJS\/index.php\/Prismas\/article\/view\/Torre_prismas14\" target=\"_blank\" rel=\"noreferrer noopener\">M\u00e1s all\u00e1 de la letra. <em>Literatura argentina y realidad pol\u00edtica<\/em> en la d\u00e9cada de 1980<\/a><\/p>\n\n\n\n<p>Claudia Torre<\/p>\n\n\n\n<p><a href=\"https:\/\/prismas.unq.edu.ar\/OJS\/index.php\/Prismas\/article\/view\/Bruno2_prismas\" target=\"_blank\" rel=\"noreferrer noopener\">Segundones c\u00f3mplices. Acerca de la lectura de David Vi\u00f1as sobre los gentlemen escritores del Ochenta<\/a><\/p>\n\n\n\n<p>Paula Bruno<\/p>\n\n\n\n<p><a href=\"https:\/\/prismas.unq.edu.ar\/OJS\/index.php\/Prismas\/article\/view\/Losada_prismas14\">Causeurs y oligarcas. La \u00e9lite argentina del Ochenta al Centenario en <em>Literatura argentina y realidad pol\u00edtica<\/em><\/a><\/p>\n\n\n\n<p>Leandro Losada<\/p>\n<\/div><\/details>\n\n\n\n<details class=\"wp-block-themeisle-blocks-accordion-item animated backInDown slower\"><summary class=\"wp-block-themeisle-blocks-accordion-item__title\"><div>LECTURAS<\/div><\/summary><div class=\"wp-block-themeisle-blocks-accordion-item__content\">\n<p><a href=\"https:\/\/prismas.unq.edu.ar\/OJS\/index.php\/Prismas\/article\/view\/Gracia_prismas14\" target=\"_blank\" rel=\"noreferrer noopener\">La Escuela de Frankfurt revisitada<\/a><\/p>\n\n\n\n<p>Luis Ignacio Garc\u00eda<\/p>\n\n\n\n<div id=\"wp-block-themeisle-blocks-accordion-ffb0ace6\" class=\"wp-block-themeisle-blocks-accordion exclusive\">\n<details class=\"wp-block-themeisle-blocks-accordion-item\"><summary class=\"wp-block-themeisle-blocks-accordion-item__title\"><div>T\u00edtulo de acorde\u00f3n 1<\/div><\/summary><div class=\"wp-block-themeisle-blocks-accordion-item__content\">\n<p>Se trata de un marcador de posici\u00f3n del contenido de la pesta\u00f1a. Es importante tener la informaci\u00f3n necesaria en el bloque, pero en esta fase, es s\u00f3lo un marcador de posici\u00f3n para ayudarte a visualizar c\u00f3mo se muestra el contenido. Si\u00e9ntete libre de editarlo con tu contenido real.<\/p>\n<\/div><\/details>\n\n\n\n<details class=\"wp-block-themeisle-blocks-accordion-item\"><summary class=\"wp-block-themeisle-blocks-accordion-item__title\"><div>T\u00edtulo 2 del acorde\u00f3n<\/div><\/summary><div class=\"wp-block-themeisle-blocks-accordion-item__content\">\n<p>Se trata de un marcador de posici\u00f3n del contenido de la pesta\u00f1a. Es importante tener la informaci\u00f3n necesaria en el bloque, pero en esta fase, es s\u00f3lo un marcador de posici\u00f3n para ayudarte a visualizar c\u00f3mo se muestra el contenido. Si\u00e9ntete libre de editarlo con tu contenido real.<\/p>\n<\/div><\/details>\n<\/div>\n\n\n\n<div id=\"wp-block-themeisle-blocks-accordion-9651f8d2\" class=\"wp-block-themeisle-blocks-accordion exclusive\">\n<details class=\"wp-block-themeisle-blocks-accordion-item\"><summary class=\"wp-block-themeisle-blocks-accordion-item__title\"><div>T\u00edtulo de acorde\u00f3n 1<\/div><\/summary><div class=\"wp-block-themeisle-blocks-accordion-item__content\">\n<p>Se trata de un marcador de posici\u00f3n del contenido de la pesta\u00f1a. Es importante tener la informaci\u00f3n necesaria en el bloque, pero en esta fase, es s\u00f3lo un marcador de posici\u00f3n para ayudarte a visualizar c\u00f3mo se muestra el contenido. Si\u00e9ntete libre de editarlo con tu contenido real.<\/p>\n<\/div><\/details>\n\n\n\n<details class=\"wp-block-themeisle-blocks-accordion-item\"><summary class=\"wp-block-themeisle-blocks-accordion-item__title\"><div>T\u00edtulo 2 del acorde\u00f3n<\/div><\/summary><div class=\"wp-block-themeisle-blocks-accordion-item__content\">\n<p>Se trata de un marcador de posici\u00f3n del contenido de la pesta\u00f1a. Es importante tener la informaci\u00f3n necesaria en el bloque, pero en esta fase, es s\u00f3lo un marcador de posici\u00f3n para ayudarte a visualizar c\u00f3mo se muestra el contenido. Si\u00e9ntete libre de editarlo con tu contenido real.<\/p>\n<\/div><\/details>\n<\/div>\n<\/div><\/details>\n\n\n\n<details class=\"wp-block-themeisle-blocks-accordion-item animated backInDown slower delay-100ms\"><summary class=\"wp-block-themeisle-blocks-accordion-item__title\"><div>RESE\u00d1AS<\/div><\/summary><div class=\"wp-block-themeisle-blocks-accordion-item__content\">\n<p><a href=\"https:\/\/prismas.unq.edu.ar\/OJS\/index.php\/Prismas\/article\/view\/Palti_prismas14\">Ver\u00f3n<\/a><a href=\"https:\/\/prismas.unq.edu.ar\/OJS\/index.php\/Prismas\/article\/view\/Palti_prismas14\" target=\"_blank\" rel=\"noreferrer noopener\">i<\/a><a href=\"https:\/\/prismas.unq.edu.ar\/OJS\/index.php\/Prismas\/article\/view\/Palti_prismas14\">ca Tozzi, La historia seg\u00fan la nueva filosof\u00eda de la historia<\/a><\/p>\n\n\n\n<p>El\u00edas Palti<\/p>\n\n\n\n<p><a href=\"https:\/\/prismas.unq.edu.ar\/OJS\/index.php\/Prismas\/article\/view\/Mac%C3%B3n_prismas14\" target=\"_blank\" rel=\"noreferrer noopener\">Mar\u00eda In\u00e9s Mudrovcic (ed.), Pasados en conflicto. Representaci\u00f3n, mito y memoria<\/a><\/p>\n\n\n\n<p>Cecilia Mac\u00f3n<\/p>\n\n\n\n<p><a href=\"https:\/\/prismas.unq.edu.ar\/OJS\/index.php\/Prismas\/article\/view\/Verardi_prismas14\" target=\"_blank\" rel=\"noreferrer noopener\">Nicol\u00e1s Kwiatkowski, Historia, progreso y ciencia. Textos e im\u00e1genes en Inglaterra, 1580-1640<\/a><\/p>\n\n\n\n<p>Juli\u00e1n Verardi<\/p>\n\n\n\n<p><a href=\"https:\/\/prismas.unq.edu.ar\/OJS\/index.php\/Prismas\/article\/view\/Gayol_prismas14\" target=\"_blank\" rel=\"noreferrer noopener\">Maurice Agulhon, El C\u00edrculo Burgu\u00e9s. La sociabilidad en Francia, 1810-1848<\/a><\/p>\n\n\n\n<p>Sandra Gayol<\/p>\n\n\n\n<p><a href=\"https:\/\/prismas.unq.edu.ar\/OJS\/index.php\/Prismas\/article\/view\/Bruno_prismas14\" target=\"_blank\" rel=\"noreferrer noopener\">Maximiliano Fuentes Codera, El campo de fuerzas europeo en Catalu\u00f1a. Eugeni d&#8217;Ors en los primeros a\u00f1os de la Gran Guerra<\/a><\/p>\n\n\n\n<p>Paula Bruno<\/p>\n\n\n\n<p><a href=\"https:\/\/prismas.unq.edu.ar\/OJS\/index.php\/Prismas\/article\/view\/L%C3%B3pez_prismas14\" target=\"_blank\" rel=\"noreferrer noopener\">Enzo Traverso, A sangre y fuego. De la guerra civil europea, 1914-1945<\/a><\/p>\n\n\n\n<p>Dami\u00e1n L\u00f3pez<\/p>\n\n\n\n<p><a href=\"https:\/\/prismas.unq.edu.ar\/OJS\/index.php\/Prismas\/article\/view\/Entin_prismas14\" target=\"_blank\" rel=\"noreferrer noopener\">Claude Lefort, Le temps pr\u00e9sent. \u00c9crits 1945-2005<\/a><\/p>\n\n\n\n<p>Gabriel Entin<\/p>\n\n\n\n<p><a href=\"https:\/\/prismas.unq.edu.ar\/OJS\/index.php\/Prismas\/article\/view\/Scholten_prismas14\" target=\"_blank\" rel=\"noreferrer noopener\">Fran\u00e7ois Dosse, Gilles Deleuze y Felix Guattari. Biograf\u00eda cruzada<\/a><\/p>\n\n\n\n<p>Hern\u00e1n Scholten<\/p>\n\n\n\n<p><a href=\"https:\/\/prismas.unq.edu.ar\/OJS\/index.php\/Prismas\/article\/view\/Sobrevilla_prismas14\" target=\"_blank\" rel=\"noreferrer noopener\">Rafael Rojas, Las Rep\u00fablicas de Aire: Utop\u00eda y desencanto en la revoluci\u00f3n de Hispanoam\u00e9rica<\/a><\/p>\n\n\n\n<p>Natalia Sobrevilla Pera<\/p>\n\n\n\n<p><a href=\"https:\/\/prismas.unq.edu.ar\/OJS\/index.php\/Prismas\/article\/view\/Pasino_prismas14\" target=\"_blank\" rel=\"noreferrer noopener\">Jo\u00e3o Feres Jr., La historia del concepto \u00abLatin America\u00bb en los Estados Unidos de Am\u00e9rica<\/a><\/p>\n\n\n\n<p>Alejandra Pasino<\/p>\n\n\n\n<p><a href=\"https:\/\/prismas.unq.edu.ar\/OJS\/index.php\/Prismas\/article\/view\/Espeche_prismas14\" target=\"_blank\" rel=\"noreferrer noopener\">Jos\u00e9 Rilla, La actualidad del pasado. Usos de la historia en la pol\u00edtica de partidos del Uruguay (1942-1972)<\/a><\/p>\n\n\n\n<p>Ximena Espeche<\/p>\n\n\n\n<p><a href=\"https:\/\/prismas.unq.edu.ar\/OJS\/index.php\/Prismas\/article\/view\/Burucua_prismas14\">Irina P<\/a><a href=\"https:\/\/prismas.unq.edu.ar\/OJS\/index.php\/Prismas\/article\/view\/Burucua_prismas14\" target=\"_blank\" rel=\"noreferrer noopener\">odgorny, El sendero del tiempo y de las causas accidentales. Los espacios de la prehistoria en la Argenti<\/a><a href=\"https:\/\/prismas.unq.edu.ar\/OJS\/index.php\/Prismas\/article\/view\/Burucua_prismas14\">na, 1850-1910<\/a><\/p>\n\n\n\n<p>Jos\u00e9 Emilio Buruc\u00faa<\/p>\n\n\n\n<p><a href=\"https:\/\/prismas.unq.edu.ar\/OJS\/index.php\/Prismas\/article\/view\/Canali_prismas14\" target=\"_blank\" rel=\"noreferrer noopener\">Nora Pagano y Fernando Devoto, Historia de la historiograf\u00eda argentina<\/a><\/p>\n\n\n\n<p>Dami\u00e1n Canali<\/p>\n\n\n\n<p><a href=\"https:\/\/prismas.unq.edu.ar\/OJS\/index.php\/Prismas\/article\/view\/Fiorucci_prismas14\" target=\"_blank\" rel=\"noreferrer noopener\">Silvia Finocchio, La escuela en la historia argentina<\/a><\/p>\n\n\n\n<p>Flavia Fiorucci<\/p>\n\n\n\n<p><a href=\"https:\/\/prismas.unq.edu.ar\/OJS\/index.php\/Prismas\/article\/view\/Gil_prismas14\" target=\"_blank\" rel=\"noreferrer noopener\">Andr\u00e9s Kozel, La Argentina como desilusi\u00f3n. Contribuci\u00f3n a la historia de la idea del fracaso argentino (1890-1955)<\/a><\/p>\n\n\n\n<p>Cecilia Nuria Gil Mari\u00f1o<\/p>\n\n\n\n<p><a href=\"https:\/\/prismas.unq.edu.ar\/OJS\/index.php\/Prismas\/article\/view\/Ehrlich_prismas14\" target=\"_blank\" rel=\"noreferrer noopener\">Mirta Zaida Lobato, La prensa obrera. Buenos Aires y Montevideo. 1890-1958<\/a><\/p>\n\n\n\n<p>Laura Ehrlich<\/p>\n\n\n\n<p><a href=\"https:\/\/prismas.unq.edu.ar\/OJS\/index.php\/Prismas\/article\/view\/Cormick_prismas14\" target=\"_blank\" rel=\"noreferrer noopener\">Horacio Tarcus (ed.), Cartas de una hermandad. Leopoldo Lugones, Horacio Quiroga, Ezequiel Mart\u00ednez Estrada, Luis Franco, Samuel Glusberg<\/a><\/p>\n\n\n\n<p>Silvina Cormick<\/p>\n\n\n\n<p><a href=\"https:\/\/prismas.unq.edu.ar\/OJS\/index.php\/Prismas\/article\/view\/Rodriguez_prismas14\" target=\"_blank\" rel=\"noreferrer noopener\">Ana Clarisa Ag\u00fcero, El espacio del arte. Una microhistoria del Museo Polit\u00e9cnico de C\u00f3rdoba entre 1911 y 1916<\/a><\/p>\n\n\n\n<p>Fernando Diego Rodr\u00edguez<\/p>\n\n\n\n<p><a href=\"https:\/\/prismas.unq.edu.ar\/OJS\/index.php\/Prismas\/article\/view\/619\" target=\"_blank\" rel=\"noreferrer noopener\">Jorge Francisco Liernur con Pablo Pschepiurca, La red austral: obras y proyectos de Le Corbusier y sus disc\u00edpulos en la Argentina, 1924-1965<\/a><\/p>\n\n\n\n<p>Mark Alan Healey<\/p>\n\n\n\n<p><a href=\"https:\/\/prismas.unq.edu.ar\/OJS\/index.php\/Prismas\/article\/view\/Farias_prismas14\" target=\"_blank\" rel=\"noreferrer noopener\">Mar\u00eda P\u00eda L\u00f3pez, Hacia la vida intensa, una historia de la sensibilidad vitalista<\/a><\/p>\n\n\n\n<p>Mat\u00edas Farias<\/p>\n\n\n\n<p><a href=\"https:\/\/prismas.unq.edu.ar\/OJS\/index.php\/Prismas\/article\/view\/Prado_prismas14\" target=\"_blank\" rel=\"noreferrer noopener\">Mar\u00eda Cristina Tortti, El \u201cviejo\u201d partido socialista y los or\u00edgenes de la \u201cnueva\u201d izquierda (1955-1965)|<\/a><\/p>\n\n\n\n<p>Laura Prado Acosta<\/p>\n\n\n\n<div id=\"wp-block-themeisle-blocks-accordion-9db99f43\" class=\"wp-block-themeisle-blocks-accordion exclusive\">\n<details class=\"wp-block-themeisle-blocks-accordion-item\"><summary class=\"wp-block-themeisle-blocks-accordion-item__title\"><div>T\u00edtulo de acorde\u00f3n 1<\/div><\/summary><div class=\"wp-block-themeisle-blocks-accordion-item__content\">\n<p>Se trata de un marcador de posici\u00f3n del contenido de la pesta\u00f1a. Es importante tener la informaci\u00f3n necesaria en el bloque, pero en esta fase, es s\u00f3lo un marcador de posici\u00f3n para ayudarte a visualizar c\u00f3mo se muestra el contenido. Si\u00e9ntete libre de editarlo con tu contenido real.<\/p>\n<\/div><\/details>\n\n\n\n<details class=\"wp-block-themeisle-blocks-accordion-item\"><summary class=\"wp-block-themeisle-blocks-accordion-item__title\"><div>T\u00edtulo 2 del acorde\u00f3n<\/div><\/summary><div class=\"wp-block-themeisle-blocks-accordion-item__content\">\n<p>Se trata de un marcador de posici\u00f3n del contenido de la pesta\u00f1a. Es importante tener la informaci\u00f3n necesaria en el bloque, pero en esta fase, es s\u00f3lo un marcador de posici\u00f3n para ayudarte a visualizar c\u00f3mo se muestra el contenido. Si\u00e9ntete libre de editarlo con tu contenido real.<\/p>\n<\/div><\/details>\n<\/div>\n<\/div><\/details>\n\n\n\n<details class=\"wp-block-themeisle-blocks-accordion-item animated backInDown slower delay-100ms\"><summary class=\"wp-block-themeisle-blocks-accordion-item__title\"><div>FICHAS<\/div><\/summary><div class=\"wp-block-themeisle-blocks-accordion-item__content\">\n<p><a href=\"https:\/\/prismas.unq.edu.ar\/OJS\/index.php\/Prismas\/article\/view\/Fichas_prismas14\" target=\"_blank\" rel=\"noreferrer noopener\"><strong>Libros fichados:<\/strong> Carlo Ginzburg, <em>El hilo y las huellas \/ <\/em>Jos\u00e9 Sazb\u00f3n, <em>Nietzsche en Francia \/ <\/em>Carlos Altamirano (dir.), <em>Historia de los intelectuales en Am\u00e9rica Latina. II. Los avatares de la \u201cciudad letrada\u201d \u2026 \/ <\/em>Juliette Dumont, <em>L\u2019Institut International de Coop\u00e9ration Intellectuelle et le Br\u00e9sil <\/em>[H1]&nbsp;<em> \/ <\/em>Roberto Di Stefano, <em>Ovejas negras \/ <\/em>Mar\u00eda Sonia Cristoff (selecci\u00f3n y pr\u00f3logo), <em>Pasaje a Oriente \/ <\/em>Hilda Sabato (pr\u00f3logo), <em>El pensamiento de Bartolom\u00e9 Mitre y los liberales \/ <\/em>Gonzalo Aguilar, <em>Episodios cosmopolitas en la cultura argentina \/ <\/em>Marina Becerra, <em>Marxismo y feminismo en el primer socialismo argentino \/ <\/em>Federico Finchelstein, <em>Trasnacional fascism \/ <\/em>Claudia Hilb (comp.), <em>El pol\u00edtico y el cient\u00edfico <\/em>\/ Hugo Vezzetti, <em>Sobre la violencia revolucionaria<\/em><\/a><\/p>\n\n\n\n<p><br>Autores: Mart\u00edn Bergel, Ricardo Mart\u00ednez Mazzola, Andr\u00e9s Bisso, Flavia Fiorucci, Adri\u00e1n Gorelik, Federico Grassi, Mariana Sant\u00e1ngelo<\/p>\n<\/div><\/details>\n\n\n\n<details class=\"wp-block-themeisle-blocks-accordion-item animated backInDown delay-100ms slower\"><summary class=\"wp-block-themeisle-blocks-accordion-item__title\"><div>OBITUARIOS<\/div><\/summary><div class=\"wp-block-themeisle-blocks-accordion-item__content\">\n<p><a href=\"https:\/\/prismas.unq.edu.ar\/OJS\/index.php\/Prismas\/article\/view\/Markarian_prismas14\" target=\"_blank\" rel=\"noreferrer noopener\">Jos\u00e9 Pedro Barr\u00e1n (1934-2009)<\/a><\/p>\n\n\n\n<p>Vania Markarian&nbsp;&nbsp;<\/p>\n\n\n\n<p><a href=\"https:\/\/prismas.unq.edu.ar\/OJS\/index.php\/Prismas\/article\/view\/Ter%C3%A1n_prismas14\" target=\"_blank\" rel=\"noreferrer noopener\">Carlos Monsiv\u00e1is (1938-2010)<\/a><\/p>\n\n\n\n<p>Mar\u00eda Ter\u00e1n<\/p>\n<\/div><\/details>\n<\/div>\n<\/div>\n<\/div><\/div>\n","protected":false},"excerpt":{"rendered":"","protected":false},"author":3,"featured_media":146,"comment_status":"closed","ping_status":"closed","sticky":false,"template":"","format":"standard","meta":{"_themeisle_gutenberg_block_has_review":false,"footnotes":""},"categories":[5],"tags":[10,6,8],"class_list":["post-398","post","type-post","status-publish","format-standard","has-post-thumbnail","hentry","category-indice-general","tag-25-anos","tag-historia-intelectual","tag-prismas"],"_links":{"self":[{"href":"https:\/\/historiaintelectual.com.ar\/indiceprismas\/wp-json\/wp\/v2\/posts\/398","targetHints":{"allow":["GET"]}}],"collection":[{"href":"https:\/\/historiaintelectual.com.ar\/indiceprismas\/wp-json\/wp\/v2\/posts"}],"about":[{"href":"https:\/\/historiaintelectual.com.ar\/indiceprismas\/wp-json\/wp\/v2\/types\/post"}],"author":[{"embeddable":true,"href":"https:\/\/historiaintelectual.com.ar\/indiceprismas\/wp-json\/wp\/v2\/users\/3"}],"replies":[{"embeddable":true,"href":"https:\/\/historiaintelectual.com.ar\/indiceprismas\/wp-json\/wp\/v2\/comments?post=398"}],"version-history":[{"count":7,"href":"https:\/\/historiaintelectual.com.ar\/indiceprismas\/wp-json\/wp\/v2\/posts\/398\/revisions"}],"predecessor-version":[{"id":2952,"href":"https:\/\/historiaintelectual.com.ar\/indiceprismas\/wp-json\/wp\/v2\/posts\/398\/revisions\/2952"}],"wp:featuredmedia":[{"embeddable":true,"href":"https:\/\/historiaintelectual.com.ar\/indiceprismas\/wp-json\/wp\/v2\/media\/146"}],"wp:attachment":[{"href":"https:\/\/historiaintelectual.com.ar\/indiceprismas\/wp-json\/wp\/v2\/media?parent=398"}],"wp:term":[{"taxonomy":"category","embeddable":true,"href":"https:\/\/historiaintelectual.com.ar\/indiceprismas\/wp-json\/wp\/v2\/categories?post=398"},{"taxonomy":"post_tag","embeddable":true,"href":"https:\/\/historiaintelectual.com.ar\/indiceprismas\/wp-json\/wp\/v2\/tags?post=398"}],"curies":[{"name":"wp","href":"https:\/\/api.w.org\/{rel}","templated":true}]}}