{"id":377,"date":"2023-02-27T17:57:13","date_gmt":"2023-02-27T17:57:13","guid":{"rendered":"https:\/\/historiaintelectual.com.ar\/indiceprismas\/?p=377"},"modified":"2025-05-26T17:46:44","modified_gmt":"2025-05-26T17:46:44","slug":"vol-13-2009","status":"publish","type":"post","link":"https:\/\/historiaintelectual.com.ar\/indiceprismas\/vol-13-2009\/","title":{"rendered":"VOL. 13 (2009)"},"content":{"rendered":"\n<div id=\"wp-block-themeisle-blocks-advanced-columns-6a350af5\" class=\"wp-block-themeisle-blocks-advanced-columns has-2-columns has-desktop-oneTwo-layout has-tablet-equal-layout has-mobile-collapsedRows-layout has-vertical-unset\"><div class=\"wp-block-themeisle-blocks-advanced-columns-overlay\"><\/div><div class=\"innerblocks-wrap\">\n<div id=\"wp-block-themeisle-blocks-advanced-column-726330eb\" class=\"wp-block-themeisle-blocks-advanced-column\">\n<figure class=\"wp-block-image size-full is-resized o-sticky o-sticky-pos-top o-sticky-bhvr-keep o-sticky-scope-parent\"><img loading=\"lazy\" decoding=\"async\" width=\"377\" height=\"550\" src=\"http:\/\/historiaintelectual.com.ar\/indiceprismas\/wp-content\/uploads\/2023\/02\/13.jpg\" alt=\"\" class=\"wp-image-153\" style=\"width:313px;height:457px\" srcset=\"https:\/\/historiaintelectual.com.ar\/indiceprismas\/wp-content\/uploads\/2023\/02\/13.jpg 377w, https:\/\/historiaintelectual.com.ar\/indiceprismas\/wp-content\/uploads\/2023\/02\/13-206x300.jpg 206w, https:\/\/historiaintelectual.com.ar\/indiceprismas\/wp-content\/uploads\/2023\/02\/13-103x150.jpg 103w, https:\/\/historiaintelectual.com.ar\/indiceprismas\/wp-content\/uploads\/2023\/02\/13-360x525.jpg 360w\" sizes=\"auto, (max-width: 377px) 100vw, 377px\" \/><\/figure>\n<\/div>\n\n\n\n<div id=\"wp-block-themeisle-blocks-advanced-column-af3f0557\" class=\"wp-block-themeisle-blocks-advanced-column\">\n<div id=\"wp-block-themeisle-blocks-accordion-99585927\" class=\"wp-block-themeisle-blocks-accordion exclusive\">\n<details class=\"wp-block-themeisle-blocks-accordion-item animated backInDown\"><summary class=\"wp-block-themeisle-blocks-accordion-item__title\"><div>ART\u00cdCULOS<\/div><\/summary><div class=\"wp-block-themeisle-blocks-accordion-item__content\">\n<p><a href=\"https:\/\/prismas.unq.edu.ar\/OJS\/index.php\/Prismas\/article\/view\/Adamovsky_prismas13\" target=\"_blank\" rel=\"noreferrer noopener\">El paralelo Rusia\/Estados Unidos en Francia y la formaci\u00f3n de una identidad \u00aboccidental\u00bb: usos pol\u00edticos tempranos, de Le Trosne a Tocqueville y Beaumont<\/a><\/p>\n\n\n\n<p>Ezequiel Adamovsky<\/p>\n\n\n\n<p><a href=\"https:\/\/prismas.unq.edu.ar\/OJS\/index.php\/Prismas\/article\/view\/Freijomil_prismas13\" target=\"_blank\" rel=\"noreferrer noopener\">Un historiador del ocaso: Los derroteros intelectuales del primer Huizinga (1897-1919)<\/a><\/p>\n\n\n\n<p>Andr\u00e9s Freijomil<\/p>\n\n\n\n<p><a href=\"https:\/\/prismas.unq.edu.ar\/OJS\/index.php\/Prismas\/article\/view\/Lopez_prismas13\">Interpre<\/a><a href=\"https:\/\/prismas.unq.edu.ar\/OJS\/index.php\/Prismas\/article\/view\/Lopez_prismas13\" target=\"_blank\" rel=\"noreferrer noopener\">t<\/a><a href=\"https:\/\/prismas.unq.edu.ar\/OJS\/index.php\/Prismas\/article\/view\/Lopez_prismas13\">aci\u00f3n figural e historia. Reflexiones en torno a figura de Erich Auerbach<\/a><\/p>\n\n\n\n<p>Dami\u00e1n L\u00f3pez<\/p>\n\n\n\n<p><a href=\"https:\/\/prismas.unq.edu.ar\/OJS\/index.php\/Prismas\/article\/view\/Gracia_prismas13\">Entretel<\/a><a href=\"https:\/\/prismas.unq.edu.ar\/OJS\/index.php\/Prismas\/article\/view\/Gracia_prismas13\" target=\"_blank\" rel=\"noreferrer noopener\">o<\/a><a href=\"https:\/\/prismas.unq.edu.ar\/OJS\/index.php\/Prismas\/article\/view\/Gracia_prismas13\">nes de una \u00abest\u00e9tica operatoria\u00bb. Luis Juan Guerrero y Walter Benjamin<\/a><\/p>\n\n\n\n<p>Luis Ignacio Garc\u00eda<\/p>\n\n\n\n<p><a href=\"https:\/\/prismas.unq.edu.ar\/OJS\/index.php\/Prismas\/article\/view\/Lida_Garcia_prismas13\">Raimundo Li<\/a><a href=\"https:\/\/prismas.unq.edu.ar\/OJS\/index.php\/Prismas\/article\/view\/Lida_Garcia_prismas13\" target=\"_blank\" rel=\"noreferrer noopener\">d<\/a><a href=\"https:\/\/prismas.unq.edu.ar\/OJS\/index.php\/Prismas\/article\/view\/Lida_Garcia_prismas13\">a, fil\u00f3logo y humanista peregrino<\/a><\/p>\n\n\n\n<p>Clara E. Lida, Fernando Lida-Garc\u00eda<\/p>\n<\/div><\/details>\n\n\n\n<details class=\"wp-block-themeisle-blocks-accordion-item animated backInDown slow\"><summary class=\"wp-block-themeisle-blocks-accordion-item__title\"><div>ARGUMENTOS<\/div><\/summary><div class=\"wp-block-themeisle-blocks-accordion-item__content\">\n<p><a href=\"https:\/\/prismas.unq.edu.ar\/OJS\/index.php\/Prismas\/article\/view\/Marin_prismas13\" target=\"_blank\" rel=\"noreferrer noopener\">Poder, representaci\u00f3n, imagen<\/a><\/p>\n\n\n\n<p>Louis Marin<\/p>\n<\/div><\/details>\n\n\n\n<details class=\"wp-block-themeisle-blocks-accordion-item animated backInDown slow\"><summary class=\"wp-block-themeisle-blocks-accordion-item__title\"><div>DOSSIER: Brasil. Cultura y pol\u00edtica<\/div><\/summary><div class=\"wp-block-themeisle-blocks-accordion-item__content\">\n<p><a href=\"https:\/\/prismas.unq.edu.ar\/OJS\/index.php\/Prismas\/article\/view\/Alonso_prismas13\" target=\"_blank\" rel=\"noreferrer noopener\">Arribistas y decadentes. El debate pol\u00edtico-intelectual brasile\u00f1o en la primera d\u00e9cada republicana<\/a><\/p>\n\n\n\n<p>Angela Alonso<\/p>\n\n\n\n<p><a href=\"https:\/\/prismas.unq.edu.ar\/OJS\/index.php\/Prismas\/article\/view\/Miceli_prismas13\" target=\"_blank\" rel=\"noreferrer noopener\">Artistas \u00abnacional-extranjeros\u00bb en la vanguardia sudamericana (Lasar Segall y Xul Solar)<\/a><\/p>\n\n\n\n<p>Sergio Miceli<\/p>\n\n\n\n<p><a href=\"https:\/\/prismas.unq.edu.ar\/OJS\/index.php\/Prismas\/article\/view\/Botelho_prismas13\" target=\"_blank\" rel=\"noreferrer noopener\">Pasado futuro de los ensayos de interpretaci\u00f3n del Brasil<\/a><\/p>\n\n\n\n<p>Andr\u00e9 Botelho<\/p>\n\n\n\n<p><a href=\"https:\/\/prismas.unq.edu.ar\/OJS\/index.php\/Prismas\/article\/view\/Pontes_prismas13\" target=\"_blank\" rel=\"noreferrer noopener\">Teatro, g\u00e9nero y sociedad en el Brasil, 1940-1968<\/a><\/p>\n\n\n\n<p>Heloisa Pontes<\/p>\n\n\n\n<p><a href=\"https:\/\/prismas.unq.edu.ar\/OJS\/index.php\/Prismas\/article\/view\/Ridenti_prismas13\" target=\"_blank\" rel=\"noreferrer noopener\">Artistas de la revoluci\u00f3n brasile\u00f1a en los a\u00f1os sesenta<\/a><\/p>\n\n\n\n<p>Marcelo Ridenti<\/p>\n\n\n\n<p><a href=\"https:\/\/prismas.unq.edu.ar\/OJS\/index.php\/Prismas\/article\/view\/doNascimento%20_prismas13\" target=\"_blank\" rel=\"noreferrer noopener\">Sociedad y cultura modernas en el Brasil. La sociolog\u00eda de Florestan Fernandes<\/a><\/p>\n\n\n\n<p>Maria Arminda do Nascimento Arruda<\/p>\n\n\n\n<p><a href=\"https:\/\/prismas.unq.edu.ar\/OJS\/index.php\/Prismas\/article\/view\/742\" target=\"_blank\" rel=\"noreferrer noopener\">La afirmaci\u00f3n de la ciencia pol\u00edtica en el Brasil: rupturas y continuidades<\/a><\/p>\n\n\n\n<p>F\u00e1bio Cardoso Keinert, Dimitri Pinheiro Silva<\/p>\n\n\n\n<p><a href=\"https:\/\/prismas.unq.edu.ar\/OJS\/index.php\/Prismas\/article\/view\/Jackson_prismas13\" target=\"_blank\" rel=\"noreferrer noopener\">Entrevista con Davi Arrigucci Jr.<\/a><\/p>\n\n\n\n<p>Luiz Jackson, Fernando Pinheiro Filho, Gustavo Sor\u00e1<\/p>\n<\/div><\/details>\n\n\n\n<details class=\"wp-block-themeisle-blocks-accordion-item animated backInDown slower\"><summary class=\"wp-block-themeisle-blocks-accordion-item__title\"><div>LECTURAS<\/div><\/summary><div class=\"wp-block-themeisle-blocks-accordion-item__content\">\n<p><a href=\"https:\/\/prismas.unq.edu.ar\/OJS\/index.php\/Prismas\/article\/view\/Aguilar%20_prismas13\" target=\"_blank\" rel=\"noreferrer noopener\">La Nueva Historia Pol\u00edtica, nuevas miradas a nuevos problemas. Presentaci\u00f3n<\/a><\/p>\n\n\n\n<p>Jos\u00e9 Antonio Aguilar Rivera<\/p>\n\n\n\n<p><a href=\"https:\/\/prismas.unq.edu.ar\/OJS\/index.php\/Prismas\/article\/view\/%C3%81vila_prismas13\" target=\"_blank\" rel=\"noreferrer noopener\">La revoluci\u00f3n hisp\u00e1nica. Historiograf\u00eda, cr\u00edtica y reflexi\u00f3n pol\u00edtica<\/a><\/p>\n\n\n\n<p>Alfredo \u00c1vila<\/p>\n\n\n\n<p><a href=\"https:\/\/prismas.unq.edu.ar\/OJS\/index.php\/Prismas\/article\/view\/Bre%C3%B1a_prismas13\" target=\"_blank\" rel=\"noreferrer noopener\">Pretensiones y l\u00edmites de la historia. La historiograf\u00eda contempor\u00e1nea y las revoluciones hisp\u00e1nicas<\/a><\/p>\n\n\n\n<p>Roberto Bre\u00f1a<\/p>\n\n\n\n<p><a href=\"https:\/\/prismas.unq.edu.ar\/OJS\/index.php\/Prismas\/article\/view\/749\" target=\"_blank\" rel=\"noreferrer noopener\">Maquiavelo en el Septentri\u00f3n. Las posibilidades del republicanismo en Hispanoam\u00e9rica<\/a><\/p>\n\n\n\n<p>\u00c9rika Pani<\/p>\n\n\n\n<div id=\"wp-block-themeisle-blocks-accordion-ffb0ace6\" class=\"wp-block-themeisle-blocks-accordion exclusive\">\n<details class=\"wp-block-themeisle-blocks-accordion-item\"><summary class=\"wp-block-themeisle-blocks-accordion-item__title\"><div>T\u00edtulo de acorde\u00f3n 1<\/div><\/summary><div class=\"wp-block-themeisle-blocks-accordion-item__content\">\n<p>Se trata de un marcador de posici\u00f3n del contenido de la pesta\u00f1a. Es importante tener la informaci\u00f3n necesaria en el bloque, pero en esta fase, es s\u00f3lo un marcador de posici\u00f3n para ayudarte a visualizar c\u00f3mo se muestra el contenido. Si\u00e9ntete libre de editarlo con tu contenido real.<\/p>\n<\/div><\/details>\n\n\n\n<details class=\"wp-block-themeisle-blocks-accordion-item\"><summary class=\"wp-block-themeisle-blocks-accordion-item__title\"><div>T\u00edtulo 2 del acorde\u00f3n<\/div><\/summary><div class=\"wp-block-themeisle-blocks-accordion-item__content\">\n<p>Se trata de un marcador de posici\u00f3n del contenido de la pesta\u00f1a. Es importante tener la informaci\u00f3n necesaria en el bloque, pero en esta fase, es s\u00f3lo un marcador de posici\u00f3n para ayudarte a visualizar c\u00f3mo se muestra el contenido. Si\u00e9ntete libre de editarlo con tu contenido real.<\/p>\n<\/div><\/details>\n<\/div>\n\n\n\n<div id=\"wp-block-themeisle-blocks-accordion-9651f8d2\" class=\"wp-block-themeisle-blocks-accordion exclusive\">\n<details class=\"wp-block-themeisle-blocks-accordion-item\"><summary class=\"wp-block-themeisle-blocks-accordion-item__title\"><div>T\u00edtulo de acorde\u00f3n 1<\/div><\/summary><div class=\"wp-block-themeisle-blocks-accordion-item__content\">\n<p>Se trata de un marcador de posici\u00f3n del contenido de la pesta\u00f1a. Es importante tener la informaci\u00f3n necesaria en el bloque, pero en esta fase, es s\u00f3lo un marcador de posici\u00f3n para ayudarte a visualizar c\u00f3mo se muestra el contenido. Si\u00e9ntete libre de editarlo con tu contenido real.<\/p>\n<\/div><\/details>\n\n\n\n<details class=\"wp-block-themeisle-blocks-accordion-item\"><summary class=\"wp-block-themeisle-blocks-accordion-item__title\"><div>T\u00edtulo 2 del acorde\u00f3n<\/div><\/summary><div class=\"wp-block-themeisle-blocks-accordion-item__content\">\n<p>Se trata de un marcador de posici\u00f3n del contenido de la pesta\u00f1a. Es importante tener la informaci\u00f3n necesaria en el bloque, pero en esta fase, es s\u00f3lo un marcador de posici\u00f3n para ayudarte a visualizar c\u00f3mo se muestra el contenido. Si\u00e9ntete libre de editarlo con tu contenido real.<\/p>\n<\/div><\/details>\n<\/div>\n<\/div><\/details>\n\n\n\n<details class=\"wp-block-themeisle-blocks-accordion-item animated backInDown slower delay-100ms\"><summary class=\"wp-block-themeisle-blocks-accordion-item__title\"><div>RESE\u00d1AS<\/div><\/summary><div class=\"wp-block-themeisle-blocks-accordion-item__content\">\n<p><a rel=\"noreferrer noopener\" href=\"https:\/\/prismas.unq.edu.ar\/OJS\/index.php\/Prismas\/article\/view\/Ju%C3%A1rez_prismas13\" target=\"_blank\">Quentin Skinner, Lenguaje, pol\u00edtica e historia<\/a><\/p>\n\n\n\n<p>Esteban Alejandro Ju\u00e1rez<\/p>\n\n\n\n<p><a href=\"https:\/\/prismas.unq.edu.ar\/OJS\/index.php\/Prismas\/article\/view\/Bruno_prismas13\" target=\"_blank\" rel=\"noreferrer noopener\">Fran\u00e7ois Dosse, La apuesta biogr\u00e1fica. Escribir una vida<\/a><\/p>\n\n\n\n<p>Paula Bruno<\/p>\n\n\n\n<p><a href=\"https:\/\/prismas.unq.edu.ar\/OJS\/index.php\/Prismas\/article\/view\/716\" target=\"_blank\" rel=\"noreferrer noopener\">Partha Chatterjee, La naci\u00f3n en tiempo heterog\u00e9neo y otros estudios subalternos<\/a><\/p>\n\n\n\n<p>\u00c1lvaro Fern\u00e1ndez Bravo<\/p>\n\n\n\n<p><a href=\"https:\/\/prismas.unq.edu.ar\/OJS\/index.php\/Prismas\/article\/view\/Blitstein_prismas13\" target=\"_blank\" rel=\"noreferrer noopener\">Fran\u00e7ois Jullien, La urdimbre y la trama<\/a><\/p>\n\n\n\n<p>Pablo Blitstein<\/p>\n\n\n\n<p><a href=\"https:\/\/prismas.unq.edu.ar\/OJS\/index.php\/Prismas\/article\/view\/Sant%C3%A1ngelo_prismas13\" target=\"_blank\" rel=\"noreferrer noopener\">Jos\u00e9 Luis Romero, La ciudad occidental. Culturas urbanas en Europa y Am\u00e9rica<\/a><\/p>\n\n\n\n<p>Mariana Sant\u00e1ngelo<\/p>\n\n\n\n<p><a href=\"https:\/\/prismas.unq.edu.ar\/OJS\/index.php\/Prismas\/article\/view\/Garategaray_prismas13\" target=\"_blank\" rel=\"noreferrer noopener\">Christophe Charle, El nacimiento de los \u00abintelectuales\u00bb<\/a><\/p>\n\n\n\n<p>Martina Garategaray<\/p>\n\n\n\n<p><a href=\"https:\/\/prismas.unq.edu.ar\/OJS\/index.php\/Prismas\/article\/view\/Petra_prismas13\" target=\"_blank\" rel=\"noreferrer noopener\">Pascal Ory y Jean-Fran\u00e7ois Sirinelli, Los intelectuales en Francia. Del caso Dreyfus a nuestros d\u00edas<\/a><\/p>\n\n\n\n<p>Adriana Petra<\/p>\n\n\n\n<p><a href=\"https:\/\/prismas.unq.edu.ar\/OJS\/index.php\/Prismas\/article\/view\/Dujovne_prismas13\" target=\"_blank\" rel=\"noreferrer noopener\">Peter Fritzsche, Berl\u00edn 1900. Prensa, lectores y vida moderna<\/a><\/p>\n\n\n\n<p>Alejandro Dujovne<\/p>\n\n\n\n<p><a href=\"https:\/\/prismas.unq.edu.ar\/OJS\/index.php\/Prismas\/article\/view\/Palti_prismas13\" target=\"_blank\" rel=\"noreferrer noopener\">Juan Pablo Dabove, Nightmares of the Lettered City. Banditry and Literature in Latin America, 1816-1929<\/a><\/p>\n\n\n\n<p>El\u00edas Palti<\/p>\n\n\n\n<p><a href=\"https:\/\/prismas.unq.edu.ar\/OJS\/index.php\/Prismas\/article\/view\/Mailhe_prismas13\" target=\"_blank\" rel=\"noreferrer noopener\">Florencia Garramu\u00f1o, Modernidades primitivas. Tango, samba y naci\u00f3n<\/a><\/p>\n\n\n\n<p>Alejandra Mailhe<\/p>\n\n\n\n<p><a href=\"https:\/\/prismas.unq.edu.ar\/OJS\/index.php\/Prismas\/article\/view\/Cormick_prismas13\" target=\"_blank\" rel=\"noreferrer noopener\">Alexandra Pita Gonz\u00e1lez, La Uni\u00f3n Latino Americana y el <em>Bolet\u00edn Renovaci\u00f3n<\/em>. Redes intelectuales y revistas culturales en la d\u00e9cada de 1920 M\u00e9xico<\/a><\/p>\n\n\n\n<p>Silvina Cormick<\/p>\n\n\n\n<p><a href=\"https:\/\/prismas.unq.edu.ar\/OJS\/index.php\/Prismas\/article\/view\/Espeche_prismas13\" target=\"_blank\" rel=\"noreferrer noopener\">Pablo Rocca, \u00c1ngel Rama, Emir Rodr\u00edguez Monegal y el Brasil: Dos caras de un proyecto latinoamericano<\/a><\/p>\n\n\n\n<p>Ximena Espeche<\/p>\n\n\n\n<p><a href=\"https:\/\/prismas.unq.edu.ar\/OJS\/index.php\/Prismas\/article\/view\/Cort%C3%A9s_prismas13\" target=\"_blank\" rel=\"noreferrer noopener\">Susana Villavicencio, Sarmiento y la naci\u00f3n c\u00edvica. Ciudadan\u00eda y filosof\u00edas de la naci\u00f3n en Argentina<\/a><\/p>\n\n\n\n<p>Cecilia Cort\u00e9s<\/p>\n\n\n\n<p><a href=\"https:\/\/prismas.unq.edu.ar\/OJS\/index.php\/Prismas\/article\/view\/Mart%C3%ADnez_prismas13\" target=\"_blank\" rel=\"noreferrer noopener\">Diego J. Chein, La invenci\u00f3n literaria del folklore. Joaqu\u00edn V. Gonz\u00e1lez y la otra modernidad<\/a><\/p>\n\n\n\n<p>Soledad Mart\u00ednez Zuccardi<\/p>\n\n\n\n<p><a href=\"https:\/\/prismas.unq.edu.ar\/OJS\/index.php\/Prismas\/article\/view\/Ansolabehere_prismas13\" target=\"_blank\" rel=\"noreferrer noopener\">Leandro Losada, La alta sociedad en la Buenos Aires de la Belle \u00c9poque<\/a><\/p>\n\n\n\n<p>Pablo Ansolabehere<\/p>\n\n\n\n<p><a href=\"https:\/\/prismas.unq.edu.ar\/OJS\/index.php\/Prismas\/article\/view\/Mart%C3%ADnez2_prismas13\" target=\"_blank\" rel=\"noreferrer noopener\">Osvaldo Graciano, Entre la torre de marfil y el compromiso pol\u00edtico. Intelectuales de izquierda en la Argentina. 1918-1955<\/a><\/p>\n\n\n\n<p>Ricardo Mart\u00ednez Mazzola<\/p>\n\n\n\n<p><a href=\"https:\/\/prismas.unq.edu.ar\/OJS\/index.php\/Prismas\/article\/view\/N%C3%A1llim_prismas13\" target=\"_blank\" rel=\"noreferrer noopener\">Andr\u00e9s Bisso, El antifascismo argentino. Selecci\u00f3n documental y estudio preliminar<\/a><\/p>\n\n\n\n<p>Jorge N\u00e1llim<\/p>\n\n\n\n<p><a href=\"https:\/\/prismas.unq.edu.ar\/OJS\/index.php\/Prismas\/article\/view\/Ehlrich_prismas13\" target=\"_blank\" rel=\"noreferrer noopener\">Mar\u00eda Liliana Da Orden y Julio C\u00e9sar Melon Pirro (comps.), Prensa y peronismo. Discursos, pr\u00e1cticas, empresas, 1943-1958<\/a><\/p>\n\n\n\n<p>Laura Ehrlich<\/p>\n\n\n\n<div id=\"wp-block-themeisle-blocks-accordion-9db99f43\" class=\"wp-block-themeisle-blocks-accordion exclusive\">\n<details class=\"wp-block-themeisle-blocks-accordion-item\"><summary class=\"wp-block-themeisle-blocks-accordion-item__title\"><div>T\u00edtulo de acorde\u00f3n 1<\/div><\/summary><div class=\"wp-block-themeisle-blocks-accordion-item__content\">\n<p>Se trata de un marcador de posici\u00f3n del contenido de la pesta\u00f1a. Es importante tener la informaci\u00f3n necesaria en el bloque, pero en esta fase, es s\u00f3lo un marcador de posici\u00f3n para ayudarte a visualizar c\u00f3mo se muestra el contenido. Si\u00e9ntete libre de editarlo con tu contenido real.<\/p>\n<\/div><\/details>\n\n\n\n<details class=\"wp-block-themeisle-blocks-accordion-item\"><summary class=\"wp-block-themeisle-blocks-accordion-item__title\"><div>T\u00edtulo 2 del acorde\u00f3n<\/div><\/summary><div class=\"wp-block-themeisle-blocks-accordion-item__content\">\n<p>Se trata de un marcador de posici\u00f3n del contenido de la pesta\u00f1a. Es importante tener la informaci\u00f3n necesaria en el bloque, pero en esta fase, es s\u00f3lo un marcador de posici\u00f3n para ayudarte a visualizar c\u00f3mo se muestra el contenido. Si\u00e9ntete libre de editarlo con tu contenido real.<\/p>\n<\/div><\/details>\n<\/div>\n<\/div><\/details>\n\n\n\n<details class=\"wp-block-themeisle-blocks-accordion-item animated backInDown slower delay-100ms\"><summary class=\"wp-block-themeisle-blocks-accordion-item__title\"><div>FICHAS<\/div><\/summary><div class=\"wp-block-themeisle-blocks-accordion-item__content\">\n<h3 class=\"wp-block-heading\">FICHAS<\/h3>\n\n\n\n<p><a href=\"https:\/\/prismas.unq.edu.ar\/OJS\/index.php\/Prismas\/article\/view\/Fichas_prismas13\" target=\"_blank\" rel=\"noreferrer noopener\"><strong>Libros fichados:<\/strong> Jonathan Rose, <em>The Intellectual Life of the British Working Classes \/ <\/em>Guillermo Giucci, <em>La vida cultural del autom\u00f3vil <\/em>\/ Carlos Altamirano (dir.), <em>Historia de los intelectuales en Am\u00e9rica Latina. I. La ciudad letrada\u2026 <\/em>(Jorge Myers, editor del volumen) \/ Oscar Ter\u00e1n, <em>Historia de las ideas en la Argentina <\/em>\/ Noem\u00ed Goldman (ed.), <em>Lenguaje y revoluci\u00f3n <\/em>\/ El\u00edas J. Palti, <em>El momento rom\u00e1ntico <\/em>\/ Jorge Lafforgue (ed.), <em>Explicar la Argentina <\/em>\/ Flavio Fiorani, <em>Patagonia <\/em>\/ Hilda Sabato, <em>Buenos Aires en armas <\/em>\/ Sandra Carreras, Horacio Tarcus y Jessica Zeller (eds.), <em>Los socialistas alemanes y la formaci\u00f3n del movimiento obrero argentino <\/em>\/ Sandra Gayol, <em>Honor y duelo en la Argentina moderna <\/em>\/ Hern\u00e1n Camarero, <em>A la conquista de la clase obrera <\/em>\/ Tulio Halperin Donghi, <em>Son memorias <\/em>\/ Mar\u00eda Sonder\u00e9guer (comp.), <em>Revista Crisis (1973-1976)<\/em><\/a><\/p>\n\n\n\n<p>Autores: Mart\u00edn Bergel, Ricardo Mart\u00ednez Mazzola, Mat\u00edas Far\u00edas, Flavia Fiorucci, El\u00edas Palti, Fernando Williams<\/p>\n\n\n\n<div id=\"wp-block-themeisle-blocks-accordion-7b6d24ea\" class=\"wp-block-themeisle-blocks-accordion exclusive\">\n<details class=\"wp-block-themeisle-blocks-accordion-item\"><summary class=\"wp-block-themeisle-blocks-accordion-item__title\"><div>T\u00edtulo de acorde\u00f3n 1<\/div><\/summary><div class=\"wp-block-themeisle-blocks-accordion-item__content\">\n<p>Se trata de un marcador de posici\u00f3n del contenido de la pesta\u00f1a. Es importante tener la informaci\u00f3n necesaria en el bloque, pero en esta fase, es s\u00f3lo un marcador de posici\u00f3n para ayudarte a visualizar c\u00f3mo se muestra el contenido. Si\u00e9ntete libre de editarlo con tu contenido real.<\/p>\n<\/div><\/details>\n\n\n\n<details class=\"wp-block-themeisle-blocks-accordion-item\"><summary class=\"wp-block-themeisle-blocks-accordion-item__title\"><div>T\u00edtulo 2 del acorde\u00f3n<\/div><\/summary><div class=\"wp-block-themeisle-blocks-accordion-item__content\">\n<p>Se trata de un marcador de posici\u00f3n del contenido de la pesta\u00f1a. Es importante tener la informaci\u00f3n necesaria en el bloque, pero en esta fase, es s\u00f3lo un marcador de posici\u00f3n para ayudarte a visualizar c\u00f3mo se muestra el contenido. Si\u00e9ntete libre de editarlo con tu contenido real.<\/p>\n<\/div><\/details>\n<\/div>\n<\/div><\/details>\n\n\n\n<details class=\"wp-block-themeisle-blocks-accordion-item animated backInDown delay-100ms slower\"><summary class=\"wp-block-themeisle-blocks-accordion-item__title\"><div>OBITUARIOS<\/div><\/summary><div class=\"wp-block-themeisle-blocks-accordion-item__content\">\n<p><a href=\"https:\/\/prismas.unq.edu.ar\/OJS\/index.php\/Prismas\/article\/view\/Gali_prismas13\" target=\"_blank\" rel=\"noreferrer noopener\">A la memoria de Jos\u00e9 Sazb\u00f3n (1937-2008)<\/a><\/p>\n\n\n\n<p>Patricio Gali<\/p>\n\n\n\n<p><a href=\"https:\/\/prismas.unq.edu.ar\/OJS\/index.php\/Prismas\/article\/view\/V%C3%A1zquez_prismas13\" target=\"_blank\" rel=\"noreferrer noopener\">Charles A. Hale (1930-2008)<\/a><\/p>\n\n\n\n<p>Josefina Z. V\u00e1zquez<\/p>\n<\/div><\/details>\n<\/div>\n<\/div>\n<\/div><\/div>\n","protected":false},"excerpt":{"rendered":"","protected":false},"author":3,"featured_media":153,"comment_status":"closed","ping_status":"closed","sticky":false,"template":"","format":"standard","meta":{"_themeisle_gutenberg_block_has_review":false,"footnotes":""},"categories":[5],"tags":[10,6,8],"class_list":["post-377","post","type-post","status-publish","format-standard","has-post-thumbnail","hentry","category-indice-general","tag-25-anos","tag-historia-intelectual","tag-prismas"],"_links":{"self":[{"href":"https:\/\/historiaintelectual.com.ar\/indiceprismas\/wp-json\/wp\/v2\/posts\/377","targetHints":{"allow":["GET"]}}],"collection":[{"href":"https:\/\/historiaintelectual.com.ar\/indiceprismas\/wp-json\/wp\/v2\/posts"}],"about":[{"href":"https:\/\/historiaintelectual.com.ar\/indiceprismas\/wp-json\/wp\/v2\/types\/post"}],"author":[{"embeddable":true,"href":"https:\/\/historiaintelectual.com.ar\/indiceprismas\/wp-json\/wp\/v2\/users\/3"}],"replies":[{"embeddable":true,"href":"https:\/\/historiaintelectual.com.ar\/indiceprismas\/wp-json\/wp\/v2\/comments?post=377"}],"version-history":[{"count":4,"href":"https:\/\/historiaintelectual.com.ar\/indiceprismas\/wp-json\/wp\/v2\/posts\/377\/revisions"}],"predecessor-version":[{"id":2953,"href":"https:\/\/historiaintelectual.com.ar\/indiceprismas\/wp-json\/wp\/v2\/posts\/377\/revisions\/2953"}],"wp:featuredmedia":[{"embeddable":true,"href":"https:\/\/historiaintelectual.com.ar\/indiceprismas\/wp-json\/wp\/v2\/media\/153"}],"wp:attachment":[{"href":"https:\/\/historiaintelectual.com.ar\/indiceprismas\/wp-json\/wp\/v2\/media?parent=377"}],"wp:term":[{"taxonomy":"category","embeddable":true,"href":"https:\/\/historiaintelectual.com.ar\/indiceprismas\/wp-json\/wp\/v2\/categories?post=377"},{"taxonomy":"post_tag","embeddable":true,"href":"https:\/\/historiaintelectual.com.ar\/indiceprismas\/wp-json\/wp\/v2\/tags?post=377"}],"curies":[{"name":"wp","href":"https:\/\/api.w.org\/{rel}","templated":true}]}}