{"id":370,"date":"2023-02-27T17:44:53","date_gmt":"2023-02-27T17:44:53","guid":{"rendered":"https:\/\/historiaintelectual.com.ar\/indiceprismas\/?p=370"},"modified":"2025-05-26T17:47:12","modified_gmt":"2025-05-26T17:47:12","slug":"vol-12-2008","status":"publish","type":"post","link":"https:\/\/historiaintelectual.com.ar\/indiceprismas\/vol-12-2008\/","title":{"rendered":"VOL. 12 (2008)"},"content":{"rendered":"\n<div id=\"wp-block-themeisle-blocks-advanced-columns-6a350af5\" class=\"wp-block-themeisle-blocks-advanced-columns has-2-columns has-desktop-oneTwo-layout has-tablet-equal-layout has-mobile-collapsedRows-layout has-vertical-unset\"><div class=\"wp-block-themeisle-blocks-advanced-columns-overlay\"><\/div><div class=\"innerblocks-wrap\">\n<div id=\"wp-block-themeisle-blocks-advanced-column-726330eb\" class=\"wp-block-themeisle-blocks-advanced-column\">\n<figure class=\"wp-block-image size-full is-resized o-sticky o-sticky-pos-top o-sticky-bhvr-keep o-sticky-scope-parent\"><img loading=\"lazy\" decoding=\"async\" width=\"377\" height=\"550\" src=\"http:\/\/historiaintelectual.com.ar\/indiceprismas\/wp-content\/uploads\/2023\/02\/12.jpg\" alt=\"\" class=\"wp-image-154\" style=\"width:312px;height:455px\" srcset=\"https:\/\/historiaintelectual.com.ar\/indiceprismas\/wp-content\/uploads\/2023\/02\/12.jpg 377w, https:\/\/historiaintelectual.com.ar\/indiceprismas\/wp-content\/uploads\/2023\/02\/12-206x300.jpg 206w, https:\/\/historiaintelectual.com.ar\/indiceprismas\/wp-content\/uploads\/2023\/02\/12-103x150.jpg 103w, https:\/\/historiaintelectual.com.ar\/indiceprismas\/wp-content\/uploads\/2023\/02\/12-360x525.jpg 360w\" sizes=\"auto, (max-width: 377px) 100vw, 377px\" \/><\/figure>\n<\/div>\n\n\n\n<div id=\"wp-block-themeisle-blocks-advanced-column-af3f0557\" class=\"wp-block-themeisle-blocks-advanced-column\">\n<div id=\"wp-block-themeisle-blocks-accordion-99585927\" class=\"wp-block-themeisle-blocks-accordion exclusive\">\n<details class=\"wp-block-themeisle-blocks-accordion-item animated backInDown\"><summary class=\"wp-block-themeisle-blocks-accordion-item__title\"><div>ART\u00cdCULOS<\/div><\/summary><div class=\"wp-block-themeisle-blocks-accordion-item__content\">\n<p><a href=\"https:\/\/prismas.unq.edu.ar\/OJS\/index.php\/Prismas\/article\/view\/Mezzadra_prismas12\">El <\/a><a href=\"https:\/\/prismas.unq.edu.ar\/OJS\/index.php\/Prismas\/article\/view\/Mezzadra_prismas12\" target=\"_blank\" rel=\"noreferrer noopener\">N<\/a><a href=\"https:\/\/prismas.unq.edu.ar\/OJS\/index.php\/Prismas\/article\/view\/Mezzadra_prismas12\">ew Deal en la l\u00ednea del color. El problema de la reforma y el espacio de la democracia en W. E. B. Du Bois<\/a><\/p>\n\n\n\n<p>Sandro Mezzadra; Alessandro Bissogno<\/p>\n\n\n\n<p><a href=\"https:\/\/prismas.unq.edu.ar\/OJS\/index.php\/Prismas\/article\/view\/Podgorny_prismas12\" target=\"_blank\" rel=\"noreferrer noopener\">Momias que hablan. Ciencia, colecci\u00f3n de cuerpos y experiencias con la vida y la muerte en la d\u00e9cada de 1880<\/a><\/p>\n\n\n\n<p>Irina Podgorny<\/p>\n\n\n\n<p><a href=\"https:\/\/prismas.unq.edu.ar\/OJS\/index.php\/Prismas\/article\/view\/Quereilhac_prismas12\" target=\"_blank\" rel=\"noreferrer noopener\">El intelectual te\u00f3sofo. La actuaci\u00f3n de Leopoldo Lugones en la revista <em>Philadelphia<\/em> (1898-1902) y las matrices ocultistas de sus ensayos del Centenario<\/a><\/p>\n\n\n\n<p><a>Soledad Quereilhac<\/a><\/p>\n\n\n\n<p><a href=\"https:\/\/prismas.unq.edu.ar\/OJS\/index.php\/Prismas\/article\/view\/Pasolini_prismas12\" target=\"_blank\" rel=\"noreferrer noopener\">Scribere in eos qui possunt proscribere. Consideraciones sobre intelectuales y prensa antifascista en Buenos Aires y Par\u00eds durante el per\u00edodo de entreguerras<\/a><\/p>\n\n\n\n<p>Ricardo Pasolini<\/p>\n\n\n\n<p><a href=\"https:\/\/prismas.unq.edu.ar\/OJS\/index.php\/Prismas\/article\/view\/Tortorella_prismas12\" target=\"_blank\" rel=\"noreferrer noopener\">Dilemas y tareas del revisionismo de izquierda. Rodolfo Puiggr\u00f3s, el fen\u00f3meno peronista y el rol del intelectual revolucionario en la Argentina<\/a><\/p>\n\n\n\n<p>Roberto Luis Tortorella<\/p>\n\n\n\n<p><a href=\"https:\/\/prismas.unq.edu.ar\/OJS\/index.php\/Prismas\/article\/view\/Ar%C3%AAas_prismas12\" target=\"_blank\" rel=\"noreferrer noopener\">El di\u00e1logo como forma. Antropolog\u00eda e historia intelectual<\/a><\/p>\n\n\n\n<p>Fernanda Ar\u00eaas Peixoto<\/p>\n<\/div><\/details>\n\n\n\n<details class=\"wp-block-themeisle-blocks-accordion-item animated backInDown slow\"><summary class=\"wp-block-themeisle-blocks-accordion-item__title\"><div>ARGUMENTOS<\/div><\/summary><div class=\"wp-block-themeisle-blocks-accordion-item__content\">\n<p><a href=\"https:\/\/prismas.unq.edu.ar\/OJS\/index.php\/Prismas\/article\/view\/Darnton_prismas12\" target=\"_blank\" rel=\"noreferrer noopener\">\u00bfQu\u00e9 es la historia del libro?<\/a><\/p>\n\n\n\n<p>Robert Darnton<\/p>\n\n\n\n<p><a href=\"https:\/\/prismas.unq.edu.ar\/OJS\/index.php\/Prismas\/article\/view\/Darnton2_prismas12\" target=\"_blank\" rel=\"noreferrer noopener\">Retorno a \u00ab\u00bfQu\u00e9 es la historia del libro?\u00bb<\/a><\/p>\n\n\n\n<p>Robert Darnton<\/p>\n<\/div><\/details>\n\n\n\n<details class=\"wp-block-themeisle-blocks-accordion-item animated backInDown slow\"><summary class=\"wp-block-themeisle-blocks-accordion-item__title\"><div>DOSSIER: Un camino intelectual. Oscar Ter\u00e1n, 1938-2008<\/div><\/summary><div class=\"wp-block-themeisle-blocks-accordion-item__content\">\n<p><a href=\"https:\/\/prismas.unq.edu.ar\/OJS\/index.php\/Prismas\/article\/view\/Prismas_prismas12\" target=\"_blank\" rel=\"noreferrer noopener\">Un camino intelectual: Oscar Ter\u00e1n, 1938-2008<\/a><\/p>\n\n\n\n<p>Grupo <em>Prismas<\/em><\/p>\n\n\n\n<p><a href=\"https:\/\/prismas.unq.edu.ar\/OJS\/index.php\/Prismas\/article\/view\/Ter%C3%A1n_prismas12\" target=\"_blank\" rel=\"noreferrer noopener\">Amauta: vanguardia y revoluci\u00f3n<\/a><\/p>\n\n\n\n<p>Oscar Ter\u00e1n<\/p>\n\n\n\n<p><a href=\"https:\/\/prismas.unq.edu.ar\/OJS\/index.php\/Prismas\/article\/view\/Homenaje_prismas12\">Homenaje a Oscar Ter\u00e1n. Reuni\u00f3n especial del Seminario de Historia de las Ideas, los Intelectuales y la Cultura, Instituto Ravignani<\/a> Jos\u00e9 Carlos Chiaramonte, Adri\u00e1n Gorelik, Fernando Devoto, Jorge Dotti, Claudia Gilman, Hugo Vezzetti, El\u00edas Palti, Jorge Myers, Mart\u00edn Bergel, Omar Acha, Alejandro Dagfal<\/p>\n<\/div><\/details>\n\n\n\n<details class=\"wp-block-themeisle-blocks-accordion-item animated backInDown slower delay-100ms\"><summary class=\"wp-block-themeisle-blocks-accordion-item__title\"><div>RESE\u00d1AS<\/div><\/summary><div class=\"wp-block-themeisle-blocks-accordion-item__content\">\n<p><a href=\"https:\/\/prismas.unq.edu.ar\/OJS\/index.php\/Prismas\/article\/view\/Gonz%C3%A1lez_prismas12\" target=\"_blank\" rel=\"noreferrer noopener\">Emilio de \u00cdpola, Althusser, el infinito adi\u00f3s<\/a><\/p>\n\n\n\n<p>Mat\u00edas Gonz\u00e1lez<\/p>\n\n\n\n<p><a href=\"https:\/\/prismas.unq.edu.ar\/OJS\/index.php\/Prismas\/article\/view\/Algranti_prismas12\" target=\"_blank\" rel=\"noreferrer noopener\">Ana Teresa Mart\u00ednez, Pierre Bourdieu: Razones y lecciones de una pr\u00e1ctica sociol\u00f3gica. (Del estructuralismo gen\u00e9tico a la sociolog\u00eda reflexiva)<\/a><\/p>\n\n\n\n<p>Joaqu\u00edn M. Algranti<\/p>\n\n\n\n<p><a href=\"https:\/\/prismas.unq.edu.ar\/OJS\/index.php\/Prismas\/article\/view\/Palti2_prismas12\" target=\"_blank\" rel=\"noreferrer noopener\">Reinhart Koselleck, Cr\u00edtica y crisis. Un estudio sobre la patog\u00e9nesis del mundo burgu\u00e9s<\/a><\/p>\n\n\n\n<p>El\u00edas Palti<\/p>\n\n\n\n<p><a href=\"https:\/\/prismas.unq.edu.ar\/OJS\/index.php\/Prismas\/article\/view\/647\" target=\"_blank\" rel=\"noreferrer noopener\">Marcelo Gantus Jasmin y Jo\u00e3o Feres J\u00fanior, Hist\u00f3ria dos Conceitos: debates e perspectivas e Hist\u00f3ria dos Conceitos: di\u00e1logos transatl\u00e2nticos<\/a><\/p>\n\n\n\n<p>Mar\u00eda Carla Galfione<\/p>\n\n\n\n<p><a href=\"https:\/\/prismas.unq.edu.ar\/OJS\/index.php\/Prismas\/article\/view\/Kwiatkowski_prismas12\" target=\"_blank\" rel=\"noreferrer noopener\">Robert Darnton, Los best sellers prohibidos en Francia antes de la Revoluci\u00f3n<\/a><\/p>\n\n\n\n<p>Nicol\u00e1s Kwiatkowski<\/p>\n\n\n\n<p><a href=\"https:\/\/prismas.unq.edu.ar\/OJS\/index.php\/Prismas\/article\/view\/Pasino_prismas12\" target=\"_blank\" rel=\"noreferrer noopener\">Roberto Bre\u00f1a, El primer liberalismo espa\u00f1ol y los procesos de emancipaci\u00f3n de Am\u00e9rica 1808-1824. Una revisi\u00f3n historiogr\u00e1fica del liberalismo hisp\u00e1nico<\/a><\/p>\n\n\n\n<p>Alejandra Pasino<\/p>\n\n\n\n<p><a href=\"https:\/\/prismas.unq.edu.ar\/OJS\/index.php\/Prismas\/article\/view\/Losada_prismas12\" target=\"_blank\" rel=\"noreferrer noopener\">Antoni Mart\u00ed Monterde, Po\u00e9tica del Caf\u00e9. Un espacio de la modernidad literaria europea<\/a><\/p>\n\n\n\n<p>Leandro Losada<\/p>\n\n\n\n<p><a href=\"https:\/\/prismas.unq.edu.ar\/OJS\/index.php\/Prismas\/article\/view\/Feres_prismas12\" target=\"_blank\" rel=\"noreferrer noopener\">Ricardo D. Salv<\/a><a rel=\"noreferrer noopener\" href=\"https:\/\/prismas.unq.edu.ar\/OJS\/index.php\/Prismas\/article\/view\/Feres_prismas12\" target=\"_blank\">atore, Im\u00e1genes de un imperio: Estados Unidos y las formas de representaci\u00f3n de Am\u00e9rica Latina<\/a><\/p>\n\n\n\n<p>Jo\u00e3o Feres J\u00fanior<\/p>\n\n\n\n<p><a href=\"https:\/\/prismas.unq.edu.ar\/OJS\/index.php\/Prismas\/article\/view\/Palti_prismas12\" target=\"_blank\" rel=\"noreferrer noopener\">Jes\u00fas Izquierdo Mart\u00edn y Pablo S\u00e1nchez Le\u00f3n, La guerra que nos han contado. 1936 y nosotros<\/a><\/p>\n\n\n\n<p>El\u00edas Palti<\/p>\n\n\n\n<p><a href=\"https:\/\/prismas.unq.edu.ar\/OJS\/index.php\/Prismas\/article\/view\/Candioti_prismas12\" target=\"_blank\" rel=\"noreferrer noopener\">Annick Lemp\u00e9ri\u00e8re, Entre Dieu et le roi, la r\u00e9publique. Mexico, XVI<sup>e<\/sup>-XIX<sup>e<\/sup> si\u00e8cles<\/a><\/p>\n\n\n\n<p>Magdalena Candioti<\/p>\n\n\n\n<p><a href=\"https:\/\/prismas.unq.edu.ar\/OJS\/index.php\/Prismas\/article\/view\/Naves_prismas12\" target=\"_blank\" rel=\"noreferrer noopener\">Leopoldo Waizbort, A Passagem do Tr\u00eas ao Um: cr\u00edtica liter\u00e1ria, sociologia, filologia<\/a><\/p>\n\n\n\n<p>Gustavo Naves Franco<\/p>\n\n\n\n<p><a href=\"https:\/\/prismas.unq.edu.ar\/OJS\/index.php\/Prismas\/article\/view\/Speckman_prismas12\" target=\"_blank\" rel=\"noreferrer noopener\">Lila Caimari (comp.), La ley de los profanos. Delito, justicia y cultura en Buenos Aires (1870-1940)<\/a><\/p>\n\n\n\n<p>Elisa Speckman Guerra<\/p>\n\n\n\n<p><a href=\"https:\/\/prismas.unq.edu.ar\/OJS\/index.php\/Prismas\/article\/view\/Ramacciotti_prismas12\" target=\"_blank\" rel=\"noreferrer noopener\">Diego Armus, La Ciudad Impura. Salud, tuberculosis y cultura en Buenos Aires, 1870-1950<\/a><\/p>\n\n\n\n<p>Karina In\u00e9s Ramacciotti<\/p>\n\n\n\n<p><a href=\"https:\/\/prismas.unq.edu.ar\/OJS\/index.php\/Prismas\/article\/view\/Albornoz_prismas12\">Armando V. Minguz<\/a><a href=\"https:\/\/prismas.unq.edu.ar\/OJS\/index.php\/Prismas\/article\/view\/Albornoz_prismas12\" target=\"_blank\" rel=\"noreferrer noopener\">z<\/a><a href=\"https:\/\/prismas.unq.edu.ar\/OJS\/index.php\/Prismas\/article\/view\/Albornoz_prismas12\">i (estudio preliminar e \u00edndice bibliogr\u00e1fico), Mart\u00edn Fierro. Revista Popular Ilustrada de Arte y Cr\u00edtica (1904-1905)<\/a><\/p>\n\n\n\n<p>Mart\u00edn Albornoz Crespo<\/p>\n\n\n\n<p><a href=\"https:\/\/prismas.unq.edu.ar\/OJS\/index.php\/Prismas\/article\/view\/Laera_prismas12\" target=\"_blank\" rel=\"noreferrer noopener\">Fernando Degiovanni, Los textos de la patria. Nacionalismo, pol\u00edticas culturales y canon en Argentina<\/a><\/p>\n\n\n\n<p>Alejandro Laera<\/p>\n\n\n\n<div id=\"wp-block-themeisle-blocks-accordion-9db99f43\" class=\"wp-block-themeisle-blocks-accordion exclusive\">\n<details class=\"wp-block-themeisle-blocks-accordion-item\"><summary class=\"wp-block-themeisle-blocks-accordion-item__title\"><div>T\u00edtulo de acorde\u00f3n 1<\/div><\/summary><div class=\"wp-block-themeisle-blocks-accordion-item__content\">\n<p>Se trata de un marcador de posici\u00f3n del contenido de la pesta\u00f1a. Es importante tener la informaci\u00f3n necesaria en el bloque, pero en esta fase, es s\u00f3lo un marcador de posici\u00f3n para ayudarte a visualizar c\u00f3mo se muestra el contenido. Si\u00e9ntete libre de editarlo con tu contenido real.<\/p>\n<\/div><\/details>\n\n\n\n<details class=\"wp-block-themeisle-blocks-accordion-item\"><summary class=\"wp-block-themeisle-blocks-accordion-item__title\"><div>T\u00edtulo 2 del acorde\u00f3n<\/div><\/summary><div class=\"wp-block-themeisle-blocks-accordion-item__content\">\n<p>Se trata de un marcador de posici\u00f3n del contenido de la pesta\u00f1a. Es importante tener la informaci\u00f3n necesaria en el bloque, pero en esta fase, es s\u00f3lo un marcador de posici\u00f3n para ayudarte a visualizar c\u00f3mo se muestra el contenido. Si\u00e9ntete libre de editarlo con tu contenido real.<\/p>\n<\/div><\/details>\n<\/div>\n<\/div><\/details>\n\n\n\n<details class=\"wp-block-themeisle-blocks-accordion-item animated backInDown slower delay-100ms\"><summary class=\"wp-block-themeisle-blocks-accordion-item__title\"><div>FICHAS<\/div><\/summary><div class=\"wp-block-themeisle-blocks-accordion-item__content\">\n<p><a href=\"https:\/\/prismas.unq.edu.ar\/OJS\/index.php\/Prismas\/article\/view\/Fichas_prismas12\" target=\"_blank\" rel=\"noreferrer noopener\"><strong>Libros fichados:<\/strong> Ricardo D. Salvatore (comp.), <em>Los lugares del saber <\/em>\/ Fernando Escalante Gonzalbo, <em>A la sombra de los libros <\/em>\/ Jos\u00e9 Ortiz Monasterio (selecci\u00f3n e introducci\u00f3n), <em>Sergio Buarque de Holanda <\/em>\/ Fabio Wasserman, <em>Entre Cl\u00edo y la Polis <\/em>\/ Oscar Ter\u00e1n, <em>Para leer el Facundo <\/em>\/ Horacio Tarcus, <em>Marx en la Argentina <\/em>\/ Horacio Tarcus (dir.), <em>Diccionario biogr\u00e1fico de la izquierda argentina <\/em>\/ Leandro Losada, <em>La alta sociedad en la Buenos Aires de la Belle \u00c9poque <\/em>\/ Alejandro Cattaruzza, <em>Los usos del pasado <\/em>\/ Osvaldo Graciano, <em>Entre la torre de marfil y el compromiso pol\u00edtico <\/em>\/ Leticia Prislei, <em>Los or\u00edgenes del fascismo argentino <\/em>\/ Federico Finchelstein, <em>La Argentina fascista <\/em>\/ Emilio Crenzel, <em>La historia pol\u00edtica del <\/em>Nunca m\u00e1s<\/a><\/p>\n\n\n\n<p><a href=\"https:\/\/prismas.unq.edu.ar\/OJS\/index.php\/Prismas\/article\/view\/Fichas_prismas12\"><br><\/a>Autores: Mart\u00edn Bergel, Ricardo Mart\u00ednez Mazzola, Adri\u00e1n Gorelik<\/p>\n\n\n\n<div id=\"wp-block-themeisle-blocks-accordion-7b6d24ea\" class=\"wp-block-themeisle-blocks-accordion exclusive\">\n<details class=\"wp-block-themeisle-blocks-accordion-item\"><summary class=\"wp-block-themeisle-blocks-accordion-item__title\"><div>T\u00edtulo de acorde\u00f3n 1<\/div><\/summary><div class=\"wp-block-themeisle-blocks-accordion-item__content\">\n<p>Se trata de un marcador de posici\u00f3n del contenido de la pesta\u00f1a. Es importante tener la informaci\u00f3n necesaria en el bloque, pero en esta fase, es s\u00f3lo un marcador de posici\u00f3n para ayudarte a visualizar c\u00f3mo se muestra el contenido. Si\u00e9ntete libre de editarlo con tu contenido real.<\/p>\n<\/div><\/details>\n\n\n\n<details class=\"wp-block-themeisle-blocks-accordion-item\"><summary class=\"wp-block-themeisle-blocks-accordion-item__title\"><div>T\u00edtulo 2 del acorde\u00f3n<\/div><\/summary><div class=\"wp-block-themeisle-blocks-accordion-item__content\">\n<p>Se trata de un marcador de posici\u00f3n del contenido de la pesta\u00f1a. Es importante tener la informaci\u00f3n necesaria en el bloque, pero en esta fase, es s\u00f3lo un marcador de posici\u00f3n para ayudarte a visualizar c\u00f3mo se muestra el contenido. Si\u00e9ntete libre de editarlo con tu contenido real.<\/p>\n<\/div><\/details>\n<\/div>\n<\/div><\/details>\n<\/div>\n<\/div>\n<\/div><\/div>\n","protected":false},"excerpt":{"rendered":"","protected":false},"author":3,"featured_media":154,"comment_status":"closed","ping_status":"closed","sticky":false,"template":"","format":"standard","meta":{"_themeisle_gutenberg_block_has_review":false,"footnotes":""},"categories":[5],"tags":[10,6,8],"class_list":["post-370","post","type-post","status-publish","format-standard","has-post-thumbnail","hentry","category-indice-general","tag-25-anos","tag-historia-intelectual","tag-prismas"],"_links":{"self":[{"href":"https:\/\/historiaintelectual.com.ar\/indiceprismas\/wp-json\/wp\/v2\/posts\/370","targetHints":{"allow":["GET"]}}],"collection":[{"href":"https:\/\/historiaintelectual.com.ar\/indiceprismas\/wp-json\/wp\/v2\/posts"}],"about":[{"href":"https:\/\/historiaintelectual.com.ar\/indiceprismas\/wp-json\/wp\/v2\/types\/post"}],"author":[{"embeddable":true,"href":"https:\/\/historiaintelectual.com.ar\/indiceprismas\/wp-json\/wp\/v2\/users\/3"}],"replies":[{"embeddable":true,"href":"https:\/\/historiaintelectual.com.ar\/indiceprismas\/wp-json\/wp\/v2\/comments?post=370"}],"version-history":[{"count":6,"href":"https:\/\/historiaintelectual.com.ar\/indiceprismas\/wp-json\/wp\/v2\/posts\/370\/revisions"}],"predecessor-version":[{"id":2954,"href":"https:\/\/historiaintelectual.com.ar\/indiceprismas\/wp-json\/wp\/v2\/posts\/370\/revisions\/2954"}],"wp:featuredmedia":[{"embeddable":true,"href":"https:\/\/historiaintelectual.com.ar\/indiceprismas\/wp-json\/wp\/v2\/media\/154"}],"wp:attachment":[{"href":"https:\/\/historiaintelectual.com.ar\/indiceprismas\/wp-json\/wp\/v2\/media?parent=370"}],"wp:term":[{"taxonomy":"category","embeddable":true,"href":"https:\/\/historiaintelectual.com.ar\/indiceprismas\/wp-json\/wp\/v2\/categories?post=370"},{"taxonomy":"post_tag","embeddable":true,"href":"https:\/\/historiaintelectual.com.ar\/indiceprismas\/wp-json\/wp\/v2\/tags?post=370"}],"curies":[{"name":"wp","href":"https:\/\/api.w.org\/{rel}","templated":true}]}}