{"id":361,"date":"2023-02-27T16:20:27","date_gmt":"2023-02-27T16:20:27","guid":{"rendered":"https:\/\/historiaintelectual.com.ar\/indiceprismas\/?p=361"},"modified":"2025-05-26T17:47:37","modified_gmt":"2025-05-26T17:47:37","slug":"vol-11-2007","status":"publish","type":"post","link":"https:\/\/historiaintelectual.com.ar\/indiceprismas\/vol-11-2007\/","title":{"rendered":"VOL. 11 (2007)"},"content":{"rendered":"\n<div id=\"wp-block-themeisle-blocks-advanced-columns-6a350af5\" class=\"wp-block-themeisle-blocks-advanced-columns has-2-columns has-desktop-oneTwo-layout has-tablet-equal-layout has-mobile-collapsedRows-layout has-vertical-unset\"><div class=\"wp-block-themeisle-blocks-advanced-columns-overlay\"><\/div><div class=\"innerblocks-wrap\">\n<div id=\"wp-block-themeisle-blocks-advanced-column-726330eb\" class=\"wp-block-themeisle-blocks-advanced-column\">\n<figure class=\"wp-block-image size-full is-resized o-sticky o-sticky-pos-top o-sticky-bhvr-keep o-sticky-scope-parent\"><img loading=\"lazy\" decoding=\"async\" width=\"377\" height=\"550\" src=\"http:\/\/historiaintelectual.com.ar\/indiceprismas\/wp-content\/uploads\/2023\/02\/11.jpg\" alt=\"\" class=\"wp-image-155\" style=\"width:314px;height:460px\" srcset=\"https:\/\/historiaintelectual.com.ar\/indiceprismas\/wp-content\/uploads\/2023\/02\/11.jpg 377w, https:\/\/historiaintelectual.com.ar\/indiceprismas\/wp-content\/uploads\/2023\/02\/11-206x300.jpg 206w, https:\/\/historiaintelectual.com.ar\/indiceprismas\/wp-content\/uploads\/2023\/02\/11-103x150.jpg 103w, https:\/\/historiaintelectual.com.ar\/indiceprismas\/wp-content\/uploads\/2023\/02\/11-360x525.jpg 360w\" sizes=\"auto, (max-width: 377px) 100vw, 377px\" \/><\/figure>\n<\/div>\n\n\n\n<div id=\"wp-block-themeisle-blocks-advanced-column-af3f0557\" class=\"wp-block-themeisle-blocks-advanced-column\">\n<div id=\"wp-block-themeisle-blocks-accordion-99585927\" class=\"wp-block-themeisle-blocks-accordion exclusive\">\n<details class=\"wp-block-themeisle-blocks-accordion-item animated backInDown\"><summary class=\"wp-block-themeisle-blocks-accordion-item__title\"><div>ART\u00cdCULOS<\/div><\/summary><div class=\"wp-block-themeisle-blocks-accordion-item__content\">\n<p><a rel=\"noreferrer noopener\" href=\"https:\/\/prismas.unq.edu.ar\/OJS\/index.php\/Prismas\/article\/view\/Martinez_prismas11\" target=\"_blank\">Lecturas y lectores de Bourdieu en la Argentina<\/a><\/p>\n\n\n\n<p>Ana Teresa Mart\u00ednez<\/p>\n\n\n\n<p><a href=\"https:\/\/prismas.unq.edu.ar\/OJS\/index.php\/Prismas\/article\/view\/Ortiz_prismas11\" target=\"_blank\" rel=\"noreferrer noopener\">Notas sobre Gramsci y las ciencias sociales<\/a><\/p>\n\n\n\n<p>Renato Ortiz<\/p>\n\n\n\n<p><a href=\"https:\/\/prismas.unq.edu.ar\/OJS\/index.php\/Prismas\/article\/view\/Montero_prismas11\" target=\"_blank\" rel=\"noreferrer noopener\">En busca de Am\u00e9rica<\/a><\/p>\n\n\n\n<p>Pedro Meira Montero<\/p>\n\n\n\n<p><a href=\"https:\/\/prismas.unq.edu.ar\/OJS\/index.php\/Prismas\/article\/view\/DaCosta_prismas11\" target=\"_blank\" rel=\"noreferrer noopener\">Los tres mosqueteros. Una reflexi\u00f3n sobre la militancia cat\u00f3lica lega en el Brasil contempor\u00e1neo<\/a><\/p>\n\n\n\n<p>Marcelo Timotheo da Costa<\/p>\n\n\n\n<p><a href=\"https:\/\/prismas.unq.edu.ar\/OJS\/index.php\/Prismas\/article\/view\/Weinberg_prismas11\" target=\"_blank\" rel=\"noreferrer noopener\">Bernardo de Monteagudo y el primer ensayo pol\u00edtico americano<\/a><\/p>\n\n\n\n<p>Liliana Weinberg<\/p>\n\n\n\n<p><a href=\"https:\/\/prismas.unq.edu.ar\/OJS\/index.php\/Prismas\/article\/view\/Pasolini_prismas11\" target=\"_blank\" rel=\"noreferrer noopener\">Cr\u00edtica erudita y exaltaci\u00f3n antifascista. Acerca de la obra de Jos\u00e9 Ingenieros \u00abhistoriador\u00bb<\/a> Ricardo Pasolini<\/p>\n<\/div><\/details>\n\n\n\n<details class=\"wp-block-themeisle-blocks-accordion-item animated backInDown\"><summary class=\"wp-block-themeisle-blocks-accordion-item__title\"><div>HOMENAJES<\/div><\/summary><div class=\"wp-block-themeisle-blocks-accordion-item__content\">\n<p><a href=\"https:\/\/prismas.unq.edu.ar\/OJS\/index.php\/Prismas\/article\/view\/A.G_prismas11\" target=\"_blank\" rel=\"noreferrer noopener\">Jos\u00e9 Luis Romero, las ciudades y las ideas<\/a><\/p>\n\n\n\n<p>Adri\u00e1n Gorelik<\/p>\n\n\n\n<p><a href=\"https:\/\/prismas.unq.edu.ar\/OJS\/index.php\/Prismas\/article\/view\/Romero_prismas11\" target=\"_blank\" rel=\"noreferrer noopener\">Brujas: meditaci\u00f3n y despedida<\/a><\/p>\n\n\n\n<p>Jos\u00e9 Luis Romero<\/p>\n\n\n\n<p><a href=\"https:\/\/prismas.unq.edu.ar\/OJS\/index.php\/Prismas\/article\/view\/Romero2_prismas11\" target=\"_blank\" rel=\"noreferrer noopener\">Brujas. Entre la frustraci\u00f3n y el recuerdo<\/a><\/p>\n\n\n\n<p>Jos\u00e9 Luis Romero<\/p>\n\n\n\n<div id=\"wp-block-themeisle-blocks-accordion-ffb0ace6\" class=\"wp-block-themeisle-blocks-accordion exclusive\">\n<details class=\"wp-block-themeisle-blocks-accordion-item\"><summary class=\"wp-block-themeisle-blocks-accordion-item__title\"><div>T\u00edtulo de acorde\u00f3n 1<\/div><\/summary><div class=\"wp-block-themeisle-blocks-accordion-item__content\">\n<p>Se trata de un marcador de posici\u00f3n del contenido de la pesta\u00f1a. Es importante tener la informaci\u00f3n necesaria en el bloque, pero en esta fase, es s\u00f3lo un marcador de posici\u00f3n para ayudarte a visualizar c\u00f3mo se muestra el contenido. Si\u00e9ntete libre de editarlo con tu contenido real.<\/p>\n<\/div><\/details>\n\n\n\n<details class=\"wp-block-themeisle-blocks-accordion-item\"><summary class=\"wp-block-themeisle-blocks-accordion-item__title\"><div>T\u00edtulo 2 del acorde\u00f3n<\/div><\/summary><div class=\"wp-block-themeisle-blocks-accordion-item__content\">\n<p>Se trata de un marcador de posici\u00f3n del contenido de la pesta\u00f1a. Es importante tener la informaci\u00f3n necesaria en el bloque, pero en esta fase, es s\u00f3lo un marcador de posici\u00f3n para ayudarte a visualizar c\u00f3mo se muestra el contenido. Si\u00e9ntete libre de editarlo con tu contenido real.<\/p>\n<\/div><\/details>\n<\/div>\n\n\n\n<div id=\"wp-block-themeisle-blocks-accordion-9651f8d2\" class=\"wp-block-themeisle-blocks-accordion exclusive\">\n<details class=\"wp-block-themeisle-blocks-accordion-item\"><summary class=\"wp-block-themeisle-blocks-accordion-item__title\"><div>T\u00edtulo de acorde\u00f3n 1<\/div><\/summary><div class=\"wp-block-themeisle-blocks-accordion-item__content\">\n<p>Se trata de un marcador de posici\u00f3n del contenido de la pesta\u00f1a. Es importante tener la informaci\u00f3n necesaria en el bloque, pero en esta fase, es s\u00f3lo un marcador de posici\u00f3n para ayudarte a visualizar c\u00f3mo se muestra el contenido. Si\u00e9ntete libre de editarlo con tu contenido real.<\/p>\n<\/div><\/details>\n\n\n\n<details class=\"wp-block-themeisle-blocks-accordion-item\"><summary class=\"wp-block-themeisle-blocks-accordion-item__title\"><div>T\u00edtulo 2 del acorde\u00f3n<\/div><\/summary><div class=\"wp-block-themeisle-blocks-accordion-item__content\">\n<p>Se trata de un marcador de posici\u00f3n del contenido de la pesta\u00f1a. Es importante tener la informaci\u00f3n necesaria en el bloque, pero en esta fase, es s\u00f3lo un marcador de posici\u00f3n para ayudarte a visualizar c\u00f3mo se muestra el contenido. Si\u00e9ntete libre de editarlo con tu contenido real.<\/p>\n<\/div><\/details>\n<\/div>\n<\/div><\/details>\n\n\n\n<details class=\"wp-block-themeisle-blocks-accordion-item animated backInDown slow\"><summary class=\"wp-block-themeisle-blocks-accordion-item__title\"><div>ARGUMENTOS<\/div><\/summary><div class=\"wp-block-themeisle-blocks-accordion-item__content\">\n<p><a href=\"https:\/\/prismas.unq.edu.ar\/OJS\/index.php\/Prismas\/article\/view\/Grafton_prismas11\" target=\"_blank\" rel=\"noreferrer noopener\">La historia de las ideas. Preceptos y pr\u00e1cticas, 1950-2000 y m\u00e1s all\u00e1<\/a><\/p>\n\n\n\n<p>Anthony Grafton<\/p>\n<\/div><\/details>\n\n\n\n<details class=\"wp-block-themeisle-blocks-accordion-item animated backInDown slow\"><summary class=\"wp-block-themeisle-blocks-accordion-item__title\"><div>DOSSIER: Encuesta sobre historia intelectual<\/div><\/summary><div class=\"wp-block-themeisle-blocks-accordion-item__content\">\n<p><a href=\"https:\/\/prismas.unq.edu.ar\/OJS\/index.php\/Prismas\/article\/view\/presentacion_prismas11\" target=\"_blank\" rel=\"noreferrer noopener\">Presentaci\u00f3n<\/a><\/p>\n\n\n\n<p>Consejo de direcci\u00f3n de <em>Prismas<\/em><\/p>\n\n\n\n<p><a href=\"https:\/\/prismas.unq.edu.ar\/OJS\/index.php\/Prismas\/article\/view\/Jay_prismas11\" target=\"_blank\" rel=\"noreferrer noopener\">Pretensiones desvergonzadas y preguntas abominables. La historia intelectual como juicio del pasado<\/a><\/p>\n\n\n\n<p>Martin Jay<\/p>\n\n\n\n<p><a href=\"https:\/\/prismas.unq.edu.ar\/OJS\/index.php\/Prismas\/article\/view\/Burke_prismas11\" target=\"_blank\" rel=\"noreferrer noopener\">La historia intelectual en la era del giro cultural<\/a><\/p>\n\n\n\n<p>Peter Burke<\/p>\n\n\n\n<p><a href=\"https:\/\/prismas.unq.edu.ar\/OJS\/index.php\/Prismas\/article\/view\/Collini_prismas11\" target=\"_blank\" rel=\"noreferrer noopener\">Escuchar a escondidas entre los arbustos. Historia intelectual y cr\u00edtica literaria<\/a><\/p>\n\n\n\n<p>Stefan Collini<\/p>\n\n\n\n<p><a href=\"https:\/\/prismas.unq.edu.ar\/OJS\/index.php\/Prismas\/article\/view\/Jasmin_prismas11\" target=\"_blank\" rel=\"noreferrer noopener\">Lenguajes pol\u00edticos en el mundo de la acci\u00f3n: historia conceptual y teor\u00eda pol\u00edtica<\/a><\/p>\n\n\n\n<p>Marcelo Jasmin<\/p>\n\n\n\n<p><a href=\"https:\/\/prismas.unq.edu.ar\/OJS\/index.php\/Prismas\/article\/view\/Devoto_prismas11\" target=\"_blank\" rel=\"noreferrer noopener\">La historia de la historiograf\u00eda, itinerarios y problemas<\/a><\/p>\n\n\n\n<p>Fernando J. Devoto<\/p>\n\n\n\n<p><a href=\"https:\/\/prismas.unq.edu.ar\/OJS\/index.php\/Prismas\/article\/view\/Chiaramonte_prismas11\" target=\"_blank\" rel=\"noreferrer noopener\">La historia intelectual y el riesgo de las periodizaciones<\/a><\/p>\n\n\n\n<p>Jos\u00e9 Carlos Chiaramonte<\/p>\n\n\n\n<p><a href=\"https:\/\/prismas.unq.edu.ar\/OJS\/index.php\/Prismas\/article\/view\/Hale_prismas11\" target=\"_blank\" rel=\"noreferrer noopener\">Declaraci\u00f3n para <em>Prismas<\/em><\/a><\/p>\n\n\n\n<p>Charles A. Hale<\/p>\n\n\n\n<p><a href=\"https:\/\/prismas.unq.edu.ar\/OJS\/index.php\/Prismas\/article\/view\/Lemp%C3%A9ri%C3%A8re_prismas11\" target=\"_blank\" rel=\"noreferrer noopener\">La historia pol\u00edtico-intelectual, de Francia a Am\u00e9rica Latina<\/a><\/p>\n\n\n\n<p>Annick Lemp\u00e9ri\u00e8re<\/p>\n\n\n\n<p><a href=\"https:\/\/prismas.unq.edu.ar\/OJS\/index.php\/Prismas\/article\/view\/Rojas_prismas11\" target=\"_blank\" rel=\"noreferrer noopener\">Venturas y amenazas de un campo<\/a><\/p>\n\n\n\n<p>Rafael Rojas<\/p>\n\n\n\n<p><a href=\"https:\/\/prismas.unq.edu.ar\/OJS\/index.php\/Prismas\/article\/view\/Rezende_prismas11\" target=\"_blank\" rel=\"noreferrer noopener\">Notas sobre ideas, autores y experiencia social<\/a><\/p>\n\n\n\n<p>Maria Alice Rezende de Carvalho<\/p>\n\n\n\n<p><a href=\"https:\/\/prismas.unq.edu.ar\/OJS\/index.php\/Prismas\/article\/view\/Caimari_prismas11\" target=\"_blank\" rel=\"noreferrer noopener\">Infinito particular: lo cultural como archivo<\/a><\/p>\n\n\n\n<p>Lila Caimari<\/p>\n<\/div><\/details>\n\n\n\n<details class=\"wp-block-themeisle-blocks-accordion-item animated backInDown slower delay-100ms\"><summary class=\"wp-block-themeisle-blocks-accordion-item__title\"><div>RESE\u00d1AS<\/div><\/summary><div class=\"wp-block-themeisle-blocks-accordion-item__content\">\n<p><a href=\"https:\/\/prismas.unq.edu.ar\/OJS\/index.php\/Prismas\/article\/view\/Myers_prismas11\" target=\"_blank\" rel=\"noreferrer noopener\">Francois Dosse, La marche des id\u00e9es. Histoire des intellectuels-histoire intellectuelle<\/a><\/p>\n\n\n\n<p>Jorge Myers<\/p>\n\n\n\n<p><a href=\"https:\/\/prismas.unq.edu.ar\/OJS\/index.php\/Prismas\/article\/view\/Schek_prismas11\" target=\"_blank\" rel=\"noreferrer noopener\">Dominick LaCapra, Historia en tr\u00e1nsito. Experiencia, identidad, teor\u00eda cr\u00edtica<\/a><\/p>\n\n\n\n<p>Daniel Scheck<\/p>\n\n\n\n<p><a href=\"https:\/\/prismas.unq.edu.ar\/OJS\/index.php\/Prismas\/article\/view\/889\" target=\"_blank\" rel=\"noreferrer noopener\">Christopher Charle, J\u00fcrgen Schriewer, Peter Wagner (comps.),&nbsp;Redes intelectuales transnacionales. Formas de conocimiento acad\u00e9mico y b\u00fasqueda de identidad culturales<\/a><\/p>\n\n\n\n<p>Alexandra Pita<\/p>\n\n\n\n<p><a href=\"https:\/\/prismas.unq.edu.ar\/OJS\/index.php\/Prismas\/article\/view\/Cavazzini_prismas11\" target=\"_blank\" rel=\"noreferrer noopener\">Michel Pastoureau, Una historia simb\u00f3lica de la Edad Media occidental<\/a><\/p>\n\n\n\n<p>Eleonora Cavazzini<\/p>\n\n\n\n<p><a href=\"https:\/\/prismas.unq.edu.ar\/OJS\/index.php\/Prismas\/article\/view\/Sazb%C3%B3n_prismas11\" target=\"_blank\" rel=\"noreferrer noopener\">Annette Becker, Maurice Halbwachs, un intellectuel en guerres mondiales. 1914-1945<\/a><\/p>\n\n\n\n<p>Daniel Sazb\u00f3n<\/p>\n\n\n\n<p><a href=\"https:\/\/prismas.unq.edu.ar\/OJS\/index.php\/Prismas\/article\/view\/Sazb%C3%B3n2_prismas11\" target=\"_blank\" rel=\"noreferrer noopener\">Jos\u00e9 Ortiz Monasterio, M\u00e9xico eternamente. Vicente Riva Palacio ante la escritura de la historia<\/a><\/p>\n\n\n\n<p>Paula Bruno<\/p>\n\n\n\n<p><a href=\"https:\/\/prismas.unq.edu.ar\/OJS\/index.php\/Prismas\/article\/view\/V%C2%B4azquez_prismas11\" target=\"_blank\" rel=\"noreferrer noopener\">Andr\u00e9 Botelho, O Brasil e os dias. Estado-Na\u00e7\u00e3o, modernismo e rotina intelectual<\/a><\/p>\n\n\n\n<p>Karina V\u00e1squez<\/p>\n\n\n\n<p><a href=\"https:\/\/prismas.unq.edu.ar\/OJS\/index.php\/Prismas\/article\/view\/Myers2_prismas11\" target=\"_blank\" rel=\"noreferrer noopener\">Maria L\u00facia Garc\u00eda Pallares-Burke, Gilberto Freyre, Um Vitoriano dos tr\u00f3picos<\/a><\/p>\n\n\n\n<p>Jorge Myers<\/p>\n\n\n\n<p><a href=\"https:\/\/prismas.unq.edu.ar\/OJS\/index.php\/Prismas\/article\/view\/890\" target=\"_blank\" rel=\"noreferrer noopener\">Arcadio D\u00edaz Qui\u00f1ones,&nbsp;Sobre los principios (Los intelectuales caribe\u00f1os y la tradici\u00f3n)<\/a><\/p>\n\n\n\n<p>Gonzalo Aguilar<\/p>\n\n\n\n<p><a href=\"https:\/\/prismas.unq.edu.ar\/OJS\/index.php\/Prismas\/article\/view\/Myers3_prismas11\" target=\"_blank\" rel=\"noreferrer noopener\">Rafael Rojas, Tumbas sin sosiego. Revoluci\u00f3n, disidencia y exilio del intelectual cubano<\/a><\/p>\n\n\n\n<p>Jorge Myers<\/p>\n\n\n\n<p><a href=\"https:\/\/prismas.unq.edu.ar\/OJS\/index.php\/Prismas\/article\/view\/Rojkind_prismas11\" target=\"_blank\" rel=\"noreferrer noopener\">Silvia Sigal, La Plaza de Mayo. Una cr\u00f3nica<\/a><\/p>\n\n\n\n<p>In\u00e9s Rojkind<\/p>\n\n\n\n<p><a href=\"https:\/\/prismas.unq.edu.ar\/OJS\/index.php\/Prismas\/article\/view\/Ternavasio_prismas11\" target=\"_blank\" rel=\"noreferrer noopener\">Fernando Aliata. La ciudad regular. Arquitectura, programas e instituciones en el Buenos Aires posrevolucionario, 1821-1835<\/a><\/p>\n\n\n\n<p>Marcela Ternavasio<\/p>\n\n\n\n<p><a href=\"https:\/\/prismas.unq.edu.ar\/OJS\/index.php\/Prismas\/article\/view\/Palti_prismas11\" target=\"_blank\" rel=\"noreferrer noopener\">Alejandra Laera y Mart\u00edn Kohan (comps.), Las br\u00fajulas del extraviado. Para una lectura integral de Esteban Echeverr\u00eda<\/a><\/p>\n\n\n\n<p>El\u00edas Palti<\/p>\n\n\n\n<p><a href=\"https:\/\/prismas.unq.edu.ar\/OJS\/index.php\/Prismas\/article\/view\/Ag%C3%BCero_prismas11\" target=\"_blank\" rel=\"noreferrer noopener\">Amanda Salvioni, L&#8217;invenzione di un medioevo americano. Rappresentazioni moderne del passato coloniale in Argentina<\/a><\/p>\n\n\n\n<p>Ana Clarisa Ag\u00fcero<\/p>\n\n\n\n<p><a href=\"https:\/\/prismas.unq.edu.ar\/OJS\/index.php\/Prismas\/article\/view\/Pereyra_prismas11\" target=\"_blank\" rel=\"noreferrer noopener\">Juan Agust\u00edn Garc\u00eda, La ciudad indiana, sobre nuestra incultura y otros ensayos<\/a><\/p>\n\n\n\n<p>Diego Pereyra<\/p>\n\n\n\n<p><a href=\"https:\/\/prismas.unq.edu.ar\/OJS\/index.php\/Prismas\/article\/view\/891\" target=\"_blank\" rel=\"noreferrer noopener\">Dar\u00edo Rold\u00e1n (comp.),&nbsp;Crear la democracia. La <em>Revista Argentina de Ciencias Pol\u00edticas<\/em> y el debate en torno de la Rep\u00fablica Verdadera<\/a><\/p>\n\n\n\n<p>Ricardo Mart\u00ednez Mazzola<\/p>\n\n\n\n<p><a href=\"https:\/\/prismas.unq.edu.ar\/OJS\/index.php\/Prismas\/article\/view\/Varela_prismas11\">Andrea Ma<\/a><a href=\"https:\/\/prismas.unq.edu.ar\/OJS\/index.php\/Prismas\/article\/view\/Varela_prismas11\" target=\"_blank\" rel=\"noreferrer noopener\">tallana, Locos por la radio. Una historia social de la radiofon\u00eda en la Argentina, 1923-1947<\/a><\/p>\n\n\n\n<p>Mirta Varela<\/p>\n\n\n\n<p><a href=\"https:\/\/prismas.unq.edu.ar\/OJS\/index.php\/Prismas\/article\/view\/DiStefano_prismas11\" target=\"_blank\" rel=\"noreferrer noopener\">Jos\u00e9 A. Zanca, Los intelectuales cat\u00f3licos y el fin de la cristiandad, 1955-1966<\/a><\/p>\n\n\n\n<p>Roberto Di Stefano<\/p>\n\n\n\n<p><a href=\"https:\/\/prismas.unq.edu.ar\/OJS\/index.php\/Prismas\/article\/view\/Calentano_prismas11\" target=\"_blank\" rel=\"noreferrer noopener\">Omar Acha: La naci\u00f3n futura. Rodolfo Puiggr\u00f3s en las encrucijadas argentinas del siglo XX<\/a><\/p>\n\n\n\n<p>Adri\u00e1n Calentano<\/p>\n\n\n\n<p><a href=\"https:\/\/prismas.unq.edu.ar\/OJS\/index.php\/Prismas\/article\/view\/Sora_prismas11\" target=\"_blank\" rel=\"noreferrer noopener\">M\u00f3nica Bueno y Miguel \u00c1ngel Taroncher (coords.), Centro Editor de Am\u00e9rica Latina. Cap\u00edtulos para una historia<\/a><\/p>\n\n\n\n<p>Gustavo Sor\u00e1<\/p>\n\n\n\n<div id=\"wp-block-themeisle-blocks-accordion-9db99f43\" class=\"wp-block-themeisle-blocks-accordion exclusive\">\n<details class=\"wp-block-themeisle-blocks-accordion-item\"><summary class=\"wp-block-themeisle-blocks-accordion-item__title\"><div>T\u00edtulo de acorde\u00f3n 1<\/div><\/summary><div class=\"wp-block-themeisle-blocks-accordion-item__content\">\n<p>Se trata de un marcador de posici\u00f3n del contenido de la pesta\u00f1a. Es importante tener la informaci\u00f3n necesaria en el bloque, pero en esta fase, es s\u00f3lo un marcador de posici\u00f3n para ayudarte a visualizar c\u00f3mo se muestra el contenido. Si\u00e9ntete libre de editarlo con tu contenido real.<\/p>\n<\/div><\/details>\n\n\n\n<details class=\"wp-block-themeisle-blocks-accordion-item\"><summary class=\"wp-block-themeisle-blocks-accordion-item__title\"><div>T\u00edtulo 2 del acorde\u00f3n<\/div><\/summary><div class=\"wp-block-themeisle-blocks-accordion-item__content\">\n<p>Se trata de un marcador de posici\u00f3n del contenido de la pesta\u00f1a. Es importante tener la informaci\u00f3n necesaria en el bloque, pero en esta fase, es s\u00f3lo un marcador de posici\u00f3n para ayudarte a visualizar c\u00f3mo se muestra el contenido. Si\u00e9ntete libre de editarlo con tu contenido real.<\/p>\n<\/div><\/details>\n<\/div>\n<\/div><\/details>\n\n\n\n<details class=\"wp-block-themeisle-blocks-accordion-item animated backInDown slower delay-100ms\"><summary class=\"wp-block-themeisle-blocks-accordion-item__title\"><div>FICHAS<\/div><\/summary><div class=\"wp-block-themeisle-blocks-accordion-item__content\">\n<p><a href=\"https:\/\/prismas.unq.edu.ar\/OJS\/index.php\/Prismas\/article\/view\/Fichas_prismas11\" target=\"_blank\" rel=\"noreferrer noopener\"><strong>Libros fichados:<\/strong> Carlos Altamirano, <em>Intelectuales <\/em>\/ Emilio De \u00cdpola, <em>Althusser, el infinito adi\u00f3s <\/em>\/ Stefan Collini, <em>Absent minds <\/em>\/ Jos\u00e9 Sazb\u00f3n, <em>Seis estudios sobre la Revoluci\u00f3n Francesa <\/em>\/ El\u00edas J. Palti, <em>El tiempo de la pol\u00edtica <\/em>\/ Fernanda Beigel, <em>La epopeya de una generaci\u00f3n y una revista <\/em>\/ Oscar Ter\u00e1n, <em>De utop\u00edas, cat\u00e1strofes y esperanzas <\/em>\/ Alejandro Blanco, <em>Raz\u00f3n y modernidad <\/em>\/ Alejandro Blanco, <em>Gino Germani <\/em>\/ Eduardo Jozami, <em>Rodolfo Walsh <\/em>\/ Alejandra Oberti y Roberto Pittaluga, <em>Memorias en montaje <\/em>\/ Ana Longoni, <em>Traiciones<\/em><\/a><\/p>\n\n\n\n<p>Autores: Mart\u00edn Bergel, Ricardo Mart\u00ednez Mazzola<\/p>\n\n\n\n<div id=\"wp-block-themeisle-blocks-accordion-7b6d24ea\" class=\"wp-block-themeisle-blocks-accordion exclusive\">\n<details class=\"wp-block-themeisle-blocks-accordion-item\"><summary class=\"wp-block-themeisle-blocks-accordion-item__title\"><div>T\u00edtulo de acorde\u00f3n 1<\/div><\/summary><div class=\"wp-block-themeisle-blocks-accordion-item__content\">\n<p>Se trata de un marcador de posici\u00f3n del contenido de la pesta\u00f1a. Es importante tener la informaci\u00f3n necesaria en el bloque, pero en esta fase, es s\u00f3lo un marcador de posici\u00f3n para ayudarte a visualizar c\u00f3mo se muestra el contenido. Si\u00e9ntete libre de editarlo con tu contenido real.<\/p>\n<\/div><\/details>\n\n\n\n<details class=\"wp-block-themeisle-blocks-accordion-item\"><summary class=\"wp-block-themeisle-blocks-accordion-item__title\"><div>T\u00edtulo 2 del acorde\u00f3n<\/div><\/summary><div class=\"wp-block-themeisle-blocks-accordion-item__content\">\n<p>Se trata de un marcador de posici\u00f3n del contenido de la pesta\u00f1a. Es importante tener la informaci\u00f3n necesaria en el bloque, pero en esta fase, es s\u00f3lo un marcador de posici\u00f3n para ayudarte a visualizar c\u00f3mo se muestra el contenido. Si\u00e9ntete libre de editarlo con tu contenido real.<\/p>\n<\/div><\/details>\n<\/div>\n<\/div><\/details>\n\n\n\n<details class=\"wp-block-themeisle-blocks-accordion-item animated backInDown delay-100ms slower\"><summary class=\"wp-block-themeisle-blocks-accordion-item__title\"><div>OBITUARIOS<\/div><\/summary><div class=\"wp-block-themeisle-blocks-accordion-item__content\">\n<p><a href=\"https:\/\/prismas.unq.edu.ar\/OJS\/index.php\/Prismas\/article\/view\/Camarero_prismas11\" target=\"_blank\" rel=\"noreferrer noopener\">Juan Carlos Portantiero (1934-2007<\/a>)<\/p>\n\n\n\n<p>Hern\u00e1n Camarero<\/p>\n\n\n\n<p><a href=\"https:\/\/prismas.unq.edu.ar\/OJS\/index.php\/Prismas\/article\/view\/Altamirano_prismas11\" target=\"_blank\" rel=\"noreferrer noopener\">F\u00e9lix Weinberg (1927-2007<\/a>)<\/p>\n\n\n\n<p>Carlos Altamirano<\/p>\n<\/div><\/details>\n<\/div>\n<\/div>\n<\/div><\/div>\n","protected":false},"excerpt":{"rendered":"","protected":false},"author":3,"featured_media":155,"comment_status":"closed","ping_status":"closed","sticky":false,"template":"","format":"standard","meta":{"_themeisle_gutenberg_block_has_review":false,"footnotes":""},"categories":[5],"tags":[10,6,8],"class_list":["post-361","post","type-post","status-publish","format-standard","has-post-thumbnail","hentry","category-indice-general","tag-25-anos","tag-historia-intelectual","tag-prismas"],"_links":{"self":[{"href":"https:\/\/historiaintelectual.com.ar\/indiceprismas\/wp-json\/wp\/v2\/posts\/361","targetHints":{"allow":["GET"]}}],"collection":[{"href":"https:\/\/historiaintelectual.com.ar\/indiceprismas\/wp-json\/wp\/v2\/posts"}],"about":[{"href":"https:\/\/historiaintelectual.com.ar\/indiceprismas\/wp-json\/wp\/v2\/types\/post"}],"author":[{"embeddable":true,"href":"https:\/\/historiaintelectual.com.ar\/indiceprismas\/wp-json\/wp\/v2\/users\/3"}],"replies":[{"embeddable":true,"href":"https:\/\/historiaintelectual.com.ar\/indiceprismas\/wp-json\/wp\/v2\/comments?post=361"}],"version-history":[{"count":6,"href":"https:\/\/historiaintelectual.com.ar\/indiceprismas\/wp-json\/wp\/v2\/posts\/361\/revisions"}],"predecessor-version":[{"id":2955,"href":"https:\/\/historiaintelectual.com.ar\/indiceprismas\/wp-json\/wp\/v2\/posts\/361\/revisions\/2955"}],"wp:featuredmedia":[{"embeddable":true,"href":"https:\/\/historiaintelectual.com.ar\/indiceprismas\/wp-json\/wp\/v2\/media\/155"}],"wp:attachment":[{"href":"https:\/\/historiaintelectual.com.ar\/indiceprismas\/wp-json\/wp\/v2\/media?parent=361"}],"wp:term":[{"taxonomy":"category","embeddable":true,"href":"https:\/\/historiaintelectual.com.ar\/indiceprismas\/wp-json\/wp\/v2\/categories?post=361"},{"taxonomy":"post_tag","embeddable":true,"href":"https:\/\/historiaintelectual.com.ar\/indiceprismas\/wp-json\/wp\/v2\/tags?post=361"}],"curies":[{"name":"wp","href":"https:\/\/api.w.org\/{rel}","templated":true}]}}