{"id":358,"date":"2023-02-27T16:17:18","date_gmt":"2023-02-27T16:17:18","guid":{"rendered":"https:\/\/historiaintelectual.com.ar\/indiceprismas\/?p=358"},"modified":"2025-05-26T17:48:22","modified_gmt":"2025-05-26T17:48:22","slug":"vol-10-2006","status":"publish","type":"post","link":"https:\/\/historiaintelectual.com.ar\/indiceprismas\/vol-10-2006\/","title":{"rendered":"VOL. 10 (2006)"},"content":{"rendered":"\n<div id=\"wp-block-themeisle-blocks-advanced-columns-6a350af5\" class=\"wp-block-themeisle-blocks-advanced-columns has-2-columns has-desktop-oneTwo-layout has-tablet-equal-layout has-mobile-collapsedRows-layout has-vertical-unset\"><div class=\"wp-block-themeisle-blocks-advanced-columns-overlay\"><\/div><div class=\"innerblocks-wrap\">\n<div id=\"wp-block-themeisle-blocks-advanced-column-726330eb\" class=\"wp-block-themeisle-blocks-advanced-column\">\n<figure class=\"wp-block-image size-full is-resized o-sticky o-sticky-pos-top o-sticky-bhvr-keep o-sticky-scope-parent\"><img loading=\"lazy\" decoding=\"async\" width=\"377\" height=\"550\" src=\"http:\/\/historiaintelectual.com.ar\/indiceprismas\/wp-content\/uploads\/2023\/02\/10.jpg\" alt=\"\" class=\"wp-image-157\" style=\"width:315px;height:460px\" srcset=\"https:\/\/historiaintelectual.com.ar\/indiceprismas\/wp-content\/uploads\/2023\/02\/10.jpg 377w, https:\/\/historiaintelectual.com.ar\/indiceprismas\/wp-content\/uploads\/2023\/02\/10-206x300.jpg 206w, https:\/\/historiaintelectual.com.ar\/indiceprismas\/wp-content\/uploads\/2023\/02\/10-103x150.jpg 103w, https:\/\/historiaintelectual.com.ar\/indiceprismas\/wp-content\/uploads\/2023\/02\/10-360x525.jpg 360w\" sizes=\"auto, (max-width: 377px) 100vw, 377px\" \/><\/figure>\n<\/div>\n\n\n\n<div id=\"wp-block-themeisle-blocks-advanced-column-af3f0557\" class=\"wp-block-themeisle-blocks-advanced-column\">\n<div id=\"wp-block-themeisle-blocks-accordion-99585927\" class=\"wp-block-themeisle-blocks-accordion exclusive\">\n<details class=\"wp-block-themeisle-blocks-accordion-item animated backInDown\"><summary class=\"wp-block-themeisle-blocks-accordion-item__title\"><div>ART\u00cdCULOS<\/div><\/summary><div class=\"wp-block-themeisle-blocks-accordion-item__content\">\n<p><a href=\"https:\/\/prismas.unq.edu.ar\/OJS\/index.php\/Prismas\/article\/view\/Garc%C3%ADa_prismas10\">Circula<\/a><a rel=\"noreferrer noopener\" href=\"https:\/\/prismas.unq.edu.ar\/OJS\/index.php\/Prismas\/article\/view\/Garc%C3%ADa_prismas10\" target=\"_blank\">c<\/a><a href=\"https:\/\/prismas.unq.edu.ar\/OJS\/index.php\/Prismas\/article\/view\/Garc%C3%ADa_prismas10\">i\u00f3n internacional y formaci\u00f3n de una \u00abescuela de pensamiento\u00bb latinoamericana (1945-2000)<\/a><br>Afranio Garc\u00eda<\/p>\n\n\n\n<p><a rel=\"noreferrer noopener\" href=\"https:\/\/prismas.unq.edu.ar\/OJS\/index.php\/Prismas\/article\/view\/Rocca_prismas10\" target=\"_blank\">El caso Real. Alternativas cr\u00edticas americanas<\/a><br>Pablo Rocca<\/p>\n\n\n\n<p><a rel=\"noreferrer noopener\" href=\"https:\/\/prismas.unq.edu.ar\/OJS\/index.php\/Prismas\/article\/view\/Hora_prismas10\" target=\"_blank\">Estado y pol\u00edtica en el pensamiento terrateniente argentino de fines del siglo XIX. Las ideas de la Liga Agraria<\/a><br>Roy Hora<\/p>\n\n\n\n<p><a href=\"https:\/\/prismas.unq.edu.ar\/OJS\/index.php\/Prismas\/article\/view\/Ag%C3%BCero_prismas10\">C\u00f3rdoba en el i<\/a><a rel=\"noreferrer noopener\" href=\"https:\/\/prismas.unq.edu.ar\/OJS\/index.php\/Prismas\/article\/view\/Ag%C3%BCero_prismas10\" target=\"_blank\">maginario de lo nacional. La ciudad pensada por Domingo F. Sarmiento, Joaqu\u00edn V. Gonz\u00e1lez y Juan<\/a><a href=\"https:\/\/prismas.unq.edu.ar\/OJS\/index.php\/Prismas\/article\/view\/Ag%C3%BCero_prismas10\"> Bialet Mass\u00e9<\/a><br>Ana Clarisa Ag\u00fcero<\/p>\n\n\n\n<p><a rel=\"noreferrer noopener\" href=\"https:\/\/prismas.unq.edu.ar\/OJS\/index.php\/Prismas\/article\/view\/Bergel_prismas10\" target=\"_blank\">Un caso de orientalismo invertido. La <em>Revista de Oriente<\/em> (1925-1926) y los modelos de relevo de la civilizaci\u00f3n occidental<\/a><br>Mart\u00edn Bergel<\/p>\n<\/div><\/details>\n\n\n\n<details class=\"wp-block-themeisle-blocks-accordion-item animated backInDown slow\"><summary class=\"wp-block-themeisle-blocks-accordion-item__title\"><div>ARGUMENTOS<\/div><\/summary><div class=\"wp-block-themeisle-blocks-accordion-item__content\">\n<p><a rel=\"noreferrer noopener\" href=\"https:\/\/prismas.unq.edu.ar\/OJS\/index.php\/Prismas\/article\/view\/Lemert_prismas10\" target=\"_blank\">Los h\u00e1bitos de los intelectuales. Respuesta a Ringer<\/a><br>Charles Lemert<\/p>\n\n\n\n<p><a href=\"https:\/\/prismas.unq.edu.ar\/OJS\/index.php\/Prismas\/article\/view\/Jay_prismas10\">Trabajo <\/a><a rel=\"noreferrer noopener\" href=\"https:\/\/prismas.unq.edu.ar\/OJS\/index.php\/Prismas\/article\/view\/Jay_prismas10\" target=\"_blank\">d<\/a><a href=\"https:\/\/prismas.unq.edu.ar\/OJS\/index.php\/Prismas\/article\/view\/Jay_prismas10\">e campo y teorizaci\u00f3n en la historia intelectual: una r\u00e9plica a Fritz Ringer<\/a><br>Mart\u00edn Jay<\/p>\n\n\n\n<p><a rel=\"noreferrer noopener\" href=\"https:\/\/prismas.unq.edu.ar\/OJS\/index.php\/Prismas\/article\/view\/Ringer_prismas10\" target=\"_blank\">Contrarr\u00e9plica a Charles Lemert y Martin Jay<\/a><br>Fritz Ringer<\/p>\n<\/div><\/details>\n\n\n\n<details class=\"wp-block-themeisle-blocks-accordion-item animated backInDown slow\"><summary class=\"wp-block-themeisle-blocks-accordion-item__title\"><div>DOSSIER: La ciudad letrada: Hacia una historia de las \u00e9lites intelectuales en Am\u00e9rica Latina<\/div><\/summary><div class=\"wp-block-themeisle-blocks-accordion-item__content\">\n<p><a rel=\"noreferrer noopener\" href=\"https:\/\/prismas.unq.edu.ar\/OJS\/index.php\/Prismas\/article\/view\/Gilman_prismas10\" target=\"_blank\">Am\u00e9rica Latina, ciudad, voz y letra<\/a><br>Claudia Gilman<\/p>\n\n\n\n<p><a rel=\"noreferrer noopener\" href=\"https:\/\/prismas.unq.edu.ar\/OJS\/index.php\/Prismas\/article\/view\/Gorelik_prismas10\" target=\"_blank\">Intelectuales y ciudad en Am\u00e9rica Latina<\/a><br>Adri\u00e1n Gorelik<\/p>\n\n\n\n<p><a rel=\"noreferrer noopener\" href=\"https:\/\/prismas.unq.edu.ar\/OJS\/index.php\/Prismas\/article\/view\/Aguilar2_prismas10\" target=\"_blank\">Las costuras de la letra<\/a><br>Gonzalo Aguilar<\/p>\n\n\n\n<p><a rel=\"noreferrer noopener\" href=\"https:\/\/prismas.unq.edu.ar\/OJS\/index.php\/Prismas\/article\/view\/Altamirano_prismas10\" target=\"_blank\">La lecci\u00f3n de escritura<\/a><br>Carlos Altamirano<\/p>\n\n\n\n<p><a rel=\"noreferrer noopener\" href=\"https:\/\/prismas.unq.edu.ar\/OJS\/index.php\/Prismas\/article\/view\/Colombi_prismas10\" target=\"_blank\">Una gesta anti\u00e9pica<\/a><br>Beatriz Colombi<\/p>\n\n\n\n<p><a rel=\"noreferrer noopener\" href=\"https:\/\/prismas.unq.edu.ar\/OJS\/index.php\/Prismas\/article\/view\/Fern%C3%A1ndez_prismas10\" target=\"_blank\">La provocaci\u00f3n de La ciudad letrada<\/a><br>\u00c1lvaro Fern\u00e1ndez Bravo<\/p>\n\n\n\n<p><a rel=\"noreferrer noopener\" href=\"https:\/\/prismas.unq.edu.ar\/OJS\/index.php\/Prismas\/article\/view\/Fiorucci2_prismas10\" target=\"_blank\">Reproches y anhelos del antiintelectualismo<\/a><br>Flavia Fiorucci, In\u00e9s Rojkind<\/p>\n\n\n\n<p><a rel=\"noreferrer noopener\" href=\"https:\/\/prismas.unq.edu.ar\/OJS\/index.php\/Prismas\/article\/view\/Garramu%C3%B1o_prismas10\" target=\"_blank\">El \u00e1rbol y el bosque: La ciudad letrada y su concepto de poder<\/a><br>Florencia Garramu\u00f1o<\/p>\n\n\n\n<p><a href=\"https:\/\/prismas.unq.edu.ar\/OJS\/index.php\/Prismas\/article\/view\/Mailhe_prismas10\">Desdoblami<\/a><a rel=\"noreferrer noopener\" href=\"https:\/\/prismas.unq.edu.ar\/OJS\/index.php\/Prismas\/article\/view\/Mailhe_prismas10\" target=\"_blank\">e<\/a><a href=\"https:\/\/prismas.unq.edu.ar\/OJS\/index.php\/Prismas\/article\/view\/Mailhe_prismas10\">ntos especulares<\/a><br>Alejandra Mailhe<\/p>\n\n\n\n<p><a rel=\"noreferrer noopener\" href=\"https:\/\/prismas.unq.edu.ar\/OJS\/index.php\/Prismas\/article\/view\/Myers_prismas10\" target=\"_blank\">Las letras del poder: apogeo y cat\u00e1strofe<\/a><br>Jorge Myers<\/p>\n\n\n\n<p><a rel=\"noreferrer noopener\" href=\"https:\/\/prismas.unq.edu.ar\/OJS\/index.php\/Prismas\/article\/view\/Ben_prismas10\" target=\"_blank\">Intelectuales en Am\u00e9rica Latina<\/a><br>Mariano Ben Plotkin<\/p>\n<\/div><\/details>\n\n\n\n<details class=\"wp-block-themeisle-blocks-accordion-item animated backInDown slower\"><summary class=\"wp-block-themeisle-blocks-accordion-item__title\"><div>LECTURAS<\/div><\/summary><div class=\"wp-block-themeisle-blocks-accordion-item__content\">\n<p><a rel=\"noreferrer noopener\" href=\"https:\/\/prismas.unq.edu.ar\/OJS\/index.php\/Prismas\/article\/view\/Palti_prismas10\" target=\"_blank\">El historicismo como idea y como lenguaje<\/a><br>El\u00edas Palti<\/p>\n\n\n\n<p><a rel=\"noreferrer noopener\" href=\"https:\/\/prismas.unq.edu.ar\/OJS\/index.php\/Prismas\/article\/view\/Eunajian_prismas10\" target=\"_blank\">Lecturas sobre Paul Groussac<\/a><br>Alejandro Eujanian<\/p>\n\n\n\n<div id=\"wp-block-themeisle-blocks-accordion-ffb0ace6\" class=\"wp-block-themeisle-blocks-accordion exclusive\">\n<details class=\"wp-block-themeisle-blocks-accordion-item\"><summary class=\"wp-block-themeisle-blocks-accordion-item__title\"><div>T\u00edtulo de acorde\u00f3n 1<\/div><\/summary><div class=\"wp-block-themeisle-blocks-accordion-item__content\">\n<p>Se trata de un marcador de posici\u00f3n del contenido de la pesta\u00f1a. Es importante tener la informaci\u00f3n necesaria en el bloque, pero en esta fase, es s\u00f3lo un marcador de posici\u00f3n para ayudarte a visualizar c\u00f3mo se muestra el contenido. Si\u00e9ntete libre de editarlo con tu contenido real.<\/p>\n<\/div><\/details>\n\n\n\n<details class=\"wp-block-themeisle-blocks-accordion-item\"><summary class=\"wp-block-themeisle-blocks-accordion-item__title\"><div>T\u00edtulo 2 del acorde\u00f3n<\/div><\/summary><div class=\"wp-block-themeisle-blocks-accordion-item__content\">\n<p>Se trata de un marcador de posici\u00f3n del contenido de la pesta\u00f1a. Es importante tener la informaci\u00f3n necesaria en el bloque, pero en esta fase, es s\u00f3lo un marcador de posici\u00f3n para ayudarte a visualizar c\u00f3mo se muestra el contenido. Si\u00e9ntete libre de editarlo con tu contenido real.<\/p>\n<\/div><\/details>\n<\/div>\n\n\n\n<div id=\"wp-block-themeisle-blocks-accordion-9651f8d2\" class=\"wp-block-themeisle-blocks-accordion exclusive\">\n<details class=\"wp-block-themeisle-blocks-accordion-item\"><summary class=\"wp-block-themeisle-blocks-accordion-item__title\"><div>T\u00edtulo de acorde\u00f3n 1<\/div><\/summary><div class=\"wp-block-themeisle-blocks-accordion-item__content\">\n<p>Se trata de un marcador de posici\u00f3n del contenido de la pesta\u00f1a. Es importante tener la informaci\u00f3n necesaria en el bloque, pero en esta fase, es s\u00f3lo un marcador de posici\u00f3n para ayudarte a visualizar c\u00f3mo se muestra el contenido. Si\u00e9ntete libre de editarlo con tu contenido real.<\/p>\n<\/div><\/details>\n\n\n\n<details class=\"wp-block-themeisle-blocks-accordion-item\"><summary class=\"wp-block-themeisle-blocks-accordion-item__title\"><div>T\u00edtulo 2 del acorde\u00f3n<\/div><\/summary><div class=\"wp-block-themeisle-blocks-accordion-item__content\">\n<p>Se trata de un marcador de posici\u00f3n del contenido de la pesta\u00f1a. Es importante tener la informaci\u00f3n necesaria en el bloque, pero en esta fase, es s\u00f3lo un marcador de posici\u00f3n para ayudarte a visualizar c\u00f3mo se muestra el contenido. Si\u00e9ntete libre de editarlo con tu contenido real.<\/p>\n<\/div><\/details>\n<\/div>\n<\/div><\/details>\n\n\n\n<details class=\"wp-block-themeisle-blocks-accordion-item animated backInDown slower delay-100ms\"><summary class=\"wp-block-themeisle-blocks-accordion-item__title\"><div>RESE\u00d1AS<\/div><\/summary><div class=\"wp-block-themeisle-blocks-accordion-item__content\">\n<p><a rel=\"noreferrer noopener\" href=\"https:\/\/prismas.unq.edu.ar\/OJS\/index.php\/Prismas\/article\/view\/Crelier_prismas10\" target=\"_blank\">Alberto Mario Damiani, Domesticar a los gigantes. Sentido y praxis en Vico<\/a><br>Andr\u00e9s Crelier<\/p>\n\n\n\n<p><a rel=\"noreferrer noopener\" href=\"https:\/\/prismas.unq.edu.ar\/OJS\/index.php\/Prismas\/article\/view\/deMendoza_prismas10\" target=\"_blank\">Gabriela Siracusano, El poder de los colores. De lo material a lo simb\u00f3lico en las pr\u00e1cticas culturales andinas. Siglos XVI-XVIII<\/a><br>Diego H. de Mendoza<\/p>\n\n\n\n<p><a rel=\"noreferrer noopener\" href=\"https:\/\/prismas.unq.edu.ar\/OJS\/index.php\/Prismas\/article\/view\/Vasquez_prismas10\" target=\"_blank\">Eduardo Jardim de Moraes, M\u00e1rio de Andrade. A morte do poeta<\/a><br>Karina V\u00e1squez<\/p>\n\n\n\n<p><a rel=\"noreferrer noopener\" href=\"https:\/\/prismas.unq.edu.ar\/OJS\/index.php\/Prismas\/article\/view\/Sa%C3%ADtta_prismas10\" target=\"_blank\">Eduardo Romano, Revoluci\u00f3n en la lectura. El discurso period\u00edstico-literario de las primeras revistas ilustradas rioplatenses<\/a><br>Sylvia Sa\u00edtta<\/p>\n\n\n\n<p><a rel=\"noreferrer noopener\" href=\"https:\/\/prismas.unq.edu.ar\/OJS\/index.php\/Prismas\/article\/view\/673\" target=\"_blank\">Jos\u00e9 Nun (comp.) Debates de Mayo. Naci\u00f3n, cultura y pol\u00edtica<\/a><br>In\u00e9s Rojkind<\/p>\n\n\n\n<p><a href=\"https:\/\/prismas.unq.edu.ar\/OJS\/index.php\/Prismas\/article\/view\/Rocchi_prismas10\">Graciela Batticuore, Klaus Gallo y Jorge Myers (comps.) Resonanci<\/a><a rel=\"noreferrer noopener\" href=\"https:\/\/prismas.unq.edu.ar\/OJS\/index.php\/Prismas\/article\/view\/Rocchi_prismas10\" target=\"_blank\">as rom\u00e1nticas. Ensayos sobre historia de la cultura argentina (1820-1890)<\/a><br>Fernando Rocchi<\/p>\n\n\n\n<p><a rel=\"noreferrer noopener\" href=\"https:\/\/prismas.unq.edu.ar\/OJS\/index.php\/Prismas\/article\/view\/Silvestri_prismas10\" target=\"_blank\">Vanni Blengino, La zanja de la Patagonia. Los nuevos conquistadores: militares, cient\u00edficos, sacerdotes y escritores<\/a><br>Graciela Silvestri<\/p>\n\n\n\n<p><a rel=\"noreferrer noopener\" href=\"https:\/\/prismas.unq.edu.ar\/OJS\/index.php\/Prismas\/article\/view\/Scherlis_prismas10\" target=\"_blank\">Hern\u00e1n Camarero y Carlos M. Herrera (comps.), El Partido Socialista en Argentina. Sociedad, pol\u00edtica e ideas a trav\u00e9s de un siglo<\/a><br>Gerardo Scherlis<\/p>\n\n\n\n<p><a rel=\"noreferrer noopener\" href=\"https:\/\/prismas.unq.edu.ar\/OJS\/index.php\/Prismas\/article\/view\/Devoto_prismas10\" target=\"_blank\">Tulio Halperin Donghi, El revisionismo hist\u00f3rico argentino como visi\u00f3n decadentista de la historia nacional<\/a><br>Fernando Devoto<\/p>\n\n\n\n<p><a rel=\"noreferrer noopener\" href=\"https:\/\/prismas.unq.edu.ar\/OJS\/index.php\/Prismas\/article\/view\/Rodr%C3%ADguez_prismas10\" target=\"_blank\">Sylvia Sa\u00edtta (estudio preliminar) Contra. La revista de los franco-tiradores<\/a><br>Fernando Diego Rodr\u00edguez<\/p>\n\n\n\n<p><a rel=\"noreferrer noopener\" href=\"https:\/\/prismas.unq.edu.ar\/OJS\/index.php\/Prismas\/article\/view\/Romero_prismas10\" target=\"_blank\">Anahi Ballent, Las huellas de la pol\u00edtica. Vivienda, ciudad y peronismo en Buenos Aires, 1943-1955<\/a><br>Luis Alberto Romero<\/p>\n\n\n\n<p><a rel=\"noreferrer noopener\" href=\"https:\/\/prismas.unq.edu.ar\/OJS\/index.php\/Prismas\/article\/view\/Fiorucci_prismas10\" target=\"_blank\">Marcela Garc\u00eda Sebastiani, Los antiperonistas en la Argentina peronista, radicales y socialistas en la pol\u00edtica argentina entre 1943 y 1951<\/a><br>Flavia Fiorucci<\/p>\n\n\n\n<p><a rel=\"noreferrer noopener\" href=\"https:\/\/prismas.unq.edu.ar\/OJS\/index.php\/Prismas\/article\/view\/Aguilar_prismas10\" target=\"_blank\">Mirta Varela, La televisi\u00f3n criolla (Desde sus inicios hasta la llegada del hombre a la Luna, 1951-1969)<\/a><br>Gonzalo Aguilar<\/p>\n\n\n\n<p><a rel=\"noreferrer noopener\" href=\"https:\/\/prismas.unq.edu.ar\/OJS\/index.php\/Prismas\/article\/view\/682\" target=\"_blank\">Sabina Frederic y Germ\u00e1n Soprano (comps.) Cultura y pol\u00edtica en etnograf\u00edas sobre la Argentina<\/a><br>Eduardo Rinesi<\/p>\n\n\n\n<div id=\"wp-block-themeisle-blocks-accordion-9db99f43\" class=\"wp-block-themeisle-blocks-accordion exclusive\">\n<details class=\"wp-block-themeisle-blocks-accordion-item\"><summary class=\"wp-block-themeisle-blocks-accordion-item__title\"><div>T\u00edtulo de acorde\u00f3n 1<\/div><\/summary><div class=\"wp-block-themeisle-blocks-accordion-item__content\">\n<p>Se trata de un marcador de posici\u00f3n del contenido de la pesta\u00f1a. Es importante tener la informaci\u00f3n necesaria en el bloque, pero en esta fase, es s\u00f3lo un marcador de posici\u00f3n para ayudarte a visualizar c\u00f3mo se muestra el contenido. Si\u00e9ntete libre de editarlo con tu contenido real.<\/p>\n<\/div><\/details>\n\n\n\n<details class=\"wp-block-themeisle-blocks-accordion-item\"><summary class=\"wp-block-themeisle-blocks-accordion-item__title\"><div>T\u00edtulo 2 del acorde\u00f3n<\/div><\/summary><div class=\"wp-block-themeisle-blocks-accordion-item__content\">\n<p>Se trata de un marcador de posici\u00f3n del contenido de la pesta\u00f1a. Es importante tener la informaci\u00f3n necesaria en el bloque, pero en esta fase, es s\u00f3lo un marcador de posici\u00f3n para ayudarte a visualizar c\u00f3mo se muestra el contenido. Si\u00e9ntete libre de editarlo con tu contenido real.<\/p>\n<\/div><\/details>\n<\/div>\n<\/div><\/details>\n\n\n\n<details class=\"wp-block-themeisle-blocks-accordion-item animated backInDown slower delay-100ms\"><summary class=\"wp-block-themeisle-blocks-accordion-item__title\"><div>FICHAS<\/div><\/summary><div class=\"wp-block-themeisle-blocks-accordion-item__content\">\n<p><a rel=\"noreferrer noopener\" href=\"https:\/\/prismas.unq.edu.ar\/OJS\/index.php\/Prismas\/article\/view\/Fichas_%C2%B4prismas10\" target=\"_blank\"><strong>Libros fichados: <\/strong>John Locke, <em>Ensayo sobre el Gobierno civil <\/em>\/ Claudia Hilb, <em>Leo Strauss: el arte de leer <\/em>\/ Carlos Altamirano, <em>Para un programa de historia intelectual <\/em>\/ El\u00edas J. Palti, <em>Verdades y saberes del marxismo <\/em>\/ Beatriz Sarlo, <em>Tiempo pasado <\/em>\/ Marta E. Cas\u00e1us Arz\u00fa y Manuel P\u00e9rez Ledesma (eds.), <em>Redes intelectuales y formaci\u00f3n de naciones en Espa\u00f1a y Am\u00e9rica Latina&nbsp; <\/em>\/ Erika Pani y Alicia Salmer\u00f3n (coords.), <em>Conceptualizar lo que se ve <\/em>\/ El\u00edas J. Palti, <em>La invenci\u00f3n de una legitimidad <\/em>\/ Jussi Pakkasvirta, <em>\u00bfUn continente, una naci\u00f3n? <\/em>\/ Adri\u00e1n Gorelik, <em>Das vanguardas a Bras\u00edlia <\/em>\/ Fernando Aliata, <em>La ciudad regular <\/em>\/ Roberto Madero, <em>La historiograf\u00eda entre la rep\u00fablica y la naci\u00f3n <\/em>\/ Dar\u00edo Rold\u00e1n (comp.), <em>Crear la democracia <\/em>\/ Mar\u00eda P\u00eda L\u00f3pez, <em>Lugones <\/em>\/ Andr\u00e9s Bisso, <em>Acci\u00f3n Argentina <\/em>\/ Omar Acha, <em>La trama profunda<\/em><\/a><br>Autores: Mart\u00edn Bergel, Ricardo Mart\u00ednez Mazzola, Alejandro Blanco, Adri\u00e1n Gorelik<\/p>\n\n\n\n<div id=\"wp-block-themeisle-blocks-accordion-7b6d24ea\" class=\"wp-block-themeisle-blocks-accordion exclusive\">\n<details class=\"wp-block-themeisle-blocks-accordion-item\"><summary class=\"wp-block-themeisle-blocks-accordion-item__title\"><div>T\u00edtulo de acorde\u00f3n 1<\/div><\/summary><div class=\"wp-block-themeisle-blocks-accordion-item__content\">\n<p>Se trata de un marcador de posici\u00f3n del contenido de la pesta\u00f1a. Es importante tener la informaci\u00f3n necesaria en el bloque, pero en esta fase, es s\u00f3lo un marcador de posici\u00f3n para ayudarte a visualizar c\u00f3mo se muestra el contenido. Si\u00e9ntete libre de editarlo con tu contenido real.<\/p>\n<\/div><\/details>\n\n\n\n<details class=\"wp-block-themeisle-blocks-accordion-item\"><summary class=\"wp-block-themeisle-blocks-accordion-item__title\"><div>T\u00edtulo 2 del acorde\u00f3n<\/div><\/summary><div class=\"wp-block-themeisle-blocks-accordion-item__content\">\n<p>Se trata de un marcador de posici\u00f3n del contenido de la pesta\u00f1a. Es importante tener la informaci\u00f3n necesaria en el bloque, pero en esta fase, es s\u00f3lo un marcador de posici\u00f3n para ayudarte a visualizar c\u00f3mo se muestra el contenido. Si\u00e9ntete libre de editarlo con tu contenido real.<\/p>\n<\/div><\/details>\n<\/div>\n<\/div><\/details>\n\n\n\n<details class=\"wp-block-themeisle-blocks-accordion-item animated backInDown delay-100ms slower\"><summary class=\"wp-block-themeisle-blocks-accordion-item__title\"><div>OBITUARIOS<\/div><\/summary><div class=\"wp-block-themeisle-blocks-accordion-item__content\">\n<p><a rel=\"noreferrer noopener\" href=\"https:\/\/prismas.unq.edu.ar\/OJS\/index.php\/Prismas\/article\/view\/1369\" target=\"_blank\">Gregorio Weinberg (1919-2006)<\/a><br>Luis Alberto Romero<\/p>\n\n\n\n<p><a href=\"https:\/\/prismas.unq.edu.ar\/OJS\/index.php\/Prismas\/article\/view\/1370\">Reinhart Koselleck (1923-2006)<\/a><br>Javier Fern\u00e1ndez Sebasti\u00e1n<\/p>\n<\/div><\/details>\n<\/div>\n<\/div>\n<\/div><\/div>\n","protected":false},"excerpt":{"rendered":"","protected":false},"author":3,"featured_media":157,"comment_status":"closed","ping_status":"closed","sticky":false,"template":"","format":"standard","meta":{"_themeisle_gutenberg_block_has_review":false,"footnotes":""},"categories":[5],"tags":[10,6,8],"class_list":["post-358","post","type-post","status-publish","format-standard","has-post-thumbnail","hentry","category-indice-general","tag-25-anos","tag-historia-intelectual","tag-prismas"],"_links":{"self":[{"href":"https:\/\/historiaintelectual.com.ar\/indiceprismas\/wp-json\/wp\/v2\/posts\/358","targetHints":{"allow":["GET"]}}],"collection":[{"href":"https:\/\/historiaintelectual.com.ar\/indiceprismas\/wp-json\/wp\/v2\/posts"}],"about":[{"href":"https:\/\/historiaintelectual.com.ar\/indiceprismas\/wp-json\/wp\/v2\/types\/post"}],"author":[{"embeddable":true,"href":"https:\/\/historiaintelectual.com.ar\/indiceprismas\/wp-json\/wp\/v2\/users\/3"}],"replies":[{"embeddable":true,"href":"https:\/\/historiaintelectual.com.ar\/indiceprismas\/wp-json\/wp\/v2\/comments?post=358"}],"version-history":[{"count":4,"href":"https:\/\/historiaintelectual.com.ar\/indiceprismas\/wp-json\/wp\/v2\/posts\/358\/revisions"}],"predecessor-version":[{"id":2956,"href":"https:\/\/historiaintelectual.com.ar\/indiceprismas\/wp-json\/wp\/v2\/posts\/358\/revisions\/2956"}],"wp:featuredmedia":[{"embeddable":true,"href":"https:\/\/historiaintelectual.com.ar\/indiceprismas\/wp-json\/wp\/v2\/media\/157"}],"wp:attachment":[{"href":"https:\/\/historiaintelectual.com.ar\/indiceprismas\/wp-json\/wp\/v2\/media?parent=358"}],"wp:term":[{"taxonomy":"category","embeddable":true,"href":"https:\/\/historiaintelectual.com.ar\/indiceprismas\/wp-json\/wp\/v2\/categories?post=358"},{"taxonomy":"post_tag","embeddable":true,"href":"https:\/\/historiaintelectual.com.ar\/indiceprismas\/wp-json\/wp\/v2\/tags?post=358"}],"curies":[{"name":"wp","href":"https:\/\/api.w.org\/{rel}","templated":true}]}}