{"id":312,"date":"2023-02-27T03:30:07","date_gmt":"2023-02-27T03:30:07","guid":{"rendered":"https:\/\/historiaintelectual.com.ar\/indiceprismas\/?p=312"},"modified":"2025-05-26T17:48:58","modified_gmt":"2025-05-26T17:48:58","slug":"vol-9-2005","status":"publish","type":"post","link":"https:\/\/historiaintelectual.com.ar\/indiceprismas\/vol-9-2005\/","title":{"rendered":"VOL. 9 (2005)"},"content":{"rendered":"\n<div id=\"wp-block-themeisle-blocks-advanced-columns-6a350af5\" class=\"wp-block-themeisle-blocks-advanced-columns has-2-columns has-desktop-oneTwo-layout has-tablet-equal-layout has-mobile-collapsedRows-layout has-vertical-unset\"><div class=\"wp-block-themeisle-blocks-advanced-columns-overlay\"><\/div><div class=\"innerblocks-wrap\">\n<div id=\"wp-block-themeisle-blocks-advanced-column-726330eb\" class=\"wp-block-themeisle-blocks-advanced-column\">\n<figure class=\"wp-block-image size-full is-resized o-sticky o-sticky-pos-top o-sticky-bhvr-keep o-sticky-scope-parent\"><img loading=\"lazy\" decoding=\"async\" width=\"377\" height=\"550\" src=\"http:\/\/historiaintelectual.com.ar\/indiceprismas\/wp-content\/uploads\/2023\/02\/9.jpg\" alt=\"\" class=\"wp-image-158\" style=\"width:315px;height:460px\" srcset=\"https:\/\/historiaintelectual.com.ar\/indiceprismas\/wp-content\/uploads\/2023\/02\/9.jpg 377w, https:\/\/historiaintelectual.com.ar\/indiceprismas\/wp-content\/uploads\/2023\/02\/9-206x300.jpg 206w, https:\/\/historiaintelectual.com.ar\/indiceprismas\/wp-content\/uploads\/2023\/02\/9-103x150.jpg 103w, https:\/\/historiaintelectual.com.ar\/indiceprismas\/wp-content\/uploads\/2023\/02\/9-360x525.jpg 360w\" sizes=\"auto, (max-width: 377px) 100vw, 377px\" \/><\/figure>\n<\/div>\n\n\n\n<div id=\"wp-block-themeisle-blocks-advanced-column-af3f0557\" class=\"wp-block-themeisle-blocks-advanced-column\">\n<div id=\"wp-block-themeisle-blocks-accordion-99585927\" class=\"wp-block-themeisle-blocks-accordion exclusive\">\n<details class=\"wp-block-themeisle-blocks-accordion-item animated backInDown\"><summary class=\"wp-block-themeisle-blocks-accordion-item__title\"><div>ART\u00cdCULOS<\/div><\/summary><div class=\"wp-block-themeisle-blocks-accordion-item__content\">\n<p><a rel=\"noreferrer noopener\" href=\"https:\/\/prismas.unq.edu.ar\/OJS\/index.php\/Prismas\/article\/view\/Altamirano_prismas9\" target=\"_blank\">De la historia pol\u00edtica a la historia intelectual. Reactivaciones y renovaciones<\/a><br>Carlos Altamirano<\/p>\n\n\n\n<p><a rel=\"noreferrer noopener\" href=\"https:\/\/prismas.unq.edu.ar\/OJS\/index.php\/Prismas\/article\/view\/Palti_prismas9\" target=\"_blank\">Temporalidad y refutabilidad de los conceptos pol\u00edticos<\/a><br>El\u00edas Palti<\/p>\n\n\n\n<p><a rel=\"noreferrer noopener\" href=\"https:\/\/prismas.unq.edu.ar\/OJS\/index.php\/Prismas\/article\/view\/Mailhe_prismas9\" target=\"_blank\">Fuegos cruzados. Est\u00e9tica vanguardista e ideolog\u00eda conservadora en Retrato do Brasil de Paulo Prado<\/a><br>Alejandra Mailhe<\/p>\n\n\n\n<p><a href=\"https:\/\/prismas.unq.edu.ar\/OJS\/index.php\/Prismas\/article\/view\/Ar%C3%AAas_prismas9\">Roger Bas<\/a><a rel=\"noreferrer noopener\" href=\"https:\/\/prismas.unq.edu.ar\/OJS\/index.php\/Prismas\/article\/view\/Ar%C3%AAas_prismas9\" target=\"_blank\">t<\/a><a href=\"https:\/\/prismas.unq.edu.ar\/OJS\/index.php\/Prismas\/article\/view\/Ar%C3%AAas_prismas9\">ide, int\u00e9rprete del Brasil. Africanismos, sincretismo y modernizaci\u00f3n<\/a><br>Fernanda Ar\u00eaas Peixoto<\/p>\n\n\n\n<p><a rel=\"noreferrer noopener\" href=\"https:\/\/prismas.unq.edu.ar\/OJS\/index.php\/Prismas\/article\/view\/Beigel_prismas9\" target=\"_blank\">La circulaci\u00f3n internacional de las ideas de Jos\u00e9 Carlos Mari\u00e1tegui<\/a><br>Fernanda Beigel<\/p>\n<\/div><\/details>\n\n\n\n<details class=\"wp-block-themeisle-blocks-accordion-item animated backInDown slow\"><summary class=\"wp-block-themeisle-blocks-accordion-item__title\"><div>ARGUMENTOS<\/div><\/summary><div class=\"wp-block-themeisle-blocks-accordion-item__content\">\n<p><a rel=\"noreferrer noopener\" href=\"https:\/\/prismas.unq.edu.ar\/OJS\/index.php\/Prismas\/article\/view\/854\" target=\"_blank\">El elemento est\u00e9tico de las representaciones hist\u00f3ricas<\/a><br>Johan Huizinga<\/p>\n<\/div><\/details>\n\n\n\n<details class=\"wp-block-themeisle-blocks-accordion-item animated backInDown slow\"><summary class=\"wp-block-themeisle-blocks-accordion-item__title\"><div>DOSSIER: Cat\u00f3licos en el siglo: pol\u00edtica y cultura<\/div><\/summary><div class=\"wp-block-themeisle-blocks-accordion-item__content\">\n<p><a rel=\"noreferrer noopener\" href=\"https:\/\/prismas.unq.edu.ar\/OJS\/index.php\/Prismas\/article\/view\/858\" target=\"_blank\">Presentaci\u00f3n<\/a><br>Roberto Di St\u00e9fano<\/p>\n\n\n\n<p><a rel=\"noreferrer noopener\" href=\"https:\/\/prismas.unq.edu.ar\/OJS\/index.php\/Prismas\/article\/view\/860\" target=\"_blank\">La prensa cat\u00f3lica y sus lectores en Buenos Aires, 1880-1920<\/a><br>Miranda Lida<\/p>\n\n\n\n<p><a rel=\"noreferrer noopener\" href=\"https:\/\/prismas.unq.edu.ar\/OJS\/index.php\/Prismas\/article\/view\/861\" target=\"_blank\">Opini\u00f3n pol\u00edtica de los cat\u00f3licos y la cuesti\u00f3n nacional, 1880-1910<\/a><br>Lilia Ana Bertoni<\/p>\n\n\n\n<p><a rel=\"noreferrer noopener\" href=\"https:\/\/prismas.unq.edu.ar\/OJS\/index.php\/Prismas\/article\/view\/863\" target=\"_blank\">La relaci\u00f3n entre los C\u00edrculos de Obreros y los sectores patronales en las dos primeras d\u00e9cadas del siglo XX<\/a><br>Mar\u00eda Ester Rapalo<\/p>\n\n\n\n<p><a rel=\"noreferrer noopener\" href=\"https:\/\/prismas.unq.edu.ar\/OJS\/index.php\/Prismas\/article\/view\/865\" target=\"_blank\">La construcci\u00f3n de la Iglesia Cat\u00f3lica argentina como actor pol\u00edtico y social, 1930-1960<\/a><br>Susana Bianchi<\/p>\n\n\n\n<p><a rel=\"noreferrer noopener\" href=\"https:\/\/prismas.unq.edu.ar\/OJS\/index.php\/Prismas\/article\/view\/866\" target=\"_blank\">Sobre el criollismo cat\u00f3lico. Notas para leer a Leonardo Castellani<\/a><br>Lila Caimari<\/p>\n\n\n\n<p><a rel=\"noreferrer noopener\" href=\"https:\/\/prismas.unq.edu.ar\/OJS\/index.php\/Prismas\/article\/view\/867\" target=\"_blank\">Atilio Dell\u2019Oro Maini. Los avatares de una generaci\u00f3n de intelectuales cat\u00f3licos del centenario a la d\u00e9cada de 1930<\/a><br>Fernando J. Devoto<\/p>\n\n\n\n<p><a rel=\"noreferrer noopener\" href=\"https:\/\/prismas.unq.edu.ar\/OJS\/index.php\/Prismas\/article\/view\/869\" target=\"_blank\">La experiencia de los C\u00edrculos Obreros en el Brasil<\/a><br>Jessie Jane<\/p>\n\n\n\n<p><a rel=\"noreferrer noopener\" href=\"https:\/\/prismas.unq.edu.ar\/OJS\/index.php\/Prismas\/article\/view\/870\" target=\"_blank\">Sociabilidades de los laicos en el catolicismo en la Argentina. Un recorrido socio-hist\u00f3rico<\/a><br>Ver\u00f3nica Gim\u00e9nez B\u00e9liveau<\/p>\n\n\n\n<p><a href=\"https:\/\/prismas.unq.edu.ar\/OJS\/index.php\/Prismas\/article\/view\/872\">Neo-integrali<\/a><a rel=\"noreferrer noopener\" href=\"https:\/\/prismas.unq.edu.ar\/OJS\/index.php\/Prismas\/article\/view\/872\" target=\"_blank\">s<\/a><a href=\"https:\/\/prismas.unq.edu.ar\/OJS\/index.php\/Prismas\/article\/view\/872\">mo, denuncia prof\u00e9tica y Revoluci\u00f3n en la trayectoria del Movimiento de Sacerdotes para el Tercer Mundo<\/a><br>Claudia Touris<\/p>\n\n\n\n<p><a rel=\"noreferrer noopener\" href=\"https:\/\/prismas.unq.edu.ar\/OJS\/index.php\/Prismas\/article\/view\/874\" target=\"_blank\">Aristocratismo de la salvaci\u00f3n. El catolicismo \u201cliberacionista\u201d y los Montoneros<\/a><br>Luis Miguel Donatello<\/p>\n\n\n\n<p><a href=\"https:\/\/prismas.unq.edu.ar\/OJS\/index.php\/Prismas\/article\/view\/876\">La Iglesia argentina durante el \u201cProceso\u201d (1976-1983)<\/a><br>Mart\u00edn Obreg\u00f3n<\/p>\n<\/div><\/details>\n\n\n\n<details class=\"wp-block-themeisle-blocks-accordion-item animated backInDown slower\"><summary class=\"wp-block-themeisle-blocks-accordion-item__title\"><div>LECTURAS<\/div><\/summary><div class=\"wp-block-themeisle-blocks-accordion-item__content\">\n<p><a rel=\"noreferrer noopener\" href=\"https:\/\/prismas.unq.edu.ar\/OJS\/index.php\/Prismas\/article\/view\/877\" target=\"_blank\">Sartre en la historia intelectual<\/a><br>Jos\u00e9 Sazb\u00f3n<\/p>\n\n\n\n<p><a rel=\"noreferrer noopener\" href=\"https:\/\/prismas.unq.edu.ar\/OJS\/index.php\/Prismas\/article\/view\/878\" target=\"_blank\">Entre la Kulturkritik y los Estudios culturales. Un debate contempor\u00e1neo entre Francis Mulhern y Stefan Collini<\/a><br>Jorge Myers<\/p>\n\n\n\n<div id=\"wp-block-themeisle-blocks-accordion-ffb0ace6\" class=\"wp-block-themeisle-blocks-accordion exclusive\">\n<details class=\"wp-block-themeisle-blocks-accordion-item\"><summary class=\"wp-block-themeisle-blocks-accordion-item__title\"><div>T\u00edtulo de acorde\u00f3n 1<\/div><\/summary><div class=\"wp-block-themeisle-blocks-accordion-item__content\">\n<p>Se trata de un marcador de posici\u00f3n del contenido de la pesta\u00f1a. Es importante tener la informaci\u00f3n necesaria en el bloque, pero en esta fase, es s\u00f3lo un marcador de posici\u00f3n para ayudarte a visualizar c\u00f3mo se muestra el contenido. Si\u00e9ntete libre de editarlo con tu contenido real.<\/p>\n<\/div><\/details>\n\n\n\n<details class=\"wp-block-themeisle-blocks-accordion-item\"><summary class=\"wp-block-themeisle-blocks-accordion-item__title\"><div>T\u00edtulo 2 del acorde\u00f3n<\/div><\/summary><div class=\"wp-block-themeisle-blocks-accordion-item__content\">\n<p>Se trata de un marcador de posici\u00f3n del contenido de la pesta\u00f1a. Es importante tener la informaci\u00f3n necesaria en el bloque, pero en esta fase, es s\u00f3lo un marcador de posici\u00f3n para ayudarte a visualizar c\u00f3mo se muestra el contenido. Si\u00e9ntete libre de editarlo con tu contenido real.<\/p>\n<\/div><\/details>\n<\/div>\n\n\n\n<div id=\"wp-block-themeisle-blocks-accordion-9651f8d2\" class=\"wp-block-themeisle-blocks-accordion exclusive\">\n<details class=\"wp-block-themeisle-blocks-accordion-item\"><summary class=\"wp-block-themeisle-blocks-accordion-item__title\"><div>T\u00edtulo de acorde\u00f3n 1<\/div><\/summary><div class=\"wp-block-themeisle-blocks-accordion-item__content\">\n<p>Se trata de un marcador de posici\u00f3n del contenido de la pesta\u00f1a. Es importante tener la informaci\u00f3n necesaria en el bloque, pero en esta fase, es s\u00f3lo un marcador de posici\u00f3n para ayudarte a visualizar c\u00f3mo se muestra el contenido. Si\u00e9ntete libre de editarlo con tu contenido real.<\/p>\n<\/div><\/details>\n\n\n\n<details class=\"wp-block-themeisle-blocks-accordion-item\"><summary class=\"wp-block-themeisle-blocks-accordion-item__title\"><div>T\u00edtulo 2 del acorde\u00f3n<\/div><\/summary><div class=\"wp-block-themeisle-blocks-accordion-item__content\">\n<p>Se trata de un marcador de posici\u00f3n del contenido de la pesta\u00f1a. Es importante tener la informaci\u00f3n necesaria en el bloque, pero en esta fase, es s\u00f3lo un marcador de posici\u00f3n para ayudarte a visualizar c\u00f3mo se muestra el contenido. Si\u00e9ntete libre de editarlo con tu contenido real.<\/p>\n<\/div><\/details>\n<\/div>\n<\/div><\/details>\n\n\n\n<details class=\"wp-block-themeisle-blocks-accordion-item animated backInDown slower delay-100ms\"><summary class=\"wp-block-themeisle-blocks-accordion-item__title\"><div>RESE\u00d1AS<\/div><\/summary><div class=\"wp-block-themeisle-blocks-accordion-item__content\">\n<p><a rel=\"noreferrer noopener\" href=\"https:\/\/prismas.unq.edu.ar\/OJS\/index.php\/Prismas\/article\/view\/Cabrero_prismas9\" target=\"_blank\"><br>Martin Jay, Campos de fuerza. Entre la historia intelectual y la cr\u00edtica cultural<\/a><br>Mar\u00eda del Carmen Cabrero<\/p>\n\n\n\n<p><a rel=\"noreferrer noopener\" href=\"https:\/\/prismas.unq.edu.ar\/OJS\/index.php\/Prismas\/article\/view\/Ter%C3%A1n_prismas9\" target=\"_blank\">Ernesto Galli della Loggia, L\u2019identit\u00e1 italiana<\/a><br>Oscar Ter\u00e1n<\/p>\n\n\n\n<p><a rel=\"noreferrer noopener\" href=\"https:\/\/prismas.unq.edu.ar\/OJS\/index.php\/Prismas\/article\/view\/Celentano_prismas9\" target=\"_blank\">Aimer Granados Garc\u00eda y Carlos Marichal (comps.), Construcci\u00f3n de las identidades latinoamericanas. Ensayos de historia intelectual (siglos XIX y XX)<\/a><br>Adri\u00e1n Celentano<\/p>\n\n\n\n<p><a rel=\"noreferrer noopener\" href=\"https:\/\/prismas.unq.edu.ar\/OJS\/index.php\/Prismas\/article\/view\/Palti2_prismas9\" target=\"_blank\">Hugo Cancino (coord.), Los intelectuales latinoamericanos entre la modernidad y la tradici\u00f3n, siglos XIX y XX<\/a><br>El\u00edas Palti<\/p>\n\n\n\n<p><a rel=\"noreferrer noopener\" href=\"https:\/\/prismas.unq.edu.ar\/OJS\/index.php\/Prismas\/article\/view\/Fern%C3%A1ndez_prismas9\" target=\"_blank\">Beatriz Colombi, Viaje intelectual: Migraciones y desplazamientos en Am\u00e9rica Latina (1880-1915)<\/a><br>\u00c1lvaro Fern\u00e1ndez Bravo<\/p>\n\n\n\n<p><a rel=\"noreferrer noopener\" href=\"https:\/\/prismas.unq.edu.ar\/OJS\/index.php\/Prismas\/article\/view\/Garramu%C3%B1o_prismas9\" target=\"_blank\">Gustavo Sor\u00e1, Traducir el Brasil. Una antropolog\u00eda de la circulaci\u00f3n internacional de las ideas<\/a><br>Florencia Garramu\u00f1o<\/p>\n\n\n\n<p><a rel=\"noreferrer noopener\" href=\"https:\/\/prismas.unq.edu.ar\/OJS\/index.php\/Prismas\/article\/view\/Fiorucci_primsas9\" target=\"_blank\">Heloisa Pontes, Destinos Mistos. Os criticos do grupo Clima em S\u00e3o Paulo 1940-1968<\/a><br>Flavia Fiorucci<\/p>\n\n\n\n<p><a rel=\"noreferrer noopener\" href=\"https:\/\/prismas.unq.edu.ar\/OJS\/index.php\/Prismas\/article\/view\/Antelo_prismas9\" target=\"_blank\">Gonzalo Aguilar, Poes\u00eda concreta brasile\u00f1a: las vanguardias en la encrucijada modernista<\/a><br>Ra\u00fal Antelo<\/p>\n\n\n\n<p><a rel=\"noreferrer noopener\" href=\"https:\/\/prismas.unq.edu.ar\/OJS\/index.php\/Prismas\/article\/view\/Bergel_prismas9\" target=\"_blank\">Fernando Devoto y Nora Pagano (eds.), La historiograf\u00eda acad\u00e9mica y la historiograf\u00eda militante en Argentina y Uruguay<\/a><br>Mart\u00edn Bergel<\/p>\n\n\n\n<p><a rel=\"noreferrer noopener\" href=\"https:\/\/prismas.unq.edu.ar\/OJS\/index.php\/Prismas\/article\/view\/Rojkind_prismas9\" target=\"_blank\">Paula Alonso (comp.), Construcciones impresas. Panfletos, diarios y revistas en la formaci\u00f3n de los estados nacionales en Am\u00e9rica Latina, 1820-1920<\/a><br>In\u00e9s Rojkind<\/p>\n\n\n\n<p><a rel=\"noreferrer noopener\" href=\"https:\/\/prismas.unq.edu.ar\/OJS\/index.php\/Prismas\/article\/view\/Roman_prismas9\" target=\"_blank\">Alejandra Laera, El tiempo vac\u00edo de la ficci\u00f3n. Las novelas argentinas de Eduardo Guti\u00e9rrez y Eugenio Cambaceres<\/a><br>Claudia Roman<\/p>\n\n\n\n<p><a rel=\"noreferrer noopener\" href=\"https:\/\/prismas.unq.edu.ar\/OJS\/index.php\/Prismas\/article\/view\/Quintero_prismas9\" target=\"_blank\">Graciela Silvestri, El color del r\u00edo. Historia cultural del paisaje del Riachuelo<\/a><br>Silvina Quintero<\/p>\n\n\n\n<p><a rel=\"noreferrer noopener\" href=\"https:\/\/prismas.unq.edu.ar\/OJS\/index.php\/Prismas\/article\/view\/Pereyra_prismas9\" target=\"_blank\">Federico Neiburg y Mariano Plotkin (comps.), Intelectuales y expertos. La constituci\u00f3n del conocimiento social en Argentina<\/a><br>Diego Pereyra<\/p>\n\n\n\n<p><a rel=\"noreferrer noopener\" href=\"https:\/\/prismas.unq.edu.ar\/OJS\/index.php\/Prismas\/article\/view\/Mart%C3%ADnez_prismas9\" target=\"_blank\">Diego Armus, Disease in the History of Modern Latin America. From Malaria to Aids<\/a><br>Ricardo Mart\u00ednez Mazzola<\/p>\n\n\n\n<div id=\"wp-block-themeisle-blocks-accordion-9db99f43\" class=\"wp-block-themeisle-blocks-accordion exclusive\">\n<details class=\"wp-block-themeisle-blocks-accordion-item\"><summary class=\"wp-block-themeisle-blocks-accordion-item__title\"><div>T\u00edtulo de acorde\u00f3n 1<\/div><\/summary><div class=\"wp-block-themeisle-blocks-accordion-item__content\">\n<p>Se trata de un marcador de posici\u00f3n del contenido de la pesta\u00f1a. Es importante tener la informaci\u00f3n necesaria en el bloque, pero en esta fase, es s\u00f3lo un marcador de posici\u00f3n para ayudarte a visualizar c\u00f3mo se muestra el contenido. Si\u00e9ntete libre de editarlo con tu contenido real.<\/p>\n<\/div><\/details>\n\n\n\n<details class=\"wp-block-themeisle-blocks-accordion-item\"><summary class=\"wp-block-themeisle-blocks-accordion-item__title\"><div>T\u00edtulo 2 del acorde\u00f3n<\/div><\/summary><div class=\"wp-block-themeisle-blocks-accordion-item__content\">\n<p>Se trata de un marcador de posici\u00f3n del contenido de la pesta\u00f1a. Es importante tener la informaci\u00f3n necesaria en el bloque, pero en esta fase, es s\u00f3lo un marcador de posici\u00f3n para ayudarte a visualizar c\u00f3mo se muestra el contenido. Si\u00e9ntete libre de editarlo con tu contenido real.<\/p>\n<\/div><\/details>\n<\/div>\n<\/div><\/details>\n\n\n\n<details class=\"wp-block-themeisle-blocks-accordion-item animated backInDown slower delay-100ms\"><summary class=\"wp-block-themeisle-blocks-accordion-item__title\"><div>FICHAS<\/div><\/summary><div class=\"wp-block-themeisle-blocks-accordion-item__content\">\n<p><a href=\"https:\/\/prismas.unq.edu.ar\/OJS\/index.php\/Prismas\/article\/view\/Fichas_prismas9\" target=\"_blank\" rel=\"noreferrer noopener\"><strong>Libros fichados:<\/strong> Francesco Fistteti, <em>Comunidad \/ <\/em>Rogelio Paredes, <em>Pasaporte a la utop\u00eda \/ <\/em>Jos\u00e9 Fern\u00e1ndez Vega, <em>Las guerras de la pol\u00edtica \/ <\/em>Ricardo Salvatore (comp.), <em>Culturas Imperiales \/ <\/em>Jos\u00e9 C. Chiaramonte, <em>Naci\u00f3n y Estado en Iberoam\u00e9rica \/ <\/em>Oscar Ter\u00e1n (coord.), <em>Ideas en el siglo \/ <\/em>Sandra McGee Deutsch, <em>Las derechas \/ <\/em>Bernardo Subercaseaux, <em>Historia de las ideas y de la cultura en Chile \/ <\/em>Patricia Artundo, <em>Mario de Andrade e a Argentina \/ <\/em>Eduardo Romano, <em>Revoluci\u00f3n en la Lectura \/ <\/em>Gabriela Siracusano, <em>El poder de los colores \/ <\/em>Carlos Mayo, <em>Porque la quiero tanto \/ <\/em>Roberto Di Stefano, <em>El p\u00falpito y la plaza \/ <\/em>Vanni Blengino, <em>La zanja de la Patagonia \/ <\/em>Paula Bruno, <em>Traves\u00edas intelectuales de Paul Groussac <\/em>y <em>Paul Groussac \/ <\/em>M. In\u00e9s Tato, <em>Viento de fronda \/ <\/em>Susana Bianchi, <em>Historia de las religiones en la Argentina \/ <\/em>Mirta Z. Lobato (ed.), <em>Cuando las mujeres reinaban \/ <\/em>Noriko Mutsuki, <em>Julio Irazusta \/ <\/em>Adri\u00e1n Gorelik, <em>Miradas sobre Buenos Aires \/ <\/em>Nora Avaro y Anal\u00eda Capdevila<em>, Denuncialistas \/ <\/em>Claudio Suasn\u00e1bar, <em>Universidad e Intelectuales<\/em><\/a><\/p>\n\n\n\n<p>Autores: Mart\u00edn Bergel, Ricardo Mart\u00ednez Mazzola<\/p>\n\n\n\n<div id=\"wp-block-themeisle-blocks-accordion-7b6d24ea\" class=\"wp-block-themeisle-blocks-accordion exclusive\">\n<details class=\"wp-block-themeisle-blocks-accordion-item\"><summary class=\"wp-block-themeisle-blocks-accordion-item__title\"><div>T\u00edtulo de acorde\u00f3n 1<\/div><\/summary><div class=\"wp-block-themeisle-blocks-accordion-item__content\">\n<p>Se trata de un marcador de posici\u00f3n del contenido de la pesta\u00f1a. Es importante tener la informaci\u00f3n necesaria en el bloque, pero en esta fase, es s\u00f3lo un marcador de posici\u00f3n para ayudarte a visualizar c\u00f3mo se muestra el contenido. Si\u00e9ntete libre de editarlo con tu contenido real.<\/p>\n<\/div><\/details>\n\n\n\n<details class=\"wp-block-themeisle-blocks-accordion-item\"><summary class=\"wp-block-themeisle-blocks-accordion-item__title\"><div>T\u00edtulo 2 del acorde\u00f3n<\/div><\/summary><div class=\"wp-block-themeisle-blocks-accordion-item__content\">\n<p>Se trata de un marcador de posici\u00f3n del contenido de la pesta\u00f1a. Es importante tener la informaci\u00f3n necesaria en el bloque, pero en esta fase, es s\u00f3lo un marcador de posici\u00f3n para ayudarte a visualizar c\u00f3mo se muestra el contenido. Si\u00e9ntete libre de editarlo con tu contenido real.<\/p>\n<\/div><\/details>\n<\/div>\n<\/div><\/details>\n\n\n\n<details class=\"wp-block-themeisle-blocks-accordion-item animated backInDown delay-100ms slower\"><summary class=\"wp-block-themeisle-blocks-accordion-item__title\"><div>OBITUARIOS<\/div><\/summary><div class=\"wp-block-themeisle-blocks-accordion-item__content\">\n<p><a rel=\"noreferrer noopener\" href=\"https:\/\/prismas.unq.edu.ar\/OJS\/index.php\/Prismas\/article\/view\/850\" target=\"_blank\">No\u00e9 Enrique Tandeter (1944-2004<\/a>)<br>Jos\u00e9 Emilio Buruc\u00faa<\/p>\n\n\n\n<p><a rel=\"noreferrer noopener\" href=\"https:\/\/prismas.unq.edu.ar\/OJS\/index.php\/Prismas\/article\/view\/852\" target=\"_blank\">Jorge Rivera (1935-2004<\/a>)<br>Mirta Varela<\/p>\n\n\n\n<p><a rel=\"noreferrer noopener\" href=\"https:\/\/prismas.unq.edu.ar\/OJS\/index.php\/Prismas\/article\/view\/853\" target=\"_blank\">Eduardo Archetti (1943-2005<\/a>)<br>Alejandro Grimson<\/p>\n<\/div><\/details>\n<\/div>\n<\/div>\n<\/div><\/div>\n\n\n\n<div id=\"wp-block-themeisle-blocks-accordion-f812b5d0\" class=\"wp-block-themeisle-blocks-accordion exclusive\">\n<details class=\"wp-block-themeisle-blocks-accordion-item\"><summary class=\"wp-block-themeisle-blocks-accordion-item__title\"><div>T\u00edtulo de acorde\u00f3n 1<\/div><\/summary><div class=\"wp-block-themeisle-blocks-accordion-item__content\">\n<p>Se trata de un marcador de posici\u00f3n del contenido de la pesta\u00f1a. Es importante tener la informaci\u00f3n necesaria en el bloque, pero en esta fase, es s\u00f3lo un marcador de posici\u00f3n para ayudarte a visualizar c\u00f3mo se muestra el contenido. Si\u00e9ntete libre de editarlo con tu contenido real.<\/p>\n<\/div><\/details>\n\n\n\n<details class=\"wp-block-themeisle-blocks-accordion-item\"><summary class=\"wp-block-themeisle-blocks-accordion-item__title\"><div>T\u00edtulo 2 del acorde\u00f3n<\/div><\/summary><div class=\"wp-block-themeisle-blocks-accordion-item__content\">\n<p>Se trata de un marcador de posici\u00f3n del contenido de la pesta\u00f1a. Es importante tener la informaci\u00f3n necesaria en el bloque, pero en esta fase, es s\u00f3lo un marcador de posici\u00f3n para ayudarte a visualizar c\u00f3mo se muestra el contenido. Si\u00e9ntete libre de editarlo con tu contenido real.<\/p>\n<\/div><\/details>\n<\/div>\n","protected":false},"excerpt":{"rendered":"","protected":false},"author":3,"featured_media":158,"comment_status":"closed","ping_status":"closed","sticky":false,"template":"","format":"standard","meta":{"_themeisle_gutenberg_block_has_review":false,"footnotes":""},"categories":[5],"tags":[10,6,8],"class_list":["post-312","post","type-post","status-publish","format-standard","has-post-thumbnail","hentry","category-indice-general","tag-25-anos","tag-historia-intelectual","tag-prismas"],"_links":{"self":[{"href":"https:\/\/historiaintelectual.com.ar\/indiceprismas\/wp-json\/wp\/v2\/posts\/312","targetHints":{"allow":["GET"]}}],"collection":[{"href":"https:\/\/historiaintelectual.com.ar\/indiceprismas\/wp-json\/wp\/v2\/posts"}],"about":[{"href":"https:\/\/historiaintelectual.com.ar\/indiceprismas\/wp-json\/wp\/v2\/types\/post"}],"author":[{"embeddable":true,"href":"https:\/\/historiaintelectual.com.ar\/indiceprismas\/wp-json\/wp\/v2\/users\/3"}],"replies":[{"embeddable":true,"href":"https:\/\/historiaintelectual.com.ar\/indiceprismas\/wp-json\/wp\/v2\/comments?post=312"}],"version-history":[{"count":7,"href":"https:\/\/historiaintelectual.com.ar\/indiceprismas\/wp-json\/wp\/v2\/posts\/312\/revisions"}],"predecessor-version":[{"id":2957,"href":"https:\/\/historiaintelectual.com.ar\/indiceprismas\/wp-json\/wp\/v2\/posts\/312\/revisions\/2957"}],"wp:featuredmedia":[{"embeddable":true,"href":"https:\/\/historiaintelectual.com.ar\/indiceprismas\/wp-json\/wp\/v2\/media\/158"}],"wp:attachment":[{"href":"https:\/\/historiaintelectual.com.ar\/indiceprismas\/wp-json\/wp\/v2\/media?parent=312"}],"wp:term":[{"taxonomy":"category","embeddable":true,"href":"https:\/\/historiaintelectual.com.ar\/indiceprismas\/wp-json\/wp\/v2\/categories?post=312"},{"taxonomy":"post_tag","embeddable":true,"href":"https:\/\/historiaintelectual.com.ar\/indiceprismas\/wp-json\/wp\/v2\/tags?post=312"}],"curies":[{"name":"wp","href":"https:\/\/api.w.org\/{rel}","templated":true}]}}