{"id":309,"date":"2023-02-27T03:24:23","date_gmt":"2023-02-27T03:24:23","guid":{"rendered":"https:\/\/historiaintelectual.com.ar\/indiceprismas\/?p=309"},"modified":"2025-05-26T17:49:23","modified_gmt":"2025-05-26T17:49:23","slug":"vol-8-2004","status":"publish","type":"post","link":"https:\/\/historiaintelectual.com.ar\/indiceprismas\/vol-8-2004\/","title":{"rendered":"VOL. 8 (2004)"},"content":{"rendered":"\n<div id=\"wp-block-themeisle-blocks-advanced-columns-6a350af5\" class=\"wp-block-themeisle-blocks-advanced-columns has-2-columns has-desktop-oneTwo-layout has-tablet-equal-layout has-mobile-collapsedRows-layout has-vertical-unset\"><div class=\"wp-block-themeisle-blocks-advanced-columns-overlay\"><\/div><div class=\"innerblocks-wrap\">\n<div id=\"wp-block-themeisle-blocks-advanced-column-726330eb\" class=\"wp-block-themeisle-blocks-advanced-column\">\n<figure class=\"wp-block-image size-full is-resized o-sticky o-sticky-pos-top o-sticky-bhvr-keep o-sticky-scope-parent\"><img loading=\"lazy\" decoding=\"async\" width=\"377\" height=\"550\" src=\"http:\/\/historiaintelectual.com.ar\/indiceprismas\/wp-content\/uploads\/2023\/02\/8.jpg\" alt=\"\" class=\"wp-image-159\" style=\"width:315px;height:460px\" srcset=\"https:\/\/historiaintelectual.com.ar\/indiceprismas\/wp-content\/uploads\/2023\/02\/8.jpg 377w, https:\/\/historiaintelectual.com.ar\/indiceprismas\/wp-content\/uploads\/2023\/02\/8-206x300.jpg 206w, https:\/\/historiaintelectual.com.ar\/indiceprismas\/wp-content\/uploads\/2023\/02\/8-103x150.jpg 103w, https:\/\/historiaintelectual.com.ar\/indiceprismas\/wp-content\/uploads\/2023\/02\/8-360x525.jpg 360w\" sizes=\"auto, (max-width: 377px) 100vw, 377px\" \/><\/figure>\n<\/div>\n\n\n\n<div id=\"wp-block-themeisle-blocks-advanced-column-af3f0557\" class=\"wp-block-themeisle-blocks-advanced-column\">\n<div id=\"wp-block-themeisle-blocks-accordion-99585927\" class=\"wp-block-themeisle-blocks-accordion exclusive\">\n<details class=\"wp-block-themeisle-blocks-accordion-item animated backInDown\"><summary class=\"wp-block-themeisle-blocks-accordion-item__title\"><div>ART\u00cdCULOS<\/div><\/summary><div class=\"wp-block-themeisle-blocks-accordion-item__content\">\n<p><a href=\"https:\/\/prismas.unq.edu.ar\/OJS\/index.php\/Prismas\/article\/view\/982\" target=\"_blank\" rel=\"noreferrer noopener\">Alberdi por Alberdi. La dimensi\u00f3n autobiogr\u00e1fica en los <em>Escritos p\u00f3stumos<\/em><\/a><\/p>\n\n\n\n<p>Tulio Halperin Donghi<\/p>\n\n\n\n<p><a href=\"https:\/\/prismas.unq.edu.ar\/OJS\/index.php\/Prismas\/article\/view\/983\" target=\"_blank\" rel=\"noreferrer noopener\">Pedagog\u00eda c\u00edvica y disciplinamiento social. Representaciones sobre el teatro entre 1810 y 1825<\/a><\/p>\n\n\n\n<p>Eugenia Molina<\/p>\n\n\n\n<p><a href=\"https:\/\/prismas.unq.edu.ar\/OJS\/index.php\/Prismas\/article\/view\/984\" target=\"_blank\" rel=\"noreferrer noopener\">La voluntad de creer y organizar. Ideas, creencias y redes fascistas en la Argentina de los tempranos a\u00f1os treinta<\/a><\/p>\n\n\n\n<p>Leticia Prislei<\/p>\n\n\n\n<p><a href=\"https:\/\/prismas.unq.edu.ar\/OJS\/index.php\/Prismas\/article\/view\/985\" target=\"_blank\" rel=\"noreferrer noopener\">Est\u00e9tica como antropolog\u00eda pol\u00edtica. Adorno en la dial\u00e9ctica de la modernidad<\/a><\/p>\n\n\n\n<p>Jos\u00e9 Fern\u00e1ndez Vega<\/p>\n<\/div><\/details>\n\n\n\n<details class=\"wp-block-themeisle-blocks-accordion-item animated backInDown slow\"><summary class=\"wp-block-themeisle-blocks-accordion-item__title\"><div>ARGUMENTOS<\/div><\/summary><div class=\"wp-block-themeisle-blocks-accordion-item__content\">\n<p><a href=\"https:\/\/prismas.unq.edu.ar\/OJS\/index.php\/Prismas\/article\/view\/1004\" target=\"_blank\" rel=\"noreferrer noopener\">El campo intelectual, la historia intelectual y la sociolog\u00eda del conocimiento<\/a><\/p>\n\n\n\n<p>Fritz Ringer<\/p>\n<\/div><\/details>\n\n\n\n<details class=\"wp-block-themeisle-blocks-accordion-item animated backInDown slower\"><summary class=\"wp-block-themeisle-blocks-accordion-item__title\"><div>DOSSIER: El comparatismo como problema<\/div><\/summary><div class=\"wp-block-themeisle-blocks-accordion-item__content\">\n<p><a href=\"https:\/\/prismas.unq.edu.ar\/OJS\/index.php\/Prismas\/article\/view\/993\" target=\"_blank\" rel=\"noreferrer noopener\">Introducci\u00f3n<\/a><\/p>\n\n\n\n<p>Adri\u00e1n Gorelik<\/p>\n\n\n\n<p><a href=\"https:\/\/prismas.unq.edu.ar\/OJS\/index.php\/Prismas\/article\/view\/995\" target=\"_blank\" rel=\"noreferrer noopener\">El comparatismo y la construcci\u00f3n del objeto literatura latinoamericana<\/a><\/p>\n\n\n\n<p>Susana Zanetti<\/p>\n\n\n\n<p><a href=\"https:\/\/prismas.unq.edu.ar\/OJS\/index.php\/Prismas\/article\/view\/996\" target=\"_blank\" rel=\"noreferrer noopener\">Puntos de convergencia, puntos ciegos, puntos de fuga. La operaci\u00f3n comparativa en el abordaje de novelas y ensayos latinoamericanos de entresiglos<\/a><\/p>\n\n\n\n<p>Alejandra Mailhe<\/p>\n\n\n\n<p><a href=\"https:\/\/prismas.unq.edu.ar\/OJS\/index.php\/Prismas\/article\/view\/997\" target=\"_blank\" rel=\"noreferrer noopener\">\u00bfPara qu\u00e9 comparar? Tango y samba y el fin de los estudios comparatistas y de \u00e1rea<\/a><\/p>\n\n\n\n<p>Florencia Garramu\u00f1o<\/p>\n\n\n\n<p><a href=\"https:\/\/prismas.unq.edu.ar\/OJS\/index.php\/Prismas\/article\/view\/998\" target=\"_blank\" rel=\"noreferrer noopener\">La vanguardia argentina en la d\u00e9cada de 1920. Notas sociol\u00f3gicas para un an\u00e1lisis comparado con el Brasil modernista<\/a><\/p>\n\n\n\n<p>Sergio Miceli<\/p>\n\n\n\n<p><a href=\"https:\/\/prismas.unq.edu.ar\/OJS\/index.php\/Prismas\/article\/view\/999\" target=\"_blank\" rel=\"noreferrer noopener\">T\u00e9rminos de comparaci\u00f3n: ideas, situaciones, actores<\/a><\/p>\n\n\n\n<p>Jorge Myers<\/p>\n\n\n\n<p><a href=\"https:\/\/prismas.unq.edu.ar\/OJS\/index.php\/Prismas\/article\/view\/1000\" target=\"_blank\" rel=\"noreferrer noopener\">Ciudades e intelectuales. Los \u201cneoyorquinos\u201d de <em>Partisan Review<\/em> y los \u201cpaulistas\u201d de <em>Clima<\/em> entre 1930 y 1950<\/a><\/p>\n\n\n\n<p>Heloisa Ponte<\/p>\n\n\n\n<p><a href=\"https:\/\/prismas.unq.edu.ar\/OJS\/index.php\/Prismas\/article\/view\/1001\" target=\"_blank\" rel=\"noreferrer noopener\">Economistas y \u00e9lites estatales en el Brasil y la Argentina, 1980-2000. Esbozo de una sociolog\u00eda comparada de la cultura a prop\u00f3sito del \u201cefecto Orloff\u201d<\/a><\/p>\n\n\n\n<p>Federico Neiburg<\/p>\n\n\n\n<p><a href=\"https:\/\/prismas.unq.edu.ar\/OJS\/index.php\/Prismas\/article\/view\/1002\" target=\"_blank\" rel=\"noreferrer noopener\">Nada m\u00e1s internacional. Antropolog\u00eda de la traducci\u00f3n y las limitaciones de la comparaci\u00f3n de culturas nacionales<\/a><\/p>\n\n\n\n<p>Gustavo Sor\u00e1<\/p>\n\n\n\n<p><a href=\"https:\/\/prismas.unq.edu.ar\/OJS\/index.php\/Prismas\/article\/view\/1003\" target=\"_blank\" rel=\"noreferrer noopener\">La historia comparada entre el m\u00e9todo y la pr\u00e1ctica. Un itinerario historiogr\u00e1fico<\/a><\/p>\n\n\n\n<p>Fernando J. Devoto<\/p>\n<\/div><\/details>\n\n\n\n<details class=\"wp-block-themeisle-blocks-accordion-item animated backInDown slower\"><summary class=\"wp-block-themeisle-blocks-accordion-item__title\"><div>RESE\u00d1AS<\/div><\/summary><div class=\"wp-block-themeisle-blocks-accordion-item__content\">\n<p><a href=\"https:\/\/prismas.unq.edu.ar\/OJS\/index.php\/Prismas\/article\/view\/986\" target=\"_blank\" rel=\"noreferrer noopener\">Marcela Ternavasio, La revoluci\u00f3n del voto<\/a><\/p>\n\n\n\n<p>Jorge Myers<\/p>\n\n\n\n<p><a href=\"https:\/\/prismas.unq.edu.ar\/OJS\/index.php\/Prismas\/article\/view\/987\" target=\"_blank\" rel=\"noreferrer noopener\">Ricardo Salvatore, Wandering Paysanos: State Order and Subaltern Experience in Buenos Aires During the Rosas Era<\/a><\/p>\n\n\n\n<p>Jorge Myers<\/p>\n\n\n\n<p><a href=\"https:\/\/prismas.unq.edu.ar\/OJS\/index.php\/Prismas\/article\/view\/988\" target=\"_blank\" rel=\"noreferrer noopener\">Fernando Diego Rodr\u00edguez, Inicial. Revista de la Nueva Generaci\u00f3n (1923-1927)<\/a><\/p>\n\n\n\n<p>Ricardo Mart\u00ednez Mazzola<\/p>\n\n\n\n<p><a href=\"https:\/\/prismas.unq.edu.ar\/OJS\/index.php\/Prismas\/article\/view\/989\" target=\"_blank\" rel=\"noreferrer noopener\">Sergio Miceli, Nacional estrangeiro. Hist\u00f3ria social e cultural do modernismo art\u00edstico em S\u00e3o Paulo<\/a><\/p>\n\n\n\n<p>Gustavo Sor\u00e1<\/p>\n\n\n\n<p><a href=\"https:\/\/prismas.unq.edu.ar\/OJS\/index.php\/Prismas\/article\/view\/990\">Luciano De <\/a><a href=\"https:\/\/prismas.unq.edu.ar\/OJS\/index.php\/Prismas\/article\/view\/990\" target=\"_blank\" rel=\"noreferrer noopener\">P<\/a><a href=\"https:\/\/prismas.unq.edu.ar\/OJS\/index.php\/Prismas\/article\/view\/990\">rivitellio, Vecinos y ciudadanos. Pol\u00edtica y sociedad en la Buenos Aires de entreguerras<\/a><\/p>\n\n\n\n<p>Karina V\u00e1squez<\/p>\n\n\n\n<p><a href=\"https:\/\/prismas.unq.edu.ar\/OJS\/index.php\/Prismas\/article\/view\/991\" target=\"_blank\" rel=\"noreferrer noopener\">Dar\u00edo Macor y C\u00e9sar Tcach (eds.), La invenci\u00f3n del peronismo en el interior del pa\u00eds<\/a><\/p>\n\n\n\n<p>Juli\u00e1n Melo<\/p>\n\n\n\n<p><a href=\"https:\/\/prismas.unq.edu.ar\/OJS\/index.php\/Prismas\/article\/view\/992\" target=\"_blank\" rel=\"noreferrer noopener\">Claudia Gilman, Entre la pluma y el fusil. Debates y dilemas del escritor revolucionario en Am\u00e9rica Latina<\/a><\/p>\n\n\n\n<p>Ana Longoni<\/p>\n<\/div><\/details>\n<\/div>\n<\/div>\n<\/div><\/div>\n\n\n\n<div id=\"wp-block-themeisle-blocks-accordion-d9691998\" class=\"wp-block-themeisle-blocks-accordion exclusive\">\n<details class=\"wp-block-themeisle-blocks-accordion-item\"><summary class=\"wp-block-themeisle-blocks-accordion-item__title\"><div>T\u00edtulo de acorde\u00f3n 1<\/div><\/summary><div class=\"wp-block-themeisle-blocks-accordion-item__content\">\n<p>Se trata de un marcador de posici\u00f3n del contenido de la pesta\u00f1a. Es importante tener la informaci\u00f3n necesaria en el bloque, pero en esta fase, es s\u00f3lo un marcador de posici\u00f3n para ayudarte a visualizar c\u00f3mo se muestra el contenido. Si\u00e9ntete libre de editarlo con tu contenido real.<\/p>\n<\/div><\/details>\n\n\n\n<details class=\"wp-block-themeisle-blocks-accordion-item\"><summary class=\"wp-block-themeisle-blocks-accordion-item__title\"><div>T\u00edtulo 2 del acorde\u00f3n<\/div><\/summary><div class=\"wp-block-themeisle-blocks-accordion-item__content\">\n<p>Se trata de un marcador de posici\u00f3n del contenido de la pesta\u00f1a. Es importante tener la informaci\u00f3n necesaria en el bloque, pero en esta fase, es s\u00f3lo un marcador de posici\u00f3n para ayudarte a visualizar c\u00f3mo se muestra el contenido. Si\u00e9ntete libre de editarlo con tu contenido real.<\/p>\n<\/div><\/details>\n<\/div>\n","protected":false},"excerpt":{"rendered":"","protected":false},"author":3,"featured_media":159,"comment_status":"closed","ping_status":"closed","sticky":false,"template":"","format":"standard","meta":{"_themeisle_gutenberg_block_has_review":false,"footnotes":""},"categories":[5],"tags":[10,6,8],"class_list":["post-309","post","type-post","status-publish","format-standard","has-post-thumbnail","hentry","category-indice-general","tag-25-anos","tag-historia-intelectual","tag-prismas"],"_links":{"self":[{"href":"https:\/\/historiaintelectual.com.ar\/indiceprismas\/wp-json\/wp\/v2\/posts\/309","targetHints":{"allow":["GET"]}}],"collection":[{"href":"https:\/\/historiaintelectual.com.ar\/indiceprismas\/wp-json\/wp\/v2\/posts"}],"about":[{"href":"https:\/\/historiaintelectual.com.ar\/indiceprismas\/wp-json\/wp\/v2\/types\/post"}],"author":[{"embeddable":true,"href":"https:\/\/historiaintelectual.com.ar\/indiceprismas\/wp-json\/wp\/v2\/users\/3"}],"replies":[{"embeddable":true,"href":"https:\/\/historiaintelectual.com.ar\/indiceprismas\/wp-json\/wp\/v2\/comments?post=309"}],"version-history":[{"count":3,"href":"https:\/\/historiaintelectual.com.ar\/indiceprismas\/wp-json\/wp\/v2\/posts\/309\/revisions"}],"predecessor-version":[{"id":2958,"href":"https:\/\/historiaintelectual.com.ar\/indiceprismas\/wp-json\/wp\/v2\/posts\/309\/revisions\/2958"}],"wp:featuredmedia":[{"embeddable":true,"href":"https:\/\/historiaintelectual.com.ar\/indiceprismas\/wp-json\/wp\/v2\/media\/159"}],"wp:attachment":[{"href":"https:\/\/historiaintelectual.com.ar\/indiceprismas\/wp-json\/wp\/v2\/media?parent=309"}],"wp:term":[{"taxonomy":"category","embeddable":true,"href":"https:\/\/historiaintelectual.com.ar\/indiceprismas\/wp-json\/wp\/v2\/categories?post=309"},{"taxonomy":"post_tag","embeddable":true,"href":"https:\/\/historiaintelectual.com.ar\/indiceprismas\/wp-json\/wp\/v2\/tags?post=309"}],"curies":[{"name":"wp","href":"https:\/\/api.w.org\/{rel}","templated":true}]}}