{"id":305,"date":"2023-02-27T03:09:57","date_gmt":"2023-02-27T03:09:57","guid":{"rendered":"https:\/\/historiaintelectual.com.ar\/indiceprismas\/?p=305"},"modified":"2025-05-26T17:50:32","modified_gmt":"2025-05-26T17:50:32","slug":"vol-7-2003","status":"publish","type":"post","link":"https:\/\/historiaintelectual.com.ar\/indiceprismas\/vol-7-2003\/","title":{"rendered":"VOL. 7 (2003)"},"content":{"rendered":"\n<div id=\"wp-block-themeisle-blocks-advanced-columns-6a350af5\" class=\"wp-block-themeisle-blocks-advanced-columns has-2-columns has-desktop-oneTwo-layout has-tablet-equal-layout has-mobile-collapsedRows-layout has-vertical-unset\"><div class=\"wp-block-themeisle-blocks-advanced-columns-overlay\"><\/div><div class=\"innerblocks-wrap\">\n<div id=\"wp-block-themeisle-blocks-advanced-column-726330eb\" class=\"wp-block-themeisle-blocks-advanced-column\">\n<figure class=\"wp-block-image size-full is-resized o-sticky o-sticky-pos-top o-sticky-bhvr-keep o-sticky-scope-parent\"><img loading=\"lazy\" decoding=\"async\" width=\"377\" height=\"550\" src=\"http:\/\/historiaintelectual.com.ar\/indiceprismas\/wp-content\/uploads\/2023\/02\/7.jpg\" alt=\"\" class=\"wp-image-161\" style=\"width:315px;height:460px\" srcset=\"https:\/\/historiaintelectual.com.ar\/indiceprismas\/wp-content\/uploads\/2023\/02\/7.jpg 377w, https:\/\/historiaintelectual.com.ar\/indiceprismas\/wp-content\/uploads\/2023\/02\/7-206x300.jpg 206w, https:\/\/historiaintelectual.com.ar\/indiceprismas\/wp-content\/uploads\/2023\/02\/7-103x150.jpg 103w, https:\/\/historiaintelectual.com.ar\/indiceprismas\/wp-content\/uploads\/2023\/02\/7-360x525.jpg 360w\" sizes=\"auto, (max-width: 377px) 100vw, 377px\" \/><\/figure>\n<\/div>\n\n\n\n<div id=\"wp-block-themeisle-blocks-advanced-column-af3f0557\" class=\"wp-block-themeisle-blocks-advanced-column\">\n<div id=\"wp-block-themeisle-blocks-accordion-99585927\" class=\"wp-block-themeisle-blocks-accordion exclusive\">\n<details class=\"wp-block-themeisle-blocks-accordion-item animated backInDown\"><summary class=\"wp-block-themeisle-blocks-accordion-item__title\"><div>ART\u00cdCULOS<\/div><\/summary><div class=\"wp-block-themeisle-blocks-accordion-item__content\">\n<p><a href=\"https:\/\/prismas.unq.edu.ar\/OJS\/index.php\/Prismas\/article\/view\/Ette_prismas7\" target=\"_blank\" rel=\"noreferrer noopener\">De la manera en que el Nuevo Mundo apareci\u00f3 como Nuevo en el Viejo y de c\u00f3mo \u00e9ste pas\u00f3 a ser Viejo en el Nuevo<\/a><\/p>\n\n\n\n<p>Ottmar Ette<\/p>\n\n\n\n<p><a href=\"https:\/\/prismas.unq.edu.ar\/OJS\/index.php\/Prismas\/article\/view\/Palti_prismas7\" target=\"_blank\" rel=\"noreferrer noopener\">El \u201cretorno del sujeto\u201d Subjetividad, historia y contingencia en el pensamiento moderno<\/a><\/p>\n\n\n\n<p>El\u00edas Palti<\/p>\n\n\n\n<p><a href=\"https:\/\/prismas.unq.edu.ar\/OJS\/index.php\/Prismas\/article\/view\/Rossi_prismas7\" target=\"_blank\" rel=\"noreferrer noopener\">La pol\u00edtica del hero\u00edsmo. Ernst J\u00fcnger entre 1920 y 1932<\/a><\/p>\n\n\n\n<p>Luis Alejandro Rossi<\/p>\n\n\n\n<p><a href=\"https:\/\/prismas.unq.edu.ar\/OJS\/index.php\/Prismas\/article\/view\/Davilo_prismas7\" target=\"_blank\" rel=\"noreferrer noopener\">De los derechos a la utilidad. El discurso pol\u00edtico en el R\u00edo de la Plata durante la d\u00e9cada revolucionaria<\/a><\/p>\n\n\n\n<p>Beatriz D\u00e1vilo<\/p>\n\n\n\n<p><a href=\"https:\/\/prismas.unq.edu.ar\/OJS\/index.php\/Prismas\/article\/view\/Batticuore_prismas7\" target=\"_blank\" rel=\"noreferrer noopener\">Lectura y autor\u00eda en Mariquita S\u00e1nchez de Thompson<\/a><\/p>\n\n\n\n<p>Graciela Batticuore<\/p>\n\n\n\n<p><a href=\"https:\/\/prismas.unq.edu.ar\/OJS\/index.php\/Prismas\/article\/view\/Nallim_prismas7\" target=\"_blank\" rel=\"noreferrer noopener\">De los intereses gremiales a la lucha pol\u00edtica. La Sociedad Argentina de Escritores (SADE), 1928-1946<\/a><\/p>\n\n\n\n<p>Jorge N\u00e1llim<\/p>\n\n\n\n<p><a href=\"https:\/\/prismas.unq.edu.ar\/OJS\/index.php\/Prismas\/article\/view\/Caimari_prismas7\" target=\"_blank\" rel=\"noreferrer noopener\"><em>Cr\u00edtica<\/em>, o las extravagancias de la justicia popular<\/a><\/p>\n\n\n\n<p>Lila Caimari<\/p>\n<\/div><\/details>\n\n\n\n<details class=\"wp-block-themeisle-blocks-accordion-item animated backInDown slow\"><summary class=\"wp-block-themeisle-blocks-accordion-item__title\"><div>ARGUMENTOS<\/div><\/summary><div class=\"wp-block-themeisle-blocks-accordion-item__content\">\n<p><a href=\"https:\/\/prismas.unq.edu.ar\/OJS\/index.php\/Prismas\/article\/view\/Bianchi_prismas7\" target=\"_blank\" rel=\"noreferrer noopener\">Un debate sobre la historia de las ideas<\/a><\/p>\n\n\n\n<p>Massimo Bianchi, Jean Starobinski, Bernard Quemada, Nicolai Rubinstein, Ernst Gombrich, Jacques Le Goff, Giancarlo Scoditti, Paolo Rossi, Angelo Piemontese, Paul Dibon, Joseph Rykwert, David Lowenthal<\/p>\n<\/div><\/details>\n\n\n\n<details class=\"wp-block-themeisle-blocks-accordion-item animated backInDown slower\"><summary class=\"wp-block-themeisle-blocks-accordion-item__title\"><div>DOSSIER: Republicanismo en el Brasil<\/div><\/summary><div class=\"wp-block-themeisle-blocks-accordion-item__content\">\n<p><a href=\"https:\/\/prismas.unq.edu.ar\/OJS\/index.php\/Prismas\/article\/view\/Presentaci%C3%B3n_prismas7\" target=\"_blank\" rel=\"noreferrer noopener\">Presentaci\u00f3n<\/a><\/p>\n\n\n\n<p>Grupo de estudios e investigaciones sobre republicanismo<\/p>\n\n\n\n<p><a href=\"https:\/\/prismas.unq.edu.ar\/OJS\/index.php\/Prismas\/article\/view\/Ribeiro_prismas7\">Democ<\/a><a href=\"https:\/\/prismas.unq.edu.ar\/OJS\/index.php\/Prismas\/article\/view\/Ribeiro_prismas7\" target=\"_blank\" rel=\"noreferrer noopener\">r<\/a><a href=\"https:\/\/prismas.unq.edu.ar\/OJS\/index.php\/Prismas\/article\/view\/Ribeiro_prismas7\">acia versus rep\u00fablica. La cuesti\u00f3n del deseo en las luchas sociales<\/a><\/p>\n\n\n\n<p>Renato Janine Ribeiro<\/p>\n\n\n\n<p><a href=\"https:\/\/prismas.unq.edu.ar\/OJS\/index.php\/Prismas\/article\/view\/Cardoso_prismas7\" target=\"_blank\" rel=\"noreferrer noopener\">\u00bfQu\u00e9 rep\u00fablica? Notas sobre la tradici\u00f3n del \u201cgobierno mixto\u201d<\/a><\/p>\n\n\n\n<p>S\u00e9rgio Cardoso<\/p>\n\n\n\n<p><a href=\"https:\/\/prismas.unq.edu.ar\/OJS\/index.php\/Prismas\/article\/view\/Bignotto_prismas7\" target=\"_blank\" rel=\"noreferrer noopener\">Retorno al republicanismo<\/a><\/p>\n\n\n\n<p>Newton Bignotto<\/p>\n\n\n\n<p><a href=\"https:\/\/prismas.unq.edu.ar\/OJS\/index.php\/Prismas\/article\/view\/Gantus_prismas7\" target=\"_blank\" rel=\"noreferrer noopener\">El problema del despotismo<\/a><\/p>\n\n\n\n<p>Marcelo Gantus Jasmin<\/p>\n\n\n\n<p><a href=\"https:\/\/prismas.unq.edu.ar\/OJS\/index.php\/Prismas\/article\/view\/F%C3%A9res_prismas7\" target=\"_blank\" rel=\"noreferrer noopener\">La escena primitiva. Capitalismo y fetiche en Walter Benjamin<\/a><\/p>\n\n\n\n<p>Olg\u00e1ria Chain F\u00e9res Matos<\/p>\n\n\n\n<p><a href=\"https:\/\/prismas.unq.edu.ar\/OJS\/index.php\/Prismas\/article\/view\/MurilodeCarvalho_prismas7\" target=\"_blank\" rel=\"noreferrer noopener\">Los tres pueblos de la Rep\u00fablica<\/a><\/p>\n\n\n\n<p>Jos\u00e9 Murilo de Carvalho<\/p>\n\n\n\n<p><a href=\"https:\/\/prismas.unq.edu.ar\/OJS\/index.php\/Prismas\/article\/view\/WerneckVianna_prismas7\">Rep\u00fablic<\/a><a href=\"https:\/\/prismas.unq.edu.ar\/OJS\/index.php\/Prismas\/article\/view\/WerneckVianna_prismas7\" target=\"_blank\" rel=\"noreferrer noopener\">a<\/a><a href=\"https:\/\/prismas.unq.edu.ar\/OJS\/index.php\/Prismas\/article\/view\/WerneckVianna_prismas7\"> y civilizaci\u00f3n brasile\u00f1a<\/a><\/p>\n\n\n\n<p>Luiz Werneck Vianna, Maria Alice Rezende de Carvalho<\/p>\n\n\n\n<p><a href=\"https:\/\/prismas.unq.edu.ar\/OJS\/index.php\/Prismas\/article\/view\/MurgelStarling_prismas7\" target=\"_blank\" rel=\"noreferrer noopener\">La Rep\u00fablica y el suburbio. Imaginaci\u00f3n literaria y republicanismo en el Brasil<\/a><\/p>\n\n\n\n<p>Heloisa Maria Murgel Starling<\/p>\n\n\n\n<p><a href=\"https:\/\/prismas.unq.edu.ar\/OJS\/index.php\/Prismas\/article\/view\/MeloMiranda_prismas7\" target=\"_blank\" rel=\"noreferrer noopener\">Escenas urbanas. La violencia como forma<\/a><\/p>\n\n\n\n<p>Wander Melo Miranda<\/p>\n<\/div><\/details>\n\n\n\n<details class=\"wp-block-themeisle-blocks-accordion-item animated backInDown slower\"><summary class=\"wp-block-themeisle-blocks-accordion-item__title\"><div>RESE\u00d1AS<\/div><\/summary><div class=\"wp-block-themeisle-blocks-accordion-item__content\">\n<p><a href=\"https:\/\/prismas.unq.edu.ar\/OJS\/index.php\/Prismas\/article\/view\/1016\" target=\"_blank\" rel=\"noreferrer noopener\">Javier Fern\u00e1ndez Sebasti\u00e1n y Juan Francisco Fuentes (dirs.), Diccionario pol\u00edtico y social del siglo XIX espa\u00f1ol<\/a><\/p>\n\n\n\n<p>El\u00edas Jos\u00e9 Palti<\/p>\n\n\n\n<p><a href=\"https:\/\/prismas.unq.edu.ar\/OJS\/index.php\/Prismas\/article\/view\/1017\" target=\"_blank\" rel=\"noreferrer noopener\">Mariano Ben Plotkin, Freud en las Pampas<\/a><\/p>\n\n\n\n<p>Hern\u00e1n Scholten<\/p>\n\n\n\n<p><a href=\"https:\/\/prismas.unq.edu.ar\/OJS\/index.php\/Prismas\/article\/view\/1018\" target=\"_blank\" rel=\"noreferrer noopener\">Horacio Tarcus, Mari\u00e1tegui en la Argentina o las pol\u00edticas culturales de Samuel Glusberg<\/a><\/p>\n\n\n\n<p>Fernando Diego Rodr\u00edguez<\/p>\n<\/div><\/details>\n\n\n\n<details class=\"wp-block-themeisle-blocks-accordion-item animated backInDown slower\"><summary class=\"wp-block-themeisle-blocks-accordion-item__title\"><div>OBITUARIOS<\/div><\/summary><div class=\"wp-block-themeisle-blocks-accordion-item__content\">\n<p><a href=\"https:\/\/prismas.unq.edu.ar\/OJS\/index.php\/Prismas\/article\/view\/Sabato_prismas7\" target=\"_blank\" rel=\"noreferrer noopener\">Fran\u00e7ois-Xavier Guerra (1942-2002)<\/a><\/p>\n\n\n\n<p>Hilda Sabato<\/p>\n<\/div><\/details>\n<\/div>\n<\/div>\n<\/div><\/div>\n\n\n\n<div id=\"wp-block-themeisle-blocks-accordion-ea5686d2\" class=\"wp-block-themeisle-blocks-accordion exclusive\">\n<details class=\"wp-block-themeisle-blocks-accordion-item\"><summary class=\"wp-block-themeisle-blocks-accordion-item__title\"><div>T\u00edtulo de acorde\u00f3n 1<\/div><\/summary><div class=\"wp-block-themeisle-blocks-accordion-item__content\">\n<p>Se trata de un marcador de posici\u00f3n del contenido de la pesta\u00f1a. Es importante tener la informaci\u00f3n necesaria en el bloque, pero en esta fase, es s\u00f3lo un marcador de posici\u00f3n para ayudarte a visualizar c\u00f3mo se muestra el contenido. Si\u00e9ntete libre de editarlo con tu contenido real.<\/p>\n<\/div><\/details>\n\n\n\n<details class=\"wp-block-themeisle-blocks-accordion-item\"><summary class=\"wp-block-themeisle-blocks-accordion-item__title\"><div>T\u00edtulo 2 del acorde\u00f3n<\/div><\/summary><div class=\"wp-block-themeisle-blocks-accordion-item__content\">\n<p>Se trata de un marcador de posici\u00f3n del contenido de la pesta\u00f1a. Es importante tener la informaci\u00f3n necesaria en el bloque, pero en esta fase, es s\u00f3lo un marcador de posici\u00f3n para ayudarte a visualizar c\u00f3mo se muestra el contenido. Si\u00e9ntete libre de editarlo con tu contenido real.<\/p>\n<\/div><\/details>\n<\/div>\n","protected":false},"excerpt":{"rendered":"","protected":false},"author":3,"featured_media":161,"comment_status":"closed","ping_status":"closed","sticky":false,"template":"","format":"standard","meta":{"_themeisle_gutenberg_block_has_review":false,"footnotes":""},"categories":[5],"tags":[10,6,8],"class_list":["post-305","post","type-post","status-publish","format-standard","has-post-thumbnail","hentry","category-indice-general","tag-25-anos","tag-historia-intelectual","tag-prismas"],"_links":{"self":[{"href":"https:\/\/historiaintelectual.com.ar\/indiceprismas\/wp-json\/wp\/v2\/posts\/305","targetHints":{"allow":["GET"]}}],"collection":[{"href":"https:\/\/historiaintelectual.com.ar\/indiceprismas\/wp-json\/wp\/v2\/posts"}],"about":[{"href":"https:\/\/historiaintelectual.com.ar\/indiceprismas\/wp-json\/wp\/v2\/types\/post"}],"author":[{"embeddable":true,"href":"https:\/\/historiaintelectual.com.ar\/indiceprismas\/wp-json\/wp\/v2\/users\/3"}],"replies":[{"embeddable":true,"href":"https:\/\/historiaintelectual.com.ar\/indiceprismas\/wp-json\/wp\/v2\/comments?post=305"}],"version-history":[{"count":4,"href":"https:\/\/historiaintelectual.com.ar\/indiceprismas\/wp-json\/wp\/v2\/posts\/305\/revisions"}],"predecessor-version":[{"id":2959,"href":"https:\/\/historiaintelectual.com.ar\/indiceprismas\/wp-json\/wp\/v2\/posts\/305\/revisions\/2959"}],"wp:featuredmedia":[{"embeddable":true,"href":"https:\/\/historiaintelectual.com.ar\/indiceprismas\/wp-json\/wp\/v2\/media\/161"}],"wp:attachment":[{"href":"https:\/\/historiaintelectual.com.ar\/indiceprismas\/wp-json\/wp\/v2\/media?parent=305"}],"wp:term":[{"taxonomy":"category","embeddable":true,"href":"https:\/\/historiaintelectual.com.ar\/indiceprismas\/wp-json\/wp\/v2\/categories?post=305"},{"taxonomy":"post_tag","embeddable":true,"href":"https:\/\/historiaintelectual.com.ar\/indiceprismas\/wp-json\/wp\/v2\/tags?post=305"}],"curies":[{"name":"wp","href":"https:\/\/api.w.org\/{rel}","templated":true}]}}