{"id":302,"date":"2023-02-27T03:03:51","date_gmt":"2023-02-27T03:03:51","guid":{"rendered":"https:\/\/historiaintelectual.com.ar\/indiceprismas\/?p=302"},"modified":"2025-05-26T17:51:08","modified_gmt":"2025-05-26T17:51:08","slug":"vol-6-2002","status":"publish","type":"post","link":"https:\/\/historiaintelectual.com.ar\/indiceprismas\/vol-6-2002\/","title":{"rendered":"VOL. 6 (2002)"},"content":{"rendered":"\n<div id=\"wp-block-themeisle-blocks-advanced-columns-6a350af5\" class=\"wp-block-themeisle-blocks-advanced-columns has-2-columns has-desktop-oneTwo-layout has-tablet-equal-layout has-mobile-collapsedRows-layout has-vertical-unset\"><div class=\"wp-block-themeisle-blocks-advanced-columns-overlay\"><\/div><div class=\"innerblocks-wrap\">\n<div id=\"wp-block-themeisle-blocks-advanced-column-726330eb\" class=\"wp-block-themeisle-blocks-advanced-column\">\n<figure class=\"wp-block-image size-full is-resized o-sticky o-sticky-pos-top o-sticky-bhvr-keep o-sticky-scope-parent\"><img loading=\"lazy\" decoding=\"async\" width=\"377\" height=\"550\" src=\"http:\/\/historiaintelectual.com.ar\/indiceprismas\/wp-content\/uploads\/2023\/02\/6.jpg\" alt=\"\" class=\"wp-image-162\" style=\"width:316px;height:460px\" srcset=\"https:\/\/historiaintelectual.com.ar\/indiceprismas\/wp-content\/uploads\/2023\/02\/6.jpg 377w, https:\/\/historiaintelectual.com.ar\/indiceprismas\/wp-content\/uploads\/2023\/02\/6-206x300.jpg 206w, https:\/\/historiaintelectual.com.ar\/indiceprismas\/wp-content\/uploads\/2023\/02\/6-103x150.jpg 103w, https:\/\/historiaintelectual.com.ar\/indiceprismas\/wp-content\/uploads\/2023\/02\/6-360x525.jpg 360w\" sizes=\"auto, (max-width: 377px) 100vw, 377px\" \/><\/figure>\n<\/div>\n\n\n\n<div id=\"wp-block-themeisle-blocks-advanced-column-af3f0557\" class=\"wp-block-themeisle-blocks-advanced-column\">\n<div id=\"wp-block-themeisle-blocks-accordion-99585927\" class=\"wp-block-themeisle-blocks-accordion exclusive\">\n<details class=\"wp-block-themeisle-blocks-accordion-item animated backInDown\"><summary class=\"wp-block-themeisle-blocks-accordion-item__title\"><div>ART\u00cdCULOS<\/div><\/summary><div class=\"wp-block-themeisle-blocks-accordion-item__content\">\n<p><a href=\"https:\/\/prismas.unq.edu.ar\/OJS\/index.php\/Prismas\/article\/view\/953\" target=\"_blank\" rel=\"noreferrer noopener\">La crisis de la experiencia en la era pos-subjetiva<\/a><\/p>\n\n\n\n<p>Martin Jay<\/p>\n\n\n\n<p><a href=\"https:\/\/prismas.unq.edu.ar\/OJS\/index.php\/Prismas\/article\/view\/954\" target=\"_blank\" rel=\"noreferrer noopener\">Conciencia hist\u00f3rica y memoria electiva<\/a><\/p>\n\n\n\n<p>Jos\u00e9 Sazb\u00f3n<\/p>\n\n\n\n<p><a href=\"https:\/\/prismas.unq.edu.ar\/OJS\/index.php\/Prismas\/article\/view\/955\" target=\"_blank\" rel=\"noreferrer noopener\">Literatura y pol\u00edtica. La Librer\u00eda Schmidt y la g\u00e9nesis de una oposici\u00f3n elemental en la cultura brasile\u00f1a (1930-1935)<\/a><\/p>\n\n\n\n<p>Gustavo Sor\u00e1<\/p>\n\n\n\n<p><a href=\"https:\/\/prismas.unq.edu.ar\/OJS\/index.php\/Prismas\/article\/view\/956\" target=\"_blank\" rel=\"noreferrer noopener\">Ciudades traducidas. Nueva York en Victoria Ocampo<\/a><\/p>\n\n\n\n<p>Sylvia Molloy<\/p>\n\n\n\n<p><a href=\"https:\/\/prismas.unq.edu.ar\/OJS\/index.php\/Prismas\/article\/view\/957\" target=\"_blank\" rel=\"noreferrer noopener\">Jeremy Bentham y la \u201cFeliz Experiencia\u00bb. Presencia del utilitarismo en Buenos Aires 1821-1824<\/a><\/p>\n\n\n\n<p>Klaus Gallo<\/p>\n\n\n\n<p><a href=\"https:\/\/prismas.unq.edu.ar\/OJS\/index.php\/Prismas\/article\/view\/958\" target=\"_blank\" rel=\"noreferrer noopener\">Del \u00e9xito popular a la canonizaci\u00f3n estatal del Mart\u00edn Fierro: tradiciones en pugna (1870-1940)<\/a><\/p>\n\n\n\n<p>Alejandro Cattaruzza, Alejandro Eujanian<\/p>\n<\/div><\/details>\n\n\n\n<details class=\"wp-block-themeisle-blocks-accordion-item animated backInDown slow\"><summary class=\"wp-block-themeisle-blocks-accordion-item__title\"><div>ARGUMENTOS<\/div><\/summary><div class=\"wp-block-themeisle-blocks-accordion-item__content\">\n<p><a href=\"https:\/\/prismas.unq.edu.ar\/OJS\/index.php\/Prismas\/article\/view\/Rosanvallon_prismas6\" target=\"_blank\" rel=\"noreferrer noopener\">Para una historia conceptual de lo pol\u00edtico (nota de trabajo)<\/a><\/p>\n\n\n\n<p>Pierre Rosanvallon<\/p>\n<\/div><\/details>\n\n\n\n<details class=\"wp-block-themeisle-blocks-accordion-item animated backInDown slower\"><summary class=\"wp-block-themeisle-blocks-accordion-item__title\"><div>DOSSIER: Cultura y pol\u00edtica: nuevas aproximaciones a la historia de la izquierda en Argentina<\/div><\/summary><div class=\"wp-block-themeisle-blocks-accordion-item__content\">\n<p><a href=\"https:\/\/prismas.unq.edu.ar\/OJS\/index.php\/Prismas\/article\/view\/Altamirano_prismas6https:\/prismas.unq.edu.ar\/OJS\/index.php\/Prismas\/article\/view\/1213\/1636\" target=\"_blank\" rel=\"noreferrer noopener\">Presentaci\u00f3n<\/a><\/p>\n\n\n\n<p>Carlos Altamirano<\/p>\n\n\n\n<p><a href=\"https:\/\/prismas.unq.edu.ar\/OJS\/index.php\/Prismas\/article\/view\/Tarcus_prismas6\" target=\"_blank\" rel=\"noreferrer noopener\">Entre Lucifer y Prometeo. Primera recepci\u00f3n de Marx en la prensa argentina (<em>La Naci\u00f3n<\/em>, 1871-1872, 1883)<\/a><\/p>\n\n\n\n<p>Horacio Tarcus<\/p>\n\n\n\n<p><a href=\"https:\/\/prismas.unq.edu.ar\/OJS\/index.php\/Prismas\/article\/view\/Suriano_prismas6\" target=\"_blank\" rel=\"noreferrer noopener\">En defensa de los oprimidos. El anarquismo y la formaci\u00f3n de una cultura de izquierda en la Argentina<\/a><\/p>\n\n\n\n<p>Juan Suriano<\/p>\n\n\n\n<p><a href=\"https:\/\/prismas.unq.edu.ar\/OJS\/index.php\/Prismas\/article\/view\/Pittaluga_prismas6\" target=\"_blank\" rel=\"noreferrer noopener\">Lecturas anarquistas de la revoluci\u00f3n rusa<\/a><\/p>\n\n\n\n<p>Roberto Pittaluga<\/p>\n\n\n\n<p><a href=\"https:\/\/prismas.unq.edu.ar\/OJS\/index.php\/Prismas\/article\/view\/971\" target=\"_blank\" rel=\"noreferrer noopener\">La experiencia comunista en el mundo de los trabajadores, 1925-1935<\/a><\/p>\n\n\n\n<p>Hern\u00e1n Camarero<\/p>\n\n\n\n<p><a href=\"https:\/\/prismas.unq.edu.ar\/OJS\/index.php\/Prismas\/article\/view\/Lobato_prismas6\">Rojos. A<\/a><a href=\"https:\/\/prismas.unq.edu.ar\/OJS\/index.php\/Prismas\/article\/view\/Lobato_prismas6\" target=\"_blank\" rel=\"noreferrer noopener\">l<\/a><a href=\"https:\/\/prismas.unq.edu.ar\/OJS\/index.php\/Prismas\/article\/view\/Lobato_prismas6\">gunas reflexiones sobre las relaciones entre los comunistas y el mundo del trabajo en la d\u00e9cada de 1930<\/a><\/p>\n\n\n\n<p>Mirta Zaida Lobato<\/p>\n\n\n\n<p><a href=\"https:\/\/prismas.unq.edu.ar\/OJS\/index.php\/Prismas\/article\/view\/Myers_prismas6\" target=\"_blank\" rel=\"noreferrer noopener\">Rodolfo Puiggr\u00f3s, historiador marxista-leninista: el momento de <em>Argumentos<\/em><\/a><\/p>\n\n\n\n<p>Jorge Myers<\/p>\n\n\n\n<p><a href=\"https:\/\/prismas.unq.edu.ar\/OJS\/index.php\/Prismas\/article\/view\/Portantiero_prismas6\" target=\"_blank\" rel=\"noreferrer noopener\">Im\u00e1genes de la crisis. El socialismo argentino en la d\u00e9cada de 1930<\/a><\/p>\n\n\n\n<p>Juan Carlos Portantiero<\/p>\n\n\n\n<p><a href=\"https:\/\/prismas.unq.edu.ar\/OJS\/index.php\/Prismas\/article\/view\/Luzzi_prismas6\" target=\"_blank\" rel=\"noreferrer noopener\">De la revisi\u00f3n de la t\u00e1ctica al Frente Popular. El socialismo argentino a trav\u00e9s de <em>Claridad<\/em>, 1930-1936<\/a><\/p>\n\n\n\n<p>Mariana Luzzi<\/p>\n\n\n\n<p><a href=\"https:\/\/prismas.unq.edu.ar\/OJS\/index.php\/Prismas\/article\/view\/Bisso_prismas6\">De Acci\u00f3n Argentina a la Uni\u00f3n Democr\u00e1tica. El civismo antifascista como pr\u00e9dica pol\u00edtica y estrateg<\/a><a href=\"https:\/\/prismas.unq.edu.ar\/OJS\/index.php\/Prismas\/article\/view\/Bisso_prismas6\" target=\"_blank\" rel=\"noreferrer noopener\">i<\/a><a href=\"https:\/\/prismas.unq.edu.ar\/OJS\/index.php\/Prismas\/article\/view\/Bisso_prismas6\">a partidaria del Socialismo Argentino (1940-1946)<\/a><\/p>\n\n\n\n<p>Andr\u00e9s Bisso<\/p>\n\n\n\n<p><a href=\"https:\/\/prismas.unq.edu.ar\/OJS\/index.php\/Prismas\/article\/view\/Tortti_prismas6\" target=\"_blank\" rel=\"noreferrer noopener\">Debates y rupturas en los partidos Comunista y Socialista durante el frondizismo<\/a><\/p>\n\n\n\n<p>Mar\u00eda Cristina Tortti<\/p>\n\n\n\n<p><a href=\"https:\/\/prismas.unq.edu.ar\/OJS\/index.php\/Prismas\/article\/view\/Barletta_prismas6\" target=\"_blank\" rel=\"noreferrer noopener\">Una izquierda universitaria peronista. Entre la demanda acad\u00e9mica y la demanda pol\u00edtica (1968-1973)<\/a><\/p>\n\n\n\n<p>Ana M. Barletta<\/p>\n<\/div><\/details>\n\n\n\n<details class=\"wp-block-themeisle-blocks-accordion-item animated backInDown slower delay-100ms\"><summary class=\"wp-block-themeisle-blocks-accordion-item__title\"><div>LECTURAS<\/div><\/summary><div class=\"wp-block-themeisle-blocks-accordion-item__content\">\n<p><a href=\"https:\/\/prismas.unq.edu.ar\/OJS\/index.php\/Prismas\/article\/view\/Rold%C3%A1n_prismas6\" target=\"_blank\" rel=\"noreferrer noopener\">Sufragio, representaci\u00f3n y soberan\u00eda en la democracia contempor\u00e1nea<\/a><\/p>\n\n\n\n<p>Dar\u00edo Rold\u00e1n<\/p>\n<\/div><\/details>\n\n\n\n<details class=\"wp-block-themeisle-blocks-accordion-item animated backInDown delay-100ms slower\"><summary class=\"wp-block-themeisle-blocks-accordion-item__title\"><div>RESE\u00d1AS<\/div><\/summary><div class=\"wp-block-themeisle-blocks-accordion-item__content\">\n<p><a href=\"https:\/\/prismas.unq.edu.ar\/OJS\/index.php\/Prismas\/article\/view\/959\" target=\"_blank\" rel=\"noreferrer noopener\">M\u00f3nica Quijada, Carmen Bernand y Arnd Schneider, Homogeneidad y naci\u00f3n. Con un estudio de caso: Argentina, siglos XIX y XX<\/a><\/p>\n\n\n\n<p>Oscar Ter\u00e1n<\/p>\n\n\n\n<p><a href=\"https:\/\/prismas.unq.edu.ar\/OJS\/index.php\/Prismas\/article\/view\/960\" target=\"_blank\" rel=\"noreferrer noopener\">Laura Malosetti Costa, Los primeros modernos. Arte y sociedad en Buenos Aires a fines del siglo XIX<\/a><\/p>\n\n\n\n<p>Ana Longoni<\/p>\n\n\n\n<p><a href=\"https:\/\/prismas.unq.edu.ar\/OJS\/index.php\/Prismas\/article\/view\/961\" target=\"_blank\" rel=\"noreferrer noopener\">Tulio Halperin Donghi, Vida y muerte de la Rep\u00fablica verdadera (1910-1930)<\/a><\/p>\n\n\n\n<p>Luis Alberto Romero<\/p>\n\n\n\n<p><a href=\"https:\/\/prismas.unq.edu.ar\/OJS\/index.php\/Prismas\/article\/view\/962\" target=\"_blank\" rel=\"noreferrer noopener\">Beatriz Sarlo, La batalla de las ideas (1943-1973)<\/a><\/p>\n\n\n\n<p>Jos\u00e9 Luis de Diego<\/p>\n\n\n\n<p><a href=\"https:\/\/prismas.unq.edu.ar\/OJS\/index.php\/Prismas\/article\/view\/963\" target=\"_blank\" rel=\"noreferrer noopener\">Eduardo P. Archetti, El potrero, la pista y el ring. Las patrias del deporte argentino<\/a><a href=\"https:\/\/prismas.unq.edu.ar\/OJS\/index.php\/Prismas\/article\/view\/963\/889\">; y Masculinities. Football, Polo and the Tango in Argentina<\/a><\/p>\n\n\n\n<p>Pablo Alabarces<\/p>\n\n\n\n<p><a href=\"https:\/\/prismas.unq.edu.ar\/OJS\/index.php\/Prismas\/article\/view\/964\" target=\"_blank\" rel=\"noreferrer noopener\">Horacio Gonz\u00e1lez (comp.), Historia cr\u00edtica de la sociolog\u00eda argentina. Los raros, los cl\u00e1sicos, los cient\u00edficos, los discrepantes<\/a><\/p>\n\n\n\n<p>Ricardo H. Mart\u00ednez Mazzola<\/p>\n\n\n\n<p><a href=\"https:\/\/prismas.unq.edu.ar\/OJS\/index.php\/Prismas\/article\/view\/965\" target=\"_blank\" rel=\"noreferrer noopener\">Carmen Mc Evoy (ed.) Juan Espinosa, Diccionario para el pueblo: republicano-democr\u00e1tico, moral, pol\u00edtico y filos\u00f3fico<\/a><\/p>\n\n\n\n<p>Jorge Myers<\/p>\n\n\n\n<p><a rel=\"noreferrer noopener\" href=\"https:\/\/prismas.unq.edu.ar\/OJS\/index.php\/Prismas\/article\/view\/966\" target=\"_blank\">Sergio Visacovsky, El Lan\u00fas. Memoria y pol\u00edtica en la construcci\u00f3n de una tradici\u00f3n psiqui\u00e1trica y psicoanal\u00edtica argentina<\/a><\/p>\n\n\n\n<p>Mariano Plotkin<\/p>\n<\/div><\/details>\n<\/div>\n<\/div>\n<\/div><\/div>\n\n\n\n<div id=\"wp-block-themeisle-blocks-accordion-b93e51b6\" class=\"wp-block-themeisle-blocks-accordion exclusive\">\n<details class=\"wp-block-themeisle-blocks-accordion-item\"><summary class=\"wp-block-themeisle-blocks-accordion-item__title\"><div>T\u00edtulo de acorde\u00f3n 1<\/div><\/summary><div class=\"wp-block-themeisle-blocks-accordion-item__content\">\n<p>Se trata de un marcador de posici\u00f3n del contenido de la pesta\u00f1a. Es importante tener la informaci\u00f3n necesaria en el bloque, pero en esta fase, es s\u00f3lo un marcador de posici\u00f3n para ayudarte a visualizar c\u00f3mo se muestra el contenido. Si\u00e9ntete libre de editarlo con tu contenido real.<\/p>\n<\/div><\/details>\n\n\n\n<details class=\"wp-block-themeisle-blocks-accordion-item\"><summary class=\"wp-block-themeisle-blocks-accordion-item__title\"><div>T\u00edtulo 2 del acorde\u00f3n<\/div><\/summary><div class=\"wp-block-themeisle-blocks-accordion-item__content\">\n<p>Se trata de un marcador de posici\u00f3n del contenido de la pesta\u00f1a. Es importante tener la informaci\u00f3n necesaria en el bloque, pero en esta fase, es s\u00f3lo un marcador de posici\u00f3n para ayudarte a visualizar c\u00f3mo se muestra el contenido. Si\u00e9ntete libre de editarlo con tu contenido real.<\/p>\n<\/div><\/details>\n<\/div>\n\n\n\n<div id=\"wp-block-themeisle-blocks-accordion-1cc88df5\" class=\"wp-block-themeisle-blocks-accordion exclusive\">\n<details class=\"wp-block-themeisle-blocks-accordion-item\"><summary class=\"wp-block-themeisle-blocks-accordion-item__title\"><div>T\u00edtulo de acorde\u00f3n 1<\/div><\/summary><div class=\"wp-block-themeisle-blocks-accordion-item__content\">\n<p>Se trata de un marcador de posici\u00f3n del contenido de la pesta\u00f1a. Es importante tener la informaci\u00f3n necesaria en el bloque, pero en esta fase, es s\u00f3lo un marcador de posici\u00f3n para ayudarte a visualizar c\u00f3mo se muestra el contenido. Si\u00e9ntete libre de editarlo con tu contenido real.<\/p>\n<\/div><\/details>\n\n\n\n<details class=\"wp-block-themeisle-blocks-accordion-item\"><summary class=\"wp-block-themeisle-blocks-accordion-item__title\"><div>T\u00edtulo 2 del acorde\u00f3n<\/div><\/summary><div class=\"wp-block-themeisle-blocks-accordion-item__content\">\n<p>Se trata de un marcador de posici\u00f3n del contenido de la pesta\u00f1a. Es importante tener la informaci\u00f3n necesaria en el bloque, pero en esta fase, es s\u00f3lo un marcador de posici\u00f3n para ayudarte a visualizar c\u00f3mo se muestra el contenido. Si\u00e9ntete libre de editarlo con tu contenido real.<\/p>\n<\/div><\/details>\n<\/div>\n","protected":false},"excerpt":{"rendered":"","protected":false},"author":3,"featured_media":162,"comment_status":"closed","ping_status":"closed","sticky":false,"template":"","format":"standard","meta":{"_themeisle_gutenberg_block_has_review":false,"footnotes":""},"categories":[5],"tags":[10,6,8],"class_list":["post-302","post","type-post","status-publish","format-standard","has-post-thumbnail","hentry","category-indice-general","tag-25-anos","tag-historia-intelectual","tag-prismas"],"_links":{"self":[{"href":"https:\/\/historiaintelectual.com.ar\/indiceprismas\/wp-json\/wp\/v2\/posts\/302","targetHints":{"allow":["GET"]}}],"collection":[{"href":"https:\/\/historiaintelectual.com.ar\/indiceprismas\/wp-json\/wp\/v2\/posts"}],"about":[{"href":"https:\/\/historiaintelectual.com.ar\/indiceprismas\/wp-json\/wp\/v2\/types\/post"}],"author":[{"embeddable":true,"href":"https:\/\/historiaintelectual.com.ar\/indiceprismas\/wp-json\/wp\/v2\/users\/3"}],"replies":[{"embeddable":true,"href":"https:\/\/historiaintelectual.com.ar\/indiceprismas\/wp-json\/wp\/v2\/comments?post=302"}],"version-history":[{"count":4,"href":"https:\/\/historiaintelectual.com.ar\/indiceprismas\/wp-json\/wp\/v2\/posts\/302\/revisions"}],"predecessor-version":[{"id":2960,"href":"https:\/\/historiaintelectual.com.ar\/indiceprismas\/wp-json\/wp\/v2\/posts\/302\/revisions\/2960"}],"wp:featuredmedia":[{"embeddable":true,"href":"https:\/\/historiaintelectual.com.ar\/indiceprismas\/wp-json\/wp\/v2\/media\/162"}],"wp:attachment":[{"href":"https:\/\/historiaintelectual.com.ar\/indiceprismas\/wp-json\/wp\/v2\/media?parent=302"}],"wp:term":[{"taxonomy":"category","embeddable":true,"href":"https:\/\/historiaintelectual.com.ar\/indiceprismas\/wp-json\/wp\/v2\/categories?post=302"},{"taxonomy":"post_tag","embeddable":true,"href":"https:\/\/historiaintelectual.com.ar\/indiceprismas\/wp-json\/wp\/v2\/tags?post=302"}],"curies":[{"name":"wp","href":"https:\/\/api.w.org\/{rel}","templated":true}]}}