{"id":291,"date":"2023-02-27T02:45:43","date_gmt":"2023-02-27T02:45:43","guid":{"rendered":"https:\/\/historiaintelectual.com.ar\/indiceprismas\/?p=291"},"modified":"2025-05-26T17:52:13","modified_gmt":"2025-05-26T17:52:13","slug":"vol-4-2000","status":"publish","type":"post","link":"https:\/\/historiaintelectual.com.ar\/indiceprismas\/vol-4-2000\/","title":{"rendered":"VOL. 4 (2000)"},"content":{"rendered":"\n<p><\/p>\n\n\n\n<div id=\"wp-block-themeisle-blocks-advanced-columns-6a350af5\" class=\"wp-block-themeisle-blocks-advanced-columns has-2-columns has-desktop-oneTwo-layout has-tablet-equal-layout has-mobile-collapsedRows-layout has-vertical-unset\"><div class=\"wp-block-themeisle-blocks-advanced-columns-overlay\"><\/div><div class=\"innerblocks-wrap\">\n<div id=\"wp-block-themeisle-blocks-advanced-column-726330eb\" class=\"wp-block-themeisle-blocks-advanced-column\">\n<figure class=\"wp-block-image size-full is-resized o-sticky o-sticky-pos-top o-sticky-bhvr-keep o-sticky-scope-parent\"><img loading=\"lazy\" decoding=\"async\" width=\"377\" height=\"550\" src=\"http:\/\/historiaintelectual.com.ar\/indiceprismas\/wp-content\/uploads\/2023\/02\/4.jpg\" alt=\"\" class=\"wp-image-165\" style=\"width:315px;height:459px\" srcset=\"https:\/\/historiaintelectual.com.ar\/indiceprismas\/wp-content\/uploads\/2023\/02\/4.jpg 377w, https:\/\/historiaintelectual.com.ar\/indiceprismas\/wp-content\/uploads\/2023\/02\/4-206x300.jpg 206w, https:\/\/historiaintelectual.com.ar\/indiceprismas\/wp-content\/uploads\/2023\/02\/4-103x150.jpg 103w, https:\/\/historiaintelectual.com.ar\/indiceprismas\/wp-content\/uploads\/2023\/02\/4-360x525.jpg 360w\" sizes=\"auto, (max-width: 377px) 100vw, 377px\" \/><\/figure>\n<\/div>\n\n\n\n<div id=\"wp-block-themeisle-blocks-advanced-column-af3f0557\" class=\"wp-block-themeisle-blocks-advanced-column\">\n<div id=\"wp-block-themeisle-blocks-accordion-99585927\" class=\"wp-block-themeisle-blocks-accordion exclusive\">\n<details class=\"wp-block-themeisle-blocks-accordion-item animated backInDown\"><summary class=\"wp-block-themeisle-blocks-accordion-item__title\"><div>ART\u00cdCULOS<\/div><\/summary><div class=\"wp-block-themeisle-blocks-accordion-item__content\">\n<p><a href=\"https:\/\/prismas.unq.edu.ar\/OJS\/index.php\/Prismas\/article\/view\/Goldman_prismas4\" target=\"_blank\" rel=\"noreferrer noopener\">Libertad de imprenta, opini\u00f3n p\u00fablica y debate constitucional en el R\u00edo de la Plata (1810-1827)<\/a><\/p>\n\n\n\n<p>Noem\u00ed Goldman<\/p>\n\n\n\n<p><a href=\"https:\/\/prismas.unq.edu.ar\/OJS\/index.php\/Prismas\/article\/view\/Pani_prismas4\" target=\"_blank\" rel=\"noreferrer noopener\">En busca de la \u201cdemocracia real\u201d. El debate sobre la representaci\u00f3n pol\u00edtica durante el \u00faltimo tercio del siglo XIX<\/a><\/p>\n\n\n\n<p>Erika Pani<\/p>\n\n\n\n<p><a href=\"https:\/\/prismas.unq.edu.ar\/OJS\/index.php\/Prismas\/article\/view\/Catt%C3%A1neo-Rodr%C3%ADguez_prismas4\" target=\"_blank\" rel=\"noreferrer noopener\">Ariel exasperado. Avatares de la Reforma Universitaria en la d\u00e9cada del veinte<\/a><\/p>\n\n\n\n<p>Liliana Catt\u00e1neo, Fernando Diego Rodr\u00edguez<\/p>\n\n\n\n<p><a href=\"https:\/\/prismas.unq.edu.ar\/OJS\/index.php\/Prismas\/article\/view\/Vasquez_prismas4\" target=\"_blank\" rel=\"noreferrer noopener\">Intelectuales y pol\u00edtica. La \u201cnueva generaci\u00f3n\u201d en los primeros a\u00f1os de la Reforma Universitaria<\/a><\/p>\n\n\n\n<p>Karina V\u00e1squez<\/p>\n\n\n\n<p><a href=\"https:\/\/prismas.unq.edu.ar\/OJS\/index.php\/Prismas\/article\/view\/Gramuglio\" target=\"_blank\" rel=\"noreferrer noopener\">Imaginaciones de un nacionalista. Manuel G\u00e1lvez y la decadencia de la Argentina<\/a><\/p>\n\n\n\n<p>Mar\u00eda Teresa Gramuglio<\/p>\n\n\n\n<p><a href=\"https:\/\/prismas.unq.edu.ar\/OJS\/index.php\/Prismas\/article\/view\/Dotti_prismas4\" target=\"_blank\" rel=\"noreferrer noopener\">Romanticismo o decisi\u00f3n pol\u00edtica: aut aut<\/a><\/p>\n\n\n\n<p>Jorge E. Dotti<\/p>\n\n\n\n<p><a href=\"https:\/\/prismas.unq.edu.ar\/OJS\/index.php\/Prismas\/article\/view\/Bergel-Palomino_prismas4\" target=\"_blank\" rel=\"noreferrer noopener\">La revista <em>El Gr\u00e1fico<\/em> en sus inicios. Una pedagog\u00eda deportiva para la ciudad moderna<\/a><\/p>\n\n\n\n<p>Mart\u00edn Bergel, Pablo Palomino<\/p>\n\n\n\n<div id=\"wp-block-themeisle-blocks-accordion-04be0bbc\" class=\"wp-block-themeisle-blocks-accordion exclusive\">\n<details class=\"wp-block-themeisle-blocks-accordion-item\"><summary class=\"wp-block-themeisle-blocks-accordion-item__title\"><div>T\u00edtulo de acorde\u00f3n 1<\/div><\/summary><div class=\"wp-block-themeisle-blocks-accordion-item__content\">\n<p>Se trata de un marcador de posici\u00f3n del contenido de la pesta\u00f1a. Es importante tener la informaci\u00f3n necesaria en el bloque, pero en esta fase, es s\u00f3lo un marcador de posici\u00f3n para ayudarte a visualizar c\u00f3mo se muestra el contenido. Si\u00e9ntete libre de editarlo con tu contenido real.<\/p>\n<\/div><\/details>\n\n\n\n<details class=\"wp-block-themeisle-blocks-accordion-item\"><summary class=\"wp-block-themeisle-blocks-accordion-item__title\"><div>T\u00edtulo 2 del acorde\u00f3n<\/div><\/summary><div class=\"wp-block-themeisle-blocks-accordion-item__content\">\n<p>Se trata de un marcador de posici\u00f3n del contenido de la pesta\u00f1a. Es importante tener la informaci\u00f3n necesaria en el bloque, pero en esta fase, es s\u00f3lo un marcador de posici\u00f3n para ayudarte a visualizar c\u00f3mo se muestra el contenido. Si\u00e9ntete libre de editarlo con tu contenido real.<\/p>\n<\/div><\/details>\n<\/div>\n<\/div><\/details>\n\n\n\n<details class=\"wp-block-themeisle-blocks-accordion-item animated backInDown\"><summary class=\"wp-block-themeisle-blocks-accordion-item__title\"><div>ARGUMENTOS<\/div><\/summary><div class=\"wp-block-themeisle-blocks-accordion-item__content\">\n<p><a href=\"https:\/\/prismas.unq.edu.ar\/OJS\/index.php\/Prismas\/article\/view\/1007\" target=\"_blank\" rel=\"noreferrer noopener\">Presentaci\u00f3n<\/a><\/p>\n\n\n\n<p>Revista <em>Prismas<\/em><\/p>\n\n\n\n<p><a href=\"https:\/\/prismas.unq.edu.ar\/OJS\/index.php\/Prismas\/article\/view\/Lovejoy_prismas4\" target=\"_blank\" rel=\"noreferrer noopener\">Reflexiones sobre la historia de las ideas<\/a><\/p>\n\n\n\n<p>Arthur O. Lovejoy<\/p>\n\n\n\n<p><a href=\"https:\/\/prismas.unq.edu.ar\/OJS\/index.php\/Prismas\/article\/view\/Namier_prismas4\" target=\"_blank\" rel=\"noreferrer noopener\">La naturaleza humana en la pol\u00edtica<\/a><\/p>\n\n\n\n<p>Lewis Namier<\/p>\n\n\n\n<p><a href=\"https:\/\/prismas.unq.edu.ar\/OJS\/index.php\/Prismas\/article\/view\/Skinner_prismas4\" target=\"_blank\" rel=\"noreferrer noopener\">Significado y comprensi\u00f3n en la historia de las ideas<\/a><\/p>\n\n\n\n<p>Quentin Skinner<\/p>\n<\/div><\/details>\n\n\n\n<details class=\"wp-block-themeisle-blocks-accordion-item animated backInDown slow\"><summary class=\"wp-block-themeisle-blocks-accordion-item__title\"><div>DOSSIER: Literatura, viajeros e historia del paisaje en Argentina<\/div><\/summary><div class=\"wp-block-themeisle-blocks-accordion-item__content\">\n<p><a href=\"https:\/\/prismas.unq.edu.ar\/OJS\/index.php\/Prismas\/article\/view\/Silvestri_prismas4\" target=\"_blank\" rel=\"noreferrer noopener\">Introducci\u00f3n<\/a><\/p>\n\n\n\n<p>Graciela Silvestri<\/p>\n\n\n\n<p><a href=\"https:\/\/prismas.unq.edu.ar\/OJS\/index.php\/Prismas\/article\/view\/Gramuglio_prismas4\" target=\"_blank\" rel=\"noreferrer noopener\">\u201cLas cosas \u00fatiles y magn\u00edficas\u201d. A partir de una lectura de <em>Los viajeros ingleses y la emergencia de la literatura argentina<\/em> de Adolfo Prieto<\/a><\/p>\n\n\n\n<p>Mar\u00eda Teresa Gramuglio<\/p>\n\n\n\n<p><a href=\"https:\/\/prismas.unq.edu.ar\/OJS\/index.php\/Prismas\/article\/view\/Aliata_prismas4\" target=\"_blank\" rel=\"noreferrer noopener\">Una construcci\u00f3n selectiva de la realidad. Espacio urbano, narraciones de viajeros y formaci\u00f3n de una literatura nacional<\/a><\/p>\n\n\n\n<p>Fernando Aliata<\/p>\n\n\n\n<p><a href=\"https:\/\/prismas.unq.edu.ar\/OJS\/index.php\/Prismas\/article\/view\/Prieto_prismas4\" target=\"_blank\" rel=\"noreferrer noopener\">Comentario<\/a><\/p>\n\n\n\n<p>Adolfo Prieto<\/p>\n\n\n\n<p><a href=\"https:\/\/prismas.unq.edu.ar\/OJS\/index.php\/Prismas\/article\/view\/Podgorny%2CSch%C3%A4ffner_prismas4\" target=\"_blank\" rel=\"noreferrer noopener\">\u201cLa intenci\u00f3n de observar abre los ojos\u201d. Narraciones, datos y medios t\u00e9cnicos en las empresas humboldtianas del siglo XIX<\/a><\/p>\n\n\n\n<p>Irina Podgorny, Wolfgang Sch\u00e4ffner<\/p>\n<\/div><\/details>\n\n\n\n<details class=\"wp-block-themeisle-blocks-accordion-item animated backInDown slower\"><summary class=\"wp-block-themeisle-blocks-accordion-item__title\"><div>LECTURAS<\/div><\/summary><div class=\"wp-block-themeisle-blocks-accordion-item__content\">\n<p><a href=\"https:\/\/prismas.unq.edu.ar\/OJS\/index.php\/Prismas\/article\/view\/Palti_prismas4\" target=\"_blank\" rel=\"noreferrer noopener\">Filosof\u00eda rom\u00e1ntica y ciencias naturales. L\u00edmites difusos y problemas terminol\u00f3gicos<\/a><\/p>\n\n\n\n<p>El\u00edas Jos\u00e9 Palti<\/p>\n\n\n\n<p><a href=\"https:\/\/prismas.unq.edu.ar\/OJS\/index.php\/Prismas\/article\/view\/Fern%C3%A1ndezVega_prismas4\">El fuego y las formas. Una est\u00e9tica pol\u00edtica para la neovanguardia de los sesenta<\/a><\/p>\n\n\n\n<p>Jos\u00e9 Fern\u00e1ndez vega<\/p>\n<\/div><\/details>\n\n\n\n<details class=\"wp-block-themeisle-blocks-accordion-item animated backInDown slower\"><summary class=\"wp-block-themeisle-blocks-accordion-item__title\"><div>RESE\u00d1AS<\/div><\/summary><div class=\"wp-block-themeisle-blocks-accordion-item__content\">\n<p><a href=\"https:\/\/prismas.unq.edu.ar\/OJS\/index.php\/Prismas\/article\/view\/Eujanian_prismas4\">Fernando Devoto y Marta Madero, Historia de la Vida Privada en la Argentina<\/a><\/p>\n\n\n\n<p>Alejandro Eujanian<\/p>\n\n\n\n<p><a href=\"https:\/\/prismas.unq.edu.ar\/OJS\/index.php\/Prismas\/article\/view\/Sabato_prismas4\" target=\"_blank\" rel=\"noreferrer noopener\">Fran\u00e7ois-Xavier Guerra, Annick Lamp\u00e9ri\u00e8re et al. Los espacios p\u00fablicos en Iberoam\u00e9rica. Ambig\u00fcedades y problemas. Siglos XVIII-XIX<\/a><\/p>\n\n\n\n<p>Hilda Sabato<\/p>\n\n\n\n<p><a href=\"https:\/\/prismas.unq.edu.ar\/OJS\/index.php\/Prismas\/article\/view\/Quintana_prismas4\" target=\"_blank\" rel=\"noreferrer noopener\">Graciela Batticuore, El taller de la escritora. Veladas literarias de Juana Manuela Gorriti: Lima-Buenos Aires (1876\/1877-1892)<\/a><\/p>\n\n\n\n<p>Isabel Alicia Quintana<\/p>\n\n\n\n<p><a href=\"https:\/\/prismas.unq.edu.ar\/OJS\/index.php\/Prismas\/article\/view\/Sa%C3%ADtta_prismas4\" target=\"_blank\" rel=\"noreferrer noopener\">Noem\u00ed Girbal-Blacha y Dia<\/a><a href=\"https:\/\/prismas.unq.edu.ar\/OJS\/index.php\/Prismas\/article\/view\/Sa%C3%ADtta_prismas4\">na Quatrocchi-Woisson (directoras), Cuando opinar es actuar. Revistas argentinas del siglo XX<\/a><\/p>\n\n\n\n<p>Sylvia Sa\u00edtta<\/p>\n\n\n\n<p><a href=\"https:\/\/prismas.unq.edu.ar\/OJS\/index.php\/Prismas\/article\/view\/Herrero_prismas4\" target=\"_blank\" rel=\"noreferrer noopener\">Roger Chartier, Cultura escrita, literatura e historia. Conversaciones con Roger Chartier<\/a><\/p>\n\n\n\n<p>Alejandro Herrero<\/p>\n\n\n\n<p><a href=\"https:\/\/prismas.unq.edu.ar\/OJS\/index.php\/Prismas\/article\/view\/Benzecry_prismas4\" target=\"_blank\" rel=\"noreferrer noopener\">Herbert J. Gans, Popular Culture &amp; High Culture. An Analysis and Evaluation of Taste<\/a><\/p>\n\n\n\n<p>Claudio E. Benzecry<\/p>\n<\/div><\/details>\n<\/div>\n<\/div>\n<\/div><\/div>\n","protected":false},"excerpt":{"rendered":"","protected":false},"author":3,"featured_media":165,"comment_status":"closed","ping_status":"closed","sticky":false,"template":"","format":"standard","meta":{"_themeisle_gutenberg_block_has_review":false,"footnotes":""},"categories":[5],"tags":[10,6,8],"class_list":["post-291","post","type-post","status-publish","format-standard","has-post-thumbnail","hentry","category-indice-general","tag-25-anos","tag-historia-intelectual","tag-prismas"],"_links":{"self":[{"href":"https:\/\/historiaintelectual.com.ar\/indiceprismas\/wp-json\/wp\/v2\/posts\/291","targetHints":{"allow":["GET"]}}],"collection":[{"href":"https:\/\/historiaintelectual.com.ar\/indiceprismas\/wp-json\/wp\/v2\/posts"}],"about":[{"href":"https:\/\/historiaintelectual.com.ar\/indiceprismas\/wp-json\/wp\/v2\/types\/post"}],"author":[{"embeddable":true,"href":"https:\/\/historiaintelectual.com.ar\/indiceprismas\/wp-json\/wp\/v2\/users\/3"}],"replies":[{"embeddable":true,"href":"https:\/\/historiaintelectual.com.ar\/indiceprismas\/wp-json\/wp\/v2\/comments?post=291"}],"version-history":[{"count":9,"href":"https:\/\/historiaintelectual.com.ar\/indiceprismas\/wp-json\/wp\/v2\/posts\/291\/revisions"}],"predecessor-version":[{"id":2962,"href":"https:\/\/historiaintelectual.com.ar\/indiceprismas\/wp-json\/wp\/v2\/posts\/291\/revisions\/2962"}],"wp:featuredmedia":[{"embeddable":true,"href":"https:\/\/historiaintelectual.com.ar\/indiceprismas\/wp-json\/wp\/v2\/media\/165"}],"wp:attachment":[{"href":"https:\/\/historiaintelectual.com.ar\/indiceprismas\/wp-json\/wp\/v2\/media?parent=291"}],"wp:term":[{"taxonomy":"category","embeddable":true,"href":"https:\/\/historiaintelectual.com.ar\/indiceprismas\/wp-json\/wp\/v2\/categories?post=291"},{"taxonomy":"post_tag","embeddable":true,"href":"https:\/\/historiaintelectual.com.ar\/indiceprismas\/wp-json\/wp\/v2\/tags?post=291"}],"curies":[{"name":"wp","href":"https:\/\/api.w.org\/{rel}","templated":true}]}}