{"id":279,"date":"2023-02-27T02:29:05","date_gmt":"2023-02-27T02:29:05","guid":{"rendered":"https:\/\/historiaintelectual.com.ar\/indiceprismas\/?p=279"},"modified":"2025-05-26T17:52:38","modified_gmt":"2025-05-26T17:52:38","slug":"vol-3-1999","status":"publish","type":"post","link":"https:\/\/historiaintelectual.com.ar\/indiceprismas\/vol-3-1999\/","title":{"rendered":"VOL. 3 (1999)"},"content":{"rendered":"\n<div id=\"wp-block-themeisle-blocks-advanced-columns-6a350af5\" class=\"wp-block-themeisle-blocks-advanced-columns has-2-columns has-desktop-oneTwo-layout has-tablet-equal-layout has-mobile-collapsedRows-layout has-vertical-unset\"><div class=\"wp-block-themeisle-blocks-advanced-columns-overlay\"><\/div><div class=\"innerblocks-wrap\">\n<div id=\"wp-block-themeisle-blocks-advanced-column-726330eb\" class=\"wp-block-themeisle-blocks-advanced-column\">\n<figure class=\"wp-block-image size-full is-resized o-sticky o-sticky-pos-top o-sticky-bhvr-keep o-sticky-scope-parent\"><img loading=\"lazy\" decoding=\"async\" width=\"377\" height=\"550\" src=\"http:\/\/historiaintelectual.com.ar\/indiceprismas\/wp-content\/uploads\/2023\/02\/3.jpg\" alt=\"\" class=\"wp-image-166\" style=\"width:314px;height:458px\" srcset=\"https:\/\/historiaintelectual.com.ar\/indiceprismas\/wp-content\/uploads\/2023\/02\/3.jpg 377w, https:\/\/historiaintelectual.com.ar\/indiceprismas\/wp-content\/uploads\/2023\/02\/3-206x300.jpg 206w, https:\/\/historiaintelectual.com.ar\/indiceprismas\/wp-content\/uploads\/2023\/02\/3-103x150.jpg 103w, https:\/\/historiaintelectual.com.ar\/indiceprismas\/wp-content\/uploads\/2023\/02\/3-360x525.jpg 360w\" sizes=\"auto, (max-width: 377px) 100vw, 377px\" \/><\/figure>\n<\/div>\n\n\n\n<div id=\"wp-block-themeisle-blocks-advanced-column-af3f0557\" class=\"wp-block-themeisle-blocks-advanced-column\">\n<div id=\"wp-block-themeisle-blocks-accordion-99585927\" class=\"wp-block-themeisle-blocks-accordion exclusive\">\n<details class=\"wp-block-themeisle-blocks-accordion-item animated backInDown\"><summary class=\"wp-block-themeisle-blocks-accordion-item__title\"><div>ART\u00cdCULOS<\/div><\/summary><div class=\"wp-block-themeisle-blocks-accordion-item__content\">\n<p><a rel=\"noreferrer noopener\" href=\"https:\/\/prismas.unq.edu.ar\/OJS\/index.php\/Prismas\/article\/view\/Starobinski_prismas3\" target=\"_blank\">La palabra <em>civilizaci\u00f3n<\/em><\/a><br>Jean Starobinski<\/p>\n\n\n\n<p><a href=\"https:\/\/prismas.unq.edu.ar\/OJS\/index.php\/Prismas\/article\/view\/Teran_prismas3\">Ernesto Quesada o c\u00f3mo mezclar sin<\/a><a rel=\"noreferrer noopener\" href=\"https:\/\/prismas.unq.edu.ar\/OJS\/index.php\/Prismas\/article\/view\/Teran_prismas3\" target=\"_blank\"> <\/a><a href=\"https:\/\/prismas.unq.edu.ar\/OJS\/index.php\/Prismas\/article\/view\/Teran_prismas3\">mezclarse<\/a><br>Oscar Ter\u00e1n<\/p>\n\n\n\n<p><a rel=\"noreferrer noopener\" href=\"https:\/\/prismas.unq.edu.ar\/OJS\/index.php\/Prismas\/article\/view\/Neiburg_prismas3\" target=\"_blank\">Politizaci\u00f3n y universidad. Esbozo de una pragm\u00e1tica hist\u00f3rica de la pol\u00edtica en la Argentina<\/a><br>Federico Neiburg<\/p>\n\n\n\n<p><a rel=\"noreferrer noopener\" href=\"https:\/\/prismas.unq.edu.ar\/OJS\/index.php\/Prismas\/article\/view\/Gilman_prismas3\" target=\"_blank\">El intelectual como problema. La eclosi\u00f3n del antiintelectualismo latinoamericano de los sesenta y los setenta<\/a><br>Claudia Gilman<\/p>\n\n\n\n<p><a href=\"https:\/\/prismas.unq.edu.ar\/OJS\/index.php\/Prismas\/article\/view\/Blanco_prismas3\" target=\"_blank\" rel=\"noreferrer noopener\">Ideolog\u00eda, cultura y pol\u00edtica: la \u201cEscuela de Frankfurt\u201d en la obra de Gino Germani<\/a><\/p>\n\n\n\n<p>Alejandro Blanco<\/p>\n\n\n\n<p><a rel=\"noreferrer noopener\" href=\"https:\/\/prismas.unq.edu.ar\/OJS\/index.php\/Prismas\/article\/view\/Acha_prismas3\" target=\"_blank\"><em>Imago Mundi <\/em>(1953-1956) en una coyuntura historiogr\u00e1fico-pol\u00edtica<\/a><br>Jos\u00e9 Omar Acha<\/p>\n\n\n\n<p><a rel=\"noreferrer noopener\" href=\"https:\/\/prismas.unq.edu.ar\/OJS\/index.php\/Prismas\/article\/view\/FernandezVega_prismas3\" target=\"_blank\">Crisis pol\u00edtica y crisis de representaci\u00f3n est\u00e9tica. La Primera Guerra Mundial a trav\u00e9s de <em>La Naci\u00f3n<\/em> de Buenos Aires<\/a><br>Jos\u00e9 Fern\u00e1ndez Vega<\/p>\n\n\n\n<p><a rel=\"noreferrer noopener\" href=\"https:\/\/prismas.unq.edu.ar\/OJS\/index.php\/Prismas\/article\/view\/Prislei_prismas3\" target=\"_blank\">Tres ensayos y una encuesta en busca de la naci\u00f3n<\/a><br>Leticia Prislei<\/p>\n\n\n\n<p><a rel=\"noreferrer noopener\" href=\"https:\/\/prismas.unq.edu.ar\/OJS\/index.php\/Prismas\/article\/view\/Herrero_prismas3\" target=\"_blank\">Francia: Eugenio Lerminier y la revoluci\u00f3n de Julio (1830-1832)<\/a><br>Alejandro Herrero<\/p>\n\n\n\n<p><\/p>\n<\/div><\/details>\n\n\n\n<details class=\"wp-block-themeisle-blocks-accordion-item animated backInDown\"><summary class=\"wp-block-themeisle-blocks-accordion-item__title\"><div>DOSSIER: Problemas de Historia Intelectual<\/div><\/summary><div class=\"wp-block-themeisle-blocks-accordion-item__content\">\n<p><a rel=\"noreferrer noopener\" href=\"https:\/\/prismas.unq.edu.ar\/OJS\/index.php\/Prismas\/article\/view\/Altamirano_prismas3\" target=\"_blank\">Ideas para un programa de Historia Intelectual<\/a><br>Carlos Altamirano<\/p>\n\n\n\n<p><a rel=\"noreferrer noopener\" href=\"https:\/\/prismas.unq.edu.ar\/OJS\/index.php\/Prismas\/article\/view\/Gorelik_prismas3\" target=\"_blank\">Historia de la ciudad e historia intelectual<\/a><br>Adri\u00e1n Gorelik<\/p>\n\n\n\n<p><a rel=\"noreferrer noopener\" href=\"https:\/\/prismas.unq.edu.ar\/OJS\/index.php\/Prismas\/article\/view\/Palti2_prismas3\" target=\"_blank\">El malestar y la b\u00fasqueda. Sobre las aproximaciones dicot\u00f3micas a la historia intelectual latinoamericana<\/a><br>El\u00edas Jos\u00e9 Palti<\/p>\n\n\n\n<p><a rel=\"noreferrer noopener\" href=\"https:\/\/prismas.unq.edu.ar\/OJS\/index.php\/Prismas\/article\/view\/Silvestri_prismas3\" target=\"_blank\">Paisaje y representaci\u00f3n<\/a><br>Graciela Silvestri<\/p>\n<\/div><\/details>\n\n\n\n<details class=\"wp-block-themeisle-blocks-accordion-item animated backInDown slow\"><summary class=\"wp-block-themeisle-blocks-accordion-item__title\"><div>LECTURAS<\/div><\/summary><div class=\"wp-block-themeisle-blocks-accordion-item__content\">\n<p><a rel=\"noreferrer noopener\" href=\"https:\/\/prismas.unq.edu.ar\/OJS\/index.php\/Prismas\/article\/view\/Dotti_prismas3\" target=\"_blank\">Reflexiones sobre una pol\u00e9mica persistente<\/a><br>Jorge E. Dotti<\/p>\n\n\n\n<p><a rel=\"noreferrer noopener\" href=\"https:\/\/prismas.unq.edu.ar\/OJS\/index.php\/Prismas\/article\/view\/Sa%C3%ADtta_prismas3\" target=\"_blank\">Representaciones culturales de Buenos Aires<\/a><br>Sylvia Sa\u00edtta<\/p>\n\n\n\n<p><a rel=\"noreferrer noopener\" href=\"https:\/\/prismas.unq.edu.ar\/OJS\/index.php\/Prismas\/article\/view\/Palti3_prismas3\" target=\"_blank\">Ideas pol\u00edticas e historia intelectual. Texto y contexto en la obra reciente de Quentin Skinner<\/a><br>El\u00edas Jos\u00e9 Palti<\/p>\n\n\n\n<p><a rel=\"noreferrer noopener\" href=\"https:\/\/prismas.unq.edu.ar\/OJS\/index.php\/Prismas\/article\/view\/Myers_prismas3\" target=\"_blank\">Una cuesti\u00f3n de identidades. La b\u00fasqueda de los or\u00edgenes de la Naci\u00f3n Argentina y sus apor\u00edas<\/a><br>Jorge Myers<\/p>\n\n\n\n<p><a rel=\"noreferrer noopener\" href=\"https:\/\/prismas.unq.edu.ar\/OJS\/index.php\/Prismas\/article\/view\/Acha2_prismas3\" target=\"_blank\">La historia despu\u00e9s de Heidegger<\/a><br>Jos\u00e9 Omar Acha<br><\/p>\n\n\n\n<div id=\"wp-block-themeisle-blocks-accordion-2d7e806f\" class=\"wp-block-themeisle-blocks-accordion exclusive\">\n<details class=\"wp-block-themeisle-blocks-accordion-item\"><summary class=\"wp-block-themeisle-blocks-accordion-item__title\"><div>T\u00edtulo de acorde\u00f3n 1<\/div><\/summary><div class=\"wp-block-themeisle-blocks-accordion-item__content\">\n<p>Se trata de un marcador de posici\u00f3n del contenido de la pesta\u00f1a. Es importante tener la informaci\u00f3n necesaria en el bloque, pero en esta fase, es s\u00f3lo un marcador de posici\u00f3n para ayudarte a visualizar c\u00f3mo se muestra el contenido. Si\u00e9ntete libre de editarlo con tu contenido real.<\/p>\n<\/div><\/details>\n\n\n\n<details class=\"wp-block-themeisle-blocks-accordion-item\"><summary class=\"wp-block-themeisle-blocks-accordion-item__title\"><div>T\u00edtulo 2 del acorde\u00f3n<\/div><\/summary><div class=\"wp-block-themeisle-blocks-accordion-item__content\">\n<p>Se trata de un marcador de posici\u00f3n del contenido de la pesta\u00f1a. Es importante tener la informaci\u00f3n necesaria en el bloque, pero en esta fase, es s\u00f3lo un marcador de posici\u00f3n para ayudarte a visualizar c\u00f3mo se muestra el contenido. Si\u00e9ntete libre de editarlo con tu contenido real.<\/p>\n<\/div><\/details>\n<\/div>\n<\/div><\/details>\n\n\n\n<details class=\"wp-block-themeisle-blocks-accordion-item animated backInDown slower\"><summary class=\"wp-block-themeisle-blocks-accordion-item__title\"><div>RESE\u00d1AS<\/div><\/summary><div class=\"wp-block-themeisle-blocks-accordion-item__content\">\n<p><a rel=\"noreferrer noopener\" href=\"https:\/\/prismas.unq.edu.ar\/OJS\/index.php\/Prismas\/article\/view\/Blanco2_prismas3\" target=\"_blank\">Gabriel Cohn, Cr\u00edtica y resignaci\u00f3n. Fundamentos de la sociolog\u00eda de Max Weber<\/a><br>Alejandro Blanco<\/p>\n\n\n\n<p><a rel=\"noreferrer noopener\" href=\"https:\/\/prismas.unq.edu.ar\/OJS\/index.php\/Prismas\/article\/view\/Talak_prismas3\" target=\"_blank\">El\u00edas Palti, Giro ling\u00fc\u00edstico e historia intelectual. Stanley Fish, Dominick LaCapra, Paul Rabinow y Richard Rorty<\/a><br>Ana Mar\u00eda Talak<\/p>\n\n\n\n<p><a rel=\"noreferrer noopener\" href=\"https:\/\/prismas.unq.edu.ar\/OJS\/index.php\/Prismas\/article\/view\/1367\" target=\"_blank\">Jos\u00e9 Aric\u00f3, La hip\u00f3tesis de Justo. Escritos sobre el socialismo en Am\u00e9rica Latina<\/a><br>N\u00e9stor Kohan<\/p>\n\n\n\n<p><a rel=\"noreferrer noopener\" href=\"https:\/\/prismas.unq.edu.ar\/OJS\/index.php\/Prismas\/article\/view\/Vasquez_prismas3\" target=\"_blank\">Francisco Gil Villegas, Los profetas y el Mes\u00edas. Luk\u00e1cs y Ortega como precursores de Heidegger en el <em>Zeitgeist<\/em> de la modernidad<\/a><br>Karina V\u00e1squez<\/p>\n\n\n\n<p><a href=\"https:\/\/prismas.unq.edu.ar\/OJS\/index.php\/Prismas\/article\/view\/Palti_prismas3\">Lynn K. Nyhart, Bi<\/a><a rel=\"noreferrer noopener\" href=\"https:\/\/prismas.unq.edu.ar\/OJS\/index.php\/Prismas\/article\/view\/Palti_prismas3\" target=\"_blank\">o<\/a><a href=\"https:\/\/prismas.unq.edu.ar\/OJS\/index.php\/Prismas\/article\/view\/Palti_prismas3\">logy Takes Form. Animal Morphology and the German Universities<\/a><br>El\u00edas Jos\u00e9 Palti<\/p>\n\n\n\n<p><a rel=\"noreferrer noopener\" href=\"https:\/\/prismas.unq.edu.ar\/OJS\/index.php\/Prismas\/article\/view\/GonzalezChiaramonte_prismas3\" target=\"_blank\">Gilbert M. Joseph, Catherine C. LeGrand y Ricardo D. Salvatore (eds.), Close Encounters of Empire: Writing the Cultural History of U.S.-Latin American Relations<\/a><br>Claudio Gonz\u00e1lez Chiaramonte<\/p>\n\n\n\n<p><a rel=\"noreferrer noopener\" href=\"https:\/\/prismas.unq.edu.ar\/OJS\/index.php\/Prismas\/article\/view\/Berrotaran_prismas3\" target=\"_blank\">Federico Neiburg, Los intelectuales y la invenci\u00f3n del peronismo. Estudio de antropolog\u00eda social y cultural<\/a><br>Patricia M. Berrotar\u00e1n<\/p>\n\n\n\n<p><a rel=\"noreferrer noopener\" href=\"https:\/\/prismas.unq.edu.ar\/OJS\/index.php\/Prismas\/article\/view\/1368\" target=\"_blank\">Horacio Tarcus, Silvio Frondizi y Milc\u00edades Pe\u00f1a. El marxismo olvidado en Argentina<\/a><br>N\u00e9stor Kohan<\/p>\n\n\n\n<div id=\"wp-block-themeisle-blocks-accordion-de6d322c\" class=\"wp-block-themeisle-blocks-accordion exclusive\">\n<details class=\"wp-block-themeisle-blocks-accordion-item\"><summary class=\"wp-block-themeisle-blocks-accordion-item__title\"><div>T\u00edtulo de acorde\u00f3n 1<\/div><\/summary><div class=\"wp-block-themeisle-blocks-accordion-item__content\">\n<p>Se trata de un marcador de posici\u00f3n del contenido de la pesta\u00f1a. Es importante tener la informaci\u00f3n necesaria en el bloque, pero en esta fase, es s\u00f3lo un marcador de posici\u00f3n para ayudarte a visualizar c\u00f3mo se muestra el contenido. Si\u00e9ntete libre de editarlo con tu contenido real.<\/p>\n<\/div><\/details>\n\n\n\n<details class=\"wp-block-themeisle-blocks-accordion-item\"><summary class=\"wp-block-themeisle-blocks-accordion-item__title\"><div>T\u00edtulo 2 del acorde\u00f3n<\/div><\/summary><div class=\"wp-block-themeisle-blocks-accordion-item__content\">\n<p>Se trata de un marcador de posici\u00f3n del contenido de la pesta\u00f1a. Es importante tener la informaci\u00f3n necesaria en el bloque, pero en esta fase, es s\u00f3lo un marcador de posici\u00f3n para ayudarte a visualizar c\u00f3mo se muestra el contenido. Si\u00e9ntete libre de editarlo con tu contenido real.<\/p>\n<\/div><\/details>\n<\/div>\n<\/div><\/details>\n<\/div>\n<\/div>\n<\/div><\/div>\n","protected":false},"excerpt":{"rendered":"","protected":false},"author":3,"featured_media":166,"comment_status":"closed","ping_status":"closed","sticky":false,"template":"","format":"standard","meta":{"_themeisle_gutenberg_block_has_review":false,"footnotes":""},"categories":[5],"tags":[10,6,8],"class_list":["post-279","post","type-post","status-publish","format-standard","has-post-thumbnail","hentry","category-indice-general","tag-25-anos","tag-historia-intelectual","tag-prismas"],"_links":{"self":[{"href":"https:\/\/historiaintelectual.com.ar\/indiceprismas\/wp-json\/wp\/v2\/posts\/279","targetHints":{"allow":["GET"]}}],"collection":[{"href":"https:\/\/historiaintelectual.com.ar\/indiceprismas\/wp-json\/wp\/v2\/posts"}],"about":[{"href":"https:\/\/historiaintelectual.com.ar\/indiceprismas\/wp-json\/wp\/v2\/types\/post"}],"author":[{"embeddable":true,"href":"https:\/\/historiaintelectual.com.ar\/indiceprismas\/wp-json\/wp\/v2\/users\/3"}],"replies":[{"embeddable":true,"href":"https:\/\/historiaintelectual.com.ar\/indiceprismas\/wp-json\/wp\/v2\/comments?post=279"}],"version-history":[{"count":16,"href":"https:\/\/historiaintelectual.com.ar\/indiceprismas\/wp-json\/wp\/v2\/posts\/279\/revisions"}],"predecessor-version":[{"id":2963,"href":"https:\/\/historiaintelectual.com.ar\/indiceprismas\/wp-json\/wp\/v2\/posts\/279\/revisions\/2963"}],"wp:featuredmedia":[{"embeddable":true,"href":"https:\/\/historiaintelectual.com.ar\/indiceprismas\/wp-json\/wp\/v2\/media\/166"}],"wp:attachment":[{"href":"https:\/\/historiaintelectual.com.ar\/indiceprismas\/wp-json\/wp\/v2\/media?parent=279"}],"wp:term":[{"taxonomy":"category","embeddable":true,"href":"https:\/\/historiaintelectual.com.ar\/indiceprismas\/wp-json\/wp\/v2\/categories?post=279"},{"taxonomy":"post_tag","embeddable":true,"href":"https:\/\/historiaintelectual.com.ar\/indiceprismas\/wp-json\/wp\/v2\/tags?post=279"}],"curies":[{"name":"wp","href":"https:\/\/api.w.org\/{rel}","templated":true}]}}