{"id":180,"date":"2023-02-22T04:26:29","date_gmt":"2023-02-22T04:26:29","guid":{"rendered":"https:\/\/historiaintelectual.com.ar\/indiceprismas\/?p=180"},"modified":"2025-05-26T17:53:39","modified_gmt":"2025-05-26T17:53:39","slug":"vol1-1997","status":"publish","type":"post","link":"https:\/\/historiaintelectual.com.ar\/indiceprismas\/vol1-1997\/","title":{"rendered":"VOL. 1 (1997)"},"content":{"rendered":"\n<div id=\"wp-block-themeisle-blocks-advanced-columns-6a350af5\" class=\"wp-block-themeisle-blocks-advanced-columns has-2-columns has-desktop-oneTwo-layout has-tablet-equal-layout has-mobile-collapsedRows-layout has-vertical-unset\"><div class=\"wp-block-themeisle-blocks-advanced-columns-overlay\"><\/div><div class=\"innerblocks-wrap\">\n<div id=\"wp-block-themeisle-blocks-advanced-column-726330eb\" class=\"wp-block-themeisle-blocks-advanced-column\">\n<figure class=\"wp-block-image size-full is-resized o-sticky o-sticky-pos-top o-sticky-bhvr-keep o-sticky-scope-parent\"><img loading=\"lazy\" decoding=\"async\" width=\"372\" height=\"550\" src=\"http:\/\/historiaintelectual.com.ar\/indiceprismas\/wp-content\/uploads\/2023\/02\/1.jpg\" alt=\"\" class=\"wp-image-168\" style=\"width:316px;height:468px\" srcset=\"https:\/\/historiaintelectual.com.ar\/indiceprismas\/wp-content\/uploads\/2023\/02\/1.jpg 372w, https:\/\/historiaintelectual.com.ar\/indiceprismas\/wp-content\/uploads\/2023\/02\/1-203x300.jpg 203w, https:\/\/historiaintelectual.com.ar\/indiceprismas\/wp-content\/uploads\/2023\/02\/1-101x150.jpg 101w, https:\/\/historiaintelectual.com.ar\/indiceprismas\/wp-content\/uploads\/2023\/02\/1-360x532.jpg 360w\" sizes=\"auto, (max-width: 372px) 100vw, 372px\" \/><\/figure>\n<\/div>\n\n\n\n<div id=\"wp-block-themeisle-blocks-advanced-column-af3f0557\" class=\"wp-block-themeisle-blocks-advanced-column\">\n<div id=\"wp-block-themeisle-blocks-accordion-99585927\" class=\"wp-block-themeisle-blocks-accordion exclusive\">\n<details class=\"wp-block-themeisle-blocks-accordion-item animated backInDown\"><summary class=\"wp-block-themeisle-blocks-accordion-item__title\"><div>ART\u00cdCULOS<\/div><\/summary><div class=\"wp-block-themeisle-blocks-accordion-item__content\">\n<p><a href=\"https:\/\/prismas.unq.edu.ar\/OJS\/index.php\/Prismas\/article\/view\/Palti_prismas1\">Ar<\/a><a rel=\"noreferrer noopener\" href=\"https:\/\/prismas.unq.edu.ar\/OJS\/index.php\/Prismas\/article\/view\/Palti_prismas1\" target=\"_blank\">gentina en el espejo. El \u201cpretexto\u201d Sarmiento<\/a><br>Elias Jos\u00e9 Palti<\/p>\n\n\n\n<p><a rel=\"noreferrer noopener\" href=\"https:\/\/prismas.unq.edu.ar\/OJS\/index.php\/Prismas\/article\/view\/Ramos_prismas1\" target=\"_blank\">El reposo de los h\u00e9roes<\/a><br>Julio Ramos<\/p>\n\n\n\n<p><a href=\"https:\/\/prismas.unq.edu.ar\/OJS\/index.php\/Prismas\/article\/view\/Subercaseaux_prismas1\">Identidad de g\u00e9nero y naci\u00f3n<\/a><br>Bernardo Subercaseaux<\/p>\n\n\n\n<p><a rel=\"noreferrer noopener\" href=\"https:\/\/prismas.unq.edu.ar\/OJS\/index.php\/Prismas\/article\/view\/Archetti_prismas1\" target=\"_blank\">Hibridaci\u00f3n, diversidad y generalizaci\u00f3n en el mundo ideol\u00f3gico del f\u00fatbol y el polo<\/a><br>Eduardo P. Archetti<\/p>\n\n\n\n<p><a rel=\"noreferrer noopener\" href=\"https:\/\/prismas.unq.edu.ar\/OJS\/index.php\/Prismas\/article\/view\/Liernur_prismas1\" target=\"_blank\">\u00bfCu\u00e1l Le Corbusier? Un examen de las primeras reacciones del campo t\u00e9cnico-cultural argentino frente a una expresi\u00f3n directa de la arquitectura modernista europea; 28 de septiembre al 15 de noviembre de 1929<\/a><br>Jorge Francisco Liernur<\/p>\n\n\n\n<p><a rel=\"noreferrer noopener\" href=\"https:\/\/prismas.unq.edu.ar\/OJS\/index.php\/Prismas\/article\/view\/Teran_prismas1\" target=\"_blank\">Modernos intensos en los veintes<\/a><br>Oscar Ter\u00e1n<\/p>\n\n\n\n<p><a rel=\"noreferrer noopener\" href=\"https:\/\/prismas.unq.edu.ar\/OJS\/index.php\/Prismas\/article\/view\/Altamirano_prismas1\" target=\"_blank\">La peque\u00f1a burgues\u00eda, una clase en el purgatorio<\/a><br>Carlos Altamirano<\/p>\n<\/div><\/details>\n\n\n\n<details class=\"wp-block-themeisle-blocks-accordion-item animated backInDown slow\"><summary class=\"wp-block-themeisle-blocks-accordion-item__title\"><div>DOSSIER: Ideas, intelectuales y cultura. Problemas argentinos y perspectiva sudamericana\u00a0<\/div><\/summary><div class=\"wp-block-themeisle-blocks-accordion-item__content\">\n<p><strong>Representaciones sociales y pol\u00edticas<\/strong><\/p>\n\n\n\n<p><a rel=\"noreferrer noopener\" href=\"https:\/\/prismas.unq.edu.ar\/OJS\/index.php\/Prismas\/article\/view\/caetano_prismas1\" target=\"_blank\">Las representaciones sociales y pol\u00edticas en el Uruguay moderno (1900-1933)<\/a><br>Gerardo Caetano<\/p>\n\n\n\n<p><a rel=\"noreferrer noopener\" href=\"https:\/\/prismas.unq.edu.ar\/OJS\/index.php\/Prismas\/article\/view\/Zimmermann_prismas1\" target=\"_blank\">Comentario a la ponencia de Gerardo Caetano<\/a><br>Eduardo Zimmermann<\/p>\n\n\n\n<p><a rel=\"noreferrer noopener\" href=\"https:\/\/prismas.unq.edu.ar\/OJS\/index.php\/Prismas\/article\/view\/Crespo_prismas1\" target=\"_blank\">C\u00f3rdoba, <em>Pasado y Presente<\/em> y la obra de Jos\u00e9 Aric\u00f3. Una gu\u00eda de aproximaci\u00f3n<\/a><br>Horacio Crespo<\/p>\n\n\n\n<p><a rel=\"noreferrer noopener\" href=\"https:\/\/prismas.unq.edu.ar\/OJS\/index.php\/Prismas\/article\/view\/Nun_prismas1\" target=\"_blank\">Comentario a la ponencia de Horacio Crespo<\/a><br>Jos\u00e9 Nun<\/p>\n\n\n\n<p><a href=\"https:\/\/prismas.unq.edu.ar\/OJS\/index.php\/Prismas\/article\/view\/Torre-Altamirano_prismas1\">Debate sobre la ponencia de Horacio Crespo<\/a><br>Juan Carlos Torre, Carlos Altamirano<\/p>\n\n\n\n<p><a rel=\"noreferrer noopener\" href=\"https:\/\/prismas.unq.edu.ar\/OJS\/index.php\/Prismas\/article\/view\/Torre2_prismas1\" target=\"_blank\">Comentario a la ponencia de Carlos Altamirano<\/a><br>Juan Carlos Torre<\/p>\n\n\n\n<hr class=\"wp-block-separator has-alpha-channel-opacity is-style-dots\"\/>\n\n\n\n<p><strong>Identidad y naci\u00f3n<\/strong><\/p>\n\n\n\n<p><a rel=\"noreferrer noopener\" href=\"https:\/\/prismas.unq.edu.ar\/OJS\/index.php\/Prismas\/article\/view\/Gramuglio_prismas1\" target=\"_blank\">La primera \u00e9pica de Lugones. Ponencia<\/a><br>Mar\u00eda Teresa Gramuglio<\/p>\n\n\n\n<p><a rel=\"noreferrer noopener\" href=\"https:\/\/prismas.unq.edu.ar\/OJS\/index.php\/Prismas\/article\/view\/RodriguezPersico_prismas1\" target=\"_blank\">Comentario a la ponencia de Mar\u00eda Teresa Gramuglio<\/a><br>Adriana Rodr\u00edguez P\u00e9rsico<\/p>\n\n\n\n<p><a href=\"https:\/\/prismas.unq.edu.ar\/OJS\/index.php\/Prismas\/article\/view\/Saitta_prismas1\">Comentario a la ponencia de Eduardo Archetti<\/a><br>Sylvia Sa\u00edtta<\/p>\n\n\n\n<p><a rel=\"noreferrer noopener\" href=\"https:\/\/prismas.unq.edu.ar\/OJS\/index.php\/Prismas\/article\/view\/Prieto_prismas1\" target=\"_blank\">Comentario a la ponencia de Eduardo Archetti<\/a><br>Agustina Prieto<\/p>\n\n\n\n<p><a rel=\"noreferrer noopener\" href=\"https:\/\/prismas.unq.edu.ar\/OJS\/index.php\/Prismas\/article\/view\/Guber%2C%20Alabarces\" target=\"_blank\">Debate sobre la ponencia de Eduardo Archetti<\/a><br>Roxana Guber, Pablo Alabarces, Gerardo Caetano, Luis Rossi<\/p>\n\n\n\n<hr class=\"wp-block-separator has-alpha-channel-opacity is-style-dots\"\/>\n\n\n\n<p><strong>Im\u00e1genes de escritor<\/strong><\/p>\n\n\n\n<p><a rel=\"noreferrer noopener\" href=\"https:\/\/prismas.unq.edu.ar\/OJS\/index.php\/Prismas\/article\/view\/Zanetti_prismas1\" target=\"_blank\">Comentario a la ponencia de Julio Ramos<\/a><br>Susana Zanetti<\/p>\n\n\n\n<hr class=\"wp-block-separator has-alpha-channel-opacity is-style-dots\"\/>\n\n\n\n<p><strong>Imaginarios de la modernidad<\/strong><\/p>\n\n\n\n<p><a rel=\"noreferrer noopener\" href=\"https:\/\/prismas.unq.edu.ar\/OJS\/index.php\/Prismas\/article\/view\/Sarlo_prismas1\" target=\"_blank\">Cabezas rapadas y cintas argentinas<\/a><br>Beatriz Sarlo<\/p>\n\n\n\n<p><a rel=\"noreferrer noopener\" href=\"https:\/\/prismas.unq.edu.ar\/OJS\/index.php\/Prismas\/article\/view\/Barrancos_prismas1\" target=\"_blank\">Comentario a la ponencia de Beatriz Sarlo<\/a><br>Dora Barrancos<\/p>\n\n\n\n<p><a rel=\"noreferrer noopener\" href=\"https:\/\/prismas.unq.edu.ar\/OJS\/index.php\/Prismas\/article\/view\/Gorelik_prismas1\" target=\"_blank\">Debate sobre la ponencia de Beatriz Sarlo<\/a><br>Bernardo Subercaseaux, Adri\u00e1n Gorelik, Agustina Prieto, Graciela Silvestri, Jos\u00e9 Emilio Buruc\u00faa, Beatriz Sarlo<\/p>\n\n\n\n<p><a rel=\"noreferrer noopener\" href=\"https:\/\/prismas.unq.edu.ar\/OJS\/index.php\/Prismas\/article\/view\/Dotti_prismas1\" target=\"_blank\">Comentario a la ponencia de Oscar Ter\u00e1n<\/a><br>Jorge E. Dotti<\/p>\n\n\n\n<p><a rel=\"noreferrer noopener\" href=\"https:\/\/prismas.unq.edu.ar\/OJS\/index.php\/Prismas\/article\/view\/Burucua_prismas1\" target=\"_blank\">Comentario a la ponencia de Jorge F. Liernur<\/a><br>Jos\u00e9 Emilio Buruc\u00faa<\/p>\n\n\n\n<p><a rel=\"noreferrer noopener\" href=\"https:\/\/prismas.unq.edu.ar\/OJS\/index.php\/Prismas\/article\/view\/Ballent_prismas1\" target=\"_blank\">Comentario a la ponencia de Jorge F. Liernur<\/a><br>Anahi Ballent<\/p>\n\n\n\n<hr class=\"wp-block-separator has-alpha-channel-opacity is-style-dots\"\/>\n\n\n\n<p><strong>Historia de las ideas e historias disciplinares<\/strong><\/p>\n\n\n\n<p><a rel=\"noreferrer noopener\" href=\"https:\/\/prismas.unq.edu.ar\/OJS\/index.php\/Prismas\/article\/view\/Vezzetti_prismas1\" target=\"_blank\">Historia del freudismo e historia de la sexualidad: el g\u00e9nero sexol\u00f3gico en Buenos Aires en los treinta<\/a><br>Hugo Vezzetti<\/p>\n\n\n\n<p><a rel=\"noreferrer noopener\" href=\"https:\/\/prismas.unq.edu.ar\/OJS\/index.php\/Prismas\/article\/view\/Myers_prismas1\" target=\"_blank\">Comentario a la ponencia de Hugo Vezzetti<\/a><br>Jorge Myers<\/p>\n\n\n\n<p><a rel=\"noreferrer noopener\" href=\"https:\/\/prismas.unq.edu.ar\/OJS\/index.php\/Prismas\/article\/view\/Saita-Sarlo-Gramuglio_prismas1\" target=\"_blank\">Debate sobre la ponencia de Hugo Vezzetti<\/a><br>Sylvia Sa\u00edtta, Mar\u00eda Teresa Gramuglio, Beatriz Sarlo, Adri\u00e1n Gorelik, Carlos Altamirano, Luis Rossi<\/p>\n<\/div><\/details>\n<\/div>\n<\/div>\n<\/div><\/div>\n","protected":false},"excerpt":{"rendered":"","protected":false},"author":3,"featured_media":168,"comment_status":"closed","ping_status":"closed","sticky":false,"template":"","format":"standard","meta":{"_themeisle_gutenberg_block_has_review":false,"footnotes":""},"categories":[5],"tags":[10,6,8],"class_list":["post-180","post","type-post","status-publish","format-standard","has-post-thumbnail","hentry","category-indice-general","tag-25-anos","tag-historia-intelectual","tag-prismas"],"_links":{"self":[{"href":"https:\/\/historiaintelectual.com.ar\/indiceprismas\/wp-json\/wp\/v2\/posts\/180","targetHints":{"allow":["GET"]}}],"collection":[{"href":"https:\/\/historiaintelectual.com.ar\/indiceprismas\/wp-json\/wp\/v2\/posts"}],"about":[{"href":"https:\/\/historiaintelectual.com.ar\/indiceprismas\/wp-json\/wp\/v2\/types\/post"}],"author":[{"embeddable":true,"href":"https:\/\/historiaintelectual.com.ar\/indiceprismas\/wp-json\/wp\/v2\/users\/3"}],"replies":[{"embeddable":true,"href":"https:\/\/historiaintelectual.com.ar\/indiceprismas\/wp-json\/wp\/v2\/comments?post=180"}],"version-history":[{"count":25,"href":"https:\/\/historiaintelectual.com.ar\/indiceprismas\/wp-json\/wp\/v2\/posts\/180\/revisions"}],"predecessor-version":[{"id":2965,"href":"https:\/\/historiaintelectual.com.ar\/indiceprismas\/wp-json\/wp\/v2\/posts\/180\/revisions\/2965"}],"wp:featuredmedia":[{"embeddable":true,"href":"https:\/\/historiaintelectual.com.ar\/indiceprismas\/wp-json\/wp\/v2\/media\/168"}],"wp:attachment":[{"href":"https:\/\/historiaintelectual.com.ar\/indiceprismas\/wp-json\/wp\/v2\/media?parent=180"}],"wp:term":[{"taxonomy":"category","embeddable":true,"href":"https:\/\/historiaintelectual.com.ar\/indiceprismas\/wp-json\/wp\/v2\/categories?post=180"},{"taxonomy":"post_tag","embeddable":true,"href":"https:\/\/historiaintelectual.com.ar\/indiceprismas\/wp-json\/wp\/v2\/tags?post=180"}],"curies":[{"name":"wp","href":"https:\/\/api.w.org\/{rel}","templated":true}]}}