{"id":9461,"date":"2025-07-30T08:26:06","date_gmt":"2025-07-30T11:26:06","guid":{"rendered":"https:\/\/historiaintelectual.com.ar\/?p=9461"},"modified":"2025-07-30T08:34:18","modified_gmt":"2025-07-30T11:34:18","slug":"infraestructura-y-estadoepisodios-de-la-modernizacion-territorial-argentina","status":"publish","type":"post","link":"https:\/\/historiaintelectual.com.ar\/eng\/infraestructura-y-estadoepisodios-de-la-modernizacion-territorial-argentina\/","title":{"rendered":"Infraestructura y Estado <br>Episodios de la modernizaci\u00f3n territorial argentina"},"content":{"rendered":"<div data-elementor-type=\"wp-post\" data-elementor-id=\"9461\" class=\"elementor elementor-9461\" data-elementor-post-type=\"post\">\n\t\t\t\t<div class=\"elementor-element elementor-element-1b90f70 e-flex e-con-boxed e-con e-parent\" data-id=\"1b90f70\" data-element_type=\"container\" data-e-type=\"container\">\n\t\t\t\t\t<div class=\"e-con-inner\">\n\t\t<div class=\"elementor-element elementor-element-35dc3fd e-con-full e-flex e-con e-child\" data-id=\"35dc3fd\" data-element_type=\"container\" data-e-type=\"container\">\n\t\t\t\t<div class=\"elementor-element elementor-element-0aedbad elementor-widget__width-initial elementor-widget elementor-widget-theme-post-featured-image elementor-widget-image\" data-id=\"0aedbad\" data-element_type=\"widget\" data-e-type=\"widget\" data-widget_type=\"theme-post-featured-image.default\">\n\t\t\t\t<div class=\"elementor-widget-container\">\n\t\t\t\t\t\t\t\t\t\t\t\t<figure class=\"wp-caption\">\n\t\t\t\t\t\t\t\t\t\t<img fetchpriority=\"high\" decoding=\"async\" width=\"416\" height=\"550\" src=\"https:\/\/historiaintelectual.com.ar\/wp-content\/uploads\/2025\/07\/omp707-cover.jpg\" class=\"attachment-full size-full wp-image-9462\" alt=\"\" srcset=\"https:\/\/historiaintelectual.com.ar\/wp-content\/uploads\/2025\/07\/omp707-cover.jpg 416w, https:\/\/historiaintelectual.com.ar\/wp-content\/uploads\/2025\/07\/omp707-cover-227x300.jpg 227w\" sizes=\"(max-width: 416px) 100vw, 416px\" \/>\t\t\t\t\t\t\t\t\t\t\t<figcaption class=\"widget-image-caption wp-caption-text\">Anahi Ballent, Dhan Zunino, Melina Piglia, Valeria Gruschetsky. Universidad Nacional de Quilmes, Bernal, 2023.<\/figcaption>\n\t\t\t\t\t\t\t\t\t\t<\/figure>\n\t\t\t\t\t\t\t\t\t<\/div>\n\t\t\t\t<\/div>\n\t\t\t\t<div class=\"elementor-element elementor-element-55ef8c4 elementor-align-left elementor-widget__width-initial elementor-widget elementor-widget-button\" data-id=\"55ef8c4\" data-element_type=\"widget\" data-e-type=\"widget\" data-widget_type=\"button.default\">\n\t\t\t\t<div class=\"elementor-widget-container\">\n\t\t\t\t\t\t\t\t\t<div class=\"elementor-button-wrapper\">\n\t\t\t\t\t<a class=\"elementor-button elementor-button-link elementor-size-sm\" href=\"https:\/\/ediciones.unq.edu.ar\/707-infraestructura-y-estado.html\" target=\"_blank\">\n\t\t\t\t\t\t<span class=\"elementor-button-content-wrapper\">\n\t\t\t\t\t\t\t\t\t<span class=\"elementor-button-text\">Link to the publisher<\/span>\n\t\t\t\t\t<\/span>\n\t\t\t\t\t<\/a>\n\t\t\t\t<\/div>\n\t\t\t\t\t\t\t\t<\/div>\n\t\t\t\t<\/div>\n\t\t\t\t<\/div>\n\t\t<div class=\"elementor-element elementor-element-b6140b3 e-con-full e-flex e-con e-child\" data-id=\"b6140b3\" data-element_type=\"container\" data-e-type=\"container\">\n\t\t\t\t<div class=\"elementor-element elementor-element-187fe98 elementor-widget elementor-widget-text-editor\" data-id=\"187fe98\" data-element_type=\"widget\" data-e-type=\"widget\" data-widget_type=\"text-editor.default\">\n\t\t\t\t<div class=\"elementor-widget-container\">\n\t\t\t\t\t\t\t\t\t<h3><strong>INFRAESTRUCTURA Y ESTADO. <\/strong><strong>Episodios de la modernizaci\u00f3n territorial argentina.<\/strong><\/h3><p><strong>Autores:<\/strong> <span style=\"font-weight: 400;\">Anahi Ballent \/ Dhan Zunino \/ Melina Piglia \/ Valeria Gruschetsky<\/span>.<\/p><p><span style=\"font-weight: 400;\">En las \u00faltimas d\u00e9cadas, la producci\u00f3n y gesti\u00f3n de infraestructuras han adquirido nuevas dimensiones como consecuencia de las transformaciones socioespaciales que implican la globalizaci\u00f3n, los problemas ambientales, las nuevas tecnolog\u00edas de comunicaci\u00f3n, entre otros factores que actualmente modifican las relaciones entre tecnolog\u00eda, sociedad y cultura. Comprender los cambios recientes requiere nuevas preguntas y aproximaciones que pueden nutrirse de estudios hist\u00f3ricos geogr\u00e1ficamente situados. <\/span><\/p><p><span style=\"font-weight: 400;\">En tal sentido, este libro se propone revisitar el rol de las infraestructuras en el proceso de transformaci\u00f3n territorial de la Argentina en la primera mitad del siglo\u00a0XX, momento decisivo en la conformaci\u00f3n del territorio nacional y del aparato estatal cuyas consecuencias perduran hasta el presente. <\/span><\/p><p><span style=\"font-weight: 400;\">Resultado de un proyecto de investigaci\u00f3n colectiva, el libro analiza c\u00f3mo fueron concebidas, construidas y utilizadas importantes obras h\u00eddricas, viales, de transporte a\u00e9reo y terrestre promovidas por el Estado, a escala urbana, regional o nacional (diques, caminos, rutas a\u00e9reas y aeropuertos, subterr\u00e1neo).<\/span><\/p><p><span style=\"font-weight: 400;\">Desde el punto de vista disciplinar, las investigaciones parten de la historia urbana y del territorio, incorporando aportes de la historia cultural, de la historia de la movilidad, y de los estudios sociales de la ciencia y la tecnolog\u00eda. Las historias de las diferentes infraestructuras son analizadas en sus dimensiones pol\u00edticas y t\u00e9cnicas, sus consecuencias espaciales y los sentidos culturales que las acompa\u00f1aron.<\/span><\/p>\t\t\t\t\t\t\t\t<\/div>\n\t\t\t\t<\/div>\n\t\t\t\t<\/div>\n\t\t\t\t\t<\/div>\n\t\t\t\t<\/div>\n\t\t\t\t<\/div>","protected":false},"excerpt":{"rendered":"<p>Link a la editorial INFRAESTRUCTURA Y ESTADO. Episodios de la modernizaci\u00f3n territorial argentina. Autores: Anahi Ballent \/ Dhan Zunino \/ Melina Piglia \/ Valeria Gruschetsky. En las \u00faltimas d\u00e9cadas, la producci\u00f3n y gesti\u00f3n de infraestructuras han adquirido nuevas dimensiones como consecuencia de las transformaciones socioespaciales que implican la globalizaci\u00f3n, los problemas ambientales, las nuevas tecnolog\u00edas [&hellip;]<\/p>\n","protected":false},"author":96742468,"featured_media":9462,"comment_status":"closed","ping_status":"closed","sticky":false,"template":"","format":"standard","meta":{"footnotes":""},"categories":[212],"tags":[],"class_list":["post-9461","post","type-post","status-publish","format-standard","has-post-thumbnail","hentry","category-publicaciones-colectivas"],"yoast_head":"<!-- This site is optimized with the Yoast SEO plugin v27.3 - https:\/\/yoast.com\/product\/yoast-seo-wordpress\/ -->\n<title>Infraestructura y Estado Episodios de la modernizaci\u00f3n territorial argentina &#187; Historia Intelectual<\/title>\n<meta name=\"robots\" content=\"index, follow, max-snippet:-1, max-image-preview:large, max-video-preview:-1\" \/>\n<link rel=\"canonical\" href=\"https:\/\/historiaintelectual.com.ar\/eng\/infraestructura-y-estadoepisodios-de-la-modernizacion-territorial-argentina\/\" \/>\n<meta property=\"og:locale\" content=\"en_US\" \/>\n<meta property=\"og:type\" content=\"article\" \/>\n<meta property=\"og:title\" content=\"Infraestructura y Estado Episodios de la modernizaci\u00f3n territorial argentina &#187; Historia Intelectual\" \/>\n<meta property=\"og:description\" content=\"Link a la editorial INFRAESTRUCTURA Y ESTADO. Episodios de la modernizaci\u00f3n territorial argentina. Autores: Anahi Ballent \/ Dhan Zunino \/ Melina Piglia \/ Valeria Gruschetsky. En las \u00faltimas d\u00e9cadas, la producci\u00f3n y gesti\u00f3n de infraestructuras han adquirido nuevas dimensiones como consecuencia de las transformaciones socioespaciales que implican la globalizaci\u00f3n, los problemas ambientales, las nuevas tecnolog\u00edas [&hellip;]\" \/>\n<meta property=\"og:url\" content=\"https:\/\/historiaintelectual.com.ar\/eng\/infraestructura-y-estadoepisodios-de-la-modernizacion-territorial-argentina\/\" \/>\n<meta property=\"og:site_name\" content=\"Historia Intelectual\" \/>\n<meta property=\"article:publisher\" content=\"https:\/\/www.facebook.com\/Centrodehistoriaintelectual\/\" \/>\n<meta property=\"article:published_time\" content=\"2025-07-30T11:26:06+00:00\" \/>\n<meta property=\"article:modified_time\" content=\"2025-07-30T11:34:18+00:00\" \/>\n<meta property=\"og:image\" content=\"https:\/\/historiaintelectual.com.ar\/wp-content\/uploads\/2025\/07\/omp707-cover.jpg\" \/>\n\t<meta property=\"og:image:width\" content=\"416\" \/>\n\t<meta property=\"og:image:height\" content=\"550\" \/>\n\t<meta property=\"og:image:type\" content=\"image\/jpeg\" \/>\n<meta name=\"author\" content=\"Noel Alvarez\" \/>\n<script type=\"application\/ld+json\" class=\"yoast-schema-graph\">{\"@context\":\"https:\\\/\\\/schema.org\",\"@graph\":[{\"@type\":\"Article\",\"@id\":\"https:\\\/\\\/historiaintelectual.com.ar\\\/infraestructura-y-estadoepisodios-de-la-modernizacion-territorial-argentina\\\/#article\",\"isPartOf\":{\"@id\":\"https:\\\/\\\/historiaintelectual.com.ar\\\/infraestructura-y-estadoepisodios-de-la-modernizacion-territorial-argentina\\\/\"},\"author\":{\"name\":\"Noel Alvarez\",\"@id\":\"https:\\\/\\\/historiaintelectual.com.ar\\\/#\\\/schema\\\/person\\\/d9da125a96632badb37d306ed1d2d690\"},\"headline\":\"Infraestructura y Estado Episodios de la modernizaci\u00f3n territorial argentina\",\"datePublished\":\"2025-07-30T11:26:06+00:00\",\"dateModified\":\"2025-07-30T11:34:18+00:00\",\"mainEntityOfPage\":{\"@id\":\"https:\\\/\\\/historiaintelectual.com.ar\\\/infraestructura-y-estadoepisodios-de-la-modernizacion-territorial-argentina\\\/\"},\"wordCount\":268,\"publisher\":{\"@id\":\"https:\\\/\\\/historiaintelectual.com.ar\\\/#organization\"},\"image\":{\"@id\":\"https:\\\/\\\/historiaintelectual.com.ar\\\/infraestructura-y-estadoepisodios-de-la-modernizacion-territorial-argentina\\\/#primaryimage\"},\"thumbnailUrl\":\"https:\\\/\\\/historiaintelectual.com.ar\\\/wp-content\\\/uploads\\\/2025\\\/07\\\/omp707-cover.jpg\",\"articleSection\":[\"Publicaciones colectivas\"],\"inLanguage\":\"en-US\"},{\"@type\":\"WebPage\",\"@id\":\"https:\\\/\\\/historiaintelectual.com.ar\\\/infraestructura-y-estadoepisodios-de-la-modernizacion-territorial-argentina\\\/\",\"url\":\"https:\\\/\\\/historiaintelectual.com.ar\\\/infraestructura-y-estadoepisodios-de-la-modernizacion-territorial-argentina\\\/\",\"name\":\"Infraestructura y Estado Episodios de la modernizaci\u00f3n territorial argentina &#187; Historia Intelectual\",\"isPartOf\":{\"@id\":\"https:\\\/\\\/historiaintelectual.com.ar\\\/#website\"},\"primaryImageOfPage\":{\"@id\":\"https:\\\/\\\/historiaintelectual.com.ar\\\/infraestructura-y-estadoepisodios-de-la-modernizacion-territorial-argentina\\\/#primaryimage\"},\"image\":{\"@id\":\"https:\\\/\\\/historiaintelectual.com.ar\\\/infraestructura-y-estadoepisodios-de-la-modernizacion-territorial-argentina\\\/#primaryimage\"},\"thumbnailUrl\":\"https:\\\/\\\/historiaintelectual.com.ar\\\/wp-content\\\/uploads\\\/2025\\\/07\\\/omp707-cover.jpg\",\"datePublished\":\"2025-07-30T11:26:06+00:00\",\"dateModified\":\"2025-07-30T11:34:18+00:00\",\"breadcrumb\":{\"@id\":\"https:\\\/\\\/historiaintelectual.com.ar\\\/infraestructura-y-estadoepisodios-de-la-modernizacion-territorial-argentina\\\/#breadcrumb\"},\"inLanguage\":\"en-US\",\"potentialAction\":[{\"@type\":\"ReadAction\",\"target\":[\"https:\\\/\\\/historiaintelectual.com.ar\\\/infraestructura-y-estadoepisodios-de-la-modernizacion-territorial-argentina\\\/\"]}]},{\"@type\":\"ImageObject\",\"inLanguage\":\"en-US\",\"@id\":\"https:\\\/\\\/historiaintelectual.com.ar\\\/infraestructura-y-estadoepisodios-de-la-modernizacion-territorial-argentina\\\/#primaryimage\",\"url\":\"https:\\\/\\\/historiaintelectual.com.ar\\\/wp-content\\\/uploads\\\/2025\\\/07\\\/omp707-cover.jpg\",\"contentUrl\":\"https:\\\/\\\/historiaintelectual.com.ar\\\/wp-content\\\/uploads\\\/2025\\\/07\\\/omp707-cover.jpg\",\"width\":416,\"height\":550},{\"@type\":\"BreadcrumbList\",\"@id\":\"https:\\\/\\\/historiaintelectual.com.ar\\\/infraestructura-y-estadoepisodios-de-la-modernizacion-territorial-argentina\\\/#breadcrumb\",\"itemListElement\":[{\"@type\":\"ListItem\",\"position\":1,\"name\":\"Portada\",\"item\":\"https:\\\/\\\/historiaintelectual.com.ar\\\/\"},{\"@type\":\"ListItem\",\"position\":2,\"name\":\"Infraestructura y Estado Episodios de la modernizaci\u00f3n territorial argentina\"}]},{\"@type\":\"WebSite\",\"@id\":\"https:\\\/\\\/historiaintelectual.com.ar\\\/#website\",\"url\":\"https:\\\/\\\/historiaintelectual.com.ar\\\/\",\"name\":\"Historia Intelectual\",\"description\":\"Centro de Historia Intelectual\",\"publisher\":{\"@id\":\"https:\\\/\\\/historiaintelectual.com.ar\\\/#organization\"},\"alternateName\":\"Centro de historia intelectual\",\"potentialAction\":[{\"@type\":\"SearchAction\",\"target\":{\"@type\":\"EntryPoint\",\"urlTemplate\":\"https:\\\/\\\/historiaintelectual.com.ar\\\/?s={search_term_string}\"},\"query-input\":{\"@type\":\"PropertyValueSpecification\",\"valueRequired\":true,\"valueName\":\"search_term_string\"}}],\"inLanguage\":\"en-US\"},{\"@type\":\"Organization\",\"@id\":\"https:\\\/\\\/historiaintelectual.com.ar\\\/#organization\",\"name\":\"Centro Historia Intelectual\",\"url\":\"https:\\\/\\\/historiaintelectual.com.ar\\\/\",\"logo\":{\"@type\":\"ImageObject\",\"inLanguage\":\"en-US\",\"@id\":\"https:\\\/\\\/historiaintelectual.com.ar\\\/#\\\/schema\\\/logo\\\/image\\\/\",\"url\":\"https:\\\/\\\/historiaintelectual.com.ar\\\/wp-content\\\/uploads\\\/2025\\\/04\\\/logo-25.png\",\"contentUrl\":\"https:\\\/\\\/historiaintelectual.com.ar\\\/wp-content\\\/uploads\\\/2025\\\/04\\\/logo-25.png\",\"width\":456,\"height\":456,\"caption\":\"Centro Historia Intelectual\"},\"image\":{\"@id\":\"https:\\\/\\\/historiaintelectual.com.ar\\\/#\\\/schema\\\/logo\\\/image\\\/\"},\"sameAs\":[\"https:\\\/\\\/www.facebook.com\\\/Centrodehistoriaintelectual\\\/\",\"https:\\\/\\\/www.youtube.com\\\/channel\\\/UCGr8q_2-dchoqKT-jT5Lmfw\",\"https:\\\/\\\/www.instagram.com\\\/chi_unq\\\/\"]},{\"@type\":\"Person\",\"@id\":\"https:\\\/\\\/historiaintelectual.com.ar\\\/#\\\/schema\\\/person\\\/d9da125a96632badb37d306ed1d2d690\",\"name\":\"Noel Alvarez\",\"url\":\"https:\\\/\\\/historiaintelectual.com.ar\\\/eng\\\/author\\\/noel\\\/\"}]}<\/script>\n<!-- \/ Yoast SEO plugin. -->","yoast_head_json":{"title":"Infraestructura y Estado Episodios de la modernizaci\u00f3n territorial argentina &#187; Historia Intelectual","robots":{"index":"index","follow":"follow","max-snippet":"max-snippet:-1","max-image-preview":"max-image-preview:large","max-video-preview":"max-video-preview:-1"},"canonical":"https:\/\/historiaintelectual.com.ar\/eng\/infraestructura-y-estadoepisodios-de-la-modernizacion-territorial-argentina\/","og_locale":"en_US","og_type":"article","og_title":"Infraestructura y Estado Episodios de la modernizaci\u00f3n territorial argentina &#187; Historia Intelectual","og_description":"Link a la editorial INFRAESTRUCTURA Y ESTADO. Episodios de la modernizaci\u00f3n territorial argentina. Autores: Anahi Ballent \/ Dhan Zunino \/ Melina Piglia \/ Valeria Gruschetsky. En las \u00faltimas d\u00e9cadas, la producci\u00f3n y gesti\u00f3n de infraestructuras han adquirido nuevas dimensiones como consecuencia de las transformaciones socioespaciales que implican la globalizaci\u00f3n, los problemas ambientales, las nuevas tecnolog\u00edas [&hellip;]","og_url":"https:\/\/historiaintelectual.com.ar\/eng\/infraestructura-y-estadoepisodios-de-la-modernizacion-territorial-argentina\/","og_site_name":"Historia Intelectual","article_publisher":"https:\/\/www.facebook.com\/Centrodehistoriaintelectual\/","article_published_time":"2025-07-30T11:26:06+00:00","article_modified_time":"2025-07-30T11:34:18+00:00","og_image":[{"width":416,"height":550,"url":"https:\/\/historiaintelectual.com.ar\/wp-content\/uploads\/2025\/07\/omp707-cover.jpg","type":"image\/jpeg"}],"author":"Noel Alvarez","schema":{"@context":"https:\/\/schema.org","@graph":[{"@type":"Article","@id":"https:\/\/historiaintelectual.com.ar\/infraestructura-y-estadoepisodios-de-la-modernizacion-territorial-argentina\/#article","isPartOf":{"@id":"https:\/\/historiaintelectual.com.ar\/infraestructura-y-estadoepisodios-de-la-modernizacion-territorial-argentina\/"},"author":{"name":"Noel Alvarez","@id":"https:\/\/historiaintelectual.com.ar\/#\/schema\/person\/d9da125a96632badb37d306ed1d2d690"},"headline":"Infraestructura y Estado Episodios de la modernizaci\u00f3n territorial argentina","datePublished":"2025-07-30T11:26:06+00:00","dateModified":"2025-07-30T11:34:18+00:00","mainEntityOfPage":{"@id":"https:\/\/historiaintelectual.com.ar\/infraestructura-y-estadoepisodios-de-la-modernizacion-territorial-argentina\/"},"wordCount":268,"publisher":{"@id":"https:\/\/historiaintelectual.com.ar\/#organization"},"image":{"@id":"https:\/\/historiaintelectual.com.ar\/infraestructura-y-estadoepisodios-de-la-modernizacion-territorial-argentina\/#primaryimage"},"thumbnailUrl":"https:\/\/historiaintelectual.com.ar\/wp-content\/uploads\/2025\/07\/omp707-cover.jpg","articleSection":["Publicaciones colectivas"],"inLanguage":"en-US"},{"@type":"WebPage","@id":"https:\/\/historiaintelectual.com.ar\/infraestructura-y-estadoepisodios-de-la-modernizacion-territorial-argentina\/","url":"https:\/\/historiaintelectual.com.ar\/infraestructura-y-estadoepisodios-de-la-modernizacion-territorial-argentina\/","name":"Infraestructura y Estado Episodios de la modernizaci\u00f3n territorial argentina &#187; Historia Intelectual","isPartOf":{"@id":"https:\/\/historiaintelectual.com.ar\/#website"},"primaryImageOfPage":{"@id":"https:\/\/historiaintelectual.com.ar\/infraestructura-y-estadoepisodios-de-la-modernizacion-territorial-argentina\/#primaryimage"},"image":{"@id":"https:\/\/historiaintelectual.com.ar\/infraestructura-y-estadoepisodios-de-la-modernizacion-territorial-argentina\/#primaryimage"},"thumbnailUrl":"https:\/\/historiaintelectual.com.ar\/wp-content\/uploads\/2025\/07\/omp707-cover.jpg","datePublished":"2025-07-30T11:26:06+00:00","dateModified":"2025-07-30T11:34:18+00:00","breadcrumb":{"@id":"https:\/\/historiaintelectual.com.ar\/infraestructura-y-estadoepisodios-de-la-modernizacion-territorial-argentina\/#breadcrumb"},"inLanguage":"en-US","potentialAction":[{"@type":"ReadAction","target":["https:\/\/historiaintelectual.com.ar\/infraestructura-y-estadoepisodios-de-la-modernizacion-territorial-argentina\/"]}]},{"@type":"ImageObject","inLanguage":"en-US","@id":"https:\/\/historiaintelectual.com.ar\/infraestructura-y-estadoepisodios-de-la-modernizacion-territorial-argentina\/#primaryimage","url":"https:\/\/historiaintelectual.com.ar\/wp-content\/uploads\/2025\/07\/omp707-cover.jpg","contentUrl":"https:\/\/historiaintelectual.com.ar\/wp-content\/uploads\/2025\/07\/omp707-cover.jpg","width":416,"height":550},{"@type":"BreadcrumbList","@id":"https:\/\/historiaintelectual.com.ar\/infraestructura-y-estadoepisodios-de-la-modernizacion-territorial-argentina\/#breadcrumb","itemListElement":[{"@type":"ListItem","position":1,"name":"Portada","item":"https:\/\/historiaintelectual.com.ar\/"},{"@type":"ListItem","position":2,"name":"Infraestructura y Estado Episodios de la modernizaci\u00f3n territorial argentina"}]},{"@type":"WebSite","@id":"https:\/\/historiaintelectual.com.ar\/#website","url":"https:\/\/historiaintelectual.com.ar\/","name":"Historia Intelectual","description":"Center for Intellectual History","publisher":{"@id":"https:\/\/historiaintelectual.com.ar\/#organization"},"alternateName":"Centro de historia intelectual","potentialAction":[{"@type":"SearchAction","target":{"@type":"EntryPoint","urlTemplate":"https:\/\/historiaintelectual.com.ar\/?s={search_term_string}"},"query-input":{"@type":"PropertyValueSpecification","valueRequired":true,"valueName":"search_term_string"}}],"inLanguage":"en-US"},{"@type":"Organization","@id":"https:\/\/historiaintelectual.com.ar\/#organization","name":"Centro Historia Intelectual","url":"https:\/\/historiaintelectual.com.ar\/","logo":{"@type":"ImageObject","inLanguage":"en-US","@id":"https:\/\/historiaintelectual.com.ar\/#\/schema\/logo\/image\/","url":"https:\/\/historiaintelectual.com.ar\/wp-content\/uploads\/2025\/04\/logo-25.png","contentUrl":"https:\/\/historiaintelectual.com.ar\/wp-content\/uploads\/2025\/04\/logo-25.png","width":456,"height":456,"caption":"Centro Historia Intelectual"},"image":{"@id":"https:\/\/historiaintelectual.com.ar\/#\/schema\/logo\/image\/"},"sameAs":["https:\/\/www.facebook.com\/Centrodehistoriaintelectual\/","https:\/\/www.youtube.com\/channel\/UCGr8q_2-dchoqKT-jT5Lmfw","https:\/\/www.instagram.com\/chi_unq\/"]},{"@type":"Person","@id":"https:\/\/historiaintelectual.com.ar\/#\/schema\/person\/d9da125a96632badb37d306ed1d2d690","name":"Noel Alvarez","url":"https:\/\/historiaintelectual.com.ar\/eng\/author\/noel\/"}]}},"_links":{"self":[{"href":"https:\/\/historiaintelectual.com.ar\/eng\/wp-json\/wp\/v2\/posts\/9461","targetHints":{"allow":["GET"]}}],"collection":[{"href":"https:\/\/historiaintelectual.com.ar\/eng\/wp-json\/wp\/v2\/posts"}],"about":[{"href":"https:\/\/historiaintelectual.com.ar\/eng\/wp-json\/wp\/v2\/types\/post"}],"author":[{"embeddable":true,"href":"https:\/\/historiaintelectual.com.ar\/eng\/wp-json\/wp\/v2\/users\/96742468"}],"replies":[{"embeddable":true,"href":"https:\/\/historiaintelectual.com.ar\/eng\/wp-json\/wp\/v2\/comments?post=9461"}],"version-history":[{"count":6,"href":"https:\/\/historiaintelectual.com.ar\/eng\/wp-json\/wp\/v2\/posts\/9461\/revisions"}],"predecessor-version":[{"id":9468,"href":"https:\/\/historiaintelectual.com.ar\/eng\/wp-json\/wp\/v2\/posts\/9461\/revisions\/9468"}],"wp:featuredmedia":[{"embeddable":true,"href":"https:\/\/historiaintelectual.com.ar\/eng\/wp-json\/wp\/v2\/media\/9462"}],"wp:attachment":[{"href":"https:\/\/historiaintelectual.com.ar\/eng\/wp-json\/wp\/v2\/media?parent=9461"}],"wp:term":[{"taxonomy":"category","embeddable":true,"href":"https:\/\/historiaintelectual.com.ar\/eng\/wp-json\/wp\/v2\/categories?post=9461"},{"taxonomy":"post_tag","embeddable":true,"href":"https:\/\/historiaintelectual.com.ar\/eng\/wp-json\/wp\/v2\/tags?post=9461"}],"curies":[{"name":"wp","href":"https:\/\/api.w.org\/{rel}","templated":true}]}}