{"id":9439,"date":"2025-07-29T18:55:15","date_gmt":"2025-07-29T21:55:15","guid":{"rendered":"https:\/\/historiaintelectual.com.ar\/?p=9439"},"modified":"2025-09-18T10:45:14","modified_gmt":"2025-09-18T13:45:14","slug":"comenzo-la-viii-escuela-de-verano-concepta-iberoamerica","status":"publish","type":"post","link":"https:\/\/historiaintelectual.com.ar\/eng\/comenzo-la-viii-escuela-de-verano-concepta-iberoamerica\/","title":{"rendered":"Nuevos libros de El\u00edas Palti"},"content":{"rendered":"<div data-elementor-type=\"wp-post\" data-elementor-id=\"9439\" class=\"elementor elementor-9439\" data-elementor-post-type=\"post\">\n\t\t\t\t<div class=\"elementor-element elementor-element-08ed315 e-con-full e-flex e-con e-parent\" data-id=\"08ed315\" data-element_type=\"container\" data-e-type=\"container\">\n\t\t\t\t<div class=\"elementor-element elementor-element-9cb12fb elementor-widget elementor-widget-theme-post-title elementor-page-title elementor-widget-heading\" data-id=\"9cb12fb\" data-element_type=\"widget\" data-e-type=\"widget\" data-widget_type=\"theme-post-title.default\">\n\t\t\t\t<div class=\"elementor-widget-container\">\n\t\t\t\t\t<h2 class=\"elementor-heading-title elementor-size-default\">Nuevos libros de El\u00edas Palti<\/h2>\t\t\t\t<\/div>\n\t\t\t\t<\/div>\n\t\t\t\t<div class=\"elementor-element elementor-element-4a4018c elementor-widget elementor-widget-text-editor\" data-id=\"4a4018c\" data-element_type=\"widget\" data-e-type=\"widget\" data-widget_type=\"text-editor.default\">\n\t\t\t\t<div class=\"elementor-widget-container\">\n\t\t\t\t\t\t\t\t\t<p><span style=\"font-weight: 400;\">Nos alegra anunciar que<\/span><a href=\"https:\/\/historiaintelectual.com.ar\/eng\/elias-palti\/\"><span style=\"font-weight: 400;\"> El\u00edas Jos\u00e9 Palti<\/span><\/a><span style=\"font-weight: 400;\">, integrante del Centro de Historia Intelectual de la Universidad de Quilmes, ha publicado recientemente nuevos estudios que se suman a su producci\u00f3n. Actualmente tambi\u00e9n Profesor Consulto de la Universidad de Buenos Aires, Palti acaba de iniciar una serie de seis vol\u00famenes titulada <\/span><i><span style=\"font-weight: 400;\">La \u201cNueva Historia Intelectual\u201d <\/span><\/i><span style=\"font-weight: 400;\">(Editorial Prometeo). Adem\u00e1s, acaba de publicar <\/span><i><span style=\"font-weight: 400;\">The Crisis of Marxism. A Historical-Intellectual Problem<\/span><\/i><span style=\"font-weight: 400;\"> (Routledge), donde actualiza sus abordajes sobre marxismo.\u00a0<\/span><\/p><p><span style=\"font-weight: 400;\">Los dos vol\u00famenes que ya est\u00e1n disponibles de la serie editada por Prometeo se basan en las clases que El\u00edas Palti dict\u00f3 en la Universidad de Buenos Aires y la Universidad Nacional de Quilmes entre 2009 y 2023, as\u00ed como en la The John Robert Seeley Lecture Series dictada en la Universidad de Cambridge en mayo de 2022. Con esta colecci\u00f3n, se pone al alcance de un <\/span><b>p\u00fablico no especializado<\/b><span style=\"font-weight: 400;\"> un panorama de las distintas teor\u00edas y corrientes del campo de la historia intelectual, con el objeto de comprender c\u00f3mo se transformaron en los a\u00f1os recientes nuestros modos de abordar los textos del pasado, apart\u00e1ndose de los marcos tradicionales de la \u201chistoria de ideas\u201d.\u00a0<\/span><\/p>\t\t\t\t\t\t\t\t<\/div>\n\t\t\t\t<\/div>\n\t\t\t\t<div class=\"elementor-element elementor-element-6e136b3 elementor-widget elementor-widget-image\" data-id=\"6e136b3\" data-element_type=\"widget\" data-e-type=\"widget\" data-widget_type=\"image.default\">\n\t\t\t\t<div class=\"elementor-widget-container\">\n\t\t\t\t\t\t\t\t\t\t\t\t\t\t\t<img fetchpriority=\"high\" decoding=\"async\" width=\"800\" height=\"595\" src=\"https:\/\/historiaintelectual.com.ar\/wp-content\/uploads\/2025\/07\/palti_prometeocopy-1024x761.png\" class=\"attachment-large size-large wp-image-10172\" alt=\"\" srcset=\"https:\/\/historiaintelectual.com.ar\/wp-content\/uploads\/2025\/07\/palti_prometeocopy-1024x761.png 1024w, https:\/\/historiaintelectual.com.ar\/wp-content\/uploads\/2025\/07\/palti_prometeocopy-300x223.png 300w, https:\/\/historiaintelectual.com.ar\/wp-content\/uploads\/2025\/07\/palti_prometeocopy-768x571.png 768w, https:\/\/historiaintelectual.com.ar\/wp-content\/uploads\/2025\/07\/palti_prometeocopy.png 1080w\" sizes=\"(max-width: 800px) 100vw, 800px\" \/>\t\t\t\t\t\t\t\t\t\t\t\t\t\t\t<\/div>\n\t\t\t\t<\/div>\n\t\t\t\t<div class=\"elementor-element elementor-element-8ffd16e elementor-widget elementor-widget-text-editor\" data-id=\"8ffd16e\" data-element_type=\"widget\" data-e-type=\"widget\" data-widget_type=\"text-editor.default\">\n\t\t\t\t<div class=\"elementor-widget-container\">\n\t\t\t\t\t\t\t\t\t<p><span style=\"font-weight: 400;\">El primer volumen se enfoca en la figura de <\/span><b>Quentin Skinner y la Escuela de Cambridge<\/b><span style=\"font-weight: 400;\">, la cual ha producido una transformaci\u00f3n fundamental en la historia pol\u00edtico-intelectual en el \u00e1mbito anglosaj\u00f3n. Seg\u00fan se muestra, su teor\u00eda \u201ccontextualista discursiva\u201d, as\u00ed como su enfoque en la dimensi\u00f3n performativa del lenguaje, esto es, los usos del mismo, llevar\u00e1 a replantear la lectura de los textos cl\u00e1sicos de la historia del pensamiento proveyendo un mayor rigor hist\u00f3rico y evitando as\u00ed incurrir en anacronismos.\u00a0<\/span><\/p><p><span style=\"font-weight: 400;\">El segundo volumen se centra en <\/span><b>Reinhart Koselleck y la Escuela Alemana de Historia de Conceptos<\/b><span style=\"font-weight: 400;\"> (Begriffsgeschichte), que revolucion\u00f3 la historia pol\u00edtico-intelectual en el \u00e1mbito germano-parlante. M\u00e1s que trazar cambios en conceptos individuales, esta escuela los utiliza para analizar grandes estructuras conceptuales, especialmente el periodo Sattelzeit (1750-1850), origen de la modernidad.<\/span><\/p><p><span style=\"font-weight: 400;\">Por otro lado, en <\/span><i><span style=\"font-weight: 400;\">The Crisis of Marxism. A Historical-Intellectual Problem<\/span><\/i><span style=\"font-weight: 400;\"> (Routledge), Palti actualiza sus abordajes sobre marxismo a partir del estudio de pensadores clave: Perry Anderson, Fredric Jameson, Ernesto Laclau, Slavoj \u017di\u017eek, Judith Butler, Alain Badiou y Jacques Derrida. En este trabajo, el historiador argentino se interroga sobre lo que aparece como una crisis final de la tradici\u00f3n pol\u00edtica marxista desde un punto de vista de la historia intelectual, ubic\u00e1ndolo en un marco m\u00e1s amplio, como es la presente crisis de la pol\u00edtica, en general. El libro es parte de la serie de la editorial Routledge, <\/span><i><span style=\"font-weight: 400;\">Marx and Marxisms: New Horizons,<\/span><\/i> <span style=\"font-weight: 400;\">que publica investigaciones originales dentro de la tradici\u00f3n marxista, para aportar nuevas interpretaciones e inspirar conversaciones significativas para el presente.\u00a0<\/span><\/p>\t\t\t\t\t\t\t\t<\/div>\n\t\t\t\t<\/div>\n\t\t\t\t<div class=\"elementor-element elementor-element-2e394f3 elementor-widget elementor-widget-image\" data-id=\"2e394f3\" data-element_type=\"widget\" data-e-type=\"widget\" data-widget_type=\"image.default\">\n\t\t\t\t<div class=\"elementor-widget-container\">\n\t\t\t\t\t\t\t\t\t\t\t\t\t\t\t\t<a href=\"http:\/\/historiaintelectual.com.ar\/wp-content\/uploads\/2025\/07\/9781003586630.jpg\" data-elementor-open-lightbox=\"yes\" data-elementor-lightbox-title=\"The Crisis of Marxism.indd\" data-e-action-hash=\"#elementor-action%3Aaction%3Dlightbox%26settings%3DeyJpZCI6MTAxNzMsInVybCI6Imh0dHBzOlwvXC9oaXN0b3JpYWludGVsZWN0dWFsLmNvbS5hclwvd3AtY29udGVudFwvdXBsb2Fkc1wvMjAyNVwvMDdcLzk3ODEwMDM1ODY2MzAuanBnIn0%3D\">\n\t\t\t\t\t\t\t<img decoding=\"async\" width=\"1326\" height=\"2000\" src=\"https:\/\/historiaintelectual.com.ar\/wp-content\/uploads\/2025\/07\/9781003586630.jpg\" class=\"attachment-full size-full wp-image-10173\" alt=\"\" srcset=\"https:\/\/historiaintelectual.com.ar\/wp-content\/uploads\/2025\/07\/9781003586630.jpg 1326w, https:\/\/historiaintelectual.com.ar\/wp-content\/uploads\/2025\/07\/9781003586630-199x300.jpg 199w, https:\/\/historiaintelectual.com.ar\/wp-content\/uploads\/2025\/07\/9781003586630-679x1024.jpg 679w, https:\/\/historiaintelectual.com.ar\/wp-content\/uploads\/2025\/07\/9781003586630-768x1158.jpg 768w, https:\/\/historiaintelectual.com.ar\/wp-content\/uploads\/2025\/07\/9781003586630-1018x1536.jpg 1018w\" sizes=\"(max-width: 1326px) 100vw, 1326px\" \/>\t\t\t\t\t\t\t\t<\/a>\n\t\t\t\t\t\t\t\t\t\t\t\t\t\t\t<\/div>\n\t\t\t\t<\/div>\n\t\t\t\t<div class=\"elementor-element elementor-element-0680927 elementor-widget elementor-widget-text-editor\" data-id=\"0680927\" data-element_type=\"widget\" data-e-type=\"widget\" data-widget_type=\"text-editor.default\">\n\t\t\t\t<div class=\"elementor-widget-container\">\n\t\t\t\t\t\t\t\t\t<p><span style=\"font-weight: 400;\">Para mayor informaci\u00f3n:\u00a0<\/span><\/p><p><a href=\"https:\/\/www.routledge.com\/The-Crisis-of-Marxism-A-Historical-Intellectual-Problem\/Palti\/p\/book\/9781032958088?srsltid=AfmBOoqGzkop0eAx89Efk9X4IrPtNs2q0MBBvY12q80XNpXCSNzMrLeU&amp;fbclid=IwY2xjawLdCi9leHRuA2FlbQIxMABicmlkETE4anl6WEZZaEVycDFjQ0NtAR4dc4yYfwVzHCyr7LU6NEmedcezKus_EICj2z4OuQvy3mD2Hvvss6A-9oOruA_aem_-euXITGVx7wE0AzxPbkW_A\" target=\"_blank\" rel=\"noopener\"><span style=\"font-weight: 400;\">Palti, E., The crisis of marxism. Routledge, 2025.\u00a0<\/span><\/a><\/p><p><a href=\"https:\/\/prometeoeditorial.com\/productos\/la-nueva-historia-intelectual-quentin-skinner-y-la-escuela-de-cambridge-elias-jose-palti\/\" target=\"_blank\" rel=\"noopener\"><span style=\"font-weight: 400;\">Palti, E., Historia Intelectual I. Prometeo, 2025.\u00a0<\/span><\/a><\/p><p><a href=\"https:\/\/prometeoeditorial.com\/productos\/la-nueva-historia-intelectual-ii-reinhart-koselleck-y-la-historia-conceptual-alemana-elias-j-palti\/\" target=\"_blank\" rel=\"noopener\"><span style=\"font-weight: 400;\">Palti, E., Historia Intelectual II. Prometeo, 2025.<\/span><\/a><\/p>\t\t\t\t\t\t\t\t<\/div>\n\t\t\t\t<\/div>\n\t\t\t\t<\/div>\n\t\t\t\t<\/div>","protected":false},"excerpt":{"rendered":"<p>Nos alegra anunciar que El\u00edas Jos\u00e9 Palti, integrante del Centro de Historia Intelectual de la Universidad de Quilmes, ha publicado recientemente nuevos estudios.<\/p>","protected":false},"author":96742468,"featured_media":0,"comment_status":"closed","ping_status":"closed","sticky":false,"template":"","format":"standard","meta":{"footnotes":""},"categories":[1],"tags":[],"class_list":["post-9439","post","type-post","status-publish","format-standard","hentry","category-sin-categoria"],"yoast_head":"<!-- This site is optimized with the Yoast SEO plugin v27.3 - https:\/\/yoast.com\/product\/yoast-seo-wordpress\/ -->\n<title>Nuevos libros de El\u00edas Palti &#187; Historia Intelectual<\/title>\n<meta name=\"robots\" content=\"index, follow, max-snippet:-1, max-image-preview:large, max-video-preview:-1\" \/>\n<link rel=\"canonical\" href=\"https:\/\/historiaintelectual.com.ar\/eng\/comenzo-la-viii-escuela-de-verano-concepta-iberoamerica\/\" \/>\n<meta property=\"og:locale\" content=\"en_US\" \/>\n<meta property=\"og:type\" content=\"article\" \/>\n<meta property=\"og:title\" content=\"Nuevos libros de El\u00edas Palti &#187; Historia Intelectual\" \/>\n<meta property=\"og:description\" content=\"Nos alegra anunciar que El\u00edas Jos\u00e9 Palti, integrante del Centro de Historia Intelectual de la Universidad de Quilmes, ha publicado recientemente nuevos estudios.\" \/>\n<meta property=\"og:url\" content=\"https:\/\/historiaintelectual.com.ar\/eng\/comenzo-la-viii-escuela-de-verano-concepta-iberoamerica\/\" \/>\n<meta property=\"og:site_name\" content=\"Historia Intelectual\" \/>\n<meta property=\"article:publisher\" content=\"https:\/\/www.facebook.com\/Centrodehistoriaintelectual\/\" \/>\n<meta property=\"article:published_time\" content=\"2025-07-29T21:55:15+00:00\" \/>\n<meta property=\"article:modified_time\" content=\"2025-09-18T13:45:14+00:00\" \/>\n<meta property=\"og:image\" content=\"http:\/\/historiaintelectual.com.ar\/wp-content\/uploads\/2025\/07\/palti_prometeocopy-1024x761.png\" \/>\n<meta name=\"author\" content=\"Noel Alvarez\" \/>\n<script type=\"application\/ld+json\" class=\"yoast-schema-graph\">{\"@context\":\"https:\\\/\\\/schema.org\",\"@graph\":[{\"@type\":\"Article\",\"@id\":\"https:\\\/\\\/historiaintelectual.com.ar\\\/comenzo-la-viii-escuela-de-verano-concepta-iberoamerica\\\/#article\",\"isPartOf\":{\"@id\":\"https:\\\/\\\/historiaintelectual.com.ar\\\/comenzo-la-viii-escuela-de-verano-concepta-iberoamerica\\\/\"},\"author\":{\"name\":\"Noel Alvarez\",\"@id\":\"https:\\\/\\\/historiaintelectual.com.ar\\\/#\\\/schema\\\/person\\\/d9da125a96632badb37d306ed1d2d690\"},\"headline\":\"Nuevos libros de El\u00edas Palti\",\"datePublished\":\"2025-07-29T21:55:15+00:00\",\"dateModified\":\"2025-09-18T13:45:14+00:00\",\"mainEntityOfPage\":{\"@id\":\"https:\\\/\\\/historiaintelectual.com.ar\\\/comenzo-la-viii-escuela-de-verano-concepta-iberoamerica\\\/\"},\"wordCount\":496,\"publisher\":{\"@id\":\"https:\\\/\\\/historiaintelectual.com.ar\\\/#organization\"},\"image\":{\"@id\":\"https:\\\/\\\/historiaintelectual.com.ar\\\/comenzo-la-viii-escuela-de-verano-concepta-iberoamerica\\\/#primaryimage\"},\"thumbnailUrl\":\"http:\\\/\\\/historiaintelectual.com.ar\\\/wp-content\\\/uploads\\\/2025\\\/07\\\/palti_prometeocopy-1024x761.png\",\"articleSection\":[\"Sin categor\u00eda\"],\"inLanguage\":\"en-US\"},{\"@type\":\"WebPage\",\"@id\":\"https:\\\/\\\/historiaintelectual.com.ar\\\/comenzo-la-viii-escuela-de-verano-concepta-iberoamerica\\\/\",\"url\":\"https:\\\/\\\/historiaintelectual.com.ar\\\/comenzo-la-viii-escuela-de-verano-concepta-iberoamerica\\\/\",\"name\":\"Nuevos libros de El\u00edas Palti &#187; Historia Intelectual\",\"isPartOf\":{\"@id\":\"https:\\\/\\\/historiaintelectual.com.ar\\\/#website\"},\"primaryImageOfPage\":{\"@id\":\"https:\\\/\\\/historiaintelectual.com.ar\\\/comenzo-la-viii-escuela-de-verano-concepta-iberoamerica\\\/#primaryimage\"},\"image\":{\"@id\":\"https:\\\/\\\/historiaintelectual.com.ar\\\/comenzo-la-viii-escuela-de-verano-concepta-iberoamerica\\\/#primaryimage\"},\"thumbnailUrl\":\"http:\\\/\\\/historiaintelectual.com.ar\\\/wp-content\\\/uploads\\\/2025\\\/07\\\/palti_prometeocopy-1024x761.png\",\"datePublished\":\"2025-07-29T21:55:15+00:00\",\"dateModified\":\"2025-09-18T13:45:14+00:00\",\"breadcrumb\":{\"@id\":\"https:\\\/\\\/historiaintelectual.com.ar\\\/comenzo-la-viii-escuela-de-verano-concepta-iberoamerica\\\/#breadcrumb\"},\"inLanguage\":\"en-US\",\"potentialAction\":[{\"@type\":\"ReadAction\",\"target\":[\"https:\\\/\\\/historiaintelectual.com.ar\\\/comenzo-la-viii-escuela-de-verano-concepta-iberoamerica\\\/\"]}]},{\"@type\":\"ImageObject\",\"inLanguage\":\"en-US\",\"@id\":\"https:\\\/\\\/historiaintelectual.com.ar\\\/comenzo-la-viii-escuela-de-verano-concepta-iberoamerica\\\/#primaryimage\",\"url\":\"http:\\\/\\\/historiaintelectual.com.ar\\\/wp-content\\\/uploads\\\/2025\\\/07\\\/palti_prometeocopy-1024x761.png\",\"contentUrl\":\"http:\\\/\\\/historiaintelectual.com.ar\\\/wp-content\\\/uploads\\\/2025\\\/07\\\/palti_prometeocopy-1024x761.png\"},{\"@type\":\"BreadcrumbList\",\"@id\":\"https:\\\/\\\/historiaintelectual.com.ar\\\/comenzo-la-viii-escuela-de-verano-concepta-iberoamerica\\\/#breadcrumb\",\"itemListElement\":[{\"@type\":\"ListItem\",\"position\":1,\"name\":\"Portada\",\"item\":\"https:\\\/\\\/historiaintelectual.com.ar\\\/\"},{\"@type\":\"ListItem\",\"position\":2,\"name\":\"Nuevos libros de El\u00edas Palti\"}]},{\"@type\":\"WebSite\",\"@id\":\"https:\\\/\\\/historiaintelectual.com.ar\\\/#website\",\"url\":\"https:\\\/\\\/historiaintelectual.com.ar\\\/\",\"name\":\"Historia Intelectual\",\"description\":\"Centro de Historia Intelectual\",\"publisher\":{\"@id\":\"https:\\\/\\\/historiaintelectual.com.ar\\\/#organization\"},\"alternateName\":\"Centro de historia intelectual\",\"potentialAction\":[{\"@type\":\"SearchAction\",\"target\":{\"@type\":\"EntryPoint\",\"urlTemplate\":\"https:\\\/\\\/historiaintelectual.com.ar\\\/?s={search_term_string}\"},\"query-input\":{\"@type\":\"PropertyValueSpecification\",\"valueRequired\":true,\"valueName\":\"search_term_string\"}}],\"inLanguage\":\"en-US\"},{\"@type\":\"Organization\",\"@id\":\"https:\\\/\\\/historiaintelectual.com.ar\\\/#organization\",\"name\":\"Centro Historia Intelectual\",\"url\":\"https:\\\/\\\/historiaintelectual.com.ar\\\/\",\"logo\":{\"@type\":\"ImageObject\",\"inLanguage\":\"en-US\",\"@id\":\"https:\\\/\\\/historiaintelectual.com.ar\\\/#\\\/schema\\\/logo\\\/image\\\/\",\"url\":\"https:\\\/\\\/historiaintelectual.com.ar\\\/wp-content\\\/uploads\\\/2025\\\/04\\\/logo-25.png\",\"contentUrl\":\"https:\\\/\\\/historiaintelectual.com.ar\\\/wp-content\\\/uploads\\\/2025\\\/04\\\/logo-25.png\",\"width\":456,\"height\":456,\"caption\":\"Centro Historia Intelectual\"},\"image\":{\"@id\":\"https:\\\/\\\/historiaintelectual.com.ar\\\/#\\\/schema\\\/logo\\\/image\\\/\"},\"sameAs\":[\"https:\\\/\\\/www.facebook.com\\\/Centrodehistoriaintelectual\\\/\",\"https:\\\/\\\/www.youtube.com\\\/channel\\\/UCGr8q_2-dchoqKT-jT5Lmfw\",\"https:\\\/\\\/www.instagram.com\\\/chi_unq\\\/\"]},{\"@type\":\"Person\",\"@id\":\"https:\\\/\\\/historiaintelectual.com.ar\\\/#\\\/schema\\\/person\\\/d9da125a96632badb37d306ed1d2d690\",\"name\":\"Noel Alvarez\",\"url\":\"https:\\\/\\\/historiaintelectual.com.ar\\\/eng\\\/author\\\/noel\\\/\"}]}<\/script>\n<!-- \/ Yoast SEO plugin. -->","yoast_head_json":{"title":"Nuevos libros de El\u00edas Palti &#187; Historia Intelectual","robots":{"index":"index","follow":"follow","max-snippet":"max-snippet:-1","max-image-preview":"max-image-preview:large","max-video-preview":"max-video-preview:-1"},"canonical":"https:\/\/historiaintelectual.com.ar\/eng\/comenzo-la-viii-escuela-de-verano-concepta-iberoamerica\/","og_locale":"en_US","og_type":"article","og_title":"Nuevos libros de El\u00edas Palti &#187; Historia Intelectual","og_description":"Nos alegra anunciar que El\u00edas Jos\u00e9 Palti, integrante del Centro de Historia Intelectual de la Universidad de Quilmes, ha publicado recientemente nuevos estudios.","og_url":"https:\/\/historiaintelectual.com.ar\/eng\/comenzo-la-viii-escuela-de-verano-concepta-iberoamerica\/","og_site_name":"Historia Intelectual","article_publisher":"https:\/\/www.facebook.com\/Centrodehistoriaintelectual\/","article_published_time":"2025-07-29T21:55:15+00:00","article_modified_time":"2025-09-18T13:45:14+00:00","og_image":[{"url":"http:\/\/historiaintelectual.com.ar\/wp-content\/uploads\/2025\/07\/palti_prometeocopy-1024x761.png","type":"","width":"","height":""}],"author":"Noel Alvarez","schema":{"@context":"https:\/\/schema.org","@graph":[{"@type":"Article","@id":"https:\/\/historiaintelectual.com.ar\/comenzo-la-viii-escuela-de-verano-concepta-iberoamerica\/#article","isPartOf":{"@id":"https:\/\/historiaintelectual.com.ar\/comenzo-la-viii-escuela-de-verano-concepta-iberoamerica\/"},"author":{"name":"Noel Alvarez","@id":"https:\/\/historiaintelectual.com.ar\/#\/schema\/person\/d9da125a96632badb37d306ed1d2d690"},"headline":"Nuevos libros de El\u00edas Palti","datePublished":"2025-07-29T21:55:15+00:00","dateModified":"2025-09-18T13:45:14+00:00","mainEntityOfPage":{"@id":"https:\/\/historiaintelectual.com.ar\/comenzo-la-viii-escuela-de-verano-concepta-iberoamerica\/"},"wordCount":496,"publisher":{"@id":"https:\/\/historiaintelectual.com.ar\/#organization"},"image":{"@id":"https:\/\/historiaintelectual.com.ar\/comenzo-la-viii-escuela-de-verano-concepta-iberoamerica\/#primaryimage"},"thumbnailUrl":"http:\/\/historiaintelectual.com.ar\/wp-content\/uploads\/2025\/07\/palti_prometeocopy-1024x761.png","articleSection":["Sin categor\u00eda"],"inLanguage":"en-US"},{"@type":"WebPage","@id":"https:\/\/historiaintelectual.com.ar\/comenzo-la-viii-escuela-de-verano-concepta-iberoamerica\/","url":"https:\/\/historiaintelectual.com.ar\/comenzo-la-viii-escuela-de-verano-concepta-iberoamerica\/","name":"Nuevos libros de El\u00edas Palti &#187; Historia Intelectual","isPartOf":{"@id":"https:\/\/historiaintelectual.com.ar\/#website"},"primaryImageOfPage":{"@id":"https:\/\/historiaintelectual.com.ar\/comenzo-la-viii-escuela-de-verano-concepta-iberoamerica\/#primaryimage"},"image":{"@id":"https:\/\/historiaintelectual.com.ar\/comenzo-la-viii-escuela-de-verano-concepta-iberoamerica\/#primaryimage"},"thumbnailUrl":"http:\/\/historiaintelectual.com.ar\/wp-content\/uploads\/2025\/07\/palti_prometeocopy-1024x761.png","datePublished":"2025-07-29T21:55:15+00:00","dateModified":"2025-09-18T13:45:14+00:00","breadcrumb":{"@id":"https:\/\/historiaintelectual.com.ar\/comenzo-la-viii-escuela-de-verano-concepta-iberoamerica\/#breadcrumb"},"inLanguage":"en-US","potentialAction":[{"@type":"ReadAction","target":["https:\/\/historiaintelectual.com.ar\/comenzo-la-viii-escuela-de-verano-concepta-iberoamerica\/"]}]},{"@type":"ImageObject","inLanguage":"en-US","@id":"https:\/\/historiaintelectual.com.ar\/comenzo-la-viii-escuela-de-verano-concepta-iberoamerica\/#primaryimage","url":"http:\/\/historiaintelectual.com.ar\/wp-content\/uploads\/2025\/07\/palti_prometeocopy-1024x761.png","contentUrl":"http:\/\/historiaintelectual.com.ar\/wp-content\/uploads\/2025\/07\/palti_prometeocopy-1024x761.png"},{"@type":"BreadcrumbList","@id":"https:\/\/historiaintelectual.com.ar\/comenzo-la-viii-escuela-de-verano-concepta-iberoamerica\/#breadcrumb","itemListElement":[{"@type":"ListItem","position":1,"name":"Portada","item":"https:\/\/historiaintelectual.com.ar\/"},{"@type":"ListItem","position":2,"name":"Nuevos libros de El\u00edas Palti"}]},{"@type":"WebSite","@id":"https:\/\/historiaintelectual.com.ar\/#website","url":"https:\/\/historiaintelectual.com.ar\/","name":"Historia Intelectual","description":"Center for Intellectual History","publisher":{"@id":"https:\/\/historiaintelectual.com.ar\/#organization"},"alternateName":"Centro de historia intelectual","potentialAction":[{"@type":"SearchAction","target":{"@type":"EntryPoint","urlTemplate":"https:\/\/historiaintelectual.com.ar\/?s={search_term_string}"},"query-input":{"@type":"PropertyValueSpecification","valueRequired":true,"valueName":"search_term_string"}}],"inLanguage":"en-US"},{"@type":"Organization","@id":"https:\/\/historiaintelectual.com.ar\/#organization","name":"Centro Historia Intelectual","url":"https:\/\/historiaintelectual.com.ar\/","logo":{"@type":"ImageObject","inLanguage":"en-US","@id":"https:\/\/historiaintelectual.com.ar\/#\/schema\/logo\/image\/","url":"https:\/\/historiaintelectual.com.ar\/wp-content\/uploads\/2025\/04\/logo-25.png","contentUrl":"https:\/\/historiaintelectual.com.ar\/wp-content\/uploads\/2025\/04\/logo-25.png","width":456,"height":456,"caption":"Centro Historia Intelectual"},"image":{"@id":"https:\/\/historiaintelectual.com.ar\/#\/schema\/logo\/image\/"},"sameAs":["https:\/\/www.facebook.com\/Centrodehistoriaintelectual\/","https:\/\/www.youtube.com\/channel\/UCGr8q_2-dchoqKT-jT5Lmfw","https:\/\/www.instagram.com\/chi_unq\/"]},{"@type":"Person","@id":"https:\/\/historiaintelectual.com.ar\/#\/schema\/person\/d9da125a96632badb37d306ed1d2d690","name":"Noel Alvarez","url":"https:\/\/historiaintelectual.com.ar\/eng\/author\/noel\/"}]}},"_links":{"self":[{"href":"https:\/\/historiaintelectual.com.ar\/eng\/wp-json\/wp\/v2\/posts\/9439","targetHints":{"allow":["GET"]}}],"collection":[{"href":"https:\/\/historiaintelectual.com.ar\/eng\/wp-json\/wp\/v2\/posts"}],"about":[{"href":"https:\/\/historiaintelectual.com.ar\/eng\/wp-json\/wp\/v2\/types\/post"}],"author":[{"embeddable":true,"href":"https:\/\/historiaintelectual.com.ar\/eng\/wp-json\/wp\/v2\/users\/96742468"}],"replies":[{"embeddable":true,"href":"https:\/\/historiaintelectual.com.ar\/eng\/wp-json\/wp\/v2\/comments?post=9439"}],"version-history":[{"count":49,"href":"https:\/\/historiaintelectual.com.ar\/eng\/wp-json\/wp\/v2\/posts\/9439\/revisions"}],"predecessor-version":[{"id":10440,"href":"https:\/\/historiaintelectual.com.ar\/eng\/wp-json\/wp\/v2\/posts\/9439\/revisions\/10440"}],"wp:attachment":[{"href":"https:\/\/historiaintelectual.com.ar\/eng\/wp-json\/wp\/v2\/media?parent=9439"}],"wp:term":[{"taxonomy":"category","embeddable":true,"href":"https:\/\/historiaintelectual.com.ar\/eng\/wp-json\/wp\/v2\/categories?post=9439"},{"taxonomy":"post_tag","embeddable":true,"href":"https:\/\/historiaintelectual.com.ar\/eng\/wp-json\/wp\/v2\/tags?post=9439"}],"curies":[{"name":"wp","href":"https:\/\/api.w.org\/{rel}","templated":true}]}}