{"id":8605,"date":"2025-05-22T14:18:05","date_gmt":"2025-05-22T17:18:05","guid":{"rendered":"https:\/\/historiaintelectual.com.ar\/?p=8605"},"modified":"2025-07-29T09:12:29","modified_gmt":"2025-07-29T12:12:29","slug":"facundo-gomez","status":"publish","type":"post","link":"https:\/\/historiaintelectual.com.ar\/eng\/facundo-gomez\/","title":{"rendered":"Facundo G\u00f3mez"},"content":{"rendered":"<div data-elementor-type=\"wp-post\" data-elementor-id=\"8605\" class=\"elementor elementor-8605\" data-elementor-post-type=\"post\">\n\t\t\t\t<div class=\"elementor-element elementor-element-1b90f70 e-flex e-con-boxed e-con e-parent\" data-id=\"1b90f70\" data-element_type=\"container\" data-e-type=\"container\">\n\t\t\t\t\t<div class=\"e-con-inner\">\n\t\t<div class=\"elementor-element elementor-element-35dc3fd e-con-full e-flex e-con e-child\" data-id=\"35dc3fd\" data-element_type=\"container\" data-e-type=\"container\">\n\t\t\t\t<div class=\"elementor-element elementor-element-0aedbad elementor-widget elementor-widget-theme-post-featured-image elementor-widget-image\" data-id=\"0aedbad\" data-element_type=\"widget\" data-e-type=\"widget\" data-widget_type=\"theme-post-featured-image.default\">\n\t\t\t\t<div class=\"elementor-widget-container\">\n\t\t\t\t\t\t\t\t\t\t\t\t<figure class=\"wp-caption\">\n\t\t\t\t\t\t\t\t\t\t<img fetchpriority=\"high\" decoding=\"async\" width=\"2560\" height=\"1885\" src=\"https:\/\/historiaintelectual.com.ar\/wp-content\/uploads\/2025\/05\/Facundo_Gomez-scaled.jpg\" class=\"attachment-full size-full wp-image-8607\" alt=\"\" srcset=\"https:\/\/historiaintelectual.com.ar\/wp-content\/uploads\/2025\/05\/Facundo_Gomez-scaled.jpg 2560w, https:\/\/historiaintelectual.com.ar\/wp-content\/uploads\/2025\/05\/Facundo_Gomez-300x221.jpg 300w, https:\/\/historiaintelectual.com.ar\/wp-content\/uploads\/2025\/05\/Facundo_Gomez-1024x754.jpg 1024w, https:\/\/historiaintelectual.com.ar\/wp-content\/uploads\/2025\/05\/Facundo_Gomez-768x565.jpg 768w, https:\/\/historiaintelectual.com.ar\/wp-content\/uploads\/2025\/05\/Facundo_Gomez-1536x1131.jpg 1536w, https:\/\/historiaintelectual.com.ar\/wp-content\/uploads\/2025\/05\/Facundo_Gomez-2048x1508.jpg 2048w\" sizes=\"(max-width: 2560px) 100vw, 2560px\" \/>\t\t\t\t\t\t\t\t\t\t\t<figcaption class=\"widget-image-caption wp-caption-text\">Facundo G\u00f3mez<br> (San Fernando, Buenos Aires, 1985)<\/figcaption>\n\t\t\t\t\t\t\t\t\t\t<\/figure>\n\t\t\t\t\t\t\t\t\t<\/div>\n\t\t\t\t<\/div>\n\t\t\t\t<\/div>\n\t\t<div class=\"elementor-element elementor-element-b6140b3 e-con-full e-flex e-con e-child\" data-id=\"b6140b3\" data-element_type=\"container\" data-e-type=\"container\">\n\t\t\t\t<div class=\"elementor-element elementor-element-187fe98 elementor-widget elementor-widget-text-editor\" data-id=\"187fe98\" data-element_type=\"widget\" data-e-type=\"widget\" data-widget_type=\"text-editor.default\">\n\t\t\t\t<div class=\"elementor-widget-container\">\n\t\t\t\t\t\t\t\t\t<p>Facundo G\u00f3mez (PhD, Literature, Universidad de Buenos Aires) conducted his doctoral research on the critical discourse of \u00c1ngel Rama. He coordinated the volume <em>Derivas do Latino-americanismo. Abordagens cr\u00edticas das literaturas latino-americanas no s\u00e9culo XXI<\/em>\u00a0(S\u00e3o Paulo, LiberArs, 2022), in collaboration with Cecilia Ugartemend\u00eda and Carla Benisz. He is responsible for<em>\u00a0Am\u00e9rica Latina: un pueblo en marcha\u00a0<\/em>(Santiago de Chile, Tuc\u00e1n-Fundaci\u00f3n Darcy Ribeiro, 2022), a compilation of essays by \u00c1ngel Rama, and also for the prologue to the latest edition of\u00a0<em>La ciudad letrada<\/em>\u00a0(Montevideo, Estuario, 2024).<\/p><p>He is currently conducting postdoctoral research (CONICET) on the transformations in Latin American literary criticism in the 1980s, directed by Ximena Espeche and based at the Center for Intellectual History at the Universidad de Quilmes. His research focuses on the processes of renewal in Latin American literary criticism and history towards the end of the 20th century and contemporary debates on literature, culture, and Latin Americanism.<\/p><p>Contact: gomezefacundo@gmail.com<br \/><br \/><strong>Profile on <a href=\"http:\/\/unq.academia.edu\/FacundoG\u00f3mez\">Academia<\/a>\u00a0<\/strong><\/p>\t\t\t\t\t\t\t\t<\/div>\n\t\t\t\t<\/div>\n\t\t\t\t<\/div>\n\t\t\t\t\t<\/div>\n\t\t\t\t<\/div>\n\t\t\t\t<\/div>","protected":false},"excerpt":{"rendered":"<p>Es Licenciado en Letras y Doctor en Literatura por la Universidad de Buenos Aires. Desarroll\u00f3 su investigaci\u00f3n de doctorado en torno al discurso cr\u00edtico de \u00c1ngel Rama. Coordin\u00f3 el volumen Derivas do Latino-americanismo. Abordagens cr\u00edticas das literaturas latino-americanas no s\u00e9culo XXI\u00a0(S\u00e3o Paulo, LiberArs, 2022), en colaboraci\u00f3n con Cecilia Ugartemend\u00eda y Carla Benisz. Es responsable de\u00a0Am\u00e9rica [&hellip;]<\/p>\n","protected":false},"author":1,"featured_media":8607,"comment_status":"closed","ping_status":"closed","sticky":false,"template":"","format":"standard","meta":{"footnotes":""},"categories":[94],"tags":[],"class_list":["post-8605","post","type-post","status-publish","format-standard","has-post-thumbnail","hentry","category-investigadores"],"yoast_head":"<!-- This site is optimized with the Yoast SEO plugin v27.3 - https:\/\/yoast.com\/product\/yoast-seo-wordpress\/ -->\n<title>Facundo G\u00f3mez &#187; Historia Intelectual<\/title>\n<meta name=\"robots\" content=\"index, follow, max-snippet:-1, max-image-preview:large, max-video-preview:-1\" \/>\n<link rel=\"canonical\" href=\"https:\/\/historiaintelectual.com.ar\/eng\/facundo-gomez\/\" \/>\n<meta property=\"og:locale\" content=\"en_US\" \/>\n<meta property=\"og:type\" content=\"article\" \/>\n<meta property=\"og:title\" content=\"Facundo G\u00f3mez &#187; Historia Intelectual\" \/>\n<meta property=\"og:description\" content=\"Es Licenciado en Letras y Doctor en Literatura por la Universidad de Buenos Aires. Desarroll\u00f3 su investigaci\u00f3n de doctorado en torno al discurso cr\u00edtico de \u00c1ngel Rama. Coordin\u00f3 el volumen Derivas do Latino-americanismo. Abordagens cr\u00edticas das literaturas latino-americanas no s\u00e9culo XXI\u00a0(S\u00e3o Paulo, LiberArs, 2022), en colaboraci\u00f3n con Cecilia Ugartemend\u00eda y Carla Benisz. Es responsable de\u00a0Am\u00e9rica [&hellip;]\" \/>\n<meta property=\"og:url\" content=\"https:\/\/historiaintelectual.com.ar\/eng\/facundo-gomez\/\" \/>\n<meta property=\"og:site_name\" content=\"Historia Intelectual\" \/>\n<meta property=\"article:publisher\" content=\"https:\/\/www.facebook.com\/Centrodehistoriaintelectual\/\" \/>\n<meta property=\"article:published_time\" content=\"2025-05-22T17:18:05+00:00\" \/>\n<meta property=\"article:modified_time\" content=\"2025-07-29T12:12:29+00:00\" \/>\n<meta property=\"og:image\" content=\"https:\/\/historiaintelectual.com.ar\/wp-content\/uploads\/2025\/05\/Facundo_Gomez-scaled.jpg\" \/>\n\t<meta property=\"og:image:width\" content=\"2560\" \/>\n\t<meta property=\"og:image:height\" content=\"1885\" \/>\n\t<meta property=\"og:image:type\" content=\"image\/jpeg\" \/>\n<meta name=\"author\" content=\"admin\" \/>\n<script type=\"application\/ld+json\" class=\"yoast-schema-graph\">{\"@context\":\"https:\\\/\\\/schema.org\",\"@graph\":[{\"@type\":\"Article\",\"@id\":\"https:\\\/\\\/historiaintelectual.com.ar\\\/facundo-gomez\\\/#article\",\"isPartOf\":{\"@id\":\"https:\\\/\\\/historiaintelectual.com.ar\\\/facundo-gomez\\\/\"},\"author\":{\"name\":\"admin\",\"@id\":\"https:\\\/\\\/historiaintelectual.com.ar\\\/#\\\/schema\\\/person\\\/885c05ccc3314e2dec0bd9b0825c5912\"},\"headline\":\"Facundo G\u00f3mez\",\"datePublished\":\"2025-05-22T17:18:05+00:00\",\"dateModified\":\"2025-07-29T12:12:29+00:00\",\"mainEntityOfPage\":{\"@id\":\"https:\\\/\\\/historiaintelectual.com.ar\\\/facundo-gomez\\\/\"},\"wordCount\":188,\"publisher\":{\"@id\":\"https:\\\/\\\/historiaintelectual.com.ar\\\/#organization\"},\"image\":{\"@id\":\"https:\\\/\\\/historiaintelectual.com.ar\\\/facundo-gomez\\\/#primaryimage\"},\"thumbnailUrl\":\"https:\\\/\\\/historiaintelectual.com.ar\\\/wp-content\\\/uploads\\\/2025\\\/05\\\/Facundo_Gomez-scaled.jpg\",\"articleSection\":[\"Investigadores\"],\"inLanguage\":\"en-US\"},{\"@type\":\"WebPage\",\"@id\":\"https:\\\/\\\/historiaintelectual.com.ar\\\/facundo-gomez\\\/\",\"url\":\"https:\\\/\\\/historiaintelectual.com.ar\\\/facundo-gomez\\\/\",\"name\":\"Facundo G\u00f3mez &#187; Historia Intelectual\",\"isPartOf\":{\"@id\":\"https:\\\/\\\/historiaintelectual.com.ar\\\/#website\"},\"primaryImageOfPage\":{\"@id\":\"https:\\\/\\\/historiaintelectual.com.ar\\\/facundo-gomez\\\/#primaryimage\"},\"image\":{\"@id\":\"https:\\\/\\\/historiaintelectual.com.ar\\\/facundo-gomez\\\/#primaryimage\"},\"thumbnailUrl\":\"https:\\\/\\\/historiaintelectual.com.ar\\\/wp-content\\\/uploads\\\/2025\\\/05\\\/Facundo_Gomez-scaled.jpg\",\"datePublished\":\"2025-05-22T17:18:05+00:00\",\"dateModified\":\"2025-07-29T12:12:29+00:00\",\"breadcrumb\":{\"@id\":\"https:\\\/\\\/historiaintelectual.com.ar\\\/facundo-gomez\\\/#breadcrumb\"},\"inLanguage\":\"en-US\",\"potentialAction\":[{\"@type\":\"ReadAction\",\"target\":[\"https:\\\/\\\/historiaintelectual.com.ar\\\/facundo-gomez\\\/\"]}]},{\"@type\":\"ImageObject\",\"inLanguage\":\"en-US\",\"@id\":\"https:\\\/\\\/historiaintelectual.com.ar\\\/facundo-gomez\\\/#primaryimage\",\"url\":\"https:\\\/\\\/historiaintelectual.com.ar\\\/wp-content\\\/uploads\\\/2025\\\/05\\\/Facundo_Gomez-scaled.jpg\",\"contentUrl\":\"https:\\\/\\\/historiaintelectual.com.ar\\\/wp-content\\\/uploads\\\/2025\\\/05\\\/Facundo_Gomez-scaled.jpg\",\"width\":2560,\"height\":1885},{\"@type\":\"BreadcrumbList\",\"@id\":\"https:\\\/\\\/historiaintelectual.com.ar\\\/facundo-gomez\\\/#breadcrumb\",\"itemListElement\":[{\"@type\":\"ListItem\",\"position\":1,\"name\":\"Portada\",\"item\":\"https:\\\/\\\/historiaintelectual.com.ar\\\/\"},{\"@type\":\"ListItem\",\"position\":2,\"name\":\"Facundo G\u00f3mez\"}]},{\"@type\":\"WebSite\",\"@id\":\"https:\\\/\\\/historiaintelectual.com.ar\\\/#website\",\"url\":\"https:\\\/\\\/historiaintelectual.com.ar\\\/\",\"name\":\"Historia Intelectual\",\"description\":\"Centro de Historia Intelectual\",\"publisher\":{\"@id\":\"https:\\\/\\\/historiaintelectual.com.ar\\\/#organization\"},\"alternateName\":\"Centro de historia intelectual\",\"potentialAction\":[{\"@type\":\"SearchAction\",\"target\":{\"@type\":\"EntryPoint\",\"urlTemplate\":\"https:\\\/\\\/historiaintelectual.com.ar\\\/?s={search_term_string}\"},\"query-input\":{\"@type\":\"PropertyValueSpecification\",\"valueRequired\":true,\"valueName\":\"search_term_string\"}}],\"inLanguage\":\"en-US\"},{\"@type\":\"Organization\",\"@id\":\"https:\\\/\\\/historiaintelectual.com.ar\\\/#organization\",\"name\":\"Centro Historia Intelectual\",\"url\":\"https:\\\/\\\/historiaintelectual.com.ar\\\/\",\"logo\":{\"@type\":\"ImageObject\",\"inLanguage\":\"en-US\",\"@id\":\"https:\\\/\\\/historiaintelectual.com.ar\\\/#\\\/schema\\\/logo\\\/image\\\/\",\"url\":\"https:\\\/\\\/historiaintelectual.com.ar\\\/wp-content\\\/uploads\\\/2025\\\/04\\\/logo-25.png\",\"contentUrl\":\"https:\\\/\\\/historiaintelectual.com.ar\\\/wp-content\\\/uploads\\\/2025\\\/04\\\/logo-25.png\",\"width\":456,\"height\":456,\"caption\":\"Centro Historia Intelectual\"},\"image\":{\"@id\":\"https:\\\/\\\/historiaintelectual.com.ar\\\/#\\\/schema\\\/logo\\\/image\\\/\"},\"sameAs\":[\"https:\\\/\\\/www.facebook.com\\\/Centrodehistoriaintelectual\\\/\",\"https:\\\/\\\/www.youtube.com\\\/channel\\\/UCGr8q_2-dchoqKT-jT5Lmfw\",\"https:\\\/\\\/www.instagram.com\\\/chi_unq\\\/\"]},{\"@type\":\"Person\",\"@id\":\"https:\\\/\\\/historiaintelectual.com.ar\\\/#\\\/schema\\\/person\\\/885c05ccc3314e2dec0bd9b0825c5912\",\"name\":\"admin\",\"url\":\"https:\\\/\\\/historiaintelectual.com.ar\\\/eng\\\/author\\\/admin\\\/\"}]}<\/script>\n<!-- \/ Yoast SEO plugin. -->","yoast_head_json":{"title":"Facundo G\u00f3mez &#187; Historia Intelectual","robots":{"index":"index","follow":"follow","max-snippet":"max-snippet:-1","max-image-preview":"max-image-preview:large","max-video-preview":"max-video-preview:-1"},"canonical":"https:\/\/historiaintelectual.com.ar\/eng\/facundo-gomez\/","og_locale":"en_US","og_type":"article","og_title":"Facundo G\u00f3mez &#187; Historia Intelectual","og_description":"Es Licenciado en Letras y Doctor en Literatura por la Universidad de Buenos Aires. Desarroll\u00f3 su investigaci\u00f3n de doctorado en torno al discurso cr\u00edtico de \u00c1ngel Rama. Coordin\u00f3 el volumen Derivas do Latino-americanismo. Abordagens cr\u00edticas das literaturas latino-americanas no s\u00e9culo XXI\u00a0(S\u00e3o Paulo, LiberArs, 2022), en colaboraci\u00f3n con Cecilia Ugartemend\u00eda y Carla Benisz. Es responsable de\u00a0Am\u00e9rica [&hellip;]","og_url":"https:\/\/historiaintelectual.com.ar\/eng\/facundo-gomez\/","og_site_name":"Historia Intelectual","article_publisher":"https:\/\/www.facebook.com\/Centrodehistoriaintelectual\/","article_published_time":"2025-05-22T17:18:05+00:00","article_modified_time":"2025-07-29T12:12:29+00:00","og_image":[{"width":2560,"height":1885,"url":"https:\/\/historiaintelectual.com.ar\/wp-content\/uploads\/2025\/05\/Facundo_Gomez-scaled.jpg","type":"image\/jpeg"}],"author":"admin","schema":{"@context":"https:\/\/schema.org","@graph":[{"@type":"Article","@id":"https:\/\/historiaintelectual.com.ar\/facundo-gomez\/#article","isPartOf":{"@id":"https:\/\/historiaintelectual.com.ar\/facundo-gomez\/"},"author":{"name":"admin","@id":"https:\/\/historiaintelectual.com.ar\/#\/schema\/person\/885c05ccc3314e2dec0bd9b0825c5912"},"headline":"Facundo G\u00f3mez","datePublished":"2025-05-22T17:18:05+00:00","dateModified":"2025-07-29T12:12:29+00:00","mainEntityOfPage":{"@id":"https:\/\/historiaintelectual.com.ar\/facundo-gomez\/"},"wordCount":188,"publisher":{"@id":"https:\/\/historiaintelectual.com.ar\/#organization"},"image":{"@id":"https:\/\/historiaintelectual.com.ar\/facundo-gomez\/#primaryimage"},"thumbnailUrl":"https:\/\/historiaintelectual.com.ar\/wp-content\/uploads\/2025\/05\/Facundo_Gomez-scaled.jpg","articleSection":["Investigadores"],"inLanguage":"en-US"},{"@type":"WebPage","@id":"https:\/\/historiaintelectual.com.ar\/facundo-gomez\/","url":"https:\/\/historiaintelectual.com.ar\/facundo-gomez\/","name":"Facundo G\u00f3mez &#187; Historia Intelectual","isPartOf":{"@id":"https:\/\/historiaintelectual.com.ar\/#website"},"primaryImageOfPage":{"@id":"https:\/\/historiaintelectual.com.ar\/facundo-gomez\/#primaryimage"},"image":{"@id":"https:\/\/historiaintelectual.com.ar\/facundo-gomez\/#primaryimage"},"thumbnailUrl":"https:\/\/historiaintelectual.com.ar\/wp-content\/uploads\/2025\/05\/Facundo_Gomez-scaled.jpg","datePublished":"2025-05-22T17:18:05+00:00","dateModified":"2025-07-29T12:12:29+00:00","breadcrumb":{"@id":"https:\/\/historiaintelectual.com.ar\/facundo-gomez\/#breadcrumb"},"inLanguage":"en-US","potentialAction":[{"@type":"ReadAction","target":["https:\/\/historiaintelectual.com.ar\/facundo-gomez\/"]}]},{"@type":"ImageObject","inLanguage":"en-US","@id":"https:\/\/historiaintelectual.com.ar\/facundo-gomez\/#primaryimage","url":"https:\/\/historiaintelectual.com.ar\/wp-content\/uploads\/2025\/05\/Facundo_Gomez-scaled.jpg","contentUrl":"https:\/\/historiaintelectual.com.ar\/wp-content\/uploads\/2025\/05\/Facundo_Gomez-scaled.jpg","width":2560,"height":1885},{"@type":"BreadcrumbList","@id":"https:\/\/historiaintelectual.com.ar\/facundo-gomez\/#breadcrumb","itemListElement":[{"@type":"ListItem","position":1,"name":"Portada","item":"https:\/\/historiaintelectual.com.ar\/"},{"@type":"ListItem","position":2,"name":"Facundo G\u00f3mez"}]},{"@type":"WebSite","@id":"https:\/\/historiaintelectual.com.ar\/#website","url":"https:\/\/historiaintelectual.com.ar\/","name":"Historia Intelectual","description":"Center for Intellectual History","publisher":{"@id":"https:\/\/historiaintelectual.com.ar\/#organization"},"alternateName":"Centro de historia intelectual","potentialAction":[{"@type":"SearchAction","target":{"@type":"EntryPoint","urlTemplate":"https:\/\/historiaintelectual.com.ar\/?s={search_term_string}"},"query-input":{"@type":"PropertyValueSpecification","valueRequired":true,"valueName":"search_term_string"}}],"inLanguage":"en-US"},{"@type":"Organization","@id":"https:\/\/historiaintelectual.com.ar\/#organization","name":"Centro Historia Intelectual","url":"https:\/\/historiaintelectual.com.ar\/","logo":{"@type":"ImageObject","inLanguage":"en-US","@id":"https:\/\/historiaintelectual.com.ar\/#\/schema\/logo\/image\/","url":"https:\/\/historiaintelectual.com.ar\/wp-content\/uploads\/2025\/04\/logo-25.png","contentUrl":"https:\/\/historiaintelectual.com.ar\/wp-content\/uploads\/2025\/04\/logo-25.png","width":456,"height":456,"caption":"Centro Historia Intelectual"},"image":{"@id":"https:\/\/historiaintelectual.com.ar\/#\/schema\/logo\/image\/"},"sameAs":["https:\/\/www.facebook.com\/Centrodehistoriaintelectual\/","https:\/\/www.youtube.com\/channel\/UCGr8q_2-dchoqKT-jT5Lmfw","https:\/\/www.instagram.com\/chi_unq\/"]},{"@type":"Person","@id":"https:\/\/historiaintelectual.com.ar\/#\/schema\/person\/885c05ccc3314e2dec0bd9b0825c5912","name":"admin","url":"https:\/\/historiaintelectual.com.ar\/eng\/author\/admin\/"}]}},"_links":{"self":[{"href":"https:\/\/historiaintelectual.com.ar\/eng\/wp-json\/wp\/v2\/posts\/8605","targetHints":{"allow":["GET"]}}],"collection":[{"href":"https:\/\/historiaintelectual.com.ar\/eng\/wp-json\/wp\/v2\/posts"}],"about":[{"href":"https:\/\/historiaintelectual.com.ar\/eng\/wp-json\/wp\/v2\/types\/post"}],"author":[{"embeddable":true,"href":"https:\/\/historiaintelectual.com.ar\/eng\/wp-json\/wp\/v2\/users\/1"}],"replies":[{"embeddable":true,"href":"https:\/\/historiaintelectual.com.ar\/eng\/wp-json\/wp\/v2\/comments?post=8605"}],"version-history":[{"count":19,"href":"https:\/\/historiaintelectual.com.ar\/eng\/wp-json\/wp\/v2\/posts\/8605\/revisions"}],"predecessor-version":[{"id":9340,"href":"https:\/\/historiaintelectual.com.ar\/eng\/wp-json\/wp\/v2\/posts\/8605\/revisions\/9340"}],"wp:featuredmedia":[{"embeddable":true,"href":"https:\/\/historiaintelectual.com.ar\/eng\/wp-json\/wp\/v2\/media\/8607"}],"wp:attachment":[{"href":"https:\/\/historiaintelectual.com.ar\/eng\/wp-json\/wp\/v2\/media?parent=8605"}],"wp:term":[{"taxonomy":"category","embeddable":true,"href":"https:\/\/historiaintelectual.com.ar\/eng\/wp-json\/wp\/v2\/categories?post=8605"},{"taxonomy":"post_tag","embeddable":true,"href":"https:\/\/historiaintelectual.com.ar\/eng\/wp-json\/wp\/v2\/tags?post=8605"}],"curies":[{"name":"wp","href":"https:\/\/api.w.org\/{rel}","templated":true}]}}