{"id":8409,"date":"2025-04-29T10:55:32","date_gmt":"2025-04-29T13:55:32","guid":{"rendered":"https:\/\/historiaintelectual.com.ar\/?p=8409"},"modified":"2025-07-29T10:51:30","modified_gmt":"2025-07-29T13:51:30","slug":"la-argentina-en-el-siglo-xx","status":"publish","type":"post","link":"https:\/\/historiaintelectual.com.ar\/eng\/la-argentina-en-el-siglo-xx\/","title":{"rendered":"La Argentina en el siglo XX"},"content":{"rendered":"<div data-elementor-type=\"wp-post\" data-elementor-id=\"8409\" class=\"elementor elementor-8409\" data-elementor-post-type=\"post\">\n\t\t\t\t<div class=\"elementor-element elementor-element-1b90f70 e-flex e-con-boxed e-con e-parent\" data-id=\"1b90f70\" data-element_type=\"container\" data-e-type=\"container\">\n\t\t\t\t\t<div class=\"e-con-inner\">\n\t\t<div class=\"elementor-element elementor-element-35dc3fd e-con-full e-flex e-con e-child\" data-id=\"35dc3fd\" data-element_type=\"container\" data-e-type=\"container\">\n\t\t\t\t<div class=\"elementor-element elementor-element-0aedbad elementor-widget__width-initial elementor-widget elementor-widget-theme-post-featured-image elementor-widget-image\" data-id=\"0aedbad\" data-element_type=\"widget\" data-e-type=\"widget\" data-widget_type=\"theme-post-featured-image.default\">\n\t\t\t\t<div class=\"elementor-widget-container\">\n\t\t\t\t\t\t\t\t\t\t\t\t<figure class=\"wp-caption\">\n\t\t\t\t\t\t\t\t\t\t<img fetchpriority=\"high\" decoding=\"async\" width=\"845\" height=\"1333\" src=\"https:\/\/historiaintelectual.com.ar\/wp-content\/uploads\/2015\/07\/tapa-La-Argentina-en-el-siglo-XX-0011.jpg\" class=\"attachment-full size-full wp-image-4689\" alt=\"\" srcset=\"https:\/\/historiaintelectual.com.ar\/wp-content\/uploads\/2015\/07\/tapa-La-Argentina-en-el-siglo-XX-0011.jpg 845w, https:\/\/historiaintelectual.com.ar\/wp-content\/uploads\/2015\/07\/tapa-La-Argentina-en-el-siglo-XX-0011-190x300.jpg 190w, https:\/\/historiaintelectual.com.ar\/wp-content\/uploads\/2015\/07\/tapa-La-Argentina-en-el-siglo-XX-0011-649x1024.jpg 649w\" sizes=\"(max-width: 845px) 100vw, 845px\" \/>\t\t\t\t\t\t\t\t\t\t\t<figcaption class=\"widget-image-caption wp-caption-text\">Editor: Carlos Altamirano Autores: Varios Buenos Aires, Ariel, 1999<\/figcaption>\n\t\t\t\t\t\t\t\t\t\t<\/figure>\n\t\t\t\t\t\t\t\t\t<\/div>\n\t\t\t\t<\/div>\n\t\t\t\t<\/div>\n\t\t<div class=\"elementor-element elementor-element-b6140b3 e-con-full e-flex e-con e-child\" data-id=\"b6140b3\" data-element_type=\"container\" data-e-type=\"container\">\n\t\t\t\t<div class=\"elementor-element elementor-element-187fe98 elementor-widget elementor-widget-text-editor\" data-id=\"187fe98\" data-element_type=\"widget\" data-e-type=\"widget\" data-widget_type=\"text-editor.default\">\n\t\t\t\t<div class=\"elementor-widget-container\">\n\t\t\t\t\t\t\t\t\t<h3>LA ARGENTINA EN EL SIGLO XX<\/h3><p><strong>Autores de los cap\u00edtulos:\u00a0<\/strong>Fernando Aliata \/ Carlos Altamirano \/ Eduardo Archetti \/ Anahi Ballent \/ Dora Barrancos \/ Horacio Crespo \/ Isidoro Cheresky \/ Emilio De Ipola \/ Jorge Dotti \/ Mar\u00eda Teresa Gramuglio \/ Adri\u00e1n Gorelik \/ Tulio Halperin Donghi \/ Jorge Francisco Liernur \/ Silvia Molloy \/ Federico Monjeau \/ Mariano Narodowski \/ El\u00edas Palti \/ Ricardo Piglia \/ Juan Carlos Portantiero \/ Adolfo Prieto \/ Luis Alberto Romero \/ Hilda Sabato \/ Sylvia Sa\u00edtta \/ Beatriz Sarlo \/ Silvia Sigal \/ Graciela Silvestri \/ Oscar Ter\u00e1n \/ Juan Carlos Torre \/ Hugo Vezzetti \/ Eduardo Zimmermann<\/p><p>El libro se origin\u00f3 en el encuentro \u201cLa Argentina en el siglo XX\u201d, organizado por el Programa de Historia Intelectual en la Universidad Nacional de Quilmes los d\u00edas 19, 20 y 21 de mayo de 1999. Se trat\u00f3 de aprovechar el horizonte del fin de siglo para poner en debate la cultura nacional sobre ese fondo com\u00fan y agitado que es la cultura moderna, y desde all\u00ed reflexionar sobre la experiencia argentina y la dimensi\u00f3n hist\u00f3rica colectiva. Desde m\u00faltiples recortes y diversidad de pr\u00e1cticas, mensajes, lugares, acontecimientos culturales y sistemas de poder, el libro se propone leer los nudos simb\u00f3licos del proceso hist\u00f3rico de nuestro pa\u00eds en la centuria que estaba entonces concluyendo.<\/p>\t\t\t\t\t\t\t\t<\/div>\n\t\t\t\t<\/div>\n\t\t\t\t<\/div>\n\t\t\t\t\t<\/div>\n\t\t\t\t<\/div>\n\t\t\t\t<\/div>","protected":false},"excerpt":{"rendered":"<p>LA ARGENTINA EN EL SIGLO XX Autores de los cap\u00edtulos:\u00a0Fernando Aliata \/ Carlos Altamirano \/ Eduardo Archetti \/ Anahi Ballent \/ Dora Barrancos \/ Horacio Crespo \/ Isidoro Cheresky \/ Emilio De Ipola \/ Jorge Dotti \/ Mar\u00eda Teresa Gramuglio \/ Adri\u00e1n Gorelik \/ Tulio Halperin Donghi \/ Jorge Francisco Liernur \/ Silvia Molloy \/ [&hellip;]<\/p>\n","protected":false},"author":1,"featured_media":4689,"comment_status":"closed","ping_status":"closed","sticky":false,"template":"","format":"standard","meta":{"footnotes":""},"categories":[212],"tags":[],"class_list":["post-8409","post","type-post","status-publish","format-standard","has-post-thumbnail","hentry","category-publicaciones-colectivas"],"yoast_head":"<!-- This site is optimized with the Yoast SEO plugin v27.3 - https:\/\/yoast.com\/product\/yoast-seo-wordpress\/ -->\n<title>La Argentina en el siglo XX &#187; Historia Intelectual<\/title>\n<meta name=\"robots\" content=\"index, follow, max-snippet:-1, max-image-preview:large, max-video-preview:-1\" \/>\n<link rel=\"canonical\" href=\"https:\/\/historiaintelectual.com.ar\/eng\/la-argentina-en-el-siglo-xx\/\" \/>\n<meta property=\"og:locale\" content=\"en_US\" \/>\n<meta property=\"og:type\" content=\"article\" \/>\n<meta property=\"og:title\" content=\"La Argentina en el siglo XX &#187; Historia Intelectual\" \/>\n<meta property=\"og:description\" content=\"LA ARGENTINA EN EL SIGLO XX Autores de los cap\u00edtulos:\u00a0Fernando Aliata \/ Carlos Altamirano \/ Eduardo Archetti \/ Anahi Ballent \/ Dora Barrancos \/ Horacio Crespo \/ Isidoro Cheresky \/ Emilio De Ipola \/ Jorge Dotti \/ Mar\u00eda Teresa Gramuglio \/ Adri\u00e1n Gorelik \/ Tulio Halperin Donghi \/ Jorge Francisco Liernur \/ Silvia Molloy \/ [&hellip;]\" \/>\n<meta property=\"og:url\" content=\"https:\/\/historiaintelectual.com.ar\/eng\/la-argentina-en-el-siglo-xx\/\" \/>\n<meta property=\"og:site_name\" content=\"Historia Intelectual\" \/>\n<meta property=\"article:publisher\" content=\"https:\/\/www.facebook.com\/Centrodehistoriaintelectual\/\" \/>\n<meta property=\"article:published_time\" content=\"2025-04-29T13:55:32+00:00\" \/>\n<meta property=\"article:modified_time\" content=\"2025-07-29T13:51:30+00:00\" \/>\n<meta property=\"og:image\" content=\"https:\/\/historiaintelectual.com.ar\/wp-content\/uploads\/2015\/07\/tapa-La-Argentina-en-el-siglo-XX-0011.jpg\" \/>\n\t<meta property=\"og:image:width\" content=\"845\" \/>\n\t<meta property=\"og:image:height\" content=\"1333\" \/>\n\t<meta property=\"og:image:type\" content=\"image\/jpeg\" \/>\n<meta name=\"author\" content=\"admin\" \/>\n<script type=\"application\/ld+json\" class=\"yoast-schema-graph\">{\"@context\":\"https:\\\/\\\/schema.org\",\"@graph\":[{\"@type\":\"Article\",\"@id\":\"https:\\\/\\\/historiaintelectual.com.ar\\\/la-argentina-en-el-siglo-xx\\\/#article\",\"isPartOf\":{\"@id\":\"https:\\\/\\\/historiaintelectual.com.ar\\\/la-argentina-en-el-siglo-xx\\\/\"},\"author\":{\"name\":\"admin\",\"@id\":\"https:\\\/\\\/historiaintelectual.com.ar\\\/#\\\/schema\\\/person\\\/885c05ccc3314e2dec0bd9b0825c5912\"},\"headline\":\"La Argentina en el siglo XX\",\"datePublished\":\"2025-04-29T13:55:32+00:00\",\"dateModified\":\"2025-07-29T13:51:30+00:00\",\"mainEntityOfPage\":{\"@id\":\"https:\\\/\\\/historiaintelectual.com.ar\\\/la-argentina-en-el-siglo-xx\\\/\"},\"wordCount\":207,\"publisher\":{\"@id\":\"https:\\\/\\\/historiaintelectual.com.ar\\\/#organization\"},\"image\":{\"@id\":\"https:\\\/\\\/historiaintelectual.com.ar\\\/la-argentina-en-el-siglo-xx\\\/#primaryimage\"},\"thumbnailUrl\":\"https:\\\/\\\/historiaintelectual.com.ar\\\/wp-content\\\/uploads\\\/2015\\\/07\\\/tapa-La-Argentina-en-el-siglo-XX-0011.jpg\",\"articleSection\":[\"Publicaciones colectivas\"],\"inLanguage\":\"en-US\"},{\"@type\":\"WebPage\",\"@id\":\"https:\\\/\\\/historiaintelectual.com.ar\\\/la-argentina-en-el-siglo-xx\\\/\",\"url\":\"https:\\\/\\\/historiaintelectual.com.ar\\\/la-argentina-en-el-siglo-xx\\\/\",\"name\":\"La Argentina en el siglo XX &#187; Historia Intelectual\",\"isPartOf\":{\"@id\":\"https:\\\/\\\/historiaintelectual.com.ar\\\/#website\"},\"primaryImageOfPage\":{\"@id\":\"https:\\\/\\\/historiaintelectual.com.ar\\\/la-argentina-en-el-siglo-xx\\\/#primaryimage\"},\"image\":{\"@id\":\"https:\\\/\\\/historiaintelectual.com.ar\\\/la-argentina-en-el-siglo-xx\\\/#primaryimage\"},\"thumbnailUrl\":\"https:\\\/\\\/historiaintelectual.com.ar\\\/wp-content\\\/uploads\\\/2015\\\/07\\\/tapa-La-Argentina-en-el-siglo-XX-0011.jpg\",\"datePublished\":\"2025-04-29T13:55:32+00:00\",\"dateModified\":\"2025-07-29T13:51:30+00:00\",\"breadcrumb\":{\"@id\":\"https:\\\/\\\/historiaintelectual.com.ar\\\/la-argentina-en-el-siglo-xx\\\/#breadcrumb\"},\"inLanguage\":\"en-US\",\"potentialAction\":[{\"@type\":\"ReadAction\",\"target\":[\"https:\\\/\\\/historiaintelectual.com.ar\\\/la-argentina-en-el-siglo-xx\\\/\"]}]},{\"@type\":\"ImageObject\",\"inLanguage\":\"en-US\",\"@id\":\"https:\\\/\\\/historiaintelectual.com.ar\\\/la-argentina-en-el-siglo-xx\\\/#primaryimage\",\"url\":\"https:\\\/\\\/historiaintelectual.com.ar\\\/wp-content\\\/uploads\\\/2015\\\/07\\\/tapa-La-Argentina-en-el-siglo-XX-0011.jpg\",\"contentUrl\":\"https:\\\/\\\/historiaintelectual.com.ar\\\/wp-content\\\/uploads\\\/2015\\\/07\\\/tapa-La-Argentina-en-el-siglo-XX-0011.jpg\",\"width\":845,\"height\":1333},{\"@type\":\"BreadcrumbList\",\"@id\":\"https:\\\/\\\/historiaintelectual.com.ar\\\/la-argentina-en-el-siglo-xx\\\/#breadcrumb\",\"itemListElement\":[{\"@type\":\"ListItem\",\"position\":1,\"name\":\"Portada\",\"item\":\"https:\\\/\\\/historiaintelectual.com.ar\\\/\"},{\"@type\":\"ListItem\",\"position\":2,\"name\":\"La Argentina en el siglo XX\"}]},{\"@type\":\"WebSite\",\"@id\":\"https:\\\/\\\/historiaintelectual.com.ar\\\/#website\",\"url\":\"https:\\\/\\\/historiaintelectual.com.ar\\\/\",\"name\":\"Historia Intelectual\",\"description\":\"Centro de Historia Intelectual\",\"publisher\":{\"@id\":\"https:\\\/\\\/historiaintelectual.com.ar\\\/#organization\"},\"alternateName\":\"Centro de historia intelectual\",\"potentialAction\":[{\"@type\":\"SearchAction\",\"target\":{\"@type\":\"EntryPoint\",\"urlTemplate\":\"https:\\\/\\\/historiaintelectual.com.ar\\\/?s={search_term_string}\"},\"query-input\":{\"@type\":\"PropertyValueSpecification\",\"valueRequired\":true,\"valueName\":\"search_term_string\"}}],\"inLanguage\":\"en-US\"},{\"@type\":\"Organization\",\"@id\":\"https:\\\/\\\/historiaintelectual.com.ar\\\/#organization\",\"name\":\"Centro Historia Intelectual\",\"url\":\"https:\\\/\\\/historiaintelectual.com.ar\\\/\",\"logo\":{\"@type\":\"ImageObject\",\"inLanguage\":\"en-US\",\"@id\":\"https:\\\/\\\/historiaintelectual.com.ar\\\/#\\\/schema\\\/logo\\\/image\\\/\",\"url\":\"https:\\\/\\\/historiaintelectual.com.ar\\\/wp-content\\\/uploads\\\/2025\\\/04\\\/logo-25.png\",\"contentUrl\":\"https:\\\/\\\/historiaintelectual.com.ar\\\/wp-content\\\/uploads\\\/2025\\\/04\\\/logo-25.png\",\"width\":456,\"height\":456,\"caption\":\"Centro Historia Intelectual\"},\"image\":{\"@id\":\"https:\\\/\\\/historiaintelectual.com.ar\\\/#\\\/schema\\\/logo\\\/image\\\/\"},\"sameAs\":[\"https:\\\/\\\/www.facebook.com\\\/Centrodehistoriaintelectual\\\/\",\"https:\\\/\\\/www.youtube.com\\\/channel\\\/UCGr8q_2-dchoqKT-jT5Lmfw\",\"https:\\\/\\\/www.instagram.com\\\/chi_unq\\\/\"]},{\"@type\":\"Person\",\"@id\":\"https:\\\/\\\/historiaintelectual.com.ar\\\/#\\\/schema\\\/person\\\/885c05ccc3314e2dec0bd9b0825c5912\",\"name\":\"admin\",\"url\":\"https:\\\/\\\/historiaintelectual.com.ar\\\/eng\\\/author\\\/admin\\\/\"}]}<\/script>\n<!-- \/ Yoast SEO plugin. -->","yoast_head_json":{"title":"La Argentina en el siglo XX &#187; Historia Intelectual","robots":{"index":"index","follow":"follow","max-snippet":"max-snippet:-1","max-image-preview":"max-image-preview:large","max-video-preview":"max-video-preview:-1"},"canonical":"https:\/\/historiaintelectual.com.ar\/eng\/la-argentina-en-el-siglo-xx\/","og_locale":"en_US","og_type":"article","og_title":"La Argentina en el siglo XX &#187; Historia Intelectual","og_description":"LA ARGENTINA EN EL SIGLO XX Autores de los cap\u00edtulos:\u00a0Fernando Aliata \/ Carlos Altamirano \/ Eduardo Archetti \/ Anahi Ballent \/ Dora Barrancos \/ Horacio Crespo \/ Isidoro Cheresky \/ Emilio De Ipola \/ Jorge Dotti \/ Mar\u00eda Teresa Gramuglio \/ Adri\u00e1n Gorelik \/ Tulio Halperin Donghi \/ Jorge Francisco Liernur \/ Silvia Molloy \/ [&hellip;]","og_url":"https:\/\/historiaintelectual.com.ar\/eng\/la-argentina-en-el-siglo-xx\/","og_site_name":"Historia Intelectual","article_publisher":"https:\/\/www.facebook.com\/Centrodehistoriaintelectual\/","article_published_time":"2025-04-29T13:55:32+00:00","article_modified_time":"2025-07-29T13:51:30+00:00","og_image":[{"width":845,"height":1333,"url":"https:\/\/historiaintelectual.com.ar\/wp-content\/uploads\/2015\/07\/tapa-La-Argentina-en-el-siglo-XX-0011.jpg","type":"image\/jpeg"}],"author":"admin","schema":{"@context":"https:\/\/schema.org","@graph":[{"@type":"Article","@id":"https:\/\/historiaintelectual.com.ar\/la-argentina-en-el-siglo-xx\/#article","isPartOf":{"@id":"https:\/\/historiaintelectual.com.ar\/la-argentina-en-el-siglo-xx\/"},"author":{"name":"admin","@id":"https:\/\/historiaintelectual.com.ar\/#\/schema\/person\/885c05ccc3314e2dec0bd9b0825c5912"},"headline":"La Argentina en el siglo XX","datePublished":"2025-04-29T13:55:32+00:00","dateModified":"2025-07-29T13:51:30+00:00","mainEntityOfPage":{"@id":"https:\/\/historiaintelectual.com.ar\/la-argentina-en-el-siglo-xx\/"},"wordCount":207,"publisher":{"@id":"https:\/\/historiaintelectual.com.ar\/#organization"},"image":{"@id":"https:\/\/historiaintelectual.com.ar\/la-argentina-en-el-siglo-xx\/#primaryimage"},"thumbnailUrl":"https:\/\/historiaintelectual.com.ar\/wp-content\/uploads\/2015\/07\/tapa-La-Argentina-en-el-siglo-XX-0011.jpg","articleSection":["Publicaciones colectivas"],"inLanguage":"en-US"},{"@type":"WebPage","@id":"https:\/\/historiaintelectual.com.ar\/la-argentina-en-el-siglo-xx\/","url":"https:\/\/historiaintelectual.com.ar\/la-argentina-en-el-siglo-xx\/","name":"La Argentina en el siglo XX &#187; Historia Intelectual","isPartOf":{"@id":"https:\/\/historiaintelectual.com.ar\/#website"},"primaryImageOfPage":{"@id":"https:\/\/historiaintelectual.com.ar\/la-argentina-en-el-siglo-xx\/#primaryimage"},"image":{"@id":"https:\/\/historiaintelectual.com.ar\/la-argentina-en-el-siglo-xx\/#primaryimage"},"thumbnailUrl":"https:\/\/historiaintelectual.com.ar\/wp-content\/uploads\/2015\/07\/tapa-La-Argentina-en-el-siglo-XX-0011.jpg","datePublished":"2025-04-29T13:55:32+00:00","dateModified":"2025-07-29T13:51:30+00:00","breadcrumb":{"@id":"https:\/\/historiaintelectual.com.ar\/la-argentina-en-el-siglo-xx\/#breadcrumb"},"inLanguage":"en-US","potentialAction":[{"@type":"ReadAction","target":["https:\/\/historiaintelectual.com.ar\/la-argentina-en-el-siglo-xx\/"]}]},{"@type":"ImageObject","inLanguage":"en-US","@id":"https:\/\/historiaintelectual.com.ar\/la-argentina-en-el-siglo-xx\/#primaryimage","url":"https:\/\/historiaintelectual.com.ar\/wp-content\/uploads\/2015\/07\/tapa-La-Argentina-en-el-siglo-XX-0011.jpg","contentUrl":"https:\/\/historiaintelectual.com.ar\/wp-content\/uploads\/2015\/07\/tapa-La-Argentina-en-el-siglo-XX-0011.jpg","width":845,"height":1333},{"@type":"BreadcrumbList","@id":"https:\/\/historiaintelectual.com.ar\/la-argentina-en-el-siglo-xx\/#breadcrumb","itemListElement":[{"@type":"ListItem","position":1,"name":"Portada","item":"https:\/\/historiaintelectual.com.ar\/"},{"@type":"ListItem","position":2,"name":"La Argentina en el siglo XX"}]},{"@type":"WebSite","@id":"https:\/\/historiaintelectual.com.ar\/#website","url":"https:\/\/historiaintelectual.com.ar\/","name":"Historia Intelectual","description":"Center for Intellectual History","publisher":{"@id":"https:\/\/historiaintelectual.com.ar\/#organization"},"alternateName":"Centro de historia intelectual","potentialAction":[{"@type":"SearchAction","target":{"@type":"EntryPoint","urlTemplate":"https:\/\/historiaintelectual.com.ar\/?s={search_term_string}"},"query-input":{"@type":"PropertyValueSpecification","valueRequired":true,"valueName":"search_term_string"}}],"inLanguage":"en-US"},{"@type":"Organization","@id":"https:\/\/historiaintelectual.com.ar\/#organization","name":"Centro Historia Intelectual","url":"https:\/\/historiaintelectual.com.ar\/","logo":{"@type":"ImageObject","inLanguage":"en-US","@id":"https:\/\/historiaintelectual.com.ar\/#\/schema\/logo\/image\/","url":"https:\/\/historiaintelectual.com.ar\/wp-content\/uploads\/2025\/04\/logo-25.png","contentUrl":"https:\/\/historiaintelectual.com.ar\/wp-content\/uploads\/2025\/04\/logo-25.png","width":456,"height":456,"caption":"Centro Historia Intelectual"},"image":{"@id":"https:\/\/historiaintelectual.com.ar\/#\/schema\/logo\/image\/"},"sameAs":["https:\/\/www.facebook.com\/Centrodehistoriaintelectual\/","https:\/\/www.youtube.com\/channel\/UCGr8q_2-dchoqKT-jT5Lmfw","https:\/\/www.instagram.com\/chi_unq\/"]},{"@type":"Person","@id":"https:\/\/historiaintelectual.com.ar\/#\/schema\/person\/885c05ccc3314e2dec0bd9b0825c5912","name":"admin","url":"https:\/\/historiaintelectual.com.ar\/eng\/author\/admin\/"}]}},"_links":{"self":[{"href":"https:\/\/historiaintelectual.com.ar\/eng\/wp-json\/wp\/v2\/posts\/8409","targetHints":{"allow":["GET"]}}],"collection":[{"href":"https:\/\/historiaintelectual.com.ar\/eng\/wp-json\/wp\/v2\/posts"}],"about":[{"href":"https:\/\/historiaintelectual.com.ar\/eng\/wp-json\/wp\/v2\/types\/post"}],"author":[{"embeddable":true,"href":"https:\/\/historiaintelectual.com.ar\/eng\/wp-json\/wp\/v2\/users\/1"}],"replies":[{"embeddable":true,"href":"https:\/\/historiaintelectual.com.ar\/eng\/wp-json\/wp\/v2\/comments?post=8409"}],"version-history":[{"count":13,"href":"https:\/\/historiaintelectual.com.ar\/eng\/wp-json\/wp\/v2\/posts\/8409\/revisions"}],"predecessor-version":[{"id":9388,"href":"https:\/\/historiaintelectual.com.ar\/eng\/wp-json\/wp\/v2\/posts\/8409\/revisions\/9388"}],"wp:featuredmedia":[{"embeddable":true,"href":"https:\/\/historiaintelectual.com.ar\/eng\/wp-json\/wp\/v2\/media\/4689"}],"wp:attachment":[{"href":"https:\/\/historiaintelectual.com.ar\/eng\/wp-json\/wp\/v2\/media?parent=8409"}],"wp:term":[{"taxonomy":"category","embeddable":true,"href":"https:\/\/historiaintelectual.com.ar\/eng\/wp-json\/wp\/v2\/categories?post=8409"},{"taxonomy":"post_tag","embeddable":true,"href":"https:\/\/historiaintelectual.com.ar\/eng\/wp-json\/wp\/v2\/tags?post=8409"}],"curies":[{"name":"wp","href":"https:\/\/api.w.org\/{rel}","templated":true}]}}