{"id":8401,"date":"2025-04-29T10:45:55","date_gmt":"2025-04-29T13:45:55","guid":{"rendered":"https:\/\/historiaintelectual.com.ar\/?p=8401"},"modified":"2025-07-29T10:52:24","modified_gmt":"2025-07-29T13:52:24","slug":"historia-de-los-intelectuales-en-america-latina-i","status":"publish","type":"post","link":"https:\/\/historiaintelectual.com.ar\/eng\/historia-de-los-intelectuales-en-america-latina-i\/","title":{"rendered":"Historia de los intelectuales en Am\u00e9rica Latina I"},"content":{"rendered":"<div data-elementor-type=\"wp-post\" data-elementor-id=\"8401\" class=\"elementor elementor-8401\" data-elementor-post-type=\"post\">\n\t\t\t\t<div class=\"elementor-element elementor-element-1b90f70 e-flex e-con-boxed e-con e-parent\" data-id=\"1b90f70\" data-element_type=\"container\" data-e-type=\"container\">\n\t\t\t\t\t<div class=\"e-con-inner\">\n\t\t<div class=\"elementor-element elementor-element-35dc3fd e-con-full e-flex e-con e-child\" data-id=\"35dc3fd\" data-element_type=\"container\" data-e-type=\"container\">\n\t\t\t\t<div class=\"elementor-element elementor-element-0aedbad elementor-widget__width-initial elementor-widget elementor-widget-theme-post-featured-image elementor-widget-image\" data-id=\"0aedbad\" data-element_type=\"widget\" data-e-type=\"widget\" data-widget_type=\"theme-post-featured-image.default\">\n\t\t\t\t<div class=\"elementor-widget-container\">\n\t\t\t\t\t\t\t\t\t\t\t\t<figure class=\"wp-caption\">\n\t\t\t\t\t\t\t\t\t\t<img fetchpriority=\"high\" decoding=\"async\" width=\"941\" height=\"1411\" src=\"https:\/\/historiaintelectual.com.ar\/wp-content\/uploads\/2015\/07\/Historia-de-los-intelectuales-I1.jpg\" class=\"attachment-full size-full wp-image-4686\" alt=\"\" srcset=\"https:\/\/historiaintelectual.com.ar\/wp-content\/uploads\/2015\/07\/Historia-de-los-intelectuales-I1.jpg 941w, https:\/\/historiaintelectual.com.ar\/wp-content\/uploads\/2015\/07\/Historia-de-los-intelectuales-I1-200x300.jpg 200w, https:\/\/historiaintelectual.com.ar\/wp-content\/uploads\/2015\/07\/Historia-de-los-intelectuales-I1-683x1024.jpg 683w\" sizes=\"(max-width: 941px) 100vw, 941px\" \/>\t\t\t\t\t\t\t\t\t\t\t<figcaption class=\"widget-image-caption wp-caption-text\">Director: Carlos Altamirano Editor: Jorge Myers Autores: Varios Buenos Aires, Katz, 2008<\/figcaption>\n\t\t\t\t\t\t\t\t\t\t<\/figure>\n\t\t\t\t\t\t\t\t\t<\/div>\n\t\t\t\t<\/div>\n\t\t\t\t<\/div>\n\t\t<div class=\"elementor-element elementor-element-b6140b3 e-con-full e-flex e-con e-child\" data-id=\"b6140b3\" data-element_type=\"container\" data-e-type=\"container\">\n\t\t\t\t<div class=\"elementor-element elementor-element-187fe98 elementor-widget elementor-widget-text-editor\" data-id=\"187fe98\" data-element_type=\"widget\" data-e-type=\"widget\" data-widget_type=\"text-editor.default\">\n\t\t\t\t<div class=\"elementor-widget-container\">\n\t\t\t\t\t\t\t\t\t<div class=\"wp-block-columns is-layout-flex wp-container-core-columns-is-layout-28f84493 wp-block-columns-is-layout-flex\"><div class=\"wp-block-column is-layout-flow wp-block-column-is-layout-flow\"><h3>HISTORIA DE LOS INTELECTUALES EN AM\u00c9RICA LATINA I<br \/>La ciudad letrada, de la conquista al modernismo<\/h3><p><strong>Autores de los cap\u00edtulos:\u00a0<\/strong>Dora Barrancos \/ Beatriz Colombi \/ Horacio Crespo \/ Laura de Mello e Souza \/ Fernando J. Devoto \/ Klaus Gallo \/ Alejandra Laera \/ Javier Lasarte Valc\u00e1rcel \/ Annick Lemp\u00e9ri\u00e8re \/ Claudio Lomnitz \/ \u00d3scar Maz\u00edn \/ Lilia Moritz Schwarcz \/ El\u00edas Jos\u00e9 Palti \/ Rogelio P\u00e9rez Perdomo \/ Maria Alice Rezende de Carvalho \/ Rafael Rojas \/ Sonia V. Rose \/ Hilda Sabato \/ Paulette Silva Beauregard \/ Ana Mar\u00eda Stuven \/ Susana Zanetti<\/p><p>Las \u00e9lites culturales desempe\u00f1aron un papel decisivo en el dominio de las ideas, del arte,\u00a0 de la literatura y de la historia pol\u00edtica del subcontinente. Es indudable que para describir adecuadamente el proceso de la independencia, el drama de nuestras guerras civiles o la construcci\u00f3n de los estados nacionales es necesario hacer referencia al punto de vista de los hombres de saber, a los letrados, id\u00f3neos en la cultura escrita y en el arte de discutir y argumentar.\u00a0 Historia de los intelectuales en Am\u00e9rica Latina se propone como una historia general que siga de cerca la posici\u00f3n de los hombres de ideas en el espacio social, de sus asociaciones y sus formas de actividad, de las instituciones y los campos de la vida intelectual, de sus debates y de las relaciones entre \u00abpoder secular\u00bb y \u00abpoder espiritual\u00bb. En este primer volumen, se trata de detenerse en las trayectorias y producciones de los intelectuales latinoamericanos durante los cuatro primeros siglos de historia de Am\u00e9rica Latina.\u00a0Fruto de la colaboraci\u00f3n de estudiosos de m\u00e1s de una generaci\u00f3n y de diferentes disciplinas \u00a0Historia de los intelectuales en Am\u00e9rica Latina\u00a0busca abrir un campo, indicar interrogantes, plantear hip\u00f3tesis que sirvan para orientar investigaciones futuras, tanto como hacer un aporte para la comprensi\u00f3n de nuestro tiempo.<\/p><\/div><\/div>\t\t\t\t\t\t\t\t<\/div>\n\t\t\t\t<\/div>\n\t\t\t\t<\/div>\n\t\t\t\t\t<\/div>\n\t\t\t\t<\/div>\n\t\t\t\t<\/div>","protected":false},"excerpt":{"rendered":"<p>HISTORIA DE LOS INTELECTUALES EN AM\u00c9RICA LATINA ILa ciudad letrada, de la conquista al modernismo Autores de los cap\u00edtulos:\u00a0Dora Barrancos \/ Beatriz Colombi \/ Horacio Crespo \/ Laura de Mello e Souza \/ Fernando J. Devoto \/ Klaus Gallo \/ Alejandra Laera \/ Javier Lasarte Valc\u00e1rcel \/ Annick Lemp\u00e9ri\u00e8re \/ Claudio Lomnitz \/ \u00d3scar Maz\u00edn [&hellip;]<\/p>\n","protected":false},"author":1,"featured_media":4686,"comment_status":"closed","ping_status":"closed","sticky":false,"template":"","format":"standard","meta":{"footnotes":""},"categories":[212],"tags":[],"class_list":["post-8401","post","type-post","status-publish","format-standard","has-post-thumbnail","hentry","category-publicaciones-colectivas"],"yoast_head":"<!-- This site is optimized with the Yoast SEO plugin v27.3 - https:\/\/yoast.com\/product\/yoast-seo-wordpress\/ -->\n<title>Historia de los intelectuales en Am\u00e9rica Latina I &#187; Historia Intelectual<\/title>\n<meta name=\"robots\" content=\"index, follow, max-snippet:-1, max-image-preview:large, max-video-preview:-1\" \/>\n<link rel=\"canonical\" href=\"https:\/\/historiaintelectual.com.ar\/eng\/historia-de-los-intelectuales-en-america-latina-i\/\" \/>\n<meta property=\"og:locale\" content=\"en_US\" \/>\n<meta property=\"og:type\" content=\"article\" \/>\n<meta property=\"og:title\" content=\"Historia de los intelectuales en Am\u00e9rica Latina I &#187; Historia Intelectual\" \/>\n<meta property=\"og:description\" content=\"HISTORIA DE LOS INTELECTUALES EN AM\u00c9RICA LATINA ILa ciudad letrada, de la conquista al modernismo Autores de los cap\u00edtulos:\u00a0Dora Barrancos \/ Beatriz Colombi \/ Horacio Crespo \/ Laura de Mello e Souza \/ Fernando J. Devoto \/ Klaus Gallo \/ Alejandra Laera \/ Javier Lasarte Valc\u00e1rcel \/ Annick Lemp\u00e9ri\u00e8re \/ Claudio Lomnitz \/ \u00d3scar Maz\u00edn [&hellip;]\" \/>\n<meta property=\"og:url\" content=\"https:\/\/historiaintelectual.com.ar\/eng\/historia-de-los-intelectuales-en-america-latina-i\/\" \/>\n<meta property=\"og:site_name\" content=\"Historia Intelectual\" \/>\n<meta property=\"article:publisher\" content=\"https:\/\/www.facebook.com\/Centrodehistoriaintelectual\/\" \/>\n<meta property=\"article:published_time\" content=\"2025-04-29T13:45:55+00:00\" \/>\n<meta property=\"article:modified_time\" content=\"2025-07-29T13:52:24+00:00\" \/>\n<meta property=\"og:image\" content=\"https:\/\/historiaintelectual.com.ar\/wp-content\/uploads\/2015\/07\/Historia-de-los-intelectuales-I1.jpg\" \/>\n\t<meta property=\"og:image:width\" content=\"941\" \/>\n\t<meta property=\"og:image:height\" content=\"1411\" \/>\n\t<meta property=\"og:image:type\" content=\"image\/jpeg\" \/>\n<meta name=\"author\" content=\"admin\" \/>\n<script type=\"application\/ld+json\" class=\"yoast-schema-graph\">{\"@context\":\"https:\\\/\\\/schema.org\",\"@graph\":[{\"@type\":\"Article\",\"@id\":\"https:\\\/\\\/historiaintelectual.com.ar\\\/historia-de-los-intelectuales-en-america-latina-i\\\/#article\",\"isPartOf\":{\"@id\":\"https:\\\/\\\/historiaintelectual.com.ar\\\/historia-de-los-intelectuales-en-america-latina-i\\\/\"},\"author\":{\"name\":\"admin\",\"@id\":\"https:\\\/\\\/historiaintelectual.com.ar\\\/#\\\/schema\\\/person\\\/885c05ccc3314e2dec0bd9b0825c5912\"},\"headline\":\"Historia de los intelectuales en Am\u00e9rica Latina I\",\"datePublished\":\"2025-04-29T13:45:55+00:00\",\"dateModified\":\"2025-07-29T13:52:24+00:00\",\"mainEntityOfPage\":{\"@id\":\"https:\\\/\\\/historiaintelectual.com.ar\\\/historia-de-los-intelectuales-en-america-latina-i\\\/\"},\"wordCount\":317,\"publisher\":{\"@id\":\"https:\\\/\\\/historiaintelectual.com.ar\\\/#organization\"},\"image\":{\"@id\":\"https:\\\/\\\/historiaintelectual.com.ar\\\/historia-de-los-intelectuales-en-america-latina-i\\\/#primaryimage\"},\"thumbnailUrl\":\"https:\\\/\\\/historiaintelectual.com.ar\\\/wp-content\\\/uploads\\\/2015\\\/07\\\/Historia-de-los-intelectuales-I1.jpg\",\"articleSection\":[\"Publicaciones colectivas\"],\"inLanguage\":\"en-US\"},{\"@type\":\"WebPage\",\"@id\":\"https:\\\/\\\/historiaintelectual.com.ar\\\/historia-de-los-intelectuales-en-america-latina-i\\\/\",\"url\":\"https:\\\/\\\/historiaintelectual.com.ar\\\/historia-de-los-intelectuales-en-america-latina-i\\\/\",\"name\":\"Historia de los intelectuales en Am\u00e9rica Latina I &#187; Historia Intelectual\",\"isPartOf\":{\"@id\":\"https:\\\/\\\/historiaintelectual.com.ar\\\/#website\"},\"primaryImageOfPage\":{\"@id\":\"https:\\\/\\\/historiaintelectual.com.ar\\\/historia-de-los-intelectuales-en-america-latina-i\\\/#primaryimage\"},\"image\":{\"@id\":\"https:\\\/\\\/historiaintelectual.com.ar\\\/historia-de-los-intelectuales-en-america-latina-i\\\/#primaryimage\"},\"thumbnailUrl\":\"https:\\\/\\\/historiaintelectual.com.ar\\\/wp-content\\\/uploads\\\/2015\\\/07\\\/Historia-de-los-intelectuales-I1.jpg\",\"datePublished\":\"2025-04-29T13:45:55+00:00\",\"dateModified\":\"2025-07-29T13:52:24+00:00\",\"breadcrumb\":{\"@id\":\"https:\\\/\\\/historiaintelectual.com.ar\\\/historia-de-los-intelectuales-en-america-latina-i\\\/#breadcrumb\"},\"inLanguage\":\"en-US\",\"potentialAction\":[{\"@type\":\"ReadAction\",\"target\":[\"https:\\\/\\\/historiaintelectual.com.ar\\\/historia-de-los-intelectuales-en-america-latina-i\\\/\"]}]},{\"@type\":\"ImageObject\",\"inLanguage\":\"en-US\",\"@id\":\"https:\\\/\\\/historiaintelectual.com.ar\\\/historia-de-los-intelectuales-en-america-latina-i\\\/#primaryimage\",\"url\":\"https:\\\/\\\/historiaintelectual.com.ar\\\/wp-content\\\/uploads\\\/2015\\\/07\\\/Historia-de-los-intelectuales-I1.jpg\",\"contentUrl\":\"https:\\\/\\\/historiaintelectual.com.ar\\\/wp-content\\\/uploads\\\/2015\\\/07\\\/Historia-de-los-intelectuales-I1.jpg\",\"width\":941,\"height\":1411},{\"@type\":\"BreadcrumbList\",\"@id\":\"https:\\\/\\\/historiaintelectual.com.ar\\\/historia-de-los-intelectuales-en-america-latina-i\\\/#breadcrumb\",\"itemListElement\":[{\"@type\":\"ListItem\",\"position\":1,\"name\":\"Portada\",\"item\":\"https:\\\/\\\/historiaintelectual.com.ar\\\/\"},{\"@type\":\"ListItem\",\"position\":2,\"name\":\"Historia de los intelectuales en Am\u00e9rica Latina I\"}]},{\"@type\":\"WebSite\",\"@id\":\"https:\\\/\\\/historiaintelectual.com.ar\\\/#website\",\"url\":\"https:\\\/\\\/historiaintelectual.com.ar\\\/\",\"name\":\"Historia Intelectual\",\"description\":\"Centro de Historia Intelectual\",\"publisher\":{\"@id\":\"https:\\\/\\\/historiaintelectual.com.ar\\\/#organization\"},\"alternateName\":\"Centro de historia intelectual\",\"potentialAction\":[{\"@type\":\"SearchAction\",\"target\":{\"@type\":\"EntryPoint\",\"urlTemplate\":\"https:\\\/\\\/historiaintelectual.com.ar\\\/?s={search_term_string}\"},\"query-input\":{\"@type\":\"PropertyValueSpecification\",\"valueRequired\":true,\"valueName\":\"search_term_string\"}}],\"inLanguage\":\"en-US\"},{\"@type\":\"Organization\",\"@id\":\"https:\\\/\\\/historiaintelectual.com.ar\\\/#organization\",\"name\":\"Centro Historia Intelectual\",\"url\":\"https:\\\/\\\/historiaintelectual.com.ar\\\/\",\"logo\":{\"@type\":\"ImageObject\",\"inLanguage\":\"en-US\",\"@id\":\"https:\\\/\\\/historiaintelectual.com.ar\\\/#\\\/schema\\\/logo\\\/image\\\/\",\"url\":\"https:\\\/\\\/historiaintelectual.com.ar\\\/wp-content\\\/uploads\\\/2025\\\/04\\\/logo-25.png\",\"contentUrl\":\"https:\\\/\\\/historiaintelectual.com.ar\\\/wp-content\\\/uploads\\\/2025\\\/04\\\/logo-25.png\",\"width\":456,\"height\":456,\"caption\":\"Centro Historia Intelectual\"},\"image\":{\"@id\":\"https:\\\/\\\/historiaintelectual.com.ar\\\/#\\\/schema\\\/logo\\\/image\\\/\"},\"sameAs\":[\"https:\\\/\\\/www.facebook.com\\\/Centrodehistoriaintelectual\\\/\",\"https:\\\/\\\/www.youtube.com\\\/channel\\\/UCGr8q_2-dchoqKT-jT5Lmfw\",\"https:\\\/\\\/www.instagram.com\\\/chi_unq\\\/\"]},{\"@type\":\"Person\",\"@id\":\"https:\\\/\\\/historiaintelectual.com.ar\\\/#\\\/schema\\\/person\\\/885c05ccc3314e2dec0bd9b0825c5912\",\"name\":\"admin\",\"url\":\"https:\\\/\\\/historiaintelectual.com.ar\\\/eng\\\/author\\\/admin\\\/\"}]}<\/script>\n<!-- \/ Yoast SEO plugin. -->","yoast_head_json":{"title":"Historia de los intelectuales en Am\u00e9rica Latina I &#187; Historia Intelectual","robots":{"index":"index","follow":"follow","max-snippet":"max-snippet:-1","max-image-preview":"max-image-preview:large","max-video-preview":"max-video-preview:-1"},"canonical":"https:\/\/historiaintelectual.com.ar\/eng\/historia-de-los-intelectuales-en-america-latina-i\/","og_locale":"en_US","og_type":"article","og_title":"Historia de los intelectuales en Am\u00e9rica Latina I &#187; Historia Intelectual","og_description":"HISTORIA DE LOS INTELECTUALES EN AM\u00c9RICA LATINA ILa ciudad letrada, de la conquista al modernismo Autores de los cap\u00edtulos:\u00a0Dora Barrancos \/ Beatriz Colombi \/ Horacio Crespo \/ Laura de Mello e Souza \/ Fernando J. Devoto \/ Klaus Gallo \/ Alejandra Laera \/ Javier Lasarte Valc\u00e1rcel \/ Annick Lemp\u00e9ri\u00e8re \/ Claudio Lomnitz \/ \u00d3scar Maz\u00edn [&hellip;]","og_url":"https:\/\/historiaintelectual.com.ar\/eng\/historia-de-los-intelectuales-en-america-latina-i\/","og_site_name":"Historia Intelectual","article_publisher":"https:\/\/www.facebook.com\/Centrodehistoriaintelectual\/","article_published_time":"2025-04-29T13:45:55+00:00","article_modified_time":"2025-07-29T13:52:24+00:00","og_image":[{"width":941,"height":1411,"url":"https:\/\/historiaintelectual.com.ar\/wp-content\/uploads\/2015\/07\/Historia-de-los-intelectuales-I1.jpg","type":"image\/jpeg"}],"author":"admin","schema":{"@context":"https:\/\/schema.org","@graph":[{"@type":"Article","@id":"https:\/\/historiaintelectual.com.ar\/historia-de-los-intelectuales-en-america-latina-i\/#article","isPartOf":{"@id":"https:\/\/historiaintelectual.com.ar\/historia-de-los-intelectuales-en-america-latina-i\/"},"author":{"name":"admin","@id":"https:\/\/historiaintelectual.com.ar\/#\/schema\/person\/885c05ccc3314e2dec0bd9b0825c5912"},"headline":"Historia de los intelectuales en Am\u00e9rica Latina I","datePublished":"2025-04-29T13:45:55+00:00","dateModified":"2025-07-29T13:52:24+00:00","mainEntityOfPage":{"@id":"https:\/\/historiaintelectual.com.ar\/historia-de-los-intelectuales-en-america-latina-i\/"},"wordCount":317,"publisher":{"@id":"https:\/\/historiaintelectual.com.ar\/#organization"},"image":{"@id":"https:\/\/historiaintelectual.com.ar\/historia-de-los-intelectuales-en-america-latina-i\/#primaryimage"},"thumbnailUrl":"https:\/\/historiaintelectual.com.ar\/wp-content\/uploads\/2015\/07\/Historia-de-los-intelectuales-I1.jpg","articleSection":["Publicaciones colectivas"],"inLanguage":"en-US"},{"@type":"WebPage","@id":"https:\/\/historiaintelectual.com.ar\/historia-de-los-intelectuales-en-america-latina-i\/","url":"https:\/\/historiaintelectual.com.ar\/historia-de-los-intelectuales-en-america-latina-i\/","name":"Historia de los intelectuales en Am\u00e9rica Latina I &#187; Historia Intelectual","isPartOf":{"@id":"https:\/\/historiaintelectual.com.ar\/#website"},"primaryImageOfPage":{"@id":"https:\/\/historiaintelectual.com.ar\/historia-de-los-intelectuales-en-america-latina-i\/#primaryimage"},"image":{"@id":"https:\/\/historiaintelectual.com.ar\/historia-de-los-intelectuales-en-america-latina-i\/#primaryimage"},"thumbnailUrl":"https:\/\/historiaintelectual.com.ar\/wp-content\/uploads\/2015\/07\/Historia-de-los-intelectuales-I1.jpg","datePublished":"2025-04-29T13:45:55+00:00","dateModified":"2025-07-29T13:52:24+00:00","breadcrumb":{"@id":"https:\/\/historiaintelectual.com.ar\/historia-de-los-intelectuales-en-america-latina-i\/#breadcrumb"},"inLanguage":"en-US","potentialAction":[{"@type":"ReadAction","target":["https:\/\/historiaintelectual.com.ar\/historia-de-los-intelectuales-en-america-latina-i\/"]}]},{"@type":"ImageObject","inLanguage":"en-US","@id":"https:\/\/historiaintelectual.com.ar\/historia-de-los-intelectuales-en-america-latina-i\/#primaryimage","url":"https:\/\/historiaintelectual.com.ar\/wp-content\/uploads\/2015\/07\/Historia-de-los-intelectuales-I1.jpg","contentUrl":"https:\/\/historiaintelectual.com.ar\/wp-content\/uploads\/2015\/07\/Historia-de-los-intelectuales-I1.jpg","width":941,"height":1411},{"@type":"BreadcrumbList","@id":"https:\/\/historiaintelectual.com.ar\/historia-de-los-intelectuales-en-america-latina-i\/#breadcrumb","itemListElement":[{"@type":"ListItem","position":1,"name":"Portada","item":"https:\/\/historiaintelectual.com.ar\/"},{"@type":"ListItem","position":2,"name":"Historia de los intelectuales en Am\u00e9rica Latina I"}]},{"@type":"WebSite","@id":"https:\/\/historiaintelectual.com.ar\/#website","url":"https:\/\/historiaintelectual.com.ar\/","name":"Historia Intelectual","description":"Center for Intellectual History","publisher":{"@id":"https:\/\/historiaintelectual.com.ar\/#organization"},"alternateName":"Centro de historia intelectual","potentialAction":[{"@type":"SearchAction","target":{"@type":"EntryPoint","urlTemplate":"https:\/\/historiaintelectual.com.ar\/?s={search_term_string}"},"query-input":{"@type":"PropertyValueSpecification","valueRequired":true,"valueName":"search_term_string"}}],"inLanguage":"en-US"},{"@type":"Organization","@id":"https:\/\/historiaintelectual.com.ar\/#organization","name":"Centro Historia Intelectual","url":"https:\/\/historiaintelectual.com.ar\/","logo":{"@type":"ImageObject","inLanguage":"en-US","@id":"https:\/\/historiaintelectual.com.ar\/#\/schema\/logo\/image\/","url":"https:\/\/historiaintelectual.com.ar\/wp-content\/uploads\/2025\/04\/logo-25.png","contentUrl":"https:\/\/historiaintelectual.com.ar\/wp-content\/uploads\/2025\/04\/logo-25.png","width":456,"height":456,"caption":"Centro Historia Intelectual"},"image":{"@id":"https:\/\/historiaintelectual.com.ar\/#\/schema\/logo\/image\/"},"sameAs":["https:\/\/www.facebook.com\/Centrodehistoriaintelectual\/","https:\/\/www.youtube.com\/channel\/UCGr8q_2-dchoqKT-jT5Lmfw","https:\/\/www.instagram.com\/chi_unq\/"]},{"@type":"Person","@id":"https:\/\/historiaintelectual.com.ar\/#\/schema\/person\/885c05ccc3314e2dec0bd9b0825c5912","name":"admin","url":"https:\/\/historiaintelectual.com.ar\/eng\/author\/admin\/"}]}},"_links":{"self":[{"href":"https:\/\/historiaintelectual.com.ar\/eng\/wp-json\/wp\/v2\/posts\/8401","targetHints":{"allow":["GET"]}}],"collection":[{"href":"https:\/\/historiaintelectual.com.ar\/eng\/wp-json\/wp\/v2\/posts"}],"about":[{"href":"https:\/\/historiaintelectual.com.ar\/eng\/wp-json\/wp\/v2\/types\/post"}],"author":[{"embeddable":true,"href":"https:\/\/historiaintelectual.com.ar\/eng\/wp-json\/wp\/v2\/users\/1"}],"replies":[{"embeddable":true,"href":"https:\/\/historiaintelectual.com.ar\/eng\/wp-json\/wp\/v2\/comments?post=8401"}],"version-history":[{"count":10,"href":"https:\/\/historiaintelectual.com.ar\/eng\/wp-json\/wp\/v2\/posts\/8401\/revisions"}],"predecessor-version":[{"id":9391,"href":"https:\/\/historiaintelectual.com.ar\/eng\/wp-json\/wp\/v2\/posts\/8401\/revisions\/9391"}],"wp:featuredmedia":[{"embeddable":true,"href":"https:\/\/historiaintelectual.com.ar\/eng\/wp-json\/wp\/v2\/media\/4686"}],"wp:attachment":[{"href":"https:\/\/historiaintelectual.com.ar\/eng\/wp-json\/wp\/v2\/media?parent=8401"}],"wp:term":[{"taxonomy":"category","embeddable":true,"href":"https:\/\/historiaintelectual.com.ar\/eng\/wp-json\/wp\/v2\/categories?post=8401"},{"taxonomy":"post_tag","embeddable":true,"href":"https:\/\/historiaintelectual.com.ar\/eng\/wp-json\/wp\/v2\/tags?post=8401"}],"curies":[{"name":"wp","href":"https:\/\/api.w.org\/{rel}","templated":true}]}}