{"id":8395,"date":"2025-04-29T10:47:48","date_gmt":"2025-04-29T13:47:48","guid":{"rendered":"https:\/\/historiaintelectual.com.ar\/?p=8395"},"modified":"2025-07-29T10:52:42","modified_gmt":"2025-07-29T13:52:42","slug":"historia-de-los-intelectuales-en-america-latina-ii","status":"publish","type":"post","link":"https:\/\/historiaintelectual.com.ar\/eng\/historia-de-los-intelectuales-en-america-latina-ii\/","title":{"rendered":"Historia de los intelectuales en Am\u00e9rica Latina II"},"content":{"rendered":"<div data-elementor-type=\"wp-post\" data-elementor-id=\"8395\" class=\"elementor elementor-8395\" data-elementor-post-type=\"post\">\n\t\t\t\t<div class=\"elementor-element elementor-element-1b90f70 e-flex e-con-boxed e-con e-parent\" data-id=\"1b90f70\" data-element_type=\"container\" data-e-type=\"container\">\n\t\t\t\t\t<div class=\"e-con-inner\">\n\t\t<div class=\"elementor-element elementor-element-35dc3fd e-con-full e-flex e-con e-child\" data-id=\"35dc3fd\" data-element_type=\"container\" data-e-type=\"container\">\n\t\t\t\t<div class=\"elementor-element elementor-element-0aedbad elementor-widget__width-initial elementor-widget elementor-widget-theme-post-featured-image elementor-widget-image\" data-id=\"0aedbad\" data-element_type=\"widget\" data-e-type=\"widget\" data-widget_type=\"theme-post-featured-image.default\">\n\t\t\t\t<div class=\"elementor-widget-container\">\n\t\t\t\t\t\t\t\t\t\t\t\t<figure class=\"wp-caption\">\n\t\t\t\t\t\t\t\t\t\t<img fetchpriority=\"high\" decoding=\"async\" width=\"1249\" height=\"1879\" src=\"https:\/\/historiaintelectual.com.ar\/wp-content\/uploads\/2015\/07\/Historia-de-los-intelectuales-II1.jpg\" class=\"attachment-full size-full wp-image-4688\" alt=\"\" srcset=\"https:\/\/historiaintelectual.com.ar\/wp-content\/uploads\/2015\/07\/Historia-de-los-intelectuales-II1.jpg 1249w, https:\/\/historiaintelectual.com.ar\/wp-content\/uploads\/2015\/07\/Historia-de-los-intelectuales-II1-199x300.jpg 199w, https:\/\/historiaintelectual.com.ar\/wp-content\/uploads\/2015\/07\/Historia-de-los-intelectuales-II1-681x1024.jpg 681w\" sizes=\"(max-width: 1249px) 100vw, 1249px\" \/>\t\t\t\t\t\t\t\t\t\t\t<figcaption class=\"widget-image-caption wp-caption-text\">Director: Carlos Altamirano Editor: Carlos Altamirano Autores: Varios Buenos Aires, Katz, 2010<\/figcaption>\n\t\t\t\t\t\t\t\t\t\t<\/figure>\n\t\t\t\t\t\t\t\t\t<\/div>\n\t\t\t\t<\/div>\n\t\t\t\t<\/div>\n\t\t<div class=\"elementor-element elementor-element-b6140b3 e-con-full e-flex e-con e-child\" data-id=\"b6140b3\" data-element_type=\"container\" data-e-type=\"container\">\n\t\t\t\t<div class=\"elementor-element elementor-element-187fe98 elementor-widget elementor-widget-text-editor\" data-id=\"187fe98\" data-element_type=\"widget\" data-e-type=\"widget\" data-widget_type=\"text-editor.default\">\n\t\t\t\t<div class=\"elementor-widget-container\">\n\t\t\t\t\t\t\t\t\t<h3>HISTORIA DE LOS INTELECTUALES EN AM\u00c9RICA LATINA II<br \/>Los avatares de la \u00abciudad letrada\u00bb en el siglo XX<\/h3><p><strong>Autores de los cap\u00edtulos:\u00a0<\/strong>Jeremy Adelman \/ Gonzalo Aguilar \/ Carlos Altamirano \/ Fernanda Ar\u00eaas Peixoto \/ Alicia Azuela de la Cueva \/ Mart\u00edn Bergel \/ Alejandro Blanco \/ Nora Catelli \/ Fernando J. Devoto \/ Jos\u00e9 Luis de Diego \/ Arcadio Diaz Qui\u00f1ones \/ Ximena Espeche \/ Fabio Esp\u00f3sito \/ Emilio Kour\u00ed \/ Javier Garciadiego \/ Osmar Gonz\u00e1lez \/ Mar\u00eda Teresa Gramuglio \/ Claudia Gilman \/ Ricardo Mart\u00ednez Mazzola \/ Ricardo Melgar Bao \/ Sergio Miceli \/ Luis Millones \/ Jorge Myers \/ Guillermo Palacios \/ Fernando Antonio Pinheiro Filho \/ Heloisa Pontes \/ Ricardo Pozas Horcasitas \/ Marcelo Ridenti \/ Rafael Rojas \/ Gustavo Sor\u00e1 \/ Bernardo Subercaseaux \/ Oscar Ter\u00e1n \/ Mirta Varela \/ Liliana Waimberg<\/p><p>Las \u00e9lites culturales desempe\u00f1aron un papel decisivo en el dominio de las ideas, del arte,\u00a0 de la literatura y de la historia pol\u00edtica del subcontinente. Es indudable que para describir adecuadamente el proceso de la independencia, el drama de nuestras guerras civiles o la construcci\u00f3n de los estados nacionales es necesario hacer referencia al punto de vista de los hombres de saber, los letrados, id\u00f3neos en la cultura escrita y en el arte de discutir y argumentar.\u00a0 Historia de los intelectuales en Am\u00e9rica Latina se propone como una historia general que siga de cerca la posici\u00f3n de los hombres de ideas en el espacio social, de sus asociaciones y sus formas de actividad, de las instituciones y los campos de la vida intelectual, de sus debates y de las relaciones entre \u00abpoder secular\u00bb y \u00abpoder espiritual\u00bb. En este segundo volumen, con estudios que abarcan desde comienzos del siglo XX a la d\u00e9cada de 1980, los trabajos han sido organizados de acuerdo a ejes tem\u00e1ticos (la revoluci\u00f3n o las revistas culturales, por ejemplo).\u00a0 Fruto de la colaboraci\u00f3n de estudiosos de m\u00e1s de una generaci\u00f3n y de diferentes disciplinas \u00a0Historia de los intelectuales en Am\u00e9rica Latina\u00a0busca abrir un campo, indicar interrogantes, plantear hip\u00f3tesis que sirvan para orientar investigaciones futuras, tanto como hacer un aporte para la comprensi\u00f3n de nuestro tiempo.<\/p>\t\t\t\t\t\t\t\t<\/div>\n\t\t\t\t<\/div>\n\t\t\t\t<\/div>\n\t\t\t\t\t<\/div>\n\t\t\t\t<\/div>\n\t\t\t\t<\/div>","protected":false},"excerpt":{"rendered":"<p>HISTORIA DE LOS INTELECTUALES EN AM\u00c9RICA LATINA IILos avatares de la \u00abciudad letrada\u00bb en el siglo XX Autores de los cap\u00edtulos:\u00a0Jeremy Adelman \/ Gonzalo Aguilar \/ Carlos Altamirano \/ Fernanda Ar\u00eaas Peixoto \/ Alicia Azuela de la Cueva \/ Mart\u00edn Bergel \/ Alejandro Blanco \/ Nora Catelli \/ Fernando J. Devoto \/ Jos\u00e9 Luis de [&hellip;]<\/p>\n","protected":false},"author":1,"featured_media":4688,"comment_status":"closed","ping_status":"closed","sticky":false,"template":"","format":"standard","meta":{"footnotes":""},"categories":[212],"tags":[],"class_list":["post-8395","post","type-post","status-publish","format-standard","has-post-thumbnail","hentry","category-publicaciones-colectivas"],"yoast_head":"<!-- This site is optimized with the Yoast SEO plugin v27.3 - https:\/\/yoast.com\/product\/yoast-seo-wordpress\/ -->\n<title>Historia de los intelectuales en Am\u00e9rica Latina II &#187; Historia Intelectual<\/title>\n<meta name=\"robots\" content=\"index, follow, max-snippet:-1, max-image-preview:large, max-video-preview:-1\" \/>\n<link rel=\"canonical\" href=\"https:\/\/historiaintelectual.com.ar\/eng\/historia-de-los-intelectuales-en-america-latina-ii\/\" \/>\n<meta property=\"og:locale\" content=\"en_US\" \/>\n<meta property=\"og:type\" content=\"article\" \/>\n<meta property=\"og:title\" content=\"Historia de los intelectuales en Am\u00e9rica Latina II &#187; Historia Intelectual\" \/>\n<meta property=\"og:description\" content=\"HISTORIA DE LOS INTELECTUALES EN AM\u00c9RICA LATINA IILos avatares de la \u00abciudad letrada\u00bb en el siglo XX Autores de los cap\u00edtulos:\u00a0Jeremy Adelman \/ Gonzalo Aguilar \/ Carlos Altamirano \/ Fernanda Ar\u00eaas Peixoto \/ Alicia Azuela de la Cueva \/ Mart\u00edn Bergel \/ Alejandro Blanco \/ Nora Catelli \/ Fernando J. Devoto \/ Jos\u00e9 Luis de [&hellip;]\" \/>\n<meta property=\"og:url\" content=\"https:\/\/historiaintelectual.com.ar\/eng\/historia-de-los-intelectuales-en-america-latina-ii\/\" \/>\n<meta property=\"og:site_name\" content=\"Historia Intelectual\" \/>\n<meta property=\"article:publisher\" content=\"https:\/\/www.facebook.com\/Centrodehistoriaintelectual\/\" \/>\n<meta property=\"article:published_time\" content=\"2025-04-29T13:47:48+00:00\" \/>\n<meta property=\"article:modified_time\" content=\"2025-07-29T13:52:42+00:00\" \/>\n<meta property=\"og:image\" content=\"https:\/\/historiaintelectual.com.ar\/wp-content\/uploads\/2015\/07\/Historia-de-los-intelectuales-II1.jpg\" \/>\n\t<meta property=\"og:image:width\" content=\"1249\" \/>\n\t<meta property=\"og:image:height\" content=\"1879\" \/>\n\t<meta property=\"og:image:type\" content=\"image\/jpeg\" \/>\n<meta name=\"author\" content=\"admin\" \/>\n<script type=\"application\/ld+json\" class=\"yoast-schema-graph\">{\"@context\":\"https:\\\/\\\/schema.org\",\"@graph\":[{\"@type\":\"Article\",\"@id\":\"https:\\\/\\\/historiaintelectual.com.ar\\\/historia-de-los-intelectuales-en-america-latina-ii\\\/#article\",\"isPartOf\":{\"@id\":\"https:\\\/\\\/historiaintelectual.com.ar\\\/historia-de-los-intelectuales-en-america-latina-ii\\\/\"},\"author\":{\"name\":\"admin\",\"@id\":\"https:\\\/\\\/historiaintelectual.com.ar\\\/#\\\/schema\\\/person\\\/885c05ccc3314e2dec0bd9b0825c5912\"},\"headline\":\"Historia de los intelectuales en Am\u00e9rica Latina II\",\"datePublished\":\"2025-04-29T13:47:48+00:00\",\"dateModified\":\"2025-07-29T13:52:42+00:00\",\"mainEntityOfPage\":{\"@id\":\"https:\\\/\\\/historiaintelectual.com.ar\\\/historia-de-los-intelectuales-en-america-latina-ii\\\/\"},\"wordCount\":355,\"publisher\":{\"@id\":\"https:\\\/\\\/historiaintelectual.com.ar\\\/#organization\"},\"image\":{\"@id\":\"https:\\\/\\\/historiaintelectual.com.ar\\\/historia-de-los-intelectuales-en-america-latina-ii\\\/#primaryimage\"},\"thumbnailUrl\":\"https:\\\/\\\/historiaintelectual.com.ar\\\/wp-content\\\/uploads\\\/2015\\\/07\\\/Historia-de-los-intelectuales-II1.jpg\",\"articleSection\":[\"Publicaciones colectivas\"],\"inLanguage\":\"en-US\"},{\"@type\":\"WebPage\",\"@id\":\"https:\\\/\\\/historiaintelectual.com.ar\\\/historia-de-los-intelectuales-en-america-latina-ii\\\/\",\"url\":\"https:\\\/\\\/historiaintelectual.com.ar\\\/historia-de-los-intelectuales-en-america-latina-ii\\\/\",\"name\":\"Historia de los intelectuales en Am\u00e9rica Latina II &#187; Historia Intelectual\",\"isPartOf\":{\"@id\":\"https:\\\/\\\/historiaintelectual.com.ar\\\/#website\"},\"primaryImageOfPage\":{\"@id\":\"https:\\\/\\\/historiaintelectual.com.ar\\\/historia-de-los-intelectuales-en-america-latina-ii\\\/#primaryimage\"},\"image\":{\"@id\":\"https:\\\/\\\/historiaintelectual.com.ar\\\/historia-de-los-intelectuales-en-america-latina-ii\\\/#primaryimage\"},\"thumbnailUrl\":\"https:\\\/\\\/historiaintelectual.com.ar\\\/wp-content\\\/uploads\\\/2015\\\/07\\\/Historia-de-los-intelectuales-II1.jpg\",\"datePublished\":\"2025-04-29T13:47:48+00:00\",\"dateModified\":\"2025-07-29T13:52:42+00:00\",\"breadcrumb\":{\"@id\":\"https:\\\/\\\/historiaintelectual.com.ar\\\/historia-de-los-intelectuales-en-america-latina-ii\\\/#breadcrumb\"},\"inLanguage\":\"en-US\",\"potentialAction\":[{\"@type\":\"ReadAction\",\"target\":[\"https:\\\/\\\/historiaintelectual.com.ar\\\/historia-de-los-intelectuales-en-america-latina-ii\\\/\"]}]},{\"@type\":\"ImageObject\",\"inLanguage\":\"en-US\",\"@id\":\"https:\\\/\\\/historiaintelectual.com.ar\\\/historia-de-los-intelectuales-en-america-latina-ii\\\/#primaryimage\",\"url\":\"https:\\\/\\\/historiaintelectual.com.ar\\\/wp-content\\\/uploads\\\/2015\\\/07\\\/Historia-de-los-intelectuales-II1.jpg\",\"contentUrl\":\"https:\\\/\\\/historiaintelectual.com.ar\\\/wp-content\\\/uploads\\\/2015\\\/07\\\/Historia-de-los-intelectuales-II1.jpg\",\"width\":1249,\"height\":1879},{\"@type\":\"BreadcrumbList\",\"@id\":\"https:\\\/\\\/historiaintelectual.com.ar\\\/historia-de-los-intelectuales-en-america-latina-ii\\\/#breadcrumb\",\"itemListElement\":[{\"@type\":\"ListItem\",\"position\":1,\"name\":\"Portada\",\"item\":\"https:\\\/\\\/historiaintelectual.com.ar\\\/\"},{\"@type\":\"ListItem\",\"position\":2,\"name\":\"Historia de los intelectuales en Am\u00e9rica Latina II\"}]},{\"@type\":\"WebSite\",\"@id\":\"https:\\\/\\\/historiaintelectual.com.ar\\\/#website\",\"url\":\"https:\\\/\\\/historiaintelectual.com.ar\\\/\",\"name\":\"Historia Intelectual\",\"description\":\"Centro de Historia Intelectual\",\"publisher\":{\"@id\":\"https:\\\/\\\/historiaintelectual.com.ar\\\/#organization\"},\"alternateName\":\"Centro de historia intelectual\",\"potentialAction\":[{\"@type\":\"SearchAction\",\"target\":{\"@type\":\"EntryPoint\",\"urlTemplate\":\"https:\\\/\\\/historiaintelectual.com.ar\\\/?s={search_term_string}\"},\"query-input\":{\"@type\":\"PropertyValueSpecification\",\"valueRequired\":true,\"valueName\":\"search_term_string\"}}],\"inLanguage\":\"en-US\"},{\"@type\":\"Organization\",\"@id\":\"https:\\\/\\\/historiaintelectual.com.ar\\\/#organization\",\"name\":\"Centro Historia Intelectual\",\"url\":\"https:\\\/\\\/historiaintelectual.com.ar\\\/\",\"logo\":{\"@type\":\"ImageObject\",\"inLanguage\":\"en-US\",\"@id\":\"https:\\\/\\\/historiaintelectual.com.ar\\\/#\\\/schema\\\/logo\\\/image\\\/\",\"url\":\"https:\\\/\\\/historiaintelectual.com.ar\\\/wp-content\\\/uploads\\\/2025\\\/04\\\/logo-25.png\",\"contentUrl\":\"https:\\\/\\\/historiaintelectual.com.ar\\\/wp-content\\\/uploads\\\/2025\\\/04\\\/logo-25.png\",\"width\":456,\"height\":456,\"caption\":\"Centro Historia Intelectual\"},\"image\":{\"@id\":\"https:\\\/\\\/historiaintelectual.com.ar\\\/#\\\/schema\\\/logo\\\/image\\\/\"},\"sameAs\":[\"https:\\\/\\\/www.facebook.com\\\/Centrodehistoriaintelectual\\\/\",\"https:\\\/\\\/www.youtube.com\\\/channel\\\/UCGr8q_2-dchoqKT-jT5Lmfw\",\"https:\\\/\\\/www.instagram.com\\\/chi_unq\\\/\"]},{\"@type\":\"Person\",\"@id\":\"https:\\\/\\\/historiaintelectual.com.ar\\\/#\\\/schema\\\/person\\\/885c05ccc3314e2dec0bd9b0825c5912\",\"name\":\"admin\",\"url\":\"https:\\\/\\\/historiaintelectual.com.ar\\\/eng\\\/author\\\/admin\\\/\"}]}<\/script>\n<!-- \/ Yoast SEO plugin. -->","yoast_head_json":{"title":"Historia de los intelectuales en Am\u00e9rica Latina II &#187; Historia Intelectual","robots":{"index":"index","follow":"follow","max-snippet":"max-snippet:-1","max-image-preview":"max-image-preview:large","max-video-preview":"max-video-preview:-1"},"canonical":"https:\/\/historiaintelectual.com.ar\/eng\/historia-de-los-intelectuales-en-america-latina-ii\/","og_locale":"en_US","og_type":"article","og_title":"Historia de los intelectuales en Am\u00e9rica Latina II &#187; Historia Intelectual","og_description":"HISTORIA DE LOS INTELECTUALES EN AM\u00c9RICA LATINA IILos avatares de la \u00abciudad letrada\u00bb en el siglo XX Autores de los cap\u00edtulos:\u00a0Jeremy Adelman \/ Gonzalo Aguilar \/ Carlos Altamirano \/ Fernanda Ar\u00eaas Peixoto \/ Alicia Azuela de la Cueva \/ Mart\u00edn Bergel \/ Alejandro Blanco \/ Nora Catelli \/ Fernando J. Devoto \/ Jos\u00e9 Luis de [&hellip;]","og_url":"https:\/\/historiaintelectual.com.ar\/eng\/historia-de-los-intelectuales-en-america-latina-ii\/","og_site_name":"Historia Intelectual","article_publisher":"https:\/\/www.facebook.com\/Centrodehistoriaintelectual\/","article_published_time":"2025-04-29T13:47:48+00:00","article_modified_time":"2025-07-29T13:52:42+00:00","og_image":[{"width":1249,"height":1879,"url":"https:\/\/historiaintelectual.com.ar\/wp-content\/uploads\/2015\/07\/Historia-de-los-intelectuales-II1.jpg","type":"image\/jpeg"}],"author":"admin","schema":{"@context":"https:\/\/schema.org","@graph":[{"@type":"Article","@id":"https:\/\/historiaintelectual.com.ar\/historia-de-los-intelectuales-en-america-latina-ii\/#article","isPartOf":{"@id":"https:\/\/historiaintelectual.com.ar\/historia-de-los-intelectuales-en-america-latina-ii\/"},"author":{"name":"admin","@id":"https:\/\/historiaintelectual.com.ar\/#\/schema\/person\/885c05ccc3314e2dec0bd9b0825c5912"},"headline":"Historia de los intelectuales en Am\u00e9rica Latina II","datePublished":"2025-04-29T13:47:48+00:00","dateModified":"2025-07-29T13:52:42+00:00","mainEntityOfPage":{"@id":"https:\/\/historiaintelectual.com.ar\/historia-de-los-intelectuales-en-america-latina-ii\/"},"wordCount":355,"publisher":{"@id":"https:\/\/historiaintelectual.com.ar\/#organization"},"image":{"@id":"https:\/\/historiaintelectual.com.ar\/historia-de-los-intelectuales-en-america-latina-ii\/#primaryimage"},"thumbnailUrl":"https:\/\/historiaintelectual.com.ar\/wp-content\/uploads\/2015\/07\/Historia-de-los-intelectuales-II1.jpg","articleSection":["Publicaciones colectivas"],"inLanguage":"en-US"},{"@type":"WebPage","@id":"https:\/\/historiaintelectual.com.ar\/historia-de-los-intelectuales-en-america-latina-ii\/","url":"https:\/\/historiaintelectual.com.ar\/historia-de-los-intelectuales-en-america-latina-ii\/","name":"Historia de los intelectuales en Am\u00e9rica Latina II &#187; Historia Intelectual","isPartOf":{"@id":"https:\/\/historiaintelectual.com.ar\/#website"},"primaryImageOfPage":{"@id":"https:\/\/historiaintelectual.com.ar\/historia-de-los-intelectuales-en-america-latina-ii\/#primaryimage"},"image":{"@id":"https:\/\/historiaintelectual.com.ar\/historia-de-los-intelectuales-en-america-latina-ii\/#primaryimage"},"thumbnailUrl":"https:\/\/historiaintelectual.com.ar\/wp-content\/uploads\/2015\/07\/Historia-de-los-intelectuales-II1.jpg","datePublished":"2025-04-29T13:47:48+00:00","dateModified":"2025-07-29T13:52:42+00:00","breadcrumb":{"@id":"https:\/\/historiaintelectual.com.ar\/historia-de-los-intelectuales-en-america-latina-ii\/#breadcrumb"},"inLanguage":"en-US","potentialAction":[{"@type":"ReadAction","target":["https:\/\/historiaintelectual.com.ar\/historia-de-los-intelectuales-en-america-latina-ii\/"]}]},{"@type":"ImageObject","inLanguage":"en-US","@id":"https:\/\/historiaintelectual.com.ar\/historia-de-los-intelectuales-en-america-latina-ii\/#primaryimage","url":"https:\/\/historiaintelectual.com.ar\/wp-content\/uploads\/2015\/07\/Historia-de-los-intelectuales-II1.jpg","contentUrl":"https:\/\/historiaintelectual.com.ar\/wp-content\/uploads\/2015\/07\/Historia-de-los-intelectuales-II1.jpg","width":1249,"height":1879},{"@type":"BreadcrumbList","@id":"https:\/\/historiaintelectual.com.ar\/historia-de-los-intelectuales-en-america-latina-ii\/#breadcrumb","itemListElement":[{"@type":"ListItem","position":1,"name":"Portada","item":"https:\/\/historiaintelectual.com.ar\/"},{"@type":"ListItem","position":2,"name":"Historia de los intelectuales en Am\u00e9rica Latina II"}]},{"@type":"WebSite","@id":"https:\/\/historiaintelectual.com.ar\/#website","url":"https:\/\/historiaintelectual.com.ar\/","name":"Historia Intelectual","description":"Center for Intellectual History","publisher":{"@id":"https:\/\/historiaintelectual.com.ar\/#organization"},"alternateName":"Centro de historia intelectual","potentialAction":[{"@type":"SearchAction","target":{"@type":"EntryPoint","urlTemplate":"https:\/\/historiaintelectual.com.ar\/?s={search_term_string}"},"query-input":{"@type":"PropertyValueSpecification","valueRequired":true,"valueName":"search_term_string"}}],"inLanguage":"en-US"},{"@type":"Organization","@id":"https:\/\/historiaintelectual.com.ar\/#organization","name":"Centro Historia Intelectual","url":"https:\/\/historiaintelectual.com.ar\/","logo":{"@type":"ImageObject","inLanguage":"en-US","@id":"https:\/\/historiaintelectual.com.ar\/#\/schema\/logo\/image\/","url":"https:\/\/historiaintelectual.com.ar\/wp-content\/uploads\/2025\/04\/logo-25.png","contentUrl":"https:\/\/historiaintelectual.com.ar\/wp-content\/uploads\/2025\/04\/logo-25.png","width":456,"height":456,"caption":"Centro Historia Intelectual"},"image":{"@id":"https:\/\/historiaintelectual.com.ar\/#\/schema\/logo\/image\/"},"sameAs":["https:\/\/www.facebook.com\/Centrodehistoriaintelectual\/","https:\/\/www.youtube.com\/channel\/UCGr8q_2-dchoqKT-jT5Lmfw","https:\/\/www.instagram.com\/chi_unq\/"]},{"@type":"Person","@id":"https:\/\/historiaintelectual.com.ar\/#\/schema\/person\/885c05ccc3314e2dec0bd9b0825c5912","name":"admin","url":"https:\/\/historiaintelectual.com.ar\/eng\/author\/admin\/"}]}},"_links":{"self":[{"href":"https:\/\/historiaintelectual.com.ar\/eng\/wp-json\/wp\/v2\/posts\/8395","targetHints":{"allow":["GET"]}}],"collection":[{"href":"https:\/\/historiaintelectual.com.ar\/eng\/wp-json\/wp\/v2\/posts"}],"about":[{"href":"https:\/\/historiaintelectual.com.ar\/eng\/wp-json\/wp\/v2\/types\/post"}],"author":[{"embeddable":true,"href":"https:\/\/historiaintelectual.com.ar\/eng\/wp-json\/wp\/v2\/users\/1"}],"replies":[{"embeddable":true,"href":"https:\/\/historiaintelectual.com.ar\/eng\/wp-json\/wp\/v2\/comments?post=8395"}],"version-history":[{"count":14,"href":"https:\/\/historiaintelectual.com.ar\/eng\/wp-json\/wp\/v2\/posts\/8395\/revisions"}],"predecessor-version":[{"id":9394,"href":"https:\/\/historiaintelectual.com.ar\/eng\/wp-json\/wp\/v2\/posts\/8395\/revisions\/9394"}],"wp:featuredmedia":[{"embeddable":true,"href":"https:\/\/historiaintelectual.com.ar\/eng\/wp-json\/wp\/v2\/media\/4688"}],"wp:attachment":[{"href":"https:\/\/historiaintelectual.com.ar\/eng\/wp-json\/wp\/v2\/media?parent=8395"}],"wp:term":[{"taxonomy":"category","embeddable":true,"href":"https:\/\/historiaintelectual.com.ar\/eng\/wp-json\/wp\/v2\/categories?post=8395"},{"taxonomy":"post_tag","embeddable":true,"href":"https:\/\/historiaintelectual.com.ar\/eng\/wp-json\/wp\/v2\/tags?post=8395"}],"curies":[{"name":"wp","href":"https:\/\/api.w.org\/{rel}","templated":true}]}}