{"id":8387,"date":"2025-04-29T10:44:26","date_gmt":"2025-04-29T13:44:26","guid":{"rendered":"https:\/\/historiaintelectual.com.ar\/?p=8387"},"modified":"2025-06-09T15:48:42","modified_gmt":"2025-06-09T18:48:42","slug":"retratos-latino-americanos","status":"publish","type":"post","link":"https:\/\/historiaintelectual.com.ar\/eng\/retratos-latino-americanos\/","title":{"rendered":"Retratos Latino-Americanos"},"content":{"rendered":"<div data-elementor-type=\"wp-post\" data-elementor-id=\"8387\" class=\"elementor elementor-8387\" data-elementor-post-type=\"post\">\n\t\t\t\t<div class=\"elementor-element elementor-element-1b90f70 e-flex e-con-boxed e-con e-parent\" data-id=\"1b90f70\" data-element_type=\"container\" data-e-type=\"container\">\n\t\t\t\t\t<div class=\"e-con-inner\">\n\t\t<div class=\"elementor-element elementor-element-35dc3fd e-con-full e-flex e-con e-child\" data-id=\"35dc3fd\" data-element_type=\"container\" data-e-type=\"container\">\n\t\t\t\t<div class=\"elementor-element elementor-element-0aedbad elementor-widget__width-initial elementor-widget elementor-widget-theme-post-featured-image elementor-widget-image\" data-id=\"0aedbad\" data-element_type=\"widget\" data-e-type=\"widget\" data-widget_type=\"theme-post-featured-image.default\">\n\t\t\t\t<div class=\"elementor-widget-container\">\n\t\t\t\t\t\t\t\t\t\t\t\t<figure class=\"wp-caption\">\n\t\t\t\t\t\t\t\t\t\t<img fetchpriority=\"high\" decoding=\"async\" width=\"1137\" height=\"1497\" src=\"https:\/\/historiaintelectual.com.ar\/wp-content\/uploads\/2020\/09\/page_1.jpg\" class=\"attachment-full size-full wp-image-6526\" alt=\"\" srcset=\"https:\/\/historiaintelectual.com.ar\/wp-content\/uploads\/2020\/09\/page_1.jpg 1137w, https:\/\/historiaintelectual.com.ar\/wp-content\/uploads\/2020\/09\/page_1-228x300.jpg 228w, https:\/\/historiaintelectual.com.ar\/wp-content\/uploads\/2020\/09\/page_1-778x1024.jpg 778w, https:\/\/historiaintelectual.com.ar\/wp-content\/uploads\/2020\/09\/page_1-768x1011.jpg 768w\" sizes=\"(max-width: 1137px) 100vw, 1137px\" \/>\t\t\t\t\t\t\t\t\t\t\t<figcaption class=\"widget-image-caption wp-caption-text\">Organizadores: Sergio Miceli y Jorge Myers Autores: Varios S\u00e3o Paulo, Edi\u00e7\u00f5es Sesc S\u00e3o Paulo, 2019<\/figcaption>\n\t\t\t\t\t\t\t\t\t\t<\/figure>\n\t\t\t\t\t\t\t\t\t<\/div>\n\t\t\t\t<\/div>\n\t\t\t\t<div class=\"elementor-element elementor-element-55ef8c4 elementor-align-left elementor-widget__width-initial elementor-widget elementor-widget-button\" data-id=\"55ef8c4\" data-element_type=\"widget\" data-e-type=\"widget\" data-widget_type=\"button.default\">\n\t\t\t\t<div class=\"elementor-widget-container\">\n\t\t\t\t\t\t\t\t\t<div class=\"elementor-button-wrapper\">\n\t\t\t\t\t<a class=\"elementor-button elementor-button-link elementor-size-sm\" href=\"https:\/\/www.sescsp.org.br\/loja\/10994_RETRATOS+LATINOAMERICANOSA+RECORDACAO+LETRADA+DE+INTELECTUAIS+E+ARTISTAS+DO+SECULO+XX#\/content=detalhes-do-produto\" target=\"_blank\">\n\t\t\t\t\t\t<span class=\"elementor-button-content-wrapper\">\n\t\t\t\t\t\t\t\t\t<span class=\"elementor-button-text\">Link to the publisher<\/span>\n\t\t\t\t\t<\/span>\n\t\t\t\t\t<\/a>\n\t\t\t\t<\/div>\n\t\t\t\t\t\t\t\t<\/div>\n\t\t\t\t<\/div>\n\t\t\t\t<\/div>\n\t\t<div class=\"elementor-element elementor-element-b6140b3 e-con-full e-flex e-con e-child\" data-id=\"b6140b3\" data-element_type=\"container\" data-e-type=\"container\">\n\t\t\t\t<div class=\"elementor-element elementor-element-187fe98 elementor-widget elementor-widget-text-editor\" data-id=\"187fe98\" data-element_type=\"widget\" data-e-type=\"widget\" data-widget_type=\"text-editor.default\">\n\t\t\t\t<div class=\"elementor-widget-container\">\n\t\t\t\t\t\t\t\t\t<h3>RETRATOS LATINO-AMERICANOS<br \/>A recorda\u00e7\u00e3o letrada de intelectuais e artistas do s\u00e9culo XX<\/h3><p><strong>Autores:<\/strong>\u00a0Carlos Altamirano \/ Mart\u00edn Bergel \/ Alejandro Blanco \/ Adri\u00e1n Gorelik \/ Ricardo Mart\u00ednez Mazzola \/ Jorge Myers \/ Adolfo Casta\u00f1\u00f3n \/ Afr\u00e1nio Garc\u00eda \/ Aimer Granados \/ Alejandra Laera \/ Andr\u00e9 Botelho \/ Angela Alonso \/ Claudia Arroyo \/ Elide Rugai Bastos \/ Fernanda Atre\u00e2s Peixoto \/ Fernando Pinheiro \/ Fernando Degiovanni \/ Francisco Garc\u00eda Cascante \/ Gonzalo Aguilar \/ Gustavo Sor\u00e1 \/ Helo\u00edsa Pontes \/ In\u00e9s de Torres \/ Judith Podlubne \/ Laura de Mello e Souza \/ leopoldo Waizbort \/ Lilia Moritz Scwarcz \/ Luis Jackson \/ Marcelo Ridenti \/ Maria Alice Rezende de Carvalho \/ Maria Arminda do Nascimento Arruda \/ Mauricio Tenorio \/ Nora Catelli \/ Rafael Rojas \/ Regina Crespo \/ Ricardo Arias Trujillo \/ Ricardo Benzaqu\u00e9n de Araujo \/ Sergio Miceli \/ Sergio Ugalde \/ V\u00edctor D\u00edaz Arciniega.<\/p><p>Este livro apresenta uma cartografia da escrita memorial\u00edstica e autobiogr\u00e1fica na Am\u00e9rica Latina, um g\u00eanero que ultrapassa o sentido imediato da hist\u00f3ria do indiv\u00edduos, revelando antes din\u00e2micas sociais e modos de representa\u00e7\u00e3o que em geral ficam de fora dos discursos oficiais. Foram reunidos ensaios de pesquisadores e professores latino-americanos de diversas \u00e1reas das humanidades cujo objeto de estudo s\u00e3o obras memorial\u00edsticas de romancistas, ensa\u00edstas e pensadores sociais sul e centro-americanos, abrangendo desde o Uruguai at\u00e9 Cuba, passando por Argentina, Peru, Brasil, Col\u00f4mbia, Venezuela, M\u00e9xico e Rep\u00fablica Dominicana.<\/p>\t\t\t\t\t\t\t\t<\/div>\n\t\t\t\t<\/div>\n\t\t\t\t<\/div>\n\t\t\t\t\t<\/div>\n\t\t\t\t<\/div>\n\t\t\t\t<\/div>","protected":false},"excerpt":{"rendered":"<p>Link a la editorial RETRATOS LATINO-AMERICANOSA recorda\u00e7\u00e3o letrada de intelectuais e artistas do s\u00e9culo XX Autores:\u00a0Carlos Altamirano \/ Mart\u00edn Bergel \/ Alejandro Blanco \/ Adri\u00e1n Gorelik \/ Ricardo Mart\u00ednez Mazzola \/ Jorge Myers \/ Adolfo Casta\u00f1\u00f3n \/ Afr\u00e1nio Garc\u00eda \/ Aimer Granados \/ Alejandra Laera \/ Andr\u00e9 Botelho \/ Angela Alonso \/ Claudia Arroyo \/ [&hellip;]<\/p>\n","protected":false},"author":1,"featured_media":6526,"comment_status":"closed","ping_status":"closed","sticky":false,"template":"","format":"standard","meta":{"footnotes":""},"categories":[212],"tags":[],"class_list":["post-8387","post","type-post","status-publish","format-standard","has-post-thumbnail","hentry","category-publicaciones-colectivas"],"yoast_head":"<!-- This site is optimized with the Yoast SEO plugin v27.3 - https:\/\/yoast.com\/product\/yoast-seo-wordpress\/ -->\n<title>Retratos Latino-Americanos &#187; Historia Intelectual<\/title>\n<meta name=\"robots\" content=\"index, follow, max-snippet:-1, max-image-preview:large, max-video-preview:-1\" \/>\n<link rel=\"canonical\" href=\"https:\/\/historiaintelectual.com.ar\/eng\/retratos-latino-americanos\/\" \/>\n<meta property=\"og:locale\" content=\"en_US\" \/>\n<meta property=\"og:type\" content=\"article\" \/>\n<meta property=\"og:title\" content=\"Retratos Latino-Americanos &#187; Historia Intelectual\" \/>\n<meta property=\"og:description\" content=\"Link a la editorial RETRATOS LATINO-AMERICANOSA recorda\u00e7\u00e3o letrada de intelectuais e artistas do s\u00e9culo XX Autores:\u00a0Carlos Altamirano \/ Mart\u00edn Bergel \/ Alejandro Blanco \/ Adri\u00e1n Gorelik \/ Ricardo Mart\u00ednez Mazzola \/ Jorge Myers \/ Adolfo Casta\u00f1\u00f3n \/ Afr\u00e1nio Garc\u00eda \/ Aimer Granados \/ Alejandra Laera \/ Andr\u00e9 Botelho \/ Angela Alonso \/ Claudia Arroyo \/ [&hellip;]\" \/>\n<meta property=\"og:url\" content=\"https:\/\/historiaintelectual.com.ar\/eng\/retratos-latino-americanos\/\" \/>\n<meta property=\"og:site_name\" content=\"Historia Intelectual\" \/>\n<meta property=\"article:publisher\" content=\"https:\/\/www.facebook.com\/Centrodehistoriaintelectual\/\" \/>\n<meta property=\"article:published_time\" content=\"2025-04-29T13:44:26+00:00\" \/>\n<meta property=\"article:modified_time\" content=\"2025-06-09T18:48:42+00:00\" \/>\n<meta property=\"og:image\" content=\"https:\/\/historiaintelectual.com.ar\/wp-content\/uploads\/2020\/09\/page_1.jpg\" \/>\n\t<meta property=\"og:image:width\" content=\"1137\" \/>\n\t<meta property=\"og:image:height\" content=\"1497\" \/>\n\t<meta property=\"og:image:type\" content=\"image\/jpeg\" \/>\n<meta name=\"author\" content=\"admin\" \/>\n<script type=\"application\/ld+json\" class=\"yoast-schema-graph\">{\"@context\":\"https:\\\/\\\/schema.org\",\"@graph\":[{\"@type\":\"Article\",\"@id\":\"https:\\\/\\\/historiaintelectual.com.ar\\\/retratos-latino-americanos\\\/#article\",\"isPartOf\":{\"@id\":\"https:\\\/\\\/historiaintelectual.com.ar\\\/retratos-latino-americanos\\\/\"},\"author\":{\"name\":\"admin\",\"@id\":\"https:\\\/\\\/historiaintelectual.com.ar\\\/#\\\/schema\\\/person\\\/885c05ccc3314e2dec0bd9b0825c5912\"},\"headline\":\"Retratos Latino-Americanos\",\"datePublished\":\"2025-04-29T13:44:26+00:00\",\"dateModified\":\"2025-06-09T18:48:42+00:00\",\"mainEntityOfPage\":{\"@id\":\"https:\\\/\\\/historiaintelectual.com.ar\\\/retratos-latino-americanos\\\/\"},\"wordCount\":231,\"publisher\":{\"@id\":\"https:\\\/\\\/historiaintelectual.com.ar\\\/#organization\"},\"image\":{\"@id\":\"https:\\\/\\\/historiaintelectual.com.ar\\\/retratos-latino-americanos\\\/#primaryimage\"},\"thumbnailUrl\":\"https:\\\/\\\/historiaintelectual.com.ar\\\/wp-content\\\/uploads\\\/2020\\\/09\\\/page_1.jpg\",\"articleSection\":[\"Publicaciones colectivas\"],\"inLanguage\":\"en-US\"},{\"@type\":\"WebPage\",\"@id\":\"https:\\\/\\\/historiaintelectual.com.ar\\\/retratos-latino-americanos\\\/\",\"url\":\"https:\\\/\\\/historiaintelectual.com.ar\\\/retratos-latino-americanos\\\/\",\"name\":\"Retratos Latino-Americanos &#187; Historia Intelectual\",\"isPartOf\":{\"@id\":\"https:\\\/\\\/historiaintelectual.com.ar\\\/#website\"},\"primaryImageOfPage\":{\"@id\":\"https:\\\/\\\/historiaintelectual.com.ar\\\/retratos-latino-americanos\\\/#primaryimage\"},\"image\":{\"@id\":\"https:\\\/\\\/historiaintelectual.com.ar\\\/retratos-latino-americanos\\\/#primaryimage\"},\"thumbnailUrl\":\"https:\\\/\\\/historiaintelectual.com.ar\\\/wp-content\\\/uploads\\\/2020\\\/09\\\/page_1.jpg\",\"datePublished\":\"2025-04-29T13:44:26+00:00\",\"dateModified\":\"2025-06-09T18:48:42+00:00\",\"breadcrumb\":{\"@id\":\"https:\\\/\\\/historiaintelectual.com.ar\\\/retratos-latino-americanos\\\/#breadcrumb\"},\"inLanguage\":\"en-US\",\"potentialAction\":[{\"@type\":\"ReadAction\",\"target\":[\"https:\\\/\\\/historiaintelectual.com.ar\\\/retratos-latino-americanos\\\/\"]}]},{\"@type\":\"ImageObject\",\"inLanguage\":\"en-US\",\"@id\":\"https:\\\/\\\/historiaintelectual.com.ar\\\/retratos-latino-americanos\\\/#primaryimage\",\"url\":\"https:\\\/\\\/historiaintelectual.com.ar\\\/wp-content\\\/uploads\\\/2020\\\/09\\\/page_1.jpg\",\"contentUrl\":\"https:\\\/\\\/historiaintelectual.com.ar\\\/wp-content\\\/uploads\\\/2020\\\/09\\\/page_1.jpg\",\"width\":1137,\"height\":1497},{\"@type\":\"BreadcrumbList\",\"@id\":\"https:\\\/\\\/historiaintelectual.com.ar\\\/retratos-latino-americanos\\\/#breadcrumb\",\"itemListElement\":[{\"@type\":\"ListItem\",\"position\":1,\"name\":\"Portada\",\"item\":\"https:\\\/\\\/historiaintelectual.com.ar\\\/\"},{\"@type\":\"ListItem\",\"position\":2,\"name\":\"Retratos Latino-Americanos\"}]},{\"@type\":\"WebSite\",\"@id\":\"https:\\\/\\\/historiaintelectual.com.ar\\\/#website\",\"url\":\"https:\\\/\\\/historiaintelectual.com.ar\\\/\",\"name\":\"Historia Intelectual\",\"description\":\"Centro de Historia Intelectual\",\"publisher\":{\"@id\":\"https:\\\/\\\/historiaintelectual.com.ar\\\/#organization\"},\"alternateName\":\"Centro de historia intelectual\",\"potentialAction\":[{\"@type\":\"SearchAction\",\"target\":{\"@type\":\"EntryPoint\",\"urlTemplate\":\"https:\\\/\\\/historiaintelectual.com.ar\\\/?s={search_term_string}\"},\"query-input\":{\"@type\":\"PropertyValueSpecification\",\"valueRequired\":true,\"valueName\":\"search_term_string\"}}],\"inLanguage\":\"en-US\"},{\"@type\":\"Organization\",\"@id\":\"https:\\\/\\\/historiaintelectual.com.ar\\\/#organization\",\"name\":\"Centro Historia Intelectual\",\"url\":\"https:\\\/\\\/historiaintelectual.com.ar\\\/\",\"logo\":{\"@type\":\"ImageObject\",\"inLanguage\":\"en-US\",\"@id\":\"https:\\\/\\\/historiaintelectual.com.ar\\\/#\\\/schema\\\/logo\\\/image\\\/\",\"url\":\"https:\\\/\\\/historiaintelectual.com.ar\\\/wp-content\\\/uploads\\\/2025\\\/04\\\/logo-25.png\",\"contentUrl\":\"https:\\\/\\\/historiaintelectual.com.ar\\\/wp-content\\\/uploads\\\/2025\\\/04\\\/logo-25.png\",\"width\":456,\"height\":456,\"caption\":\"Centro Historia Intelectual\"},\"image\":{\"@id\":\"https:\\\/\\\/historiaintelectual.com.ar\\\/#\\\/schema\\\/logo\\\/image\\\/\"},\"sameAs\":[\"https:\\\/\\\/www.facebook.com\\\/Centrodehistoriaintelectual\\\/\",\"https:\\\/\\\/www.youtube.com\\\/channel\\\/UCGr8q_2-dchoqKT-jT5Lmfw\",\"https:\\\/\\\/www.instagram.com\\\/chi_unq\\\/\"]},{\"@type\":\"Person\",\"@id\":\"https:\\\/\\\/historiaintelectual.com.ar\\\/#\\\/schema\\\/person\\\/885c05ccc3314e2dec0bd9b0825c5912\",\"name\":\"admin\",\"url\":\"https:\\\/\\\/historiaintelectual.com.ar\\\/eng\\\/author\\\/admin\\\/\"}]}<\/script>\n<!-- \/ Yoast SEO plugin. -->","yoast_head_json":{"title":"Retratos Latino-Americanos &#187; Historia Intelectual","robots":{"index":"index","follow":"follow","max-snippet":"max-snippet:-1","max-image-preview":"max-image-preview:large","max-video-preview":"max-video-preview:-1"},"canonical":"https:\/\/historiaintelectual.com.ar\/eng\/retratos-latino-americanos\/","og_locale":"en_US","og_type":"article","og_title":"Retratos Latino-Americanos &#187; Historia Intelectual","og_description":"Link a la editorial RETRATOS LATINO-AMERICANOSA recorda\u00e7\u00e3o letrada de intelectuais e artistas do s\u00e9culo XX Autores:\u00a0Carlos Altamirano \/ Mart\u00edn Bergel \/ Alejandro Blanco \/ Adri\u00e1n Gorelik \/ Ricardo Mart\u00ednez Mazzola \/ Jorge Myers \/ Adolfo Casta\u00f1\u00f3n \/ Afr\u00e1nio Garc\u00eda \/ Aimer Granados \/ Alejandra Laera \/ Andr\u00e9 Botelho \/ Angela Alonso \/ Claudia Arroyo \/ [&hellip;]","og_url":"https:\/\/historiaintelectual.com.ar\/eng\/retratos-latino-americanos\/","og_site_name":"Historia Intelectual","article_publisher":"https:\/\/www.facebook.com\/Centrodehistoriaintelectual\/","article_published_time":"2025-04-29T13:44:26+00:00","article_modified_time":"2025-06-09T18:48:42+00:00","og_image":[{"width":1137,"height":1497,"url":"https:\/\/historiaintelectual.com.ar\/wp-content\/uploads\/2020\/09\/page_1.jpg","type":"image\/jpeg"}],"author":"admin","schema":{"@context":"https:\/\/schema.org","@graph":[{"@type":"Article","@id":"https:\/\/historiaintelectual.com.ar\/retratos-latino-americanos\/#article","isPartOf":{"@id":"https:\/\/historiaintelectual.com.ar\/retratos-latino-americanos\/"},"author":{"name":"admin","@id":"https:\/\/historiaintelectual.com.ar\/#\/schema\/person\/885c05ccc3314e2dec0bd9b0825c5912"},"headline":"Retratos Latino-Americanos","datePublished":"2025-04-29T13:44:26+00:00","dateModified":"2025-06-09T18:48:42+00:00","mainEntityOfPage":{"@id":"https:\/\/historiaintelectual.com.ar\/retratos-latino-americanos\/"},"wordCount":231,"publisher":{"@id":"https:\/\/historiaintelectual.com.ar\/#organization"},"image":{"@id":"https:\/\/historiaintelectual.com.ar\/retratos-latino-americanos\/#primaryimage"},"thumbnailUrl":"https:\/\/historiaintelectual.com.ar\/wp-content\/uploads\/2020\/09\/page_1.jpg","articleSection":["Publicaciones colectivas"],"inLanguage":"en-US"},{"@type":"WebPage","@id":"https:\/\/historiaintelectual.com.ar\/retratos-latino-americanos\/","url":"https:\/\/historiaintelectual.com.ar\/retratos-latino-americanos\/","name":"Retratos Latino-Americanos &#187; Historia Intelectual","isPartOf":{"@id":"https:\/\/historiaintelectual.com.ar\/#website"},"primaryImageOfPage":{"@id":"https:\/\/historiaintelectual.com.ar\/retratos-latino-americanos\/#primaryimage"},"image":{"@id":"https:\/\/historiaintelectual.com.ar\/retratos-latino-americanos\/#primaryimage"},"thumbnailUrl":"https:\/\/historiaintelectual.com.ar\/wp-content\/uploads\/2020\/09\/page_1.jpg","datePublished":"2025-04-29T13:44:26+00:00","dateModified":"2025-06-09T18:48:42+00:00","breadcrumb":{"@id":"https:\/\/historiaintelectual.com.ar\/retratos-latino-americanos\/#breadcrumb"},"inLanguage":"en-US","potentialAction":[{"@type":"ReadAction","target":["https:\/\/historiaintelectual.com.ar\/retratos-latino-americanos\/"]}]},{"@type":"ImageObject","inLanguage":"en-US","@id":"https:\/\/historiaintelectual.com.ar\/retratos-latino-americanos\/#primaryimage","url":"https:\/\/historiaintelectual.com.ar\/wp-content\/uploads\/2020\/09\/page_1.jpg","contentUrl":"https:\/\/historiaintelectual.com.ar\/wp-content\/uploads\/2020\/09\/page_1.jpg","width":1137,"height":1497},{"@type":"BreadcrumbList","@id":"https:\/\/historiaintelectual.com.ar\/retratos-latino-americanos\/#breadcrumb","itemListElement":[{"@type":"ListItem","position":1,"name":"Portada","item":"https:\/\/historiaintelectual.com.ar\/"},{"@type":"ListItem","position":2,"name":"Retratos Latino-Americanos"}]},{"@type":"WebSite","@id":"https:\/\/historiaintelectual.com.ar\/#website","url":"https:\/\/historiaintelectual.com.ar\/","name":"Historia Intelectual","description":"Center for Intellectual History","publisher":{"@id":"https:\/\/historiaintelectual.com.ar\/#organization"},"alternateName":"Centro de historia intelectual","potentialAction":[{"@type":"SearchAction","target":{"@type":"EntryPoint","urlTemplate":"https:\/\/historiaintelectual.com.ar\/?s={search_term_string}"},"query-input":{"@type":"PropertyValueSpecification","valueRequired":true,"valueName":"search_term_string"}}],"inLanguage":"en-US"},{"@type":"Organization","@id":"https:\/\/historiaintelectual.com.ar\/#organization","name":"Centro Historia Intelectual","url":"https:\/\/historiaintelectual.com.ar\/","logo":{"@type":"ImageObject","inLanguage":"en-US","@id":"https:\/\/historiaintelectual.com.ar\/#\/schema\/logo\/image\/","url":"https:\/\/historiaintelectual.com.ar\/wp-content\/uploads\/2025\/04\/logo-25.png","contentUrl":"https:\/\/historiaintelectual.com.ar\/wp-content\/uploads\/2025\/04\/logo-25.png","width":456,"height":456,"caption":"Centro Historia Intelectual"},"image":{"@id":"https:\/\/historiaintelectual.com.ar\/#\/schema\/logo\/image\/"},"sameAs":["https:\/\/www.facebook.com\/Centrodehistoriaintelectual\/","https:\/\/www.youtube.com\/channel\/UCGr8q_2-dchoqKT-jT5Lmfw","https:\/\/www.instagram.com\/chi_unq\/"]},{"@type":"Person","@id":"https:\/\/historiaintelectual.com.ar\/#\/schema\/person\/885c05ccc3314e2dec0bd9b0825c5912","name":"admin","url":"https:\/\/historiaintelectual.com.ar\/eng\/author\/admin\/"}]}},"_links":{"self":[{"href":"https:\/\/historiaintelectual.com.ar\/eng\/wp-json\/wp\/v2\/posts\/8387","targetHints":{"allow":["GET"]}}],"collection":[{"href":"https:\/\/historiaintelectual.com.ar\/eng\/wp-json\/wp\/v2\/posts"}],"about":[{"href":"https:\/\/historiaintelectual.com.ar\/eng\/wp-json\/wp\/v2\/types\/post"}],"author":[{"embeddable":true,"href":"https:\/\/historiaintelectual.com.ar\/eng\/wp-json\/wp\/v2\/users\/1"}],"replies":[{"embeddable":true,"href":"https:\/\/historiaintelectual.com.ar\/eng\/wp-json\/wp\/v2\/comments?post=8387"}],"version-history":[{"count":7,"href":"https:\/\/historiaintelectual.com.ar\/eng\/wp-json\/wp\/v2\/posts\/8387\/revisions"}],"predecessor-version":[{"id":9093,"href":"https:\/\/historiaintelectual.com.ar\/eng\/wp-json\/wp\/v2\/posts\/8387\/revisions\/9093"}],"wp:featuredmedia":[{"embeddable":true,"href":"https:\/\/historiaintelectual.com.ar\/eng\/wp-json\/wp\/v2\/media\/6526"}],"wp:attachment":[{"href":"https:\/\/historiaintelectual.com.ar\/eng\/wp-json\/wp\/v2\/media?parent=8387"}],"wp:term":[{"taxonomy":"category","embeddable":true,"href":"https:\/\/historiaintelectual.com.ar\/eng\/wp-json\/wp\/v2\/categories?post=8387"},{"taxonomy":"post_tag","embeddable":true,"href":"https:\/\/historiaintelectual.com.ar\/eng\/wp-json\/wp\/v2\/tags?post=8387"}],"curies":[{"name":"wp","href":"https:\/\/api.w.org\/{rel}","templated":true}]}}