{"id":8379,"date":"2025-04-29T10:37:12","date_gmt":"2025-04-29T13:37:12","guid":{"rendered":"https:\/\/historiaintelectual.com.ar\/?p=8379"},"modified":"2025-07-28T09:56:09","modified_gmt":"2025-07-28T12:56:09","slug":"ciudades-sudamericanas","status":"publish","type":"post","link":"https:\/\/historiaintelectual.com.ar\/eng\/ciudades-sudamericanas\/","title":{"rendered":"Ciudades Sudamericanas"},"content":{"rendered":"<div data-elementor-type=\"wp-post\" data-elementor-id=\"8379\" class=\"elementor elementor-8379\" data-elementor-post-type=\"post\">\n\t\t\t\t<div class=\"elementor-element elementor-element-1b90f70 e-flex e-con-boxed e-con e-parent\" data-id=\"1b90f70\" data-element_type=\"container\" data-e-type=\"container\">\n\t\t\t\t\t<div class=\"e-con-inner\">\n\t\t<div class=\"elementor-element elementor-element-35dc3fd e-con-full e-flex e-con e-child\" data-id=\"35dc3fd\" data-element_type=\"container\" data-e-type=\"container\">\n\t\t\t\t<div class=\"elementor-element elementor-element-0aedbad elementor-widget__width-initial elementor-widget elementor-widget-theme-post-featured-image elementor-widget-image\" data-id=\"0aedbad\" data-element_type=\"widget\" data-e-type=\"widget\" data-widget_type=\"theme-post-featured-image.default\">\n\t\t\t\t<div class=\"elementor-widget-container\">\n\t\t\t\t\t\t\t\t\t\t\t\t<figure class=\"wp-caption\">\n\t\t\t\t\t\t\t\t\t\t<img fetchpriority=\"high\" decoding=\"async\" width=\"659\" height=\"1000\" src=\"https:\/\/historiaintelectual.com.ar\/wp-content\/uploads\/2016\/08\/Ciudades-sudamericanas-como-arenas-culturales.jpg\" class=\"attachment-full size-full wp-image-5082\" alt=\"\" srcset=\"https:\/\/historiaintelectual.com.ar\/wp-content\/uploads\/2016\/08\/Ciudades-sudamericanas-como-arenas-culturales.jpg 659w, https:\/\/historiaintelectual.com.ar\/wp-content\/uploads\/2016\/08\/Ciudades-sudamericanas-como-arenas-culturales-198x300.jpg 198w\" sizes=\"(max-width: 659px) 100vw, 659px\" \/>\t\t\t\t\t\t\t\t\t\t\t<figcaption class=\"widget-image-caption wp-caption-text\">Directores: Adri\u00e1n Gorelik y Fernanda Ar\u00eaas Peixoto Autores: Varios Edici\u00f3n argentina: Buenos Aires, Siglo XI Editores Argentina, 2016<\/figcaption>\n\t\t\t\t\t\t\t\t\t\t<\/figure>\n\t\t\t\t\t\t\t\t\t<\/div>\n\t\t\t\t<\/div>\n\t\t\t\t<div class=\"elementor-element elementor-element-55ef8c4 elementor-align-left elementor-widget__width-initial elementor-widget elementor-widget-button\" data-id=\"55ef8c4\" data-element_type=\"widget\" data-e-type=\"widget\" data-widget_type=\"button.default\">\n\t\t\t\t<div class=\"elementor-widget-container\">\n\t\t\t\t\t\t\t\t\t<div class=\"elementor-button-wrapper\">\n\t\t\t\t\t<a class=\"elementor-button elementor-button-link elementor-size-sm\" href=\"https:\/\/sigloxxieditores.com.ar\/libro\/ciudades-sudamericanas-como-arenas-culturales\/?srsltid=AfmBOoo4Fmu7ssPgm-MT-rA-DaxX9kJAakd10cR35WB_GBBJylmFsHq1\" target=\"_blank\">\n\t\t\t\t\t\t<span class=\"elementor-button-content-wrapper\">\n\t\t\t\t\t\t\t\t\t<span class=\"elementor-button-text\">Link to the publisher<\/span>\n\t\t\t\t\t<\/span>\n\t\t\t\t\t<\/a>\n\t\t\t\t<\/div>\n\t\t\t\t\t\t\t\t<\/div>\n\t\t\t\t<\/div>\n\t\t\t\t<div class=\"elementor-element elementor-element-9220bee elementor-widget__width-initial elementor-widget elementor-widget-image\" data-id=\"9220bee\" data-element_type=\"widget\" data-e-type=\"widget\" data-widget_type=\"image.default\">\n\t\t\t\t<div class=\"elementor-widget-container\">\n\t\t\t\t\t\t\t\t\t\t\t\t<figure class=\"wp-caption\">\n\t\t\t\t\t\t\t\t\t\t<img decoding=\"async\" width=\"1107\" height=\"1475\" src=\"https:\/\/historiaintelectual.com.ar\/wp-content\/uploads\/2020\/09\/Cidades-sul-americanas-como-arenas-culturais_tapa-edici\u00f3n-brasile\u00f1a.jpg\" class=\"attachment-full size-full wp-image-6523\" alt=\"\" srcset=\"https:\/\/historiaintelectual.com.ar\/wp-content\/uploads\/2020\/09\/Cidades-sul-americanas-como-arenas-culturais_tapa-edici\u00f3n-brasile\u00f1a.jpg 1107w, https:\/\/historiaintelectual.com.ar\/wp-content\/uploads\/2020\/09\/Cidades-sul-americanas-como-arenas-culturais_tapa-edici\u00f3n-brasile\u00f1a-225x300.jpg 225w, https:\/\/historiaintelectual.com.ar\/wp-content\/uploads\/2020\/09\/Cidades-sul-americanas-como-arenas-culturais_tapa-edici\u00f3n-brasile\u00f1a-769x1024.jpg 769w, https:\/\/historiaintelectual.com.ar\/wp-content\/uploads\/2020\/09\/Cidades-sul-americanas-como-arenas-culturais_tapa-edici\u00f3n-brasile\u00f1a-768x1023.jpg 768w\" sizes=\"(max-width: 1107px) 100vw, 1107px\" \/>\t\t\t\t\t\t\t\t\t\t\t<figcaption class=\"widget-image-caption wp-caption-text\">Edici\u00f3n brasile\u00f1a: San Pablo, SESC Editora, 2019.<\/figcaption>\n\t\t\t\t\t\t\t\t\t\t<\/figure>\n\t\t\t\t\t\t\t\t\t<\/div>\n\t\t\t\t<\/div>\n\t\t\t\t<div class=\"elementor-element elementor-element-e8dc25a elementor-align-left elementor-widget__width-initial elementor-widget elementor-widget-button\" data-id=\"e8dc25a\" data-element_type=\"widget\" data-e-type=\"widget\" data-widget_type=\"button.default\">\n\t\t\t\t<div class=\"elementor-widget-container\">\n\t\t\t\t\t\t\t\t\t<div class=\"elementor-button-wrapper\">\n\t\t\t\t\t<a class=\"elementor-button elementor-button-link elementor-size-sm\" href=\"https:\/\/www.sescsp.org.br\/loja\/10871_CIDADES+SULAMERICANAS+COMO+ARENAS+CULTURAIS#\/content=detalhes-do-produto\" target=\"_blank\">\n\t\t\t\t\t\t<span class=\"elementor-button-content-wrapper\">\n\t\t\t\t\t\t\t\t\t<span class=\"elementor-button-text\">Link to the publisher<\/span>\n\t\t\t\t\t<\/span>\n\t\t\t\t\t<\/a>\n\t\t\t\t<\/div>\n\t\t\t\t\t\t\t\t<\/div>\n\t\t\t\t<\/div>\n\t\t\t\t<\/div>\n\t\t<div class=\"elementor-element elementor-element-b6140b3 e-con-full e-flex e-con e-child\" data-id=\"b6140b3\" data-element_type=\"container\" data-e-type=\"container\">\n\t\t\t\t<div class=\"elementor-element elementor-element-187fe98 elementor-widget elementor-widget-text-editor\" data-id=\"187fe98\" data-element_type=\"widget\" data-e-type=\"widget\" data-widget_type=\"text-editor.default\">\n\t\t\t\t<div class=\"elementor-widget-container\">\n\t\t\t\t\t\t\t\t\t<h3>CIUDADES SUDAMERICANAS<br \/>como arenas culturales<\/h3><p><strong>Autores:\u00a0<\/strong>Ana Clarisa Ag\u00fcero \/ Gonzalo Aguilar \/ Pablo Ansolabehere \/ Alexandre Ara\u00fajo Bispo \/ Fernanda Ar\u00eaas Peixoto \/ Anahi Ballent \/ Gonzalo C\u00e1ceres \/ Lila Caimari \/ Ximena Espeche \/ Paulo C\u00e9sar Garcez Marins \/ Gustavo Guerrero \/ Adri\u00e1n Gorelik \/ Beatriz Jaguaribe \/ Eduardo Kingman Garc\u00e9s \/ N\u00edsia Trindade Lima \/ Germ\u00e1n Rodrigo Mej\u00eda Pavony \/ Jorge Myers \/ Julia O\u2019Donnell \/ Heloisa Pontes \/ Maria Alice Rezende de Carvalho \/ Silvana Rubino \/ Jos\u00e9 Tavares Correia de Lira \/ Gustavo Vallejo \/ Tamara Rangel Vieira \/ Guilherme Wisnik.<\/p><p>El libro es el resultado de una investigaci\u00f3n colectiva de m\u00e1s de tres a\u00f1os dirigida y financiada por el Centro de Historia Intelectual, con la participaci\u00f3n de m\u00e1s de veinte investigadores de diversos pa\u00edses de la regi\u00f3n.<\/p><p>Pensar las ciudades sudamericanas como arenas culturales significa observarlas como lugar de germinaci\u00f3n, de experimentaci\u00f3n y de combate cultural. La noci\u00f3n de\u00a0<em>arenas culturales<\/em>, acu\u00f1ada por Richard Morse, lleva impl\u00edcito un desaf\u00edo anal\u00edtico: si la vida cultural moderna de Am\u00e9rica Latina ha tenido su centro en la ciudad, \u00bfcu\u00e1les de las caracter\u00edsticas espec\u00edficas de esta le han dado a aquella sus marcas singulares? Es decir, \u00bfen qu\u00e9 medida el estudio de la cultura urbana es capaz de iluminar ese proceso de interpenetraci\u00f3n y correspondencia entre ciudad y cultura? Para tentar respuestas, este libro aborda veintitr\u00e9s episodios en diferentes ciudades sudamericanas desde finales del siglo XIX hasta comienzos del XXI, a los que interroga desde m\u00faltiples perspectivas, ofreciendo un verdadero campo de ensayo sobre los modos posibles de analizar la mutua activaci\u00f3n del espacio urbano y las manifestaciones culturales.<\/p><p>As\u00ed, hay cap\u00edtulos cuyo foco est\u00e1 puesto en momentos emblem\u00e1ticos, como el a\u00f1o 1918 en C\u00f3rdoba o el 48 bogotano, cataclismos sociales y pol\u00edticos que marcaron las ciudades pero que tambi\u00e9n fueron marcados por ellas. En otros cap\u00edtulos, el relato parte de fragmentos espaciales: un edificio, como el Martinelli en San Pablo; una calle, como la Rua do Ouvidor en R\u00edo de Janeiro, barrios como el Abasto en Buenos Aires; espacios condensadores de representaciones sociales, \u00e1mbitos de emergencia de conflictos entre diferentes programas culturales y urbanos a lo largo del tiempo. En otros cap\u00edtulos se recorren los circuitos de los escritores bohemios en la Buenos Aires del 1900, de los movimientos feministas en La Plata hacia 1920, del grupo regionalista de Gilberto Freyre en Recife o de los intelectuales de Montevideo hacia 1930. Se analizan producciones letradas, como las cr\u00f3nicas que hacia 1950 tentaban la dif\u00edcil alianza de tradici\u00f3n y cambio en Salvador, o las obras de teatro que en el San Pablo radicalizado de los a\u00f1os sesenta interpelaban los nuevos sujetos urbanos; producciones de la cultura masiva, como las telenovelas que rehicieron a fines del siglo XX el imaginario de la favela en R\u00edo de Janeiro; e incluso el l\u00e9xico y el movimiento de las calles, como el lunfardo en Buenos Aires o los trajines del mundo popular, ind\u00edgena y mestizo, en Quito, que abr\u00edan desde abajo espacios in\u00e9ditos de vida moderna. Se analiza la ciudad de los m\u00e1rgenes, a trav\u00e9s de las representaciones de la villa miseria en Buenos Aires y de la barriada en Lima, e incluso la anticiudad, el campo, que en los imaginarios disidentes uruguayos va a buscar oponer un interior aut\u00e9ntico y americano al predominio de una Montevideo europe\u00edsta. Y tambi\u00e9n se examinan programas urbanos gubernamentales, como los del general P\u00e9rez Jim\u00e9nez en Caracas, la Brasilia de Kubitschek, o los proyectos que convierten a Santiago de Chile a finales de los a\u00f1os sesenta en \u201ccapital de la izquierda\u201d.<\/p><p>Los laboratorios, escenas y espect\u00e1culos urbanos que estos ensayos ofrecen al lector, en fin, permiten ver cada ciudad como una suerte de espejo en que las otras se presentan en nuevos \u00e1ngulos; permiten identificar contrastes y coincidencias, escalas, regiones, l\u00edneas de conectividad cultural entre diferentes ciudades, como un suelo abonado colectivamente para una reflexi\u00f3n sobre las culturas urbanas de Am\u00e9rica Latina.<\/p>\t\t\t\t\t\t\t\t<\/div>\n\t\t\t\t<\/div>\n\t\t\t\t<\/div>\n\t\t\t\t\t<\/div>\n\t\t\t\t<\/div>\n\t\t\t\t<\/div>","protected":false},"excerpt":{"rendered":"<p>Link a la editorial Edici\u00f3n brasile\u00f1a: San Pablo, SESC Editora, 2019. Link a la editorial CIUDADES SUDAMERICANAScomo arenas culturales Autores:\u00a0Ana Clarisa Ag\u00fcero \/ Gonzalo Aguilar \/ Pablo Ansolabehere \/ Alexandre Ara\u00fajo Bispo \/ Fernanda Ar\u00eaas Peixoto \/ Anahi Ballent \/ Gonzalo C\u00e1ceres \/ Lila Caimari \/ Ximena Espeche \/ Paulo C\u00e9sar Garcez Marins \/ Gustavo [&hellip;]<\/p>\n","protected":false},"author":1,"featured_media":5082,"comment_status":"closed","ping_status":"closed","sticky":false,"template":"","format":"standard","meta":{"footnotes":""},"categories":[212],"tags":[],"class_list":["post-8379","post","type-post","status-publish","format-standard","has-post-thumbnail","hentry","category-publicaciones-colectivas"],"yoast_head":"<!-- This site is optimized with the Yoast SEO plugin v27.3 - https:\/\/yoast.com\/product\/yoast-seo-wordpress\/ -->\n<title>Ciudades Sudamericanas &#187; Historia Intelectual<\/title>\n<meta name=\"robots\" content=\"index, follow, max-snippet:-1, max-image-preview:large, max-video-preview:-1\" \/>\n<link rel=\"canonical\" href=\"https:\/\/historiaintelectual.com.ar\/eng\/ciudades-sudamericanas\/\" \/>\n<meta property=\"og:locale\" content=\"en_US\" \/>\n<meta property=\"og:type\" content=\"article\" \/>\n<meta property=\"og:title\" content=\"Ciudades Sudamericanas &#187; Historia Intelectual\" \/>\n<meta property=\"og:description\" content=\"Link a la editorial Edici\u00f3n brasile\u00f1a: San Pablo, SESC Editora, 2019. Link a la editorial CIUDADES SUDAMERICANAScomo arenas culturales Autores:\u00a0Ana Clarisa Ag\u00fcero \/ Gonzalo Aguilar \/ Pablo Ansolabehere \/ Alexandre Ara\u00fajo Bispo \/ Fernanda Ar\u00eaas Peixoto \/ Anahi Ballent \/ Gonzalo C\u00e1ceres \/ Lila Caimari \/ Ximena Espeche \/ Paulo C\u00e9sar Garcez Marins \/ Gustavo [&hellip;]\" \/>\n<meta property=\"og:url\" content=\"https:\/\/historiaintelectual.com.ar\/eng\/ciudades-sudamericanas\/\" \/>\n<meta property=\"og:site_name\" content=\"Historia Intelectual\" \/>\n<meta property=\"article:publisher\" content=\"https:\/\/www.facebook.com\/Centrodehistoriaintelectual\/\" \/>\n<meta property=\"article:published_time\" content=\"2025-04-29T13:37:12+00:00\" \/>\n<meta property=\"article:modified_time\" content=\"2025-07-28T12:56:09+00:00\" \/>\n<meta property=\"og:image\" content=\"https:\/\/historiaintelectual.com.ar\/wp-content\/uploads\/2016\/08\/Ciudades-sudamericanas-como-arenas-culturales.jpg\" \/>\n\t<meta property=\"og:image:width\" content=\"659\" \/>\n\t<meta property=\"og:image:height\" content=\"1000\" \/>\n\t<meta property=\"og:image:type\" content=\"image\/jpeg\" \/>\n<meta name=\"author\" content=\"admin\" \/>\n<script type=\"application\/ld+json\" class=\"yoast-schema-graph\">{\"@context\":\"https:\\\/\\\/schema.org\",\"@graph\":[{\"@type\":\"Article\",\"@id\":\"https:\\\/\\\/historiaintelectual.com.ar\\\/ciudades-sudamericanas\\\/#article\",\"isPartOf\":{\"@id\":\"https:\\\/\\\/historiaintelectual.com.ar\\\/ciudades-sudamericanas\\\/\"},\"author\":{\"name\":\"admin\",\"@id\":\"https:\\\/\\\/historiaintelectual.com.ar\\\/#\\\/schema\\\/person\\\/885c05ccc3314e2dec0bd9b0825c5912\"},\"headline\":\"Ciudades Sudamericanas\",\"datePublished\":\"2025-04-29T13:37:12+00:00\",\"dateModified\":\"2025-07-28T12:56:09+00:00\",\"mainEntityOfPage\":{\"@id\":\"https:\\\/\\\/historiaintelectual.com.ar\\\/ciudades-sudamericanas\\\/\"},\"wordCount\":706,\"publisher\":{\"@id\":\"https:\\\/\\\/historiaintelectual.com.ar\\\/#organization\"},\"image\":{\"@id\":\"https:\\\/\\\/historiaintelectual.com.ar\\\/ciudades-sudamericanas\\\/#primaryimage\"},\"thumbnailUrl\":\"https:\\\/\\\/historiaintelectual.com.ar\\\/wp-content\\\/uploads\\\/2016\\\/08\\\/Ciudades-sudamericanas-como-arenas-culturales.jpg\",\"articleSection\":[\"Publicaciones colectivas\"],\"inLanguage\":\"en-US\"},{\"@type\":\"WebPage\",\"@id\":\"https:\\\/\\\/historiaintelectual.com.ar\\\/ciudades-sudamericanas\\\/\",\"url\":\"https:\\\/\\\/historiaintelectual.com.ar\\\/ciudades-sudamericanas\\\/\",\"name\":\"Ciudades Sudamericanas &#187; Historia Intelectual\",\"isPartOf\":{\"@id\":\"https:\\\/\\\/historiaintelectual.com.ar\\\/#website\"},\"primaryImageOfPage\":{\"@id\":\"https:\\\/\\\/historiaintelectual.com.ar\\\/ciudades-sudamericanas\\\/#primaryimage\"},\"image\":{\"@id\":\"https:\\\/\\\/historiaintelectual.com.ar\\\/ciudades-sudamericanas\\\/#primaryimage\"},\"thumbnailUrl\":\"https:\\\/\\\/historiaintelectual.com.ar\\\/wp-content\\\/uploads\\\/2016\\\/08\\\/Ciudades-sudamericanas-como-arenas-culturales.jpg\",\"datePublished\":\"2025-04-29T13:37:12+00:00\",\"dateModified\":\"2025-07-28T12:56:09+00:00\",\"breadcrumb\":{\"@id\":\"https:\\\/\\\/historiaintelectual.com.ar\\\/ciudades-sudamericanas\\\/#breadcrumb\"},\"inLanguage\":\"en-US\",\"potentialAction\":[{\"@type\":\"ReadAction\",\"target\":[\"https:\\\/\\\/historiaintelectual.com.ar\\\/ciudades-sudamericanas\\\/\"]}]},{\"@type\":\"ImageObject\",\"inLanguage\":\"en-US\",\"@id\":\"https:\\\/\\\/historiaintelectual.com.ar\\\/ciudades-sudamericanas\\\/#primaryimage\",\"url\":\"https:\\\/\\\/historiaintelectual.com.ar\\\/wp-content\\\/uploads\\\/2016\\\/08\\\/Ciudades-sudamericanas-como-arenas-culturales.jpg\",\"contentUrl\":\"https:\\\/\\\/historiaintelectual.com.ar\\\/wp-content\\\/uploads\\\/2016\\\/08\\\/Ciudades-sudamericanas-como-arenas-culturales.jpg\",\"width\":659,\"height\":1000},{\"@type\":\"BreadcrumbList\",\"@id\":\"https:\\\/\\\/historiaintelectual.com.ar\\\/ciudades-sudamericanas\\\/#breadcrumb\",\"itemListElement\":[{\"@type\":\"ListItem\",\"position\":1,\"name\":\"Portada\",\"item\":\"https:\\\/\\\/historiaintelectual.com.ar\\\/\"},{\"@type\":\"ListItem\",\"position\":2,\"name\":\"Ciudades Sudamericanas\"}]},{\"@type\":\"WebSite\",\"@id\":\"https:\\\/\\\/historiaintelectual.com.ar\\\/#website\",\"url\":\"https:\\\/\\\/historiaintelectual.com.ar\\\/\",\"name\":\"Historia Intelectual\",\"description\":\"Centro de Historia Intelectual\",\"publisher\":{\"@id\":\"https:\\\/\\\/historiaintelectual.com.ar\\\/#organization\"},\"alternateName\":\"Centro de historia intelectual\",\"potentialAction\":[{\"@type\":\"SearchAction\",\"target\":{\"@type\":\"EntryPoint\",\"urlTemplate\":\"https:\\\/\\\/historiaintelectual.com.ar\\\/?s={search_term_string}\"},\"query-input\":{\"@type\":\"PropertyValueSpecification\",\"valueRequired\":true,\"valueName\":\"search_term_string\"}}],\"inLanguage\":\"en-US\"},{\"@type\":\"Organization\",\"@id\":\"https:\\\/\\\/historiaintelectual.com.ar\\\/#organization\",\"name\":\"Centro Historia Intelectual\",\"url\":\"https:\\\/\\\/historiaintelectual.com.ar\\\/\",\"logo\":{\"@type\":\"ImageObject\",\"inLanguage\":\"en-US\",\"@id\":\"https:\\\/\\\/historiaintelectual.com.ar\\\/#\\\/schema\\\/logo\\\/image\\\/\",\"url\":\"https:\\\/\\\/historiaintelectual.com.ar\\\/wp-content\\\/uploads\\\/2025\\\/04\\\/logo-25.png\",\"contentUrl\":\"https:\\\/\\\/historiaintelectual.com.ar\\\/wp-content\\\/uploads\\\/2025\\\/04\\\/logo-25.png\",\"width\":456,\"height\":456,\"caption\":\"Centro Historia Intelectual\"},\"image\":{\"@id\":\"https:\\\/\\\/historiaintelectual.com.ar\\\/#\\\/schema\\\/logo\\\/image\\\/\"},\"sameAs\":[\"https:\\\/\\\/www.facebook.com\\\/Centrodehistoriaintelectual\\\/\",\"https:\\\/\\\/www.youtube.com\\\/channel\\\/UCGr8q_2-dchoqKT-jT5Lmfw\",\"https:\\\/\\\/www.instagram.com\\\/chi_unq\\\/\"]},{\"@type\":\"Person\",\"@id\":\"https:\\\/\\\/historiaintelectual.com.ar\\\/#\\\/schema\\\/person\\\/885c05ccc3314e2dec0bd9b0825c5912\",\"name\":\"admin\",\"url\":\"https:\\\/\\\/historiaintelectual.com.ar\\\/eng\\\/author\\\/admin\\\/\"}]}<\/script>\n<!-- \/ Yoast SEO plugin. -->","yoast_head_json":{"title":"Ciudades Sudamericanas &#187; Historia Intelectual","robots":{"index":"index","follow":"follow","max-snippet":"max-snippet:-1","max-image-preview":"max-image-preview:large","max-video-preview":"max-video-preview:-1"},"canonical":"https:\/\/historiaintelectual.com.ar\/eng\/ciudades-sudamericanas\/","og_locale":"en_US","og_type":"article","og_title":"Ciudades Sudamericanas &#187; Historia Intelectual","og_description":"Link a la editorial Edici\u00f3n brasile\u00f1a: San Pablo, SESC Editora, 2019. Link a la editorial CIUDADES SUDAMERICANAScomo arenas culturales Autores:\u00a0Ana Clarisa Ag\u00fcero \/ Gonzalo Aguilar \/ Pablo Ansolabehere \/ Alexandre Ara\u00fajo Bispo \/ Fernanda Ar\u00eaas Peixoto \/ Anahi Ballent \/ Gonzalo C\u00e1ceres \/ Lila Caimari \/ Ximena Espeche \/ Paulo C\u00e9sar Garcez Marins \/ Gustavo [&hellip;]","og_url":"https:\/\/historiaintelectual.com.ar\/eng\/ciudades-sudamericanas\/","og_site_name":"Historia Intelectual","article_publisher":"https:\/\/www.facebook.com\/Centrodehistoriaintelectual\/","article_published_time":"2025-04-29T13:37:12+00:00","article_modified_time":"2025-07-28T12:56:09+00:00","og_image":[{"width":659,"height":1000,"url":"https:\/\/historiaintelectual.com.ar\/wp-content\/uploads\/2016\/08\/Ciudades-sudamericanas-como-arenas-culturales.jpg","type":"image\/jpeg"}],"author":"admin","schema":{"@context":"https:\/\/schema.org","@graph":[{"@type":"Article","@id":"https:\/\/historiaintelectual.com.ar\/ciudades-sudamericanas\/#article","isPartOf":{"@id":"https:\/\/historiaintelectual.com.ar\/ciudades-sudamericanas\/"},"author":{"name":"admin","@id":"https:\/\/historiaintelectual.com.ar\/#\/schema\/person\/885c05ccc3314e2dec0bd9b0825c5912"},"headline":"Ciudades Sudamericanas","datePublished":"2025-04-29T13:37:12+00:00","dateModified":"2025-07-28T12:56:09+00:00","mainEntityOfPage":{"@id":"https:\/\/historiaintelectual.com.ar\/ciudades-sudamericanas\/"},"wordCount":706,"publisher":{"@id":"https:\/\/historiaintelectual.com.ar\/#organization"},"image":{"@id":"https:\/\/historiaintelectual.com.ar\/ciudades-sudamericanas\/#primaryimage"},"thumbnailUrl":"https:\/\/historiaintelectual.com.ar\/wp-content\/uploads\/2016\/08\/Ciudades-sudamericanas-como-arenas-culturales.jpg","articleSection":["Publicaciones colectivas"],"inLanguage":"en-US"},{"@type":"WebPage","@id":"https:\/\/historiaintelectual.com.ar\/ciudades-sudamericanas\/","url":"https:\/\/historiaintelectual.com.ar\/ciudades-sudamericanas\/","name":"Ciudades Sudamericanas &#187; Historia Intelectual","isPartOf":{"@id":"https:\/\/historiaintelectual.com.ar\/#website"},"primaryImageOfPage":{"@id":"https:\/\/historiaintelectual.com.ar\/ciudades-sudamericanas\/#primaryimage"},"image":{"@id":"https:\/\/historiaintelectual.com.ar\/ciudades-sudamericanas\/#primaryimage"},"thumbnailUrl":"https:\/\/historiaintelectual.com.ar\/wp-content\/uploads\/2016\/08\/Ciudades-sudamericanas-como-arenas-culturales.jpg","datePublished":"2025-04-29T13:37:12+00:00","dateModified":"2025-07-28T12:56:09+00:00","breadcrumb":{"@id":"https:\/\/historiaintelectual.com.ar\/ciudades-sudamericanas\/#breadcrumb"},"inLanguage":"en-US","potentialAction":[{"@type":"ReadAction","target":["https:\/\/historiaintelectual.com.ar\/ciudades-sudamericanas\/"]}]},{"@type":"ImageObject","inLanguage":"en-US","@id":"https:\/\/historiaintelectual.com.ar\/ciudades-sudamericanas\/#primaryimage","url":"https:\/\/historiaintelectual.com.ar\/wp-content\/uploads\/2016\/08\/Ciudades-sudamericanas-como-arenas-culturales.jpg","contentUrl":"https:\/\/historiaintelectual.com.ar\/wp-content\/uploads\/2016\/08\/Ciudades-sudamericanas-como-arenas-culturales.jpg","width":659,"height":1000},{"@type":"BreadcrumbList","@id":"https:\/\/historiaintelectual.com.ar\/ciudades-sudamericanas\/#breadcrumb","itemListElement":[{"@type":"ListItem","position":1,"name":"Portada","item":"https:\/\/historiaintelectual.com.ar\/"},{"@type":"ListItem","position":2,"name":"Ciudades Sudamericanas"}]},{"@type":"WebSite","@id":"https:\/\/historiaintelectual.com.ar\/#website","url":"https:\/\/historiaintelectual.com.ar\/","name":"Historia Intelectual","description":"Center for Intellectual History","publisher":{"@id":"https:\/\/historiaintelectual.com.ar\/#organization"},"alternateName":"Centro de historia intelectual","potentialAction":[{"@type":"SearchAction","target":{"@type":"EntryPoint","urlTemplate":"https:\/\/historiaintelectual.com.ar\/?s={search_term_string}"},"query-input":{"@type":"PropertyValueSpecification","valueRequired":true,"valueName":"search_term_string"}}],"inLanguage":"en-US"},{"@type":"Organization","@id":"https:\/\/historiaintelectual.com.ar\/#organization","name":"Centro Historia Intelectual","url":"https:\/\/historiaintelectual.com.ar\/","logo":{"@type":"ImageObject","inLanguage":"en-US","@id":"https:\/\/historiaintelectual.com.ar\/#\/schema\/logo\/image\/","url":"https:\/\/historiaintelectual.com.ar\/wp-content\/uploads\/2025\/04\/logo-25.png","contentUrl":"https:\/\/historiaintelectual.com.ar\/wp-content\/uploads\/2025\/04\/logo-25.png","width":456,"height":456,"caption":"Centro Historia Intelectual"},"image":{"@id":"https:\/\/historiaintelectual.com.ar\/#\/schema\/logo\/image\/"},"sameAs":["https:\/\/www.facebook.com\/Centrodehistoriaintelectual\/","https:\/\/www.youtube.com\/channel\/UCGr8q_2-dchoqKT-jT5Lmfw","https:\/\/www.instagram.com\/chi_unq\/"]},{"@type":"Person","@id":"https:\/\/historiaintelectual.com.ar\/#\/schema\/person\/885c05ccc3314e2dec0bd9b0825c5912","name":"admin","url":"https:\/\/historiaintelectual.com.ar\/eng\/author\/admin\/"}]}},"_links":{"self":[{"href":"https:\/\/historiaintelectual.com.ar\/eng\/wp-json\/wp\/v2\/posts\/8379","targetHints":{"allow":["GET"]}}],"collection":[{"href":"https:\/\/historiaintelectual.com.ar\/eng\/wp-json\/wp\/v2\/posts"}],"about":[{"href":"https:\/\/historiaintelectual.com.ar\/eng\/wp-json\/wp\/v2\/types\/post"}],"author":[{"embeddable":true,"href":"https:\/\/historiaintelectual.com.ar\/eng\/wp-json\/wp\/v2\/users\/1"}],"replies":[{"embeddable":true,"href":"https:\/\/historiaintelectual.com.ar\/eng\/wp-json\/wp\/v2\/comments?post=8379"}],"version-history":[{"count":16,"href":"https:\/\/historiaintelectual.com.ar\/eng\/wp-json\/wp\/v2\/posts\/8379\/revisions"}],"predecessor-version":[{"id":9129,"href":"https:\/\/historiaintelectual.com.ar\/eng\/wp-json\/wp\/v2\/posts\/8379\/revisions\/9129"}],"wp:featuredmedia":[{"embeddable":true,"href":"https:\/\/historiaintelectual.com.ar\/eng\/wp-json\/wp\/v2\/media\/5082"}],"wp:attachment":[{"href":"https:\/\/historiaintelectual.com.ar\/eng\/wp-json\/wp\/v2\/media?parent=8379"}],"wp:term":[{"taxonomy":"category","embeddable":true,"href":"https:\/\/historiaintelectual.com.ar\/eng\/wp-json\/wp\/v2\/categories?post=8379"},{"taxonomy":"post_tag","embeddable":true,"href":"https:\/\/historiaintelectual.com.ar\/eng\/wp-json\/wp\/v2\/tags?post=8379"}],"curies":[{"name":"wp","href":"https:\/\/api.w.org\/{rel}","templated":true}]}}