{"id":8341,"date":"2025-04-29T10:17:26","date_gmt":"2025-04-29T13:17:26","guid":{"rendered":"https:\/\/historiaintelectual.com.ar\/?p=8341"},"modified":"2025-06-09T15:52:01","modified_gmt":"2025-06-09T18:52:01","slug":"la-argentina-como-problema","status":"publish","type":"post","link":"https:\/\/historiaintelectual.com.ar\/eng\/la-argentina-como-problema\/","title":{"rendered":"La Argentina como problema"},"content":{"rendered":"<div data-elementor-type=\"wp-post\" data-elementor-id=\"8341\" class=\"elementor elementor-8341\" data-elementor-post-type=\"post\">\n\t\t\t\t<div class=\"elementor-element elementor-element-1b90f70 e-flex e-con-boxed e-con e-parent\" data-id=\"1b90f70\" data-element_type=\"container\" data-e-type=\"container\">\n\t\t\t\t\t<div class=\"e-con-inner\">\n\t\t<div class=\"elementor-element elementor-element-35dc3fd e-con-full e-flex e-con e-child\" data-id=\"35dc3fd\" data-element_type=\"container\" data-e-type=\"container\">\n\t\t\t\t<div class=\"elementor-element elementor-element-0aedbad elementor-widget__width-initial elementor-widget elementor-widget-theme-post-featured-image elementor-widget-image\" data-id=\"0aedbad\" data-element_type=\"widget\" data-e-type=\"widget\" data-widget_type=\"theme-post-featured-image.default\">\n\t\t\t\t<div class=\"elementor-widget-container\">\n\t\t\t\t\t\t\t\t\t\t\t\t<figure class=\"wp-caption\">\n\t\t\t\t\t\t\t\t\t\t<img fetchpriority=\"high\" decoding=\"async\" width=\"1228\" height=\"1819\" src=\"https:\/\/historiaintelectual.com.ar\/wp-content\/uploads\/2020\/09\/La-Argentina-como-problema_tapa.jpg\" class=\"attachment-full size-full wp-image-6521\" alt=\"\" srcset=\"https:\/\/historiaintelectual.com.ar\/wp-content\/uploads\/2020\/09\/La-Argentina-como-problema_tapa.jpg 1228w, https:\/\/historiaintelectual.com.ar\/wp-content\/uploads\/2020\/09\/La-Argentina-como-problema_tapa-203x300.jpg 203w, https:\/\/historiaintelectual.com.ar\/wp-content\/uploads\/2020\/09\/La-Argentina-como-problema_tapa-691x1024.jpg 691w, https:\/\/historiaintelectual.com.ar\/wp-content\/uploads\/2020\/09\/La-Argentina-como-problema_tapa-768x1138.jpg 768w, https:\/\/historiaintelectual.com.ar\/wp-content\/uploads\/2020\/09\/La-Argentina-como-problema_tapa-1037x1536.jpg 1037w\" sizes=\"(max-width: 1228px) 100vw, 1228px\" \/>\t\t\t\t\t\t\t\t\t\t\t<figcaption class=\"widget-image-caption wp-caption-text\">Dirigido por: Carlos Altamirano y Adri\u00e1n Gorelik Autores: Varios Buenos Aires, Siglo XXI Editores Argentina, 2018<\/figcaption>\n\t\t\t\t\t\t\t\t\t\t<\/figure>\n\t\t\t\t\t\t\t\t\t<\/div>\n\t\t\t\t<\/div>\n\t\t\t\t<div class=\"elementor-element elementor-element-55ef8c4 elementor-align-left elementor-widget__width-initial elementor-widget elementor-widget-button\" data-id=\"55ef8c4\" data-element_type=\"widget\" data-e-type=\"widget\" data-widget_type=\"button.default\">\n\t\t\t\t<div class=\"elementor-widget-container\">\n\t\t\t\t\t\t\t\t\t<div class=\"elementor-button-wrapper\">\n\t\t\t\t\t<a class=\"elementor-button elementor-button-link elementor-size-sm\" href=\"https:\/\/sigloxxieditores.com.ar\/libro\/la-argentina-como-problema\/\">\n\t\t\t\t\t\t<span class=\"elementor-button-content-wrapper\">\n\t\t\t\t\t\t\t\t\t<span class=\"elementor-button-text\">Link to the publisher<\/span>\n\t\t\t\t\t<\/span>\n\t\t\t\t\t<\/a>\n\t\t\t\t<\/div>\n\t\t\t\t\t\t\t\t<\/div>\n\t\t\t\t<\/div>\n\t\t\t\t<\/div>\n\t\t<div class=\"elementor-element elementor-element-b6140b3 e-con-full e-flex e-con e-child\" data-id=\"b6140b3\" data-element_type=\"container\" data-e-type=\"container\">\n\t\t\t\t<div class=\"elementor-element elementor-element-187fe98 elementor-widget elementor-widget-text-editor\" data-id=\"187fe98\" data-element_type=\"widget\" data-e-type=\"widget\" data-widget_type=\"text-editor.default\">\n\t\t\t\t<div class=\"elementor-widget-container\">\n\t\t\t\t\t\t\t\t\t<h3><strong>La Argentina como problema<\/strong><\/h3><p><strong>Autores:\u00a0<\/strong>Ana Clarisa Ag\u00fcero \/ Carlos Altamirano \/ Mart\u00edn Bergel \/ Alejandro Blanco \/ Sebasti\u00e1n Carassai \/ Jimena Caravacca \/ Horacio Crespo \/ Fernando Degiovanni \/ Fernando J. Devoto \/ Laura Ehrlich \/ Diego Garc\u00eda \/ Adri\u00e1n Gorelik \/ Mar\u00eda Teresa Gramuglio \/ Roy Hora \/ Andr\u00e9s Kozel \/ Ana Teresa Mart\u00ednez \/ Ricardo Mart\u00ednez Mazzola \/ Jorge Myers \/ Adriana Petra \/ Mart\u00edn Prieto \/ Silvia Sigal \/ Mar\u00eda In\u00e9s Tato \/ Hugo Vezzetti.<\/p><p>A lo largo del siglo XX, intelectuales y escritores muy diversos han intentado dar con las claves de la cultura argentina, esos nudos problem\u00e1ticos que permitir\u00edan explicar nuestros logros y fracasos sociales y pol\u00edticos. \u00bfEra la concentraci\u00f3n de la tierra en pocas manos el principal obst\u00e1culo para el desarrollo? \u00bfEra la asimetr\u00eda entre Buenos Aires y el interior? \u00bfLa resistencia de las \u00e9lites ante el desorden de una inmigraci\u00f3n caudalosa que reclamaba ciudadan\u00eda plena? \u00bfUna tendencia a conceder poder a caudillos personalistas? \u00bfO las pretensiones del \u201cmedio pelo argentino\u201d y sus prejuicios respecto de los sectores populares?<\/p><p>En este libro se propone un recorrido por los temas que se sintieron y se pensaron como verdaderos dilemas, y que generaron disputas simb\u00f3licas y conflictos interpretativos capaces de atravesar la cultura argentina hasta hoy. Suerte de compendio o de biblioteca condensada de historia intelectual, nos permite asomarnos al pensamiento social de todo un siglo. Los autores, un equipo que re\u00fane a ensayistas de distintas disciplinas y generaciones, analizan el papel de la cultura y las \u00e9lites en la construcci\u00f3n de la identidad, el lugar del liberalismo en el ideario fundacional del Estado, la democratizaci\u00f3n de la mano del yrigoyenismo, los cambios econ\u00f3micos, sociales y demogr\u00e1ficos que dieron nacimiento a lo que Jos\u00e9 Luis Romero llam\u00f3 la \u201cArgentina aluvial\u201d, los personajes \u2013desde el gaucho Mart\u00edn Fierro hasta Evita montonera\u2013 que se han convertido en mitos y referencias ideol\u00f3gicas perdurables, los debates en torno al peronismo y la democracia.<\/p>\t\t\t\t\t\t\t\t<\/div>\n\t\t\t\t<\/div>\n\t\t\t\t<\/div>\n\t\t\t\t\t<\/div>\n\t\t\t\t<\/div>\n\t\t\t\t<\/div>","protected":false},"excerpt":{"rendered":"<p>Link a la editorial La Argentina como problema Autores:\u00a0Ana Clarisa Ag\u00fcero \/ Carlos Altamirano \/ Mart\u00edn Bergel \/ Alejandro Blanco \/ Sebasti\u00e1n Carassai \/ Jimena Caravacca \/ Horacio Crespo \/ Fernando Degiovanni \/ Fernando J. Devoto \/ Laura Ehrlich \/ Diego Garc\u00eda \/ Adri\u00e1n Gorelik \/ Mar\u00eda Teresa Gramuglio \/ Roy Hora \/ Andr\u00e9s Kozel [&hellip;]<\/p>\n","protected":false},"author":1,"featured_media":6521,"comment_status":"closed","ping_status":"closed","sticky":false,"template":"","format":"standard","meta":{"footnotes":""},"categories":[212],"tags":[],"class_list":["post-8341","post","type-post","status-publish","format-standard","has-post-thumbnail","hentry","category-publicaciones-colectivas"],"yoast_head":"<!-- This site is optimized with the Yoast SEO plugin v27.3 - https:\/\/yoast.com\/product\/yoast-seo-wordpress\/ -->\n<title>La Argentina como problema &#187; Historia Intelectual<\/title>\n<meta name=\"robots\" content=\"index, follow, max-snippet:-1, max-image-preview:large, max-video-preview:-1\" \/>\n<link rel=\"canonical\" href=\"https:\/\/historiaintelectual.com.ar\/eng\/la-argentina-como-problema\/\" \/>\n<meta property=\"og:locale\" content=\"en_US\" \/>\n<meta property=\"og:type\" content=\"article\" \/>\n<meta property=\"og:title\" content=\"La Argentina como problema &#187; Historia Intelectual\" \/>\n<meta property=\"og:description\" content=\"Link a la editorial La Argentina como problema Autores:\u00a0Ana Clarisa Ag\u00fcero \/ Carlos Altamirano \/ Mart\u00edn Bergel \/ Alejandro Blanco \/ Sebasti\u00e1n Carassai \/ Jimena Caravacca \/ Horacio Crespo \/ Fernando Degiovanni \/ Fernando J. Devoto \/ Laura Ehrlich \/ Diego Garc\u00eda \/ Adri\u00e1n Gorelik \/ Mar\u00eda Teresa Gramuglio \/ Roy Hora \/ Andr\u00e9s Kozel [&hellip;]\" \/>\n<meta property=\"og:url\" content=\"https:\/\/historiaintelectual.com.ar\/eng\/la-argentina-como-problema\/\" \/>\n<meta property=\"og:site_name\" content=\"Historia Intelectual\" \/>\n<meta property=\"article:publisher\" content=\"https:\/\/www.facebook.com\/Centrodehistoriaintelectual\/\" \/>\n<meta property=\"article:published_time\" content=\"2025-04-29T13:17:26+00:00\" \/>\n<meta property=\"article:modified_time\" content=\"2025-06-09T18:52:01+00:00\" \/>\n<meta property=\"og:image\" content=\"https:\/\/historiaintelectual.com.ar\/wp-content\/uploads\/2020\/09\/La-Argentina-como-problema_tapa.jpg\" \/>\n\t<meta property=\"og:image:width\" content=\"1228\" \/>\n\t<meta property=\"og:image:height\" content=\"1819\" \/>\n\t<meta property=\"og:image:type\" content=\"image\/jpeg\" \/>\n<meta name=\"author\" content=\"admin\" \/>\n<script type=\"application\/ld+json\" class=\"yoast-schema-graph\">{\"@context\":\"https:\\\/\\\/schema.org\",\"@graph\":[{\"@type\":\"Article\",\"@id\":\"https:\\\/\\\/historiaintelectual.com.ar\\\/eng\\\/la-argentina-como-problema\\\/#article\",\"isPartOf\":{\"@id\":\"https:\\\/\\\/historiaintelectual.com.ar\\\/eng\\\/la-argentina-como-problema\\\/\"},\"author\":{\"name\":\"admin\",\"@id\":\"https:\\\/\\\/historiaintelectual.com.ar\\\/#\\\/schema\\\/person\\\/885c05ccc3314e2dec0bd9b0825c5912\"},\"headline\":\"La Argentina como problema\",\"datePublished\":\"2025-04-29T13:17:26+00:00\",\"dateModified\":\"2025-06-09T18:52:01+00:00\",\"mainEntityOfPage\":{\"@id\":\"https:\\\/\\\/historiaintelectual.com.ar\\\/eng\\\/la-argentina-como-problema\\\/\"},\"wordCount\":338,\"publisher\":{\"@id\":\"https:\\\/\\\/historiaintelectual.com.ar\\\/#organization\"},\"image\":{\"@id\":\"https:\\\/\\\/historiaintelectual.com.ar\\\/eng\\\/la-argentina-como-problema\\\/#primaryimage\"},\"thumbnailUrl\":\"https:\\\/\\\/historiaintelectual.com.ar\\\/wp-content\\\/uploads\\\/2020\\\/09\\\/La-Argentina-como-problema_tapa.jpg\",\"articleSection\":[\"Publicaciones colectivas\"],\"inLanguage\":\"en-US\"},{\"@type\":\"WebPage\",\"@id\":\"https:\\\/\\\/historiaintelectual.com.ar\\\/eng\\\/la-argentina-como-problema\\\/\",\"url\":\"https:\\\/\\\/historiaintelectual.com.ar\\\/eng\\\/la-argentina-como-problema\\\/\",\"name\":\"La Argentina como problema &#187; Historia Intelectual\",\"isPartOf\":{\"@id\":\"https:\\\/\\\/historiaintelectual.com.ar\\\/#website\"},\"primaryImageOfPage\":{\"@id\":\"https:\\\/\\\/historiaintelectual.com.ar\\\/eng\\\/la-argentina-como-problema\\\/#primaryimage\"},\"image\":{\"@id\":\"https:\\\/\\\/historiaintelectual.com.ar\\\/eng\\\/la-argentina-como-problema\\\/#primaryimage\"},\"thumbnailUrl\":\"https:\\\/\\\/historiaintelectual.com.ar\\\/wp-content\\\/uploads\\\/2020\\\/09\\\/La-Argentina-como-problema_tapa.jpg\",\"datePublished\":\"2025-04-29T13:17:26+00:00\",\"dateModified\":\"2025-06-09T18:52:01+00:00\",\"breadcrumb\":{\"@id\":\"https:\\\/\\\/historiaintelectual.com.ar\\\/eng\\\/la-argentina-como-problema\\\/#breadcrumb\"},\"inLanguage\":\"en-US\",\"potentialAction\":[{\"@type\":\"ReadAction\",\"target\":[\"https:\\\/\\\/historiaintelectual.com.ar\\\/eng\\\/la-argentina-como-problema\\\/\"]}]},{\"@type\":\"ImageObject\",\"inLanguage\":\"en-US\",\"@id\":\"https:\\\/\\\/historiaintelectual.com.ar\\\/eng\\\/la-argentina-como-problema\\\/#primaryimage\",\"url\":\"https:\\\/\\\/historiaintelectual.com.ar\\\/wp-content\\\/uploads\\\/2020\\\/09\\\/La-Argentina-como-problema_tapa.jpg\",\"contentUrl\":\"https:\\\/\\\/historiaintelectual.com.ar\\\/wp-content\\\/uploads\\\/2020\\\/09\\\/La-Argentina-como-problema_tapa.jpg\",\"width\":1228,\"height\":1819},{\"@type\":\"BreadcrumbList\",\"@id\":\"https:\\\/\\\/historiaintelectual.com.ar\\\/eng\\\/la-argentina-como-problema\\\/#breadcrumb\",\"itemListElement\":[{\"@type\":\"ListItem\",\"position\":1,\"name\":\"Portada\",\"item\":\"https:\\\/\\\/historiaintelectual.com.ar\\\/\"},{\"@type\":\"ListItem\",\"position\":2,\"name\":\"La Argentina como problema\"}]},{\"@type\":\"WebSite\",\"@id\":\"https:\\\/\\\/historiaintelectual.com.ar\\\/#website\",\"url\":\"https:\\\/\\\/historiaintelectual.com.ar\\\/\",\"name\":\"Historia Intelectual\",\"description\":\"Centro de Historia Intelectual\",\"publisher\":{\"@id\":\"https:\\\/\\\/historiaintelectual.com.ar\\\/#organization\"},\"alternateName\":\"Centro de historia intelectual\",\"potentialAction\":[{\"@type\":\"SearchAction\",\"target\":{\"@type\":\"EntryPoint\",\"urlTemplate\":\"https:\\\/\\\/historiaintelectual.com.ar\\\/?s={search_term_string}\"},\"query-input\":{\"@type\":\"PropertyValueSpecification\",\"valueRequired\":true,\"valueName\":\"search_term_string\"}}],\"inLanguage\":\"en-US\"},{\"@type\":\"Organization\",\"@id\":\"https:\\\/\\\/historiaintelectual.com.ar\\\/#organization\",\"name\":\"Centro Historia Intelectual\",\"url\":\"https:\\\/\\\/historiaintelectual.com.ar\\\/\",\"logo\":{\"@type\":\"ImageObject\",\"inLanguage\":\"en-US\",\"@id\":\"https:\\\/\\\/historiaintelectual.com.ar\\\/#\\\/schema\\\/logo\\\/image\\\/\",\"url\":\"https:\\\/\\\/historiaintelectual.com.ar\\\/wp-content\\\/uploads\\\/2025\\\/04\\\/logo-25.png\",\"contentUrl\":\"https:\\\/\\\/historiaintelectual.com.ar\\\/wp-content\\\/uploads\\\/2025\\\/04\\\/logo-25.png\",\"width\":456,\"height\":456,\"caption\":\"Centro Historia Intelectual\"},\"image\":{\"@id\":\"https:\\\/\\\/historiaintelectual.com.ar\\\/#\\\/schema\\\/logo\\\/image\\\/\"},\"sameAs\":[\"https:\\\/\\\/www.facebook.com\\\/Centrodehistoriaintelectual\\\/\",\"https:\\\/\\\/www.youtube.com\\\/channel\\\/UCGr8q_2-dchoqKT-jT5Lmfw\",\"https:\\\/\\\/www.instagram.com\\\/chi_unq\\\/\"]},{\"@type\":\"Person\",\"@id\":\"https:\\\/\\\/historiaintelectual.com.ar\\\/#\\\/schema\\\/person\\\/885c05ccc3314e2dec0bd9b0825c5912\",\"name\":\"admin\",\"url\":\"https:\\\/\\\/historiaintelectual.com.ar\\\/eng\\\/author\\\/admin\\\/\"}]}<\/script>\n<!-- \/ Yoast SEO plugin. -->","yoast_head_json":{"title":"La Argentina como problema &#187; Historia Intelectual","robots":{"index":"index","follow":"follow","max-snippet":"max-snippet:-1","max-image-preview":"max-image-preview:large","max-video-preview":"max-video-preview:-1"},"canonical":"https:\/\/historiaintelectual.com.ar\/eng\/la-argentina-como-problema\/","og_locale":"en_US","og_type":"article","og_title":"La Argentina como problema &#187; Historia Intelectual","og_description":"Link a la editorial La Argentina como problema Autores:\u00a0Ana Clarisa Ag\u00fcero \/ Carlos Altamirano \/ Mart\u00edn Bergel \/ Alejandro Blanco \/ Sebasti\u00e1n Carassai \/ Jimena Caravacca \/ Horacio Crespo \/ Fernando Degiovanni \/ Fernando J. Devoto \/ Laura Ehrlich \/ Diego Garc\u00eda \/ Adri\u00e1n Gorelik \/ Mar\u00eda Teresa Gramuglio \/ Roy Hora \/ Andr\u00e9s Kozel [&hellip;]","og_url":"https:\/\/historiaintelectual.com.ar\/eng\/la-argentina-como-problema\/","og_site_name":"Historia Intelectual","article_publisher":"https:\/\/www.facebook.com\/Centrodehistoriaintelectual\/","article_published_time":"2025-04-29T13:17:26+00:00","article_modified_time":"2025-06-09T18:52:01+00:00","og_image":[{"width":1228,"height":1819,"url":"https:\/\/historiaintelectual.com.ar\/wp-content\/uploads\/2020\/09\/La-Argentina-como-problema_tapa.jpg","type":"image\/jpeg"}],"author":"admin","schema":{"@context":"https:\/\/schema.org","@graph":[{"@type":"Article","@id":"https:\/\/historiaintelectual.com.ar\/eng\/la-argentina-como-problema\/#article","isPartOf":{"@id":"https:\/\/historiaintelectual.com.ar\/eng\/la-argentina-como-problema\/"},"author":{"name":"admin","@id":"https:\/\/historiaintelectual.com.ar\/#\/schema\/person\/885c05ccc3314e2dec0bd9b0825c5912"},"headline":"La Argentina como problema","datePublished":"2025-04-29T13:17:26+00:00","dateModified":"2025-06-09T18:52:01+00:00","mainEntityOfPage":{"@id":"https:\/\/historiaintelectual.com.ar\/eng\/la-argentina-como-problema\/"},"wordCount":338,"publisher":{"@id":"https:\/\/historiaintelectual.com.ar\/#organization"},"image":{"@id":"https:\/\/historiaintelectual.com.ar\/eng\/la-argentina-como-problema\/#primaryimage"},"thumbnailUrl":"https:\/\/historiaintelectual.com.ar\/wp-content\/uploads\/2020\/09\/La-Argentina-como-problema_tapa.jpg","articleSection":["Publicaciones colectivas"],"inLanguage":"en-US"},{"@type":"WebPage","@id":"https:\/\/historiaintelectual.com.ar\/eng\/la-argentina-como-problema\/","url":"https:\/\/historiaintelectual.com.ar\/eng\/la-argentina-como-problema\/","name":"La Argentina como problema &#187; Historia Intelectual","isPartOf":{"@id":"https:\/\/historiaintelectual.com.ar\/#website"},"primaryImageOfPage":{"@id":"https:\/\/historiaintelectual.com.ar\/eng\/la-argentina-como-problema\/#primaryimage"},"image":{"@id":"https:\/\/historiaintelectual.com.ar\/eng\/la-argentina-como-problema\/#primaryimage"},"thumbnailUrl":"https:\/\/historiaintelectual.com.ar\/wp-content\/uploads\/2020\/09\/La-Argentina-como-problema_tapa.jpg","datePublished":"2025-04-29T13:17:26+00:00","dateModified":"2025-06-09T18:52:01+00:00","breadcrumb":{"@id":"https:\/\/historiaintelectual.com.ar\/eng\/la-argentina-como-problema\/#breadcrumb"},"inLanguage":"en-US","potentialAction":[{"@type":"ReadAction","target":["https:\/\/historiaintelectual.com.ar\/eng\/la-argentina-como-problema\/"]}]},{"@type":"ImageObject","inLanguage":"en-US","@id":"https:\/\/historiaintelectual.com.ar\/eng\/la-argentina-como-problema\/#primaryimage","url":"https:\/\/historiaintelectual.com.ar\/wp-content\/uploads\/2020\/09\/La-Argentina-como-problema_tapa.jpg","contentUrl":"https:\/\/historiaintelectual.com.ar\/wp-content\/uploads\/2020\/09\/La-Argentina-como-problema_tapa.jpg","width":1228,"height":1819},{"@type":"BreadcrumbList","@id":"https:\/\/historiaintelectual.com.ar\/eng\/la-argentina-como-problema\/#breadcrumb","itemListElement":[{"@type":"ListItem","position":1,"name":"Portada","item":"https:\/\/historiaintelectual.com.ar\/"},{"@type":"ListItem","position":2,"name":"La Argentina como problema"}]},{"@type":"WebSite","@id":"https:\/\/historiaintelectual.com.ar\/#website","url":"https:\/\/historiaintelectual.com.ar\/","name":"Historia Intelectual","description":"Center for Intellectual History","publisher":{"@id":"https:\/\/historiaintelectual.com.ar\/#organization"},"alternateName":"Centro de historia intelectual","potentialAction":[{"@type":"SearchAction","target":{"@type":"EntryPoint","urlTemplate":"https:\/\/historiaintelectual.com.ar\/?s={search_term_string}"},"query-input":{"@type":"PropertyValueSpecification","valueRequired":true,"valueName":"search_term_string"}}],"inLanguage":"en-US"},{"@type":"Organization","@id":"https:\/\/historiaintelectual.com.ar\/#organization","name":"Centro Historia Intelectual","url":"https:\/\/historiaintelectual.com.ar\/","logo":{"@type":"ImageObject","inLanguage":"en-US","@id":"https:\/\/historiaintelectual.com.ar\/#\/schema\/logo\/image\/","url":"https:\/\/historiaintelectual.com.ar\/wp-content\/uploads\/2025\/04\/logo-25.png","contentUrl":"https:\/\/historiaintelectual.com.ar\/wp-content\/uploads\/2025\/04\/logo-25.png","width":456,"height":456,"caption":"Centro Historia Intelectual"},"image":{"@id":"https:\/\/historiaintelectual.com.ar\/#\/schema\/logo\/image\/"},"sameAs":["https:\/\/www.facebook.com\/Centrodehistoriaintelectual\/","https:\/\/www.youtube.com\/channel\/UCGr8q_2-dchoqKT-jT5Lmfw","https:\/\/www.instagram.com\/chi_unq\/"]},{"@type":"Person","@id":"https:\/\/historiaintelectual.com.ar\/#\/schema\/person\/885c05ccc3314e2dec0bd9b0825c5912","name":"admin","url":"https:\/\/historiaintelectual.com.ar\/eng\/author\/admin\/"}]}},"_links":{"self":[{"href":"https:\/\/historiaintelectual.com.ar\/eng\/wp-json\/wp\/v2\/posts\/8341","targetHints":{"allow":["GET"]}}],"collection":[{"href":"https:\/\/historiaintelectual.com.ar\/eng\/wp-json\/wp\/v2\/posts"}],"about":[{"href":"https:\/\/historiaintelectual.com.ar\/eng\/wp-json\/wp\/v2\/types\/post"}],"author":[{"embeddable":true,"href":"https:\/\/historiaintelectual.com.ar\/eng\/wp-json\/wp\/v2\/users\/1"}],"replies":[{"embeddable":true,"href":"https:\/\/historiaintelectual.com.ar\/eng\/wp-json\/wp\/v2\/comments?post=8341"}],"version-history":[{"count":22,"href":"https:\/\/historiaintelectual.com.ar\/eng\/wp-json\/wp\/v2\/posts\/8341\/revisions"}],"predecessor-version":[{"id":9099,"href":"https:\/\/historiaintelectual.com.ar\/eng\/wp-json\/wp\/v2\/posts\/8341\/revisions\/9099"}],"wp:featuredmedia":[{"embeddable":true,"href":"https:\/\/historiaintelectual.com.ar\/eng\/wp-json\/wp\/v2\/media\/6521"}],"wp:attachment":[{"href":"https:\/\/historiaintelectual.com.ar\/eng\/wp-json\/wp\/v2\/media?parent=8341"}],"wp:term":[{"taxonomy":"category","embeddable":true,"href":"https:\/\/historiaintelectual.com.ar\/eng\/wp-json\/wp\/v2\/categories?post=8341"},{"taxonomy":"post_tag","embeddable":true,"href":"https:\/\/historiaintelectual.com.ar\/eng\/wp-json\/wp\/v2\/tags?post=8341"}],"curies":[{"name":"wp","href":"https:\/\/api.w.org\/{rel}","templated":true}]}}