{"id":7428,"date":"2023-02-25T19:54:20","date_gmt":"2023-02-25T19:54:20","guid":{"rendered":"https:\/\/historiaintelectual.com.ar\/?p=7428"},"modified":"2025-05-21T16:30:09","modified_gmt":"2025-05-21T19:30:09","slug":"celebracion-de-los-25-anos-de-prismas","status":"publish","type":"post","link":"https:\/\/historiaintelectual.com.ar\/eng\/celebracion-de-los-25-anos-de-prismas\/","title":{"rendered":"Celebraci\u00f3n de los 25 a\u00f1os de Prismas"},"content":{"rendered":"<div data-elementor-type=\"wp-post\" data-elementor-id=\"7428\" class=\"elementor elementor-7428\" data-elementor-post-type=\"post\">\n\t\t\t\t<div class=\"elementor-element elementor-element-25c63b6f e-flex e-con-boxed e-con e-parent\" data-id=\"25c63b6f\" data-element_type=\"container\" data-e-type=\"container\">\n\t\t\t\t\t<div class=\"e-con-inner\">\n\t\t<div class=\"elementor-element elementor-element-db97395 e-con-full e-flex e-con e-child\" data-id=\"db97395\" data-element_type=\"container\" data-e-type=\"container\">\n\t\t<div class=\"elementor-element elementor-element-13e8cd9 e-con-full e-flex e-con e-child\" data-id=\"13e8cd9\" data-element_type=\"container\" data-e-type=\"container\">\n\t\t\t\t<div class=\"elementor-element elementor-element-6ea5d34 elementor-widget elementor-widget-theme-post-title elementor-page-title elementor-widget-heading\" data-id=\"6ea5d34\" data-element_type=\"widget\" data-e-type=\"widget\" data-widget_type=\"theme-post-title.default\">\n\t\t\t\t<div class=\"elementor-widget-container\">\n\t\t\t\t\t<h3 class=\"elementor-heading-title elementor-size-default\">Celebraci\u00f3n de los 25 a\u00f1os de Prismas<\/h3>\t\t\t\t<\/div>\n\t\t\t\t<\/div>\n\t\t\t\t<\/div>\n\t\t<div class=\"elementor-element elementor-element-6b48382 e-con-full e-flex e-con e-child\" data-id=\"6b48382\" data-element_type=\"container\" data-e-type=\"container\">\n\t\t\t\t<\/div>\n\t\t<div class=\"elementor-element elementor-element-0e70961 e-con-full e-flex e-con e-child\" data-id=\"0e70961\" data-element_type=\"container\" data-e-type=\"container\">\n\t\t\t\t<\/div>\n\t\t<div class=\"elementor-element elementor-element-2096c08 e-con-full e-flex e-con e-child\" data-id=\"2096c08\" data-element_type=\"container\" data-e-type=\"container\">\n\t\t\t\t<\/div>\n\t\t\t\t<\/div>\n\t\t\t\t<div class=\"elementor-element elementor-element-309a4729 elementor-widget elementor-widget-text-editor\" data-id=\"309a4729\" data-element_type=\"widget\" data-e-type=\"widget\" data-widget_type=\"text-editor.default\">\n\t\t\t\t<div class=\"elementor-widget-container\">\n\t\t\t\t\t\t\t\t\t<h3><a href=\"https:\/\/historiaintelectual.com.ar\/eng\/indiceprismas\/\"><span style=\"color: #a80c0c;\">Revista Prismas celebra sus 25 a\u00f1os<\/span><\/a><\/h3><p><a href=\"https:\/\/historiaintelectual.com.ar\/eng\/indiceprismas\/\" target=\"_blank\" rel=\"noopener\"><img fetchpriority=\"high\" decoding=\"async\" class=\"alignnone wp-image-7429 size-full\" src=\"https:\/\/historiaintelectual.com.ar\/wp-content\/uploads\/2023\/02\/Afiche-Prismas_25-anos-scaled.jpg\" alt=\"\" width=\"1918\" height=\"2560\" srcset=\"https:\/\/historiaintelectual.com.ar\/wp-content\/uploads\/2023\/02\/Afiche-Prismas_25-anos-scaled.jpg 1918w, https:\/\/historiaintelectual.com.ar\/wp-content\/uploads\/2023\/02\/Afiche-Prismas_25-anos-225x300.jpg 225w, https:\/\/historiaintelectual.com.ar\/wp-content\/uploads\/2023\/02\/Afiche-Prismas_25-anos-767x1024.jpg 767w, https:\/\/historiaintelectual.com.ar\/wp-content\/uploads\/2023\/02\/Afiche-Prismas_25-anos-768x1025.jpg 768w, https:\/\/historiaintelectual.com.ar\/wp-content\/uploads\/2023\/02\/Afiche-Prismas_25-anos-1151x1536.jpg 1151w, https:\/\/historiaintelectual.com.ar\/wp-content\/uploads\/2023\/02\/Afiche-Prismas_25-anos-1534x2048.jpg 1534w\" sizes=\"(max-width: 1918px) 100vw, 1918px\" \/><\/a><\/p>\t\t\t\t\t\t\t\t<\/div>\n\t\t\t\t<\/div>\n\t\t\t\t\t<\/div>\n\t\t\t\t<\/div>\n\t\t\t\t<\/div>","protected":false},"excerpt":{"rendered":"<p>Revista Prismas celebra sus 25 a\u00f1os<\/p>","protected":false},"author":1,"featured_media":4049,"comment_status":"closed","ping_status":"closed","sticky":false,"template":"","format":"standard","meta":{"footnotes":""},"categories":[1],"tags":[191,197],"class_list":["post-7428","post","type-post","status-publish","format-standard","has-post-thumbnail","hentry","category-sin-categoria","tag-historia-intelectual","tag-prismas"],"yoast_head":"<!-- This site is optimized with the Yoast SEO plugin v27.3 - https:\/\/yoast.com\/product\/yoast-seo-wordpress\/ -->\n<title>Celebraci\u00f3n de los 25 a\u00f1os de Prismas &#187; Historia Intelectual<\/title>\n<meta name=\"robots\" content=\"index, follow, max-snippet:-1, max-image-preview:large, max-video-preview:-1\" \/>\n<link rel=\"canonical\" href=\"https:\/\/historiaintelectual.com.ar\/eng\/celebracion-de-los-25-anos-de-prismas\/\" \/>\n<meta property=\"og:locale\" content=\"en_US\" \/>\n<meta property=\"og:type\" content=\"article\" \/>\n<meta property=\"og:title\" content=\"Celebraci\u00f3n de los 25 a\u00f1os de Prismas &#187; Historia Intelectual\" \/>\n<meta property=\"og:description\" content=\"Revista Prismas celebra sus 25 a\u00f1os\" \/>\n<meta property=\"og:url\" content=\"https:\/\/historiaintelectual.com.ar\/eng\/celebracion-de-los-25-anos-de-prismas\/\" \/>\n<meta property=\"og:site_name\" content=\"Historia Intelectual\" \/>\n<meta property=\"article:publisher\" content=\"https:\/\/www.facebook.com\/Centrodehistoriaintelectual\/\" \/>\n<meta property=\"article:published_time\" content=\"2023-02-25T19:54:20+00:00\" \/>\n<meta property=\"article:modified_time\" content=\"2025-05-21T19:30:09+00:00\" \/>\n<meta property=\"og:image\" content=\"https:\/\/historiaintelectual.com.ar\/wp-content\/uploads\/2015\/07\/taller.gif\" \/>\n\t<meta property=\"og:image:width\" content=\"611\" \/>\n\t<meta property=\"og:image:height\" content=\"251\" \/>\n\t<meta property=\"og:image:type\" content=\"image\/gif\" \/>\n<meta name=\"author\" content=\"admin\" \/>\n<script type=\"application\/ld+json\" class=\"yoast-schema-graph\">{\"@context\":\"https:\\\/\\\/schema.org\",\"@graph\":[{\"@type\":\"Article\",\"@id\":\"https:\\\/\\\/historiaintelectual.com.ar\\\/celebracion-de-los-25-anos-de-prismas\\\/#article\",\"isPartOf\":{\"@id\":\"https:\\\/\\\/historiaintelectual.com.ar\\\/celebracion-de-los-25-anos-de-prismas\\\/\"},\"author\":{\"name\":\"admin\",\"@id\":\"https:\\\/\\\/historiaintelectual.com.ar\\\/#\\\/schema\\\/person\\\/885c05ccc3314e2dec0bd9b0825c5912\"},\"headline\":\"Celebraci\u00f3n de los 25 a\u00f1os de Prismas\",\"datePublished\":\"2023-02-25T19:54:20+00:00\",\"dateModified\":\"2025-05-21T19:30:09+00:00\",\"mainEntityOfPage\":{\"@id\":\"https:\\\/\\\/historiaintelectual.com.ar\\\/celebracion-de-los-25-anos-de-prismas\\\/\"},\"wordCount\":14,\"publisher\":{\"@id\":\"https:\\\/\\\/historiaintelectual.com.ar\\\/#organization\"},\"image\":{\"@id\":\"https:\\\/\\\/historiaintelectual.com.ar\\\/celebracion-de-los-25-anos-de-prismas\\\/#primaryimage\"},\"thumbnailUrl\":\"https:\\\/\\\/historiaintelectual.com.ar\\\/wp-content\\\/uploads\\\/2015\\\/07\\\/taller.gif\",\"keywords\":[\"Historia Intelectual\",\"Prismas\"],\"articleSection\":[\"Sin categor\u00eda\"],\"inLanguage\":\"en-US\"},{\"@type\":\"WebPage\",\"@id\":\"https:\\\/\\\/historiaintelectual.com.ar\\\/celebracion-de-los-25-anos-de-prismas\\\/\",\"url\":\"https:\\\/\\\/historiaintelectual.com.ar\\\/celebracion-de-los-25-anos-de-prismas\\\/\",\"name\":\"Celebraci\u00f3n de los 25 a\u00f1os de Prismas &#187; Historia Intelectual\",\"isPartOf\":{\"@id\":\"https:\\\/\\\/historiaintelectual.com.ar\\\/#website\"},\"primaryImageOfPage\":{\"@id\":\"https:\\\/\\\/historiaintelectual.com.ar\\\/celebracion-de-los-25-anos-de-prismas\\\/#primaryimage\"},\"image\":{\"@id\":\"https:\\\/\\\/historiaintelectual.com.ar\\\/celebracion-de-los-25-anos-de-prismas\\\/#primaryimage\"},\"thumbnailUrl\":\"https:\\\/\\\/historiaintelectual.com.ar\\\/wp-content\\\/uploads\\\/2015\\\/07\\\/taller.gif\",\"datePublished\":\"2023-02-25T19:54:20+00:00\",\"dateModified\":\"2025-05-21T19:30:09+00:00\",\"breadcrumb\":{\"@id\":\"https:\\\/\\\/historiaintelectual.com.ar\\\/celebracion-de-los-25-anos-de-prismas\\\/#breadcrumb\"},\"inLanguage\":\"en-US\",\"potentialAction\":[{\"@type\":\"ReadAction\",\"target\":[\"https:\\\/\\\/historiaintelectual.com.ar\\\/celebracion-de-los-25-anos-de-prismas\\\/\"]}]},{\"@type\":\"ImageObject\",\"inLanguage\":\"en-US\",\"@id\":\"https:\\\/\\\/historiaintelectual.com.ar\\\/celebracion-de-los-25-anos-de-prismas\\\/#primaryimage\",\"url\":\"https:\\\/\\\/historiaintelectual.com.ar\\\/wp-content\\\/uploads\\\/2015\\\/07\\\/taller.gif\",\"contentUrl\":\"https:\\\/\\\/historiaintelectual.com.ar\\\/wp-content\\\/uploads\\\/2015\\\/07\\\/taller.gif\",\"width\":611,\"height\":251},{\"@type\":\"BreadcrumbList\",\"@id\":\"https:\\\/\\\/historiaintelectual.com.ar\\\/celebracion-de-los-25-anos-de-prismas\\\/#breadcrumb\",\"itemListElement\":[{\"@type\":\"ListItem\",\"position\":1,\"name\":\"Portada\",\"item\":\"https:\\\/\\\/historiaintelectual.com.ar\\\/\"},{\"@type\":\"ListItem\",\"position\":2,\"name\":\"Celebraci\u00f3n de los 25 a\u00f1os de Prismas\"}]},{\"@type\":\"WebSite\",\"@id\":\"https:\\\/\\\/historiaintelectual.com.ar\\\/#website\",\"url\":\"https:\\\/\\\/historiaintelectual.com.ar\\\/\",\"name\":\"Historia Intelectual\",\"description\":\"Centro de Historia Intelectual\",\"publisher\":{\"@id\":\"https:\\\/\\\/historiaintelectual.com.ar\\\/#organization\"},\"alternateName\":\"Centro de historia intelectual\",\"potentialAction\":[{\"@type\":\"SearchAction\",\"target\":{\"@type\":\"EntryPoint\",\"urlTemplate\":\"https:\\\/\\\/historiaintelectual.com.ar\\\/?s={search_term_string}\"},\"query-input\":{\"@type\":\"PropertyValueSpecification\",\"valueRequired\":true,\"valueName\":\"search_term_string\"}}],\"inLanguage\":\"en-US\"},{\"@type\":\"Organization\",\"@id\":\"https:\\\/\\\/historiaintelectual.com.ar\\\/#organization\",\"name\":\"Centro Historia Intelectual\",\"url\":\"https:\\\/\\\/historiaintelectual.com.ar\\\/\",\"logo\":{\"@type\":\"ImageObject\",\"inLanguage\":\"en-US\",\"@id\":\"https:\\\/\\\/historiaintelectual.com.ar\\\/#\\\/schema\\\/logo\\\/image\\\/\",\"url\":\"https:\\\/\\\/historiaintelectual.com.ar\\\/wp-content\\\/uploads\\\/2025\\\/04\\\/logo-25.png\",\"contentUrl\":\"https:\\\/\\\/historiaintelectual.com.ar\\\/wp-content\\\/uploads\\\/2025\\\/04\\\/logo-25.png\",\"width\":456,\"height\":456,\"caption\":\"Centro Historia Intelectual\"},\"image\":{\"@id\":\"https:\\\/\\\/historiaintelectual.com.ar\\\/#\\\/schema\\\/logo\\\/image\\\/\"},\"sameAs\":[\"https:\\\/\\\/www.facebook.com\\\/Centrodehistoriaintelectual\\\/\",\"https:\\\/\\\/www.youtube.com\\\/channel\\\/UCGr8q_2-dchoqKT-jT5Lmfw\",\"https:\\\/\\\/www.instagram.com\\\/chi_unq\\\/\"]},{\"@type\":\"Person\",\"@id\":\"https:\\\/\\\/historiaintelectual.com.ar\\\/#\\\/schema\\\/person\\\/885c05ccc3314e2dec0bd9b0825c5912\",\"name\":\"admin\",\"url\":\"https:\\\/\\\/historiaintelectual.com.ar\\\/eng\\\/author\\\/admin\\\/\"}]}<\/script>\n<!-- \/ Yoast SEO plugin. -->","yoast_head_json":{"title":"Celebraci\u00f3n de los 25 a\u00f1os de Prismas &#187; Historia Intelectual","robots":{"index":"index","follow":"follow","max-snippet":"max-snippet:-1","max-image-preview":"max-image-preview:large","max-video-preview":"max-video-preview:-1"},"canonical":"https:\/\/historiaintelectual.com.ar\/eng\/celebracion-de-los-25-anos-de-prismas\/","og_locale":"en_US","og_type":"article","og_title":"Celebraci\u00f3n de los 25 a\u00f1os de Prismas &#187; Historia Intelectual","og_description":"Revista Prismas celebra sus 25 a\u00f1os","og_url":"https:\/\/historiaintelectual.com.ar\/eng\/celebracion-de-los-25-anos-de-prismas\/","og_site_name":"Historia Intelectual","article_publisher":"https:\/\/www.facebook.com\/Centrodehistoriaintelectual\/","article_published_time":"2023-02-25T19:54:20+00:00","article_modified_time":"2025-05-21T19:30:09+00:00","og_image":[{"width":611,"height":251,"url":"https:\/\/historiaintelectual.com.ar\/wp-content\/uploads\/2015\/07\/taller.gif","type":"image\/gif"}],"author":"admin","schema":{"@context":"https:\/\/schema.org","@graph":[{"@type":"Article","@id":"https:\/\/historiaintelectual.com.ar\/celebracion-de-los-25-anos-de-prismas\/#article","isPartOf":{"@id":"https:\/\/historiaintelectual.com.ar\/celebracion-de-los-25-anos-de-prismas\/"},"author":{"name":"admin","@id":"https:\/\/historiaintelectual.com.ar\/#\/schema\/person\/885c05ccc3314e2dec0bd9b0825c5912"},"headline":"Celebraci\u00f3n de los 25 a\u00f1os de Prismas","datePublished":"2023-02-25T19:54:20+00:00","dateModified":"2025-05-21T19:30:09+00:00","mainEntityOfPage":{"@id":"https:\/\/historiaintelectual.com.ar\/celebracion-de-los-25-anos-de-prismas\/"},"wordCount":14,"publisher":{"@id":"https:\/\/historiaintelectual.com.ar\/#organization"},"image":{"@id":"https:\/\/historiaintelectual.com.ar\/celebracion-de-los-25-anos-de-prismas\/#primaryimage"},"thumbnailUrl":"https:\/\/historiaintelectual.com.ar\/wp-content\/uploads\/2015\/07\/taller.gif","keywords":["Historia Intelectual","Prismas"],"articleSection":["Sin categor\u00eda"],"inLanguage":"en-US"},{"@type":"WebPage","@id":"https:\/\/historiaintelectual.com.ar\/celebracion-de-los-25-anos-de-prismas\/","url":"https:\/\/historiaintelectual.com.ar\/celebracion-de-los-25-anos-de-prismas\/","name":"Celebraci\u00f3n de los 25 a\u00f1os de Prismas &#187; Historia Intelectual","isPartOf":{"@id":"https:\/\/historiaintelectual.com.ar\/#website"},"primaryImageOfPage":{"@id":"https:\/\/historiaintelectual.com.ar\/celebracion-de-los-25-anos-de-prismas\/#primaryimage"},"image":{"@id":"https:\/\/historiaintelectual.com.ar\/celebracion-de-los-25-anos-de-prismas\/#primaryimage"},"thumbnailUrl":"https:\/\/historiaintelectual.com.ar\/wp-content\/uploads\/2015\/07\/taller.gif","datePublished":"2023-02-25T19:54:20+00:00","dateModified":"2025-05-21T19:30:09+00:00","breadcrumb":{"@id":"https:\/\/historiaintelectual.com.ar\/celebracion-de-los-25-anos-de-prismas\/#breadcrumb"},"inLanguage":"en-US","potentialAction":[{"@type":"ReadAction","target":["https:\/\/historiaintelectual.com.ar\/celebracion-de-los-25-anos-de-prismas\/"]}]},{"@type":"ImageObject","inLanguage":"en-US","@id":"https:\/\/historiaintelectual.com.ar\/celebracion-de-los-25-anos-de-prismas\/#primaryimage","url":"https:\/\/historiaintelectual.com.ar\/wp-content\/uploads\/2015\/07\/taller.gif","contentUrl":"https:\/\/historiaintelectual.com.ar\/wp-content\/uploads\/2015\/07\/taller.gif","width":611,"height":251},{"@type":"BreadcrumbList","@id":"https:\/\/historiaintelectual.com.ar\/celebracion-de-los-25-anos-de-prismas\/#breadcrumb","itemListElement":[{"@type":"ListItem","position":1,"name":"Portada","item":"https:\/\/historiaintelectual.com.ar\/"},{"@type":"ListItem","position":2,"name":"Celebraci\u00f3n de los 25 a\u00f1os de Prismas"}]},{"@type":"WebSite","@id":"https:\/\/historiaintelectual.com.ar\/#website","url":"https:\/\/historiaintelectual.com.ar\/","name":"Historia Intelectual","description":"Center for Intellectual History","publisher":{"@id":"https:\/\/historiaintelectual.com.ar\/#organization"},"alternateName":"Centro de historia intelectual","potentialAction":[{"@type":"SearchAction","target":{"@type":"EntryPoint","urlTemplate":"https:\/\/historiaintelectual.com.ar\/?s={search_term_string}"},"query-input":{"@type":"PropertyValueSpecification","valueRequired":true,"valueName":"search_term_string"}}],"inLanguage":"en-US"},{"@type":"Organization","@id":"https:\/\/historiaintelectual.com.ar\/#organization","name":"Centro Historia Intelectual","url":"https:\/\/historiaintelectual.com.ar\/","logo":{"@type":"ImageObject","inLanguage":"en-US","@id":"https:\/\/historiaintelectual.com.ar\/#\/schema\/logo\/image\/","url":"https:\/\/historiaintelectual.com.ar\/wp-content\/uploads\/2025\/04\/logo-25.png","contentUrl":"https:\/\/historiaintelectual.com.ar\/wp-content\/uploads\/2025\/04\/logo-25.png","width":456,"height":456,"caption":"Centro Historia Intelectual"},"image":{"@id":"https:\/\/historiaintelectual.com.ar\/#\/schema\/logo\/image\/"},"sameAs":["https:\/\/www.facebook.com\/Centrodehistoriaintelectual\/","https:\/\/www.youtube.com\/channel\/UCGr8q_2-dchoqKT-jT5Lmfw","https:\/\/www.instagram.com\/chi_unq\/"]},{"@type":"Person","@id":"https:\/\/historiaintelectual.com.ar\/#\/schema\/person\/885c05ccc3314e2dec0bd9b0825c5912","name":"admin","url":"https:\/\/historiaintelectual.com.ar\/eng\/author\/admin\/"}]}},"_links":{"self":[{"href":"https:\/\/historiaintelectual.com.ar\/eng\/wp-json\/wp\/v2\/posts\/7428","targetHints":{"allow":["GET"]}}],"collection":[{"href":"https:\/\/historiaintelectual.com.ar\/eng\/wp-json\/wp\/v2\/posts"}],"about":[{"href":"https:\/\/historiaintelectual.com.ar\/eng\/wp-json\/wp\/v2\/types\/post"}],"author":[{"embeddable":true,"href":"https:\/\/historiaintelectual.com.ar\/eng\/wp-json\/wp\/v2\/users\/1"}],"replies":[{"embeddable":true,"href":"https:\/\/historiaintelectual.com.ar\/eng\/wp-json\/wp\/v2\/comments?post=7428"}],"version-history":[{"count":5,"href":"https:\/\/historiaintelectual.com.ar\/eng\/wp-json\/wp\/v2\/posts\/7428\/revisions"}],"predecessor-version":[{"id":7845,"href":"https:\/\/historiaintelectual.com.ar\/eng\/wp-json\/wp\/v2\/posts\/7428\/revisions\/7845"}],"wp:featuredmedia":[{"embeddable":true,"href":"https:\/\/historiaintelectual.com.ar\/eng\/wp-json\/wp\/v2\/media\/4049"}],"wp:attachment":[{"href":"https:\/\/historiaintelectual.com.ar\/eng\/wp-json\/wp\/v2\/media?parent=7428"}],"wp:term":[{"taxonomy":"category","embeddable":true,"href":"https:\/\/historiaintelectual.com.ar\/eng\/wp-json\/wp\/v2\/categories?post=7428"},{"taxonomy":"post_tag","embeddable":true,"href":"https:\/\/historiaintelectual.com.ar\/eng\/wp-json\/wp\/v2\/tags?post=7428"}],"curies":[{"name":"wp","href":"https:\/\/api.w.org\/{rel}","templated":true}]}}