{"id":7268,"date":"2022-04-08T18:49:38","date_gmt":"2022-04-08T18:49:38","guid":{"rendered":"https:\/\/historiaintelectual.com.ar\/?p=7268"},"modified":"2025-09-25T10:22:44","modified_gmt":"2025-09-25T13:22:44","slug":"santiago-roggerone-2","status":"publish","type":"post","link":"https:\/\/historiaintelectual.com.ar\/eng\/santiago-roggerone-2\/","title":{"rendered":"Santiago M. Roggerone"},"content":{"rendered":"<div data-elementor-type=\"wp-post\" data-elementor-id=\"7268\" class=\"elementor elementor-7268\" data-elementor-post-type=\"post\">\n\t\t\t\t<div class=\"elementor-element elementor-element-12640d45 e-flex e-con-boxed e-con e-parent\" data-id=\"12640d45\" data-element_type=\"container\" data-e-type=\"container\">\n\t\t\t\t\t<div class=\"e-con-inner\">\n\t\t<div class=\"elementor-element elementor-element-113becb5 e-con-full e-flex e-con e-child\" data-id=\"113becb5\" data-element_type=\"container\" data-e-type=\"container\">\n\t\t\t\t<div class=\"elementor-element elementor-element-51f46d4f elementor-widget elementor-widget-theme-post-featured-image elementor-widget-image\" data-id=\"51f46d4f\" data-element_type=\"widget\" data-e-type=\"widget\" data-widget_type=\"theme-post-featured-image.default\">\n\t\t\t\t<div class=\"elementor-widget-container\">\n\t\t\t\t\t\t\t\t\t\t\t\t<figure class=\"wp-caption\">\n\t\t\t\t\t\t\t\t\t\t<img fetchpriority=\"high\" decoding=\"async\" width=\"300\" height=\"258\" src=\"https:\/\/historiaintelectual.com.ar\/wp-content\/uploads\/2022\/04\/91833238_10221706501874159_2532286127579070464_n-3-e1649454224987.jpeg\" class=\"attachment-full size-full wp-image-7273\" alt=\"\" \/>\t\t\t\t\t\t\t\t\t\t\t<figcaption class=\"widget-image-caption wp-caption-text\">Santiago M. Roggerone <br>(Buenos Aires, 1984)<\/figcaption>\n\t\t\t\t\t\t\t\t\t\t<\/figure>\n\t\t\t\t\t\t\t\t\t<\/div>\n\t\t\t\t<\/div>\n\t\t\t\t<\/div>\n\t\t<div class=\"elementor-element elementor-element-6d9a6615 e-con-full e-flex e-con e-child\" data-id=\"6d9a6615\" data-element_type=\"container\" data-e-type=\"container\">\n\t\t\t\t<div class=\"elementor-element elementor-element-31fe0b00 elementor-widget elementor-widget-text-editor\" data-id=\"31fe0b00\" data-element_type=\"widget\" data-e-type=\"widget\" data-widget_type=\"text-editor.default\">\n\t\t\t\t<div class=\"elementor-widget-container\">\n\t\t\t\t\t\t\t\t\t<div>Santiago M. Roggerone (PhD, Social Sciences, Universidad de Buenos Aires; B.A., Prof, M.A., Sociology of Culture, Universidad Nacional de San Mart\u00edn, B.A.). He currently works as a researcher for the CONICET at the Center for Intellectual History at the Universidad Nacional de Quilmes, as a professor at the Universidad Nacional del Chaco Austral, and as head of practical work and first assistant at the UBA. In addition to teaching at the undergraduate and graduate levels and participating in and\/or directing various research projects and programs, he coordinates the Contemporary Critical Theory Study Group at the Instituto de Investigaciones Gino Germani, UBA.<\/div><div>He is the author of the books, <em>In the Tracks of Western Marxism: The Adventures of a Concept from Schifrin to Losurdo<\/em> <em>(and Beyond)<\/em> (Brill, 2026), <em>Hip\u00f3tesis comunistas<\/em> (Red Editorial, 2025), <em>Tras las huellas del marxismo occidental<\/em> (Ediciones IPS, 2022), <em>Venir despu\u00e9s: Notas y conjeturas generacionales<\/em> (Red Editorial, 2020) and <em>\u00bfAlguien dijo crisis del marxismo? Axel Honneth, Slavoj \u017di\u017eek y las nuevas teor\u00edas cr\u00edticas de la sociedad<\/em> (Prometeo Libros, 2018). He has also compiled or edited the collective volumes <em>La Argentina y el centenario del Instituto de Investigaci\u00f3n Social: Variaciones sobre la historia, la actualidad y el porvenir de la Teor\u00eda Cr\u00edtica<\/em> (CLACSO, 2025; with Agust\u00edn L. Prestifilippo and Alexis Gros), <em>Dilemas contempor\u00e1neos de la Teor\u00eda Cr\u00edtica de la sociedad<\/em> (Biblos, 2024; with a Agust\u00edn L. Prestifilippo and Alexis Gros), <em>Crisis y cr\u00edtica: Intervenciones en presente sobre el futuro de la emancipaci\u00f3n<\/em> (IIGG-CLACSO, 2021; with Agust\u00edn L. Prestifilippo) and <em>Disparen contra Marx<\/em> (Red Editorial, 2018; with Ariel Pennisi).<\/div><div>\u00a0<\/div><div>Contact: santiago.roggerone@conicet.gov.ar<\/div><div><strong>Profile on <a href=\"https:\/\/unq.academia.edu\/SantiagoMRoggerone\">Academia<\/a>\u00a0<\/strong><\/div><div><strong><a href=\"https:\/\/historiaintelectual.com.ar\/eng\/santiago-roggerone\/\">Published books<\/a><\/strong><\/div>\t\t\t\t\t\t\t\t<\/div>\n\t\t\t\t<\/div>\n\t\t\t\t<\/div>\n\t\t\t\t\t<\/div>\n\t\t\t\t<\/div>\n\t\t\t\t<\/div>","protected":false},"excerpt":{"rendered":"<p>Santiago M. Roggerone es Doctor en Ciencias Sociales por la Universidad de Buenos Aires (UBA), Mag\u00edster en Sociolog\u00eda de la Cultura por la Universidad Nacional de San Mart\u00edn y Licenciado y Profesor en Sociolog\u00eda por la primera universidad. Actualmente se desempe\u00f1a como Investigador del Consejo Nacional de Investigaciones Cient\u00edficas y T\u00e9cnicas en el Centro de [&hellip;]<\/p>\n","protected":false},"author":1,"featured_media":7273,"comment_status":"closed","ping_status":"closed","sticky":false,"template":"","format":"standard","meta":{"footnotes":""},"categories":[94],"tags":[],"class_list":["post-7268","post","type-post","status-publish","format-standard","has-post-thumbnail","hentry","category-investigadores"],"yoast_head":"<!-- This site is optimized with the Yoast SEO plugin v27.3 - https:\/\/yoast.com\/product\/yoast-seo-wordpress\/ -->\n<title>Santiago M. Roggerone &#187; Historia Intelectual<\/title>\n<meta name=\"robots\" content=\"index, follow, max-snippet:-1, max-image-preview:large, max-video-preview:-1\" \/>\n<link rel=\"canonical\" href=\"https:\/\/historiaintelectual.com.ar\/eng\/santiago-roggerone-2\/\" \/>\n<meta property=\"og:locale\" content=\"en_US\" \/>\n<meta property=\"og:type\" content=\"article\" \/>\n<meta property=\"og:title\" content=\"Santiago M. Roggerone &#187; Historia Intelectual\" \/>\n<meta property=\"og:description\" content=\"Santiago M. Roggerone es Doctor en Ciencias Sociales por la Universidad de Buenos Aires (UBA), Mag\u00edster en Sociolog\u00eda de la Cultura por la Universidad Nacional de San Mart\u00edn y Licenciado y Profesor en Sociolog\u00eda por la primera universidad. Actualmente se desempe\u00f1a como Investigador del Consejo Nacional de Investigaciones Cient\u00edficas y T\u00e9cnicas en el Centro de [&hellip;]\" \/>\n<meta property=\"og:url\" content=\"https:\/\/historiaintelectual.com.ar\/eng\/santiago-roggerone-2\/\" \/>\n<meta property=\"og:site_name\" content=\"Historia Intelectual\" \/>\n<meta property=\"article:publisher\" content=\"https:\/\/www.facebook.com\/Centrodehistoriaintelectual\/\" \/>\n<meta property=\"article:published_time\" content=\"2022-04-08T18:49:38+00:00\" \/>\n<meta property=\"article:modified_time\" content=\"2025-09-25T13:22:44+00:00\" \/>\n<meta property=\"og:image\" content=\"https:\/\/historiaintelectual.com.ar\/wp-content\/uploads\/2022\/04\/91833238_10221706501874159_2532286127579070464_n-3-e1649454224987.jpeg\" \/>\n\t<meta property=\"og:image:width\" content=\"300\" \/>\n\t<meta property=\"og:image:height\" content=\"258\" \/>\n\t<meta property=\"og:image:type\" content=\"image\/jpeg\" \/>\n<meta name=\"author\" content=\"admin\" \/>\n<script type=\"application\/ld+json\" class=\"yoast-schema-graph\">{\"@context\":\"https:\\\/\\\/schema.org\",\"@graph\":[{\"@type\":\"Article\",\"@id\":\"https:\\\/\\\/historiaintelectual.com.ar\\\/santiago-roggerone-2\\\/#article\",\"isPartOf\":{\"@id\":\"https:\\\/\\\/historiaintelectual.com.ar\\\/santiago-roggerone-2\\\/\"},\"author\":{\"name\":\"admin\",\"@id\":\"https:\\\/\\\/historiaintelectual.com.ar\\\/#\\\/schema\\\/person\\\/885c05ccc3314e2dec0bd9b0825c5912\"},\"headline\":\"Santiago M. Roggerone\",\"datePublished\":\"2022-04-08T18:49:38+00:00\",\"dateModified\":\"2025-09-25T13:22:44+00:00\",\"mainEntityOfPage\":{\"@id\":\"https:\\\/\\\/historiaintelectual.com.ar\\\/santiago-roggerone-2\\\/\"},\"wordCount\":317,\"publisher\":{\"@id\":\"https:\\\/\\\/historiaintelectual.com.ar\\\/#organization\"},\"image\":{\"@id\":\"https:\\\/\\\/historiaintelectual.com.ar\\\/santiago-roggerone-2\\\/#primaryimage\"},\"thumbnailUrl\":\"https:\\\/\\\/historiaintelectual.com.ar\\\/wp-content\\\/uploads\\\/2022\\\/04\\\/91833238_10221706501874159_2532286127579070464_n-3-e1649454224987.jpeg\",\"articleSection\":[\"Investigadores\"],\"inLanguage\":\"en-US\"},{\"@type\":\"WebPage\",\"@id\":\"https:\\\/\\\/historiaintelectual.com.ar\\\/santiago-roggerone-2\\\/\",\"url\":\"https:\\\/\\\/historiaintelectual.com.ar\\\/santiago-roggerone-2\\\/\",\"name\":\"Santiago M. Roggerone &#187; Historia Intelectual\",\"isPartOf\":{\"@id\":\"https:\\\/\\\/historiaintelectual.com.ar\\\/#website\"},\"primaryImageOfPage\":{\"@id\":\"https:\\\/\\\/historiaintelectual.com.ar\\\/santiago-roggerone-2\\\/#primaryimage\"},\"image\":{\"@id\":\"https:\\\/\\\/historiaintelectual.com.ar\\\/santiago-roggerone-2\\\/#primaryimage\"},\"thumbnailUrl\":\"https:\\\/\\\/historiaintelectual.com.ar\\\/wp-content\\\/uploads\\\/2022\\\/04\\\/91833238_10221706501874159_2532286127579070464_n-3-e1649454224987.jpeg\",\"datePublished\":\"2022-04-08T18:49:38+00:00\",\"dateModified\":\"2025-09-25T13:22:44+00:00\",\"breadcrumb\":{\"@id\":\"https:\\\/\\\/historiaintelectual.com.ar\\\/santiago-roggerone-2\\\/#breadcrumb\"},\"inLanguage\":\"en-US\",\"potentialAction\":[{\"@type\":\"ReadAction\",\"target\":[\"https:\\\/\\\/historiaintelectual.com.ar\\\/santiago-roggerone-2\\\/\"]}]},{\"@type\":\"ImageObject\",\"inLanguage\":\"en-US\",\"@id\":\"https:\\\/\\\/historiaintelectual.com.ar\\\/santiago-roggerone-2\\\/#primaryimage\",\"url\":\"https:\\\/\\\/historiaintelectual.com.ar\\\/wp-content\\\/uploads\\\/2022\\\/04\\\/91833238_10221706501874159_2532286127579070464_n-3-e1649454224987.jpeg\",\"contentUrl\":\"https:\\\/\\\/historiaintelectual.com.ar\\\/wp-content\\\/uploads\\\/2022\\\/04\\\/91833238_10221706501874159_2532286127579070464_n-3-e1649454224987.jpeg\",\"width\":300,\"height\":258},{\"@type\":\"BreadcrumbList\",\"@id\":\"https:\\\/\\\/historiaintelectual.com.ar\\\/santiago-roggerone-2\\\/#breadcrumb\",\"itemListElement\":[{\"@type\":\"ListItem\",\"position\":1,\"name\":\"Portada\",\"item\":\"https:\\\/\\\/historiaintelectual.com.ar\\\/\"},{\"@type\":\"ListItem\",\"position\":2,\"name\":\"Santiago M. Roggerone\"}]},{\"@type\":\"WebSite\",\"@id\":\"https:\\\/\\\/historiaintelectual.com.ar\\\/#website\",\"url\":\"https:\\\/\\\/historiaintelectual.com.ar\\\/\",\"name\":\"Historia Intelectual\",\"description\":\"Centro de Historia Intelectual\",\"publisher\":{\"@id\":\"https:\\\/\\\/historiaintelectual.com.ar\\\/#organization\"},\"alternateName\":\"Centro de historia intelectual\",\"potentialAction\":[{\"@type\":\"SearchAction\",\"target\":{\"@type\":\"EntryPoint\",\"urlTemplate\":\"https:\\\/\\\/historiaintelectual.com.ar\\\/?s={search_term_string}\"},\"query-input\":{\"@type\":\"PropertyValueSpecification\",\"valueRequired\":true,\"valueName\":\"search_term_string\"}}],\"inLanguage\":\"en-US\"},{\"@type\":\"Organization\",\"@id\":\"https:\\\/\\\/historiaintelectual.com.ar\\\/#organization\",\"name\":\"Centro Historia Intelectual\",\"url\":\"https:\\\/\\\/historiaintelectual.com.ar\\\/\",\"logo\":{\"@type\":\"ImageObject\",\"inLanguage\":\"en-US\",\"@id\":\"https:\\\/\\\/historiaintelectual.com.ar\\\/#\\\/schema\\\/logo\\\/image\\\/\",\"url\":\"https:\\\/\\\/historiaintelectual.com.ar\\\/wp-content\\\/uploads\\\/2025\\\/04\\\/logo-25.png\",\"contentUrl\":\"https:\\\/\\\/historiaintelectual.com.ar\\\/wp-content\\\/uploads\\\/2025\\\/04\\\/logo-25.png\",\"width\":456,\"height\":456,\"caption\":\"Centro Historia Intelectual\"},\"image\":{\"@id\":\"https:\\\/\\\/historiaintelectual.com.ar\\\/#\\\/schema\\\/logo\\\/image\\\/\"},\"sameAs\":[\"https:\\\/\\\/www.facebook.com\\\/Centrodehistoriaintelectual\\\/\",\"https:\\\/\\\/www.youtube.com\\\/channel\\\/UCGr8q_2-dchoqKT-jT5Lmfw\",\"https:\\\/\\\/www.instagram.com\\\/chi_unq\\\/\"]},{\"@type\":\"Person\",\"@id\":\"https:\\\/\\\/historiaintelectual.com.ar\\\/#\\\/schema\\\/person\\\/885c05ccc3314e2dec0bd9b0825c5912\",\"name\":\"admin\",\"url\":\"https:\\\/\\\/historiaintelectual.com.ar\\\/eng\\\/author\\\/admin\\\/\"}]}<\/script>\n<!-- \/ Yoast SEO plugin. -->","yoast_head_json":{"title":"Santiago M. Roggerone &#187; Historia Intelectual","robots":{"index":"index","follow":"follow","max-snippet":"max-snippet:-1","max-image-preview":"max-image-preview:large","max-video-preview":"max-video-preview:-1"},"canonical":"https:\/\/historiaintelectual.com.ar\/eng\/santiago-roggerone-2\/","og_locale":"en_US","og_type":"article","og_title":"Santiago M. Roggerone &#187; Historia Intelectual","og_description":"Santiago M. Roggerone es Doctor en Ciencias Sociales por la Universidad de Buenos Aires (UBA), Mag\u00edster en Sociolog\u00eda de la Cultura por la Universidad Nacional de San Mart\u00edn y Licenciado y Profesor en Sociolog\u00eda por la primera universidad. Actualmente se desempe\u00f1a como Investigador del Consejo Nacional de Investigaciones Cient\u00edficas y T\u00e9cnicas en el Centro de [&hellip;]","og_url":"https:\/\/historiaintelectual.com.ar\/eng\/santiago-roggerone-2\/","og_site_name":"Historia Intelectual","article_publisher":"https:\/\/www.facebook.com\/Centrodehistoriaintelectual\/","article_published_time":"2022-04-08T18:49:38+00:00","article_modified_time":"2025-09-25T13:22:44+00:00","og_image":[{"width":300,"height":258,"url":"https:\/\/historiaintelectual.com.ar\/wp-content\/uploads\/2022\/04\/91833238_10221706501874159_2532286127579070464_n-3-e1649454224987.jpeg","type":"image\/jpeg"}],"author":"admin","schema":{"@context":"https:\/\/schema.org","@graph":[{"@type":"Article","@id":"https:\/\/historiaintelectual.com.ar\/santiago-roggerone-2\/#article","isPartOf":{"@id":"https:\/\/historiaintelectual.com.ar\/santiago-roggerone-2\/"},"author":{"name":"admin","@id":"https:\/\/historiaintelectual.com.ar\/#\/schema\/person\/885c05ccc3314e2dec0bd9b0825c5912"},"headline":"Santiago M. Roggerone","datePublished":"2022-04-08T18:49:38+00:00","dateModified":"2025-09-25T13:22:44+00:00","mainEntityOfPage":{"@id":"https:\/\/historiaintelectual.com.ar\/santiago-roggerone-2\/"},"wordCount":317,"publisher":{"@id":"https:\/\/historiaintelectual.com.ar\/#organization"},"image":{"@id":"https:\/\/historiaintelectual.com.ar\/santiago-roggerone-2\/#primaryimage"},"thumbnailUrl":"https:\/\/historiaintelectual.com.ar\/wp-content\/uploads\/2022\/04\/91833238_10221706501874159_2532286127579070464_n-3-e1649454224987.jpeg","articleSection":["Investigadores"],"inLanguage":"en-US"},{"@type":"WebPage","@id":"https:\/\/historiaintelectual.com.ar\/santiago-roggerone-2\/","url":"https:\/\/historiaintelectual.com.ar\/santiago-roggerone-2\/","name":"Santiago M. Roggerone &#187; Historia Intelectual","isPartOf":{"@id":"https:\/\/historiaintelectual.com.ar\/#website"},"primaryImageOfPage":{"@id":"https:\/\/historiaintelectual.com.ar\/santiago-roggerone-2\/#primaryimage"},"image":{"@id":"https:\/\/historiaintelectual.com.ar\/santiago-roggerone-2\/#primaryimage"},"thumbnailUrl":"https:\/\/historiaintelectual.com.ar\/wp-content\/uploads\/2022\/04\/91833238_10221706501874159_2532286127579070464_n-3-e1649454224987.jpeg","datePublished":"2022-04-08T18:49:38+00:00","dateModified":"2025-09-25T13:22:44+00:00","breadcrumb":{"@id":"https:\/\/historiaintelectual.com.ar\/santiago-roggerone-2\/#breadcrumb"},"inLanguage":"en-US","potentialAction":[{"@type":"ReadAction","target":["https:\/\/historiaintelectual.com.ar\/santiago-roggerone-2\/"]}]},{"@type":"ImageObject","inLanguage":"en-US","@id":"https:\/\/historiaintelectual.com.ar\/santiago-roggerone-2\/#primaryimage","url":"https:\/\/historiaintelectual.com.ar\/wp-content\/uploads\/2022\/04\/91833238_10221706501874159_2532286127579070464_n-3-e1649454224987.jpeg","contentUrl":"https:\/\/historiaintelectual.com.ar\/wp-content\/uploads\/2022\/04\/91833238_10221706501874159_2532286127579070464_n-3-e1649454224987.jpeg","width":300,"height":258},{"@type":"BreadcrumbList","@id":"https:\/\/historiaintelectual.com.ar\/santiago-roggerone-2\/#breadcrumb","itemListElement":[{"@type":"ListItem","position":1,"name":"Portada","item":"https:\/\/historiaintelectual.com.ar\/"},{"@type":"ListItem","position":2,"name":"Santiago M. Roggerone"}]},{"@type":"WebSite","@id":"https:\/\/historiaintelectual.com.ar\/#website","url":"https:\/\/historiaintelectual.com.ar\/","name":"Historia Intelectual","description":"Center for Intellectual History","publisher":{"@id":"https:\/\/historiaintelectual.com.ar\/#organization"},"alternateName":"Centro de historia intelectual","potentialAction":[{"@type":"SearchAction","target":{"@type":"EntryPoint","urlTemplate":"https:\/\/historiaintelectual.com.ar\/?s={search_term_string}"},"query-input":{"@type":"PropertyValueSpecification","valueRequired":true,"valueName":"search_term_string"}}],"inLanguage":"en-US"},{"@type":"Organization","@id":"https:\/\/historiaintelectual.com.ar\/#organization","name":"Centro Historia Intelectual","url":"https:\/\/historiaintelectual.com.ar\/","logo":{"@type":"ImageObject","inLanguage":"en-US","@id":"https:\/\/historiaintelectual.com.ar\/#\/schema\/logo\/image\/","url":"https:\/\/historiaintelectual.com.ar\/wp-content\/uploads\/2025\/04\/logo-25.png","contentUrl":"https:\/\/historiaintelectual.com.ar\/wp-content\/uploads\/2025\/04\/logo-25.png","width":456,"height":456,"caption":"Centro Historia Intelectual"},"image":{"@id":"https:\/\/historiaintelectual.com.ar\/#\/schema\/logo\/image\/"},"sameAs":["https:\/\/www.facebook.com\/Centrodehistoriaintelectual\/","https:\/\/www.youtube.com\/channel\/UCGr8q_2-dchoqKT-jT5Lmfw","https:\/\/www.instagram.com\/chi_unq\/"]},{"@type":"Person","@id":"https:\/\/historiaintelectual.com.ar\/#\/schema\/person\/885c05ccc3314e2dec0bd9b0825c5912","name":"admin","url":"https:\/\/historiaintelectual.com.ar\/eng\/author\/admin\/"}]}},"_links":{"self":[{"href":"https:\/\/historiaintelectual.com.ar\/eng\/wp-json\/wp\/v2\/posts\/7268","targetHints":{"allow":["GET"]}}],"collection":[{"href":"https:\/\/historiaintelectual.com.ar\/eng\/wp-json\/wp\/v2\/posts"}],"about":[{"href":"https:\/\/historiaintelectual.com.ar\/eng\/wp-json\/wp\/v2\/types\/post"}],"author":[{"embeddable":true,"href":"https:\/\/historiaintelectual.com.ar\/eng\/wp-json\/wp\/v2\/users\/1"}],"replies":[{"embeddable":true,"href":"https:\/\/historiaintelectual.com.ar\/eng\/wp-json\/wp\/v2\/comments?post=7268"}],"version-history":[{"count":27,"href":"https:\/\/historiaintelectual.com.ar\/eng\/wp-json\/wp\/v2\/posts\/7268\/revisions"}],"predecessor-version":[{"id":10585,"href":"https:\/\/historiaintelectual.com.ar\/eng\/wp-json\/wp\/v2\/posts\/7268\/revisions\/10585"}],"wp:featuredmedia":[{"embeddable":true,"href":"https:\/\/historiaintelectual.com.ar\/eng\/wp-json\/wp\/v2\/media\/7273"}],"wp:attachment":[{"href":"https:\/\/historiaintelectual.com.ar\/eng\/wp-json\/wp\/v2\/media?parent=7268"}],"wp:term":[{"taxonomy":"category","embeddable":true,"href":"https:\/\/historiaintelectual.com.ar\/eng\/wp-json\/wp\/v2\/categories?post=7268"},{"taxonomy":"post_tag","embeddable":true,"href":"https:\/\/historiaintelectual.com.ar\/eng\/wp-json\/wp\/v2\/tags?post=7268"}],"curies":[{"name":"wp","href":"https:\/\/api.w.org\/{rel}","templated":true}]}}