{"id":7259,"date":"2022-03-07T14:13:36","date_gmt":"2022-03-07T14:13:36","guid":{"rendered":"https:\/\/historiaintelectual.com.ar\/?p=7259"},"modified":"2025-05-21T16:30:43","modified_gmt":"2025-05-21T19:30:43","slug":"maestria2022","status":"publish","type":"post","link":"https:\/\/historiaintelectual.com.ar\/eng\/maestria2022\/","title":{"rendered":"Maestr\u00eda 2022"},"content":{"rendered":"<div data-elementor-type=\"wp-post\" data-elementor-id=\"7259\" class=\"elementor elementor-7259\" data-elementor-post-type=\"post\">\n\t\t\t\t<div class=\"elementor-element elementor-element-96d0bbe e-flex e-con-boxed e-con e-parent\" data-id=\"96d0bbe\" data-element_type=\"container\" data-e-type=\"container\">\n\t\t\t\t\t<div class=\"e-con-inner\">\n\t\t<div class=\"elementor-element elementor-element-fa53d05 e-con-full e-flex e-con e-child\" data-id=\"fa53d05\" data-element_type=\"container\" data-e-type=\"container\">\n\t\t\t\t<div class=\"elementor-element elementor-element-89cff87 elementor-widget elementor-widget-text-editor\" data-id=\"89cff87\" data-element_type=\"widget\" data-e-type=\"widget\" data-widget_type=\"text-editor.default\">\n\t\t\t\t<div class=\"elementor-widget-container\">\n\t\t\t\t\t\t\t\t\t<h3>Inscripci\u00f3n abierta<\/h3><h3>Cohorte 2022 <br \/>Maestr\u00eda en Historia Intelectual<span style=\"font-size: 16px;\">\u00a0<\/span><\/h3><p>La Maestr\u00eda en Historia Intelectual anuncia la apertura de la inscripci\u00f3n para la cohorte 2022. La cursada ser\u00e1 presencial.<\/p><p><span style=\"font-family: arial, sans-serif;\"><span lang=\"ES\">Informes e inscripci\u00f3n en\u00a0<\/span><a href=\"mailto:informes_posgrado@unq.edu.ar\" target=\"_blank\" rel=\"noopener\">informes_posgrado@unq.edu.<wbr \/>ar<\/a> \u00a0o por whatsapp al (+54)1140752689 o viste la p\u00e1gina web de la <a href=\"http:\/\/www.unq.edu.ar\/carreras\/105-maestr%EDa-en-historia-intelectual.php\">Secretar\u00eda de Posgrado UNQ<\/a><\/span><\/p><p><span style=\"font-family: arial, sans-serif;\"><span lang=\"ES\">Para m\u00e1s novedades, s\u00edgannos <\/span><\/span><span style=\"font-family: arial, sans-serif;\">Facebook: <a href=\"https:\/\/www.facebook.com\/Centrodehistoriaintelectual\">@Centrodehistoriaintelectual<\/a><\/span><\/p>\t\t\t\t\t\t\t\t<\/div>\n\t\t\t\t<\/div>\n\t\t\t\t<\/div>\n\t\t<div class=\"elementor-element elementor-element-48b92a4 e-con-full e-flex e-con e-child\" data-id=\"48b92a4\" data-element_type=\"container\" data-e-type=\"container\">\n\t\t\t\t<div class=\"elementor-element elementor-element-df786e9 elementor-widget elementor-widget-image\" data-id=\"df786e9\" data-element_type=\"widget\" data-e-type=\"widget\" data-widget_type=\"image.default\">\n\t\t\t\t<div class=\"elementor-widget-container\">\n\t\t\t\t\t\t\t\t\t\t\t\t\t\t\t<img fetchpriority=\"high\" decoding=\"async\" width=\"905\" height=\"1280\" src=\"https:\/\/historiaintelectual.com.ar\/wp-content\/uploads\/2022\/03\/WhatsApp-Image-2022-02-17-at-2.10.22-PM.jpeg\" class=\"attachment-full size-full wp-image-7260\" alt=\"\" srcset=\"https:\/\/historiaintelectual.com.ar\/wp-content\/uploads\/2022\/03\/WhatsApp-Image-2022-02-17-at-2.10.22-PM.jpeg 905w, https:\/\/historiaintelectual.com.ar\/wp-content\/uploads\/2022\/03\/WhatsApp-Image-2022-02-17-at-2.10.22-PM-212x300.jpeg 212w, https:\/\/historiaintelectual.com.ar\/wp-content\/uploads\/2022\/03\/WhatsApp-Image-2022-02-17-at-2.10.22-PM-724x1024.jpeg 724w, https:\/\/historiaintelectual.com.ar\/wp-content\/uploads\/2022\/03\/WhatsApp-Image-2022-02-17-at-2.10.22-PM-768x1086.jpeg 768w\" sizes=\"(max-width: 905px) 100vw, 905px\" \/>\t\t\t\t\t\t\t\t\t\t\t\t\t\t\t<\/div>\n\t\t\t\t<\/div>\n\t\t\t\t<\/div>\n\t\t\t\t\t<\/div>\n\t\t\t\t<\/div>\n\t\t\t\t<\/div>","protected":false},"excerpt":{"rendered":"<p>Inscripci\u00f3n abierta Cohorte 2022 Maestr\u00eda en Historia Intelectual\u00a0 La Maestr\u00eda en Historia Intelectual anuncia la apertura de la inscripci\u00f3n para la cohorte 2022. La cursada ser\u00e1 presencial. Informes e inscripci\u00f3n en\u00a0informes_posgrado@unq.edu.ar \u00a0o por whatsapp al (+54)1140752689 o viste la p\u00e1gina web de la Secretar\u00eda de Posgrado UNQ Para m\u00e1s novedades, s\u00edgannos Facebook: @Centrodehistoriaintelectual<\/p>","protected":false},"author":1,"featured_media":4162,"comment_status":"closed","ping_status":"closed","sticky":false,"template":"","format":"standard","meta":{"footnotes":""},"categories":[1],"tags":[193],"class_list":["post-7259","post","type-post","status-publish","format-standard","has-post-thumbnail","hentry","category-sin-categoria","tag-maestria-en-historia-intelectual"],"yoast_head":"<!-- This site is optimized with the Yoast SEO plugin v27.3 - https:\/\/yoast.com\/product\/yoast-seo-wordpress\/ -->\n<title>Maestr\u00eda 2022 &#187; Historia Intelectual<\/title>\n<meta name=\"robots\" content=\"index, follow, max-snippet:-1, max-image-preview:large, max-video-preview:-1\" \/>\n<link rel=\"canonical\" href=\"https:\/\/historiaintelectual.com.ar\/eng\/maestria2022\/\" \/>\n<meta property=\"og:locale\" content=\"en_US\" \/>\n<meta property=\"og:type\" content=\"article\" \/>\n<meta property=\"og:title\" content=\"Maestr\u00eda 2022 &#187; Historia Intelectual\" \/>\n<meta property=\"og:description\" content=\"Inscripci\u00f3n abierta Cohorte 2022 Maestr\u00eda en Historia Intelectual\u00a0 La Maestr\u00eda en Historia Intelectual anuncia la apertura de la inscripci\u00f3n para la cohorte 2022. La cursada ser\u00e1 presencial. Informes e inscripci\u00f3n en\u00a0informes_posgrado@unq.edu.ar \u00a0o por whatsapp al (+54)1140752689 o viste la p\u00e1gina web de la Secretar\u00eda de Posgrado UNQ Para m\u00e1s novedades, s\u00edgannos Facebook: @Centrodehistoriaintelectual\" \/>\n<meta property=\"og:url\" content=\"https:\/\/historiaintelectual.com.ar\/eng\/maestria2022\/\" \/>\n<meta property=\"og:site_name\" content=\"Historia Intelectual\" \/>\n<meta property=\"article:publisher\" content=\"https:\/\/www.facebook.com\/Centrodehistoriaintelectual\/\" \/>\n<meta property=\"article:published_time\" content=\"2022-03-07T14:13:36+00:00\" \/>\n<meta property=\"article:modified_time\" content=\"2025-05-21T19:30:43+00:00\" \/>\n<meta property=\"og:image\" content=\"https:\/\/historiaintelectual.com.ar\/wp-content\/uploads\/2015\/07\/libros.gif\" \/>\n\t<meta property=\"og:image:width\" content=\"610\" \/>\n\t<meta property=\"og:image:height\" content=\"250\" \/>\n\t<meta property=\"og:image:type\" content=\"image\/gif\" \/>\n<meta name=\"author\" content=\"admin\" \/>\n<script type=\"application\/ld+json\" class=\"yoast-schema-graph\">{\"@context\":\"https:\\\/\\\/schema.org\",\"@graph\":[{\"@type\":\"Article\",\"@id\":\"https:\\\/\\\/historiaintelectual.com.ar\\\/eng\\\/maestria2022\\\/#article\",\"isPartOf\":{\"@id\":\"https:\\\/\\\/historiaintelectual.com.ar\\\/eng\\\/maestria2022\\\/\"},\"author\":{\"name\":\"admin\",\"@id\":\"https:\\\/\\\/historiaintelectual.com.ar\\\/#\\\/schema\\\/person\\\/885c05ccc3314e2dec0bd9b0825c5912\"},\"headline\":\"Maestr\u00eda 2022\",\"datePublished\":\"2022-03-07T14:13:36+00:00\",\"dateModified\":\"2025-05-21T19:30:43+00:00\",\"mainEntityOfPage\":{\"@id\":\"https:\\\/\\\/historiaintelectual.com.ar\\\/eng\\\/maestria2022\\\/\"},\"wordCount\":66,\"publisher\":{\"@id\":\"https:\\\/\\\/historiaintelectual.com.ar\\\/#organization\"},\"image\":{\"@id\":\"https:\\\/\\\/historiaintelectual.com.ar\\\/eng\\\/maestria2022\\\/#primaryimage\"},\"thumbnailUrl\":\"https:\\\/\\\/historiaintelectual.com.ar\\\/wp-content\\\/uploads\\\/2015\\\/07\\\/libros.gif\",\"keywords\":[\"Maestr\u00eda en Historia Intelectual\"],\"articleSection\":[\"Sin categor\u00eda\"],\"inLanguage\":\"en-US\"},{\"@type\":\"WebPage\",\"@id\":\"https:\\\/\\\/historiaintelectual.com.ar\\\/eng\\\/maestria2022\\\/\",\"url\":\"https:\\\/\\\/historiaintelectual.com.ar\\\/eng\\\/maestria2022\\\/\",\"name\":\"Maestr\u00eda 2022 &#187; Historia Intelectual\",\"isPartOf\":{\"@id\":\"https:\\\/\\\/historiaintelectual.com.ar\\\/#website\"},\"primaryImageOfPage\":{\"@id\":\"https:\\\/\\\/historiaintelectual.com.ar\\\/eng\\\/maestria2022\\\/#primaryimage\"},\"image\":{\"@id\":\"https:\\\/\\\/historiaintelectual.com.ar\\\/eng\\\/maestria2022\\\/#primaryimage\"},\"thumbnailUrl\":\"https:\\\/\\\/historiaintelectual.com.ar\\\/wp-content\\\/uploads\\\/2015\\\/07\\\/libros.gif\",\"datePublished\":\"2022-03-07T14:13:36+00:00\",\"dateModified\":\"2025-05-21T19:30:43+00:00\",\"breadcrumb\":{\"@id\":\"https:\\\/\\\/historiaintelectual.com.ar\\\/eng\\\/maestria2022\\\/#breadcrumb\"},\"inLanguage\":\"en-US\",\"potentialAction\":[{\"@type\":\"ReadAction\",\"target\":[\"https:\\\/\\\/historiaintelectual.com.ar\\\/eng\\\/maestria2022\\\/\"]}]},{\"@type\":\"ImageObject\",\"inLanguage\":\"en-US\",\"@id\":\"https:\\\/\\\/historiaintelectual.com.ar\\\/eng\\\/maestria2022\\\/#primaryimage\",\"url\":\"https:\\\/\\\/historiaintelectual.com.ar\\\/wp-content\\\/uploads\\\/2015\\\/07\\\/libros.gif\",\"contentUrl\":\"https:\\\/\\\/historiaintelectual.com.ar\\\/wp-content\\\/uploads\\\/2015\\\/07\\\/libros.gif\",\"width\":610,\"height\":250},{\"@type\":\"BreadcrumbList\",\"@id\":\"https:\\\/\\\/historiaintelectual.com.ar\\\/eng\\\/maestria2022\\\/#breadcrumb\",\"itemListElement\":[{\"@type\":\"ListItem\",\"position\":1,\"name\":\"Portada\",\"item\":\"https:\\\/\\\/historiaintelectual.com.ar\\\/\"},{\"@type\":\"ListItem\",\"position\":2,\"name\":\"Maestr\u00eda 2022\"}]},{\"@type\":\"WebSite\",\"@id\":\"https:\\\/\\\/historiaintelectual.com.ar\\\/#website\",\"url\":\"https:\\\/\\\/historiaintelectual.com.ar\\\/\",\"name\":\"Historia Intelectual\",\"description\":\"Centro de Historia Intelectual\",\"publisher\":{\"@id\":\"https:\\\/\\\/historiaintelectual.com.ar\\\/#organization\"},\"alternateName\":\"Centro de historia intelectual\",\"potentialAction\":[{\"@type\":\"SearchAction\",\"target\":{\"@type\":\"EntryPoint\",\"urlTemplate\":\"https:\\\/\\\/historiaintelectual.com.ar\\\/?s={search_term_string}\"},\"query-input\":{\"@type\":\"PropertyValueSpecification\",\"valueRequired\":true,\"valueName\":\"search_term_string\"}}],\"inLanguage\":\"en-US\"},{\"@type\":\"Organization\",\"@id\":\"https:\\\/\\\/historiaintelectual.com.ar\\\/#organization\",\"name\":\"Centro Historia Intelectual\",\"url\":\"https:\\\/\\\/historiaintelectual.com.ar\\\/\",\"logo\":{\"@type\":\"ImageObject\",\"inLanguage\":\"en-US\",\"@id\":\"https:\\\/\\\/historiaintelectual.com.ar\\\/#\\\/schema\\\/logo\\\/image\\\/\",\"url\":\"https:\\\/\\\/historiaintelectual.com.ar\\\/wp-content\\\/uploads\\\/2025\\\/04\\\/logo-25.png\",\"contentUrl\":\"https:\\\/\\\/historiaintelectual.com.ar\\\/wp-content\\\/uploads\\\/2025\\\/04\\\/logo-25.png\",\"width\":456,\"height\":456,\"caption\":\"Centro Historia Intelectual\"},\"image\":{\"@id\":\"https:\\\/\\\/historiaintelectual.com.ar\\\/#\\\/schema\\\/logo\\\/image\\\/\"},\"sameAs\":[\"https:\\\/\\\/www.facebook.com\\\/Centrodehistoriaintelectual\\\/\",\"https:\\\/\\\/www.youtube.com\\\/channel\\\/UCGr8q_2-dchoqKT-jT5Lmfw\",\"https:\\\/\\\/www.instagram.com\\\/chi_unq\\\/\"]},{\"@type\":\"Person\",\"@id\":\"https:\\\/\\\/historiaintelectual.com.ar\\\/#\\\/schema\\\/person\\\/885c05ccc3314e2dec0bd9b0825c5912\",\"name\":\"admin\",\"url\":\"https:\\\/\\\/historiaintelectual.com.ar\\\/eng\\\/author\\\/admin\\\/\"}]}<\/script>\n<!-- \/ Yoast SEO plugin. -->","yoast_head_json":{"title":"Maestr\u00eda 2022 &#187; Historia Intelectual","robots":{"index":"index","follow":"follow","max-snippet":"max-snippet:-1","max-image-preview":"max-image-preview:large","max-video-preview":"max-video-preview:-1"},"canonical":"https:\/\/historiaintelectual.com.ar\/eng\/maestria2022\/","og_locale":"en_US","og_type":"article","og_title":"Maestr\u00eda 2022 &#187; Historia Intelectual","og_description":"Inscripci\u00f3n abierta Cohorte 2022 Maestr\u00eda en Historia Intelectual\u00a0 La Maestr\u00eda en Historia Intelectual anuncia la apertura de la inscripci\u00f3n para la cohorte 2022. La cursada ser\u00e1 presencial. Informes e inscripci\u00f3n en\u00a0informes_posgrado@unq.edu.ar \u00a0o por whatsapp al (+54)1140752689 o viste la p\u00e1gina web de la Secretar\u00eda de Posgrado UNQ Para m\u00e1s novedades, s\u00edgannos Facebook: @Centrodehistoriaintelectual","og_url":"https:\/\/historiaintelectual.com.ar\/eng\/maestria2022\/","og_site_name":"Historia Intelectual","article_publisher":"https:\/\/www.facebook.com\/Centrodehistoriaintelectual\/","article_published_time":"2022-03-07T14:13:36+00:00","article_modified_time":"2025-05-21T19:30:43+00:00","og_image":[{"width":610,"height":250,"url":"https:\/\/historiaintelectual.com.ar\/wp-content\/uploads\/2015\/07\/libros.gif","type":"image\/gif"}],"author":"admin","schema":{"@context":"https:\/\/schema.org","@graph":[{"@type":"Article","@id":"https:\/\/historiaintelectual.com.ar\/eng\/maestria2022\/#article","isPartOf":{"@id":"https:\/\/historiaintelectual.com.ar\/eng\/maestria2022\/"},"author":{"name":"admin","@id":"https:\/\/historiaintelectual.com.ar\/#\/schema\/person\/885c05ccc3314e2dec0bd9b0825c5912"},"headline":"Maestr\u00eda 2022","datePublished":"2022-03-07T14:13:36+00:00","dateModified":"2025-05-21T19:30:43+00:00","mainEntityOfPage":{"@id":"https:\/\/historiaintelectual.com.ar\/eng\/maestria2022\/"},"wordCount":66,"publisher":{"@id":"https:\/\/historiaintelectual.com.ar\/#organization"},"image":{"@id":"https:\/\/historiaintelectual.com.ar\/eng\/maestria2022\/#primaryimage"},"thumbnailUrl":"https:\/\/historiaintelectual.com.ar\/wp-content\/uploads\/2015\/07\/libros.gif","keywords":["Maestr\u00eda en Historia Intelectual"],"articleSection":["Sin categor\u00eda"],"inLanguage":"en-US"},{"@type":"WebPage","@id":"https:\/\/historiaintelectual.com.ar\/eng\/maestria2022\/","url":"https:\/\/historiaintelectual.com.ar\/eng\/maestria2022\/","name":"Maestr\u00eda 2022 &#187; Historia Intelectual","isPartOf":{"@id":"https:\/\/historiaintelectual.com.ar\/#website"},"primaryImageOfPage":{"@id":"https:\/\/historiaintelectual.com.ar\/eng\/maestria2022\/#primaryimage"},"image":{"@id":"https:\/\/historiaintelectual.com.ar\/eng\/maestria2022\/#primaryimage"},"thumbnailUrl":"https:\/\/historiaintelectual.com.ar\/wp-content\/uploads\/2015\/07\/libros.gif","datePublished":"2022-03-07T14:13:36+00:00","dateModified":"2025-05-21T19:30:43+00:00","breadcrumb":{"@id":"https:\/\/historiaintelectual.com.ar\/eng\/maestria2022\/#breadcrumb"},"inLanguage":"en-US","potentialAction":[{"@type":"ReadAction","target":["https:\/\/historiaintelectual.com.ar\/eng\/maestria2022\/"]}]},{"@type":"ImageObject","inLanguage":"en-US","@id":"https:\/\/historiaintelectual.com.ar\/eng\/maestria2022\/#primaryimage","url":"https:\/\/historiaintelectual.com.ar\/wp-content\/uploads\/2015\/07\/libros.gif","contentUrl":"https:\/\/historiaintelectual.com.ar\/wp-content\/uploads\/2015\/07\/libros.gif","width":610,"height":250},{"@type":"BreadcrumbList","@id":"https:\/\/historiaintelectual.com.ar\/eng\/maestria2022\/#breadcrumb","itemListElement":[{"@type":"ListItem","position":1,"name":"Portada","item":"https:\/\/historiaintelectual.com.ar\/"},{"@type":"ListItem","position":2,"name":"Maestr\u00eda 2022"}]},{"@type":"WebSite","@id":"https:\/\/historiaintelectual.com.ar\/#website","url":"https:\/\/historiaintelectual.com.ar\/","name":"Historia Intelectual","description":"Center for Intellectual History","publisher":{"@id":"https:\/\/historiaintelectual.com.ar\/#organization"},"alternateName":"Centro de historia intelectual","potentialAction":[{"@type":"SearchAction","target":{"@type":"EntryPoint","urlTemplate":"https:\/\/historiaintelectual.com.ar\/?s={search_term_string}"},"query-input":{"@type":"PropertyValueSpecification","valueRequired":true,"valueName":"search_term_string"}}],"inLanguage":"en-US"},{"@type":"Organization","@id":"https:\/\/historiaintelectual.com.ar\/#organization","name":"Centro Historia Intelectual","url":"https:\/\/historiaintelectual.com.ar\/","logo":{"@type":"ImageObject","inLanguage":"en-US","@id":"https:\/\/historiaintelectual.com.ar\/#\/schema\/logo\/image\/","url":"https:\/\/historiaintelectual.com.ar\/wp-content\/uploads\/2025\/04\/logo-25.png","contentUrl":"https:\/\/historiaintelectual.com.ar\/wp-content\/uploads\/2025\/04\/logo-25.png","width":456,"height":456,"caption":"Centro Historia Intelectual"},"image":{"@id":"https:\/\/historiaintelectual.com.ar\/#\/schema\/logo\/image\/"},"sameAs":["https:\/\/www.facebook.com\/Centrodehistoriaintelectual\/","https:\/\/www.youtube.com\/channel\/UCGr8q_2-dchoqKT-jT5Lmfw","https:\/\/www.instagram.com\/chi_unq\/"]},{"@type":"Person","@id":"https:\/\/historiaintelectual.com.ar\/#\/schema\/person\/885c05ccc3314e2dec0bd9b0825c5912","name":"admin","url":"https:\/\/historiaintelectual.com.ar\/eng\/author\/admin\/"}]}},"_links":{"self":[{"href":"https:\/\/historiaintelectual.com.ar\/eng\/wp-json\/wp\/v2\/posts\/7259","targetHints":{"allow":["GET"]}}],"collection":[{"href":"https:\/\/historiaintelectual.com.ar\/eng\/wp-json\/wp\/v2\/posts"}],"about":[{"href":"https:\/\/historiaintelectual.com.ar\/eng\/wp-json\/wp\/v2\/types\/post"}],"author":[{"embeddable":true,"href":"https:\/\/historiaintelectual.com.ar\/eng\/wp-json\/wp\/v2\/users\/1"}],"replies":[{"embeddable":true,"href":"https:\/\/historiaintelectual.com.ar\/eng\/wp-json\/wp\/v2\/comments?post=7259"}],"version-history":[{"count":6,"href":"https:\/\/historiaintelectual.com.ar\/eng\/wp-json\/wp\/v2\/posts\/7259\/revisions"}],"predecessor-version":[{"id":7879,"href":"https:\/\/historiaintelectual.com.ar\/eng\/wp-json\/wp\/v2\/posts\/7259\/revisions\/7879"}],"wp:featuredmedia":[{"embeddable":true,"href":"https:\/\/historiaintelectual.com.ar\/eng\/wp-json\/wp\/v2\/media\/4162"}],"wp:attachment":[{"href":"https:\/\/historiaintelectual.com.ar\/eng\/wp-json\/wp\/v2\/media?parent=7259"}],"wp:term":[{"taxonomy":"category","embeddable":true,"href":"https:\/\/historiaintelectual.com.ar\/eng\/wp-json\/wp\/v2\/categories?post=7259"},{"taxonomy":"post_tag","embeddable":true,"href":"https:\/\/historiaintelectual.com.ar\/eng\/wp-json\/wp\/v2\/tags?post=7259"}],"curies":[{"name":"wp","href":"https:\/\/api.w.org\/{rel}","templated":true}]}}