{"id":6907,"date":"2020-10-16T23:27:04","date_gmt":"2020-10-16T23:27:04","guid":{"rendered":"https:\/\/historiaintelectual.com.ar\/?p=6907"},"modified":"2025-09-29T16:35:14","modified_gmt":"2025-09-29T19:35:14","slug":"adrian-gorelik-3","status":"publish","type":"post","link":"https:\/\/historiaintelectual.com.ar\/eng\/adrian-gorelik-3\/","title":{"rendered":"Adri\u00e1n Gorelik"},"content":{"rendered":"\t\t<div data-elementor-type=\"wp-post\" data-elementor-id=\"6907\" class=\"elementor elementor-6907\" data-elementor-post-type=\"post\">\n\t\t\t\t<div class=\"elementor-element elementor-element-17d38747 e-flex e-con-boxed e-con e-parent\" data-id=\"17d38747\" data-element_type=\"container\" data-e-type=\"container\">\n\t\t\t\t\t<div class=\"e-con-inner\">\n\t\t<div class=\"elementor-element elementor-element-664b4f30 e-con-full e-flex e-con e-child\" data-id=\"664b4f30\" data-element_type=\"container\" data-e-type=\"container\">\n\t\t\t\t<div class=\"elementor-element elementor-element-4c768f5 elementor-widget elementor-widget-theme-post-featured-image elementor-widget-image\" data-id=\"4c768f5\" data-element_type=\"widget\" data-e-type=\"widget\" data-widget_type=\"theme-post-featured-image.default\">\n\t\t\t\t<div class=\"elementor-widget-container\">\n\t\t\t\t\t\t\t\t\t\t\t\t<figure class=\"wp-caption\">\n\t\t\t\t\t\t\t\t\t\t<img fetchpriority=\"high\" decoding=\"async\" width=\"360\" height=\"312\" src=\"https:\/\/historiaintelectual.com.ar\/wp-content\/uploads\/2015\/08\/Gorelik-Adrian.jpg\" class=\"attachment-full size-full wp-image-4427\" alt=\"\" srcset=\"https:\/\/historiaintelectual.com.ar\/wp-content\/uploads\/2015\/08\/Gorelik-Adrian.jpg 360w, https:\/\/historiaintelectual.com.ar\/wp-content\/uploads\/2015\/08\/Gorelik-Adrian-300x260.jpg 300w, https:\/\/historiaintelectual.com.ar\/wp-content\/uploads\/2015\/08\/Gorelik-Adrian-120x105.jpg 120w\" sizes=\"(max-width: 360px) 100vw, 360px\" \/>\t\t\t\t\t\t\t\t\t\t\t<figcaption class=\"widget-image-caption wp-caption-text\">Adri\u00e1n Gorelik<\/figcaption>\n\t\t\t\t\t\t\t\t\t\t<\/figure>\n\t\t\t\t\t\t\t\t\t<\/div>\n\t\t\t\t<\/div>\n\t\t\t\t<div class=\"elementor-element elementor-element-c466679 elementor-align-left elementor-widget elementor-widget-button\" data-id=\"c466679\" data-element_type=\"widget\" data-e-type=\"widget\" data-widget_type=\"button.default\">\n\t\t\t\t<div class=\"elementor-widget-container\">\n\t\t\t\t\t\t\t\t\t<div class=\"elementor-button-wrapper\">\n\t\t\t\t\t<a class=\"elementor-button elementor-button-link elementor-size-sm\" href=\"https:\/\/historiaintelectual.com.ar\/eng\/adrian-gorelik\/\">\n\t\t\t\t\t\t<span class=\"elementor-button-content-wrapper\">\n\t\t\t\t\t\t<span class=\"elementor-button-icon\">\n\t\t\t\t<svg xmlns=\"http:\/\/www.w3.org\/2000\/svg\" xmlns:xlink=\"http:\/\/www.w3.org\/1999\/xlink\" id=\"Layer_1\" x=\"0px\" y=\"0px\" viewBox=\"0 0 251 252\" style=\"enable-background:new 0 0 251 252;\" xml:space=\"preserve\"><polygon points=\"-1,0 250,252 250,0 \"><\/polygon><\/svg>\t\t\t<\/span>\n\t\t\t\t\t\t\t\t\t<span class=\"elementor-button-text\">Bio<\/span>\n\t\t\t\t\t<\/span>\n\t\t\t\t\t<\/a>\n\t\t\t\t<\/div>\n\t\t\t\t\t\t\t\t<\/div>\n\t\t\t\t<\/div>\n\t\t\t\t<\/div>\n\t\t<div class=\"elementor-element elementor-element-32e1cb09 e-con-full e-flex e-con e-child\" data-id=\"32e1cb09\" data-element_type=\"container\" data-e-type=\"container\">\n\t\t\t\t<div class=\"elementor-element elementor-element-a3783a4 elementor-cta--layout-image-left elementor-cta--tablet-layout-image-above elementor-cta--valign-top elementor-cta--skin-classic elementor-animated-content elementor-bg-transform elementor-bg-transform-zoom-in elementor-widget elementor-widget-call-to-action\" data-id=\"a3783a4\" data-element_type=\"widget\" data-e-type=\"widget\" data-widget_type=\"call-to-action.default\">\n\t\t\t\t<div class=\"elementor-widget-container\">\n\t\t\t\t\t\t\t<div class=\"elementor-cta\">\n\t\t\t\t\t<div class=\"elementor-cta__bg-wrapper\">\n\t\t\t\t<div class=\"elementor-cta__bg elementor-bg\" style=\"background-image: url(https:\/\/historiaintelectual.com.ar\/wp-content\/uploads\/2020\/09\/La-sombra-de-la-vanguardia_tapa.png);\" role=\"img\" aria-label=\"La sombra de la vanguardia_tapa\"><\/div>\n\t\t\t\t<div class=\"elementor-cta__bg-overlay\"><\/div>\n\t\t\t<\/div>\n\t\t\t\t\t\t\t<div class=\"elementor-cta__content\">\n\t\t\t\t\n\t\t\t\t\t\t\t\t\t<h2 class=\"elementor-cta__title elementor-cta__content-item elementor-content-item\">\n\t\t\t\t\t\tLa sombra de la vanguardia\t\t\t\t\t<\/h2>\n\t\t\t\t\n\t\t\t\t\t\t\t\t\t<div class=\"elementor-cta__description elementor-cta__content-item elementor-content-item\">\n\t\t\t\t\t\tEl arquitecto suizo Hannes Meyer (1889-1954) fue una figura clave del debate ideol\u00f3gico de las vanguardias: dirigi\u00f3 la Bauhaus entre 1928 y 1930 cuando fue obligado a dimitir, march\u00e1ndose\nal frente de una brigada de arquitectos a la Uni\u00f3n Sovi\u00e9tica, donde permaneci\u00f3 hasta 1936. El libro analiza la \u00faltima estaci\u00f3n importante de su accidentada trayectoria: su estad\u00eda en M\u00e9xico, donde permanecer\u00e1 entre 1939 y 1947, mostrando que fue justamente ese lugar \u201cmarginal\u201d donde Meyer reorganiz\u00f3 toda su trayectoria.\t\t\t\t\t<\/div>\n\t\t\t\t\n\t\t\t\t\t\t\t\t\t<div class=\"elementor-cta__button-wrapper elementor-cta__content-item elementor-content-item \">\n\t\t\t\t\t<a class=\"elementor-cta__button elementor-button elementor-size-\" href=\"http:\/\/editorial.bifurcaciones.cl\/producto\/la-sombra-de-la-vanguardia\/\" target=\"_blank\">\n\t\t\t\t\t\tLink a la editorial\t\t\t\t\t<\/a>\n\t\t\t\t\t<\/div>\n\t\t\t\t\t\t\t<\/div>\n\t\t\t\t\t\t<\/div>\n\t\t\t\t\t\t<\/div>\n\t\t\t\t<\/div>\n\t\t\t\t<div class=\"elementor-element elementor-element-da99b31 elementor-cta--layout-image-left elementor-cta--tablet-layout-image-above elementor-cta--valign-top elementor-cta--skin-classic elementor-animated-content elementor-bg-transform elementor-bg-transform-zoom-in elementor-widget elementor-widget-call-to-action\" data-id=\"da99b31\" data-element_type=\"widget\" data-e-type=\"widget\" data-widget_type=\"call-to-action.default\">\n\t\t\t\t<div class=\"elementor-widget-container\">\n\t\t\t\t\t\t\t<div class=\"elementor-cta\">\n\t\t\t\t\t<div class=\"elementor-cta__bg-wrapper\">\n\t\t\t\t<div class=\"elementor-cta__bg elementor-bg\" style=\"background-image: url(https:\/\/historiaintelectual.com.ar\/wp-content\/uploads\/2020\/09\/978-987-9173-27-5.jpg);\" role=\"img\" aria-label=\"978-987-9173-27-5\"><\/div>\n\t\t\t\t<div class=\"elementor-cta__bg-overlay\"><\/div>\n\t\t\t<\/div>\n\t\t\t\t\t\t\t<div class=\"elementor-cta__content\">\n\t\t\t\t\n\t\t\t\t\t\t\t\t\t<h2 class=\"elementor-cta__title elementor-cta__content-item elementor-content-item\">\n\t\t\t\t\t\tLa grilla y el parque\t\t\t\t\t<\/h2>\n\t\t\t\t\n\t\t\t\t\t\t\t\t\t<div class=\"elementor-cta__description elementor-cta__content-item elementor-content-item\">\n\t\t\t\t\t\tDesde que se public\u00f3 en 1998, La grilla y el parque renov\u00f3 la historia de Buenos Aires y el propio v\u00ednculo entre ciudad e historia cultural. De las figuraciones de Sarmiento sobre el parque de Palermo, al descubrimiento del suburbio realizado por Borges; de la modernizaci\u00f3n del centro tradicional llevada adelante por el intendente Alvear, a la puesta en cuesti\u00f3n de esa centralidad por la aparici\u00f3n del barrio suburbano, el espacio p\u00fablico se trama con la cultura urbana para producir una nueva visi\u00f3n de la expansi\u00f3n metropolitana de Buenos Aires.\t\t\t\t\t<\/div>\n\t\t\t\t\n\t\t\t\t\t\t\t\t\t<div class=\"elementor-cta__button-wrapper elementor-cta__content-item elementor-content-item \">\n\t\t\t\t\t<a class=\"elementor-cta__button elementor-button elementor-size-\" href=\"https:\/\/ediciones.unq.edu.ar\/31-la-grilla-y-el-parque.html\" target=\"_blank\">\n\t\t\t\t\t\tLink a la editorial\t\t\t\t\t<\/a>\n\t\t\t\t\t<\/div>\n\t\t\t\t\t\t\t<\/div>\n\t\t\t\t\t\t<\/div>\n\t\t\t\t\t\t<\/div>\n\t\t\t\t<\/div>\n\t\t\t\t<div class=\"elementor-element elementor-element-a2d6f10 elementor-cta--layout-image-left elementor-cta--tablet-layout-image-above elementor-cta--valign-top elementor-cta--skin-classic elementor-animated-content elementor-bg-transform elementor-bg-transform-zoom-in elementor-widget elementor-widget-call-to-action\" data-id=\"a2d6f10\" data-element_type=\"widget\" data-e-type=\"widget\" data-widget_type=\"call-to-action.default\">\n\t\t\t\t<div class=\"elementor-widget-container\">\n\t\t\t\t\t\t\t<div class=\"elementor-cta\">\n\t\t\t\t\t<div class=\"elementor-cta__bg-wrapper\">\n\t\t\t\t<div class=\"elementor-cta__bg elementor-bg\" style=\"background-image: url(https:\/\/historiaintelectual.com.ar\/wp-content\/uploads\/2020\/10\/Tapa-nueva-scaled.jpg);\" role=\"img\" aria-label=\"Tapa nueva\"><\/div>\n\t\t\t\t<div class=\"elementor-cta__bg-overlay\"><\/div>\n\t\t\t<\/div>\n\t\t\t\t\t\t\t<div class=\"elementor-cta__content\">\n\t\t\t\t\n\t\t\t\t\t\t\t\t\t<h2 class=\"elementor-cta__title elementor-cta__content-item elementor-content-item\">\n\t\t\t\t\t\tThe Grid and the Park\t\t\t\t\t<\/h2>\n\t\t\t\t\n\t\t\t\t\t\t\t\t\t<div class=\"elementor-cta__description elementor-cta__content-item elementor-content-item\">\n\t\t\t\t\t\tTraducci\u00f3n al ingl\u00e9s de La grilla y el parque (1988). De las figuraciones de Sarmiento sobre el parque de Palermo, al descubrimiento del suburbio realizado por Borges; de la modernizaci\u00f3n del centro tradicional llevada adelante por el intendente Alvear, a la puesta en cuesti\u00f3n de esa centralidad por la aparici\u00f3n del barrio suburbano, el espacio p\u00fablico se trama con la cultura urbana para producir una nueva visi\u00f3n de la expansi\u00f3n metropolitana de Buenos Aires.\t\t\t\t\t<\/div>\n\t\t\t\t\n\t\t\t\t\t\t\t\t\t<div class=\"elementor-cta__button-wrapper elementor-cta__content-item elementor-content-item \">\n\t\t\t\t\t<a class=\"elementor-cta__button elementor-button elementor-size-\" href=\"https:\/\/lasapress.org\/books\/m\/10.25154\/book8\" target=\"_blank\">\n\t\t\t\t\t\tLink a la editorial\t\t\t\t\t<\/a>\n\t\t\t\t\t<\/div>\n\t\t\t\t\t\t\t<\/div>\n\t\t\t\t\t\t<\/div>\n\t\t\t\t\t\t<\/div>\n\t\t\t\t<\/div>\n\t\t\t\t<div class=\"elementor-element elementor-element-6988192 elementor-cta--layout-image-left elementor-cta--tablet-layout-image-above elementor-cta--valign-top elementor-cta--skin-classic elementor-animated-content elementor-bg-transform elementor-bg-transform-zoom-in elementor-widget elementor-widget-call-to-action\" data-id=\"6988192\" data-element_type=\"widget\" data-e-type=\"widget\" data-widget_type=\"call-to-action.default\">\n\t\t\t\t<div class=\"elementor-widget-container\">\n\t\t\t\t\t\t\t<div class=\"elementor-cta\">\n\t\t\t\t\t<div class=\"elementor-cta__bg-wrapper\">\n\t\t\t\t<div class=\"elementor-cta__bg elementor-bg\" style=\"background-image: url(https:\/\/historiaintelectual.com.ar\/wp-content\/uploads\/2015\/09\/Miradas-sobre-Buenos-Aires_tapa.jpg);\" role=\"img\" aria-label=\"Miradas sobre Buenos Aires_tapa\"><\/div>\n\t\t\t\t<div class=\"elementor-cta__bg-overlay\"><\/div>\n\t\t\t<\/div>\n\t\t\t\t\t\t\t<div class=\"elementor-cta__content\">\n\t\t\t\t\n\t\t\t\t\t\t\t\t\t<h2 class=\"elementor-cta__title elementor-cta__content-item elementor-content-item\">\n\t\t\t\t\t\tMiradas sobre Buenos Aires\t\t\t\t\t<\/h2>\n\t\t\t\t\n\t\t\t\t\t\t\t\t\t<div class=\"elementor-cta__description elementor-cta__content-item elementor-content-item\">\n\t\t\t\t\t\t\u00bfC\u00f3mo pensar la ciudad? \u00bfC\u00f3mo pensar Buenos Aires? Los ensayos aqu\u00ed reunidos fueron\nescritos a lo largo de la d\u00e9cada de 1990 y abarcan registros muy diferentes, de historia\nintelectual, de historia cultural, de cr\u00edtica urbana, as\u00ed como trabajan con canteras\ndocumentales muy variadas, relatos de viajeros, fotograf\u00edas, literatura de vanguardia, la prosa\nde la historia social y la sociolog\u00eda urbana, pintura, poes\u00eda, cine y, por supuesto, la propia\nmaterialidad de la ciudad como fondo imprescindible para su interpretaci\u00f3n.\t\t\t\t\t<\/div>\n\t\t\t\t\n\t\t\t\t\t\t\t\t\t<div class=\"elementor-cta__button-wrapper elementor-cta__content-item elementor-content-item \">\n\t\t\t\t\t<a class=\"elementor-cta__button elementor-button elementor-size-\" href=\"https:\/\/sigloxxieditores.com.ar\/libro\/miradas-sobre-buenos-aires\/\" target=\"_blank\">\n\t\t\t\t\t\tLink a la editorial\t\t\t\t\t<\/a>\n\t\t\t\t\t<\/div>\n\t\t\t\t\t\t\t<\/div>\n\t\t\t\t\t\t<\/div>\n\t\t\t\t\t\t<\/div>\n\t\t\t\t<\/div>\n\t\t\t\t<div class=\"elementor-element elementor-element-03e9664 elementor-cta--layout-image-left elementor-cta--tablet-layout-image-above elementor-cta--valign-top elementor-cta--skin-classic elementor-animated-content elementor-bg-transform elementor-bg-transform-zoom-in elementor-widget elementor-widget-call-to-action\" data-id=\"03e9664\" data-element_type=\"widget\" data-e-type=\"widget\" data-widget_type=\"call-to-action.default\">\n\t\t\t\t<div class=\"elementor-widget-container\">\n\t\t\t\t\t\t\t<div class=\"elementor-cta\">\n\t\t\t\t\t<div class=\"elementor-cta__bg-wrapper\">\n\t\t\t\t<div class=\"elementor-cta__bg elementor-bg\" style=\"background-image: url(https:\/\/historiaintelectual.com.ar\/wp-content\/uploads\/2020\/09\/Das-vanguardas-a-Brasilia_tapa.jpg);\" role=\"img\" aria-label=\"Das vanguardas a Brasilia_tapa\"><\/div>\n\t\t\t\t<div class=\"elementor-cta__bg-overlay\"><\/div>\n\t\t\t<\/div>\n\t\t\t\t\t\t\t<div class=\"elementor-cta__content\">\n\t\t\t\t\n\t\t\t\t\t\t\t\t\t<h2 class=\"elementor-cta__title elementor-cta__content-item elementor-content-item\">\n\t\t\t\t\t\tDas vanguardas a Brasilia\t\t\t\t\t<\/h2>\n\t\t\t\t\n\t\t\t\t\t\t\t\t\t<div class=\"elementor-cta__description elementor-cta__content-item elementor-content-item\">\n\t\t\t\t\t\tEl libro desarrolla una hip\u00f3tesis sobre las vanguardias arquitect\u00f3nicas en Am\u00e9rica Latina entre 1920 y 1960: no se tratar\u00eda de manifestaciones locales de la \u201cinfluencia\u201d europea, sino de la realizaci\u00f3n de una de las pulsiones fundamentales de la dial\u00e9ctica constructiva de la vanguardia. Para ello, recorre tres ciudades en tres momentos clave: Buenos Aires en las d\u00e9cadas de 1920 y 1930; M\u00e9xico en las d\u00e9cadas de 1930 y 1940; y Brasilia en las d\u00e9cadas de 1950 y 1960.\t\t\t\t\t<\/div>\n\t\t\t\t\n\t\t\t\t\t\t\t\t\t<div class=\"elementor-cta__button-wrapper elementor-cta__content-item elementor-content-item \">\n\t\t\t\t\t<a class=\"elementor-cta__button elementor-button elementor-size-\" href=\"https:\/\/ve.scielo.org\/scielo.php?script=sci_arttext&#038;pid=S0254-16372008000200007\" target=\"_blank\">\n\t\t\t\t\t\tLink a la editorial\t\t\t\t\t<\/a>\n\t\t\t\t\t<\/div>\n\t\t\t\t\t\t\t<\/div>\n\t\t\t\t\t\t<\/div>\n\t\t\t\t\t\t<\/div>\n\t\t\t\t<\/div>\n\t\t\t\t<div class=\"elementor-element elementor-element-884fc5d elementor-cta--layout-image-left elementor-cta--tablet-layout-image-above elementor-cta--valign-top elementor-cta--skin-classic elementor-animated-content elementor-bg-transform elementor-bg-transform-zoom-in elementor-widget elementor-widget-call-to-action\" data-id=\"884fc5d\" data-element_type=\"widget\" data-e-type=\"widget\" data-widget_type=\"call-to-action.default\">\n\t\t\t\t<div class=\"elementor-widget-container\">\n\t\t\t\t\t\t\t<div class=\"elementor-cta\">\n\t\t\t\t\t<div class=\"elementor-cta__bg-wrapper\">\n\t\t\t\t<div class=\"elementor-cta__bg elementor-bg\" style=\"background-image: url(https:\/\/historiaintelectual.com.ar\/wp-content\/uploads\/2015\/09\/Correspondencias_tapa.jpg);\" role=\"img\" aria-label=\"Correspondencias_tapa\"><\/div>\n\t\t\t\t<div class=\"elementor-cta__bg-overlay\"><\/div>\n\t\t\t<\/div>\n\t\t\t\t\t\t\t<div class=\"elementor-cta__content\">\n\t\t\t\t\n\t\t\t\t\t\t\t\t\t<h2 class=\"elementor-cta__title elementor-cta__content-item elementor-content-item\">\n\t\t\t\t\t\tCorrespondencias\t\t\t\t\t<\/h2>\n\t\t\t\t\n\t\t\t\t\t\t\t\t\t<div class=\"elementor-cta__description elementor-cta__content-item elementor-content-item\">\n\t\t\t\t\t\tEl libro re\u00fane trabajos del autor que presentan las diversas facetas de la indagaci\u00f3n cr\u00edtica e hist\u00f3rica que lleva adelante. As\u00ed, sus tres partes tratan, respectivamente, de historia cultural\nurbana (sobre la noci\u00f3n de ciudad an\u00e1loga, el libro Delirious new york, y el\nsituacionismo), historia de la arquitectura y la ciudad latinoamericanas (sobre las vanguardias latinoamericanas y Brasilia), e historia de Buenos Aires (Puerto Madero, la expansi\u00f3n metropolitana y la relaci\u00f3n de esta ciudad  con sus centenarios).\t\t\t\t\t<\/div>\n\t\t\t\t\n\t\t\t\t\t\t\t\t\t<div class=\"elementor-cta__button-wrapper elementor-cta__content-item elementor-content-item \">\n\t\t\t\t\t<a class=\"elementor-cta__button elementor-button elementor-size-\" href=\"https:\/\/www.cp67.com\/us\/productos\/correspondencias\/\" target=\"_blank\">\n\t\t\t\t\t\tLink a la editorial\t\t\t\t\t<\/a>\n\t\t\t\t\t<\/div>\n\t\t\t\t\t\t\t<\/div>\n\t\t\t\t\t\t<\/div>\n\t\t\t\t\t\t<\/div>\n\t\t\t\t<\/div>\n\t\t\t\t<div class=\"elementor-element elementor-element-a74c922 elementor-cta--layout-image-left elementor-cta--tablet-layout-image-above elementor-cta--valign-top elementor-cta--skin-classic elementor-animated-content elementor-bg-transform elementor-bg-transform-zoom-in elementor-widget elementor-widget-call-to-action\" data-id=\"a74c922\" data-element_type=\"widget\" data-e-type=\"widget\" data-widget_type=\"call-to-action.default\">\n\t\t\t\t<div class=\"elementor-widget-container\">\n\t\t\t\t\t\t\t<div class=\"elementor-cta\">\n\t\t\t\t\t<div class=\"elementor-cta__bg-wrapper\">\n\t\t\t\t<div class=\"elementor-cta__bg elementor-bg\" style=\"background-image: url(https:\/\/historiaintelectual.com.ar\/wp-content\/uploads\/2020\/09\/Tapa-Jos\u00e9-Luis-Romero.jpg);\" role=\"img\" aria-label=\"TAPA JOSE LUIS ROMERO IMPRENTA\"><\/div>\n\t\t\t\t<div class=\"elementor-cta__bg-overlay\"><\/div>\n\t\t\t<\/div>\n\t\t\t\t\t\t\t<div class=\"elementor-cta__content\">\n\t\t\t\t\n\t\t\t\t\t\t\t\t\t<h2 class=\"elementor-cta__title elementor-cta__content-item elementor-content-item\">\n\t\t\t\t\t\tJos\u00e9 Luis Romero\t\t\t\t\t<\/h2>\n\t\t\t\t\n\t\t\t\t\t\t\t\t\t<div class=\"elementor-cta__description elementor-cta__content-item elementor-content-item\">\n\t\t\t\t\t\tEl libro es el resultado de la realizaci\u00f3n de las Jornadas Internacionales \u201cJos\u00e9 Luis Romero\u201d (Universidad Nacional de San Mart\u00edn \/ Biblioteca Nacional, 2009). El Congreso fue realizado como forma de celebrar el centenario del nacimiento del gran historiador argentino reuniendo, por primera vez, una serie de estudios dedicados espec\u00edficamente a diferentes aspectos de su obra.\t\t\t\t\t<\/div>\n\t\t\t\t\n\t\t\t\t\t\t\t\t\t<div class=\"elementor-cta__button-wrapper elementor-cta__content-item elementor-content-item \">\n\t\t\t\t\t<a class=\"elementor-cta__button elementor-button elementor-size-\" href=\"https:\/\/www.unsamedita.unsam.edu.ar\/product\/jose-luis-romero\/\" target=\"_blank\">\n\t\t\t\t\t\tLink a la editorial\t\t\t\t\t<\/a>\n\t\t\t\t\t<\/div>\n\t\t\t\t\t\t\t<\/div>\n\t\t\t\t\t\t<\/div>\n\t\t\t\t\t\t<\/div>\n\t\t\t\t<\/div>\n\t\t\t\t<div class=\"elementor-element elementor-element-17ed044 elementor-cta--layout-image-left elementor-cta--tablet-layout-image-above elementor-cta--valign-top elementor-cta--skin-classic elementor-animated-content elementor-bg-transform elementor-bg-transform-zoom-in elementor-widget elementor-widget-call-to-action\" data-id=\"17ed044\" data-element_type=\"widget\" data-e-type=\"widget\" data-widget_type=\"call-to-action.default\">\n\t\t\t\t<div class=\"elementor-widget-container\">\n\t\t\t\t\t\t\t<div class=\"elementor-cta\">\n\t\t\t\t\t<div class=\"elementor-cta__bg-wrapper\">\n\t\t\t\t<div class=\"elementor-cta__bg elementor-bg\" style=\"background-image: url(https:\/\/historiaintelectual.com.ar\/wp-content\/uploads\/2020\/09\/Tafuri-en-Argentina_tapa.jpg);\" role=\"img\" aria-label=\"Tafuri en Argentina_tapa\"><\/div>\n\t\t\t\t<div class=\"elementor-cta__bg-overlay\"><\/div>\n\t\t\t<\/div>\n\t\t\t\t\t\t\t<div class=\"elementor-cta__content\">\n\t\t\t\t\n\t\t\t\t\t\t\t\t\t<h2 class=\"elementor-cta__title elementor-cta__content-item elementor-content-item\">\n\t\t\t\t\t\tTafuri en Argentina\t\t\t\t\t<\/h2>\n\t\t\t\t\n\t\t\t\t\t\t\t\t\t<div class=\"elementor-cta__description elementor-cta__content-item elementor-content-item\">\n\t\t\t\t\t\tEl libro toma la visita en agosto de 1981 a la Argentina (Buenos Aires y Rosario) del italiano Manfredo Tafuri (1935-1994), uno de los historiadores de la arquitectura m\u00e1s importante de la segunda mitad del siglo XX, como argumento central para realizar varias operaciones a la vez, buscando tanto comprender a \u201cTafuri en Argentina\u201d como producir lecturas sobre su obra que permiten pensar a \u201cTafuri desde la Argentina\u201d.\t\t\t\t\t<\/div>\n\t\t\t\t\n\t\t\t\t\t\t\t\t\t<div class=\"elementor-cta__button-wrapper elementor-cta__content-item elementor-content-item \">\n\t\t\t\t\t<a class=\"elementor-cta__button elementor-button elementor-size-\" href=\"https:\/\/edicionesarq.com\/Tafuri-en-Argentina\" target=\"_blank\">\n\t\t\t\t\t\tLink a la editorial\t\t\t\t\t<\/a>\n\t\t\t\t\t<\/div>\n\t\t\t\t\t\t\t<\/div>\n\t\t\t\t\t\t<\/div>\n\t\t\t\t\t\t<\/div>\n\t\t\t\t<\/div>\n\t\t\t\t<div class=\"elementor-element elementor-element-6269827 elementor-cta--layout-image-left elementor-cta--tablet-layout-image-above elementor-cta--valign-top elementor-cta--skin-classic elementor-animated-content elementor-bg-transform elementor-bg-transform-zoom-in elementor-widget elementor-widget-call-to-action\" data-id=\"6269827\" data-element_type=\"widget\" data-e-type=\"widget\" data-widget_type=\"call-to-action.default\">\n\t\t\t\t<div class=\"elementor-widget-container\">\n\t\t\t\t\t\t\t<div class=\"elementor-cta\">\n\t\t\t\t\t<div class=\"elementor-cta__bg-wrapper\">\n\t\t\t\t<div class=\"elementor-cta__bg elementor-bg\" style=\"background-image: url(https:\/\/historiaintelectual.com.ar\/wp-content\/uploads\/2020\/10\/La-ciudad-latinoamericana_tapa-scaled.jpg);\" role=\"img\" aria-label=\"Copia de Gorelik. La ciudad latinoamericana [tapa]\"><\/div>\n\t\t\t\t<div class=\"elementor-cta__bg-overlay\"><\/div>\n\t\t\t<\/div>\n\t\t\t\t\t\t\t<div class=\"elementor-cta__content\">\n\t\t\t\t\n\t\t\t\t\t\t\t\t\t<h2 class=\"elementor-cta__title elementor-cta__content-item elementor-content-item\">\n\t\t\t\t\t\tLa ciudad latinoamericana\t\t\t\t\t<\/h2>\n\t\t\t\t\n\t\t\t\t\t\t\t\t\t<div class=\"elementor-cta__description elementor-cta__content-item elementor-content-item\">\n\t\t\t\t\t\tEl libro traza una historia intelectual del pensamiento sobre la ciudad que busca recuperar, a trav\u00e9s del prisma urbano, el fulgor de las d\u00e9cadas de mediados del siglo XX, el per\u00edodo en el que con mayor perseverancia se formul\u00f3 la idea de Latinoam\u00e9rica como proyecto, sea en versi\u00f3n desarrollista o revolucionaria. La apuesta es que, al colocar en el centro de la din\u00e1mica intelectual de esas d\u00e9cadas a la ciudad, como la cifra perdida que estructur\u00f3 programas culturales, pol\u00edticos y tambi\u00e9n acad\u00e9micos, se consiga dar una nueva inteligibilidad al per\u00edodo de conjunto. \t\t\t\t\t<\/div>\n\t\t\t\t\n\t\t\t\t\t\t\t\t\t<div class=\"elementor-cta__button-wrapper elementor-cta__content-item elementor-content-item \">\n\t\t\t\t\t<a class=\"elementor-cta__button elementor-button elementor-size-\" href=\"https:\/\/sigloxxieditores.com.ar\/libro\/la-ciudad-latinoamericana\/?srsltid=AfmBOor83zFe4E0F8OkxBwEOQfsUlzYmrePGVb6xeFqIFTV2tga8K-Vg\" target=\"_blank\">\n\t\t\t\t\t\tLink a la editorial\t\t\t\t\t<\/a>\n\t\t\t\t\t<\/div>\n\t\t\t\t\t\t\t<\/div>\n\t\t\t\t\t\t<\/div>\n\t\t\t\t\t\t<\/div>\n\t\t\t\t<\/div>\n\t\t\t\t<div class=\"elementor-element elementor-element-513082f elementor-cta--layout-image-left elementor-cta--tablet-layout-image-above elementor-cta--valign-top elementor-cta--skin-classic elementor-animated-content elementor-bg-transform elementor-bg-transform-zoom-in elementor-widget elementor-widget-call-to-action\" data-id=\"513082f\" data-element_type=\"widget\" data-e-type=\"widget\" data-widget_type=\"call-to-action.default\">\n\t\t\t\t<div class=\"elementor-widget-container\">\n\t\t\t\t\t\t\t<div class=\"elementor-cta\">\n\t\t\t\t\t<div class=\"elementor-cta__bg-wrapper\">\n\t\t\t\t<div class=\"elementor-cta__bg elementor-bg\" style=\"background-image: url(https:\/\/historiaintelectual.com.ar\/wp-content\/uploads\/2020\/10\/a-cidade-latino-americana-capa-scaled.jpg);\" role=\"img\" aria-label=\"a-cidade-latino-americana-capa\"><\/div>\n\t\t\t\t<div class=\"elementor-cta__bg-overlay\"><\/div>\n\t\t\t<\/div>\n\t\t\t\t\t\t\t<div class=\"elementor-cta__content\">\n\t\t\t\t\n\t\t\t\t\t\t\t\t\t<h2 class=\"elementor-cta__title elementor-cta__content-item elementor-content-item\">\n\t\t\t\t\t\tA cidade latino-americana\t\t\t\t\t<\/h2>\n\t\t\t\t\n\t\t\t\t\t\t\t\t\t<div class=\"elementor-cta__description elementor-cta__content-item elementor-content-item\">\n\t\t\t\t\t\tTraducci\u00f3n al portugu\u00e9s de La ciudad latinoamericana, esta obra  traza una historia intelectual del pensamiento sobre la ciudad que busca recuperar, a trav\u00e9s del prisma urbano, el fulgor de las d\u00e9cadas de mediados del siglo XX, el per\u00edodo en el que con mayor perseverancia se formul\u00f3 la idea de Latinoam\u00e9rica como proyecto, sea en versi\u00f3n desarrollista o revolucionaria. \t\t\t\t\t<\/div>\n\t\t\t\t\n\t\t\t\t\t\t\t\t\t<div class=\"elementor-cta__button-wrapper elementor-cta__content-item elementor-content-item \">\n\t\t\t\t\t<a class=\"elementor-cta__button elementor-button elementor-size-\" href=\"https:\/\/edufba.ufba.br\/livros-publicados\/catalogo\/cidade-latino-americana-uma-figura-da-imaginacao-social-do-seculo-xx\" target=\"_blank\">\n\t\t\t\t\t\tLink a la editorial\t\t\t\t\t<\/a>\n\t\t\t\t\t<\/div>\n\t\t\t\t\t\t\t<\/div>\n\t\t\t\t\t\t<\/div>\n\t\t\t\t\t\t<\/div>\n\t\t\t\t<\/div>\n\t\t\t\t<\/div>\n\t\t\t\t\t<\/div>\n\t\t\t\t<\/div>\n\t\t<div class=\"elementor-element elementor-element-73b204e e-flex e-con-boxed e-con e-parent\" data-id=\"73b204e\" data-element_type=\"container\" data-e-type=\"container\">\n\t\t\t\t\t<div class=\"e-con-inner\">\n\t\t\t\t\t<\/div>\n\t\t\t\t<\/div>\n\t\t\t\t<\/div>\n\t\t","protected":false},"excerpt":{"rendered":"<p>Bio La sombra de la vanguardia El arquitecto suizo Hannes Meyer (1889-1954) fue una figura clave del debate ideol\u00f3gico de las vanguardias: dirigi\u00f3 la Bauhaus entre 1928 y 1930 cuando fue obligado a dimitir, march\u00e1ndose al frente de una brigada de arquitectos a la Uni\u00f3n Sovi\u00e9tica, donde permaneci\u00f3 hasta 1936. El libro analiza la \u00faltima [&hellip;]<\/p>\n","protected":false},"author":1,"featured_media":4427,"comment_status":"closed","ping_status":"closed","sticky":false,"template":"","format":"standard","meta":{"footnotes":""},"categories":[97],"tags":[],"class_list":["post-6907","post","type-post","status-publish","format-standard","has-post-thumbnail","hentry","category-libros-de-investigadores"],"yoast_head":"<!-- This site is optimized with the Yoast SEO plugin v27.3 - https:\/\/yoast.com\/product\/yoast-seo-wordpress\/ -->\n<title>Adri\u00e1n Gorelik &#187; Historia Intelectual<\/title>\n<meta name=\"robots\" content=\"index, follow, max-snippet:-1, max-image-preview:large, max-video-preview:-1\" \/>\n<link rel=\"canonical\" href=\"https:\/\/historiaintelectual.com.ar\/eng\/adrian-gorelik-3\/\" \/>\n<meta property=\"og:locale\" content=\"en_US\" \/>\n<meta property=\"og:type\" content=\"article\" \/>\n<meta property=\"og:title\" content=\"Adri\u00e1n Gorelik &#187; Historia Intelectual\" \/>\n<meta property=\"og:description\" content=\"Bio La sombra de la vanguardia El arquitecto suizo Hannes Meyer (1889-1954) fue una figura clave del debate ideol\u00f3gico de las vanguardias: dirigi\u00f3 la Bauhaus entre 1928 y 1930 cuando fue obligado a dimitir, march\u00e1ndose al frente de una brigada de arquitectos a la Uni\u00f3n Sovi\u00e9tica, donde permaneci\u00f3 hasta 1936. El libro analiza la \u00faltima [&hellip;]\" \/>\n<meta property=\"og:url\" content=\"https:\/\/historiaintelectual.com.ar\/eng\/adrian-gorelik-3\/\" \/>\n<meta property=\"og:site_name\" content=\"Historia Intelectual\" \/>\n<meta property=\"article:publisher\" content=\"https:\/\/www.facebook.com\/Centrodehistoriaintelectual\/\" \/>\n<meta property=\"article:published_time\" content=\"2020-10-16T23:27:04+00:00\" \/>\n<meta property=\"article:modified_time\" content=\"2025-09-29T19:35:14+00:00\" \/>\n<meta property=\"og:image\" content=\"https:\/\/historiaintelectual.com.ar\/wp-content\/uploads\/2015\/08\/Gorelik-Adrian.jpg\" \/>\n\t<meta property=\"og:image:width\" content=\"360\" \/>\n\t<meta property=\"og:image:height\" content=\"312\" \/>\n\t<meta property=\"og:image:type\" content=\"image\/jpeg\" \/>\n<meta name=\"author\" content=\"admin\" \/>\n<script type=\"application\/ld+json\" class=\"yoast-schema-graph\">{\"@context\":\"https:\\\/\\\/schema.org\",\"@graph\":[{\"@type\":\"Article\",\"@id\":\"https:\\\/\\\/historiaintelectual.com.ar\\\/adrian-gorelik-3\\\/#article\",\"isPartOf\":{\"@id\":\"https:\\\/\\\/historiaintelectual.com.ar\\\/adrian-gorelik-3\\\/\"},\"author\":{\"name\":\"admin\",\"@id\":\"https:\\\/\\\/historiaintelectual.com.ar\\\/#\\\/schema\\\/person\\\/885c05ccc3314e2dec0bd9b0825c5912\"},\"headline\":\"Adri\u00e1n Gorelik\",\"datePublished\":\"2020-10-16T23:27:04+00:00\",\"dateModified\":\"2025-09-29T19:35:14+00:00\",\"mainEntityOfPage\":{\"@id\":\"https:\\\/\\\/historiaintelectual.com.ar\\\/adrian-gorelik-3\\\/\"},\"wordCount\":881,\"publisher\":{\"@id\":\"https:\\\/\\\/historiaintelectual.com.ar\\\/#organization\"},\"image\":{\"@id\":\"https:\\\/\\\/historiaintelectual.com.ar\\\/adrian-gorelik-3\\\/#primaryimage\"},\"thumbnailUrl\":\"https:\\\/\\\/historiaintelectual.com.ar\\\/wp-content\\\/uploads\\\/2015\\\/08\\\/Gorelik-Adrian.jpg\",\"articleSection\":[\"Libros de investigadores\"],\"inLanguage\":\"en-US\"},{\"@type\":\"WebPage\",\"@id\":\"https:\\\/\\\/historiaintelectual.com.ar\\\/adrian-gorelik-3\\\/\",\"url\":\"https:\\\/\\\/historiaintelectual.com.ar\\\/adrian-gorelik-3\\\/\",\"name\":\"Adri\u00e1n Gorelik &#187; Historia Intelectual\",\"isPartOf\":{\"@id\":\"https:\\\/\\\/historiaintelectual.com.ar\\\/#website\"},\"primaryImageOfPage\":{\"@id\":\"https:\\\/\\\/historiaintelectual.com.ar\\\/adrian-gorelik-3\\\/#primaryimage\"},\"image\":{\"@id\":\"https:\\\/\\\/historiaintelectual.com.ar\\\/adrian-gorelik-3\\\/#primaryimage\"},\"thumbnailUrl\":\"https:\\\/\\\/historiaintelectual.com.ar\\\/wp-content\\\/uploads\\\/2015\\\/08\\\/Gorelik-Adrian.jpg\",\"datePublished\":\"2020-10-16T23:27:04+00:00\",\"dateModified\":\"2025-09-29T19:35:14+00:00\",\"breadcrumb\":{\"@id\":\"https:\\\/\\\/historiaintelectual.com.ar\\\/adrian-gorelik-3\\\/#breadcrumb\"},\"inLanguage\":\"en-US\",\"potentialAction\":[{\"@type\":\"ReadAction\",\"target\":[\"https:\\\/\\\/historiaintelectual.com.ar\\\/adrian-gorelik-3\\\/\"]}]},{\"@type\":\"ImageObject\",\"inLanguage\":\"en-US\",\"@id\":\"https:\\\/\\\/historiaintelectual.com.ar\\\/adrian-gorelik-3\\\/#primaryimage\",\"url\":\"https:\\\/\\\/historiaintelectual.com.ar\\\/wp-content\\\/uploads\\\/2015\\\/08\\\/Gorelik-Adrian.jpg\",\"contentUrl\":\"https:\\\/\\\/historiaintelectual.com.ar\\\/wp-content\\\/uploads\\\/2015\\\/08\\\/Gorelik-Adrian.jpg\",\"width\":360,\"height\":312},{\"@type\":\"BreadcrumbList\",\"@id\":\"https:\\\/\\\/historiaintelectual.com.ar\\\/adrian-gorelik-3\\\/#breadcrumb\",\"itemListElement\":[{\"@type\":\"ListItem\",\"position\":1,\"name\":\"Portada\",\"item\":\"https:\\\/\\\/historiaintelectual.com.ar\\\/\"},{\"@type\":\"ListItem\",\"position\":2,\"name\":\"Adri\u00e1n Gorelik\"}]},{\"@type\":\"WebSite\",\"@id\":\"https:\\\/\\\/historiaintelectual.com.ar\\\/#website\",\"url\":\"https:\\\/\\\/historiaintelectual.com.ar\\\/\",\"name\":\"Historia Intelectual\",\"description\":\"Centro de Historia Intelectual\",\"publisher\":{\"@id\":\"https:\\\/\\\/historiaintelectual.com.ar\\\/#organization\"},\"alternateName\":\"Centro de historia intelectual\",\"potentialAction\":[{\"@type\":\"SearchAction\",\"target\":{\"@type\":\"EntryPoint\",\"urlTemplate\":\"https:\\\/\\\/historiaintelectual.com.ar\\\/?s={search_term_string}\"},\"query-input\":{\"@type\":\"PropertyValueSpecification\",\"valueRequired\":true,\"valueName\":\"search_term_string\"}}],\"inLanguage\":\"en-US\"},{\"@type\":\"Organization\",\"@id\":\"https:\\\/\\\/historiaintelectual.com.ar\\\/#organization\",\"name\":\"Centro Historia Intelectual\",\"url\":\"https:\\\/\\\/historiaintelectual.com.ar\\\/\",\"logo\":{\"@type\":\"ImageObject\",\"inLanguage\":\"en-US\",\"@id\":\"https:\\\/\\\/historiaintelectual.com.ar\\\/#\\\/schema\\\/logo\\\/image\\\/\",\"url\":\"https:\\\/\\\/historiaintelectual.com.ar\\\/wp-content\\\/uploads\\\/2025\\\/04\\\/logo-25.png\",\"contentUrl\":\"https:\\\/\\\/historiaintelectual.com.ar\\\/wp-content\\\/uploads\\\/2025\\\/04\\\/logo-25.png\",\"width\":456,\"height\":456,\"caption\":\"Centro Historia Intelectual\"},\"image\":{\"@id\":\"https:\\\/\\\/historiaintelectual.com.ar\\\/#\\\/schema\\\/logo\\\/image\\\/\"},\"sameAs\":[\"https:\\\/\\\/www.facebook.com\\\/Centrodehistoriaintelectual\\\/\",\"https:\\\/\\\/www.youtube.com\\\/channel\\\/UCGr8q_2-dchoqKT-jT5Lmfw\",\"https:\\\/\\\/www.instagram.com\\\/chi_unq\\\/\"]},{\"@type\":\"Person\",\"@id\":\"https:\\\/\\\/historiaintelectual.com.ar\\\/#\\\/schema\\\/person\\\/885c05ccc3314e2dec0bd9b0825c5912\",\"name\":\"admin\",\"url\":\"https:\\\/\\\/historiaintelectual.com.ar\\\/eng\\\/author\\\/admin\\\/\"}]}<\/script>\n<!-- \/ Yoast SEO plugin. -->","yoast_head_json":{"title":"Adri\u00e1n Gorelik &#187; Historia Intelectual","robots":{"index":"index","follow":"follow","max-snippet":"max-snippet:-1","max-image-preview":"max-image-preview:large","max-video-preview":"max-video-preview:-1"},"canonical":"https:\/\/historiaintelectual.com.ar\/eng\/adrian-gorelik-3\/","og_locale":"en_US","og_type":"article","og_title":"Adri\u00e1n Gorelik &#187; Historia Intelectual","og_description":"Bio La sombra de la vanguardia El arquitecto suizo Hannes Meyer (1889-1954) fue una figura clave del debate ideol\u00f3gico de las vanguardias: dirigi\u00f3 la Bauhaus entre 1928 y 1930 cuando fue obligado a dimitir, march\u00e1ndose al frente de una brigada de arquitectos a la Uni\u00f3n Sovi\u00e9tica, donde permaneci\u00f3 hasta 1936. El libro analiza la \u00faltima [&hellip;]","og_url":"https:\/\/historiaintelectual.com.ar\/eng\/adrian-gorelik-3\/","og_site_name":"Historia Intelectual","article_publisher":"https:\/\/www.facebook.com\/Centrodehistoriaintelectual\/","article_published_time":"2020-10-16T23:27:04+00:00","article_modified_time":"2025-09-29T19:35:14+00:00","og_image":[{"width":360,"height":312,"url":"https:\/\/historiaintelectual.com.ar\/wp-content\/uploads\/2015\/08\/Gorelik-Adrian.jpg","type":"image\/jpeg"}],"author":"admin","schema":{"@context":"https:\/\/schema.org","@graph":[{"@type":"Article","@id":"https:\/\/historiaintelectual.com.ar\/adrian-gorelik-3\/#article","isPartOf":{"@id":"https:\/\/historiaintelectual.com.ar\/adrian-gorelik-3\/"},"author":{"name":"admin","@id":"https:\/\/historiaintelectual.com.ar\/#\/schema\/person\/885c05ccc3314e2dec0bd9b0825c5912"},"headline":"Adri\u00e1n Gorelik","datePublished":"2020-10-16T23:27:04+00:00","dateModified":"2025-09-29T19:35:14+00:00","mainEntityOfPage":{"@id":"https:\/\/historiaintelectual.com.ar\/adrian-gorelik-3\/"},"wordCount":881,"publisher":{"@id":"https:\/\/historiaintelectual.com.ar\/#organization"},"image":{"@id":"https:\/\/historiaintelectual.com.ar\/adrian-gorelik-3\/#primaryimage"},"thumbnailUrl":"https:\/\/historiaintelectual.com.ar\/wp-content\/uploads\/2015\/08\/Gorelik-Adrian.jpg","articleSection":["Libros de investigadores"],"inLanguage":"en-US"},{"@type":"WebPage","@id":"https:\/\/historiaintelectual.com.ar\/adrian-gorelik-3\/","url":"https:\/\/historiaintelectual.com.ar\/adrian-gorelik-3\/","name":"Adri\u00e1n Gorelik &#187; Historia Intelectual","isPartOf":{"@id":"https:\/\/historiaintelectual.com.ar\/#website"},"primaryImageOfPage":{"@id":"https:\/\/historiaintelectual.com.ar\/adrian-gorelik-3\/#primaryimage"},"image":{"@id":"https:\/\/historiaintelectual.com.ar\/adrian-gorelik-3\/#primaryimage"},"thumbnailUrl":"https:\/\/historiaintelectual.com.ar\/wp-content\/uploads\/2015\/08\/Gorelik-Adrian.jpg","datePublished":"2020-10-16T23:27:04+00:00","dateModified":"2025-09-29T19:35:14+00:00","breadcrumb":{"@id":"https:\/\/historiaintelectual.com.ar\/adrian-gorelik-3\/#breadcrumb"},"inLanguage":"en-US","potentialAction":[{"@type":"ReadAction","target":["https:\/\/historiaintelectual.com.ar\/adrian-gorelik-3\/"]}]},{"@type":"ImageObject","inLanguage":"en-US","@id":"https:\/\/historiaintelectual.com.ar\/adrian-gorelik-3\/#primaryimage","url":"https:\/\/historiaintelectual.com.ar\/wp-content\/uploads\/2015\/08\/Gorelik-Adrian.jpg","contentUrl":"https:\/\/historiaintelectual.com.ar\/wp-content\/uploads\/2015\/08\/Gorelik-Adrian.jpg","width":360,"height":312},{"@type":"BreadcrumbList","@id":"https:\/\/historiaintelectual.com.ar\/adrian-gorelik-3\/#breadcrumb","itemListElement":[{"@type":"ListItem","position":1,"name":"Portada","item":"https:\/\/historiaintelectual.com.ar\/"},{"@type":"ListItem","position":2,"name":"Adri\u00e1n Gorelik"}]},{"@type":"WebSite","@id":"https:\/\/historiaintelectual.com.ar\/#website","url":"https:\/\/historiaintelectual.com.ar\/","name":"Historia Intelectual","description":"Center for Intellectual History","publisher":{"@id":"https:\/\/historiaintelectual.com.ar\/#organization"},"alternateName":"Centro de historia intelectual","potentialAction":[{"@type":"SearchAction","target":{"@type":"EntryPoint","urlTemplate":"https:\/\/historiaintelectual.com.ar\/?s={search_term_string}"},"query-input":{"@type":"PropertyValueSpecification","valueRequired":true,"valueName":"search_term_string"}}],"inLanguage":"en-US"},{"@type":"Organization","@id":"https:\/\/historiaintelectual.com.ar\/#organization","name":"Centro Historia Intelectual","url":"https:\/\/historiaintelectual.com.ar\/","logo":{"@type":"ImageObject","inLanguage":"en-US","@id":"https:\/\/historiaintelectual.com.ar\/#\/schema\/logo\/image\/","url":"https:\/\/historiaintelectual.com.ar\/wp-content\/uploads\/2025\/04\/logo-25.png","contentUrl":"https:\/\/historiaintelectual.com.ar\/wp-content\/uploads\/2025\/04\/logo-25.png","width":456,"height":456,"caption":"Centro Historia Intelectual"},"image":{"@id":"https:\/\/historiaintelectual.com.ar\/#\/schema\/logo\/image\/"},"sameAs":["https:\/\/www.facebook.com\/Centrodehistoriaintelectual\/","https:\/\/www.youtube.com\/channel\/UCGr8q_2-dchoqKT-jT5Lmfw","https:\/\/www.instagram.com\/chi_unq\/"]},{"@type":"Person","@id":"https:\/\/historiaintelectual.com.ar\/#\/schema\/person\/885c05ccc3314e2dec0bd9b0825c5912","name":"admin","url":"https:\/\/historiaintelectual.com.ar\/eng\/author\/admin\/"}]}},"_links":{"self":[{"href":"https:\/\/historiaintelectual.com.ar\/eng\/wp-json\/wp\/v2\/posts\/6907","targetHints":{"allow":["GET"]}}],"collection":[{"href":"https:\/\/historiaintelectual.com.ar\/eng\/wp-json\/wp\/v2\/posts"}],"about":[{"href":"https:\/\/historiaintelectual.com.ar\/eng\/wp-json\/wp\/v2\/types\/post"}],"author":[{"embeddable":true,"href":"https:\/\/historiaintelectual.com.ar\/eng\/wp-json\/wp\/v2\/users\/1"}],"replies":[{"embeddable":true,"href":"https:\/\/historiaintelectual.com.ar\/eng\/wp-json\/wp\/v2\/comments?post=6907"}],"version-history":[{"count":56,"href":"https:\/\/historiaintelectual.com.ar\/eng\/wp-json\/wp\/v2\/posts\/6907\/revisions"}],"predecessor-version":[{"id":10705,"href":"https:\/\/historiaintelectual.com.ar\/eng\/wp-json\/wp\/v2\/posts\/6907\/revisions\/10705"}],"wp:featuredmedia":[{"embeddable":true,"href":"https:\/\/historiaintelectual.com.ar\/eng\/wp-json\/wp\/v2\/media\/4427"}],"wp:attachment":[{"href":"https:\/\/historiaintelectual.com.ar\/eng\/wp-json\/wp\/v2\/media?parent=6907"}],"wp:term":[{"taxonomy":"category","embeddable":true,"href":"https:\/\/historiaintelectual.com.ar\/eng\/wp-json\/wp\/v2\/categories?post=6907"},{"taxonomy":"post_tag","embeddable":true,"href":"https:\/\/historiaintelectual.com.ar\/eng\/wp-json\/wp\/v2\/tags?post=6907"}],"curies":[{"name":"wp","href":"https:\/\/api.w.org\/{rel}","templated":true}]}}