{"id":6747,"date":"2020-10-01T16:46:38","date_gmt":"2020-10-01T16:46:38","guid":{"rendered":"https:\/\/historiaintelectual.com.ar\/?p=6747"},"modified":"2025-09-25T10:50:56","modified_gmt":"2025-09-25T13:50:56","slug":"martina-garategaray-2","status":"publish","type":"post","link":"https:\/\/historiaintelectual.com.ar\/eng\/martina-garategaray-2\/","title":{"rendered":"Martina Garategaray"},"content":{"rendered":"<div data-elementor-type=\"wp-post\" data-elementor-id=\"6747\" class=\"elementor elementor-6747\" data-elementor-post-type=\"post\">\n\t\t\t\t<div class=\"elementor-element elementor-element-5384c94c e-flex e-con-boxed e-con e-parent\" data-id=\"5384c94c\" data-element_type=\"container\" data-e-type=\"container\">\n\t\t\t\t\t<div class=\"e-con-inner\">\n\t\t<div class=\"elementor-element elementor-element-4868b005 e-con-full e-flex e-con e-child\" data-id=\"4868b005\" data-element_type=\"container\" data-e-type=\"container\">\n\t\t\t\t<div class=\"elementor-element elementor-element-44cca9ac elementor-widget elementor-widget-theme-post-featured-image elementor-widget-image\" data-id=\"44cca9ac\" data-element_type=\"widget\" data-e-type=\"widget\" data-widget_type=\"theme-post-featured-image.default\">\n\t\t\t\t<div class=\"elementor-widget-container\">\n\t\t\t\t\t\t\t\t\t\t\t\t<figure class=\"wp-caption\">\n\t\t\t\t\t\t\t\t\t\t<img fetchpriority=\"high\" decoding=\"async\" width=\"360\" height=\"312\" src=\"https:\/\/historiaintelectual.com.ar\/wp-content\/uploads\/2015\/11\/Garategaray-Martina-2.jpg\" class=\"attachment-full size-full wp-image-4897\" alt=\"\" srcset=\"https:\/\/historiaintelectual.com.ar\/wp-content\/uploads\/2015\/11\/Garategaray-Martina-2.jpg 360w, https:\/\/historiaintelectual.com.ar\/wp-content\/uploads\/2015\/11\/Garategaray-Martina-2-300x260.jpg 300w, https:\/\/historiaintelectual.com.ar\/wp-content\/uploads\/2015\/11\/Garategaray-Martina-2-120x105.jpg 120w\" sizes=\"(max-width: 360px) 100vw, 360px\" \/>\t\t\t\t\t\t\t\t\t\t\t<figcaption class=\"widget-image-caption wp-caption-text\">Martina Garategaray<\/figcaption>\n\t\t\t\t\t\t\t\t\t\t<\/figure>\n\t\t\t\t\t\t\t\t\t<\/div>\n\t\t\t\t<\/div>\n\t\t\t\t<div class=\"elementor-element elementor-element-7b43084 elementor-align-left elementor-widget elementor-widget-button\" data-id=\"7b43084\" data-element_type=\"widget\" data-e-type=\"widget\" data-widget_type=\"button.default\">\n\t\t\t\t<div class=\"elementor-widget-container\">\n\t\t\t\t\t\t\t\t\t<div class=\"elementor-button-wrapper\">\n\t\t\t\t\t<a class=\"elementor-button elementor-button-link elementor-size-sm\" href=\"https:\/\/historiaintelectual.com.ar\/eng\/martina-garategaray\/\">\n\t\t\t\t\t\t<span class=\"elementor-button-content-wrapper\">\n\t\t\t\t\t\t<span class=\"elementor-button-icon\">\n\t\t\t\t<svg xmlns=\"http:\/\/www.w3.org\/2000\/svg\" xmlns:xlink=\"http:\/\/www.w3.org\/1999\/xlink\" id=\"Layer_1\" x=\"0px\" y=\"0px\" viewbox=\"0 0 251 252\" style=\"enable-background:new 0 0 251 252;\" xml:space=\"preserve\"><polygon points=\"-1,0 250,252 250,0 \"><\/polygon><\/svg>\t\t\t<\/span>\n\t\t\t\t\t\t\t\t\t<span class=\"elementor-button-text\">Bio<\/span>\n\t\t\t\t\t<\/span>\n\t\t\t\t\t<\/a>\n\t\t\t\t<\/div>\n\t\t\t\t\t\t\t\t<\/div>\n\t\t\t\t<\/div>\n\t\t\t\t<\/div>\n\t\t<div class=\"elementor-element elementor-element-45bbc04f e-con-full e-flex e-con e-child\" data-id=\"45bbc04f\" data-element_type=\"container\" data-e-type=\"container\">\n\t\t\t\t<div class=\"elementor-element elementor-element-e0ec0e1 elementor-cta--layout-image-left elementor-cta--tablet-layout-image-above elementor-cta--valign-top elementor-cta--skin-classic elementor-animated-content elementor-bg-transform elementor-bg-transform-zoom-in elementor-widget elementor-widget-call-to-action\" data-id=\"e0ec0e1\" data-element_type=\"widget\" data-e-type=\"widget\" data-widget_type=\"call-to-action.default\">\n\t\t\t\t<div class=\"elementor-widget-container\">\n\t\t\t\t\t\t\t<div class=\"elementor-cta\">\n\t\t\t\t\t<div class=\"elementor-cta__bg-wrapper\">\n\t\t\t\t<div class=\"elementor-cta__bg elementor-bg\" style=\"background-image: url(https:\/\/historiaintelectual.com.ar\/wp-content\/uploads\/2020\/10\/Libro-Gategaray.png);\" role=\"img\" aria-label=\"Libro Gategaray\"><\/div>\n\t\t\t\t<div class=\"elementor-cta__bg-overlay\"><\/div>\n\t\t\t<\/div>\n\t\t\t\t\t\t\t<div class=\"elementor-cta__content\">\n\t\t\t\t\n\t\t\t\t\t\t\t\t\t<h2 class=\"elementor-cta__title elementor-cta__content-item elementor-content-item\">\n\t\t\t\t\t\tUnidos\t\t\t\t\t<\/h2>\n\t\t\t\t\n\t\t\t\t\t\t\t\t\t<div class=\"elementor-cta__description elementor-cta__content-item elementor-content-item\">\n\t\t\t\t\t\tEste libro reconstruye la historia de la revista Unidos, que se public\u00f3 en Buenos Aires entre 1983 y 1991. Dirigida por Carlos \u201cChacho\u201d \u00c1lvarez, reun\u00eda a pol\u00edticos e intelectuales peronistas que buscaron desatar un debate intelectual para reponer al peronismo en el contexto democr\u00e1tico. Su historia es tambi\u00e9n un cap\u00edtulo importante de la historia de las ideas pol\u00edticas de la Argentina de los a\u00f1os ochenta del siglo XX.\t\t\t\t\t<\/div>\n\t\t\t\t\n\t\t\t\t\t\t\t\t\t<div class=\"elementor-cta__button-wrapper elementor-cta__content-item elementor-content-item\">\n\t\t\t\t\t<a class=\"elementor-cta__button elementor-button elementor-size-\" href=\"https:\/\/ediciones.unq.edu.ar\/426-unidos-la-revista-peronista-de-los-ochenta.html\" target=\"_blank\">\n\t\t\t\t\t\tLink to the publisher\t\t\t\t\t<\/a>\n\t\t\t\t\t<\/div>\n\t\t\t\t\t\t\t<\/div>\n\t\t\t\t\t\t<\/div>\n\t\t\t\t\t\t<\/div>\n\t\t\t\t<\/div>\n\t\t\t\t<div class=\"elementor-element elementor-element-a47cbab elementor-cta--layout-image-left elementor-cta--tablet-layout-image-above elementor-cta--valign-top elementor-cta--skin-classic elementor-animated-content elementor-bg-transform elementor-bg-transform-zoom-in elementor-widget elementor-widget-call-to-action\" data-id=\"a47cbab\" data-element_type=\"widget\" data-e-type=\"widget\" data-widget_type=\"call-to-action.default\">\n\t\t\t\t<div class=\"elementor-widget-container\">\n\t\t\t\t\t\t\t<div class=\"elementor-cta\">\n\t\t\t\t\t<div class=\"elementor-cta__bg-wrapper\">\n\t\t\t\t<div class=\"elementor-cta__bg elementor-bg\" style=\"background-image: url(https:\/\/historiaintelectual.com.ar\/wp-content\/uploads\/2020\/10\/UCI-10968.jpg);\" role=\"img\" aria-label=\"UCI-10968\"><\/div>\n\t\t\t\t<div class=\"elementor-cta__bg-overlay\"><\/div>\n\t\t\t<\/div>\n\t\t\t\t\t\t\t<div class=\"elementor-cta__content\">\n\t\t\t\t\n\t\t\t\t\t\t\t\t\t<h2 class=\"elementor-cta__title elementor-cta__content-item elementor-content-item\">\n\t\t\t\t\t\tLa transici\u00f3n democr\u00e1tica como contexto intelectual. \t\t\t\t\t<\/h2>\n\t\t\t\t\n\t\t\t\t\t\t\t\t\t<div class=\"elementor-cta__description elementor-cta__content-item elementor-content-item\">\n\t\t\t\t\t\tEste libro discute con perspectivas politol\u00f3gicas para entender a la transici\u00f3n a la democracia argentina como un proceso amplio de discusi\u00f3n de ideas que excede las periodizaciones habituales. Se centra en dos debates claves: la pol\u00e9mica populismo y socialismo, que tuvo lugar en las p\u00e1ginas de la revista Controversia, y el debate sobre la tensi\u00f3n entre el pacto y el proyecto que se despleg\u00f3 en las revistas Unidos y La Ciudad Futura.\t\t\t\t\t<\/div>\n\t\t\t\t\n\t\t\t\t\t\t\t\t\t<div class=\"elementor-cta__button-wrapper elementor-cta__content-item elementor-content-item\">\n\t\t\t\t\t<a class=\"elementor-cta__button elementor-button elementor-size-\" href=\"https:\/\/www.ungs.edu.ar\/libro\/la-transicion-democratica-como-contexto-intelectual\" target=\"_blank\">\n\t\t\t\t\t\tLink to the publisher\t\t\t\t\t<\/a>\n\t\t\t\t\t<\/div>\n\t\t\t\t\t\t\t<\/div>\n\t\t\t\t\t\t<\/div>\n\t\t\t\t\t\t<\/div>\n\t\t\t\t<\/div>\n\t\t\t\t<\/div>\n\t\t\t\t\t<\/div>\n\t\t\t\t<\/div>\n\t\t<div class=\"elementor-element elementor-element-74dac1c e-flex e-con-boxed e-con e-parent\" data-id=\"74dac1c\" data-element_type=\"container\" data-e-type=\"container\">\n\t\t\t\t\t<div class=\"e-con-inner\">\n\t\t\t\t\t<\/div>\n\t\t\t\t<\/div>\n\t\t\t\t<\/div>","protected":false},"excerpt":{"rendered":"<p>Bio Unidos Este libro reconstruye la historia de la revista Unidos, que se public\u00f3 en Buenos Aires entre 1983 y 1991. Dirigida por Carlos \u201cChacho\u201d \u00c1lvarez, reun\u00eda a pol\u00edticos e intelectuales peronistas que buscaron desatar un debate intelectual para reponer al peronismo en el contexto democr\u00e1tico. Su historia es tambi\u00e9n un cap\u00edtulo importante de la [&hellip;]<\/p>\n","protected":false},"author":30,"featured_media":4897,"comment_status":"closed","ping_status":"closed","sticky":false,"template":"","format":"standard","meta":{"footnotes":""},"categories":[97],"tags":[],"class_list":["post-6747","post","type-post","status-publish","format-standard","has-post-thumbnail","hentry","category-libros-de-investigadores"],"yoast_head":"<!-- This site is optimized with the Yoast SEO plugin v27.3 - https:\/\/yoast.com\/product\/yoast-seo-wordpress\/ -->\n<title>Martina Garategaray &#187; Historia Intelectual<\/title>\n<meta name=\"robots\" content=\"index, follow, max-snippet:-1, max-image-preview:large, max-video-preview:-1\" \/>\n<link rel=\"canonical\" href=\"https:\/\/historiaintelectual.com.ar\/eng\/martina-garategaray-2\/\" \/>\n<meta property=\"og:locale\" content=\"en_US\" \/>\n<meta property=\"og:type\" content=\"article\" \/>\n<meta property=\"og:title\" content=\"Martina Garategaray &#187; Historia Intelectual\" \/>\n<meta property=\"og:description\" content=\"Bio Unidos Este libro reconstruye la historia de la revista Unidos, que se public\u00f3 en Buenos Aires entre 1983 y 1991. Dirigida por Carlos \u201cChacho\u201d \u00c1lvarez, reun\u00eda a pol\u00edticos e intelectuales peronistas que buscaron desatar un debate intelectual para reponer al peronismo en el contexto democr\u00e1tico. Su historia es tambi\u00e9n un cap\u00edtulo importante de la [&hellip;]\" \/>\n<meta property=\"og:url\" content=\"https:\/\/historiaintelectual.com.ar\/eng\/martina-garategaray-2\/\" \/>\n<meta property=\"og:site_name\" content=\"Historia Intelectual\" \/>\n<meta property=\"article:publisher\" content=\"https:\/\/www.facebook.com\/Centrodehistoriaintelectual\/\" \/>\n<meta property=\"article:published_time\" content=\"2020-10-01T16:46:38+00:00\" \/>\n<meta property=\"article:modified_time\" content=\"2025-09-25T13:50:56+00:00\" \/>\n<meta property=\"og:image\" content=\"https:\/\/historiaintelectual.com.ar\/wp-content\/uploads\/2015\/11\/Garategaray-Martina-2.jpg\" \/>\n\t<meta property=\"og:image:width\" content=\"360\" \/>\n\t<meta property=\"og:image:height\" content=\"312\" \/>\n\t<meta property=\"og:image:type\" content=\"image\/jpeg\" \/>\n<meta name=\"author\" content=\"Dhan Zunino\" \/>\n<script type=\"application\/ld+json\" class=\"yoast-schema-graph\">{\"@context\":\"https:\\\/\\\/schema.org\",\"@graph\":[{\"@type\":\"Article\",\"@id\":\"https:\\\/\\\/historiaintelectual.com.ar\\\/eng\\\/martina-garategaray-2\\\/#article\",\"isPartOf\":{\"@id\":\"https:\\\/\\\/historiaintelectual.com.ar\\\/eng\\\/martina-garategaray-2\\\/\"},\"author\":{\"name\":\"Dhan Zunino\",\"@id\":\"https:\\\/\\\/historiaintelectual.com.ar\\\/#\\\/schema\\\/person\\\/b16c30ee74bef35aadb8996742884e1c\"},\"headline\":\"Martina Garategaray\",\"datePublished\":\"2020-10-01T16:46:38+00:00\",\"dateModified\":\"2025-09-25T13:50:56+00:00\",\"mainEntityOfPage\":{\"@id\":\"https:\\\/\\\/historiaintelectual.com.ar\\\/eng\\\/martina-garategaray-2\\\/\"},\"wordCount\":171,\"publisher\":{\"@id\":\"https:\\\/\\\/historiaintelectual.com.ar\\\/#organization\"},\"image\":{\"@id\":\"https:\\\/\\\/historiaintelectual.com.ar\\\/eng\\\/martina-garategaray-2\\\/#primaryimage\"},\"thumbnailUrl\":\"https:\\\/\\\/historiaintelectual.com.ar\\\/wp-content\\\/uploads\\\/2015\\\/11\\\/Garategaray-Martina-2.jpg\",\"articleSection\":[\"Libros de investigadores\"],\"inLanguage\":\"en-US\"},{\"@type\":\"WebPage\",\"@id\":\"https:\\\/\\\/historiaintelectual.com.ar\\\/eng\\\/martina-garategaray-2\\\/\",\"url\":\"https:\\\/\\\/historiaintelectual.com.ar\\\/eng\\\/martina-garategaray-2\\\/\",\"name\":\"Martina Garategaray &#187; Historia Intelectual\",\"isPartOf\":{\"@id\":\"https:\\\/\\\/historiaintelectual.com.ar\\\/#website\"},\"primaryImageOfPage\":{\"@id\":\"https:\\\/\\\/historiaintelectual.com.ar\\\/eng\\\/martina-garategaray-2\\\/#primaryimage\"},\"image\":{\"@id\":\"https:\\\/\\\/historiaintelectual.com.ar\\\/eng\\\/martina-garategaray-2\\\/#primaryimage\"},\"thumbnailUrl\":\"https:\\\/\\\/historiaintelectual.com.ar\\\/wp-content\\\/uploads\\\/2015\\\/11\\\/Garategaray-Martina-2.jpg\",\"datePublished\":\"2020-10-01T16:46:38+00:00\",\"dateModified\":\"2025-09-25T13:50:56+00:00\",\"breadcrumb\":{\"@id\":\"https:\\\/\\\/historiaintelectual.com.ar\\\/eng\\\/martina-garategaray-2\\\/#breadcrumb\"},\"inLanguage\":\"en-US\",\"potentialAction\":[{\"@type\":\"ReadAction\",\"target\":[\"https:\\\/\\\/historiaintelectual.com.ar\\\/eng\\\/martina-garategaray-2\\\/\"]}]},{\"@type\":\"ImageObject\",\"inLanguage\":\"en-US\",\"@id\":\"https:\\\/\\\/historiaintelectual.com.ar\\\/eng\\\/martina-garategaray-2\\\/#primaryimage\",\"url\":\"https:\\\/\\\/historiaintelectual.com.ar\\\/wp-content\\\/uploads\\\/2015\\\/11\\\/Garategaray-Martina-2.jpg\",\"contentUrl\":\"https:\\\/\\\/historiaintelectual.com.ar\\\/wp-content\\\/uploads\\\/2015\\\/11\\\/Garategaray-Martina-2.jpg\",\"width\":360,\"height\":312},{\"@type\":\"BreadcrumbList\",\"@id\":\"https:\\\/\\\/historiaintelectual.com.ar\\\/eng\\\/martina-garategaray-2\\\/#breadcrumb\",\"itemListElement\":[{\"@type\":\"ListItem\",\"position\":1,\"name\":\"Portada\",\"item\":\"https:\\\/\\\/historiaintelectual.com.ar\\\/\"},{\"@type\":\"ListItem\",\"position\":2,\"name\":\"Martina Garategaray\"}]},{\"@type\":\"WebSite\",\"@id\":\"https:\\\/\\\/historiaintelectual.com.ar\\\/#website\",\"url\":\"https:\\\/\\\/historiaintelectual.com.ar\\\/\",\"name\":\"Historia Intelectual\",\"description\":\"Centro de Historia Intelectual\",\"publisher\":{\"@id\":\"https:\\\/\\\/historiaintelectual.com.ar\\\/#organization\"},\"alternateName\":\"Centro de historia intelectual\",\"potentialAction\":[{\"@type\":\"SearchAction\",\"target\":{\"@type\":\"EntryPoint\",\"urlTemplate\":\"https:\\\/\\\/historiaintelectual.com.ar\\\/?s={search_term_string}\"},\"query-input\":{\"@type\":\"PropertyValueSpecification\",\"valueRequired\":true,\"valueName\":\"search_term_string\"}}],\"inLanguage\":\"en-US\"},{\"@type\":\"Organization\",\"@id\":\"https:\\\/\\\/historiaintelectual.com.ar\\\/#organization\",\"name\":\"Centro Historia Intelectual\",\"url\":\"https:\\\/\\\/historiaintelectual.com.ar\\\/\",\"logo\":{\"@type\":\"ImageObject\",\"inLanguage\":\"en-US\",\"@id\":\"https:\\\/\\\/historiaintelectual.com.ar\\\/#\\\/schema\\\/logo\\\/image\\\/\",\"url\":\"https:\\\/\\\/historiaintelectual.com.ar\\\/wp-content\\\/uploads\\\/2025\\\/04\\\/logo-25.png\",\"contentUrl\":\"https:\\\/\\\/historiaintelectual.com.ar\\\/wp-content\\\/uploads\\\/2025\\\/04\\\/logo-25.png\",\"width\":456,\"height\":456,\"caption\":\"Centro Historia Intelectual\"},\"image\":{\"@id\":\"https:\\\/\\\/historiaintelectual.com.ar\\\/#\\\/schema\\\/logo\\\/image\\\/\"},\"sameAs\":[\"https:\\\/\\\/www.facebook.com\\\/Centrodehistoriaintelectual\\\/\",\"https:\\\/\\\/www.youtube.com\\\/channel\\\/UCGr8q_2-dchoqKT-jT5Lmfw\",\"https:\\\/\\\/www.instagram.com\\\/chi_unq\\\/\"]},{\"@type\":\"Person\",\"@id\":\"https:\\\/\\\/historiaintelectual.com.ar\\\/#\\\/schema\\\/person\\\/b16c30ee74bef35aadb8996742884e1c\",\"name\":\"Dhan Zunino\",\"url\":\"https:\\\/\\\/historiaintelectual.com.ar\\\/eng\\\/author\\\/dzunino\\\/\"}]}<\/script>\n<!-- \/ Yoast SEO plugin. -->","yoast_head_json":{"title":"Martina Garategaray &#187; Historia Intelectual","robots":{"index":"index","follow":"follow","max-snippet":"max-snippet:-1","max-image-preview":"max-image-preview:large","max-video-preview":"max-video-preview:-1"},"canonical":"https:\/\/historiaintelectual.com.ar\/eng\/martina-garategaray-2\/","og_locale":"en_US","og_type":"article","og_title":"Martina Garategaray &#187; Historia Intelectual","og_description":"Bio Unidos Este libro reconstruye la historia de la revista Unidos, que se public\u00f3 en Buenos Aires entre 1983 y 1991. Dirigida por Carlos \u201cChacho\u201d \u00c1lvarez, reun\u00eda a pol\u00edticos e intelectuales peronistas que buscaron desatar un debate intelectual para reponer al peronismo en el contexto democr\u00e1tico. Su historia es tambi\u00e9n un cap\u00edtulo importante de la [&hellip;]","og_url":"https:\/\/historiaintelectual.com.ar\/eng\/martina-garategaray-2\/","og_site_name":"Historia Intelectual","article_publisher":"https:\/\/www.facebook.com\/Centrodehistoriaintelectual\/","article_published_time":"2020-10-01T16:46:38+00:00","article_modified_time":"2025-09-25T13:50:56+00:00","og_image":[{"width":360,"height":312,"url":"https:\/\/historiaintelectual.com.ar\/wp-content\/uploads\/2015\/11\/Garategaray-Martina-2.jpg","type":"image\/jpeg"}],"author":"Dhan Zunino","schema":{"@context":"https:\/\/schema.org","@graph":[{"@type":"Article","@id":"https:\/\/historiaintelectual.com.ar\/eng\/martina-garategaray-2\/#article","isPartOf":{"@id":"https:\/\/historiaintelectual.com.ar\/eng\/martina-garategaray-2\/"},"author":{"name":"Dhan Zunino","@id":"https:\/\/historiaintelectual.com.ar\/#\/schema\/person\/b16c30ee74bef35aadb8996742884e1c"},"headline":"Martina Garategaray","datePublished":"2020-10-01T16:46:38+00:00","dateModified":"2025-09-25T13:50:56+00:00","mainEntityOfPage":{"@id":"https:\/\/historiaintelectual.com.ar\/eng\/martina-garategaray-2\/"},"wordCount":171,"publisher":{"@id":"https:\/\/historiaintelectual.com.ar\/#organization"},"image":{"@id":"https:\/\/historiaintelectual.com.ar\/eng\/martina-garategaray-2\/#primaryimage"},"thumbnailUrl":"https:\/\/historiaintelectual.com.ar\/wp-content\/uploads\/2015\/11\/Garategaray-Martina-2.jpg","articleSection":["Libros de investigadores"],"inLanguage":"en-US"},{"@type":"WebPage","@id":"https:\/\/historiaintelectual.com.ar\/eng\/martina-garategaray-2\/","url":"https:\/\/historiaintelectual.com.ar\/eng\/martina-garategaray-2\/","name":"Martina Garategaray &#187; Historia Intelectual","isPartOf":{"@id":"https:\/\/historiaintelectual.com.ar\/#website"},"primaryImageOfPage":{"@id":"https:\/\/historiaintelectual.com.ar\/eng\/martina-garategaray-2\/#primaryimage"},"image":{"@id":"https:\/\/historiaintelectual.com.ar\/eng\/martina-garategaray-2\/#primaryimage"},"thumbnailUrl":"https:\/\/historiaintelectual.com.ar\/wp-content\/uploads\/2015\/11\/Garategaray-Martina-2.jpg","datePublished":"2020-10-01T16:46:38+00:00","dateModified":"2025-09-25T13:50:56+00:00","breadcrumb":{"@id":"https:\/\/historiaintelectual.com.ar\/eng\/martina-garategaray-2\/#breadcrumb"},"inLanguage":"en-US","potentialAction":[{"@type":"ReadAction","target":["https:\/\/historiaintelectual.com.ar\/eng\/martina-garategaray-2\/"]}]},{"@type":"ImageObject","inLanguage":"en-US","@id":"https:\/\/historiaintelectual.com.ar\/eng\/martina-garategaray-2\/#primaryimage","url":"https:\/\/historiaintelectual.com.ar\/wp-content\/uploads\/2015\/11\/Garategaray-Martina-2.jpg","contentUrl":"https:\/\/historiaintelectual.com.ar\/wp-content\/uploads\/2015\/11\/Garategaray-Martina-2.jpg","width":360,"height":312},{"@type":"BreadcrumbList","@id":"https:\/\/historiaintelectual.com.ar\/eng\/martina-garategaray-2\/#breadcrumb","itemListElement":[{"@type":"ListItem","position":1,"name":"Portada","item":"https:\/\/historiaintelectual.com.ar\/"},{"@type":"ListItem","position":2,"name":"Martina Garategaray"}]},{"@type":"WebSite","@id":"https:\/\/historiaintelectual.com.ar\/#website","url":"https:\/\/historiaintelectual.com.ar\/","name":"Historia Intelectual","description":"Center for Intellectual History","publisher":{"@id":"https:\/\/historiaintelectual.com.ar\/#organization"},"alternateName":"Centro de historia intelectual","potentialAction":[{"@type":"SearchAction","target":{"@type":"EntryPoint","urlTemplate":"https:\/\/historiaintelectual.com.ar\/?s={search_term_string}"},"query-input":{"@type":"PropertyValueSpecification","valueRequired":true,"valueName":"search_term_string"}}],"inLanguage":"en-US"},{"@type":"Organization","@id":"https:\/\/historiaintelectual.com.ar\/#organization","name":"Centro Historia Intelectual","url":"https:\/\/historiaintelectual.com.ar\/","logo":{"@type":"ImageObject","inLanguage":"en-US","@id":"https:\/\/historiaintelectual.com.ar\/#\/schema\/logo\/image\/","url":"https:\/\/historiaintelectual.com.ar\/wp-content\/uploads\/2025\/04\/logo-25.png","contentUrl":"https:\/\/historiaintelectual.com.ar\/wp-content\/uploads\/2025\/04\/logo-25.png","width":456,"height":456,"caption":"Centro Historia Intelectual"},"image":{"@id":"https:\/\/historiaintelectual.com.ar\/#\/schema\/logo\/image\/"},"sameAs":["https:\/\/www.facebook.com\/Centrodehistoriaintelectual\/","https:\/\/www.youtube.com\/channel\/UCGr8q_2-dchoqKT-jT5Lmfw","https:\/\/www.instagram.com\/chi_unq\/"]},{"@type":"Person","@id":"https:\/\/historiaintelectual.com.ar\/#\/schema\/person\/b16c30ee74bef35aadb8996742884e1c","name":"Dhan Zunino","url":"https:\/\/historiaintelectual.com.ar\/eng\/author\/dzunino\/"}]}},"_links":{"self":[{"href":"https:\/\/historiaintelectual.com.ar\/eng\/wp-json\/wp\/v2\/posts\/6747","targetHints":{"allow":["GET"]}}],"collection":[{"href":"https:\/\/historiaintelectual.com.ar\/eng\/wp-json\/wp\/v2\/posts"}],"about":[{"href":"https:\/\/historiaintelectual.com.ar\/eng\/wp-json\/wp\/v2\/types\/post"}],"author":[{"embeddable":true,"href":"https:\/\/historiaintelectual.com.ar\/eng\/wp-json\/wp\/v2\/users\/30"}],"replies":[{"embeddable":true,"href":"https:\/\/historiaintelectual.com.ar\/eng\/wp-json\/wp\/v2\/comments?post=6747"}],"version-history":[{"count":21,"href":"https:\/\/historiaintelectual.com.ar\/eng\/wp-json\/wp\/v2\/posts\/6747\/revisions"}],"predecessor-version":[{"id":10637,"href":"https:\/\/historiaintelectual.com.ar\/eng\/wp-json\/wp\/v2\/posts\/6747\/revisions\/10637"}],"wp:featuredmedia":[{"embeddable":true,"href":"https:\/\/historiaintelectual.com.ar\/eng\/wp-json\/wp\/v2\/media\/4897"}],"wp:attachment":[{"href":"https:\/\/historiaintelectual.com.ar\/eng\/wp-json\/wp\/v2\/media?parent=6747"}],"wp:term":[{"taxonomy":"category","embeddable":true,"href":"https:\/\/historiaintelectual.com.ar\/eng\/wp-json\/wp\/v2\/categories?post=6747"},{"taxonomy":"post_tag","embeddable":true,"href":"https:\/\/historiaintelectual.com.ar\/eng\/wp-json\/wp\/v2\/tags?post=6747"}],"curies":[{"name":"wp","href":"https:\/\/api.w.org\/{rel}","templated":true}]}}