{"id":6295,"date":"2019-12-30T15:02:01","date_gmt":"2019-12-30T15:02:01","guid":{"rendered":"https:\/\/historiaintelectual.com.ar\/?p=6295"},"modified":"2025-12-05T10:45:45","modified_gmt":"2025-12-05T13:45:45","slug":"rosetti-mariana","status":"publish","type":"post","link":"https:\/\/historiaintelectual.com.ar\/eng\/rosetti-mariana\/","title":{"rendered":"Mariana Rosetti"},"content":{"rendered":"<div data-elementor-type=\"wp-post\" data-elementor-id=\"6295\" class=\"elementor elementor-6295\" data-elementor-post-type=\"post\">\n\t\t\t\t<div class=\"elementor-element elementor-element-206d0b e-flex e-con-boxed e-con e-parent\" data-id=\"206d0b\" data-element_type=\"container\" data-e-type=\"container\">\n\t\t\t\t\t<div class=\"e-con-inner\">\n\t\t<div class=\"elementor-element elementor-element-3d70f770 e-con-full e-flex e-con e-child\" data-id=\"3d70f770\" data-element_type=\"container\" data-e-type=\"container\">\n\t\t\t\t<div class=\"elementor-element elementor-element-3ef7069b elementor-widget elementor-widget-theme-post-featured-image elementor-widget-image\" data-id=\"3ef7069b\" data-element_type=\"widget\" data-e-type=\"widget\" data-widget_type=\"theme-post-featured-image.default\">\n\t\t\t\t<div class=\"elementor-widget-container\">\n\t\t\t\t\t\t\t\t\t\t\t\t<figure class=\"wp-caption\">\n\t\t\t\t\t\t\t\t\t\t<img fetchpriority=\"high\" decoding=\"async\" width=\"291\" height=\"254\" src=\"https:\/\/historiaintelectual.com.ar\/wp-content\/uploads\/2019\/12\/Rosetti.png\" class=\"attachment-full size-full wp-image-5972\" alt=\"\" srcset=\"https:\/\/historiaintelectual.com.ar\/wp-content\/uploads\/2019\/12\/Rosetti.png 291w, https:\/\/historiaintelectual.com.ar\/wp-content\/uploads\/2019\/12\/Rosetti-120x105.png 120w\" sizes=\"(max-width: 291px) 100vw, 291px\" \/>\t\t\t\t\t\t\t\t\t\t\t<figcaption class=\"widget-image-caption wp-caption-text\">Mariana Rosetti <br> (Ciudad de Buenos Aires, 1981)<\/figcaption>\n\t\t\t\t\t\t\t\t\t\t<\/figure>\n\t\t\t\t\t\t\t\t\t<\/div>\n\t\t\t\t<\/div>\n\t\t\t\t<\/div>\n\t\t<div class=\"elementor-element elementor-element-73bd511b e-con-full e-flex e-con e-child\" data-id=\"73bd511b\" data-element_type=\"container\" data-e-type=\"container\">\n\t\t\t\t<div class=\"elementor-element elementor-element-3e169361 elementor-widget elementor-widget-text-editor\" data-id=\"3e169361\" data-element_type=\"widget\" data-e-type=\"widget\" data-widget_type=\"text-editor.default\">\n\t\t\t\t<div class=\"elementor-widget-container\">\n\t\t\t\t\t\t\t\t\t<div>Mariana Rosetti es Doctora en Letras por la Universidad de Buenos Aires, Licenciada y Profesora en Letras por la Facultad de Filosof\u00eda y Letras (Universidad de Buenos Aires). Actualmente, es investigadora adjunta de CONICET, miembro del Instituto de Literatura Hispanoamericana (Universidad de Buenos Aires) y Miembro del Centro de Historia Intelectual (Universidad Nacional de Quilmes). Fue becaria doctoral de CONICET y becaria posdoctoral de Conicet y de AGENCIA, respectivamente. Realiz\u00f3 dos estancias de investigaci\u00f3n en el Instituto de Investigaciones Hist\u00f3ricas de la UNAM y una estancia en el Instituto de Investigaciones Filol\u00f3gicas de la UNAM. En octubre de 2018 dict\u00f3 clases en la XIX C\u00e1tedra Internacional de Historia latinoamericana Friedrich Katz en la Universidad Aut\u00f3noma de Ciudad Ju\u00e1rez.<\/div><p>She has given lectures at the Universidad de Nuevo Le\u00f3n, the Universidad Nacional Aut\u00f3noma de M\u00e9xico (Institutos de Investigaciones Jur\u00eddicas e Hist\u00f3ricas), the University of Kansas, the Universidad de San Mart\u00edn, the Colegio de Michoac\u00e1n and the colonial section of LASA, among others. She is an adjunct professor of \u201cLatin American Narrative II\u201d in the Bachelor of Arts in Writing program at the Universidad Nacional de las Artes and is a member of the teaching staff of the Master's degree programs in Intellectual History (UNQ), Latin American and Spanish Literature (UBA), and Latin American Literary Studies (UNTREF). She is a member of the Editorial Committee of the journal <em>Humanitas. Revista de Teor\u00eda, Cr\u00edtica y Estudios Literarios<\/em> of the Centro de Estudios Human\u00edsticos de la Universidad Aut\u00f3noma de Nuevo Le\u00f3n and of the Editorial Board of the journal Exlibris of the Department of Literature of the Faculty of Philosophy and Letters at the UBA.<\/p><p>She has published numerous articles in books and specialized journals in Argentina, Chile, Peru, Mexico, the United States, Spain, and France. She coordinated three dossiers in the journals <em>Dieciocho<\/em>,<em> Zama<\/em> and <em>Wirapuru<\/em>. Her book <em>Letrados de la independencia. Pol\u00e9micas y discursos formadores<\/em> in 2023 by CLACSO. Her current research focuses on Latin American literary criticism and intellectual history to analyze, review, and rethink the Enlightenment and independence discourses of New Spain and their dialogues with the Spanish Enlightenment, 1780-1825.<\/p><p>Profile on <a href=\"https:\/\/marianarosetti.academia.edu\/\" target=\"_blank\" rel=\"noopener\">Academia<\/a><\/p><p><a href=\"https:\/\/historiaintelectual.com.ar\/eng\/mariana-rosetti\/\"><strong>Published books<\/strong><\/a><\/p>\t\t\t\t\t\t\t\t<\/div>\n\t\t\t\t<\/div>\n\t\t\t\t<\/div>\n\t\t\t\t\t<\/div>\n\t\t\t\t<\/div>\n\t\t\t\t<\/div>","protected":false},"excerpt":{"rendered":"<p>Mariana Rosetti es Doctora en Letras por la Universidad de Buenos Aires, Licenciada y Profesora en Letras por la Facultad de Filosof\u00eda y Letras (Universidad de Buenos Aires). Actualmente, es investigadora adjunta de CONICET, miembro del Instituto de Literatura Hispanoamericana (Universidad de Buenos Aires) y Miembro del Centro de Historia Intelectual (Universidad Nacional de Quilmes). [&hellip;]<\/p>\n","protected":false},"author":8,"featured_media":5972,"comment_status":"closed","ping_status":"closed","sticky":false,"template":"","format":"standard","meta":{"footnotes":""},"categories":[94],"tags":[],"class_list":["post-6295","post","type-post","status-publish","format-standard","has-post-thumbnail","hentry","category-investigadores"],"yoast_head":"<!-- This site is optimized with the Yoast SEO plugin v27.3 - https:\/\/yoast.com\/product\/yoast-seo-wordpress\/ -->\n<title>Mariana Rosetti &#187; Historia Intelectual<\/title>\n<meta name=\"robots\" content=\"index, follow, max-snippet:-1, max-image-preview:large, max-video-preview:-1\" \/>\n<link rel=\"canonical\" href=\"https:\/\/historiaintelectual.com.ar\/eng\/rosetti-mariana\/\" \/>\n<meta property=\"og:locale\" content=\"en_US\" \/>\n<meta property=\"og:type\" content=\"article\" \/>\n<meta property=\"og:title\" content=\"Mariana Rosetti &#187; Historia Intelectual\" \/>\n<meta property=\"og:description\" content=\"Mariana Rosetti es Doctora en Letras por la Universidad de Buenos Aires, Licenciada y Profesora en Letras por la Facultad de Filosof\u00eda y Letras (Universidad de Buenos Aires). Actualmente, es investigadora adjunta de CONICET, miembro del Instituto de Literatura Hispanoamericana (Universidad de Buenos Aires) y Miembro del Centro de Historia Intelectual (Universidad Nacional de Quilmes). [&hellip;]\" \/>\n<meta property=\"og:url\" content=\"https:\/\/historiaintelectual.com.ar\/eng\/rosetti-mariana\/\" \/>\n<meta property=\"og:site_name\" content=\"Historia Intelectual\" \/>\n<meta property=\"article:publisher\" content=\"https:\/\/www.facebook.com\/Centrodehistoriaintelectual\/\" \/>\n<meta property=\"article:published_time\" content=\"2019-12-30T15:02:01+00:00\" \/>\n<meta property=\"article:modified_time\" content=\"2025-12-05T13:45:45+00:00\" \/>\n<meta property=\"og:image\" content=\"https:\/\/historiaintelectual.com.ar\/wp-content\/uploads\/2019\/12\/Rosetti.png\" \/>\n\t<meta property=\"og:image:width\" content=\"291\" \/>\n\t<meta property=\"og:image:height\" content=\"254\" \/>\n\t<meta property=\"og:image:type\" content=\"image\/png\" \/>\n<meta name=\"author\" content=\"Ana Vi\u00f1as A.\" \/>\n<script type=\"application\/ld+json\" class=\"yoast-schema-graph\">{\"@context\":\"https:\\\/\\\/schema.org\",\"@graph\":[{\"@type\":\"Article\",\"@id\":\"https:\\\/\\\/historiaintelectual.com.ar\\\/rosetti-mariana\\\/#article\",\"isPartOf\":{\"@id\":\"https:\\\/\\\/historiaintelectual.com.ar\\\/rosetti-mariana\\\/\"},\"author\":{\"name\":\"Ana Vi\u00f1as A.\",\"@id\":\"https:\\\/\\\/historiaintelectual.com.ar\\\/#\\\/schema\\\/person\\\/a99a128990da527c6b5411ebdd49b8a1\"},\"headline\":\"Mariana Rosetti\",\"datePublished\":\"2019-12-30T15:02:01+00:00\",\"dateModified\":\"2025-12-05T13:45:45+00:00\",\"mainEntityOfPage\":{\"@id\":\"https:\\\/\\\/historiaintelectual.com.ar\\\/rosetti-mariana\\\/\"},\"wordCount\":396,\"publisher\":{\"@id\":\"https:\\\/\\\/historiaintelectual.com.ar\\\/#organization\"},\"image\":{\"@id\":\"https:\\\/\\\/historiaintelectual.com.ar\\\/rosetti-mariana\\\/#primaryimage\"},\"thumbnailUrl\":\"https:\\\/\\\/historiaintelectual.com.ar\\\/wp-content\\\/uploads\\\/2019\\\/12\\\/Rosetti.png\",\"articleSection\":[\"Investigadores\"],\"inLanguage\":\"en-US\"},{\"@type\":\"WebPage\",\"@id\":\"https:\\\/\\\/historiaintelectual.com.ar\\\/rosetti-mariana\\\/\",\"url\":\"https:\\\/\\\/historiaintelectual.com.ar\\\/rosetti-mariana\\\/\",\"name\":\"Mariana Rosetti &#187; Historia Intelectual\",\"isPartOf\":{\"@id\":\"https:\\\/\\\/historiaintelectual.com.ar\\\/#website\"},\"primaryImageOfPage\":{\"@id\":\"https:\\\/\\\/historiaintelectual.com.ar\\\/rosetti-mariana\\\/#primaryimage\"},\"image\":{\"@id\":\"https:\\\/\\\/historiaintelectual.com.ar\\\/rosetti-mariana\\\/#primaryimage\"},\"thumbnailUrl\":\"https:\\\/\\\/historiaintelectual.com.ar\\\/wp-content\\\/uploads\\\/2019\\\/12\\\/Rosetti.png\",\"datePublished\":\"2019-12-30T15:02:01+00:00\",\"dateModified\":\"2025-12-05T13:45:45+00:00\",\"breadcrumb\":{\"@id\":\"https:\\\/\\\/historiaintelectual.com.ar\\\/rosetti-mariana\\\/#breadcrumb\"},\"inLanguage\":\"en-US\",\"potentialAction\":[{\"@type\":\"ReadAction\",\"target\":[\"https:\\\/\\\/historiaintelectual.com.ar\\\/rosetti-mariana\\\/\"]}]},{\"@type\":\"ImageObject\",\"inLanguage\":\"en-US\",\"@id\":\"https:\\\/\\\/historiaintelectual.com.ar\\\/rosetti-mariana\\\/#primaryimage\",\"url\":\"https:\\\/\\\/historiaintelectual.com.ar\\\/wp-content\\\/uploads\\\/2019\\\/12\\\/Rosetti.png\",\"contentUrl\":\"https:\\\/\\\/historiaintelectual.com.ar\\\/wp-content\\\/uploads\\\/2019\\\/12\\\/Rosetti.png\",\"width\":291,\"height\":254},{\"@type\":\"BreadcrumbList\",\"@id\":\"https:\\\/\\\/historiaintelectual.com.ar\\\/rosetti-mariana\\\/#breadcrumb\",\"itemListElement\":[{\"@type\":\"ListItem\",\"position\":1,\"name\":\"Portada\",\"item\":\"https:\\\/\\\/historiaintelectual.com.ar\\\/\"},{\"@type\":\"ListItem\",\"position\":2,\"name\":\"Mariana Rosetti\"}]},{\"@type\":\"WebSite\",\"@id\":\"https:\\\/\\\/historiaintelectual.com.ar\\\/#website\",\"url\":\"https:\\\/\\\/historiaintelectual.com.ar\\\/\",\"name\":\"Historia Intelectual\",\"description\":\"Centro de Historia Intelectual\",\"publisher\":{\"@id\":\"https:\\\/\\\/historiaintelectual.com.ar\\\/#organization\"},\"alternateName\":\"Centro de historia intelectual\",\"potentialAction\":[{\"@type\":\"SearchAction\",\"target\":{\"@type\":\"EntryPoint\",\"urlTemplate\":\"https:\\\/\\\/historiaintelectual.com.ar\\\/?s={search_term_string}\"},\"query-input\":{\"@type\":\"PropertyValueSpecification\",\"valueRequired\":true,\"valueName\":\"search_term_string\"}}],\"inLanguage\":\"en-US\"},{\"@type\":\"Organization\",\"@id\":\"https:\\\/\\\/historiaintelectual.com.ar\\\/#organization\",\"name\":\"Centro Historia Intelectual\",\"url\":\"https:\\\/\\\/historiaintelectual.com.ar\\\/\",\"logo\":{\"@type\":\"ImageObject\",\"inLanguage\":\"en-US\",\"@id\":\"https:\\\/\\\/historiaintelectual.com.ar\\\/#\\\/schema\\\/logo\\\/image\\\/\",\"url\":\"https:\\\/\\\/historiaintelectual.com.ar\\\/wp-content\\\/uploads\\\/2025\\\/04\\\/logo-25.png\",\"contentUrl\":\"https:\\\/\\\/historiaintelectual.com.ar\\\/wp-content\\\/uploads\\\/2025\\\/04\\\/logo-25.png\",\"width\":456,\"height\":456,\"caption\":\"Centro Historia Intelectual\"},\"image\":{\"@id\":\"https:\\\/\\\/historiaintelectual.com.ar\\\/#\\\/schema\\\/logo\\\/image\\\/\"},\"sameAs\":[\"https:\\\/\\\/www.facebook.com\\\/Centrodehistoriaintelectual\\\/\",\"https:\\\/\\\/www.youtube.com\\\/channel\\\/UCGr8q_2-dchoqKT-jT5Lmfw\",\"https:\\\/\\\/www.instagram.com\\\/chi_unq\\\/\"]},{\"@type\":\"Person\",\"@id\":\"https:\\\/\\\/historiaintelectual.com.ar\\\/#\\\/schema\\\/person\\\/a99a128990da527c6b5411ebdd49b8a1\",\"name\":\"Ana Vi\u00f1as A.\",\"url\":\"https:\\\/\\\/historiaintelectual.com.ar\\\/eng\\\/author\\\/amvinasa\\\/\"}]}<\/script>\n<!-- \/ Yoast SEO plugin. -->","yoast_head_json":{"title":"Mariana Rosetti &#187; Historia Intelectual","robots":{"index":"index","follow":"follow","max-snippet":"max-snippet:-1","max-image-preview":"max-image-preview:large","max-video-preview":"max-video-preview:-1"},"canonical":"https:\/\/historiaintelectual.com.ar\/eng\/rosetti-mariana\/","og_locale":"en_US","og_type":"article","og_title":"Mariana Rosetti &#187; Historia Intelectual","og_description":"Mariana Rosetti es Doctora en Letras por la Universidad de Buenos Aires, Licenciada y Profesora en Letras por la Facultad de Filosof\u00eda y Letras (Universidad de Buenos Aires). Actualmente, es investigadora adjunta de CONICET, miembro del Instituto de Literatura Hispanoamericana (Universidad de Buenos Aires) y Miembro del Centro de Historia Intelectual (Universidad Nacional de Quilmes). [&hellip;]","og_url":"https:\/\/historiaintelectual.com.ar\/eng\/rosetti-mariana\/","og_site_name":"Historia Intelectual","article_publisher":"https:\/\/www.facebook.com\/Centrodehistoriaintelectual\/","article_published_time":"2019-12-30T15:02:01+00:00","article_modified_time":"2025-12-05T13:45:45+00:00","og_image":[{"width":291,"height":254,"url":"https:\/\/historiaintelectual.com.ar\/wp-content\/uploads\/2019\/12\/Rosetti.png","type":"image\/png"}],"author":"Ana Vi\u00f1as A.","schema":{"@context":"https:\/\/schema.org","@graph":[{"@type":"Article","@id":"https:\/\/historiaintelectual.com.ar\/rosetti-mariana\/#article","isPartOf":{"@id":"https:\/\/historiaintelectual.com.ar\/rosetti-mariana\/"},"author":{"name":"Ana Vi\u00f1as A.","@id":"https:\/\/historiaintelectual.com.ar\/#\/schema\/person\/a99a128990da527c6b5411ebdd49b8a1"},"headline":"Mariana Rosetti","datePublished":"2019-12-30T15:02:01+00:00","dateModified":"2025-12-05T13:45:45+00:00","mainEntityOfPage":{"@id":"https:\/\/historiaintelectual.com.ar\/rosetti-mariana\/"},"wordCount":396,"publisher":{"@id":"https:\/\/historiaintelectual.com.ar\/#organization"},"image":{"@id":"https:\/\/historiaintelectual.com.ar\/rosetti-mariana\/#primaryimage"},"thumbnailUrl":"https:\/\/historiaintelectual.com.ar\/wp-content\/uploads\/2019\/12\/Rosetti.png","articleSection":["Investigadores"],"inLanguage":"en-US"},{"@type":"WebPage","@id":"https:\/\/historiaintelectual.com.ar\/rosetti-mariana\/","url":"https:\/\/historiaintelectual.com.ar\/rosetti-mariana\/","name":"Mariana Rosetti &#187; Historia Intelectual","isPartOf":{"@id":"https:\/\/historiaintelectual.com.ar\/#website"},"primaryImageOfPage":{"@id":"https:\/\/historiaintelectual.com.ar\/rosetti-mariana\/#primaryimage"},"image":{"@id":"https:\/\/historiaintelectual.com.ar\/rosetti-mariana\/#primaryimage"},"thumbnailUrl":"https:\/\/historiaintelectual.com.ar\/wp-content\/uploads\/2019\/12\/Rosetti.png","datePublished":"2019-12-30T15:02:01+00:00","dateModified":"2025-12-05T13:45:45+00:00","breadcrumb":{"@id":"https:\/\/historiaintelectual.com.ar\/rosetti-mariana\/#breadcrumb"},"inLanguage":"en-US","potentialAction":[{"@type":"ReadAction","target":["https:\/\/historiaintelectual.com.ar\/rosetti-mariana\/"]}]},{"@type":"ImageObject","inLanguage":"en-US","@id":"https:\/\/historiaintelectual.com.ar\/rosetti-mariana\/#primaryimage","url":"https:\/\/historiaintelectual.com.ar\/wp-content\/uploads\/2019\/12\/Rosetti.png","contentUrl":"https:\/\/historiaintelectual.com.ar\/wp-content\/uploads\/2019\/12\/Rosetti.png","width":291,"height":254},{"@type":"BreadcrumbList","@id":"https:\/\/historiaintelectual.com.ar\/rosetti-mariana\/#breadcrumb","itemListElement":[{"@type":"ListItem","position":1,"name":"Portada","item":"https:\/\/historiaintelectual.com.ar\/"},{"@type":"ListItem","position":2,"name":"Mariana Rosetti"}]},{"@type":"WebSite","@id":"https:\/\/historiaintelectual.com.ar\/#website","url":"https:\/\/historiaintelectual.com.ar\/","name":"Historia Intelectual","description":"Center for Intellectual History","publisher":{"@id":"https:\/\/historiaintelectual.com.ar\/#organization"},"alternateName":"Centro de historia intelectual","potentialAction":[{"@type":"SearchAction","target":{"@type":"EntryPoint","urlTemplate":"https:\/\/historiaintelectual.com.ar\/?s={search_term_string}"},"query-input":{"@type":"PropertyValueSpecification","valueRequired":true,"valueName":"search_term_string"}}],"inLanguage":"en-US"},{"@type":"Organization","@id":"https:\/\/historiaintelectual.com.ar\/#organization","name":"Centro Historia Intelectual","url":"https:\/\/historiaintelectual.com.ar\/","logo":{"@type":"ImageObject","inLanguage":"en-US","@id":"https:\/\/historiaintelectual.com.ar\/#\/schema\/logo\/image\/","url":"https:\/\/historiaintelectual.com.ar\/wp-content\/uploads\/2025\/04\/logo-25.png","contentUrl":"https:\/\/historiaintelectual.com.ar\/wp-content\/uploads\/2025\/04\/logo-25.png","width":456,"height":456,"caption":"Centro Historia Intelectual"},"image":{"@id":"https:\/\/historiaintelectual.com.ar\/#\/schema\/logo\/image\/"},"sameAs":["https:\/\/www.facebook.com\/Centrodehistoriaintelectual\/","https:\/\/www.youtube.com\/channel\/UCGr8q_2-dchoqKT-jT5Lmfw","https:\/\/www.instagram.com\/chi_unq\/"]},{"@type":"Person","@id":"https:\/\/historiaintelectual.com.ar\/#\/schema\/person\/a99a128990da527c6b5411ebdd49b8a1","name":"Ana Vi\u00f1as A.","url":"https:\/\/historiaintelectual.com.ar\/eng\/author\/amvinasa\/"}]}},"_links":{"self":[{"href":"https:\/\/historiaintelectual.com.ar\/eng\/wp-json\/wp\/v2\/posts\/6295","targetHints":{"allow":["GET"]}}],"collection":[{"href":"https:\/\/historiaintelectual.com.ar\/eng\/wp-json\/wp\/v2\/posts"}],"about":[{"href":"https:\/\/historiaintelectual.com.ar\/eng\/wp-json\/wp\/v2\/types\/post"}],"author":[{"embeddable":true,"href":"https:\/\/historiaintelectual.com.ar\/eng\/wp-json\/wp\/v2\/users\/8"}],"replies":[{"embeddable":true,"href":"https:\/\/historiaintelectual.com.ar\/eng\/wp-json\/wp\/v2\/comments?post=6295"}],"version-history":[{"count":16,"href":"https:\/\/historiaintelectual.com.ar\/eng\/wp-json\/wp\/v2\/posts\/6295\/revisions"}],"predecessor-version":[{"id":11093,"href":"https:\/\/historiaintelectual.com.ar\/eng\/wp-json\/wp\/v2\/posts\/6295\/revisions\/11093"}],"wp:featuredmedia":[{"embeddable":true,"href":"https:\/\/historiaintelectual.com.ar\/eng\/wp-json\/wp\/v2\/media\/5972"}],"wp:attachment":[{"href":"https:\/\/historiaintelectual.com.ar\/eng\/wp-json\/wp\/v2\/media?parent=6295"}],"wp:term":[{"taxonomy":"category","embeddable":true,"href":"https:\/\/historiaintelectual.com.ar\/eng\/wp-json\/wp\/v2\/categories?post=6295"},{"taxonomy":"post_tag","embeddable":true,"href":"https:\/\/historiaintelectual.com.ar\/eng\/wp-json\/wp\/v2\/tags?post=6295"}],"curies":[{"name":"wp","href":"https:\/\/api.w.org\/{rel}","templated":true}]}}