{"id":4869,"date":"2015-11-02T19:16:23","date_gmt":"2015-11-02T19:16:23","guid":{"rendered":"http:\/\/historiaintelectual.com.ar\/desarrollo\/?p=4869"},"modified":"2016-02-04T18:03:38","modified_gmt":"2016-02-04T18:03:38","slug":"presentacion-de-libro-1-2","status":"publish","type":"post","link":"https:\/\/historiaintelectual.com.ar\/eng\/presentacion-de-libro-1-2\/","title":{"rendered":"El Oriente desplazado. Los intelectuales y los or\u00edgenes del tercermundismo en la Argentina"},"content":{"rendered":"<p>[vc_row][vc_column width=&#8221;2\/3&#8243;][vc_single_image image=&#8221;4991&#8243; border_color=&#8221;grey&#8221; img_link_large=&#8221;&#8221; img_link_target=&#8221;_self&#8221; img_size=&#8221;428&#215;280&#8243;][vc_column_text]<\/p>\n<h3 style=\"margin-bottom: 0!important;\">El Oriente desplazado. Los intelectuales y los or\u00edgenes del tercermundismo en la Argentina<\/h3>\n<p>Presentaci\u00f3n del libro de Mart\u00edn Bergel<\/p>\n<p>24 de noviembre, 18hs. en el Museo Nacional del Cabildo y la Revoluci\u00f3n de Mayo, Bol\u00edvar 65.<\/p>\n<p><strong>Participan:<\/strong> Carlos Altamirano, Jorge Myers, Adriana Petra y el autor.<\/p>\n<p>\u2013<\/p>\n<p>1 de diciembre, 18hs. Facultad de Humanidades de la Universidad Nacional de La Plata, Calle 51 entre 124 y 125 (Ensenada), La Plata.<\/p>\n<p><strong>Participan:<\/strong> Horacio Tarcus, Alejandra Mailhe, Jorge Myers y el autor.[\/vc_column_text][\/vc_column][vc_column width=&#8221;1\/3&#8243;][vc_column_text]<\/p>\n<div class=\"columna_archivo_actividades\"><span class=\"titulo\">Archivo de<br \/>\nactividades<br \/>\n\u2013<\/span><br \/>\n<span class=\"texto\">Conoc\u00e9 todas las actividades realizadas por<br \/>\nel Centro de Historia Intelectual.<br \/>\n<a href=\"http:\/\/historiaintelectual.com.ar\/archivo-de-actividades\/\">: : Ver el archivo completo.<\/a><\/span><\/div>\n<p>[\/vc_column_text][vc_column_text]<\/p>\n<p><code>[categoryposts]<\/code><\/p>\n<p>[\/vc_column_text][\/vc_column][\/vc_row][vc_row][vc_column width=&#8221;1\/1&#8243;][vc_column_text]<br \/>\n[\/vc_column_text][\/vc_column][\/vc_row]<\/p>\n","protected":false},"excerpt":{"rendered":"<p>[vc_row][vc_column width=&#8221;2\/3&#8243;][vc_single_image image=&#8221;4991&#8243; border_color=&#8221;grey&#8221; img_link_large=&#8221;&#8221; img_link_target=&#8221;_self&#8221; img_size=&#8221;428&#215;280&#8243;][vc_column_text] El Oriente desplazado. Los intelectuales y los or\u00edgenes del tercermundismo en la Argentina Presentaci\u00f3n del libro de Mart\u00edn Bergel 24 de noviembre, 18hs. en el Museo Nacional del Cabildo y la Revoluci\u00f3n de Mayo, Bol\u00edvar 65. Participan: Carlos Altamirano, Jorge Myers, Adriana Petra y el autor. \u2013 1 [&hellip;]<\/p>\n","protected":false},"author":1,"featured_media":4991,"comment_status":"closed","ping_status":"closed","sticky":false,"template":"","format":"standard","meta":{"footnotes":""},"categories":[1],"tags":[],"class_list":["post-4869","post","type-post","status-publish","format-standard","has-post-thumbnail","hentry","category-sin-categoria"],"yoast_head":"<!-- This site is optimized with the Yoast SEO plugin v27.3 - https:\/\/yoast.com\/product\/yoast-seo-wordpress\/ -->\n<title>El Oriente desplazado. Los intelectuales y los or\u00edgenes del tercermundismo en la Argentina &#187; Historia Intelectual<\/title>\n<meta name=\"robots\" content=\"index, follow, max-snippet:-1, max-image-preview:large, max-video-preview:-1\" \/>\n<link rel=\"canonical\" href=\"https:\/\/historiaintelectual.com.ar\/eng\/presentacion-de-libro-1-2\/\" \/>\n<meta property=\"og:locale\" content=\"en_US\" \/>\n<meta property=\"og:type\" content=\"article\" \/>\n<meta property=\"og:title\" content=\"El Oriente desplazado. Los intelectuales y los or\u00edgenes del tercermundismo en la Argentina &#187; Historia Intelectual\" \/>\n<meta property=\"og:description\" content=\"[vc_row][vc_column width=&#8221;2\/3&#8243;][vc_single_image image=&#8221;4991&#8243; border_color=&#8221;grey&#8221; img_link_large=&#8221;&#8221; img_link_target=&#8221;_self&#8221; img_size=&#8221;428&#215;280&#8243;][vc_column_text] El Oriente desplazado. Los intelectuales y los or\u00edgenes del tercermundismo en la Argentina Presentaci\u00f3n del libro de Mart\u00edn Bergel 24 de noviembre, 18hs. en el Museo Nacional del Cabildo y la Revoluci\u00f3n de Mayo, Bol\u00edvar 65. Participan: Carlos Altamirano, Jorge Myers, Adriana Petra y el autor. \u2013 1 [&hellip;]\" \/>\n<meta property=\"og:url\" content=\"https:\/\/historiaintelectual.com.ar\/eng\/presentacion-de-libro-1-2\/\" \/>\n<meta property=\"og:site_name\" content=\"Historia Intelectual\" \/>\n<meta property=\"article:publisher\" content=\"https:\/\/www.facebook.com\/Centrodehistoriaintelectual\/\" \/>\n<meta property=\"article:published_time\" content=\"2015-11-02T19:16:23+00:00\" \/>\n<meta property=\"article:modified_time\" content=\"2016-02-04T18:03:38+00:00\" \/>\n<meta property=\"og:image\" content=\"https:\/\/historiaintelectual.com.ar\/wp-content\/uploads\/2015\/11\/actividad-bergel.jpg\" \/>\n\t<meta property=\"og:image:width\" content=\"428\" \/>\n\t<meta property=\"og:image:height\" content=\"280\" \/>\n\t<meta property=\"og:image:type\" content=\"image\/jpeg\" \/>\n<meta name=\"author\" content=\"admin\" \/>\n<script type=\"application\/ld+json\" class=\"yoast-schema-graph\">{\"@context\":\"https:\\\/\\\/schema.org\",\"@graph\":[{\"@type\":\"Article\",\"@id\":\"https:\\\/\\\/historiaintelectual.com.ar\\\/presentacion-de-libro-1-2\\\/#article\",\"isPartOf\":{\"@id\":\"https:\\\/\\\/historiaintelectual.com.ar\\\/presentacion-de-libro-1-2\\\/\"},\"author\":{\"name\":\"admin\",\"@id\":\"https:\\\/\\\/historiaintelectual.com.ar\\\/#\\\/schema\\\/person\\\/885c05ccc3314e2dec0bd9b0825c5912\"},\"headline\":\"El Oriente desplazado. Los intelectuales y los or\u00edgenes del tercermundismo en la Argentina\",\"datePublished\":\"2015-11-02T19:16:23+00:00\",\"dateModified\":\"2016-02-04T18:03:38+00:00\",\"mainEntityOfPage\":{\"@id\":\"https:\\\/\\\/historiaintelectual.com.ar\\\/presentacion-de-libro-1-2\\\/\"},\"wordCount\":174,\"publisher\":{\"@id\":\"https:\\\/\\\/historiaintelectual.com.ar\\\/#organization\"},\"image\":{\"@id\":\"https:\\\/\\\/historiaintelectual.com.ar\\\/presentacion-de-libro-1-2\\\/#primaryimage\"},\"thumbnailUrl\":\"https:\\\/\\\/historiaintelectual.com.ar\\\/wp-content\\\/uploads\\\/2015\\\/11\\\/actividad-bergel.jpg\",\"articleSection\":[\"Sin categor\u00eda\"],\"inLanguage\":\"en-US\"},{\"@type\":\"WebPage\",\"@id\":\"https:\\\/\\\/historiaintelectual.com.ar\\\/presentacion-de-libro-1-2\\\/\",\"url\":\"https:\\\/\\\/historiaintelectual.com.ar\\\/presentacion-de-libro-1-2\\\/\",\"name\":\"El Oriente desplazado. Los intelectuales y los or\u00edgenes del tercermundismo en la Argentina &#187; Historia Intelectual\",\"isPartOf\":{\"@id\":\"https:\\\/\\\/historiaintelectual.com.ar\\\/#website\"},\"primaryImageOfPage\":{\"@id\":\"https:\\\/\\\/historiaintelectual.com.ar\\\/presentacion-de-libro-1-2\\\/#primaryimage\"},\"image\":{\"@id\":\"https:\\\/\\\/historiaintelectual.com.ar\\\/presentacion-de-libro-1-2\\\/#primaryimage\"},\"thumbnailUrl\":\"https:\\\/\\\/historiaintelectual.com.ar\\\/wp-content\\\/uploads\\\/2015\\\/11\\\/actividad-bergel.jpg\",\"datePublished\":\"2015-11-02T19:16:23+00:00\",\"dateModified\":\"2016-02-04T18:03:38+00:00\",\"breadcrumb\":{\"@id\":\"https:\\\/\\\/historiaintelectual.com.ar\\\/presentacion-de-libro-1-2\\\/#breadcrumb\"},\"inLanguage\":\"en-US\",\"potentialAction\":[{\"@type\":\"ReadAction\",\"target\":[\"https:\\\/\\\/historiaintelectual.com.ar\\\/presentacion-de-libro-1-2\\\/\"]}]},{\"@type\":\"ImageObject\",\"inLanguage\":\"en-US\",\"@id\":\"https:\\\/\\\/historiaintelectual.com.ar\\\/presentacion-de-libro-1-2\\\/#primaryimage\",\"url\":\"https:\\\/\\\/historiaintelectual.com.ar\\\/wp-content\\\/uploads\\\/2015\\\/11\\\/actividad-bergel.jpg\",\"contentUrl\":\"https:\\\/\\\/historiaintelectual.com.ar\\\/wp-content\\\/uploads\\\/2015\\\/11\\\/actividad-bergel.jpg\",\"width\":428,\"height\":280},{\"@type\":\"BreadcrumbList\",\"@id\":\"https:\\\/\\\/historiaintelectual.com.ar\\\/presentacion-de-libro-1-2\\\/#breadcrumb\",\"itemListElement\":[{\"@type\":\"ListItem\",\"position\":1,\"name\":\"Portada\",\"item\":\"https:\\\/\\\/historiaintelectual.com.ar\\\/\"},{\"@type\":\"ListItem\",\"position\":2,\"name\":\"El Oriente desplazado. Los intelectuales y los or\u00edgenes del tercermundismo en la Argentina\"}]},{\"@type\":\"WebSite\",\"@id\":\"https:\\\/\\\/historiaintelectual.com.ar\\\/#website\",\"url\":\"https:\\\/\\\/historiaintelectual.com.ar\\\/\",\"name\":\"Historia Intelectual\",\"description\":\"Centro de Historia Intelectual\",\"publisher\":{\"@id\":\"https:\\\/\\\/historiaintelectual.com.ar\\\/#organization\"},\"alternateName\":\"Centro de historia intelectual\",\"potentialAction\":[{\"@type\":\"SearchAction\",\"target\":{\"@type\":\"EntryPoint\",\"urlTemplate\":\"https:\\\/\\\/historiaintelectual.com.ar\\\/?s={search_term_string}\"},\"query-input\":{\"@type\":\"PropertyValueSpecification\",\"valueRequired\":true,\"valueName\":\"search_term_string\"}}],\"inLanguage\":\"en-US\"},{\"@type\":\"Organization\",\"@id\":\"https:\\\/\\\/historiaintelectual.com.ar\\\/#organization\",\"name\":\"Centro Historia Intelectual\",\"url\":\"https:\\\/\\\/historiaintelectual.com.ar\\\/\",\"logo\":{\"@type\":\"ImageObject\",\"inLanguage\":\"en-US\",\"@id\":\"https:\\\/\\\/historiaintelectual.com.ar\\\/#\\\/schema\\\/logo\\\/image\\\/\",\"url\":\"https:\\\/\\\/historiaintelectual.com.ar\\\/wp-content\\\/uploads\\\/2025\\\/04\\\/logo-25.png\",\"contentUrl\":\"https:\\\/\\\/historiaintelectual.com.ar\\\/wp-content\\\/uploads\\\/2025\\\/04\\\/logo-25.png\",\"width\":456,\"height\":456,\"caption\":\"Centro Historia Intelectual\"},\"image\":{\"@id\":\"https:\\\/\\\/historiaintelectual.com.ar\\\/#\\\/schema\\\/logo\\\/image\\\/\"},\"sameAs\":[\"https:\\\/\\\/www.facebook.com\\\/Centrodehistoriaintelectual\\\/\",\"https:\\\/\\\/www.youtube.com\\\/channel\\\/UCGr8q_2-dchoqKT-jT5Lmfw\",\"https:\\\/\\\/www.instagram.com\\\/chi_unq\\\/\"]},{\"@type\":\"Person\",\"@id\":\"https:\\\/\\\/historiaintelectual.com.ar\\\/#\\\/schema\\\/person\\\/885c05ccc3314e2dec0bd9b0825c5912\",\"name\":\"admin\",\"url\":\"https:\\\/\\\/historiaintelectual.com.ar\\\/eng\\\/author\\\/admin\\\/\"}]}<\/script>\n<!-- \/ Yoast SEO plugin. -->","yoast_head_json":{"title":"El Oriente desplazado. Los intelectuales y los or\u00edgenes del tercermundismo en la Argentina &#187; Historia Intelectual","robots":{"index":"index","follow":"follow","max-snippet":"max-snippet:-1","max-image-preview":"max-image-preview:large","max-video-preview":"max-video-preview:-1"},"canonical":"https:\/\/historiaintelectual.com.ar\/eng\/presentacion-de-libro-1-2\/","og_locale":"en_US","og_type":"article","og_title":"El Oriente desplazado. Los intelectuales y los or\u00edgenes del tercermundismo en la Argentina &#187; Historia Intelectual","og_description":"[vc_row][vc_column width=&#8221;2\/3&#8243;][vc_single_image image=&#8221;4991&#8243; border_color=&#8221;grey&#8221; img_link_large=&#8221;&#8221; img_link_target=&#8221;_self&#8221; img_size=&#8221;428&#215;280&#8243;][vc_column_text] El Oriente desplazado. Los intelectuales y los or\u00edgenes del tercermundismo en la Argentina Presentaci\u00f3n del libro de Mart\u00edn Bergel 24 de noviembre, 18hs. en el Museo Nacional del Cabildo y la Revoluci\u00f3n de Mayo, Bol\u00edvar 65. Participan: Carlos Altamirano, Jorge Myers, Adriana Petra y el autor. \u2013 1 [&hellip;]","og_url":"https:\/\/historiaintelectual.com.ar\/eng\/presentacion-de-libro-1-2\/","og_site_name":"Historia Intelectual","article_publisher":"https:\/\/www.facebook.com\/Centrodehistoriaintelectual\/","article_published_time":"2015-11-02T19:16:23+00:00","article_modified_time":"2016-02-04T18:03:38+00:00","og_image":[{"width":428,"height":280,"url":"https:\/\/historiaintelectual.com.ar\/wp-content\/uploads\/2015\/11\/actividad-bergel.jpg","type":"image\/jpeg"}],"author":"admin","schema":{"@context":"https:\/\/schema.org","@graph":[{"@type":"Article","@id":"https:\/\/historiaintelectual.com.ar\/presentacion-de-libro-1-2\/#article","isPartOf":{"@id":"https:\/\/historiaintelectual.com.ar\/presentacion-de-libro-1-2\/"},"author":{"name":"admin","@id":"https:\/\/historiaintelectual.com.ar\/#\/schema\/person\/885c05ccc3314e2dec0bd9b0825c5912"},"headline":"El Oriente desplazado. Los intelectuales y los or\u00edgenes del tercermundismo en la Argentina","datePublished":"2015-11-02T19:16:23+00:00","dateModified":"2016-02-04T18:03:38+00:00","mainEntityOfPage":{"@id":"https:\/\/historiaintelectual.com.ar\/presentacion-de-libro-1-2\/"},"wordCount":174,"publisher":{"@id":"https:\/\/historiaintelectual.com.ar\/#organization"},"image":{"@id":"https:\/\/historiaintelectual.com.ar\/presentacion-de-libro-1-2\/#primaryimage"},"thumbnailUrl":"https:\/\/historiaintelectual.com.ar\/wp-content\/uploads\/2015\/11\/actividad-bergel.jpg","articleSection":["Sin categor\u00eda"],"inLanguage":"en-US"},{"@type":"WebPage","@id":"https:\/\/historiaintelectual.com.ar\/presentacion-de-libro-1-2\/","url":"https:\/\/historiaintelectual.com.ar\/presentacion-de-libro-1-2\/","name":"El Oriente desplazado. Los intelectuales y los or\u00edgenes del tercermundismo en la Argentina &#187; Historia Intelectual","isPartOf":{"@id":"https:\/\/historiaintelectual.com.ar\/#website"},"primaryImageOfPage":{"@id":"https:\/\/historiaintelectual.com.ar\/presentacion-de-libro-1-2\/#primaryimage"},"image":{"@id":"https:\/\/historiaintelectual.com.ar\/presentacion-de-libro-1-2\/#primaryimage"},"thumbnailUrl":"https:\/\/historiaintelectual.com.ar\/wp-content\/uploads\/2015\/11\/actividad-bergel.jpg","datePublished":"2015-11-02T19:16:23+00:00","dateModified":"2016-02-04T18:03:38+00:00","breadcrumb":{"@id":"https:\/\/historiaintelectual.com.ar\/presentacion-de-libro-1-2\/#breadcrumb"},"inLanguage":"en-US","potentialAction":[{"@type":"ReadAction","target":["https:\/\/historiaintelectual.com.ar\/presentacion-de-libro-1-2\/"]}]},{"@type":"ImageObject","inLanguage":"en-US","@id":"https:\/\/historiaintelectual.com.ar\/presentacion-de-libro-1-2\/#primaryimage","url":"https:\/\/historiaintelectual.com.ar\/wp-content\/uploads\/2015\/11\/actividad-bergel.jpg","contentUrl":"https:\/\/historiaintelectual.com.ar\/wp-content\/uploads\/2015\/11\/actividad-bergel.jpg","width":428,"height":280},{"@type":"BreadcrumbList","@id":"https:\/\/historiaintelectual.com.ar\/presentacion-de-libro-1-2\/#breadcrumb","itemListElement":[{"@type":"ListItem","position":1,"name":"Portada","item":"https:\/\/historiaintelectual.com.ar\/"},{"@type":"ListItem","position":2,"name":"El Oriente desplazado. Los intelectuales y los or\u00edgenes del tercermundismo en la Argentina"}]},{"@type":"WebSite","@id":"https:\/\/historiaintelectual.com.ar\/#website","url":"https:\/\/historiaintelectual.com.ar\/","name":"Historia Intelectual","description":"Center for Intellectual History","publisher":{"@id":"https:\/\/historiaintelectual.com.ar\/#organization"},"alternateName":"Centro de historia intelectual","potentialAction":[{"@type":"SearchAction","target":{"@type":"EntryPoint","urlTemplate":"https:\/\/historiaintelectual.com.ar\/?s={search_term_string}"},"query-input":{"@type":"PropertyValueSpecification","valueRequired":true,"valueName":"search_term_string"}}],"inLanguage":"en-US"},{"@type":"Organization","@id":"https:\/\/historiaintelectual.com.ar\/#organization","name":"Centro Historia Intelectual","url":"https:\/\/historiaintelectual.com.ar\/","logo":{"@type":"ImageObject","inLanguage":"en-US","@id":"https:\/\/historiaintelectual.com.ar\/#\/schema\/logo\/image\/","url":"https:\/\/historiaintelectual.com.ar\/wp-content\/uploads\/2025\/04\/logo-25.png","contentUrl":"https:\/\/historiaintelectual.com.ar\/wp-content\/uploads\/2025\/04\/logo-25.png","width":456,"height":456,"caption":"Centro Historia Intelectual"},"image":{"@id":"https:\/\/historiaintelectual.com.ar\/#\/schema\/logo\/image\/"},"sameAs":["https:\/\/www.facebook.com\/Centrodehistoriaintelectual\/","https:\/\/www.youtube.com\/channel\/UCGr8q_2-dchoqKT-jT5Lmfw","https:\/\/www.instagram.com\/chi_unq\/"]},{"@type":"Person","@id":"https:\/\/historiaintelectual.com.ar\/#\/schema\/person\/885c05ccc3314e2dec0bd9b0825c5912","name":"admin","url":"https:\/\/historiaintelectual.com.ar\/eng\/author\/admin\/"}]}},"_links":{"self":[{"href":"https:\/\/historiaintelectual.com.ar\/eng\/wp-json\/wp\/v2\/posts\/4869","targetHints":{"allow":["GET"]}}],"collection":[{"href":"https:\/\/historiaintelectual.com.ar\/eng\/wp-json\/wp\/v2\/posts"}],"about":[{"href":"https:\/\/historiaintelectual.com.ar\/eng\/wp-json\/wp\/v2\/types\/post"}],"author":[{"embeddable":true,"href":"https:\/\/historiaintelectual.com.ar\/eng\/wp-json\/wp\/v2\/users\/1"}],"replies":[{"embeddable":true,"href":"https:\/\/historiaintelectual.com.ar\/eng\/wp-json\/wp\/v2\/comments?post=4869"}],"version-history":[{"count":8,"href":"https:\/\/historiaintelectual.com.ar\/eng\/wp-json\/wp\/v2\/posts\/4869\/revisions"}],"predecessor-version":[{"id":4893,"href":"https:\/\/historiaintelectual.com.ar\/eng\/wp-json\/wp\/v2\/posts\/4869\/revisions\/4893"}],"wp:featuredmedia":[{"embeddable":true,"href":"https:\/\/historiaintelectual.com.ar\/eng\/wp-json\/wp\/v2\/media\/4991"}],"wp:attachment":[{"href":"https:\/\/historiaintelectual.com.ar\/eng\/wp-json\/wp\/v2\/media?parent=4869"}],"wp:term":[{"taxonomy":"category","embeddable":true,"href":"https:\/\/historiaintelectual.com.ar\/eng\/wp-json\/wp\/v2\/categories?post=4869"},{"taxonomy":"post_tag","embeddable":true,"href":"https:\/\/historiaintelectual.com.ar\/eng\/wp-json\/wp\/v2\/tags?post=4869"}],"curies":[{"name":"wp","href":"https:\/\/api.w.org\/{rel}","templated":true}]}}