{"id":4448,"date":"2015-08-11T18:01:01","date_gmt":"2015-08-11T18:01:01","guid":{"rendered":"http:\/\/historiaintelectual.com.ar\/desarrollo\/?p=4448"},"modified":"2025-09-26T16:32:06","modified_gmt":"2025-09-26T19:32:06","slug":"silvina-cormick","status":"publish","type":"post","link":"https:\/\/historiaintelectual.com.ar\/eng\/silvina-cormick\/","title":{"rendered":"Silvina Cormick"},"content":{"rendered":"<div data-elementor-type=\"wp-post\" data-elementor-id=\"4448\" class=\"elementor elementor-4448\" data-elementor-post-type=\"post\">\n\t\t\t\t<div class=\"elementor-element elementor-element-b83987 e-flex e-con-boxed e-con e-parent\" data-id=\"b83987\" data-element_type=\"container\" data-e-type=\"container\">\n\t\t\t\t\t<div class=\"e-con-inner\">\n\t\t<div class=\"elementor-element elementor-element-4c22ab38 e-con-full e-flex e-con e-child\" data-id=\"4c22ab38\" data-element_type=\"container\" data-e-type=\"container\">\n\t\t\t\t<div class=\"elementor-element elementor-element-1716e9d elementor-widget elementor-widget-theme-post-featured-image elementor-widget-image\" data-id=\"1716e9d\" data-element_type=\"widget\" data-e-type=\"widget\" data-widget_type=\"theme-post-featured-image.default\">\n\t\t\t\t<div class=\"elementor-widget-container\">\n\t\t\t\t\t\t\t\t\t\t\t\t<figure class=\"wp-caption\">\n\t\t\t\t\t\t\t\t\t\t<img fetchpriority=\"high\" decoding=\"async\" width=\"360\" height=\"312\" src=\"https:\/\/historiaintelectual.com.ar\/wp-content\/uploads\/2015\/08\/Cormick-Silvina.jpg\" class=\"attachment-full size-full wp-image-4449\" alt=\"\" srcset=\"https:\/\/historiaintelectual.com.ar\/wp-content\/uploads\/2015\/08\/Cormick-Silvina.jpg 360w, https:\/\/historiaintelectual.com.ar\/wp-content\/uploads\/2015\/08\/Cormick-Silvina-300x260.jpg 300w, https:\/\/historiaintelectual.com.ar\/wp-content\/uploads\/2015\/08\/Cormick-Silvina-120x105.jpg 120w\" sizes=\"(max-width: 360px) 100vw, 360px\" \/>\t\t\t\t\t\t\t\t\t\t\t<figcaption class=\"widget-image-caption wp-caption-text\">Silvina Cormick <br>(Buenos Aires, 1978)<\/figcaption>\n\t\t\t\t\t\t\t\t\t\t<\/figure>\n\t\t\t\t\t\t\t\t\t<\/div>\n\t\t\t\t<\/div>\n\t\t\t\t<\/div>\n\t\t<div class=\"elementor-element elementor-element-40d19bb6 e-con-full e-flex e-con e-child\" data-id=\"40d19bb6\" data-element_type=\"container\" data-e-type=\"container\">\n\t\t\t\t<div class=\"elementor-element elementor-element-53c89d02 elementor-widget elementor-widget-text-editor\" data-id=\"53c89d02\" data-element_type=\"widget\" data-e-type=\"widget\" data-widget_type=\"text-editor.default\">\n\t\t\t\t<div class=\"elementor-widget-container\">\n\t\t\t\t\t\t\t\t\t<p>(Lic., History, Faculty of Philosophy and Letters, Universidad de Buenos Aires) teaches Argentine and Latin American Thought in the Department of Philosophy, Faculty of Philosophy and Letters, UBA, and participates in the Center for Intellectual History at the Universidad Nacional de Quilmes. She is a founding member of REMIAL, the Network for Studies on Intellectual Women in Latin America. She has published articles and presented research findings at conferences and events on the careers of Latin American intellectuals and their discourses on Latin American unity in the early 20th century. Among them: \u201cGabriela Mistral: construcci\u00f3n de su figura intelectual como voz y conciencia de Am\u00e9rica Latina\u201d, in Mujeres intelectuales en Am\u00e9rica Latina, Silvina Cormick (ed. and intro.), SB editorial, Buenos Aires, 2022; \u201c\u201cEl mejor maestro ser\u00e1 siempre el alma encendida por dos cosas: la juventud y el sue\u00f1o redentor.\u201d Gabriela Mistral y la Reforma Universitaria, in Mart\u00edn Bergel (coordinator), Los viajes latinoamericanos de la Reforma Universitaria, (HyA, Faculty of Humanities and Arts, Universidad Nacional de Rosario, Rosario, 2018, pp.115-133 and \u201cLa \u2018Maestra de Am\u00e9rica\u2019 reconsiderada: el antiimperialismo en Gabriela Mistral\u201d, en Mart\u00edn Bergel (coord.), \u00abIntelectuales, antiimperialismo y pol\u00edtica en Am\u00e9rica Latina (1898-1939)\u00bb, Foros de Historia Pol\u00edtica N\u00b0 6, Programa Interuniversitario de Historia Pol\u00edtica, Mar del Plata, 2018.\nCormick\u2019s research interests include the relationship between intellectuals and Latin Americanist discourses at the beginning of the 20th century and the possibilities and limitations of the public affirmation of women intellectuals in Latin America during the same period. This last point is developed especially on the basis of Gabriela Mistral's career.\n\nAcademia profile: https:\/\/uba.academia.edu\/SilvinaCormick\nPublished books <a href=\"https:\/\/historiaintelectual.com.ar\/eng\/remial\/\">REMIAL- Red de Estudios sobre Mujeres Intelectuales en Am\u00e9rica Latina<\/a>She has published articles and presented research findings at conferences and events on the careers of Latin American intellectuals and their discourses on Latin American unity in the early 20th century. Among them: : \u201cGabriela Mistral: construcci\u00f3n de su figura intelectual como voz y conciencia de Am\u00e9rica Latina\u201d, in <em>Mujeres intelectuales en Am\u00e9rica Latina<\/em>Mujeres intelectuales en Am\u00e9rica Latina, Silvina Cormick (ed. and intro.), SB editorial, Buenos Aires, 2022; \u201c\u201cEl mejor maestro ser\u00e1 siempre el alma encendida por dos cosas: la juventud y el sue\u00f1o redentor.\u201d Gabriela Mistral y la Reforma Universitaria, in Mart\u00edn Bergel (coordinator), <em>Los viajes latinoamericanos de la Reforma Universitaria<\/em>(HyA, Faculty of Humanities and Arts, Universidad Nacional de Rosario, Rosario, 2018, pp.115-133 and \u201cLa \u2018Maestra de Am\u00e9rica\u2019 reconsiderada: el antiimperialismo en Gabriela Mistral\u201d, en Mart\u00edn Bergel (coord.), \u00abIntelectuales, antiimperialismo y pol\u00edtica en Am\u00e9rica Latina (1898-1939)\u00bb, Foros de Historia Pol\u00edtica N\u00b0 6, Programa Interuniversitario de Historia Pol\u00edtica, Mar del Plata, 2018.<\/p><p>Cormick\u2019s research interests include the relationship between intellectuals and Latin Americanist discourses at the beginning of the 20th century and the possibilities and limitations of the public affirmation of women intellectuals in Latin America during the same period. This last point is developed especially on the basis of Gabriela Mistral's career.<\/p><p>Profile in Academia <a href=\"https:\/\/uba.academia.edu\/SilvinaCormick\">https:\/\/uba.academia.edu\/SilvinaCormick<\/a><\/p><p><strong><a href=\"https:\/\/historiaintelectual.com.ar\/eng\/silvina-cormick-2\/\">Published books<\/a><\/strong><\/p>\t\t\t\t\t\t\t\t<\/div>\n\t\t\t\t<\/div>\n\t\t\t\t<\/div>\n\t\t\t\t\t<\/div>\n\t\t\t\t<\/div>\n\t\t\t\t<\/div>","protected":false},"excerpt":{"rendered":"<p>Licenciada en Historia por la Facultad de Filosof\u00eda y Letras de la Universidad de Buenos Aires. Es docente en la c\u00e1tedra Pensamiento Argentino y Latinoamericano -Departamento de Filosof\u00eda, Facultad de Filosof\u00eda y Letras, UBA- y participa en el Centro de Historia Intelectual de la Universidad Nacional de Quilmes. Es miembro fundadora de REMIAL- Red de [&hellip;]<\/p>\n","protected":false},"author":1,"featured_media":4449,"comment_status":"closed","ping_status":"closed","sticky":false,"template":"","format":"standard","meta":{"footnotes":""},"categories":[94],"tags":[],"class_list":["post-4448","post","type-post","status-publish","format-standard","has-post-thumbnail","hentry","category-investigadores"],"yoast_head":"<!-- This site is optimized with the Yoast SEO plugin v27.3 - https:\/\/yoast.com\/product\/yoast-seo-wordpress\/ -->\n<title>Silvina Cormick &#187; Historia Intelectual<\/title>\n<meta name=\"robots\" content=\"index, follow, max-snippet:-1, max-image-preview:large, max-video-preview:-1\" \/>\n<link rel=\"canonical\" href=\"https:\/\/historiaintelectual.com.ar\/eng\/silvina-cormick\/\" \/>\n<meta property=\"og:locale\" content=\"en_US\" \/>\n<meta property=\"og:type\" content=\"article\" \/>\n<meta property=\"og:title\" content=\"Silvina Cormick &#187; Historia Intelectual\" \/>\n<meta property=\"og:description\" content=\"Licenciada en Historia por la Facultad de Filosof\u00eda y Letras de la Universidad de Buenos Aires. Es docente en la c\u00e1tedra Pensamiento Argentino y Latinoamericano -Departamento de Filosof\u00eda, Facultad de Filosof\u00eda y Letras, UBA- y participa en el Centro de Historia Intelectual de la Universidad Nacional de Quilmes. Es miembro fundadora de REMIAL- Red de [&hellip;]\" \/>\n<meta property=\"og:url\" content=\"https:\/\/historiaintelectual.com.ar\/eng\/silvina-cormick\/\" \/>\n<meta property=\"og:site_name\" content=\"Historia Intelectual\" \/>\n<meta property=\"article:publisher\" content=\"https:\/\/www.facebook.com\/Centrodehistoriaintelectual\/\" \/>\n<meta property=\"article:published_time\" content=\"2015-08-11T18:01:01+00:00\" \/>\n<meta property=\"article:modified_time\" content=\"2025-09-26T19:32:06+00:00\" \/>\n<meta property=\"og:image\" content=\"https:\/\/historiaintelectual.com.ar\/wp-content\/uploads\/2015\/08\/Cormick-Silvina.jpg\" \/>\n\t<meta property=\"og:image:width\" content=\"360\" \/>\n\t<meta property=\"og:image:height\" content=\"312\" \/>\n\t<meta property=\"og:image:type\" content=\"image\/jpeg\" \/>\n<meta name=\"author\" content=\"admin\" \/>\n<script type=\"application\/ld+json\" class=\"yoast-schema-graph\">{\"@context\":\"https:\\\/\\\/schema.org\",\"@graph\":[{\"@type\":\"Article\",\"@id\":\"https:\\\/\\\/historiaintelectual.com.ar\\\/silvina-cormick\\\/#article\",\"isPartOf\":{\"@id\":\"https:\\\/\\\/historiaintelectual.com.ar\\\/silvina-cormick\\\/\"},\"author\":{\"name\":\"admin\",\"@id\":\"https:\\\/\\\/historiaintelectual.com.ar\\\/#\\\/schema\\\/person\\\/885c05ccc3314e2dec0bd9b0825c5912\"},\"headline\":\"Silvina Cormick\",\"datePublished\":\"2015-08-11T18:01:01+00:00\",\"dateModified\":\"2025-09-26T19:32:06+00:00\",\"mainEntityOfPage\":{\"@id\":\"https:\\\/\\\/historiaintelectual.com.ar\\\/silvina-cormick\\\/\"},\"wordCount\":301,\"publisher\":{\"@id\":\"https:\\\/\\\/historiaintelectual.com.ar\\\/#organization\"},\"image\":{\"@id\":\"https:\\\/\\\/historiaintelectual.com.ar\\\/silvina-cormick\\\/#primaryimage\"},\"thumbnailUrl\":\"https:\\\/\\\/historiaintelectual.com.ar\\\/wp-content\\\/uploads\\\/2015\\\/08\\\/Cormick-Silvina.jpg\",\"articleSection\":[\"Investigadores\"],\"inLanguage\":\"en-US\"},{\"@type\":\"WebPage\",\"@id\":\"https:\\\/\\\/historiaintelectual.com.ar\\\/silvina-cormick\\\/\",\"url\":\"https:\\\/\\\/historiaintelectual.com.ar\\\/silvina-cormick\\\/\",\"name\":\"Silvina Cormick &#187; Historia Intelectual\",\"isPartOf\":{\"@id\":\"https:\\\/\\\/historiaintelectual.com.ar\\\/#website\"},\"primaryImageOfPage\":{\"@id\":\"https:\\\/\\\/historiaintelectual.com.ar\\\/silvina-cormick\\\/#primaryimage\"},\"image\":{\"@id\":\"https:\\\/\\\/historiaintelectual.com.ar\\\/silvina-cormick\\\/#primaryimage\"},\"thumbnailUrl\":\"https:\\\/\\\/historiaintelectual.com.ar\\\/wp-content\\\/uploads\\\/2015\\\/08\\\/Cormick-Silvina.jpg\",\"datePublished\":\"2015-08-11T18:01:01+00:00\",\"dateModified\":\"2025-09-26T19:32:06+00:00\",\"breadcrumb\":{\"@id\":\"https:\\\/\\\/historiaintelectual.com.ar\\\/silvina-cormick\\\/#breadcrumb\"},\"inLanguage\":\"en-US\",\"potentialAction\":[{\"@type\":\"ReadAction\",\"target\":[\"https:\\\/\\\/historiaintelectual.com.ar\\\/silvina-cormick\\\/\"]}]},{\"@type\":\"ImageObject\",\"inLanguage\":\"en-US\",\"@id\":\"https:\\\/\\\/historiaintelectual.com.ar\\\/silvina-cormick\\\/#primaryimage\",\"url\":\"https:\\\/\\\/historiaintelectual.com.ar\\\/wp-content\\\/uploads\\\/2015\\\/08\\\/Cormick-Silvina.jpg\",\"contentUrl\":\"https:\\\/\\\/historiaintelectual.com.ar\\\/wp-content\\\/uploads\\\/2015\\\/08\\\/Cormick-Silvina.jpg\",\"width\":360,\"height\":312},{\"@type\":\"BreadcrumbList\",\"@id\":\"https:\\\/\\\/historiaintelectual.com.ar\\\/silvina-cormick\\\/#breadcrumb\",\"itemListElement\":[{\"@type\":\"ListItem\",\"position\":1,\"name\":\"Portada\",\"item\":\"https:\\\/\\\/historiaintelectual.com.ar\\\/\"},{\"@type\":\"ListItem\",\"position\":2,\"name\":\"Silvina Cormick\"}]},{\"@type\":\"WebSite\",\"@id\":\"https:\\\/\\\/historiaintelectual.com.ar\\\/#website\",\"url\":\"https:\\\/\\\/historiaintelectual.com.ar\\\/\",\"name\":\"Historia Intelectual\",\"description\":\"Centro de Historia Intelectual\",\"publisher\":{\"@id\":\"https:\\\/\\\/historiaintelectual.com.ar\\\/#organization\"},\"alternateName\":\"Centro de historia intelectual\",\"potentialAction\":[{\"@type\":\"SearchAction\",\"target\":{\"@type\":\"EntryPoint\",\"urlTemplate\":\"https:\\\/\\\/historiaintelectual.com.ar\\\/?s={search_term_string}\"},\"query-input\":{\"@type\":\"PropertyValueSpecification\",\"valueRequired\":true,\"valueName\":\"search_term_string\"}}],\"inLanguage\":\"en-US\"},{\"@type\":\"Organization\",\"@id\":\"https:\\\/\\\/historiaintelectual.com.ar\\\/#organization\",\"name\":\"Centro Historia Intelectual\",\"url\":\"https:\\\/\\\/historiaintelectual.com.ar\\\/\",\"logo\":{\"@type\":\"ImageObject\",\"inLanguage\":\"en-US\",\"@id\":\"https:\\\/\\\/historiaintelectual.com.ar\\\/#\\\/schema\\\/logo\\\/image\\\/\",\"url\":\"https:\\\/\\\/historiaintelectual.com.ar\\\/wp-content\\\/uploads\\\/2025\\\/04\\\/logo-25.png\",\"contentUrl\":\"https:\\\/\\\/historiaintelectual.com.ar\\\/wp-content\\\/uploads\\\/2025\\\/04\\\/logo-25.png\",\"width\":456,\"height\":456,\"caption\":\"Centro Historia Intelectual\"},\"image\":{\"@id\":\"https:\\\/\\\/historiaintelectual.com.ar\\\/#\\\/schema\\\/logo\\\/image\\\/\"},\"sameAs\":[\"https:\\\/\\\/www.facebook.com\\\/Centrodehistoriaintelectual\\\/\",\"https:\\\/\\\/www.youtube.com\\\/channel\\\/UCGr8q_2-dchoqKT-jT5Lmfw\",\"https:\\\/\\\/www.instagram.com\\\/chi_unq\\\/\"]},{\"@type\":\"Person\",\"@id\":\"https:\\\/\\\/historiaintelectual.com.ar\\\/#\\\/schema\\\/person\\\/885c05ccc3314e2dec0bd9b0825c5912\",\"name\":\"admin\",\"url\":\"https:\\\/\\\/historiaintelectual.com.ar\\\/eng\\\/author\\\/admin\\\/\"}]}<\/script>\n<!-- \/ Yoast SEO plugin. -->","yoast_head_json":{"title":"Silvina Cormick &#187; Historia Intelectual","robots":{"index":"index","follow":"follow","max-snippet":"max-snippet:-1","max-image-preview":"max-image-preview:large","max-video-preview":"max-video-preview:-1"},"canonical":"https:\/\/historiaintelectual.com.ar\/eng\/silvina-cormick\/","og_locale":"en_US","og_type":"article","og_title":"Silvina Cormick &#187; Historia Intelectual","og_description":"Licenciada en Historia por la Facultad de Filosof\u00eda y Letras de la Universidad de Buenos Aires. Es docente en la c\u00e1tedra Pensamiento Argentino y Latinoamericano -Departamento de Filosof\u00eda, Facultad de Filosof\u00eda y Letras, UBA- y participa en el Centro de Historia Intelectual de la Universidad Nacional de Quilmes. Es miembro fundadora de REMIAL- Red de [&hellip;]","og_url":"https:\/\/historiaintelectual.com.ar\/eng\/silvina-cormick\/","og_site_name":"Historia Intelectual","article_publisher":"https:\/\/www.facebook.com\/Centrodehistoriaintelectual\/","article_published_time":"2015-08-11T18:01:01+00:00","article_modified_time":"2025-09-26T19:32:06+00:00","og_image":[{"width":360,"height":312,"url":"https:\/\/historiaintelectual.com.ar\/wp-content\/uploads\/2015\/08\/Cormick-Silvina.jpg","type":"image\/jpeg"}],"author":"admin","schema":{"@context":"https:\/\/schema.org","@graph":[{"@type":"Article","@id":"https:\/\/historiaintelectual.com.ar\/silvina-cormick\/#article","isPartOf":{"@id":"https:\/\/historiaintelectual.com.ar\/silvina-cormick\/"},"author":{"name":"admin","@id":"https:\/\/historiaintelectual.com.ar\/#\/schema\/person\/885c05ccc3314e2dec0bd9b0825c5912"},"headline":"Silvina Cormick","datePublished":"2015-08-11T18:01:01+00:00","dateModified":"2025-09-26T19:32:06+00:00","mainEntityOfPage":{"@id":"https:\/\/historiaintelectual.com.ar\/silvina-cormick\/"},"wordCount":301,"publisher":{"@id":"https:\/\/historiaintelectual.com.ar\/#organization"},"image":{"@id":"https:\/\/historiaintelectual.com.ar\/silvina-cormick\/#primaryimage"},"thumbnailUrl":"https:\/\/historiaintelectual.com.ar\/wp-content\/uploads\/2015\/08\/Cormick-Silvina.jpg","articleSection":["Investigadores"],"inLanguage":"en-US"},{"@type":"WebPage","@id":"https:\/\/historiaintelectual.com.ar\/silvina-cormick\/","url":"https:\/\/historiaintelectual.com.ar\/silvina-cormick\/","name":"Silvina Cormick &#187; Historia Intelectual","isPartOf":{"@id":"https:\/\/historiaintelectual.com.ar\/#website"},"primaryImageOfPage":{"@id":"https:\/\/historiaintelectual.com.ar\/silvina-cormick\/#primaryimage"},"image":{"@id":"https:\/\/historiaintelectual.com.ar\/silvina-cormick\/#primaryimage"},"thumbnailUrl":"https:\/\/historiaintelectual.com.ar\/wp-content\/uploads\/2015\/08\/Cormick-Silvina.jpg","datePublished":"2015-08-11T18:01:01+00:00","dateModified":"2025-09-26T19:32:06+00:00","breadcrumb":{"@id":"https:\/\/historiaintelectual.com.ar\/silvina-cormick\/#breadcrumb"},"inLanguage":"en-US","potentialAction":[{"@type":"ReadAction","target":["https:\/\/historiaintelectual.com.ar\/silvina-cormick\/"]}]},{"@type":"ImageObject","inLanguage":"en-US","@id":"https:\/\/historiaintelectual.com.ar\/silvina-cormick\/#primaryimage","url":"https:\/\/historiaintelectual.com.ar\/wp-content\/uploads\/2015\/08\/Cormick-Silvina.jpg","contentUrl":"https:\/\/historiaintelectual.com.ar\/wp-content\/uploads\/2015\/08\/Cormick-Silvina.jpg","width":360,"height":312},{"@type":"BreadcrumbList","@id":"https:\/\/historiaintelectual.com.ar\/silvina-cormick\/#breadcrumb","itemListElement":[{"@type":"ListItem","position":1,"name":"Portada","item":"https:\/\/historiaintelectual.com.ar\/"},{"@type":"ListItem","position":2,"name":"Silvina Cormick"}]},{"@type":"WebSite","@id":"https:\/\/historiaintelectual.com.ar\/#website","url":"https:\/\/historiaintelectual.com.ar\/","name":"Historia Intelectual","description":"Center for Intellectual History","publisher":{"@id":"https:\/\/historiaintelectual.com.ar\/#organization"},"alternateName":"Centro de historia intelectual","potentialAction":[{"@type":"SearchAction","target":{"@type":"EntryPoint","urlTemplate":"https:\/\/historiaintelectual.com.ar\/?s={search_term_string}"},"query-input":{"@type":"PropertyValueSpecification","valueRequired":true,"valueName":"search_term_string"}}],"inLanguage":"en-US"},{"@type":"Organization","@id":"https:\/\/historiaintelectual.com.ar\/#organization","name":"Centro Historia Intelectual","url":"https:\/\/historiaintelectual.com.ar\/","logo":{"@type":"ImageObject","inLanguage":"en-US","@id":"https:\/\/historiaintelectual.com.ar\/#\/schema\/logo\/image\/","url":"https:\/\/historiaintelectual.com.ar\/wp-content\/uploads\/2025\/04\/logo-25.png","contentUrl":"https:\/\/historiaintelectual.com.ar\/wp-content\/uploads\/2025\/04\/logo-25.png","width":456,"height":456,"caption":"Centro Historia Intelectual"},"image":{"@id":"https:\/\/historiaintelectual.com.ar\/#\/schema\/logo\/image\/"},"sameAs":["https:\/\/www.facebook.com\/Centrodehistoriaintelectual\/","https:\/\/www.youtube.com\/channel\/UCGr8q_2-dchoqKT-jT5Lmfw","https:\/\/www.instagram.com\/chi_unq\/"]},{"@type":"Person","@id":"https:\/\/historiaintelectual.com.ar\/#\/schema\/person\/885c05ccc3314e2dec0bd9b0825c5912","name":"admin","url":"https:\/\/historiaintelectual.com.ar\/eng\/author\/admin\/"}]}},"_links":{"self":[{"href":"https:\/\/historiaintelectual.com.ar\/eng\/wp-json\/wp\/v2\/posts\/4448","targetHints":{"allow":["GET"]}}],"collection":[{"href":"https:\/\/historiaintelectual.com.ar\/eng\/wp-json\/wp\/v2\/posts"}],"about":[{"href":"https:\/\/historiaintelectual.com.ar\/eng\/wp-json\/wp\/v2\/types\/post"}],"author":[{"embeddable":true,"href":"https:\/\/historiaintelectual.com.ar\/eng\/wp-json\/wp\/v2\/users\/1"}],"replies":[{"embeddable":true,"href":"https:\/\/historiaintelectual.com.ar\/eng\/wp-json\/wp\/v2\/comments?post=4448"}],"version-history":[{"count":14,"href":"https:\/\/historiaintelectual.com.ar\/eng\/wp-json\/wp\/v2\/posts\/4448\/revisions"}],"predecessor-version":[{"id":10652,"href":"https:\/\/historiaintelectual.com.ar\/eng\/wp-json\/wp\/v2\/posts\/4448\/revisions\/10652"}],"wp:featuredmedia":[{"embeddable":true,"href":"https:\/\/historiaintelectual.com.ar\/eng\/wp-json\/wp\/v2\/media\/4449"}],"wp:attachment":[{"href":"https:\/\/historiaintelectual.com.ar\/eng\/wp-json\/wp\/v2\/media?parent=4448"}],"wp:term":[{"taxonomy":"category","embeddable":true,"href":"https:\/\/historiaintelectual.com.ar\/eng\/wp-json\/wp\/v2\/categories?post=4448"},{"taxonomy":"post_tag","embeddable":true,"href":"https:\/\/historiaintelectual.com.ar\/eng\/wp-json\/wp\/v2\/tags?post=4448"}],"curies":[{"name":"wp","href":"https:\/\/api.w.org\/{rel}","templated":true}]}}