{"id":4445,"date":"2015-08-11T17:58:29","date_gmt":"2015-08-11T17:58:29","guid":{"rendered":"http:\/\/historiaintelectual.com.ar\/desarrollo\/?p=4445"},"modified":"2025-09-26T16:42:41","modified_gmt":"2025-09-26T19:42:41","slug":"laura-ehrlich","status":"publish","type":"post","link":"https:\/\/historiaintelectual.com.ar\/eng\/laura-ehrlich\/","title":{"rendered":"Laura Ehrlich"},"content":{"rendered":"<div data-elementor-type=\"wp-post\" data-elementor-id=\"4445\" class=\"elementor elementor-4445\" data-elementor-post-type=\"post\">\n\t\t\t\t<div class=\"elementor-element elementor-element-1ec732dc e-flex e-con-boxed e-con e-parent\" data-id=\"1ec732dc\" data-element_type=\"container\" data-e-type=\"container\">\n\t\t\t\t\t<div class=\"e-con-inner\">\n\t\t<div class=\"elementor-element elementor-element-1dead3d2 e-con-full e-flex e-con e-child\" data-id=\"1dead3d2\" data-element_type=\"container\" data-e-type=\"container\">\n\t\t\t\t<div class=\"elementor-element elementor-element-3fb242a6 elementor-widget elementor-widget-theme-post-featured-image elementor-widget-image\" data-id=\"3fb242a6\" data-element_type=\"widget\" data-e-type=\"widget\" data-widget_type=\"theme-post-featured-image.default\">\n\t\t\t\t<div class=\"elementor-widget-container\">\n\t\t\t\t\t\t\t\t\t\t\t\t<figure class=\"wp-caption\">\n\t\t\t\t\t\t\t\t\t\t<img fetchpriority=\"high\" decoding=\"async\" width=\"360\" height=\"312\" src=\"https:\/\/historiaintelectual.com.ar\/wp-content\/uploads\/2015\/08\/Ehrlich-Laura.jpg\" class=\"attachment-full size-full wp-image-4446\" alt=\"\" srcset=\"https:\/\/historiaintelectual.com.ar\/wp-content\/uploads\/2015\/08\/Ehrlich-Laura.jpg 360w, https:\/\/historiaintelectual.com.ar\/wp-content\/uploads\/2015\/08\/Ehrlich-Laura-300x260.jpg 300w, https:\/\/historiaintelectual.com.ar\/wp-content\/uploads\/2015\/08\/Ehrlich-Laura-120x105.jpg 120w\" sizes=\"(max-width: 360px) 100vw, 360px\" \/>\t\t\t\t\t\t\t\t\t\t\t<figcaption class=\"widget-image-caption wp-caption-text\">Laura Ehrlich <br> (Buenos Aires, 1977)<\/figcaption>\n\t\t\t\t\t\t\t\t\t\t<\/figure>\n\t\t\t\t\t\t\t\t\t<\/div>\n\t\t\t\t<\/div>\n\t\t\t\t<\/div>\n\t\t<div class=\"elementor-element elementor-element-2f947fe7 e-con-full e-flex e-con e-child\" data-id=\"2f947fe7\" data-element_type=\"container\" data-e-type=\"container\">\n\t\t\t\t<div class=\"elementor-element elementor-element-7d3aa166 elementor-widget elementor-widget-text-editor\" data-id=\"7d3aa166\" data-element_type=\"widget\" data-e-type=\"widget\" data-widget_type=\"text-editor.default\">\n\t\t\t\t<div class=\"elementor-widget-container\">\n\t\t\t\t\t\t\t\t\t<p>Laura Ehrlic (PhD, History, Universidad de Buenos Aires) is an associate researcher at CONICET, and a member of the Center for Intellectual History at the Universidad de Quilmes since 2008. She has served as a professor of Theoretical History and taught graduate-level seminars at the same university. Her research topics have focused on activism, the press, and peronist commemorations in the decade from 1955 to 1965; and more recently, on the various appropriations of the figure of Eva Per\u00f3n in peronism, Argentine culture, and global mass culture in the last decades of the 20th century.<br \/>Her most recent publications are <em>La reinvenci\u00f3n del peronismo, 1955-1965<\/em> (Bernal, UNQ, 2022); \u201cUna estrella titila desde el Atl\u00e1ntico Norte: \u2018Evita\u2019 en versi\u00f3n musical\u201d, Quinto Sol, vol. 29, 2024, pp. 1-22; \u201cEl ascenso de Eva Per\u00f3n en el peronismo y la cultura argentina, d\u00e9cadas de 1950 y 1960\u201d, Bolet\u00edn del Instituto de Historia Argentina y Americana \u201cDr. Emilio Ravignani\u201d, n\u00ba 58, enero-junio de 2023, pp. 58-85.<\/p><p>Since 2022, she has served as the director of La ideolog\u00eda argentina y latinoamericana book series, published by UNQ press. She is a member of the Board of Directors of<em> Prismas. Revista de historia intelectual.<\/em><\/p><p>Contact: lauraehrlich@hotmail.com<\/p><p style=\"font-weight: 400;\"><b>Profile on <a href=\"https:\/\/conicet-ar.academia.edu\/LauraEhrlich\">Academia<\/a><\/b><\/p><p><strong><a href=\"https:\/\/historiaintelectual.com.ar\/eng\/laurta-ehrlich\/\">Published books<\/a><\/strong><\/p>\t\t\t\t\t\t\t\t<\/div>\n\t\t\t\t<\/div>\n\t\t\t\t<\/div>\n\t\t\t\t\t<\/div>\n\t\t\t\t<\/div>\n\t\t\t\t<\/div>","protected":false},"excerpt":{"rendered":"<p>Doctora en Historia por la UBA, investigadora adjunta de CONICET, integra el Centro de Historia Intelectual de la Universidad de Quilmes desde 2008. Es profesora de Teor\u00edas de la Historia en la misma universidad donde tambi\u00e9n dio seminarios de Doctorado y Maestr\u00eda. Sus temas de investigaci\u00f3n se enfocaron en el activismo, la prensa y las [&hellip;]<\/p>\n","protected":false},"author":1,"featured_media":4446,"comment_status":"closed","ping_status":"closed","sticky":false,"template":"","format":"standard","meta":{"footnotes":""},"categories":[94],"tags":[],"class_list":["post-4445","post","type-post","status-publish","format-standard","has-post-thumbnail","hentry","category-investigadores"],"yoast_head":"<!-- This site is optimized with the Yoast SEO plugin v27.3 - https:\/\/yoast.com\/product\/yoast-seo-wordpress\/ -->\n<title>Laura Ehrlich &#187; Historia Intelectual<\/title>\n<meta name=\"robots\" content=\"index, follow, max-snippet:-1, max-image-preview:large, max-video-preview:-1\" \/>\n<link rel=\"canonical\" href=\"https:\/\/historiaintelectual.com.ar\/eng\/laura-ehrlich\/\" \/>\n<meta property=\"og:locale\" content=\"en_US\" \/>\n<meta property=\"og:type\" content=\"article\" \/>\n<meta property=\"og:title\" content=\"Laura Ehrlich &#187; Historia Intelectual\" \/>\n<meta property=\"og:description\" content=\"Doctora en Historia por la UBA, investigadora adjunta de CONICET, integra el Centro de Historia Intelectual de la Universidad de Quilmes desde 2008. Es profesora de Teor\u00edas de la Historia en la misma universidad donde tambi\u00e9n dio seminarios de Doctorado y Maestr\u00eda. Sus temas de investigaci\u00f3n se enfocaron en el activismo, la prensa y las [&hellip;]\" \/>\n<meta property=\"og:url\" content=\"https:\/\/historiaintelectual.com.ar\/eng\/laura-ehrlich\/\" \/>\n<meta property=\"og:site_name\" content=\"Historia Intelectual\" \/>\n<meta property=\"article:publisher\" content=\"https:\/\/www.facebook.com\/Centrodehistoriaintelectual\/\" \/>\n<meta property=\"article:published_time\" content=\"2015-08-11T17:58:29+00:00\" \/>\n<meta property=\"article:modified_time\" content=\"2025-09-26T19:42:41+00:00\" \/>\n<meta property=\"og:image\" content=\"https:\/\/historiaintelectual.com.ar\/wp-content\/uploads\/2015\/08\/Ehrlich-Laura.jpg\" \/>\n\t<meta property=\"og:image:width\" content=\"360\" \/>\n\t<meta property=\"og:image:height\" content=\"312\" \/>\n\t<meta property=\"og:image:type\" content=\"image\/jpeg\" \/>\n<meta name=\"author\" content=\"admin\" \/>\n<script type=\"application\/ld+json\" class=\"yoast-schema-graph\">{\"@context\":\"https:\\\/\\\/schema.org\",\"@graph\":[{\"@type\":\"Article\",\"@id\":\"https:\\\/\\\/historiaintelectual.com.ar\\\/laura-ehrlich\\\/#article\",\"isPartOf\":{\"@id\":\"https:\\\/\\\/historiaintelectual.com.ar\\\/laura-ehrlich\\\/\"},\"author\":{\"name\":\"admin\",\"@id\":\"https:\\\/\\\/historiaintelectual.com.ar\\\/#\\\/schema\\\/person\\\/885c05ccc3314e2dec0bd9b0825c5912\"},\"headline\":\"Laura Ehrlich\",\"datePublished\":\"2015-08-11T17:58:29+00:00\",\"dateModified\":\"2025-09-26T19:42:41+00:00\",\"mainEntityOfPage\":{\"@id\":\"https:\\\/\\\/historiaintelectual.com.ar\\\/laura-ehrlich\\\/\"},\"wordCount\":212,\"publisher\":{\"@id\":\"https:\\\/\\\/historiaintelectual.com.ar\\\/#organization\"},\"image\":{\"@id\":\"https:\\\/\\\/historiaintelectual.com.ar\\\/laura-ehrlich\\\/#primaryimage\"},\"thumbnailUrl\":\"https:\\\/\\\/historiaintelectual.com.ar\\\/wp-content\\\/uploads\\\/2015\\\/08\\\/Ehrlich-Laura.jpg\",\"articleSection\":[\"Investigadores\"],\"inLanguage\":\"en-US\"},{\"@type\":\"WebPage\",\"@id\":\"https:\\\/\\\/historiaintelectual.com.ar\\\/laura-ehrlich\\\/\",\"url\":\"https:\\\/\\\/historiaintelectual.com.ar\\\/laura-ehrlich\\\/\",\"name\":\"Laura Ehrlich &#187; Historia Intelectual\",\"isPartOf\":{\"@id\":\"https:\\\/\\\/historiaintelectual.com.ar\\\/#website\"},\"primaryImageOfPage\":{\"@id\":\"https:\\\/\\\/historiaintelectual.com.ar\\\/laura-ehrlich\\\/#primaryimage\"},\"image\":{\"@id\":\"https:\\\/\\\/historiaintelectual.com.ar\\\/laura-ehrlich\\\/#primaryimage\"},\"thumbnailUrl\":\"https:\\\/\\\/historiaintelectual.com.ar\\\/wp-content\\\/uploads\\\/2015\\\/08\\\/Ehrlich-Laura.jpg\",\"datePublished\":\"2015-08-11T17:58:29+00:00\",\"dateModified\":\"2025-09-26T19:42:41+00:00\",\"breadcrumb\":{\"@id\":\"https:\\\/\\\/historiaintelectual.com.ar\\\/laura-ehrlich\\\/#breadcrumb\"},\"inLanguage\":\"en-US\",\"potentialAction\":[{\"@type\":\"ReadAction\",\"target\":[\"https:\\\/\\\/historiaintelectual.com.ar\\\/laura-ehrlich\\\/\"]}]},{\"@type\":\"ImageObject\",\"inLanguage\":\"en-US\",\"@id\":\"https:\\\/\\\/historiaintelectual.com.ar\\\/laura-ehrlich\\\/#primaryimage\",\"url\":\"https:\\\/\\\/historiaintelectual.com.ar\\\/wp-content\\\/uploads\\\/2015\\\/08\\\/Ehrlich-Laura.jpg\",\"contentUrl\":\"https:\\\/\\\/historiaintelectual.com.ar\\\/wp-content\\\/uploads\\\/2015\\\/08\\\/Ehrlich-Laura.jpg\",\"width\":360,\"height\":312},{\"@type\":\"BreadcrumbList\",\"@id\":\"https:\\\/\\\/historiaintelectual.com.ar\\\/laura-ehrlich\\\/#breadcrumb\",\"itemListElement\":[{\"@type\":\"ListItem\",\"position\":1,\"name\":\"Portada\",\"item\":\"https:\\\/\\\/historiaintelectual.com.ar\\\/\"},{\"@type\":\"ListItem\",\"position\":2,\"name\":\"Laura Ehrlich\"}]},{\"@type\":\"WebSite\",\"@id\":\"https:\\\/\\\/historiaintelectual.com.ar\\\/#website\",\"url\":\"https:\\\/\\\/historiaintelectual.com.ar\\\/\",\"name\":\"Historia Intelectual\",\"description\":\"Centro de Historia Intelectual\",\"publisher\":{\"@id\":\"https:\\\/\\\/historiaintelectual.com.ar\\\/#organization\"},\"alternateName\":\"Centro de historia intelectual\",\"potentialAction\":[{\"@type\":\"SearchAction\",\"target\":{\"@type\":\"EntryPoint\",\"urlTemplate\":\"https:\\\/\\\/historiaintelectual.com.ar\\\/?s={search_term_string}\"},\"query-input\":{\"@type\":\"PropertyValueSpecification\",\"valueRequired\":true,\"valueName\":\"search_term_string\"}}],\"inLanguage\":\"en-US\"},{\"@type\":\"Organization\",\"@id\":\"https:\\\/\\\/historiaintelectual.com.ar\\\/#organization\",\"name\":\"Centro Historia Intelectual\",\"url\":\"https:\\\/\\\/historiaintelectual.com.ar\\\/\",\"logo\":{\"@type\":\"ImageObject\",\"inLanguage\":\"en-US\",\"@id\":\"https:\\\/\\\/historiaintelectual.com.ar\\\/#\\\/schema\\\/logo\\\/image\\\/\",\"url\":\"https:\\\/\\\/historiaintelectual.com.ar\\\/wp-content\\\/uploads\\\/2025\\\/04\\\/logo-25.png\",\"contentUrl\":\"https:\\\/\\\/historiaintelectual.com.ar\\\/wp-content\\\/uploads\\\/2025\\\/04\\\/logo-25.png\",\"width\":456,\"height\":456,\"caption\":\"Centro Historia Intelectual\"},\"image\":{\"@id\":\"https:\\\/\\\/historiaintelectual.com.ar\\\/#\\\/schema\\\/logo\\\/image\\\/\"},\"sameAs\":[\"https:\\\/\\\/www.facebook.com\\\/Centrodehistoriaintelectual\\\/\",\"https:\\\/\\\/www.youtube.com\\\/channel\\\/UCGr8q_2-dchoqKT-jT5Lmfw\",\"https:\\\/\\\/www.instagram.com\\\/chi_unq\\\/\"]},{\"@type\":\"Person\",\"@id\":\"https:\\\/\\\/historiaintelectual.com.ar\\\/#\\\/schema\\\/person\\\/885c05ccc3314e2dec0bd9b0825c5912\",\"name\":\"admin\",\"url\":\"https:\\\/\\\/historiaintelectual.com.ar\\\/eng\\\/author\\\/admin\\\/\"}]}<\/script>\n<!-- \/ Yoast SEO plugin. -->","yoast_head_json":{"title":"Laura Ehrlich &#187; Historia Intelectual","robots":{"index":"index","follow":"follow","max-snippet":"max-snippet:-1","max-image-preview":"max-image-preview:large","max-video-preview":"max-video-preview:-1"},"canonical":"https:\/\/historiaintelectual.com.ar\/eng\/laura-ehrlich\/","og_locale":"en_US","og_type":"article","og_title":"Laura Ehrlich &#187; Historia Intelectual","og_description":"Doctora en Historia por la UBA, investigadora adjunta de CONICET, integra el Centro de Historia Intelectual de la Universidad de Quilmes desde 2008. Es profesora de Teor\u00edas de la Historia en la misma universidad donde tambi\u00e9n dio seminarios de Doctorado y Maestr\u00eda. Sus temas de investigaci\u00f3n se enfocaron en el activismo, la prensa y las [&hellip;]","og_url":"https:\/\/historiaintelectual.com.ar\/eng\/laura-ehrlich\/","og_site_name":"Historia Intelectual","article_publisher":"https:\/\/www.facebook.com\/Centrodehistoriaintelectual\/","article_published_time":"2015-08-11T17:58:29+00:00","article_modified_time":"2025-09-26T19:42:41+00:00","og_image":[{"width":360,"height":312,"url":"https:\/\/historiaintelectual.com.ar\/wp-content\/uploads\/2015\/08\/Ehrlich-Laura.jpg","type":"image\/jpeg"}],"author":"admin","schema":{"@context":"https:\/\/schema.org","@graph":[{"@type":"Article","@id":"https:\/\/historiaintelectual.com.ar\/laura-ehrlich\/#article","isPartOf":{"@id":"https:\/\/historiaintelectual.com.ar\/laura-ehrlich\/"},"author":{"name":"admin","@id":"https:\/\/historiaintelectual.com.ar\/#\/schema\/person\/885c05ccc3314e2dec0bd9b0825c5912"},"headline":"Laura Ehrlich","datePublished":"2015-08-11T17:58:29+00:00","dateModified":"2025-09-26T19:42:41+00:00","mainEntityOfPage":{"@id":"https:\/\/historiaintelectual.com.ar\/laura-ehrlich\/"},"wordCount":212,"publisher":{"@id":"https:\/\/historiaintelectual.com.ar\/#organization"},"image":{"@id":"https:\/\/historiaintelectual.com.ar\/laura-ehrlich\/#primaryimage"},"thumbnailUrl":"https:\/\/historiaintelectual.com.ar\/wp-content\/uploads\/2015\/08\/Ehrlich-Laura.jpg","articleSection":["Investigadores"],"inLanguage":"en-US"},{"@type":"WebPage","@id":"https:\/\/historiaintelectual.com.ar\/laura-ehrlich\/","url":"https:\/\/historiaintelectual.com.ar\/laura-ehrlich\/","name":"Laura Ehrlich &#187; Historia Intelectual","isPartOf":{"@id":"https:\/\/historiaintelectual.com.ar\/#website"},"primaryImageOfPage":{"@id":"https:\/\/historiaintelectual.com.ar\/laura-ehrlich\/#primaryimage"},"image":{"@id":"https:\/\/historiaintelectual.com.ar\/laura-ehrlich\/#primaryimage"},"thumbnailUrl":"https:\/\/historiaintelectual.com.ar\/wp-content\/uploads\/2015\/08\/Ehrlich-Laura.jpg","datePublished":"2015-08-11T17:58:29+00:00","dateModified":"2025-09-26T19:42:41+00:00","breadcrumb":{"@id":"https:\/\/historiaintelectual.com.ar\/laura-ehrlich\/#breadcrumb"},"inLanguage":"en-US","potentialAction":[{"@type":"ReadAction","target":["https:\/\/historiaintelectual.com.ar\/laura-ehrlich\/"]}]},{"@type":"ImageObject","inLanguage":"en-US","@id":"https:\/\/historiaintelectual.com.ar\/laura-ehrlich\/#primaryimage","url":"https:\/\/historiaintelectual.com.ar\/wp-content\/uploads\/2015\/08\/Ehrlich-Laura.jpg","contentUrl":"https:\/\/historiaintelectual.com.ar\/wp-content\/uploads\/2015\/08\/Ehrlich-Laura.jpg","width":360,"height":312},{"@type":"BreadcrumbList","@id":"https:\/\/historiaintelectual.com.ar\/laura-ehrlich\/#breadcrumb","itemListElement":[{"@type":"ListItem","position":1,"name":"Portada","item":"https:\/\/historiaintelectual.com.ar\/"},{"@type":"ListItem","position":2,"name":"Laura Ehrlich"}]},{"@type":"WebSite","@id":"https:\/\/historiaintelectual.com.ar\/#website","url":"https:\/\/historiaintelectual.com.ar\/","name":"Historia Intelectual","description":"Center for Intellectual History","publisher":{"@id":"https:\/\/historiaintelectual.com.ar\/#organization"},"alternateName":"Centro de historia intelectual","potentialAction":[{"@type":"SearchAction","target":{"@type":"EntryPoint","urlTemplate":"https:\/\/historiaintelectual.com.ar\/?s={search_term_string}"},"query-input":{"@type":"PropertyValueSpecification","valueRequired":true,"valueName":"search_term_string"}}],"inLanguage":"en-US"},{"@type":"Organization","@id":"https:\/\/historiaintelectual.com.ar\/#organization","name":"Centro Historia Intelectual","url":"https:\/\/historiaintelectual.com.ar\/","logo":{"@type":"ImageObject","inLanguage":"en-US","@id":"https:\/\/historiaintelectual.com.ar\/#\/schema\/logo\/image\/","url":"https:\/\/historiaintelectual.com.ar\/wp-content\/uploads\/2025\/04\/logo-25.png","contentUrl":"https:\/\/historiaintelectual.com.ar\/wp-content\/uploads\/2025\/04\/logo-25.png","width":456,"height":456,"caption":"Centro Historia Intelectual"},"image":{"@id":"https:\/\/historiaintelectual.com.ar\/#\/schema\/logo\/image\/"},"sameAs":["https:\/\/www.facebook.com\/Centrodehistoriaintelectual\/","https:\/\/www.youtube.com\/channel\/UCGr8q_2-dchoqKT-jT5Lmfw","https:\/\/www.instagram.com\/chi_unq\/"]},{"@type":"Person","@id":"https:\/\/historiaintelectual.com.ar\/#\/schema\/person\/885c05ccc3314e2dec0bd9b0825c5912","name":"admin","url":"https:\/\/historiaintelectual.com.ar\/eng\/author\/admin\/"}]}},"_links":{"self":[{"href":"https:\/\/historiaintelectual.com.ar\/eng\/wp-json\/wp\/v2\/posts\/4445","targetHints":{"allow":["GET"]}}],"collection":[{"href":"https:\/\/historiaintelectual.com.ar\/eng\/wp-json\/wp\/v2\/posts"}],"about":[{"href":"https:\/\/historiaintelectual.com.ar\/eng\/wp-json\/wp\/v2\/types\/post"}],"author":[{"embeddable":true,"href":"https:\/\/historiaintelectual.com.ar\/eng\/wp-json\/wp\/v2\/users\/1"}],"replies":[{"embeddable":true,"href":"https:\/\/historiaintelectual.com.ar\/eng\/wp-json\/wp\/v2\/comments?post=4445"}],"version-history":[{"count":26,"href":"https:\/\/historiaintelectual.com.ar\/eng\/wp-json\/wp\/v2\/posts\/4445\/revisions"}],"predecessor-version":[{"id":10670,"href":"https:\/\/historiaintelectual.com.ar\/eng\/wp-json\/wp\/v2\/posts\/4445\/revisions\/10670"}],"wp:featuredmedia":[{"embeddable":true,"href":"https:\/\/historiaintelectual.com.ar\/eng\/wp-json\/wp\/v2\/media\/4446"}],"wp:attachment":[{"href":"https:\/\/historiaintelectual.com.ar\/eng\/wp-json\/wp\/v2\/media?parent=4445"}],"wp:term":[{"taxonomy":"category","embeddable":true,"href":"https:\/\/historiaintelectual.com.ar\/eng\/wp-json\/wp\/v2\/categories?post=4445"},{"taxonomy":"post_tag","embeddable":true,"href":"https:\/\/historiaintelectual.com.ar\/eng\/wp-json\/wp\/v2\/tags?post=4445"}],"curies":[{"name":"wp","href":"https:\/\/api.w.org\/{rel}","templated":true}]}}