{"id":4434,"date":"2015-08-11T17:48:08","date_gmt":"2015-08-11T17:48:08","guid":{"rendered":"http:\/\/historiaintelectual.com.ar\/desarrollo\/?p=4434"},"modified":"2025-10-17T11:44:10","modified_gmt":"2025-10-17T14:44:10","slug":"martina-garategaray","status":"publish","type":"post","link":"https:\/\/historiaintelectual.com.ar\/eng\/martina-garategaray\/","title":{"rendered":"Martina Garategaray"},"content":{"rendered":"<div data-elementor-type=\"wp-post\" data-elementor-id=\"4434\" class=\"elementor elementor-4434\" data-elementor-post-type=\"post\">\n\t\t\t\t<div class=\"elementor-element elementor-element-e307795 e-flex e-con-boxed e-con e-parent\" data-id=\"e307795\" data-element_type=\"container\" data-e-type=\"container\">\n\t\t\t\t\t<div class=\"e-con-inner\">\n\t\t<div class=\"elementor-element elementor-element-39b35e7b e-con-full e-flex e-con e-child\" data-id=\"39b35e7b\" data-element_type=\"container\" data-e-type=\"container\">\n\t\t\t\t<div class=\"elementor-element elementor-element-5af017a elementor-widget elementor-widget-theme-post-featured-image elementor-widget-image\" data-id=\"5af017a\" data-element_type=\"widget\" data-e-type=\"widget\" data-widget_type=\"theme-post-featured-image.default\">\n\t\t\t\t<div class=\"elementor-widget-container\">\n\t\t\t\t\t\t\t\t\t\t\t\t<figure class=\"wp-caption\">\n\t\t\t\t\t\t\t\t\t\t<img fetchpriority=\"high\" decoding=\"async\" width=\"360\" height=\"312\" src=\"https:\/\/historiaintelectual.com.ar\/wp-content\/uploads\/2015\/11\/Garategaray-Martina-2.jpg\" class=\"attachment-full size-full wp-image-4897\" alt=\"\" srcset=\"https:\/\/historiaintelectual.com.ar\/wp-content\/uploads\/2015\/11\/Garategaray-Martina-2.jpg 360w, https:\/\/historiaintelectual.com.ar\/wp-content\/uploads\/2015\/11\/Garategaray-Martina-2-300x260.jpg 300w, https:\/\/historiaintelectual.com.ar\/wp-content\/uploads\/2015\/11\/Garategaray-Martina-2-120x105.jpg 120w\" sizes=\"(max-width: 360px) 100vw, 360px\" \/>\t\t\t\t\t\t\t\t\t\t\t<figcaption class=\"widget-image-caption wp-caption-text\">Martina Garategaray <br> (Buenos Aires, 1978)<\/figcaption>\n\t\t\t\t\t\t\t\t\t\t<\/figure>\n\t\t\t\t\t\t\t\t\t<\/div>\n\t\t\t\t<\/div>\n\t\t\t\t<\/div>\n\t\t<div class=\"elementor-element elementor-element-75854b25 e-con-full e-flex e-con e-child\" data-id=\"75854b25\" data-element_type=\"container\" data-e-type=\"container\">\n\t\t\t\t<div class=\"elementor-element elementor-element-1241dd4a elementor-widget elementor-widget-text-editor\" data-id=\"1241dd4a\" data-element_type=\"widget\" data-e-type=\"widget\" data-widget_type=\"text-editor.default\">\n\t\t\t\t<div class=\"elementor-widget-container\">\n\t\t\t\t\t\t\t\t\t<p>Martina Garategaray (PhD, Social Sciences, Universidad de Buenos Aires; M.A., History, Universidad Torcuato Di Tella) is an Associate Researcher at CONICET and Head of Practical Work in Argentine and Latin American Thought at the Facultad de Filosof\u00eda y Letras de la Universidad de Buenos Aires, as well as a lecturer within the Master's Degree program in Intellectual History at UNQ. She is a member of the board of directors and responsible for the reviews and files section of <em>Prismas, Revista de Historia Intelectual.<\/em><br \/>She has won a number of grants including a FES scholarship (2024) to conduct research and consult the Social Democracy Archive in Bonn; a CONICET external postdoctoral scholarship (2021-2022) to conduct research at the Latin American Institute (LAI) at the Free University of Berlin (FU); a DAAD research grant at the Ibero-American Institute in Berlin (IAIA) in 2016, and a Fulbright grant at Stanford University in 2013. She has participated in national and international academic events. She received a research award from the Willy Brandt Foundation in 2022 and was Visiting Professor at the Universidad de la Rep\u00fablica de Uruguay in 2019. She is co-author with Ariana Reano of the book <em>La transici\u00f3n democr\u00e1tica como contexto intelectual. Debates pol\u00edticos en la Argentina de los a\u00f1os ochenta<\/em> (2021), and author of the book <em>Unidos, la revista peronista de los ochenta<\/em> (2018). <br \/>Her research explores political language in the long 1980s and is situated at the intersection of new intellectual history and post-foundational political theory. Her work, published in national and international journals, covers the transition to democracy in Argentina, the peronist renewal and the magazine Unidos, exile and Latin American democracy, social democracy, and the Friedrich Ebert Foundation.<\/p><p><a href=\"https:\/\/conicet.academia.edu\/MartinaGarategaray\" target=\"_blank\" rel=\"noopener\">Profile on Academia<\/a> <strong><a href=\"https:\/\/historiaintelectual.com.ar\/eng\/martina-garategaray-2\/\">Published books<\/a><\/strong><\/p>\t\t\t\t\t\t\t\t<\/div>\n\t\t\t\t<\/div>\n\t\t\t\t<\/div>\n\t\t\t\t\t<\/div>\n\t\t\t\t<\/div>\n\t\t\t\t<\/div>","protected":false},"excerpt":{"rendered":"<p>Polit\u00f3loga y doctora en Ciencias Sociales (ambos t\u00edtulos por la Universidad de Buenos Aires) y magister en Historia por la Universidad Torcuato Di Tella. Es Investigadora Adjunta del CONICET y Jefa de trabajos pr\u00e1cticos de Pensamiento Argentino y Latinoamericano en la Facultad de Filosof\u00eda y Letras de la Universidad de Buenos Aires, como tambi\u00e9n docente [&hellip;]<\/p>\n","protected":false},"author":1,"featured_media":4897,"comment_status":"closed","ping_status":"closed","sticky":false,"template":"","format":"standard","meta":{"footnotes":""},"categories":[94],"tags":[],"class_list":["post-4434","post","type-post","status-publish","format-standard","has-post-thumbnail","hentry","category-investigadores"],"yoast_head":"<!-- This site is optimized with the Yoast SEO plugin v27.3 - https:\/\/yoast.com\/product\/yoast-seo-wordpress\/ -->\n<title>Martina Garategaray &#187; Historia Intelectual<\/title>\n<meta name=\"robots\" content=\"index, follow, max-snippet:-1, max-image-preview:large, max-video-preview:-1\" \/>\n<link rel=\"canonical\" href=\"https:\/\/historiaintelectual.com.ar\/eng\/martina-garategaray\/\" \/>\n<meta property=\"og:locale\" content=\"en_US\" \/>\n<meta property=\"og:type\" content=\"article\" \/>\n<meta property=\"og:title\" content=\"Martina Garategaray &#187; Historia Intelectual\" \/>\n<meta property=\"og:description\" content=\"Polit\u00f3loga y doctora en Ciencias Sociales (ambos t\u00edtulos por la Universidad de Buenos Aires) y magister en Historia por la Universidad Torcuato Di Tella. Es Investigadora Adjunta del CONICET y Jefa de trabajos pr\u00e1cticos de Pensamiento Argentino y Latinoamericano en la Facultad de Filosof\u00eda y Letras de la Universidad de Buenos Aires, como tambi\u00e9n docente [&hellip;]\" \/>\n<meta property=\"og:url\" content=\"https:\/\/historiaintelectual.com.ar\/eng\/martina-garategaray\/\" \/>\n<meta property=\"og:site_name\" content=\"Historia Intelectual\" \/>\n<meta property=\"article:publisher\" content=\"https:\/\/www.facebook.com\/Centrodehistoriaintelectual\/\" \/>\n<meta property=\"article:published_time\" content=\"2015-08-11T17:48:08+00:00\" \/>\n<meta property=\"article:modified_time\" content=\"2025-10-17T14:44:10+00:00\" \/>\n<meta property=\"og:image\" content=\"https:\/\/historiaintelectual.com.ar\/wp-content\/uploads\/2015\/11\/Garategaray-Martina-2.jpg\" \/>\n\t<meta property=\"og:image:width\" content=\"360\" \/>\n\t<meta property=\"og:image:height\" content=\"312\" \/>\n\t<meta property=\"og:image:type\" content=\"image\/jpeg\" \/>\n<meta name=\"author\" content=\"admin\" \/>\n<script type=\"application\/ld+json\" class=\"yoast-schema-graph\">{\"@context\":\"https:\\\/\\\/schema.org\",\"@graph\":[{\"@type\":\"Article\",\"@id\":\"https:\\\/\\\/historiaintelectual.com.ar\\\/martina-garategaray\\\/#article\",\"isPartOf\":{\"@id\":\"https:\\\/\\\/historiaintelectual.com.ar\\\/martina-garategaray\\\/\"},\"author\":{\"name\":\"admin\",\"@id\":\"https:\\\/\\\/historiaintelectual.com.ar\\\/#\\\/schema\\\/person\\\/885c05ccc3314e2dec0bd9b0825c5912\"},\"headline\":\"Martina Garategaray\",\"datePublished\":\"2015-08-11T17:48:08+00:00\",\"dateModified\":\"2025-10-17T14:44:10+00:00\",\"mainEntityOfPage\":{\"@id\":\"https:\\\/\\\/historiaintelectual.com.ar\\\/martina-garategaray\\\/\"},\"wordCount\":345,\"publisher\":{\"@id\":\"https:\\\/\\\/historiaintelectual.com.ar\\\/#organization\"},\"image\":{\"@id\":\"https:\\\/\\\/historiaintelectual.com.ar\\\/martina-garategaray\\\/#primaryimage\"},\"thumbnailUrl\":\"https:\\\/\\\/historiaintelectual.com.ar\\\/wp-content\\\/uploads\\\/2015\\\/11\\\/Garategaray-Martina-2.jpg\",\"articleSection\":[\"Investigadores\"],\"inLanguage\":\"en-US\"},{\"@type\":\"WebPage\",\"@id\":\"https:\\\/\\\/historiaintelectual.com.ar\\\/martina-garategaray\\\/\",\"url\":\"https:\\\/\\\/historiaintelectual.com.ar\\\/martina-garategaray\\\/\",\"name\":\"Martina Garategaray &#187; Historia Intelectual\",\"isPartOf\":{\"@id\":\"https:\\\/\\\/historiaintelectual.com.ar\\\/#website\"},\"primaryImageOfPage\":{\"@id\":\"https:\\\/\\\/historiaintelectual.com.ar\\\/martina-garategaray\\\/#primaryimage\"},\"image\":{\"@id\":\"https:\\\/\\\/historiaintelectual.com.ar\\\/martina-garategaray\\\/#primaryimage\"},\"thumbnailUrl\":\"https:\\\/\\\/historiaintelectual.com.ar\\\/wp-content\\\/uploads\\\/2015\\\/11\\\/Garategaray-Martina-2.jpg\",\"datePublished\":\"2015-08-11T17:48:08+00:00\",\"dateModified\":\"2025-10-17T14:44:10+00:00\",\"breadcrumb\":{\"@id\":\"https:\\\/\\\/historiaintelectual.com.ar\\\/martina-garategaray\\\/#breadcrumb\"},\"inLanguage\":\"en-US\",\"potentialAction\":[{\"@type\":\"ReadAction\",\"target\":[\"https:\\\/\\\/historiaintelectual.com.ar\\\/martina-garategaray\\\/\"]}]},{\"@type\":\"ImageObject\",\"inLanguage\":\"en-US\",\"@id\":\"https:\\\/\\\/historiaintelectual.com.ar\\\/martina-garategaray\\\/#primaryimage\",\"url\":\"https:\\\/\\\/historiaintelectual.com.ar\\\/wp-content\\\/uploads\\\/2015\\\/11\\\/Garategaray-Martina-2.jpg\",\"contentUrl\":\"https:\\\/\\\/historiaintelectual.com.ar\\\/wp-content\\\/uploads\\\/2015\\\/11\\\/Garategaray-Martina-2.jpg\",\"width\":360,\"height\":312},{\"@type\":\"BreadcrumbList\",\"@id\":\"https:\\\/\\\/historiaintelectual.com.ar\\\/martina-garategaray\\\/#breadcrumb\",\"itemListElement\":[{\"@type\":\"ListItem\",\"position\":1,\"name\":\"Portada\",\"item\":\"https:\\\/\\\/historiaintelectual.com.ar\\\/\"},{\"@type\":\"ListItem\",\"position\":2,\"name\":\"Martina Garategaray\"}]},{\"@type\":\"WebSite\",\"@id\":\"https:\\\/\\\/historiaintelectual.com.ar\\\/#website\",\"url\":\"https:\\\/\\\/historiaintelectual.com.ar\\\/\",\"name\":\"Historia Intelectual\",\"description\":\"Centro de Historia Intelectual\",\"publisher\":{\"@id\":\"https:\\\/\\\/historiaintelectual.com.ar\\\/#organization\"},\"alternateName\":\"Centro de historia intelectual\",\"potentialAction\":[{\"@type\":\"SearchAction\",\"target\":{\"@type\":\"EntryPoint\",\"urlTemplate\":\"https:\\\/\\\/historiaintelectual.com.ar\\\/?s={search_term_string}\"},\"query-input\":{\"@type\":\"PropertyValueSpecification\",\"valueRequired\":true,\"valueName\":\"search_term_string\"}}],\"inLanguage\":\"en-US\"},{\"@type\":\"Organization\",\"@id\":\"https:\\\/\\\/historiaintelectual.com.ar\\\/#organization\",\"name\":\"Centro Historia Intelectual\",\"url\":\"https:\\\/\\\/historiaintelectual.com.ar\\\/\",\"logo\":{\"@type\":\"ImageObject\",\"inLanguage\":\"en-US\",\"@id\":\"https:\\\/\\\/historiaintelectual.com.ar\\\/#\\\/schema\\\/logo\\\/image\\\/\",\"url\":\"https:\\\/\\\/historiaintelectual.com.ar\\\/wp-content\\\/uploads\\\/2025\\\/04\\\/logo-25.png\",\"contentUrl\":\"https:\\\/\\\/historiaintelectual.com.ar\\\/wp-content\\\/uploads\\\/2025\\\/04\\\/logo-25.png\",\"width\":456,\"height\":456,\"caption\":\"Centro Historia Intelectual\"},\"image\":{\"@id\":\"https:\\\/\\\/historiaintelectual.com.ar\\\/#\\\/schema\\\/logo\\\/image\\\/\"},\"sameAs\":[\"https:\\\/\\\/www.facebook.com\\\/Centrodehistoriaintelectual\\\/\",\"https:\\\/\\\/www.youtube.com\\\/channel\\\/UCGr8q_2-dchoqKT-jT5Lmfw\",\"https:\\\/\\\/www.instagram.com\\\/chi_unq\\\/\"]},{\"@type\":\"Person\",\"@id\":\"https:\\\/\\\/historiaintelectual.com.ar\\\/#\\\/schema\\\/person\\\/885c05ccc3314e2dec0bd9b0825c5912\",\"name\":\"admin\",\"url\":\"https:\\\/\\\/historiaintelectual.com.ar\\\/eng\\\/author\\\/admin\\\/\"}]}<\/script>\n<!-- \/ Yoast SEO plugin. -->","yoast_head_json":{"title":"Martina Garategaray &#187; Historia Intelectual","robots":{"index":"index","follow":"follow","max-snippet":"max-snippet:-1","max-image-preview":"max-image-preview:large","max-video-preview":"max-video-preview:-1"},"canonical":"https:\/\/historiaintelectual.com.ar\/eng\/martina-garategaray\/","og_locale":"en_US","og_type":"article","og_title":"Martina Garategaray &#187; Historia Intelectual","og_description":"Polit\u00f3loga y doctora en Ciencias Sociales (ambos t\u00edtulos por la Universidad de Buenos Aires) y magister en Historia por la Universidad Torcuato Di Tella. Es Investigadora Adjunta del CONICET y Jefa de trabajos pr\u00e1cticos de Pensamiento Argentino y Latinoamericano en la Facultad de Filosof\u00eda y Letras de la Universidad de Buenos Aires, como tambi\u00e9n docente [&hellip;]","og_url":"https:\/\/historiaintelectual.com.ar\/eng\/martina-garategaray\/","og_site_name":"Historia Intelectual","article_publisher":"https:\/\/www.facebook.com\/Centrodehistoriaintelectual\/","article_published_time":"2015-08-11T17:48:08+00:00","article_modified_time":"2025-10-17T14:44:10+00:00","og_image":[{"width":360,"height":312,"url":"https:\/\/historiaintelectual.com.ar\/wp-content\/uploads\/2015\/11\/Garategaray-Martina-2.jpg","type":"image\/jpeg"}],"author":"admin","schema":{"@context":"https:\/\/schema.org","@graph":[{"@type":"Article","@id":"https:\/\/historiaintelectual.com.ar\/martina-garategaray\/#article","isPartOf":{"@id":"https:\/\/historiaintelectual.com.ar\/martina-garategaray\/"},"author":{"name":"admin","@id":"https:\/\/historiaintelectual.com.ar\/#\/schema\/person\/885c05ccc3314e2dec0bd9b0825c5912"},"headline":"Martina Garategaray","datePublished":"2015-08-11T17:48:08+00:00","dateModified":"2025-10-17T14:44:10+00:00","mainEntityOfPage":{"@id":"https:\/\/historiaintelectual.com.ar\/martina-garategaray\/"},"wordCount":345,"publisher":{"@id":"https:\/\/historiaintelectual.com.ar\/#organization"},"image":{"@id":"https:\/\/historiaintelectual.com.ar\/martina-garategaray\/#primaryimage"},"thumbnailUrl":"https:\/\/historiaintelectual.com.ar\/wp-content\/uploads\/2015\/11\/Garategaray-Martina-2.jpg","articleSection":["Investigadores"],"inLanguage":"en-US"},{"@type":"WebPage","@id":"https:\/\/historiaintelectual.com.ar\/martina-garategaray\/","url":"https:\/\/historiaintelectual.com.ar\/martina-garategaray\/","name":"Martina Garategaray &#187; Historia Intelectual","isPartOf":{"@id":"https:\/\/historiaintelectual.com.ar\/#website"},"primaryImageOfPage":{"@id":"https:\/\/historiaintelectual.com.ar\/martina-garategaray\/#primaryimage"},"image":{"@id":"https:\/\/historiaintelectual.com.ar\/martina-garategaray\/#primaryimage"},"thumbnailUrl":"https:\/\/historiaintelectual.com.ar\/wp-content\/uploads\/2015\/11\/Garategaray-Martina-2.jpg","datePublished":"2015-08-11T17:48:08+00:00","dateModified":"2025-10-17T14:44:10+00:00","breadcrumb":{"@id":"https:\/\/historiaintelectual.com.ar\/martina-garategaray\/#breadcrumb"},"inLanguage":"en-US","potentialAction":[{"@type":"ReadAction","target":["https:\/\/historiaintelectual.com.ar\/martina-garategaray\/"]}]},{"@type":"ImageObject","inLanguage":"en-US","@id":"https:\/\/historiaintelectual.com.ar\/martina-garategaray\/#primaryimage","url":"https:\/\/historiaintelectual.com.ar\/wp-content\/uploads\/2015\/11\/Garategaray-Martina-2.jpg","contentUrl":"https:\/\/historiaintelectual.com.ar\/wp-content\/uploads\/2015\/11\/Garategaray-Martina-2.jpg","width":360,"height":312},{"@type":"BreadcrumbList","@id":"https:\/\/historiaintelectual.com.ar\/martina-garategaray\/#breadcrumb","itemListElement":[{"@type":"ListItem","position":1,"name":"Portada","item":"https:\/\/historiaintelectual.com.ar\/"},{"@type":"ListItem","position":2,"name":"Martina Garategaray"}]},{"@type":"WebSite","@id":"https:\/\/historiaintelectual.com.ar\/#website","url":"https:\/\/historiaintelectual.com.ar\/","name":"Historia Intelectual","description":"Center for Intellectual History","publisher":{"@id":"https:\/\/historiaintelectual.com.ar\/#organization"},"alternateName":"Centro de historia intelectual","potentialAction":[{"@type":"SearchAction","target":{"@type":"EntryPoint","urlTemplate":"https:\/\/historiaintelectual.com.ar\/?s={search_term_string}"},"query-input":{"@type":"PropertyValueSpecification","valueRequired":true,"valueName":"search_term_string"}}],"inLanguage":"en-US"},{"@type":"Organization","@id":"https:\/\/historiaintelectual.com.ar\/#organization","name":"Centro Historia Intelectual","url":"https:\/\/historiaintelectual.com.ar\/","logo":{"@type":"ImageObject","inLanguage":"en-US","@id":"https:\/\/historiaintelectual.com.ar\/#\/schema\/logo\/image\/","url":"https:\/\/historiaintelectual.com.ar\/wp-content\/uploads\/2025\/04\/logo-25.png","contentUrl":"https:\/\/historiaintelectual.com.ar\/wp-content\/uploads\/2025\/04\/logo-25.png","width":456,"height":456,"caption":"Centro Historia Intelectual"},"image":{"@id":"https:\/\/historiaintelectual.com.ar\/#\/schema\/logo\/image\/"},"sameAs":["https:\/\/www.facebook.com\/Centrodehistoriaintelectual\/","https:\/\/www.youtube.com\/channel\/UCGr8q_2-dchoqKT-jT5Lmfw","https:\/\/www.instagram.com\/chi_unq\/"]},{"@type":"Person","@id":"https:\/\/historiaintelectual.com.ar\/#\/schema\/person\/885c05ccc3314e2dec0bd9b0825c5912","name":"admin","url":"https:\/\/historiaintelectual.com.ar\/eng\/author\/admin\/"}]}},"_links":{"self":[{"href":"https:\/\/historiaintelectual.com.ar\/eng\/wp-json\/wp\/v2\/posts\/4434","targetHints":{"allow":["GET"]}}],"collection":[{"href":"https:\/\/historiaintelectual.com.ar\/eng\/wp-json\/wp\/v2\/posts"}],"about":[{"href":"https:\/\/historiaintelectual.com.ar\/eng\/wp-json\/wp\/v2\/types\/post"}],"author":[{"embeddable":true,"href":"https:\/\/historiaintelectual.com.ar\/eng\/wp-json\/wp\/v2\/users\/1"}],"replies":[{"embeddable":true,"href":"https:\/\/historiaintelectual.com.ar\/eng\/wp-json\/wp\/v2\/comments?post=4434"}],"version-history":[{"count":20,"href":"https:\/\/historiaintelectual.com.ar\/eng\/wp-json\/wp\/v2\/posts\/4434\/revisions"}],"predecessor-version":[{"id":10893,"href":"https:\/\/historiaintelectual.com.ar\/eng\/wp-json\/wp\/v2\/posts\/4434\/revisions\/10893"}],"wp:featuredmedia":[{"embeddable":true,"href":"https:\/\/historiaintelectual.com.ar\/eng\/wp-json\/wp\/v2\/media\/4897"}],"wp:attachment":[{"href":"https:\/\/historiaintelectual.com.ar\/eng\/wp-json\/wp\/v2\/media?parent=4434"}],"wp:term":[{"taxonomy":"category","embeddable":true,"href":"https:\/\/historiaintelectual.com.ar\/eng\/wp-json\/wp\/v2\/categories?post=4434"},{"taxonomy":"post_tag","embeddable":true,"href":"https:\/\/historiaintelectual.com.ar\/eng\/wp-json\/wp\/v2\/tags?post=4434"}],"curies":[{"name":"wp","href":"https:\/\/api.w.org\/{rel}","templated":true}]}}