{"id":4416,"date":"2015-08-11T16:20:57","date_gmt":"2015-08-11T16:20:57","guid":{"rendered":"http:\/\/historiaintelectual.com.ar\/desarrollo\/?p=4416"},"modified":"2025-09-25T10:42:30","modified_gmt":"2025-09-25T13:42:30","slug":"ana-lucia-magrini","status":"publish","type":"post","link":"https:\/\/historiaintelectual.com.ar\/eng\/ana-lucia-magrini\/","title":{"rendered":"Ana Luc\u00eda Magrini"},"content":{"rendered":"<div data-elementor-type=\"wp-post\" data-elementor-id=\"4416\" class=\"elementor elementor-4416\" data-elementor-post-type=\"post\">\n\t\t\t\t<div class=\"elementor-element elementor-element-3078f691 e-flex e-con-boxed e-con e-parent\" data-id=\"3078f691\" data-element_type=\"container\" data-e-type=\"container\">\n\t\t\t\t\t<div class=\"e-con-inner\">\n\t\t<div class=\"elementor-element elementor-element-13f1a1d4 e-con-full e-flex e-con e-child\" data-id=\"13f1a1d4\" data-element_type=\"container\" data-e-type=\"container\">\n\t\t\t\t<div class=\"elementor-element elementor-element-5667e951 elementor-widget elementor-widget-theme-post-featured-image elementor-widget-image\" data-id=\"5667e951\" data-element_type=\"widget\" data-e-type=\"widget\" data-widget_type=\"theme-post-featured-image.default\">\n\t\t\t\t<div class=\"elementor-widget-container\">\n\t\t\t\t\t\t\t\t\t\t\t\t<figure class=\"wp-caption\">\n\t\t\t\t\t\t\t\t\t\t<img fetchpriority=\"high\" decoding=\"async\" width=\"900\" height=\"1600\" src=\"https:\/\/historiaintelectual.com.ar\/wp-content\/uploads\/2015\/08\/magrini_byn.jpeg\" class=\"attachment-full size-full wp-image-9707\" alt=\"\" srcset=\"https:\/\/historiaintelectual.com.ar\/wp-content\/uploads\/2015\/08\/magrini_byn.jpeg 900w, https:\/\/historiaintelectual.com.ar\/wp-content\/uploads\/2015\/08\/magrini_byn-169x300.jpeg 169w, https:\/\/historiaintelectual.com.ar\/wp-content\/uploads\/2015\/08\/magrini_byn-576x1024.jpeg 576w, https:\/\/historiaintelectual.com.ar\/wp-content\/uploads\/2015\/08\/magrini_byn-768x1365.jpeg 768w, https:\/\/historiaintelectual.com.ar\/wp-content\/uploads\/2015\/08\/magrini_byn-864x1536.jpeg 864w\" sizes=\"(max-width: 900px) 100vw, 900px\" \/>\t\t\t\t\t\t\t\t\t\t\t<figcaption class=\"widget-image-caption wp-caption-text\">Ana Luc\u00eda Magrini <br> (R\u00edo Cuarto, C\u00f3rdoba, 1983)<\/figcaption>\n\t\t\t\t\t\t\t\t\t\t<\/figure>\n\t\t\t\t\t\t\t\t\t<\/div>\n\t\t\t\t<\/div>\n\t\t\t\t<\/div>\n\t\t<div class=\"elementor-element elementor-element-309dfe2e e-con-full e-flex e-con e-child\" data-id=\"309dfe2e\" data-element_type=\"container\" data-e-type=\"container\">\n\t\t\t\t<div class=\"elementor-element elementor-element-30e7de40 elementor-widget elementor-widget-text-editor\" data-id=\"30e7de40\" data-element_type=\"widget\" data-e-type=\"widget\" data-widget_type=\"text-editor.default\">\n\t\t\t\t<div class=\"elementor-widget-container\">\n\t\t\t\t\t\t\t\t\t<p>Ana Luc\u00eda Magrini (PhD, Social and Human Sciences, Universidad Nacional de Quilmes; M.A. Communication, Universidad Javeriana of Bogot\u00e1, B.A., Political Science, Universidad Cat\u00f3lica de C\u00f3rdoba) is an Associate Researcher at the CONICET and a member of the Center for Intellectual History at the Universidad Nacional de Quilmes, where she is part of the Academic Committee for the Master's Degree in Intellectual History and teaches in the academic program.<\/p><p>She currently teaches undergraduate and graduate courses at the Faculty of Human Sciences at the Universidad Nacional de R\u00edo Cuarto. She has also taught graduate courses and seminars at various universities in Argentina and abroad on specific topics related to Latin America, such as populism and political identities; social protest and the media; the theory of hegemony and political discourse; and political theories from a historical-conceptual and political-intellectual perspective, among others.<\/p><p>She has been awarded four research grants from national and international scientific organizations: a Postdoctoral Grant (2016-2017) and a Doctoral Grant (2011-2016), both from CONICET-Argentina; High Level Scholarship, AMEXCID-Mexico (2016); and a full scholarship for foreigners from ICETEX-Colombia (2008-2009). She completed postdoctoral residencies at the Universidad Aut\u00f3noma Metropolitana, Iztapalapa (Mexico, 2016); and the Universidad Javeriana and the Universidad Nacional, both in Bogot\u00e1 (Colombia, 2012-2013).<br \/>Magrini also directed the Scientific and Technological Research Project (PICT) entitled \u201cPopulism, political identities, and violence in Argentina and Colombia,\u201d funded by the Agencia Nacional de Promoci\u00f3n Cient\u00edfica y Tecnol\u00f3gica of Argentina (PICT-B 2017-3955, implementation period 2019-2022). <br \/>Her areas of interest include topics at the intersection of post-foundational political theory and intellectual history. She prioritizes research on political languages in Latin America and debates on populism in Argentina, Colombia, and Mexico from the second half of the 20th century to the present.<br \/>She has published numerous articles, dossier presentations in specialized scientific journals, and book chapters in collective editions. She is the coordinator of the book <em>Descentrando el populismo: Peronismo en Argentina, gaitanismo en Colombia y lo perdurable de sus identidades pol\u00edticas<\/em> Editorial de la Universidad del Rosario and Editorial de la Universidad Cat\u00f3lica de C\u00f3rdoba, 2021), and author of <em>Los nombres de lo indecible: populismo y Violencia(s) como objetos en disputa<\/em> (Buenos Aires, Prometeo, 2018), a book that compiles her doctoral thesis.<\/p><p><strong>Contact:<\/strong> <a href=\"mailto:analucia.magrini@gmail.com\">analucia.magrini@gmail.com<\/a><\/p><p>Profile on <a href=\"https:\/\/conicet-ar.academia.edu\/Analuciamagrini\" target=\"_blank\" rel=\"noopener\">Academia<\/a>\u00a0<\/p><p><a href=\"https:\/\/historiaintelectual.com.ar\/eng\/ana-lucia-magrini-2\/\">Published books<\/a><\/p>\t\t\t\t\t\t\t\t<\/div>\n\t\t\t\t<\/div>\n\t\t\t\t<\/div>\n\t\t\t\t\t<\/div>\n\t\t\t\t<\/div>\n\t\t\t\t<\/div>","protected":false},"excerpt":{"rendered":"<p>Doctora en Ciencias Sociales y Humanas por la Universidad Nacional de Quilmes, mag\u00edster en Comunicaci\u00f3n por la Universidad Javeriana de Bogot\u00e1 y polit\u00f3loga por la Universidad Cat\u00f3lica de C\u00f3rdoba. Es Investigadora Adjunta del Consejo Nacional de Investigaciones Cient\u00edficas y T\u00e9cnicas y miembro del Centro de Historia Intelectual de la Universidad Nacional de Quilmes, casa de [&hellip;]<\/p>\n","protected":false},"author":1,"featured_media":9707,"comment_status":"closed","ping_status":"closed","sticky":false,"template":"","format":"standard","meta":{"footnotes":""},"categories":[94],"tags":[],"class_list":["post-4416","post","type-post","status-publish","format-standard","has-post-thumbnail","hentry","category-investigadores"],"yoast_head":"<!-- This site is optimized with the Yoast SEO plugin v27.3 - https:\/\/yoast.com\/product\/yoast-seo-wordpress\/ -->\n<title>Ana Luc\u00eda Magrini &#187; Historia Intelectual<\/title>\n<meta name=\"robots\" content=\"index, follow, max-snippet:-1, max-image-preview:large, max-video-preview:-1\" \/>\n<link rel=\"canonical\" href=\"https:\/\/historiaintelectual.com.ar\/eng\/ana-lucia-magrini\/\" \/>\n<meta property=\"og:locale\" content=\"en_US\" \/>\n<meta property=\"og:type\" content=\"article\" \/>\n<meta property=\"og:title\" content=\"Ana Luc\u00eda Magrini &#187; Historia Intelectual\" \/>\n<meta property=\"og:description\" content=\"Doctora en Ciencias Sociales y Humanas por la Universidad Nacional de Quilmes, mag\u00edster en Comunicaci\u00f3n por la Universidad Javeriana de Bogot\u00e1 y polit\u00f3loga por la Universidad Cat\u00f3lica de C\u00f3rdoba. Es Investigadora Adjunta del Consejo Nacional de Investigaciones Cient\u00edficas y T\u00e9cnicas y miembro del Centro de Historia Intelectual de la Universidad Nacional de Quilmes, casa de [&hellip;]\" \/>\n<meta property=\"og:url\" content=\"https:\/\/historiaintelectual.com.ar\/eng\/ana-lucia-magrini\/\" \/>\n<meta property=\"og:site_name\" content=\"Historia Intelectual\" \/>\n<meta property=\"article:publisher\" content=\"https:\/\/www.facebook.com\/Centrodehistoriaintelectual\/\" \/>\n<meta property=\"article:published_time\" content=\"2015-08-11T16:20:57+00:00\" \/>\n<meta property=\"article:modified_time\" content=\"2025-09-25T13:42:30+00:00\" \/>\n<meta property=\"og:image\" content=\"https:\/\/historiaintelectual.com.ar\/wp-content\/uploads\/2015\/08\/magrini_byn.jpeg\" \/>\n\t<meta property=\"og:image:width\" content=\"900\" \/>\n\t<meta property=\"og:image:height\" content=\"1600\" \/>\n\t<meta property=\"og:image:type\" content=\"image\/jpeg\" \/>\n<meta name=\"author\" content=\"admin\" \/>\n<script type=\"application\/ld+json\" class=\"yoast-schema-graph\">{\"@context\":\"https:\\\/\\\/schema.org\",\"@graph\":[{\"@type\":\"Article\",\"@id\":\"https:\\\/\\\/historiaintelectual.com.ar\\\/ana-lucia-magrini\\\/#article\",\"isPartOf\":{\"@id\":\"https:\\\/\\\/historiaintelectual.com.ar\\\/ana-lucia-magrini\\\/\"},\"author\":{\"name\":\"admin\",\"@id\":\"https:\\\/\\\/historiaintelectual.com.ar\\\/#\\\/schema\\\/person\\\/885c05ccc3314e2dec0bd9b0825c5912\"},\"headline\":\"Ana Luc\u00eda Magrini\",\"datePublished\":\"2015-08-11T16:20:57+00:00\",\"dateModified\":\"2025-09-25T13:42:30+00:00\",\"mainEntityOfPage\":{\"@id\":\"https:\\\/\\\/historiaintelectual.com.ar\\\/ana-lucia-magrini\\\/\"},\"wordCount\":457,\"publisher\":{\"@id\":\"https:\\\/\\\/historiaintelectual.com.ar\\\/#organization\"},\"image\":{\"@id\":\"https:\\\/\\\/historiaintelectual.com.ar\\\/ana-lucia-magrini\\\/#primaryimage\"},\"thumbnailUrl\":\"https:\\\/\\\/historiaintelectual.com.ar\\\/wp-content\\\/uploads\\\/2015\\\/08\\\/magrini_byn.jpeg\",\"articleSection\":[\"Investigadores\"],\"inLanguage\":\"en-US\"},{\"@type\":\"WebPage\",\"@id\":\"https:\\\/\\\/historiaintelectual.com.ar\\\/ana-lucia-magrini\\\/\",\"url\":\"https:\\\/\\\/historiaintelectual.com.ar\\\/ana-lucia-magrini\\\/\",\"name\":\"Ana Luc\u00eda Magrini &#187; Historia Intelectual\",\"isPartOf\":{\"@id\":\"https:\\\/\\\/historiaintelectual.com.ar\\\/#website\"},\"primaryImageOfPage\":{\"@id\":\"https:\\\/\\\/historiaintelectual.com.ar\\\/ana-lucia-magrini\\\/#primaryimage\"},\"image\":{\"@id\":\"https:\\\/\\\/historiaintelectual.com.ar\\\/ana-lucia-magrini\\\/#primaryimage\"},\"thumbnailUrl\":\"https:\\\/\\\/historiaintelectual.com.ar\\\/wp-content\\\/uploads\\\/2015\\\/08\\\/magrini_byn.jpeg\",\"datePublished\":\"2015-08-11T16:20:57+00:00\",\"dateModified\":\"2025-09-25T13:42:30+00:00\",\"breadcrumb\":{\"@id\":\"https:\\\/\\\/historiaintelectual.com.ar\\\/ana-lucia-magrini\\\/#breadcrumb\"},\"inLanguage\":\"en-US\",\"potentialAction\":[{\"@type\":\"ReadAction\",\"target\":[\"https:\\\/\\\/historiaintelectual.com.ar\\\/ana-lucia-magrini\\\/\"]}]},{\"@type\":\"ImageObject\",\"inLanguage\":\"en-US\",\"@id\":\"https:\\\/\\\/historiaintelectual.com.ar\\\/ana-lucia-magrini\\\/#primaryimage\",\"url\":\"https:\\\/\\\/historiaintelectual.com.ar\\\/wp-content\\\/uploads\\\/2015\\\/08\\\/magrini_byn.jpeg\",\"contentUrl\":\"https:\\\/\\\/historiaintelectual.com.ar\\\/wp-content\\\/uploads\\\/2015\\\/08\\\/magrini_byn.jpeg\",\"width\":900,\"height\":1600},{\"@type\":\"BreadcrumbList\",\"@id\":\"https:\\\/\\\/historiaintelectual.com.ar\\\/ana-lucia-magrini\\\/#breadcrumb\",\"itemListElement\":[{\"@type\":\"ListItem\",\"position\":1,\"name\":\"Portada\",\"item\":\"https:\\\/\\\/historiaintelectual.com.ar\\\/\"},{\"@type\":\"ListItem\",\"position\":2,\"name\":\"Ana Luc\u00eda Magrini\"}]},{\"@type\":\"WebSite\",\"@id\":\"https:\\\/\\\/historiaintelectual.com.ar\\\/#website\",\"url\":\"https:\\\/\\\/historiaintelectual.com.ar\\\/\",\"name\":\"Historia Intelectual\",\"description\":\"Centro de Historia Intelectual\",\"publisher\":{\"@id\":\"https:\\\/\\\/historiaintelectual.com.ar\\\/#organization\"},\"alternateName\":\"Centro de historia intelectual\",\"potentialAction\":[{\"@type\":\"SearchAction\",\"target\":{\"@type\":\"EntryPoint\",\"urlTemplate\":\"https:\\\/\\\/historiaintelectual.com.ar\\\/?s={search_term_string}\"},\"query-input\":{\"@type\":\"PropertyValueSpecification\",\"valueRequired\":true,\"valueName\":\"search_term_string\"}}],\"inLanguage\":\"en-US\"},{\"@type\":\"Organization\",\"@id\":\"https:\\\/\\\/historiaintelectual.com.ar\\\/#organization\",\"name\":\"Centro Historia Intelectual\",\"url\":\"https:\\\/\\\/historiaintelectual.com.ar\\\/\",\"logo\":{\"@type\":\"ImageObject\",\"inLanguage\":\"en-US\",\"@id\":\"https:\\\/\\\/historiaintelectual.com.ar\\\/#\\\/schema\\\/logo\\\/image\\\/\",\"url\":\"https:\\\/\\\/historiaintelectual.com.ar\\\/wp-content\\\/uploads\\\/2025\\\/04\\\/logo-25.png\",\"contentUrl\":\"https:\\\/\\\/historiaintelectual.com.ar\\\/wp-content\\\/uploads\\\/2025\\\/04\\\/logo-25.png\",\"width\":456,\"height\":456,\"caption\":\"Centro Historia Intelectual\"},\"image\":{\"@id\":\"https:\\\/\\\/historiaintelectual.com.ar\\\/#\\\/schema\\\/logo\\\/image\\\/\"},\"sameAs\":[\"https:\\\/\\\/www.facebook.com\\\/Centrodehistoriaintelectual\\\/\",\"https:\\\/\\\/www.youtube.com\\\/channel\\\/UCGr8q_2-dchoqKT-jT5Lmfw\",\"https:\\\/\\\/www.instagram.com\\\/chi_unq\\\/\"]},{\"@type\":\"Person\",\"@id\":\"https:\\\/\\\/historiaintelectual.com.ar\\\/#\\\/schema\\\/person\\\/885c05ccc3314e2dec0bd9b0825c5912\",\"name\":\"admin\",\"url\":\"https:\\\/\\\/historiaintelectual.com.ar\\\/eng\\\/author\\\/admin\\\/\"}]}<\/script>\n<!-- \/ Yoast SEO plugin. -->","yoast_head_json":{"title":"Ana Luc\u00eda Magrini &#187; Historia Intelectual","robots":{"index":"index","follow":"follow","max-snippet":"max-snippet:-1","max-image-preview":"max-image-preview:large","max-video-preview":"max-video-preview:-1"},"canonical":"https:\/\/historiaintelectual.com.ar\/eng\/ana-lucia-magrini\/","og_locale":"en_US","og_type":"article","og_title":"Ana Luc\u00eda Magrini &#187; Historia Intelectual","og_description":"Doctora en Ciencias Sociales y Humanas por la Universidad Nacional de Quilmes, mag\u00edster en Comunicaci\u00f3n por la Universidad Javeriana de Bogot\u00e1 y polit\u00f3loga por la Universidad Cat\u00f3lica de C\u00f3rdoba. Es Investigadora Adjunta del Consejo Nacional de Investigaciones Cient\u00edficas y T\u00e9cnicas y miembro del Centro de Historia Intelectual de la Universidad Nacional de Quilmes, casa de [&hellip;]","og_url":"https:\/\/historiaintelectual.com.ar\/eng\/ana-lucia-magrini\/","og_site_name":"Historia Intelectual","article_publisher":"https:\/\/www.facebook.com\/Centrodehistoriaintelectual\/","article_published_time":"2015-08-11T16:20:57+00:00","article_modified_time":"2025-09-25T13:42:30+00:00","og_image":[{"width":900,"height":1600,"url":"https:\/\/historiaintelectual.com.ar\/wp-content\/uploads\/2015\/08\/magrini_byn.jpeg","type":"image\/jpeg"}],"author":"admin","schema":{"@context":"https:\/\/schema.org","@graph":[{"@type":"Article","@id":"https:\/\/historiaintelectual.com.ar\/ana-lucia-magrini\/#article","isPartOf":{"@id":"https:\/\/historiaintelectual.com.ar\/ana-lucia-magrini\/"},"author":{"name":"admin","@id":"https:\/\/historiaintelectual.com.ar\/#\/schema\/person\/885c05ccc3314e2dec0bd9b0825c5912"},"headline":"Ana Luc\u00eda Magrini","datePublished":"2015-08-11T16:20:57+00:00","dateModified":"2025-09-25T13:42:30+00:00","mainEntityOfPage":{"@id":"https:\/\/historiaintelectual.com.ar\/ana-lucia-magrini\/"},"wordCount":457,"publisher":{"@id":"https:\/\/historiaintelectual.com.ar\/#organization"},"image":{"@id":"https:\/\/historiaintelectual.com.ar\/ana-lucia-magrini\/#primaryimage"},"thumbnailUrl":"https:\/\/historiaintelectual.com.ar\/wp-content\/uploads\/2015\/08\/magrini_byn.jpeg","articleSection":["Investigadores"],"inLanguage":"en-US"},{"@type":"WebPage","@id":"https:\/\/historiaintelectual.com.ar\/ana-lucia-magrini\/","url":"https:\/\/historiaintelectual.com.ar\/ana-lucia-magrini\/","name":"Ana Luc\u00eda Magrini &#187; Historia Intelectual","isPartOf":{"@id":"https:\/\/historiaintelectual.com.ar\/#website"},"primaryImageOfPage":{"@id":"https:\/\/historiaintelectual.com.ar\/ana-lucia-magrini\/#primaryimage"},"image":{"@id":"https:\/\/historiaintelectual.com.ar\/ana-lucia-magrini\/#primaryimage"},"thumbnailUrl":"https:\/\/historiaintelectual.com.ar\/wp-content\/uploads\/2015\/08\/magrini_byn.jpeg","datePublished":"2015-08-11T16:20:57+00:00","dateModified":"2025-09-25T13:42:30+00:00","breadcrumb":{"@id":"https:\/\/historiaintelectual.com.ar\/ana-lucia-magrini\/#breadcrumb"},"inLanguage":"en-US","potentialAction":[{"@type":"ReadAction","target":["https:\/\/historiaintelectual.com.ar\/ana-lucia-magrini\/"]}]},{"@type":"ImageObject","inLanguage":"en-US","@id":"https:\/\/historiaintelectual.com.ar\/ana-lucia-magrini\/#primaryimage","url":"https:\/\/historiaintelectual.com.ar\/wp-content\/uploads\/2015\/08\/magrini_byn.jpeg","contentUrl":"https:\/\/historiaintelectual.com.ar\/wp-content\/uploads\/2015\/08\/magrini_byn.jpeg","width":900,"height":1600},{"@type":"BreadcrumbList","@id":"https:\/\/historiaintelectual.com.ar\/ana-lucia-magrini\/#breadcrumb","itemListElement":[{"@type":"ListItem","position":1,"name":"Portada","item":"https:\/\/historiaintelectual.com.ar\/"},{"@type":"ListItem","position":2,"name":"Ana Luc\u00eda Magrini"}]},{"@type":"WebSite","@id":"https:\/\/historiaintelectual.com.ar\/#website","url":"https:\/\/historiaintelectual.com.ar\/","name":"Historia Intelectual","description":"Center for Intellectual History","publisher":{"@id":"https:\/\/historiaintelectual.com.ar\/#organization"},"alternateName":"Centro de historia intelectual","potentialAction":[{"@type":"SearchAction","target":{"@type":"EntryPoint","urlTemplate":"https:\/\/historiaintelectual.com.ar\/?s={search_term_string}"},"query-input":{"@type":"PropertyValueSpecification","valueRequired":true,"valueName":"search_term_string"}}],"inLanguage":"en-US"},{"@type":"Organization","@id":"https:\/\/historiaintelectual.com.ar\/#organization","name":"Centro Historia Intelectual","url":"https:\/\/historiaintelectual.com.ar\/","logo":{"@type":"ImageObject","inLanguage":"en-US","@id":"https:\/\/historiaintelectual.com.ar\/#\/schema\/logo\/image\/","url":"https:\/\/historiaintelectual.com.ar\/wp-content\/uploads\/2025\/04\/logo-25.png","contentUrl":"https:\/\/historiaintelectual.com.ar\/wp-content\/uploads\/2025\/04\/logo-25.png","width":456,"height":456,"caption":"Centro Historia Intelectual"},"image":{"@id":"https:\/\/historiaintelectual.com.ar\/#\/schema\/logo\/image\/"},"sameAs":["https:\/\/www.facebook.com\/Centrodehistoriaintelectual\/","https:\/\/www.youtube.com\/channel\/UCGr8q_2-dchoqKT-jT5Lmfw","https:\/\/www.instagram.com\/chi_unq\/"]},{"@type":"Person","@id":"https:\/\/historiaintelectual.com.ar\/#\/schema\/person\/885c05ccc3314e2dec0bd9b0825c5912","name":"admin","url":"https:\/\/historiaintelectual.com.ar\/eng\/author\/admin\/"}]}},"_links":{"self":[{"href":"https:\/\/historiaintelectual.com.ar\/eng\/wp-json\/wp\/v2\/posts\/4416","targetHints":{"allow":["GET"]}}],"collection":[{"href":"https:\/\/historiaintelectual.com.ar\/eng\/wp-json\/wp\/v2\/posts"}],"about":[{"href":"https:\/\/historiaintelectual.com.ar\/eng\/wp-json\/wp\/v2\/types\/post"}],"author":[{"embeddable":true,"href":"https:\/\/historiaintelectual.com.ar\/eng\/wp-json\/wp\/v2\/users\/1"}],"replies":[{"embeddable":true,"href":"https:\/\/historiaintelectual.com.ar\/eng\/wp-json\/wp\/v2\/comments?post=4416"}],"version-history":[{"count":22,"href":"https:\/\/historiaintelectual.com.ar\/eng\/wp-json\/wp\/v2\/posts\/4416\/revisions"}],"predecessor-version":[{"id":10619,"href":"https:\/\/historiaintelectual.com.ar\/eng\/wp-json\/wp\/v2\/posts\/4416\/revisions\/10619"}],"wp:featuredmedia":[{"embeddable":true,"href":"https:\/\/historiaintelectual.com.ar\/eng\/wp-json\/wp\/v2\/media\/9707"}],"wp:attachment":[{"href":"https:\/\/historiaintelectual.com.ar\/eng\/wp-json\/wp\/v2\/media?parent=4416"}],"wp:term":[{"taxonomy":"category","embeddable":true,"href":"https:\/\/historiaintelectual.com.ar\/eng\/wp-json\/wp\/v2\/categories?post=4416"},{"taxonomy":"post_tag","embeddable":true,"href":"https:\/\/historiaintelectual.com.ar\/eng\/wp-json\/wp\/v2\/tags?post=4416"}],"curies":[{"name":"wp","href":"https:\/\/api.w.org\/{rel}","templated":true}]}}