{"id":4413,"date":"2015-08-11T16:18:12","date_gmt":"2015-08-11T16:18:12","guid":{"rendered":"http:\/\/historiaintelectual.com.ar\/desarrollo\/?p=4413"},"modified":"2025-10-17T15:04:51","modified_gmt":"2025-10-17T18:04:51","slug":"ricardo-martinez-mazzola","status":"publish","type":"post","link":"https:\/\/historiaintelectual.com.ar\/eng\/ricardo-martinez-mazzola\/","title":{"rendered":"Ricardo Mart\u00ednez Mazzola"},"content":{"rendered":"<div data-elementor-type=\"wp-post\" data-elementor-id=\"4413\" class=\"elementor elementor-4413\" data-elementor-post-type=\"post\">\n\t\t\t\t<div class=\"elementor-element elementor-element-1bb43adc e-flex e-con-boxed e-con e-parent\" data-id=\"1bb43adc\" data-element_type=\"container\" data-e-type=\"container\">\n\t\t\t\t\t<div class=\"e-con-inner\">\n\t\t<div class=\"elementor-element elementor-element-6f4ec14 e-con-full e-flex e-con e-child\" data-id=\"6f4ec14\" data-element_type=\"container\" data-e-type=\"container\">\n\t\t\t\t<div class=\"elementor-element elementor-element-5922f636 elementor-widget elementor-widget-theme-post-featured-image elementor-widget-image\" data-id=\"5922f636\" data-element_type=\"widget\" data-e-type=\"widget\" data-widget_type=\"theme-post-featured-image.default\">\n\t\t\t\t<div class=\"elementor-widget-container\">\n\t\t\t\t\t\t\t\t\t\t\t\t<figure class=\"wp-caption\">\n\t\t\t\t\t\t\t\t\t\t<img fetchpriority=\"high\" decoding=\"async\" width=\"291\" height=\"254\" src=\"https:\/\/historiaintelectual.com.ar\/wp-content\/uploads\/2019\/12\/Martinez.png\" class=\"attachment-full size-full wp-image-5966\" alt=\"\" srcset=\"https:\/\/historiaintelectual.com.ar\/wp-content\/uploads\/2019\/12\/Martinez.png 291w, https:\/\/historiaintelectual.com.ar\/wp-content\/uploads\/2019\/12\/Martinez-120x105.png 120w\" sizes=\"(max-width: 291px) 100vw, 291px\" \/>\t\t\t\t\t\t\t\t\t\t\t<figcaption class=\"widget-image-caption wp-caption-text\">Ricardo Mart\u00ednez Mazzola <br> (Ciudad de Buenos Aires, 1969)<\/figcaption>\n\t\t\t\t\t\t\t\t\t\t<\/figure>\n\t\t\t\t\t\t\t\t\t<\/div>\n\t\t\t\t<\/div>\n\t\t\t\t<\/div>\n\t\t<div class=\"elementor-element elementor-element-18933ada e-con-full e-flex e-con e-child\" data-id=\"18933ada\" data-element_type=\"container\" data-e-type=\"container\">\n\t\t\t\t<div class=\"elementor-element elementor-element-2a81d1f8 elementor-widget elementor-widget-text-editor\" data-id=\"2a81d1f8\" data-element_type=\"widget\" data-e-type=\"widget\" data-widget_type=\"text-editor.default\">\n\t\t\t\t<div class=\"elementor-widget-container\">\n\t\t\t\t\t\t\t\t\t<p>Es Licenciado en Sociolog\u00eda, Mag\u00edster en Investigaci\u00f3n en Ciencias Sociales y Doctor en Historia por la Universidad de Buenos Aires (UBA). Es Investigador Independiente del CONICET con sede en la Escuela Interdisciplinaria de Altos Estudios Sociales (IDAES) de la Universidad Nacional de San Mart\u00edn (UNSAM) y Profesor Adjunto Regular de la Facultad de Filosof\u00eda y Letras de la UBA. Forma parte del Centro de Historia Intelectual de la Universidad Nacional de Quilmes (UNQ) y del Consejo de direcci\u00f3n de <em>Prismas. <\/em><em>Revista de historia intelectual<\/em>. Ha dictado cursos de grado y postgrado en la UBA, la UNSAM, la UNQ, la Universidad Nacional de Lan\u00fas (UNLA) y la Universidad Nacional de La Plata (UNLP). Es co-coordinador de la Red de estudios sobre el socialismo argentino (RESA).<\/p><p>Sus l\u00edneas de investigaci\u00f3n son la historia intelectual, la historia pol\u00edtica y la sociolog\u00eda pol\u00edtica, habiendo publicado numerosos trabajos en los que aborda las transformaciones de la historia de la tradici\u00f3n socialista y del movimiento socialista argentino.<\/p><p><strong>Contact:<\/strong> ricardomm17@yahoo.com<\/p>\t\t\t\t\t\t\t\t<\/div>\n\t\t\t\t<\/div>\n\t\t\t\t<\/div>\n\t\t\t\t\t<\/div>\n\t\t\t\t<\/div>\n\t\t\t\t<\/div>","protected":false},"excerpt":{"rendered":"<p>Es Licenciado en Sociolog\u00eda, Mag\u00edster en Investigaci\u00f3n en Ciencias Sociales y Doctor en Historia por la Universidad de Buenos Aires (UBA). Es Investigador Independiente del CONICET con sede en la Escuela Interdisciplinaria de Altos Estudios Sociales (IDAES) de la Universidad Nacional de San Mart\u00edn (UNSAM) y Profesor Adjunto Regular de la Facultad de Filosof\u00eda y [&hellip;]<\/p>\n","protected":false},"author":1,"featured_media":5966,"comment_status":"closed","ping_status":"closed","sticky":false,"template":"","format":"standard","meta":{"footnotes":""},"categories":[94],"tags":[],"class_list":["post-4413","post","type-post","status-publish","format-standard","has-post-thumbnail","hentry","category-investigadores"],"yoast_head":"<!-- This site is optimized with the Yoast SEO plugin v27.3 - https:\/\/yoast.com\/product\/yoast-seo-wordpress\/ -->\n<title>Ricardo Mart\u00ednez Mazzola &#187; Historia Intelectual<\/title>\n<meta name=\"robots\" content=\"index, follow, max-snippet:-1, max-image-preview:large, max-video-preview:-1\" \/>\n<link rel=\"canonical\" href=\"https:\/\/historiaintelectual.com.ar\/eng\/ricardo-martinez-mazzola\/\" \/>\n<meta property=\"og:locale\" content=\"en_US\" \/>\n<meta property=\"og:type\" content=\"article\" \/>\n<meta property=\"og:title\" content=\"Ricardo Mart\u00ednez Mazzola &#187; Historia Intelectual\" \/>\n<meta property=\"og:description\" content=\"Es Licenciado en Sociolog\u00eda, Mag\u00edster en Investigaci\u00f3n en Ciencias Sociales y Doctor en Historia por la Universidad de Buenos Aires (UBA). Es Investigador Independiente del CONICET con sede en la Escuela Interdisciplinaria de Altos Estudios Sociales (IDAES) de la Universidad Nacional de San Mart\u00edn (UNSAM) y Profesor Adjunto Regular de la Facultad de Filosof\u00eda y [&hellip;]\" \/>\n<meta property=\"og:url\" content=\"https:\/\/historiaintelectual.com.ar\/eng\/ricardo-martinez-mazzola\/\" \/>\n<meta property=\"og:site_name\" content=\"Historia Intelectual\" \/>\n<meta property=\"article:publisher\" content=\"https:\/\/www.facebook.com\/Centrodehistoriaintelectual\/\" \/>\n<meta property=\"article:published_time\" content=\"2015-08-11T16:18:12+00:00\" \/>\n<meta property=\"article:modified_time\" content=\"2025-10-17T18:04:51+00:00\" \/>\n<meta property=\"og:image\" content=\"https:\/\/historiaintelectual.com.ar\/wp-content\/uploads\/2019\/12\/Martinez.png\" \/>\n\t<meta property=\"og:image:width\" content=\"291\" \/>\n\t<meta property=\"og:image:height\" content=\"254\" \/>\n\t<meta property=\"og:image:type\" content=\"image\/png\" \/>\n<meta name=\"author\" content=\"admin\" \/>\n<script type=\"application\/ld+json\" class=\"yoast-schema-graph\">{\"@context\":\"https:\\\/\\\/schema.org\",\"@graph\":[{\"@type\":\"Article\",\"@id\":\"https:\\\/\\\/historiaintelectual.com.ar\\\/ricardo-martinez-mazzola\\\/#article\",\"isPartOf\":{\"@id\":\"https:\\\/\\\/historiaintelectual.com.ar\\\/ricardo-martinez-mazzola\\\/\"},\"author\":{\"name\":\"admin\",\"@id\":\"https:\\\/\\\/historiaintelectual.com.ar\\\/#\\\/schema\\\/person\\\/885c05ccc3314e2dec0bd9b0825c5912\"},\"headline\":\"Ricardo Mart\u00ednez Mazzola\",\"datePublished\":\"2015-08-11T16:18:12+00:00\",\"dateModified\":\"2025-10-17T18:04:51+00:00\",\"mainEntityOfPage\":{\"@id\":\"https:\\\/\\\/historiaintelectual.com.ar\\\/ricardo-martinez-mazzola\\\/\"},\"wordCount\":182,\"publisher\":{\"@id\":\"https:\\\/\\\/historiaintelectual.com.ar\\\/#organization\"},\"image\":{\"@id\":\"https:\\\/\\\/historiaintelectual.com.ar\\\/ricardo-martinez-mazzola\\\/#primaryimage\"},\"thumbnailUrl\":\"https:\\\/\\\/historiaintelectual.com.ar\\\/wp-content\\\/uploads\\\/2019\\\/12\\\/Martinez.png\",\"articleSection\":[\"Investigadores\"],\"inLanguage\":\"en-US\"},{\"@type\":\"WebPage\",\"@id\":\"https:\\\/\\\/historiaintelectual.com.ar\\\/ricardo-martinez-mazzola\\\/\",\"url\":\"https:\\\/\\\/historiaintelectual.com.ar\\\/ricardo-martinez-mazzola\\\/\",\"name\":\"Ricardo Mart\u00ednez Mazzola &#187; Historia Intelectual\",\"isPartOf\":{\"@id\":\"https:\\\/\\\/historiaintelectual.com.ar\\\/#website\"},\"primaryImageOfPage\":{\"@id\":\"https:\\\/\\\/historiaintelectual.com.ar\\\/ricardo-martinez-mazzola\\\/#primaryimage\"},\"image\":{\"@id\":\"https:\\\/\\\/historiaintelectual.com.ar\\\/ricardo-martinez-mazzola\\\/#primaryimage\"},\"thumbnailUrl\":\"https:\\\/\\\/historiaintelectual.com.ar\\\/wp-content\\\/uploads\\\/2019\\\/12\\\/Martinez.png\",\"datePublished\":\"2015-08-11T16:18:12+00:00\",\"dateModified\":\"2025-10-17T18:04:51+00:00\",\"breadcrumb\":{\"@id\":\"https:\\\/\\\/historiaintelectual.com.ar\\\/ricardo-martinez-mazzola\\\/#breadcrumb\"},\"inLanguage\":\"en-US\",\"potentialAction\":[{\"@type\":\"ReadAction\",\"target\":[\"https:\\\/\\\/historiaintelectual.com.ar\\\/ricardo-martinez-mazzola\\\/\"]}]},{\"@type\":\"ImageObject\",\"inLanguage\":\"en-US\",\"@id\":\"https:\\\/\\\/historiaintelectual.com.ar\\\/ricardo-martinez-mazzola\\\/#primaryimage\",\"url\":\"https:\\\/\\\/historiaintelectual.com.ar\\\/wp-content\\\/uploads\\\/2019\\\/12\\\/Martinez.png\",\"contentUrl\":\"https:\\\/\\\/historiaintelectual.com.ar\\\/wp-content\\\/uploads\\\/2019\\\/12\\\/Martinez.png\",\"width\":291,\"height\":254},{\"@type\":\"BreadcrumbList\",\"@id\":\"https:\\\/\\\/historiaintelectual.com.ar\\\/ricardo-martinez-mazzola\\\/#breadcrumb\",\"itemListElement\":[{\"@type\":\"ListItem\",\"position\":1,\"name\":\"Portada\",\"item\":\"https:\\\/\\\/historiaintelectual.com.ar\\\/\"},{\"@type\":\"ListItem\",\"position\":2,\"name\":\"Ricardo Mart\u00ednez Mazzola\"}]},{\"@type\":\"WebSite\",\"@id\":\"https:\\\/\\\/historiaintelectual.com.ar\\\/#website\",\"url\":\"https:\\\/\\\/historiaintelectual.com.ar\\\/\",\"name\":\"Historia Intelectual\",\"description\":\"Centro de Historia Intelectual\",\"publisher\":{\"@id\":\"https:\\\/\\\/historiaintelectual.com.ar\\\/#organization\"},\"alternateName\":\"Centro de historia intelectual\",\"potentialAction\":[{\"@type\":\"SearchAction\",\"target\":{\"@type\":\"EntryPoint\",\"urlTemplate\":\"https:\\\/\\\/historiaintelectual.com.ar\\\/?s={search_term_string}\"},\"query-input\":{\"@type\":\"PropertyValueSpecification\",\"valueRequired\":true,\"valueName\":\"search_term_string\"}}],\"inLanguage\":\"en-US\"},{\"@type\":\"Organization\",\"@id\":\"https:\\\/\\\/historiaintelectual.com.ar\\\/#organization\",\"name\":\"Centro Historia Intelectual\",\"url\":\"https:\\\/\\\/historiaintelectual.com.ar\\\/\",\"logo\":{\"@type\":\"ImageObject\",\"inLanguage\":\"en-US\",\"@id\":\"https:\\\/\\\/historiaintelectual.com.ar\\\/#\\\/schema\\\/logo\\\/image\\\/\",\"url\":\"https:\\\/\\\/historiaintelectual.com.ar\\\/wp-content\\\/uploads\\\/2025\\\/04\\\/logo-25.png\",\"contentUrl\":\"https:\\\/\\\/historiaintelectual.com.ar\\\/wp-content\\\/uploads\\\/2025\\\/04\\\/logo-25.png\",\"width\":456,\"height\":456,\"caption\":\"Centro Historia Intelectual\"},\"image\":{\"@id\":\"https:\\\/\\\/historiaintelectual.com.ar\\\/#\\\/schema\\\/logo\\\/image\\\/\"},\"sameAs\":[\"https:\\\/\\\/www.facebook.com\\\/Centrodehistoriaintelectual\\\/\",\"https:\\\/\\\/www.youtube.com\\\/channel\\\/UCGr8q_2-dchoqKT-jT5Lmfw\",\"https:\\\/\\\/www.instagram.com\\\/chi_unq\\\/\"]},{\"@type\":\"Person\",\"@id\":\"https:\\\/\\\/historiaintelectual.com.ar\\\/#\\\/schema\\\/person\\\/885c05ccc3314e2dec0bd9b0825c5912\",\"name\":\"admin\",\"url\":\"https:\\\/\\\/historiaintelectual.com.ar\\\/eng\\\/author\\\/admin\\\/\"}]}<\/script>\n<!-- \/ Yoast SEO plugin. -->","yoast_head_json":{"title":"Ricardo Mart\u00ednez Mazzola &#187; Historia Intelectual","robots":{"index":"index","follow":"follow","max-snippet":"max-snippet:-1","max-image-preview":"max-image-preview:large","max-video-preview":"max-video-preview:-1"},"canonical":"https:\/\/historiaintelectual.com.ar\/eng\/ricardo-martinez-mazzola\/","og_locale":"en_US","og_type":"article","og_title":"Ricardo Mart\u00ednez Mazzola &#187; Historia Intelectual","og_description":"Es Licenciado en Sociolog\u00eda, Mag\u00edster en Investigaci\u00f3n en Ciencias Sociales y Doctor en Historia por la Universidad de Buenos Aires (UBA). Es Investigador Independiente del CONICET con sede en la Escuela Interdisciplinaria de Altos Estudios Sociales (IDAES) de la Universidad Nacional de San Mart\u00edn (UNSAM) y Profesor Adjunto Regular de la Facultad de Filosof\u00eda y [&hellip;]","og_url":"https:\/\/historiaintelectual.com.ar\/eng\/ricardo-martinez-mazzola\/","og_site_name":"Historia Intelectual","article_publisher":"https:\/\/www.facebook.com\/Centrodehistoriaintelectual\/","article_published_time":"2015-08-11T16:18:12+00:00","article_modified_time":"2025-10-17T18:04:51+00:00","og_image":[{"width":291,"height":254,"url":"https:\/\/historiaintelectual.com.ar\/wp-content\/uploads\/2019\/12\/Martinez.png","type":"image\/png"}],"author":"admin","schema":{"@context":"https:\/\/schema.org","@graph":[{"@type":"Article","@id":"https:\/\/historiaintelectual.com.ar\/ricardo-martinez-mazzola\/#article","isPartOf":{"@id":"https:\/\/historiaintelectual.com.ar\/ricardo-martinez-mazzola\/"},"author":{"name":"admin","@id":"https:\/\/historiaintelectual.com.ar\/#\/schema\/person\/885c05ccc3314e2dec0bd9b0825c5912"},"headline":"Ricardo Mart\u00ednez Mazzola","datePublished":"2015-08-11T16:18:12+00:00","dateModified":"2025-10-17T18:04:51+00:00","mainEntityOfPage":{"@id":"https:\/\/historiaintelectual.com.ar\/ricardo-martinez-mazzola\/"},"wordCount":182,"publisher":{"@id":"https:\/\/historiaintelectual.com.ar\/#organization"},"image":{"@id":"https:\/\/historiaintelectual.com.ar\/ricardo-martinez-mazzola\/#primaryimage"},"thumbnailUrl":"https:\/\/historiaintelectual.com.ar\/wp-content\/uploads\/2019\/12\/Martinez.png","articleSection":["Investigadores"],"inLanguage":"en-US"},{"@type":"WebPage","@id":"https:\/\/historiaintelectual.com.ar\/ricardo-martinez-mazzola\/","url":"https:\/\/historiaintelectual.com.ar\/ricardo-martinez-mazzola\/","name":"Ricardo Mart\u00ednez Mazzola &#187; Historia Intelectual","isPartOf":{"@id":"https:\/\/historiaintelectual.com.ar\/#website"},"primaryImageOfPage":{"@id":"https:\/\/historiaintelectual.com.ar\/ricardo-martinez-mazzola\/#primaryimage"},"image":{"@id":"https:\/\/historiaintelectual.com.ar\/ricardo-martinez-mazzola\/#primaryimage"},"thumbnailUrl":"https:\/\/historiaintelectual.com.ar\/wp-content\/uploads\/2019\/12\/Martinez.png","datePublished":"2015-08-11T16:18:12+00:00","dateModified":"2025-10-17T18:04:51+00:00","breadcrumb":{"@id":"https:\/\/historiaintelectual.com.ar\/ricardo-martinez-mazzola\/#breadcrumb"},"inLanguage":"en-US","potentialAction":[{"@type":"ReadAction","target":["https:\/\/historiaintelectual.com.ar\/ricardo-martinez-mazzola\/"]}]},{"@type":"ImageObject","inLanguage":"en-US","@id":"https:\/\/historiaintelectual.com.ar\/ricardo-martinez-mazzola\/#primaryimage","url":"https:\/\/historiaintelectual.com.ar\/wp-content\/uploads\/2019\/12\/Martinez.png","contentUrl":"https:\/\/historiaintelectual.com.ar\/wp-content\/uploads\/2019\/12\/Martinez.png","width":291,"height":254},{"@type":"BreadcrumbList","@id":"https:\/\/historiaintelectual.com.ar\/ricardo-martinez-mazzola\/#breadcrumb","itemListElement":[{"@type":"ListItem","position":1,"name":"Portada","item":"https:\/\/historiaintelectual.com.ar\/"},{"@type":"ListItem","position":2,"name":"Ricardo Mart\u00ednez Mazzola"}]},{"@type":"WebSite","@id":"https:\/\/historiaintelectual.com.ar\/#website","url":"https:\/\/historiaintelectual.com.ar\/","name":"Historia Intelectual","description":"Center for Intellectual History","publisher":{"@id":"https:\/\/historiaintelectual.com.ar\/#organization"},"alternateName":"Centro de historia intelectual","potentialAction":[{"@type":"SearchAction","target":{"@type":"EntryPoint","urlTemplate":"https:\/\/historiaintelectual.com.ar\/?s={search_term_string}"},"query-input":{"@type":"PropertyValueSpecification","valueRequired":true,"valueName":"search_term_string"}}],"inLanguage":"en-US"},{"@type":"Organization","@id":"https:\/\/historiaintelectual.com.ar\/#organization","name":"Centro Historia Intelectual","url":"https:\/\/historiaintelectual.com.ar\/","logo":{"@type":"ImageObject","inLanguage":"en-US","@id":"https:\/\/historiaintelectual.com.ar\/#\/schema\/logo\/image\/","url":"https:\/\/historiaintelectual.com.ar\/wp-content\/uploads\/2025\/04\/logo-25.png","contentUrl":"https:\/\/historiaintelectual.com.ar\/wp-content\/uploads\/2025\/04\/logo-25.png","width":456,"height":456,"caption":"Centro Historia Intelectual"},"image":{"@id":"https:\/\/historiaintelectual.com.ar\/#\/schema\/logo\/image\/"},"sameAs":["https:\/\/www.facebook.com\/Centrodehistoriaintelectual\/","https:\/\/www.youtube.com\/channel\/UCGr8q_2-dchoqKT-jT5Lmfw","https:\/\/www.instagram.com\/chi_unq\/"]},{"@type":"Person","@id":"https:\/\/historiaintelectual.com.ar\/#\/schema\/person\/885c05ccc3314e2dec0bd9b0825c5912","name":"admin","url":"https:\/\/historiaintelectual.com.ar\/eng\/author\/admin\/"}]}},"_links":{"self":[{"href":"https:\/\/historiaintelectual.com.ar\/eng\/wp-json\/wp\/v2\/posts\/4413","targetHints":{"allow":["GET"]}}],"collection":[{"href":"https:\/\/historiaintelectual.com.ar\/eng\/wp-json\/wp\/v2\/posts"}],"about":[{"href":"https:\/\/historiaintelectual.com.ar\/eng\/wp-json\/wp\/v2\/types\/post"}],"author":[{"embeddable":true,"href":"https:\/\/historiaintelectual.com.ar\/eng\/wp-json\/wp\/v2\/users\/1"}],"replies":[{"embeddable":true,"href":"https:\/\/historiaintelectual.com.ar\/eng\/wp-json\/wp\/v2\/comments?post=4413"}],"version-history":[{"count":18,"href":"https:\/\/historiaintelectual.com.ar\/eng\/wp-json\/wp\/v2\/posts\/4413\/revisions"}],"predecessor-version":[{"id":10899,"href":"https:\/\/historiaintelectual.com.ar\/eng\/wp-json\/wp\/v2\/posts\/4413\/revisions\/10899"}],"wp:featuredmedia":[{"embeddable":true,"href":"https:\/\/historiaintelectual.com.ar\/eng\/wp-json\/wp\/v2\/media\/5966"}],"wp:attachment":[{"href":"https:\/\/historiaintelectual.com.ar\/eng\/wp-json\/wp\/v2\/media?parent=4413"}],"wp:term":[{"taxonomy":"category","embeddable":true,"href":"https:\/\/historiaintelectual.com.ar\/eng\/wp-json\/wp\/v2\/categories?post=4413"},{"taxonomy":"post_tag","embeddable":true,"href":"https:\/\/historiaintelectual.com.ar\/eng\/wp-json\/wp\/v2\/tags?post=4413"}],"curies":[{"name":"wp","href":"https:\/\/api.w.org\/{rel}","templated":true}]}}