{"id":4406,"date":"2015-08-11T16:12:45","date_gmt":"2015-08-11T16:12:45","guid":{"rendered":"http:\/\/historiaintelectual.com.ar\/desarrollo\/?p=4406"},"modified":"2025-12-02T15:48:34","modified_gmt":"2025-12-02T18:48:34","slug":"jorge-myers","status":"publish","type":"post","link":"https:\/\/historiaintelectual.com.ar\/eng\/jorge-myers\/","title":{"rendered":"Jorge Myers"},"content":{"rendered":"<div data-elementor-type=\"wp-post\" data-elementor-id=\"4406\" class=\"elementor elementor-4406\" data-elementor-post-type=\"post\">\n\t\t\t\t<div class=\"elementor-element elementor-element-2d94cab9 e-flex e-con-boxed e-con e-parent\" data-id=\"2d94cab9\" data-element_type=\"container\" data-e-type=\"container\">\n\t\t\t\t\t<div class=\"e-con-inner\">\n\t\t<div class=\"elementor-element elementor-element-2759025b e-con-full e-flex e-con e-child\" data-id=\"2759025b\" data-element_type=\"container\" data-e-type=\"container\">\n\t\t\t\t<div class=\"elementor-element elementor-element-3626ca76 elementor-widget elementor-widget-theme-post-featured-image elementor-widget-image\" data-id=\"3626ca76\" data-element_type=\"widget\" data-e-type=\"widget\" data-widget_type=\"theme-post-featured-image.default\">\n\t\t\t\t<div class=\"elementor-widget-container\">\n\t\t\t\t\t\t\t\t\t\t\t\t<figure class=\"wp-caption\">\n\t\t\t\t\t\t\t\t\t\t<img fetchpriority=\"high\" decoding=\"async\" width=\"344\" height=\"404\" src=\"https:\/\/historiaintelectual.com.ar\/wp-content\/uploads\/2025\/10\/Myers_byn.jpg\" class=\"attachment-full size-full wp-image-10926\" alt=\"Jorge Myers\" srcset=\"https:\/\/historiaintelectual.com.ar\/wp-content\/uploads\/2025\/10\/Myers_byn.jpg 344w, https:\/\/historiaintelectual.com.ar\/wp-content\/uploads\/2025\/10\/Myers_byn-255x300.jpg 255w, https:\/\/historiaintelectual.com.ar\/wp-content\/uploads\/2025\/10\/Myers_byn-10x12.jpg 10w\" sizes=\"(max-width: 344px) 100vw, 344px\" \/>\t\t\t\t\t\t\t\t\t\t\t<figcaption class=\"widget-image-caption wp-caption-text\">Jorge Myers <br> (Plaza Huincul, Argentina, 1961)<\/figcaption>\n\t\t\t\t\t\t\t\t\t\t<\/figure>\n\t\t\t\t\t\t\t\t\t<\/div>\n\t\t\t\t<\/div>\n\t\t\t\t<\/div>\n\t\t<div class=\"elementor-element elementor-element-7c611215 e-con-full e-flex e-con e-child\" data-id=\"7c611215\" data-element_type=\"container\" data-e-type=\"container\">\n\t\t\t\t<div class=\"elementor-element elementor-element-25c981e5 elementor-widget elementor-widget-text-editor\" data-id=\"25c981e5\" data-element_type=\"widget\" data-e-type=\"widget\" data-widget_type=\"text-editor.default\">\n\t\t\t\t<div class=\"elementor-widget-container\">\n\t\t\t\t\t\t\t\t\t<p><span style=\"font-weight: 400;\">Jorge Myers (B.A., M.A., History, University of Cambridge; M.A., PhD, History, Stanford University) is the author of many publications, including <\/span><i><span style=\"font-weight: 400;\">Orden y virtud: el discurso republicano del r\u00e9gimen rosista<\/span><\/i><span style=\"font-weight: 400;\"> (1995); (as co-editor with K. Gallo and G. Batticuore) <\/span><i><span style=\"font-weight: 400;\">Resonancias rom\u00e1nticas: historia cultural del R\u00edo de la Plata 1820-1890<\/span><\/i><span style=\"font-weight: 400;\"> (2005); (editor) <\/span><i><span style=\"font-weight: 400;\">Historia de los intelectuales en Am\u00e9rica Latina, Tomo 1 <\/span><\/i><span style=\"font-weight: 400;\">(2008); <\/span><i><span style=\"font-weight: 400;\">Retratos Latino-Americanos: a recorda\u00e7\u00e3o letrada de intelectuais e artistas do s\u00e9culo XX<\/span><\/i><span style=\"font-weight: 400;\">, 2019 (co-editor with Sergio Miceli); <\/span><i><span style=\"font-weight: 400;\">Continente por definir: as id\u00e9ias de Am\u00e9rica no s\u00e9culo XX <\/span><\/i><span style=\"font-weight: 400;\">2022 (co-editor with Eliana Dutra); <\/span><i><span style=\"font-weight: 400;\">Itinerarios de un metaconcepto: La comunidad en el siglo XIX latinoamericano<\/span><\/i><span style=\"font-weight: 400;\"> 2024 (co-editor with Gabriel Entin);<\/span><span style=\"font-weight: 400;\"> and more than eighty articles in his field.\u00a0<\/span><\/p><p><span style=\"font-weight: 400;\">Between 2008 and 2023, he directed the collection \u201cEn busca de la ideolog\u00eda argentina\u201d for the UNQ publishing house. He is a full professor (UNQ) and researcher at the Center for Intellectual History of the UNQ\/CONICET, and has served as the Tinker Visiting Professor at the University of Chicago (2007-08), Chaire des Am\u00e9riques, Paris-Sorbonne (2009), and as a visiting professor, PUC\/Rio de Janeiro (2012), <\/span><span style=\"font-weight: 400;\">Visiting professor at CONCEPTA Summer School (Colmex) in Mexico (2017); guest professor at Fiocruz\/CPDOC-Funda\u00e7\u00e3o Get\u00falio Vargas in Brazil (2017); and \u2018Directeur d\u2019\u00e9tudes invit\u00e9\u2019 at \u00c9cole des Hautes \u00c9tudes en Sciences Sociales in France (2024).<\/span><span style=\"font-weight: 400;\">\u00a0He is a member of the Academia Nacional de la Historia de M\u00e9xico for Argentina.<\/span><\/p><p><span style=\"font-weight: 400;\">He is currently writing a book about the year 1848 in Latin America: \u201c1848 en Am\u00e9rica Latina: una revoluci\u00f3n intelectual y conceptual\u201d.<\/span><\/p><p><strong><a href=\"https:\/\/historiaintelectual.com.ar\/eng\/jorge-myers-2\/\">Published books<\/a><\/strong><\/p>\t\t\t\t\t\t\t\t<\/div>\n\t\t\t\t<\/div>\n\t\t\t\t<\/div>\n\t\t\t\t\t<\/div>\n\t\t\t\t<\/div>\n\t\t\t\t<\/div>","protected":false},"excerpt":{"rendered":"<p>Licenciado\/mag\u00edster en Historia (Universidad de Cambridge, Reino Unido) y mag\u00edster\/Ph.D en Historia (Universidad de Stanford, Estados Unidos). Ha publicado, entre otros, Orden y virtud: el discurso republicano del r\u00e9gimen rosista (1995); (como co-compilador con K. Gallo y G. Batticuore) Resonancias rom\u00e1nticas: historia cultural del R\u00edo de la Plata 1820-1890 (2005); (compilador) Historia de los intelectuales [&hellip;]<\/p>\n","protected":false},"author":1,"featured_media":10926,"comment_status":"closed","ping_status":"closed","sticky":false,"template":"","format":"standard","meta":{"footnotes":""},"categories":[94],"tags":[],"class_list":["post-4406","post","type-post","status-publish","format-standard","has-post-thumbnail","hentry","category-investigadores"],"yoast_head":"<!-- This site is optimized with the Yoast SEO plugin v27.3 - https:\/\/yoast.com\/product\/yoast-seo-wordpress\/ -->\n<title>Jorge Myers &#187; Historia Intelectual<\/title>\n<meta name=\"robots\" content=\"index, follow, max-snippet:-1, max-image-preview:large, max-video-preview:-1\" \/>\n<link rel=\"canonical\" href=\"https:\/\/historiaintelectual.com.ar\/eng\/jorge-myers\/\" \/>\n<meta property=\"og:locale\" content=\"en_US\" \/>\n<meta property=\"og:type\" content=\"article\" \/>\n<meta property=\"og:title\" content=\"Jorge Myers &#187; Historia Intelectual\" \/>\n<meta property=\"og:description\" content=\"Licenciado\/mag\u00edster en Historia (Universidad de Cambridge, Reino Unido) y mag\u00edster\/Ph.D en Historia (Universidad de Stanford, Estados Unidos). Ha publicado, entre otros, Orden y virtud: el discurso republicano del r\u00e9gimen rosista (1995); (como co-compilador con K. Gallo y G. Batticuore) Resonancias rom\u00e1nticas: historia cultural del R\u00edo de la Plata 1820-1890 (2005); (compilador) Historia de los intelectuales [&hellip;]\" \/>\n<meta property=\"og:url\" content=\"https:\/\/historiaintelectual.com.ar\/eng\/jorge-myers\/\" \/>\n<meta property=\"og:site_name\" content=\"Historia Intelectual\" \/>\n<meta property=\"article:publisher\" content=\"https:\/\/www.facebook.com\/Centrodehistoriaintelectual\/\" \/>\n<meta property=\"article:published_time\" content=\"2015-08-11T16:12:45+00:00\" \/>\n<meta property=\"article:modified_time\" content=\"2025-12-02T18:48:34+00:00\" \/>\n<meta property=\"og:image\" content=\"https:\/\/historiaintelectual.com.ar\/wp-content\/uploads\/2025\/10\/Myers_byn.jpg\" \/>\n\t<meta property=\"og:image:width\" content=\"344\" \/>\n\t<meta property=\"og:image:height\" content=\"404\" \/>\n\t<meta property=\"og:image:type\" content=\"image\/jpeg\" \/>\n<meta name=\"author\" content=\"admin\" \/>\n<script type=\"application\/ld+json\" class=\"yoast-schema-graph\">{\"@context\":\"https:\\\/\\\/schema.org\",\"@graph\":[{\"@type\":\"Article\",\"@id\":\"https:\\\/\\\/historiaintelectual.com.ar\\\/jorge-myers\\\/#article\",\"isPartOf\":{\"@id\":\"https:\\\/\\\/historiaintelectual.com.ar\\\/jorge-myers\\\/\"},\"author\":{\"name\":\"admin\",\"@id\":\"https:\\\/\\\/historiaintelectual.com.ar\\\/#\\\/schema\\\/person\\\/885c05ccc3314e2dec0bd9b0825c5912\"},\"headline\":\"Jorge Myers\",\"datePublished\":\"2015-08-11T16:12:45+00:00\",\"dateModified\":\"2025-12-02T18:48:34+00:00\",\"mainEntityOfPage\":{\"@id\":\"https:\\\/\\\/historiaintelectual.com.ar\\\/jorge-myers\\\/\"},\"wordCount\":260,\"publisher\":{\"@id\":\"https:\\\/\\\/historiaintelectual.com.ar\\\/#organization\"},\"image\":{\"@id\":\"https:\\\/\\\/historiaintelectual.com.ar\\\/jorge-myers\\\/#primaryimage\"},\"thumbnailUrl\":\"https:\\\/\\\/historiaintelectual.com.ar\\\/wp-content\\\/uploads\\\/2025\\\/10\\\/Myers_byn.jpg\",\"articleSection\":[\"Investigadores\"],\"inLanguage\":\"en-US\"},{\"@type\":\"WebPage\",\"@id\":\"https:\\\/\\\/historiaintelectual.com.ar\\\/jorge-myers\\\/\",\"url\":\"https:\\\/\\\/historiaintelectual.com.ar\\\/jorge-myers\\\/\",\"name\":\"Jorge Myers &#187; Historia Intelectual\",\"isPartOf\":{\"@id\":\"https:\\\/\\\/historiaintelectual.com.ar\\\/#website\"},\"primaryImageOfPage\":{\"@id\":\"https:\\\/\\\/historiaintelectual.com.ar\\\/jorge-myers\\\/#primaryimage\"},\"image\":{\"@id\":\"https:\\\/\\\/historiaintelectual.com.ar\\\/jorge-myers\\\/#primaryimage\"},\"thumbnailUrl\":\"https:\\\/\\\/historiaintelectual.com.ar\\\/wp-content\\\/uploads\\\/2025\\\/10\\\/Myers_byn.jpg\",\"datePublished\":\"2015-08-11T16:12:45+00:00\",\"dateModified\":\"2025-12-02T18:48:34+00:00\",\"breadcrumb\":{\"@id\":\"https:\\\/\\\/historiaintelectual.com.ar\\\/jorge-myers\\\/#breadcrumb\"},\"inLanguage\":\"en-US\",\"potentialAction\":[{\"@type\":\"ReadAction\",\"target\":[\"https:\\\/\\\/historiaintelectual.com.ar\\\/jorge-myers\\\/\"]}]},{\"@type\":\"ImageObject\",\"inLanguage\":\"en-US\",\"@id\":\"https:\\\/\\\/historiaintelectual.com.ar\\\/jorge-myers\\\/#primaryimage\",\"url\":\"https:\\\/\\\/historiaintelectual.com.ar\\\/wp-content\\\/uploads\\\/2025\\\/10\\\/Myers_byn.jpg\",\"contentUrl\":\"https:\\\/\\\/historiaintelectual.com.ar\\\/wp-content\\\/uploads\\\/2025\\\/10\\\/Myers_byn.jpg\",\"width\":344,\"height\":404,\"caption\":\"Jorge Myers\"},{\"@type\":\"BreadcrumbList\",\"@id\":\"https:\\\/\\\/historiaintelectual.com.ar\\\/jorge-myers\\\/#breadcrumb\",\"itemListElement\":[{\"@type\":\"ListItem\",\"position\":1,\"name\":\"Portada\",\"item\":\"https:\\\/\\\/historiaintelectual.com.ar\\\/\"},{\"@type\":\"ListItem\",\"position\":2,\"name\":\"Jorge Myers\"}]},{\"@type\":\"WebSite\",\"@id\":\"https:\\\/\\\/historiaintelectual.com.ar\\\/#website\",\"url\":\"https:\\\/\\\/historiaintelectual.com.ar\\\/\",\"name\":\"Historia Intelectual\",\"description\":\"Centro de Historia Intelectual\",\"publisher\":{\"@id\":\"https:\\\/\\\/historiaintelectual.com.ar\\\/#organization\"},\"alternateName\":\"Centro de historia intelectual\",\"potentialAction\":[{\"@type\":\"SearchAction\",\"target\":{\"@type\":\"EntryPoint\",\"urlTemplate\":\"https:\\\/\\\/historiaintelectual.com.ar\\\/?s={search_term_string}\"},\"query-input\":{\"@type\":\"PropertyValueSpecification\",\"valueRequired\":true,\"valueName\":\"search_term_string\"}}],\"inLanguage\":\"en-US\"},{\"@type\":\"Organization\",\"@id\":\"https:\\\/\\\/historiaintelectual.com.ar\\\/#organization\",\"name\":\"Centro Historia Intelectual\",\"url\":\"https:\\\/\\\/historiaintelectual.com.ar\\\/\",\"logo\":{\"@type\":\"ImageObject\",\"inLanguage\":\"en-US\",\"@id\":\"https:\\\/\\\/historiaintelectual.com.ar\\\/#\\\/schema\\\/logo\\\/image\\\/\",\"url\":\"https:\\\/\\\/historiaintelectual.com.ar\\\/wp-content\\\/uploads\\\/2025\\\/04\\\/logo-25.png\",\"contentUrl\":\"https:\\\/\\\/historiaintelectual.com.ar\\\/wp-content\\\/uploads\\\/2025\\\/04\\\/logo-25.png\",\"width\":456,\"height\":456,\"caption\":\"Centro Historia Intelectual\"},\"image\":{\"@id\":\"https:\\\/\\\/historiaintelectual.com.ar\\\/#\\\/schema\\\/logo\\\/image\\\/\"},\"sameAs\":[\"https:\\\/\\\/www.facebook.com\\\/Centrodehistoriaintelectual\\\/\",\"https:\\\/\\\/www.youtube.com\\\/channel\\\/UCGr8q_2-dchoqKT-jT5Lmfw\",\"https:\\\/\\\/www.instagram.com\\\/chi_unq\\\/\"]},{\"@type\":\"Person\",\"@id\":\"https:\\\/\\\/historiaintelectual.com.ar\\\/#\\\/schema\\\/person\\\/885c05ccc3314e2dec0bd9b0825c5912\",\"name\":\"admin\",\"url\":\"https:\\\/\\\/historiaintelectual.com.ar\\\/eng\\\/author\\\/admin\\\/\"}]}<\/script>\n<!-- \/ Yoast SEO plugin. -->","yoast_head_json":{"title":"Jorge Myers &#187; Historia Intelectual","robots":{"index":"index","follow":"follow","max-snippet":"max-snippet:-1","max-image-preview":"max-image-preview:large","max-video-preview":"max-video-preview:-1"},"canonical":"https:\/\/historiaintelectual.com.ar\/eng\/jorge-myers\/","og_locale":"en_US","og_type":"article","og_title":"Jorge Myers &#187; Historia Intelectual","og_description":"Licenciado\/mag\u00edster en Historia (Universidad de Cambridge, Reino Unido) y mag\u00edster\/Ph.D en Historia (Universidad de Stanford, Estados Unidos). Ha publicado, entre otros, Orden y virtud: el discurso republicano del r\u00e9gimen rosista (1995); (como co-compilador con K. Gallo y G. Batticuore) Resonancias rom\u00e1nticas: historia cultural del R\u00edo de la Plata 1820-1890 (2005); (compilador) Historia de los intelectuales [&hellip;]","og_url":"https:\/\/historiaintelectual.com.ar\/eng\/jorge-myers\/","og_site_name":"Historia Intelectual","article_publisher":"https:\/\/www.facebook.com\/Centrodehistoriaintelectual\/","article_published_time":"2015-08-11T16:12:45+00:00","article_modified_time":"2025-12-02T18:48:34+00:00","og_image":[{"width":344,"height":404,"url":"https:\/\/historiaintelectual.com.ar\/wp-content\/uploads\/2025\/10\/Myers_byn.jpg","type":"image\/jpeg"}],"author":"admin","schema":{"@context":"https:\/\/schema.org","@graph":[{"@type":"Article","@id":"https:\/\/historiaintelectual.com.ar\/jorge-myers\/#article","isPartOf":{"@id":"https:\/\/historiaintelectual.com.ar\/jorge-myers\/"},"author":{"name":"admin","@id":"https:\/\/historiaintelectual.com.ar\/#\/schema\/person\/885c05ccc3314e2dec0bd9b0825c5912"},"headline":"Jorge Myers","datePublished":"2015-08-11T16:12:45+00:00","dateModified":"2025-12-02T18:48:34+00:00","mainEntityOfPage":{"@id":"https:\/\/historiaintelectual.com.ar\/jorge-myers\/"},"wordCount":260,"publisher":{"@id":"https:\/\/historiaintelectual.com.ar\/#organization"},"image":{"@id":"https:\/\/historiaintelectual.com.ar\/jorge-myers\/#primaryimage"},"thumbnailUrl":"https:\/\/historiaintelectual.com.ar\/wp-content\/uploads\/2025\/10\/Myers_byn.jpg","articleSection":["Investigadores"],"inLanguage":"en-US"},{"@type":"WebPage","@id":"https:\/\/historiaintelectual.com.ar\/jorge-myers\/","url":"https:\/\/historiaintelectual.com.ar\/jorge-myers\/","name":"Jorge Myers &#187; Historia Intelectual","isPartOf":{"@id":"https:\/\/historiaintelectual.com.ar\/#website"},"primaryImageOfPage":{"@id":"https:\/\/historiaintelectual.com.ar\/jorge-myers\/#primaryimage"},"image":{"@id":"https:\/\/historiaintelectual.com.ar\/jorge-myers\/#primaryimage"},"thumbnailUrl":"https:\/\/historiaintelectual.com.ar\/wp-content\/uploads\/2025\/10\/Myers_byn.jpg","datePublished":"2015-08-11T16:12:45+00:00","dateModified":"2025-12-02T18:48:34+00:00","breadcrumb":{"@id":"https:\/\/historiaintelectual.com.ar\/jorge-myers\/#breadcrumb"},"inLanguage":"en-US","potentialAction":[{"@type":"ReadAction","target":["https:\/\/historiaintelectual.com.ar\/jorge-myers\/"]}]},{"@type":"ImageObject","inLanguage":"en-US","@id":"https:\/\/historiaintelectual.com.ar\/jorge-myers\/#primaryimage","url":"https:\/\/historiaintelectual.com.ar\/wp-content\/uploads\/2025\/10\/Myers_byn.jpg","contentUrl":"https:\/\/historiaintelectual.com.ar\/wp-content\/uploads\/2025\/10\/Myers_byn.jpg","width":344,"height":404,"caption":"Jorge Myers"},{"@type":"BreadcrumbList","@id":"https:\/\/historiaintelectual.com.ar\/jorge-myers\/#breadcrumb","itemListElement":[{"@type":"ListItem","position":1,"name":"Portada","item":"https:\/\/historiaintelectual.com.ar\/"},{"@type":"ListItem","position":2,"name":"Jorge Myers"}]},{"@type":"WebSite","@id":"https:\/\/historiaintelectual.com.ar\/#website","url":"https:\/\/historiaintelectual.com.ar\/","name":"Historia Intelectual","description":"Center for Intellectual History","publisher":{"@id":"https:\/\/historiaintelectual.com.ar\/#organization"},"alternateName":"Centro de historia intelectual","potentialAction":[{"@type":"SearchAction","target":{"@type":"EntryPoint","urlTemplate":"https:\/\/historiaintelectual.com.ar\/?s={search_term_string}"},"query-input":{"@type":"PropertyValueSpecification","valueRequired":true,"valueName":"search_term_string"}}],"inLanguage":"en-US"},{"@type":"Organization","@id":"https:\/\/historiaintelectual.com.ar\/#organization","name":"Centro Historia Intelectual","url":"https:\/\/historiaintelectual.com.ar\/","logo":{"@type":"ImageObject","inLanguage":"en-US","@id":"https:\/\/historiaintelectual.com.ar\/#\/schema\/logo\/image\/","url":"https:\/\/historiaintelectual.com.ar\/wp-content\/uploads\/2025\/04\/logo-25.png","contentUrl":"https:\/\/historiaintelectual.com.ar\/wp-content\/uploads\/2025\/04\/logo-25.png","width":456,"height":456,"caption":"Centro Historia Intelectual"},"image":{"@id":"https:\/\/historiaintelectual.com.ar\/#\/schema\/logo\/image\/"},"sameAs":["https:\/\/www.facebook.com\/Centrodehistoriaintelectual\/","https:\/\/www.youtube.com\/channel\/UCGr8q_2-dchoqKT-jT5Lmfw","https:\/\/www.instagram.com\/chi_unq\/"]},{"@type":"Person","@id":"https:\/\/historiaintelectual.com.ar\/#\/schema\/person\/885c05ccc3314e2dec0bd9b0825c5912","name":"admin","url":"https:\/\/historiaintelectual.com.ar\/eng\/author\/admin\/"}]}},"_links":{"self":[{"href":"https:\/\/historiaintelectual.com.ar\/eng\/wp-json\/wp\/v2\/posts\/4406","targetHints":{"allow":["GET"]}}],"collection":[{"href":"https:\/\/historiaintelectual.com.ar\/eng\/wp-json\/wp\/v2\/posts"}],"about":[{"href":"https:\/\/historiaintelectual.com.ar\/eng\/wp-json\/wp\/v2\/types\/post"}],"author":[{"embeddable":true,"href":"https:\/\/historiaintelectual.com.ar\/eng\/wp-json\/wp\/v2\/users\/1"}],"replies":[{"embeddable":true,"href":"https:\/\/historiaintelectual.com.ar\/eng\/wp-json\/wp\/v2\/comments?post=4406"}],"version-history":[{"count":29,"href":"https:\/\/historiaintelectual.com.ar\/eng\/wp-json\/wp\/v2\/posts\/4406\/revisions"}],"predecessor-version":[{"id":11061,"href":"https:\/\/historiaintelectual.com.ar\/eng\/wp-json\/wp\/v2\/posts\/4406\/revisions\/11061"}],"wp:featuredmedia":[{"embeddable":true,"href":"https:\/\/historiaintelectual.com.ar\/eng\/wp-json\/wp\/v2\/media\/10926"}],"wp:attachment":[{"href":"https:\/\/historiaintelectual.com.ar\/eng\/wp-json\/wp\/v2\/media?parent=4406"}],"wp:term":[{"taxonomy":"category","embeddable":true,"href":"https:\/\/historiaintelectual.com.ar\/eng\/wp-json\/wp\/v2\/categories?post=4406"},{"taxonomy":"post_tag","embeddable":true,"href":"https:\/\/historiaintelectual.com.ar\/eng\/wp-json\/wp\/v2\/tags?post=4406"}],"curies":[{"name":"wp","href":"https:\/\/api.w.org\/{rel}","templated":true}]}}