{"id":4400,"date":"2015-08-11T16:07:04","date_gmt":"2015-08-11T16:07:04","guid":{"rendered":"http:\/\/historiaintelectual.com.ar\/desarrollo\/?p=4400"},"modified":"2025-09-25T10:15:00","modified_gmt":"2025-09-25T13:15:00","slug":"laura-prado","status":"publish","type":"post","link":"https:\/\/historiaintelectual.com.ar\/eng\/laura-prado\/","title":{"rendered":"Laura Prado Acosta"},"content":{"rendered":"<div data-elementor-type=\"wp-post\" data-elementor-id=\"4400\" class=\"elementor elementor-4400\" data-elementor-post-type=\"post\">\n\t\t\t\t<div class=\"elementor-element elementor-element-7542d4d5 e-flex e-con-boxed e-con e-parent\" data-id=\"7542d4d5\" data-element_type=\"container\" data-e-type=\"container\">\n\t\t\t\t\t<div class=\"e-con-inner\">\n\t\t<div class=\"elementor-element elementor-element-f686533 e-con-full e-flex e-con e-child\" data-id=\"f686533\" data-element_type=\"container\" data-e-type=\"container\">\n\t\t\t\t<div class=\"elementor-element elementor-element-7cbfff92 elementor-widget elementor-widget-theme-post-featured-image elementor-widget-image\" data-id=\"7cbfff92\" data-element_type=\"widget\" data-e-type=\"widget\" data-widget_type=\"theme-post-featured-image.default\">\n\t\t\t\t<div class=\"elementor-widget-container\">\n\t\t\t\t\t\t\t\t\t\t\t\t<figure class=\"wp-caption\">\n\t\t\t\t\t\t\t\t\t\t<img fetchpriority=\"high\" decoding=\"async\" width=\"2560\" height=\"1707\" src=\"https:\/\/historiaintelectual.com.ar\/wp-content\/uploads\/2015\/08\/Laura-Prado_78-scaled.jpg\" class=\"attachment-full size-full wp-image-10065\" alt=\"\" srcset=\"https:\/\/historiaintelectual.com.ar\/wp-content\/uploads\/2015\/08\/Laura-Prado_78-scaled.jpg 2560w, https:\/\/historiaintelectual.com.ar\/wp-content\/uploads\/2015\/08\/Laura-Prado_78-300x200.jpg 300w, https:\/\/historiaintelectual.com.ar\/wp-content\/uploads\/2015\/08\/Laura-Prado_78-1024x683.jpg 1024w, https:\/\/historiaintelectual.com.ar\/wp-content\/uploads\/2015\/08\/Laura-Prado_78-768x512.jpg 768w, https:\/\/historiaintelectual.com.ar\/wp-content\/uploads\/2015\/08\/Laura-Prado_78-1536x1024.jpg 1536w, https:\/\/historiaintelectual.com.ar\/wp-content\/uploads\/2015\/08\/Laura-Prado_78-2048x1365.jpg 2048w\" sizes=\"(max-width: 2560px) 100vw, 2560px\" \/>\t\t\t\t\t\t\t\t\t\t\t<figcaption class=\"widget-image-caption wp-caption-text\">Laura Prado Acosta <br> (Buenos Aires, 1981)<\/figcaption>\n\t\t\t\t\t\t\t\t\t\t<\/figure>\n\t\t\t\t\t\t\t\t\t<\/div>\n\t\t\t\t<\/div>\n\t\t\t\t<\/div>\n\t\t<div class=\"elementor-element elementor-element-690ca18 e-con-full e-flex e-con e-child\" data-id=\"690ca18\" data-element_type=\"container\" data-e-type=\"container\">\n\t\t\t\t<div class=\"elementor-element elementor-element-6017c71 elementor-widget elementor-widget-text-editor\" data-id=\"6017c71\" data-element_type=\"widget\" data-e-type=\"widget\" data-widget_type=\"text-editor.default\">\n\t\t\t\t<div class=\"elementor-widget-container\">\n\t\t\t\t\t\t\t\t\t<div>Laura Prado Acosta (PhD, Social Sciences, Universidad de Buenos Aires; M.A., Historical Research, Universidad de San Andr\u00e9s; B.A., History, Universidad de Buenos Aires) is a researcher at CONICET and has been a member of Center for Intellectual History at the Universidad Nacional de Quilmes since 2011.<\/div><div>She teaches the course, \u201cProblems in Argentine History\u201d as an adjunct professor at the Universidad Nacional Arturo Jauretche. Her research focuses on the link between intellectuals, artists, and communist parties in the Southern Cone. Her first book,\u00a0<i>Intelectuales y partido comunista: itinerario de H\u00e9ctor Agosti, 1930-1963<\/i>\u00a0(Raleigh, NC, 2014) was published with support from North Carolina State University. Her second book,\u00a0<i>Obreros de la cultura. Intelectuales, artistas y partidos comunistas en el Cono Sur, d\u00e9cadas de 1930 y 1940\u00a0<\/i>(Bernal, 2023), was published by the UNQ Press, offering a new perspective on the link between artists and the communist party in the South American region. Her current research examines connections between culture and party politics and the links between intellectuals and artists and mass culture, exploring both through the dimension of gender, and particularly in connection with the United States.<\/div><div>She has published academic articles in specialized journals in Argentina, Chile, France, and the United States.<\/div><div>\u00a0<\/div><div><a href=\"https:\/\/historiaintelectual.com.ar\/eng\/los-intelectuales-del-partido-comunista\/\">Published books<\/a><\/div>\t\t\t\t\t\t\t\t<\/div>\n\t\t\t\t<\/div>\n\t\t\t\t<\/div>\n\t\t\t\t\t<\/div>\n\t\t\t\t<\/div>\n\t\t\t\t<\/div>","protected":false},"excerpt":{"rendered":"<p>Graduada de la carrera de Historia en la Universidad de Buenos Aires en 2006, Mag\u00edster en investigaci\u00f3n hist\u00f3rica por la Universidad de San Andr\u00e9s (2008) y doctora en Ciencias Sociales (UBA, 2017). Investigadora en CONICET; forma parte del Centro de Historia Intelectual de la Universidad Nacional de Quilmes, desde 2011; y es profesora adjunta regular [&hellip;]<\/p>\n","protected":false},"author":1,"featured_media":10065,"comment_status":"closed","ping_status":"closed","sticky":false,"template":"","format":"standard","meta":{"footnotes":""},"categories":[94],"tags":[],"class_list":["post-4400","post","type-post","status-publish","format-standard","has-post-thumbnail","hentry","category-investigadores"],"yoast_head":"<!-- This site is optimized with the Yoast SEO plugin v27.3 - https:\/\/yoast.com\/product\/yoast-seo-wordpress\/ -->\n<title>Laura Prado Acosta &#187; Historia Intelectual<\/title>\n<meta name=\"robots\" content=\"index, follow, max-snippet:-1, max-image-preview:large, max-video-preview:-1\" \/>\n<link rel=\"canonical\" href=\"https:\/\/historiaintelectual.com.ar\/eng\/laura-prado\/\" \/>\n<meta property=\"og:locale\" content=\"en_US\" \/>\n<meta property=\"og:type\" content=\"article\" \/>\n<meta property=\"og:title\" content=\"Laura Prado Acosta &#187; Historia Intelectual\" \/>\n<meta property=\"og:description\" content=\"Graduada de la carrera de Historia en la Universidad de Buenos Aires en 2006, Mag\u00edster en investigaci\u00f3n hist\u00f3rica por la Universidad de San Andr\u00e9s (2008) y doctora en Ciencias Sociales (UBA, 2017). Investigadora en CONICET; forma parte del Centro de Historia Intelectual de la Universidad Nacional de Quilmes, desde 2011; y es profesora adjunta regular [&hellip;]\" \/>\n<meta property=\"og:url\" content=\"https:\/\/historiaintelectual.com.ar\/eng\/laura-prado\/\" \/>\n<meta property=\"og:site_name\" content=\"Historia Intelectual\" \/>\n<meta property=\"article:publisher\" content=\"https:\/\/www.facebook.com\/Centrodehistoriaintelectual\/\" \/>\n<meta property=\"article:published_time\" content=\"2015-08-11T16:07:04+00:00\" \/>\n<meta property=\"article:modified_time\" content=\"2025-09-25T13:15:00+00:00\" \/>\n<meta property=\"og:image\" content=\"https:\/\/historiaintelectual.com.ar\/wp-content\/uploads\/2015\/08\/Laura-Prado_78-scaled.jpg\" \/>\n\t<meta property=\"og:image:width\" content=\"2560\" \/>\n\t<meta property=\"og:image:height\" content=\"1707\" \/>\n\t<meta property=\"og:image:type\" content=\"image\/jpeg\" \/>\n<meta name=\"author\" content=\"admin\" \/>\n<script type=\"application\/ld+json\" class=\"yoast-schema-graph\">{\"@context\":\"https:\\\/\\\/schema.org\",\"@graph\":[{\"@type\":\"Article\",\"@id\":\"https:\\\/\\\/historiaintelectual.com.ar\\\/eng\\\/laura-prado\\\/#article\",\"isPartOf\":{\"@id\":\"https:\\\/\\\/historiaintelectual.com.ar\\\/eng\\\/laura-prado\\\/\"},\"author\":{\"name\":\"admin\",\"@id\":\"https:\\\/\\\/historiaintelectual.com.ar\\\/#\\\/schema\\\/person\\\/885c05ccc3314e2dec0bd9b0825c5912\"},\"headline\":\"Laura Prado Acosta\",\"datePublished\":\"2015-08-11T16:07:04+00:00\",\"dateModified\":\"2025-09-25T13:15:00+00:00\",\"mainEntityOfPage\":{\"@id\":\"https:\\\/\\\/historiaintelectual.com.ar\\\/eng\\\/laura-prado\\\/\"},\"wordCount\":229,\"publisher\":{\"@id\":\"https:\\\/\\\/historiaintelectual.com.ar\\\/#organization\"},\"image\":{\"@id\":\"https:\\\/\\\/historiaintelectual.com.ar\\\/eng\\\/laura-prado\\\/#primaryimage\"},\"thumbnailUrl\":\"https:\\\/\\\/historiaintelectual.com.ar\\\/wp-content\\\/uploads\\\/2015\\\/08\\\/Laura-Prado_78-scaled.jpg\",\"articleSection\":[\"Investigadores\"],\"inLanguage\":\"en-US\"},{\"@type\":\"WebPage\",\"@id\":\"https:\\\/\\\/historiaintelectual.com.ar\\\/eng\\\/laura-prado\\\/\",\"url\":\"https:\\\/\\\/historiaintelectual.com.ar\\\/eng\\\/laura-prado\\\/\",\"name\":\"Laura Prado Acosta &#187; Historia Intelectual\",\"isPartOf\":{\"@id\":\"https:\\\/\\\/historiaintelectual.com.ar\\\/#website\"},\"primaryImageOfPage\":{\"@id\":\"https:\\\/\\\/historiaintelectual.com.ar\\\/eng\\\/laura-prado\\\/#primaryimage\"},\"image\":{\"@id\":\"https:\\\/\\\/historiaintelectual.com.ar\\\/eng\\\/laura-prado\\\/#primaryimage\"},\"thumbnailUrl\":\"https:\\\/\\\/historiaintelectual.com.ar\\\/wp-content\\\/uploads\\\/2015\\\/08\\\/Laura-Prado_78-scaled.jpg\",\"datePublished\":\"2015-08-11T16:07:04+00:00\",\"dateModified\":\"2025-09-25T13:15:00+00:00\",\"breadcrumb\":{\"@id\":\"https:\\\/\\\/historiaintelectual.com.ar\\\/eng\\\/laura-prado\\\/#breadcrumb\"},\"inLanguage\":\"en-US\",\"potentialAction\":[{\"@type\":\"ReadAction\",\"target\":[\"https:\\\/\\\/historiaintelectual.com.ar\\\/eng\\\/laura-prado\\\/\"]}]},{\"@type\":\"ImageObject\",\"inLanguage\":\"en-US\",\"@id\":\"https:\\\/\\\/historiaintelectual.com.ar\\\/eng\\\/laura-prado\\\/#primaryimage\",\"url\":\"https:\\\/\\\/historiaintelectual.com.ar\\\/wp-content\\\/uploads\\\/2015\\\/08\\\/Laura-Prado_78-scaled.jpg\",\"contentUrl\":\"https:\\\/\\\/historiaintelectual.com.ar\\\/wp-content\\\/uploads\\\/2015\\\/08\\\/Laura-Prado_78-scaled.jpg\",\"width\":2560,\"height\":1707},{\"@type\":\"BreadcrumbList\",\"@id\":\"https:\\\/\\\/historiaintelectual.com.ar\\\/eng\\\/laura-prado\\\/#breadcrumb\",\"itemListElement\":[{\"@type\":\"ListItem\",\"position\":1,\"name\":\"Portada\",\"item\":\"https:\\\/\\\/historiaintelectual.com.ar\\\/\"},{\"@type\":\"ListItem\",\"position\":2,\"name\":\"Laura Prado Acosta\"}]},{\"@type\":\"WebSite\",\"@id\":\"https:\\\/\\\/historiaintelectual.com.ar\\\/#website\",\"url\":\"https:\\\/\\\/historiaintelectual.com.ar\\\/\",\"name\":\"Historia Intelectual\",\"description\":\"Centro de Historia Intelectual\",\"publisher\":{\"@id\":\"https:\\\/\\\/historiaintelectual.com.ar\\\/#organization\"},\"alternateName\":\"Centro de historia intelectual\",\"potentialAction\":[{\"@type\":\"SearchAction\",\"target\":{\"@type\":\"EntryPoint\",\"urlTemplate\":\"https:\\\/\\\/historiaintelectual.com.ar\\\/?s={search_term_string}\"},\"query-input\":{\"@type\":\"PropertyValueSpecification\",\"valueRequired\":true,\"valueName\":\"search_term_string\"}}],\"inLanguage\":\"en-US\"},{\"@type\":\"Organization\",\"@id\":\"https:\\\/\\\/historiaintelectual.com.ar\\\/#organization\",\"name\":\"Centro Historia Intelectual\",\"url\":\"https:\\\/\\\/historiaintelectual.com.ar\\\/\",\"logo\":{\"@type\":\"ImageObject\",\"inLanguage\":\"en-US\",\"@id\":\"https:\\\/\\\/historiaintelectual.com.ar\\\/#\\\/schema\\\/logo\\\/image\\\/\",\"url\":\"https:\\\/\\\/historiaintelectual.com.ar\\\/wp-content\\\/uploads\\\/2025\\\/04\\\/logo-25.png\",\"contentUrl\":\"https:\\\/\\\/historiaintelectual.com.ar\\\/wp-content\\\/uploads\\\/2025\\\/04\\\/logo-25.png\",\"width\":456,\"height\":456,\"caption\":\"Centro Historia Intelectual\"},\"image\":{\"@id\":\"https:\\\/\\\/historiaintelectual.com.ar\\\/#\\\/schema\\\/logo\\\/image\\\/\"},\"sameAs\":[\"https:\\\/\\\/www.facebook.com\\\/Centrodehistoriaintelectual\\\/\",\"https:\\\/\\\/www.youtube.com\\\/channel\\\/UCGr8q_2-dchoqKT-jT5Lmfw\",\"https:\\\/\\\/www.instagram.com\\\/chi_unq\\\/\"]},{\"@type\":\"Person\",\"@id\":\"https:\\\/\\\/historiaintelectual.com.ar\\\/#\\\/schema\\\/person\\\/885c05ccc3314e2dec0bd9b0825c5912\",\"name\":\"admin\",\"url\":\"https:\\\/\\\/historiaintelectual.com.ar\\\/eng\\\/author\\\/admin\\\/\"}]}<\/script>\n<!-- \/ Yoast SEO plugin. -->","yoast_head_json":{"title":"Laura Prado Acosta &#187; Historia Intelectual","robots":{"index":"index","follow":"follow","max-snippet":"max-snippet:-1","max-image-preview":"max-image-preview:large","max-video-preview":"max-video-preview:-1"},"canonical":"https:\/\/historiaintelectual.com.ar\/eng\/laura-prado\/","og_locale":"en_US","og_type":"article","og_title":"Laura Prado Acosta &#187; Historia Intelectual","og_description":"Graduada de la carrera de Historia en la Universidad de Buenos Aires en 2006, Mag\u00edster en investigaci\u00f3n hist\u00f3rica por la Universidad de San Andr\u00e9s (2008) y doctora en Ciencias Sociales (UBA, 2017). Investigadora en CONICET; forma parte del Centro de Historia Intelectual de la Universidad Nacional de Quilmes, desde 2011; y es profesora adjunta regular [&hellip;]","og_url":"https:\/\/historiaintelectual.com.ar\/eng\/laura-prado\/","og_site_name":"Historia Intelectual","article_publisher":"https:\/\/www.facebook.com\/Centrodehistoriaintelectual\/","article_published_time":"2015-08-11T16:07:04+00:00","article_modified_time":"2025-09-25T13:15:00+00:00","og_image":[{"width":2560,"height":1707,"url":"https:\/\/historiaintelectual.com.ar\/wp-content\/uploads\/2015\/08\/Laura-Prado_78-scaled.jpg","type":"image\/jpeg"}],"author":"admin","schema":{"@context":"https:\/\/schema.org","@graph":[{"@type":"Article","@id":"https:\/\/historiaintelectual.com.ar\/eng\/laura-prado\/#article","isPartOf":{"@id":"https:\/\/historiaintelectual.com.ar\/eng\/laura-prado\/"},"author":{"name":"admin","@id":"https:\/\/historiaintelectual.com.ar\/#\/schema\/person\/885c05ccc3314e2dec0bd9b0825c5912"},"headline":"Laura Prado Acosta","datePublished":"2015-08-11T16:07:04+00:00","dateModified":"2025-09-25T13:15:00+00:00","mainEntityOfPage":{"@id":"https:\/\/historiaintelectual.com.ar\/eng\/laura-prado\/"},"wordCount":229,"publisher":{"@id":"https:\/\/historiaintelectual.com.ar\/#organization"},"image":{"@id":"https:\/\/historiaintelectual.com.ar\/eng\/laura-prado\/#primaryimage"},"thumbnailUrl":"https:\/\/historiaintelectual.com.ar\/wp-content\/uploads\/2015\/08\/Laura-Prado_78-scaled.jpg","articleSection":["Investigadores"],"inLanguage":"en-US"},{"@type":"WebPage","@id":"https:\/\/historiaintelectual.com.ar\/eng\/laura-prado\/","url":"https:\/\/historiaintelectual.com.ar\/eng\/laura-prado\/","name":"Laura Prado Acosta &#187; Historia Intelectual","isPartOf":{"@id":"https:\/\/historiaintelectual.com.ar\/#website"},"primaryImageOfPage":{"@id":"https:\/\/historiaintelectual.com.ar\/eng\/laura-prado\/#primaryimage"},"image":{"@id":"https:\/\/historiaintelectual.com.ar\/eng\/laura-prado\/#primaryimage"},"thumbnailUrl":"https:\/\/historiaintelectual.com.ar\/wp-content\/uploads\/2015\/08\/Laura-Prado_78-scaled.jpg","datePublished":"2015-08-11T16:07:04+00:00","dateModified":"2025-09-25T13:15:00+00:00","breadcrumb":{"@id":"https:\/\/historiaintelectual.com.ar\/eng\/laura-prado\/#breadcrumb"},"inLanguage":"en-US","potentialAction":[{"@type":"ReadAction","target":["https:\/\/historiaintelectual.com.ar\/eng\/laura-prado\/"]}]},{"@type":"ImageObject","inLanguage":"en-US","@id":"https:\/\/historiaintelectual.com.ar\/eng\/laura-prado\/#primaryimage","url":"https:\/\/historiaintelectual.com.ar\/wp-content\/uploads\/2015\/08\/Laura-Prado_78-scaled.jpg","contentUrl":"https:\/\/historiaintelectual.com.ar\/wp-content\/uploads\/2015\/08\/Laura-Prado_78-scaled.jpg","width":2560,"height":1707},{"@type":"BreadcrumbList","@id":"https:\/\/historiaintelectual.com.ar\/eng\/laura-prado\/#breadcrumb","itemListElement":[{"@type":"ListItem","position":1,"name":"Portada","item":"https:\/\/historiaintelectual.com.ar\/"},{"@type":"ListItem","position":2,"name":"Laura Prado Acosta"}]},{"@type":"WebSite","@id":"https:\/\/historiaintelectual.com.ar\/#website","url":"https:\/\/historiaintelectual.com.ar\/","name":"Historia Intelectual","description":"Center for Intellectual History","publisher":{"@id":"https:\/\/historiaintelectual.com.ar\/#organization"},"alternateName":"Centro de historia intelectual","potentialAction":[{"@type":"SearchAction","target":{"@type":"EntryPoint","urlTemplate":"https:\/\/historiaintelectual.com.ar\/?s={search_term_string}"},"query-input":{"@type":"PropertyValueSpecification","valueRequired":true,"valueName":"search_term_string"}}],"inLanguage":"en-US"},{"@type":"Organization","@id":"https:\/\/historiaintelectual.com.ar\/#organization","name":"Centro Historia Intelectual","url":"https:\/\/historiaintelectual.com.ar\/","logo":{"@type":"ImageObject","inLanguage":"en-US","@id":"https:\/\/historiaintelectual.com.ar\/#\/schema\/logo\/image\/","url":"https:\/\/historiaintelectual.com.ar\/wp-content\/uploads\/2025\/04\/logo-25.png","contentUrl":"https:\/\/historiaintelectual.com.ar\/wp-content\/uploads\/2025\/04\/logo-25.png","width":456,"height":456,"caption":"Centro Historia Intelectual"},"image":{"@id":"https:\/\/historiaintelectual.com.ar\/#\/schema\/logo\/image\/"},"sameAs":["https:\/\/www.facebook.com\/Centrodehistoriaintelectual\/","https:\/\/www.youtube.com\/channel\/UCGr8q_2-dchoqKT-jT5Lmfw","https:\/\/www.instagram.com\/chi_unq\/"]},{"@type":"Person","@id":"https:\/\/historiaintelectual.com.ar\/#\/schema\/person\/885c05ccc3314e2dec0bd9b0825c5912","name":"admin","url":"https:\/\/historiaintelectual.com.ar\/eng\/author\/admin\/"}]}},"_links":{"self":[{"href":"https:\/\/historiaintelectual.com.ar\/eng\/wp-json\/wp\/v2\/posts\/4400","targetHints":{"allow":["GET"]}}],"collection":[{"href":"https:\/\/historiaintelectual.com.ar\/eng\/wp-json\/wp\/v2\/posts"}],"about":[{"href":"https:\/\/historiaintelectual.com.ar\/eng\/wp-json\/wp\/v2\/types\/post"}],"author":[{"embeddable":true,"href":"https:\/\/historiaintelectual.com.ar\/eng\/wp-json\/wp\/v2\/users\/1"}],"replies":[{"embeddable":true,"href":"https:\/\/historiaintelectual.com.ar\/eng\/wp-json\/wp\/v2\/comments?post=4400"}],"version-history":[{"count":19,"href":"https:\/\/historiaintelectual.com.ar\/eng\/wp-json\/wp\/v2\/posts\/4400\/revisions"}],"predecessor-version":[{"id":10573,"href":"https:\/\/historiaintelectual.com.ar\/eng\/wp-json\/wp\/v2\/posts\/4400\/revisions\/10573"}],"wp:featuredmedia":[{"embeddable":true,"href":"https:\/\/historiaintelectual.com.ar\/eng\/wp-json\/wp\/v2\/media\/10065"}],"wp:attachment":[{"href":"https:\/\/historiaintelectual.com.ar\/eng\/wp-json\/wp\/v2\/media?parent=4400"}],"wp:term":[{"taxonomy":"category","embeddable":true,"href":"https:\/\/historiaintelectual.com.ar\/eng\/wp-json\/wp\/v2\/categories?post=4400"},{"taxonomy":"post_tag","embeddable":true,"href":"https:\/\/historiaintelectual.com.ar\/eng\/wp-json\/wp\/v2\/tags?post=4400"}],"curies":[{"name":"wp","href":"https:\/\/api.w.org\/{rel}","templated":true}]}}