{"id":4388,"date":"2015-08-11T15:54:02","date_gmt":"2015-08-11T15:54:02","guid":{"rendered":"http:\/\/historiaintelectual.com.ar\/desarrollo\/?p=4388"},"modified":"2025-09-26T16:38:36","modified_gmt":"2025-09-26T19:38:36","slug":"zunino-singh-dan","status":"publish","type":"post","link":"https:\/\/historiaintelectual.com.ar\/eng\/zunino-singh-dan\/","title":{"rendered":"Dhan Zunino Singh"},"content":{"rendered":"<div data-elementor-type=\"wp-post\" data-elementor-id=\"4388\" class=\"elementor elementor-4388\" data-elementor-post-type=\"post\">\n\t\t\t\t<div class=\"elementor-element elementor-element-76541f62 e-flex e-con-boxed e-con e-parent\" data-id=\"76541f62\" data-element_type=\"container\" data-e-type=\"container\">\n\t\t\t\t\t<div class=\"e-con-inner\">\n\t\t<div class=\"elementor-element elementor-element-5cac7744 e-con-full e-flex e-con e-child\" data-id=\"5cac7744\" data-element_type=\"container\" data-e-type=\"container\">\n\t\t\t\t<div class=\"elementor-element elementor-element-290f5cc4 elementor-widget elementor-widget-theme-post-featured-image elementor-widget-image\" data-id=\"290f5cc4\" data-element_type=\"widget\" data-e-type=\"widget\" data-widget_type=\"theme-post-featured-image.default\">\n\t\t\t\t<div class=\"elementor-widget-container\">\n\t\t\t\t\t\t\t\t\t\t\t\t<figure class=\"wp-caption\">\n\t\t\t\t\t\t\t\t\t\t<img fetchpriority=\"high\" decoding=\"async\" width=\"450\" height=\"450\" src=\"https:\/\/historiaintelectual.com.ar\/wp-content\/uploads\/2015\/08\/dhan.jpg\" class=\"attachment-full size-full wp-image-7106\" alt=\"\" \/>\t\t\t\t\t\t\t\t\t\t\t<figcaption class=\"widget-image-caption wp-caption-text\">Dhan Zunino Singh <br>(Henderson, Buenos Aires, 1975)<\/figcaption>\n\t\t\t\t\t\t\t\t\t\t<\/figure>\n\t\t\t\t\t\t\t\t\t<\/div>\n\t\t\t\t<\/div>\n\t\t\t\t<\/div>\n\t\t<div class=\"elementor-element elementor-element-606947e2 e-con-full e-flex e-con e-child\" data-id=\"606947e2\" data-element_type=\"container\" data-e-type=\"container\">\n\t\t\t\t<div class=\"elementor-element elementor-element-29c8268e elementor-widget elementor-widget-text-editor\" data-id=\"29c8268e\" data-element_type=\"widget\" data-e-type=\"widget\" data-widget_type=\"text-editor.default\">\n\t\t\t\t<div class=\"elementor-widget-container\">\n\t\t\t\t\t\t\t\t\t<p>Dhan Zunino Singh (B.A., Sociology, History and Criticism of Architecture and Urbanism, University of Buenos Aires; M.A., Sociology of Culture, IDAES, Universidad Nacional de San Mart\u00edn; PhD, History, Institute of Historical Research, University of London) is an Independent researcher at CONICET, a member of the Center for Intellectual History and IESCT, and professor of History and Sociology at the Universidad Nacional de Quilmes. He teaches graduate courses at UNQ, UBA-TUB, and UNSAM.<\/p><p>Se form\u00f3 como soci\u00f3logo y se especializ\u00f3 en Historia y Cr\u00edtica de la Arquitectura y el Urbanismo (ambos t\u00edtulos de la Universidad de Buenos Aires). Realiz\u00f3 su Maestr\u00eda en Sociolog\u00eda de la Cultura en el IDAES, Universidad Nacional de San Mart\u00edn, y se doctor\u00f3 en historia en el Institute of Historical Research, University of London.<\/p><p>He is director of the Space, Technology, and Culture Laboratory (CHI-IESCT, UNQ) and associate editor of the <em>Journal of Transport History.<\/em>.<\/p><p>Within the framework of urban cultural history, his research focuses on the relationship between space, society, technologies, and mobility, investigating how mobilities are conceived, produced, and experienced. His work has been published in various national and international journals. He is co-author of <em>Infraestructura y Estado<\/em> (UNQ, 2024), and co-editor of the book <em>Nuevos T\u00e9rminos clave de los estudios de movilidad en Am\u00e9rica Latina<\/em> (Teseo, 2023), <em>Pensar las infraestructuras en Latinoam\u00e9rica<\/em> (Teseo, 2021) and <em>T\u00e9rminos clave de los estudios de movilidad en Am\u00e9rica Latina<\/em> (Biblos, 2018).<\/p><p><strong><a href=\"https:\/\/historiaintelectual.com.ar\/eng\/dhan-zunino-singh\/\">Published books<\/a><\/strong><\/p>\t\t\t\t\t\t\t\t<\/div>\n\t\t\t\t<\/div>\n\t\t\t\t<\/div>\n\t\t\t\t\t<\/div>\n\t\t\t\t<\/div>\n\t\t\t\t<\/div>","protected":false},"excerpt":{"rendered":"<p>Investigador Independiente del CONICET, miembro del Centro de Historia Intelectual y del IESCT, y docente de Historia y Sociolog\u00eda en la Universidad Nacional de Quilmes. Es docente de posgrado en la UNQ, UBA-TUB y UNSAM. Se form\u00f3 como soci\u00f3logo y se especializ\u00f3 en Historia y Cr\u00edtica de la Arquitectura y el Urbanismo (ambos t\u00edtulos de [&hellip;]<\/p>\n","protected":false},"author":1,"featured_media":7106,"comment_status":"closed","ping_status":"closed","sticky":false,"template":"","format":"standard","meta":{"footnotes":""},"categories":[94],"tags":[],"class_list":["post-4388","post","type-post","status-publish","format-standard","has-post-thumbnail","hentry","category-investigadores"],"yoast_head":"<!-- This site is optimized with the Yoast SEO plugin v27.3 - https:\/\/yoast.com\/product\/yoast-seo-wordpress\/ -->\n<title>Dhan Zunino Singh &#187; Historia Intelectual<\/title>\n<meta name=\"robots\" content=\"index, follow, max-snippet:-1, max-image-preview:large, max-video-preview:-1\" \/>\n<link rel=\"canonical\" href=\"https:\/\/historiaintelectual.com.ar\/eng\/zunino-singh-dan\/\" \/>\n<meta property=\"og:locale\" content=\"en_US\" \/>\n<meta property=\"og:type\" content=\"article\" \/>\n<meta property=\"og:title\" content=\"Dhan Zunino Singh &#187; Historia Intelectual\" \/>\n<meta property=\"og:description\" content=\"Investigador Independiente del CONICET, miembro del Centro de Historia Intelectual y del IESCT, y docente de Historia y Sociolog\u00eda en la Universidad Nacional de Quilmes. Es docente de posgrado en la UNQ, UBA-TUB y UNSAM. Se form\u00f3 como soci\u00f3logo y se especializ\u00f3 en Historia y Cr\u00edtica de la Arquitectura y el Urbanismo (ambos t\u00edtulos de [&hellip;]\" \/>\n<meta property=\"og:url\" content=\"https:\/\/historiaintelectual.com.ar\/eng\/zunino-singh-dan\/\" \/>\n<meta property=\"og:site_name\" content=\"Historia Intelectual\" \/>\n<meta property=\"article:publisher\" content=\"https:\/\/www.facebook.com\/Centrodehistoriaintelectual\/\" \/>\n<meta property=\"article:published_time\" content=\"2015-08-11T15:54:02+00:00\" \/>\n<meta property=\"article:modified_time\" content=\"2025-09-26T19:38:36+00:00\" \/>\n<meta property=\"og:image\" content=\"https:\/\/historiaintelectual.com.ar\/wp-content\/uploads\/2015\/08\/dhan.jpg\" \/>\n\t<meta property=\"og:image:width\" content=\"450\" \/>\n\t<meta property=\"og:image:height\" content=\"450\" \/>\n\t<meta property=\"og:image:type\" content=\"image\/jpeg\" \/>\n<meta name=\"author\" content=\"admin\" \/>\n<script type=\"application\/ld+json\" class=\"yoast-schema-graph\">{\"@context\":\"https:\\\/\\\/schema.org\",\"@graph\":[{\"@type\":\"Article\",\"@id\":\"https:\\\/\\\/historiaintelectual.com.ar\\\/zunino-singh-dan\\\/#article\",\"isPartOf\":{\"@id\":\"https:\\\/\\\/historiaintelectual.com.ar\\\/zunino-singh-dan\\\/\"},\"author\":{\"name\":\"admin\",\"@id\":\"https:\\\/\\\/historiaintelectual.com.ar\\\/#\\\/schema\\\/person\\\/885c05ccc3314e2dec0bd9b0825c5912\"},\"headline\":\"Dhan Zunino Singh\",\"datePublished\":\"2015-08-11T15:54:02+00:00\",\"dateModified\":\"2025-09-26T19:38:36+00:00\",\"mainEntityOfPage\":{\"@id\":\"https:\\\/\\\/historiaintelectual.com.ar\\\/zunino-singh-dan\\\/\"},\"wordCount\":211,\"publisher\":{\"@id\":\"https:\\\/\\\/historiaintelectual.com.ar\\\/#organization\"},\"image\":{\"@id\":\"https:\\\/\\\/historiaintelectual.com.ar\\\/zunino-singh-dan\\\/#primaryimage\"},\"thumbnailUrl\":\"https:\\\/\\\/historiaintelectual.com.ar\\\/wp-content\\\/uploads\\\/2015\\\/08\\\/dhan.jpg\",\"articleSection\":[\"Investigadores\"],\"inLanguage\":\"en-US\"},{\"@type\":\"WebPage\",\"@id\":\"https:\\\/\\\/historiaintelectual.com.ar\\\/zunino-singh-dan\\\/\",\"url\":\"https:\\\/\\\/historiaintelectual.com.ar\\\/zunino-singh-dan\\\/\",\"name\":\"Dhan Zunino Singh &#187; Historia Intelectual\",\"isPartOf\":{\"@id\":\"https:\\\/\\\/historiaintelectual.com.ar\\\/#website\"},\"primaryImageOfPage\":{\"@id\":\"https:\\\/\\\/historiaintelectual.com.ar\\\/zunino-singh-dan\\\/#primaryimage\"},\"image\":{\"@id\":\"https:\\\/\\\/historiaintelectual.com.ar\\\/zunino-singh-dan\\\/#primaryimage\"},\"thumbnailUrl\":\"https:\\\/\\\/historiaintelectual.com.ar\\\/wp-content\\\/uploads\\\/2015\\\/08\\\/dhan.jpg\",\"datePublished\":\"2015-08-11T15:54:02+00:00\",\"dateModified\":\"2025-09-26T19:38:36+00:00\",\"breadcrumb\":{\"@id\":\"https:\\\/\\\/historiaintelectual.com.ar\\\/zunino-singh-dan\\\/#breadcrumb\"},\"inLanguage\":\"en-US\",\"potentialAction\":[{\"@type\":\"ReadAction\",\"target\":[\"https:\\\/\\\/historiaintelectual.com.ar\\\/zunino-singh-dan\\\/\"]}]},{\"@type\":\"ImageObject\",\"inLanguage\":\"en-US\",\"@id\":\"https:\\\/\\\/historiaintelectual.com.ar\\\/zunino-singh-dan\\\/#primaryimage\",\"url\":\"https:\\\/\\\/historiaintelectual.com.ar\\\/wp-content\\\/uploads\\\/2015\\\/08\\\/dhan.jpg\",\"contentUrl\":\"https:\\\/\\\/historiaintelectual.com.ar\\\/wp-content\\\/uploads\\\/2015\\\/08\\\/dhan.jpg\",\"width\":450,\"height\":450},{\"@type\":\"BreadcrumbList\",\"@id\":\"https:\\\/\\\/historiaintelectual.com.ar\\\/zunino-singh-dan\\\/#breadcrumb\",\"itemListElement\":[{\"@type\":\"ListItem\",\"position\":1,\"name\":\"Portada\",\"item\":\"https:\\\/\\\/historiaintelectual.com.ar\\\/\"},{\"@type\":\"ListItem\",\"position\":2,\"name\":\"Dhan Zunino Singh\"}]},{\"@type\":\"WebSite\",\"@id\":\"https:\\\/\\\/historiaintelectual.com.ar\\\/#website\",\"url\":\"https:\\\/\\\/historiaintelectual.com.ar\\\/\",\"name\":\"Historia Intelectual\",\"description\":\"Centro de Historia Intelectual\",\"publisher\":{\"@id\":\"https:\\\/\\\/historiaintelectual.com.ar\\\/#organization\"},\"alternateName\":\"Centro de historia intelectual\",\"potentialAction\":[{\"@type\":\"SearchAction\",\"target\":{\"@type\":\"EntryPoint\",\"urlTemplate\":\"https:\\\/\\\/historiaintelectual.com.ar\\\/?s={search_term_string}\"},\"query-input\":{\"@type\":\"PropertyValueSpecification\",\"valueRequired\":true,\"valueName\":\"search_term_string\"}}],\"inLanguage\":\"en-US\"},{\"@type\":\"Organization\",\"@id\":\"https:\\\/\\\/historiaintelectual.com.ar\\\/#organization\",\"name\":\"Centro Historia Intelectual\",\"url\":\"https:\\\/\\\/historiaintelectual.com.ar\\\/\",\"logo\":{\"@type\":\"ImageObject\",\"inLanguage\":\"en-US\",\"@id\":\"https:\\\/\\\/historiaintelectual.com.ar\\\/#\\\/schema\\\/logo\\\/image\\\/\",\"url\":\"https:\\\/\\\/historiaintelectual.com.ar\\\/wp-content\\\/uploads\\\/2025\\\/04\\\/logo-25.png\",\"contentUrl\":\"https:\\\/\\\/historiaintelectual.com.ar\\\/wp-content\\\/uploads\\\/2025\\\/04\\\/logo-25.png\",\"width\":456,\"height\":456,\"caption\":\"Centro Historia Intelectual\"},\"image\":{\"@id\":\"https:\\\/\\\/historiaintelectual.com.ar\\\/#\\\/schema\\\/logo\\\/image\\\/\"},\"sameAs\":[\"https:\\\/\\\/www.facebook.com\\\/Centrodehistoriaintelectual\\\/\",\"https:\\\/\\\/www.youtube.com\\\/channel\\\/UCGr8q_2-dchoqKT-jT5Lmfw\",\"https:\\\/\\\/www.instagram.com\\\/chi_unq\\\/\"]},{\"@type\":\"Person\",\"@id\":\"https:\\\/\\\/historiaintelectual.com.ar\\\/#\\\/schema\\\/person\\\/885c05ccc3314e2dec0bd9b0825c5912\",\"name\":\"admin\",\"url\":\"https:\\\/\\\/historiaintelectual.com.ar\\\/eng\\\/author\\\/admin\\\/\"}]}<\/script>\n<!-- \/ Yoast SEO plugin. -->","yoast_head_json":{"title":"Dhan Zunino Singh &#187; Historia Intelectual","robots":{"index":"index","follow":"follow","max-snippet":"max-snippet:-1","max-image-preview":"max-image-preview:large","max-video-preview":"max-video-preview:-1"},"canonical":"https:\/\/historiaintelectual.com.ar\/eng\/zunino-singh-dan\/","og_locale":"en_US","og_type":"article","og_title":"Dhan Zunino Singh &#187; Historia Intelectual","og_description":"Investigador Independiente del CONICET, miembro del Centro de Historia Intelectual y del IESCT, y docente de Historia y Sociolog\u00eda en la Universidad Nacional de Quilmes. Es docente de posgrado en la UNQ, UBA-TUB y UNSAM. Se form\u00f3 como soci\u00f3logo y se especializ\u00f3 en Historia y Cr\u00edtica de la Arquitectura y el Urbanismo (ambos t\u00edtulos de [&hellip;]","og_url":"https:\/\/historiaintelectual.com.ar\/eng\/zunino-singh-dan\/","og_site_name":"Historia Intelectual","article_publisher":"https:\/\/www.facebook.com\/Centrodehistoriaintelectual\/","article_published_time":"2015-08-11T15:54:02+00:00","article_modified_time":"2025-09-26T19:38:36+00:00","og_image":[{"width":450,"height":450,"url":"https:\/\/historiaintelectual.com.ar\/wp-content\/uploads\/2015\/08\/dhan.jpg","type":"image\/jpeg"}],"author":"admin","schema":{"@context":"https:\/\/schema.org","@graph":[{"@type":"Article","@id":"https:\/\/historiaintelectual.com.ar\/zunino-singh-dan\/#article","isPartOf":{"@id":"https:\/\/historiaintelectual.com.ar\/zunino-singh-dan\/"},"author":{"name":"admin","@id":"https:\/\/historiaintelectual.com.ar\/#\/schema\/person\/885c05ccc3314e2dec0bd9b0825c5912"},"headline":"Dhan Zunino Singh","datePublished":"2015-08-11T15:54:02+00:00","dateModified":"2025-09-26T19:38:36+00:00","mainEntityOfPage":{"@id":"https:\/\/historiaintelectual.com.ar\/zunino-singh-dan\/"},"wordCount":211,"publisher":{"@id":"https:\/\/historiaintelectual.com.ar\/#organization"},"image":{"@id":"https:\/\/historiaintelectual.com.ar\/zunino-singh-dan\/#primaryimage"},"thumbnailUrl":"https:\/\/historiaintelectual.com.ar\/wp-content\/uploads\/2015\/08\/dhan.jpg","articleSection":["Investigadores"],"inLanguage":"en-US"},{"@type":"WebPage","@id":"https:\/\/historiaintelectual.com.ar\/zunino-singh-dan\/","url":"https:\/\/historiaintelectual.com.ar\/zunino-singh-dan\/","name":"Dhan Zunino Singh &#187; Historia Intelectual","isPartOf":{"@id":"https:\/\/historiaintelectual.com.ar\/#website"},"primaryImageOfPage":{"@id":"https:\/\/historiaintelectual.com.ar\/zunino-singh-dan\/#primaryimage"},"image":{"@id":"https:\/\/historiaintelectual.com.ar\/zunino-singh-dan\/#primaryimage"},"thumbnailUrl":"https:\/\/historiaintelectual.com.ar\/wp-content\/uploads\/2015\/08\/dhan.jpg","datePublished":"2015-08-11T15:54:02+00:00","dateModified":"2025-09-26T19:38:36+00:00","breadcrumb":{"@id":"https:\/\/historiaintelectual.com.ar\/zunino-singh-dan\/#breadcrumb"},"inLanguage":"en-US","potentialAction":[{"@type":"ReadAction","target":["https:\/\/historiaintelectual.com.ar\/zunino-singh-dan\/"]}]},{"@type":"ImageObject","inLanguage":"en-US","@id":"https:\/\/historiaintelectual.com.ar\/zunino-singh-dan\/#primaryimage","url":"https:\/\/historiaintelectual.com.ar\/wp-content\/uploads\/2015\/08\/dhan.jpg","contentUrl":"https:\/\/historiaintelectual.com.ar\/wp-content\/uploads\/2015\/08\/dhan.jpg","width":450,"height":450},{"@type":"BreadcrumbList","@id":"https:\/\/historiaintelectual.com.ar\/zunino-singh-dan\/#breadcrumb","itemListElement":[{"@type":"ListItem","position":1,"name":"Portada","item":"https:\/\/historiaintelectual.com.ar\/"},{"@type":"ListItem","position":2,"name":"Dhan Zunino Singh"}]},{"@type":"WebSite","@id":"https:\/\/historiaintelectual.com.ar\/#website","url":"https:\/\/historiaintelectual.com.ar\/","name":"Historia Intelectual","description":"Center for Intellectual History","publisher":{"@id":"https:\/\/historiaintelectual.com.ar\/#organization"},"alternateName":"Centro de historia intelectual","potentialAction":[{"@type":"SearchAction","target":{"@type":"EntryPoint","urlTemplate":"https:\/\/historiaintelectual.com.ar\/?s={search_term_string}"},"query-input":{"@type":"PropertyValueSpecification","valueRequired":true,"valueName":"search_term_string"}}],"inLanguage":"en-US"},{"@type":"Organization","@id":"https:\/\/historiaintelectual.com.ar\/#organization","name":"Centro Historia Intelectual","url":"https:\/\/historiaintelectual.com.ar\/","logo":{"@type":"ImageObject","inLanguage":"en-US","@id":"https:\/\/historiaintelectual.com.ar\/#\/schema\/logo\/image\/","url":"https:\/\/historiaintelectual.com.ar\/wp-content\/uploads\/2025\/04\/logo-25.png","contentUrl":"https:\/\/historiaintelectual.com.ar\/wp-content\/uploads\/2025\/04\/logo-25.png","width":456,"height":456,"caption":"Centro Historia Intelectual"},"image":{"@id":"https:\/\/historiaintelectual.com.ar\/#\/schema\/logo\/image\/"},"sameAs":["https:\/\/www.facebook.com\/Centrodehistoriaintelectual\/","https:\/\/www.youtube.com\/channel\/UCGr8q_2-dchoqKT-jT5Lmfw","https:\/\/www.instagram.com\/chi_unq\/"]},{"@type":"Person","@id":"https:\/\/historiaintelectual.com.ar\/#\/schema\/person\/885c05ccc3314e2dec0bd9b0825c5912","name":"admin","url":"https:\/\/historiaintelectual.com.ar\/eng\/author\/admin\/"}]}},"_links":{"self":[{"href":"https:\/\/historiaintelectual.com.ar\/eng\/wp-json\/wp\/v2\/posts\/4388","targetHints":{"allow":["GET"]}}],"collection":[{"href":"https:\/\/historiaintelectual.com.ar\/eng\/wp-json\/wp\/v2\/posts"}],"about":[{"href":"https:\/\/historiaintelectual.com.ar\/eng\/wp-json\/wp\/v2\/types\/post"}],"author":[{"embeddable":true,"href":"https:\/\/historiaintelectual.com.ar\/eng\/wp-json\/wp\/v2\/users\/1"}],"replies":[{"embeddable":true,"href":"https:\/\/historiaintelectual.com.ar\/eng\/wp-json\/wp\/v2\/comments?post=4388"}],"version-history":[{"count":22,"href":"https:\/\/historiaintelectual.com.ar\/eng\/wp-json\/wp\/v2\/posts\/4388\/revisions"}],"predecessor-version":[{"id":10664,"href":"https:\/\/historiaintelectual.com.ar\/eng\/wp-json\/wp\/v2\/posts\/4388\/revisions\/10664"}],"wp:featuredmedia":[{"embeddable":true,"href":"https:\/\/historiaintelectual.com.ar\/eng\/wp-json\/wp\/v2\/media\/7106"}],"wp:attachment":[{"href":"https:\/\/historiaintelectual.com.ar\/eng\/wp-json\/wp\/v2\/media?parent=4388"}],"wp:term":[{"taxonomy":"category","embeddable":true,"href":"https:\/\/historiaintelectual.com.ar\/eng\/wp-json\/wp\/v2\/categories?post=4388"},{"taxonomy":"post_tag","embeddable":true,"href":"https:\/\/historiaintelectual.com.ar\/eng\/wp-json\/wp\/v2\/tags?post=4388"}],"curies":[{"name":"wp","href":"https:\/\/api.w.org\/{rel}","templated":true}]}}