{"id":4153,"date":"2015-09-27T15:05:21","date_gmt":"2015-09-27T15:05:21","guid":{"rendered":"http:\/\/historiaintelectual.com.ar\/desarrollo\/?p=4153"},"modified":"2025-09-25T09:59:43","modified_gmt":"2025-09-25T12:59:43","slug":"carlos-altamirano","status":"publish","type":"post","link":"https:\/\/historiaintelectual.com.ar\/eng\/carlos-altamirano\/","title":{"rendered":"Carlos Altamirano"},"content":{"rendered":"<div data-elementor-type=\"wp-post\" data-elementor-id=\"4153\" class=\"elementor elementor-4153\" data-elementor-post-type=\"post\">\n\t\t\t\t<div class=\"elementor-element elementor-element-1b90f70 e-flex e-con-boxed e-con e-parent\" data-id=\"1b90f70\" data-element_type=\"container\" data-e-type=\"container\">\n\t\t\t\t\t<div class=\"e-con-inner\">\n\t\t<div class=\"elementor-element elementor-element-35dc3fd e-con-full e-flex e-con e-child\" data-id=\"35dc3fd\" data-element_type=\"container\" data-e-type=\"container\">\n\t\t\t\t<div class=\"elementor-element elementor-element-0aedbad elementor-widget elementor-widget-theme-post-featured-image elementor-widget-image\" data-id=\"0aedbad\" data-element_type=\"widget\" data-e-type=\"widget\" data-widget_type=\"theme-post-featured-image.default\">\n\t\t\t\t<div class=\"elementor-widget-container\">\n\t\t\t\t\t\t\t\t\t\t\t\t<figure class=\"wp-caption\">\n\t\t\t\t\t\t\t\t\t\t<img fetchpriority=\"high\" decoding=\"async\" width=\"292\" height=\"254\" src=\"https:\/\/historiaintelectual.com.ar\/wp-content\/uploads\/2015\/07\/thumb_carlos-altamirano.jpg\" class=\"attachment-full size-full wp-image-4319\" alt=\"\" srcset=\"https:\/\/historiaintelectual.com.ar\/wp-content\/uploads\/2015\/07\/thumb_carlos-altamirano.jpg 292w, https:\/\/historiaintelectual.com.ar\/wp-content\/uploads\/2015\/07\/thumb_carlos-altamirano-120x105.jpg 120w\" sizes=\"(max-width: 292px) 100vw, 292px\" \/>\t\t\t\t\t\t\t\t\t\t\t<figcaption class=\"widget-image-caption wp-caption-text\">Carlos Altamirano <br> (Corrientes, 1939)<\/figcaption>\n\t\t\t\t\t\t\t\t\t\t<\/figure>\n\t\t\t\t\t\t\t\t\t<\/div>\n\t\t\t\t<\/div>\n\t\t\t\t<\/div>\n\t\t<div class=\"elementor-element elementor-element-b6140b3 e-con-full e-flex e-con e-child\" data-id=\"b6140b3\" data-element_type=\"container\" data-e-type=\"container\">\n\t\t\t\t<div class=\"elementor-element elementor-element-187fe98 elementor-widget elementor-widget-text-editor\" data-id=\"187fe98\" data-element_type=\"widget\" data-e-type=\"widget\" data-widget_type=\"text-editor.default\">\n\t\t\t\t<div class=\"elementor-widget-container\">\n\t\t\t\t\t\t\t\t\t<p>Carlos Altamirano is a retired Researcher with CONICET and Professor Emeritus at the Universidad Nacional de Quilmes (UNQ). He was the creator and director of the Intersecciones collection published by UNQ Press and is a member of the editorial board of\u00a0<em>Prismas,  revista de historia intelectual<\/em>, published by the same press.<\/p><p>He served as director of the Center for Studies and Research and the Program of Intellectual History at UNQ and a member of the cultural criticism magazine\u00a0<em>Punto de vista.<\/em>He has taught courses and given lectures at universities in Argentina, the United States, and Europe. In 2008, he served as Visiting Professor in the Department of Romance Languages at Harvard University.<\/p><p>He is the author of, among other works:\u00a0<em>Frondizi: el hombre de ideas como pol\u00edtico <\/em>(1998),\u00a0<em>Peronismo y cultura de izquierda<\/em>\u00a0(2001),\u00a0<em>Bajo el signo de las masas, 1943-1973<\/em>\u00a0(2001);\u00a0<em>Para un programa de historia intelectual<\/em>\u00a0(2005);\u00a0<em>Intelectuales. Notas de investigaci\u00f3n<\/em>\u00a0In collaboration with Beatriz Sarlo, he wrote <em>Literatura\/sociedad<\/em>\u00a0(1983) and\u00a0<em>Ensayos argentinos: de Sarmiento a la vanguardia <\/em>(1997). He was responsible for editing the dictionary\u00a0<em>T\u00e9rminos cr\u00edticos de sociolog\u00eda de la cultura<\/em> (2002). He was awarded the Konex Prize for political essays in 2004 and 2007, the John S. Guggenheim Fellowship in 2004, and the Robert F. Kennedy Fellowship in 2008.<\/p><p><a href=\"https:\/\/historiaintelectual.com.ar\/eng\/carlos-altamirano-2\/\">Published books<\/a><\/p>\t\t\t\t\t\t\t\t<\/div>\n\t\t\t\t<\/div>\n\t\t\t\t<\/div>\n\t\t\t\t\t<\/div>\n\t\t\t\t<\/div>\n\t\t\t\t<\/div>","protected":false},"excerpt":{"rendered":"<p>Es investigador del Conicet y profesor em\u00e9rito de la Universidad de Nacional de Quilmes (UNQ). Es director de la colecci\u00f3n Intersecciones de la Editorial de la UNQ e integra el consejo de direcci\u00f3n de\u00a0Prismas, revista de historia intelectual, de la misma editorial. Dirigi\u00f3 el Centro de Estudios e Investigaciones y el Programa de Historia Intelectual [&hellip;]<\/p>\n","protected":false},"author":1,"featured_media":4319,"comment_status":"closed","ping_status":"closed","sticky":false,"template":"","format":"standard","meta":{"footnotes":""},"categories":[94],"tags":[],"class_list":["post-4153","post","type-post","status-publish","format-standard","has-post-thumbnail","hentry","category-investigadores"],"yoast_head":"<!-- This site is optimized with the Yoast SEO plugin v27.3 - https:\/\/yoast.com\/product\/yoast-seo-wordpress\/ -->\n<title>Carlos Altamirano &#187; Historia Intelectual<\/title>\n<meta name=\"robots\" content=\"index, follow, max-snippet:-1, max-image-preview:large, max-video-preview:-1\" \/>\n<link rel=\"canonical\" href=\"https:\/\/historiaintelectual.com.ar\/eng\/carlos-altamirano\/\" \/>\n<meta property=\"og:locale\" content=\"en_US\" \/>\n<meta property=\"og:type\" content=\"article\" \/>\n<meta property=\"og:title\" content=\"Carlos Altamirano &#187; Historia Intelectual\" \/>\n<meta property=\"og:description\" content=\"Es investigador del Conicet y profesor em\u00e9rito de la Universidad de Nacional de Quilmes (UNQ). Es director de la colecci\u00f3n Intersecciones de la Editorial de la UNQ e integra el consejo de direcci\u00f3n de\u00a0Prismas, revista de historia intelectual, de la misma editorial. Dirigi\u00f3 el Centro de Estudios e Investigaciones y el Programa de Historia Intelectual [&hellip;]\" \/>\n<meta property=\"og:url\" content=\"https:\/\/historiaintelectual.com.ar\/eng\/carlos-altamirano\/\" \/>\n<meta property=\"og:site_name\" content=\"Historia Intelectual\" \/>\n<meta property=\"article:publisher\" content=\"https:\/\/www.facebook.com\/Centrodehistoriaintelectual\/\" \/>\n<meta property=\"article:published_time\" content=\"2015-09-27T15:05:21+00:00\" \/>\n<meta property=\"article:modified_time\" content=\"2025-09-25T12:59:43+00:00\" \/>\n<meta property=\"og:image\" content=\"https:\/\/historiaintelectual.com.ar\/wp-content\/uploads\/2015\/07\/thumb_carlos-altamirano.jpg\" \/>\n\t<meta property=\"og:image:width\" content=\"292\" \/>\n\t<meta property=\"og:image:height\" content=\"254\" \/>\n\t<meta property=\"og:image:type\" content=\"image\/jpeg\" \/>\n<meta name=\"author\" content=\"admin\" \/>\n<script type=\"application\/ld+json\" class=\"yoast-schema-graph\">{\"@context\":\"https:\\\/\\\/schema.org\",\"@graph\":[{\"@type\":\"Article\",\"@id\":\"https:\\\/\\\/historiaintelectual.com.ar\\\/carlos-altamirano\\\/#article\",\"isPartOf\":{\"@id\":\"https:\\\/\\\/historiaintelectual.com.ar\\\/carlos-altamirano\\\/\"},\"author\":{\"name\":\"admin\",\"@id\":\"https:\\\/\\\/historiaintelectual.com.ar\\\/#\\\/schema\\\/person\\\/885c05ccc3314e2dec0bd9b0825c5912\"},\"headline\":\"Carlos Altamirano\",\"datePublished\":\"2015-09-27T15:05:21+00:00\",\"dateModified\":\"2025-09-25T12:59:43+00:00\",\"mainEntityOfPage\":{\"@id\":\"https:\\\/\\\/historiaintelectual.com.ar\\\/carlos-altamirano\\\/\"},\"wordCount\":205,\"publisher\":{\"@id\":\"https:\\\/\\\/historiaintelectual.com.ar\\\/#organization\"},\"image\":{\"@id\":\"https:\\\/\\\/historiaintelectual.com.ar\\\/carlos-altamirano\\\/#primaryimage\"},\"thumbnailUrl\":\"https:\\\/\\\/historiaintelectual.com.ar\\\/wp-content\\\/uploads\\\/2015\\\/07\\\/thumb_carlos-altamirano.jpg\",\"articleSection\":[\"Investigadores\"],\"inLanguage\":\"en-US\"},{\"@type\":\"WebPage\",\"@id\":\"https:\\\/\\\/historiaintelectual.com.ar\\\/carlos-altamirano\\\/\",\"url\":\"https:\\\/\\\/historiaintelectual.com.ar\\\/carlos-altamirano\\\/\",\"name\":\"Carlos Altamirano &#187; Historia Intelectual\",\"isPartOf\":{\"@id\":\"https:\\\/\\\/historiaintelectual.com.ar\\\/#website\"},\"primaryImageOfPage\":{\"@id\":\"https:\\\/\\\/historiaintelectual.com.ar\\\/carlos-altamirano\\\/#primaryimage\"},\"image\":{\"@id\":\"https:\\\/\\\/historiaintelectual.com.ar\\\/carlos-altamirano\\\/#primaryimage\"},\"thumbnailUrl\":\"https:\\\/\\\/historiaintelectual.com.ar\\\/wp-content\\\/uploads\\\/2015\\\/07\\\/thumb_carlos-altamirano.jpg\",\"datePublished\":\"2015-09-27T15:05:21+00:00\",\"dateModified\":\"2025-09-25T12:59:43+00:00\",\"breadcrumb\":{\"@id\":\"https:\\\/\\\/historiaintelectual.com.ar\\\/carlos-altamirano\\\/#breadcrumb\"},\"inLanguage\":\"en-US\",\"potentialAction\":[{\"@type\":\"ReadAction\",\"target\":[\"https:\\\/\\\/historiaintelectual.com.ar\\\/carlos-altamirano\\\/\"]}]},{\"@type\":\"ImageObject\",\"inLanguage\":\"en-US\",\"@id\":\"https:\\\/\\\/historiaintelectual.com.ar\\\/carlos-altamirano\\\/#primaryimage\",\"url\":\"https:\\\/\\\/historiaintelectual.com.ar\\\/wp-content\\\/uploads\\\/2015\\\/07\\\/thumb_carlos-altamirano.jpg\",\"contentUrl\":\"https:\\\/\\\/historiaintelectual.com.ar\\\/wp-content\\\/uploads\\\/2015\\\/07\\\/thumb_carlos-altamirano.jpg\",\"width\":292,\"height\":254},{\"@type\":\"BreadcrumbList\",\"@id\":\"https:\\\/\\\/historiaintelectual.com.ar\\\/carlos-altamirano\\\/#breadcrumb\",\"itemListElement\":[{\"@type\":\"ListItem\",\"position\":1,\"name\":\"Portada\",\"item\":\"https:\\\/\\\/historiaintelectual.com.ar\\\/\"},{\"@type\":\"ListItem\",\"position\":2,\"name\":\"Carlos Altamirano\"}]},{\"@type\":\"WebSite\",\"@id\":\"https:\\\/\\\/historiaintelectual.com.ar\\\/#website\",\"url\":\"https:\\\/\\\/historiaintelectual.com.ar\\\/\",\"name\":\"Historia Intelectual\",\"description\":\"Centro de Historia Intelectual\",\"publisher\":{\"@id\":\"https:\\\/\\\/historiaintelectual.com.ar\\\/#organization\"},\"alternateName\":\"Centro de historia intelectual\",\"potentialAction\":[{\"@type\":\"SearchAction\",\"target\":{\"@type\":\"EntryPoint\",\"urlTemplate\":\"https:\\\/\\\/historiaintelectual.com.ar\\\/?s={search_term_string}\"},\"query-input\":{\"@type\":\"PropertyValueSpecification\",\"valueRequired\":true,\"valueName\":\"search_term_string\"}}],\"inLanguage\":\"en-US\"},{\"@type\":\"Organization\",\"@id\":\"https:\\\/\\\/historiaintelectual.com.ar\\\/#organization\",\"name\":\"Centro Historia Intelectual\",\"url\":\"https:\\\/\\\/historiaintelectual.com.ar\\\/\",\"logo\":{\"@type\":\"ImageObject\",\"inLanguage\":\"en-US\",\"@id\":\"https:\\\/\\\/historiaintelectual.com.ar\\\/#\\\/schema\\\/logo\\\/image\\\/\",\"url\":\"https:\\\/\\\/historiaintelectual.com.ar\\\/wp-content\\\/uploads\\\/2025\\\/04\\\/logo-25.png\",\"contentUrl\":\"https:\\\/\\\/historiaintelectual.com.ar\\\/wp-content\\\/uploads\\\/2025\\\/04\\\/logo-25.png\",\"width\":456,\"height\":456,\"caption\":\"Centro Historia Intelectual\"},\"image\":{\"@id\":\"https:\\\/\\\/historiaintelectual.com.ar\\\/#\\\/schema\\\/logo\\\/image\\\/\"},\"sameAs\":[\"https:\\\/\\\/www.facebook.com\\\/Centrodehistoriaintelectual\\\/\",\"https:\\\/\\\/www.youtube.com\\\/channel\\\/UCGr8q_2-dchoqKT-jT5Lmfw\",\"https:\\\/\\\/www.instagram.com\\\/chi_unq\\\/\"]},{\"@type\":\"Person\",\"@id\":\"https:\\\/\\\/historiaintelectual.com.ar\\\/#\\\/schema\\\/person\\\/885c05ccc3314e2dec0bd9b0825c5912\",\"name\":\"admin\",\"url\":\"https:\\\/\\\/historiaintelectual.com.ar\\\/eng\\\/author\\\/admin\\\/\"}]}<\/script>\n<!-- \/ Yoast SEO plugin. -->","yoast_head_json":{"title":"Carlos Altamirano &#187; Historia Intelectual","robots":{"index":"index","follow":"follow","max-snippet":"max-snippet:-1","max-image-preview":"max-image-preview:large","max-video-preview":"max-video-preview:-1"},"canonical":"https:\/\/historiaintelectual.com.ar\/eng\/carlos-altamirano\/","og_locale":"en_US","og_type":"article","og_title":"Carlos Altamirano &#187; Historia Intelectual","og_description":"Es investigador del Conicet y profesor em\u00e9rito de la Universidad de Nacional de Quilmes (UNQ). Es director de la colecci\u00f3n Intersecciones de la Editorial de la UNQ e integra el consejo de direcci\u00f3n de\u00a0Prismas, revista de historia intelectual, de la misma editorial. Dirigi\u00f3 el Centro de Estudios e Investigaciones y el Programa de Historia Intelectual [&hellip;]","og_url":"https:\/\/historiaintelectual.com.ar\/eng\/carlos-altamirano\/","og_site_name":"Historia Intelectual","article_publisher":"https:\/\/www.facebook.com\/Centrodehistoriaintelectual\/","article_published_time":"2015-09-27T15:05:21+00:00","article_modified_time":"2025-09-25T12:59:43+00:00","og_image":[{"width":292,"height":254,"url":"https:\/\/historiaintelectual.com.ar\/wp-content\/uploads\/2015\/07\/thumb_carlos-altamirano.jpg","type":"image\/jpeg"}],"author":"admin","schema":{"@context":"https:\/\/schema.org","@graph":[{"@type":"Article","@id":"https:\/\/historiaintelectual.com.ar\/carlos-altamirano\/#article","isPartOf":{"@id":"https:\/\/historiaintelectual.com.ar\/carlos-altamirano\/"},"author":{"name":"admin","@id":"https:\/\/historiaintelectual.com.ar\/#\/schema\/person\/885c05ccc3314e2dec0bd9b0825c5912"},"headline":"Carlos Altamirano","datePublished":"2015-09-27T15:05:21+00:00","dateModified":"2025-09-25T12:59:43+00:00","mainEntityOfPage":{"@id":"https:\/\/historiaintelectual.com.ar\/carlos-altamirano\/"},"wordCount":205,"publisher":{"@id":"https:\/\/historiaintelectual.com.ar\/#organization"},"image":{"@id":"https:\/\/historiaintelectual.com.ar\/carlos-altamirano\/#primaryimage"},"thumbnailUrl":"https:\/\/historiaintelectual.com.ar\/wp-content\/uploads\/2015\/07\/thumb_carlos-altamirano.jpg","articleSection":["Investigadores"],"inLanguage":"en-US"},{"@type":"WebPage","@id":"https:\/\/historiaintelectual.com.ar\/carlos-altamirano\/","url":"https:\/\/historiaintelectual.com.ar\/carlos-altamirano\/","name":"Carlos Altamirano &#187; Historia Intelectual","isPartOf":{"@id":"https:\/\/historiaintelectual.com.ar\/#website"},"primaryImageOfPage":{"@id":"https:\/\/historiaintelectual.com.ar\/carlos-altamirano\/#primaryimage"},"image":{"@id":"https:\/\/historiaintelectual.com.ar\/carlos-altamirano\/#primaryimage"},"thumbnailUrl":"https:\/\/historiaintelectual.com.ar\/wp-content\/uploads\/2015\/07\/thumb_carlos-altamirano.jpg","datePublished":"2015-09-27T15:05:21+00:00","dateModified":"2025-09-25T12:59:43+00:00","breadcrumb":{"@id":"https:\/\/historiaintelectual.com.ar\/carlos-altamirano\/#breadcrumb"},"inLanguage":"en-US","potentialAction":[{"@type":"ReadAction","target":["https:\/\/historiaintelectual.com.ar\/carlos-altamirano\/"]}]},{"@type":"ImageObject","inLanguage":"en-US","@id":"https:\/\/historiaintelectual.com.ar\/carlos-altamirano\/#primaryimage","url":"https:\/\/historiaintelectual.com.ar\/wp-content\/uploads\/2015\/07\/thumb_carlos-altamirano.jpg","contentUrl":"https:\/\/historiaintelectual.com.ar\/wp-content\/uploads\/2015\/07\/thumb_carlos-altamirano.jpg","width":292,"height":254},{"@type":"BreadcrumbList","@id":"https:\/\/historiaintelectual.com.ar\/carlos-altamirano\/#breadcrumb","itemListElement":[{"@type":"ListItem","position":1,"name":"Portada","item":"https:\/\/historiaintelectual.com.ar\/"},{"@type":"ListItem","position":2,"name":"Carlos Altamirano"}]},{"@type":"WebSite","@id":"https:\/\/historiaintelectual.com.ar\/#website","url":"https:\/\/historiaintelectual.com.ar\/","name":"Historia Intelectual","description":"Center for Intellectual History","publisher":{"@id":"https:\/\/historiaintelectual.com.ar\/#organization"},"alternateName":"Centro de historia intelectual","potentialAction":[{"@type":"SearchAction","target":{"@type":"EntryPoint","urlTemplate":"https:\/\/historiaintelectual.com.ar\/?s={search_term_string}"},"query-input":{"@type":"PropertyValueSpecification","valueRequired":true,"valueName":"search_term_string"}}],"inLanguage":"en-US"},{"@type":"Organization","@id":"https:\/\/historiaintelectual.com.ar\/#organization","name":"Centro Historia Intelectual","url":"https:\/\/historiaintelectual.com.ar\/","logo":{"@type":"ImageObject","inLanguage":"en-US","@id":"https:\/\/historiaintelectual.com.ar\/#\/schema\/logo\/image\/","url":"https:\/\/historiaintelectual.com.ar\/wp-content\/uploads\/2025\/04\/logo-25.png","contentUrl":"https:\/\/historiaintelectual.com.ar\/wp-content\/uploads\/2025\/04\/logo-25.png","width":456,"height":456,"caption":"Centro Historia Intelectual"},"image":{"@id":"https:\/\/historiaintelectual.com.ar\/#\/schema\/logo\/image\/"},"sameAs":["https:\/\/www.facebook.com\/Centrodehistoriaintelectual\/","https:\/\/www.youtube.com\/channel\/UCGr8q_2-dchoqKT-jT5Lmfw","https:\/\/www.instagram.com\/chi_unq\/"]},{"@type":"Person","@id":"https:\/\/historiaintelectual.com.ar\/#\/schema\/person\/885c05ccc3314e2dec0bd9b0825c5912","name":"admin","url":"https:\/\/historiaintelectual.com.ar\/eng\/author\/admin\/"}]}},"_links":{"self":[{"href":"https:\/\/historiaintelectual.com.ar\/eng\/wp-json\/wp\/v2\/posts\/4153","targetHints":{"allow":["GET"]}}],"collection":[{"href":"https:\/\/historiaintelectual.com.ar\/eng\/wp-json\/wp\/v2\/posts"}],"about":[{"href":"https:\/\/historiaintelectual.com.ar\/eng\/wp-json\/wp\/v2\/types\/post"}],"author":[{"embeddable":true,"href":"https:\/\/historiaintelectual.com.ar\/eng\/wp-json\/wp\/v2\/users\/1"}],"replies":[{"embeddable":true,"href":"https:\/\/historiaintelectual.com.ar\/eng\/wp-json\/wp\/v2\/comments?post=4153"}],"version-history":[{"count":27,"href":"https:\/\/historiaintelectual.com.ar\/eng\/wp-json\/wp\/v2\/posts\/4153\/revisions"}],"predecessor-version":[{"id":10544,"href":"https:\/\/historiaintelectual.com.ar\/eng\/wp-json\/wp\/v2\/posts\/4153\/revisions\/10544"}],"wp:featuredmedia":[{"embeddable":true,"href":"https:\/\/historiaintelectual.com.ar\/eng\/wp-json\/wp\/v2\/media\/4319"}],"wp:attachment":[{"href":"https:\/\/historiaintelectual.com.ar\/eng\/wp-json\/wp\/v2\/media?parent=4153"}],"wp:term":[{"taxonomy":"category","embeddable":true,"href":"https:\/\/historiaintelectual.com.ar\/eng\/wp-json\/wp\/v2\/categories?post=4153"},{"taxonomy":"post_tag","embeddable":true,"href":"https:\/\/historiaintelectual.com.ar\/eng\/wp-json\/wp\/v2\/tags?post=4153"}],"curies":[{"name":"wp","href":"https:\/\/api.w.org\/{rel}","templated":true}]}}