{"id":11448,"date":"2026-04-29T18:08:58","date_gmt":"2026-04-29T21:08:58","guid":{"rendered":"https:\/\/historiaintelectual.com.ar\/?p=11448"},"modified":"2026-04-29T18:48:06","modified_gmt":"2026-04-29T21:48:06","slug":"novedad-editorial-serie-latin-american-intellectual-history-series","status":"publish","type":"post","link":"https:\/\/historiaintelectual.com.ar\/eng\/novedad-editorial-serie-latin-american-intellectual-history-series\/","title":{"rendered":"New publishing: \u201cLatin American Intellectual History Series\u201d"},"content":{"rendered":"<div data-elementor-type=\"wp-post\" data-elementor-id=\"11448\" class=\"elementor elementor-11448\" data-elementor-post-type=\"post\">\n\t\t\t\t<div class=\"elementor-element elementor-element-08ed315 e-con-full e-flex e-con e-parent\" data-id=\"08ed315\" data-element_type=\"container\" data-e-type=\"container\">\n\t\t\t\t<div class=\"elementor-element elementor-element-9cb12fb elementor-widget elementor-widget-theme-post-title elementor-page-title elementor-widget-heading\" data-id=\"9cb12fb\" data-element_type=\"widget\" data-e-type=\"widget\" data-widget_type=\"theme-post-title.default\">\n\t\t\t\t<div class=\"elementor-widget-container\">\n\t\t\t\t\t<h2 class=\"elementor-heading-title elementor-size-default\">New publishing: \u201cLatin American Intellectual History Series\u201d<\/h2>\t\t\t\t<\/div>\n\t\t\t\t<\/div>\n\t\t\t\t<div class=\"elementor-element elementor-element-0170ac0 elementor-widget__width-inherit elementor-widget elementor-widget-image\" data-id=\"0170ac0\" data-element_type=\"widget\" data-e-type=\"widget\" data-widget_type=\"image.default\">\n\t\t\t\t<div class=\"elementor-widget-container\">\n\t\t\t\t\t\t\t\t\t\t\t\t\t\t\t<img fetchpriority=\"high\" decoding=\"async\" width=\"436\" height=\"207\" src=\"https:\/\/historiaintelectual.com.ar\/wp-content\/uploads\/2026\/04\/lasa_prismas.png\" class=\"attachment-medium_large size-medium_large wp-image-11449\" alt=\"\" srcset=\"https:\/\/historiaintelectual.com.ar\/wp-content\/uploads\/2026\/04\/lasa_prismas.png 436w, https:\/\/historiaintelectual.com.ar\/wp-content\/uploads\/2026\/04\/lasa_prismas-300x142.png 300w, https:\/\/historiaintelectual.com.ar\/wp-content\/uploads\/2026\/04\/lasa_prismas-18x9.png 18w\" sizes=\"(max-width: 436px) 100vw, 436px\" \/>\t\t\t\t\t\t\t\t\t\t\t\t\t\t\t<\/div>\n\t\t\t\t<\/div>\n\t\t\t\t<div class=\"elementor-element elementor-element-4a4018c elementor-widget elementor-widget-text-editor\" data-id=\"4a4018c\" data-element_type=\"widget\" data-e-type=\"widget\" data-widget_type=\"text-editor.default\">\n\t\t\t\t<div class=\"elementor-widget-container\">\n\t\t\t\t\t\t\t\t\t<p><span style=\"font-weight: 400;\">We are pleased to announce the launch of the <\/span><span style=\"font-weight: 400;\">\u00a0\u201cLatin American Intellectual History Series\u201d<\/span><span style=\"font-weight: 400;\">a joint initiative of LASA Press and Prismas Ediciones (Center for Intellectual History, National University of Quilmes). The series is part of LASA Press\u2019s existing collection, \u201cIn Translation: Key Books in Latin American Studies,\u201d with a more specific objective: the translation into English of works relevant to the field of <\/span><b>Latin American intellectual history.<\/b><\/p><p><span style=\"font-weight: 400;\">The first book in the collection is the English translation of the seminal work by Argentine author<\/span><b> Claudia Gilman, <\/b><b><i>Between the Pen and the Rifle.<\/i><\/b><b>.<\/b><span style=\"font-weight: 400;\"> In this work, Gilman analyzes the \u201cfourteen prodigious years\u201d spanning from the Cuban Revolution of 1959 to the fall of Salvador Allende\u2019s government in 1973. The author examines the functioning of the cultural market, the connections between literary genres and social transformations, and, especially, the vicissitudes of magazines, which reflect different facets of literary and cultural life.\u00a0<\/span><\/p>\t\t\t\t\t\t\t\t<\/div>\n\t\t\t\t<\/div>\n\t\t\t\t<div class=\"elementor-element elementor-element-9e6fc61 elementor-widget__width-inherit elementor-widget elementor-widget-image\" data-id=\"9e6fc61\" data-element_type=\"widget\" data-e-type=\"widget\" data-widget_type=\"image.default\">\n\t\t\t\t<div class=\"elementor-widget-container\">\n\t\t\t\t\t\t\t\t\t\t\t\t\t\t\t<img decoding=\"async\" width=\"768\" height=\"1176\" src=\"https:\/\/historiaintelectual.com.ar\/wp-content\/uploads\/2026\/04\/Tapa-Gilman-1-768x1176.jpg\" class=\"attachment-medium_large size-medium_large wp-image-11450\" alt=\"\" srcset=\"https:\/\/historiaintelectual.com.ar\/wp-content\/uploads\/2026\/04\/Tapa-Gilman-1-768x1176.jpg 768w, https:\/\/historiaintelectual.com.ar\/wp-content\/uploads\/2026\/04\/Tapa-Gilman-1-196x300.jpg 196w, https:\/\/historiaintelectual.com.ar\/wp-content\/uploads\/2026\/04\/Tapa-Gilman-1-669x1024.jpg 669w, https:\/\/historiaintelectual.com.ar\/wp-content\/uploads\/2026\/04\/Tapa-Gilman-1-8x12.jpg 8w, https:\/\/historiaintelectual.com.ar\/wp-content\/uploads\/2026\/04\/Tapa-Gilman-1.jpg 879w\" sizes=\"(max-width: 768px) 100vw, 768px\" \/>\t\t\t\t\t\t\t\t\t\t\t\t\t\t\t<\/div>\n\t\t\t\t<\/div>\n\t\t\t\t<div class=\"elementor-element elementor-element-6bf5fd9 elementor-widget elementor-widget-text-editor\" data-id=\"6bf5fd9\" data-element_type=\"widget\" data-e-type=\"widget\" data-widget_type=\"text-editor.default\">\n\t\t\t\t<div class=\"elementor-widget-container\">\n\t\t\t\t\t\t\t\t\t<p><span style=\"font-weight: 400;\">In keeping with the long tradition of the Center for Intellectual History, the series defines this field very broadly as the historical study of the symbolic dimension of social life. It is an inclusive definition of diverse traditions, encompassing varied perspectives, from conceptual history to the history of ideas, from the sociology of intellectuals to cultural history, among many others. This includes the study of ideas considered as acts of discourse, ideological languages, and works of thought and artistic expression, seeking to examine how these elements intertwine in the social fabric, and tracing the trajectories of intellectuals and their institutions. The approach seeks to integrate the intrinsic meaning of the works and their materiality: the textual or physical formats through which ideas are produced and disseminated. It may also include the study of more diffuse cultural dimensions, such as social imaginaries, collective representations, and urban cultures.<\/span><\/p><h5><b>About \"<\/b><b>Latin American Intellectual History Series\u201d<\/b><\/h5><p><span style=\"font-weight: 400;\">The editorial board for this collection consists of Natalia Majluf (LASA Press), Cristina Soriano (LASA Press), Laura Ehrlich (Prismas Ediciones), and Adri\u00e1n Gorelik (Prismas Ediciones). The second book in the series, the classic <\/span><b><i>Modernity and Independences<\/i><\/b> <b>by  Francois-Xavier Guerra, will be pubished soon.\u00a0<\/b><\/p><p><span style=\"font-weight: 400;\">In this way, the collection seeks to bring together works already considered fundamental for their contribution to understanding the cultural life of the continent, alongside more recent, innovative works that challenge and renew the methodologies of intellectual history, and promotes their circulation in English to broaden their international reach.\u00a0<\/span><\/p><p><a href=\"https:\/\/lasapress.org\/books\/series\/latin-american-intellectual-history-series\"><span style=\"font-weight: 400;\"><strong>Learn more.<\/strong><\/span><\/a><\/p>\t\t\t\t\t\t\t\t<\/div>\n\t\t\t\t<\/div>\n\t\t\t\t<\/div>\n\t\t\t\t<\/div>","protected":false},"excerpt":{"rendered":"<p>Lanzamiento de la Latin American Intellectual History Series, una iniciativa conjunta de Prismas Ediciones (UNQ) y LASA Press  orientada a la traducci\u00f3n al ingl\u00e9s de obras clave del campo. El primer t\u00edtulo es Entre la pluma y el fusil, de Claudia Gilman, <\/p>","protected":false},"author":96742469,"featured_media":11449,"comment_status":"closed","ping_status":"closed","sticky":false,"template":"","format":"standard","meta":{"footnotes":""},"categories":[213],"tags":[],"class_list":["post-11448","post","type-post","status-publish","format-standard","has-post-thumbnail","hentry","category-novedades"],"yoast_head":"<!-- This site is optimized with the Yoast SEO plugin v27.3 - https:\/\/yoast.com\/product\/yoast-seo-wordpress\/ -->\n<title>Novedad editorial: Serie \u201cLatin American Intellectual History Series\u201d &#187; Historia Intelectual<\/title>\n<meta name=\"robots\" content=\"index, follow, max-snippet:-1, max-image-preview:large, max-video-preview:-1\" \/>\n<link rel=\"canonical\" href=\"https:\/\/historiaintelectual.com.ar\/eng\/novedad-editorial-serie-latin-american-intellectual-history-series\/\" \/>\n<meta property=\"og:locale\" content=\"en_US\" \/>\n<meta property=\"og:type\" content=\"article\" \/>\n<meta property=\"og:title\" content=\"Novedad editorial: Serie \u201cLatin American Intellectual History Series\u201d &#187; Historia Intelectual\" \/>\n<meta property=\"og:description\" content=\"Lanzamiento de la Latin American Intellectual History Series, una iniciativa conjunta de Prismas Ediciones (UNQ) y LASA Press orientada a la traducci\u00f3n al ingl\u00e9s de obras clave del campo. El primer t\u00edtulo es Entre la pluma y el fusil, de Claudia Gilman,\" \/>\n<meta property=\"og:url\" content=\"https:\/\/historiaintelectual.com.ar\/eng\/novedad-editorial-serie-latin-american-intellectual-history-series\/\" \/>\n<meta property=\"og:site_name\" content=\"Historia Intelectual\" \/>\n<meta property=\"article:publisher\" content=\"https:\/\/www.facebook.com\/Centrodehistoriaintelectual\/\" \/>\n<meta property=\"article:published_time\" content=\"2026-04-29T21:08:58+00:00\" \/>\n<meta property=\"article:modified_time\" content=\"2026-04-29T21:48:06+00:00\" \/>\n<meta property=\"og:image\" content=\"https:\/\/historiaintelectual.com.ar\/wp-content\/uploads\/2026\/04\/lasa_prismas.png\" \/>\n\t<meta property=\"og:image:width\" content=\"436\" \/>\n\t<meta property=\"og:image:height\" content=\"207\" \/>\n\t<meta property=\"og:image:type\" content=\"image\/png\" \/>\n<meta name=\"author\" content=\"Comunicacion y Redes CHI\" \/>\n<script type=\"application\/ld+json\" class=\"yoast-schema-graph\">{\"@context\":\"https:\\\/\\\/schema.org\",\"@graph\":[{\"@type\":\"Article\",\"@id\":\"https:\\\/\\\/historiaintelectual.com.ar\\\/novedad-editorial-serie-latin-american-intellectual-history-series\\\/#article\",\"isPartOf\":{\"@id\":\"https:\\\/\\\/historiaintelectual.com.ar\\\/novedad-editorial-serie-latin-american-intellectual-history-series\\\/\"},\"author\":{\"name\":\"Comunicacion y Redes CHI\",\"@id\":\"https:\\\/\\\/historiaintelectual.com.ar\\\/#\\\/schema\\\/person\\\/769229088e15d859c56fef3de86ed3c8\"},\"headline\":\"Novedad editorial: Serie \u201cLatin American Intellectual History Series\u201d\",\"datePublished\":\"2026-04-29T21:08:58+00:00\",\"dateModified\":\"2026-04-29T21:48:06+00:00\",\"mainEntityOfPage\":{\"@id\":\"https:\\\/\\\/historiaintelectual.com.ar\\\/novedad-editorial-serie-latin-american-intellectual-history-series\\\/\"},\"wordCount\":467,\"publisher\":{\"@id\":\"https:\\\/\\\/historiaintelectual.com.ar\\\/#organization\"},\"image\":{\"@id\":\"https:\\\/\\\/historiaintelectual.com.ar\\\/novedad-editorial-serie-latin-american-intellectual-history-series\\\/#primaryimage\"},\"thumbnailUrl\":\"https:\\\/\\\/historiaintelectual.com.ar\\\/wp-content\\\/uploads\\\/2026\\\/04\\\/lasa_prismas.png\",\"articleSection\":[\"Novedades\"],\"inLanguage\":\"en-US\"},{\"@type\":\"WebPage\",\"@id\":\"https:\\\/\\\/historiaintelectual.com.ar\\\/novedad-editorial-serie-latin-american-intellectual-history-series\\\/\",\"url\":\"https:\\\/\\\/historiaintelectual.com.ar\\\/novedad-editorial-serie-latin-american-intellectual-history-series\\\/\",\"name\":\"Novedad editorial: Serie \u201cLatin American Intellectual History Series\u201d &#187; Historia Intelectual\",\"isPartOf\":{\"@id\":\"https:\\\/\\\/historiaintelectual.com.ar\\\/#website\"},\"primaryImageOfPage\":{\"@id\":\"https:\\\/\\\/historiaintelectual.com.ar\\\/novedad-editorial-serie-latin-american-intellectual-history-series\\\/#primaryimage\"},\"image\":{\"@id\":\"https:\\\/\\\/historiaintelectual.com.ar\\\/novedad-editorial-serie-latin-american-intellectual-history-series\\\/#primaryimage\"},\"thumbnailUrl\":\"https:\\\/\\\/historiaintelectual.com.ar\\\/wp-content\\\/uploads\\\/2026\\\/04\\\/lasa_prismas.png\",\"datePublished\":\"2026-04-29T21:08:58+00:00\",\"dateModified\":\"2026-04-29T21:48:06+00:00\",\"breadcrumb\":{\"@id\":\"https:\\\/\\\/historiaintelectual.com.ar\\\/novedad-editorial-serie-latin-american-intellectual-history-series\\\/#breadcrumb\"},\"inLanguage\":\"en-US\",\"potentialAction\":[{\"@type\":\"ReadAction\",\"target\":[\"https:\\\/\\\/historiaintelectual.com.ar\\\/novedad-editorial-serie-latin-american-intellectual-history-series\\\/\"]}]},{\"@type\":\"ImageObject\",\"inLanguage\":\"en-US\",\"@id\":\"https:\\\/\\\/historiaintelectual.com.ar\\\/novedad-editorial-serie-latin-american-intellectual-history-series\\\/#primaryimage\",\"url\":\"https:\\\/\\\/historiaintelectual.com.ar\\\/wp-content\\\/uploads\\\/2026\\\/04\\\/lasa_prismas.png\",\"contentUrl\":\"https:\\\/\\\/historiaintelectual.com.ar\\\/wp-content\\\/uploads\\\/2026\\\/04\\\/lasa_prismas.png\",\"width\":436,\"height\":207},{\"@type\":\"BreadcrumbList\",\"@id\":\"https:\\\/\\\/historiaintelectual.com.ar\\\/novedad-editorial-serie-latin-american-intellectual-history-series\\\/#breadcrumb\",\"itemListElement\":[{\"@type\":\"ListItem\",\"position\":1,\"name\":\"Portada\",\"item\":\"https:\\\/\\\/historiaintelectual.com.ar\\\/\"},{\"@type\":\"ListItem\",\"position\":2,\"name\":\"Novedad editorial: Serie \u201cLatin American Intellectual History Series\u201d\"}]},{\"@type\":\"WebSite\",\"@id\":\"https:\\\/\\\/historiaintelectual.com.ar\\\/#website\",\"url\":\"https:\\\/\\\/historiaintelectual.com.ar\\\/\",\"name\":\"Historia Intelectual\",\"description\":\"Centro de Historia Intelectual\",\"publisher\":{\"@id\":\"https:\\\/\\\/historiaintelectual.com.ar\\\/#organization\"},\"alternateName\":\"Centro de historia intelectual\",\"potentialAction\":[{\"@type\":\"SearchAction\",\"target\":{\"@type\":\"EntryPoint\",\"urlTemplate\":\"https:\\\/\\\/historiaintelectual.com.ar\\\/?s={search_term_string}\"},\"query-input\":{\"@type\":\"PropertyValueSpecification\",\"valueRequired\":true,\"valueName\":\"search_term_string\"}}],\"inLanguage\":\"en-US\"},{\"@type\":\"Organization\",\"@id\":\"https:\\\/\\\/historiaintelectual.com.ar\\\/#organization\",\"name\":\"Centro Historia Intelectual\",\"url\":\"https:\\\/\\\/historiaintelectual.com.ar\\\/\",\"logo\":{\"@type\":\"ImageObject\",\"inLanguage\":\"en-US\",\"@id\":\"https:\\\/\\\/historiaintelectual.com.ar\\\/#\\\/schema\\\/logo\\\/image\\\/\",\"url\":\"https:\\\/\\\/historiaintelectual.com.ar\\\/wp-content\\\/uploads\\\/2025\\\/04\\\/logo-25.png\",\"contentUrl\":\"https:\\\/\\\/historiaintelectual.com.ar\\\/wp-content\\\/uploads\\\/2025\\\/04\\\/logo-25.png\",\"width\":456,\"height\":456,\"caption\":\"Centro Historia Intelectual\"},\"image\":{\"@id\":\"https:\\\/\\\/historiaintelectual.com.ar\\\/#\\\/schema\\\/logo\\\/image\\\/\"},\"sameAs\":[\"https:\\\/\\\/www.facebook.com\\\/Centrodehistoriaintelectual\\\/\",\"https:\\\/\\\/www.youtube.com\\\/channel\\\/UCGr8q_2-dchoqKT-jT5Lmfw\",\"https:\\\/\\\/www.instagram.com\\\/chi_unq\\\/\"]},{\"@type\":\"Person\",\"@id\":\"https:\\\/\\\/historiaintelectual.com.ar\\\/#\\\/schema\\\/person\\\/769229088e15d859c56fef3de86ed3c8\",\"name\":\"Comunicacion y Redes CHI\",\"url\":\"https:\\\/\\\/historiaintelectual.com.ar\\\/eng\\\/author\\\/comunicacion\\\/\"}]}<\/script>\n<!-- \/ Yoast SEO plugin. -->","yoast_head_json":{"title":"Novedad editorial: Serie \u201cLatin American Intellectual History Series\u201d &#187; Historia Intelectual","robots":{"index":"index","follow":"follow","max-snippet":"max-snippet:-1","max-image-preview":"max-image-preview:large","max-video-preview":"max-video-preview:-1"},"canonical":"https:\/\/historiaintelectual.com.ar\/eng\/novedad-editorial-serie-latin-american-intellectual-history-series\/","og_locale":"en_US","og_type":"article","og_title":"Novedad editorial: Serie \u201cLatin American Intellectual History Series\u201d &#187; Historia Intelectual","og_description":"Lanzamiento de la Latin American Intellectual History Series, una iniciativa conjunta de Prismas Ediciones (UNQ) y LASA Press orientada a la traducci\u00f3n al ingl\u00e9s de obras clave del campo. El primer t\u00edtulo es Entre la pluma y el fusil, de Claudia Gilman,","og_url":"https:\/\/historiaintelectual.com.ar\/eng\/novedad-editorial-serie-latin-american-intellectual-history-series\/","og_site_name":"Historia Intelectual","article_publisher":"https:\/\/www.facebook.com\/Centrodehistoriaintelectual\/","article_published_time":"2026-04-29T21:08:58+00:00","article_modified_time":"2026-04-29T21:48:06+00:00","og_image":[{"width":436,"height":207,"url":"https:\/\/historiaintelectual.com.ar\/wp-content\/uploads\/2026\/04\/lasa_prismas.png","type":"image\/png"}],"author":"Comunicacion y Redes CHI","schema":{"@context":"https:\/\/schema.org","@graph":[{"@type":"Article","@id":"https:\/\/historiaintelectual.com.ar\/novedad-editorial-serie-latin-american-intellectual-history-series\/#article","isPartOf":{"@id":"https:\/\/historiaintelectual.com.ar\/novedad-editorial-serie-latin-american-intellectual-history-series\/"},"author":{"name":"Comunicacion y Redes CHI","@id":"https:\/\/historiaintelectual.com.ar\/#\/schema\/person\/769229088e15d859c56fef3de86ed3c8"},"headline":"Novedad editorial: Serie \u201cLatin American Intellectual History Series\u201d","datePublished":"2026-04-29T21:08:58+00:00","dateModified":"2026-04-29T21:48:06+00:00","mainEntityOfPage":{"@id":"https:\/\/historiaintelectual.com.ar\/novedad-editorial-serie-latin-american-intellectual-history-series\/"},"wordCount":467,"publisher":{"@id":"https:\/\/historiaintelectual.com.ar\/#organization"},"image":{"@id":"https:\/\/historiaintelectual.com.ar\/novedad-editorial-serie-latin-american-intellectual-history-series\/#primaryimage"},"thumbnailUrl":"https:\/\/historiaintelectual.com.ar\/wp-content\/uploads\/2026\/04\/lasa_prismas.png","articleSection":["Novedades"],"inLanguage":"en-US"},{"@type":"WebPage","@id":"https:\/\/historiaintelectual.com.ar\/novedad-editorial-serie-latin-american-intellectual-history-series\/","url":"https:\/\/historiaintelectual.com.ar\/novedad-editorial-serie-latin-american-intellectual-history-series\/","name":"Novedad editorial: Serie \u201cLatin American Intellectual History Series\u201d &#187; Historia Intelectual","isPartOf":{"@id":"https:\/\/historiaintelectual.com.ar\/#website"},"primaryImageOfPage":{"@id":"https:\/\/historiaintelectual.com.ar\/novedad-editorial-serie-latin-american-intellectual-history-series\/#primaryimage"},"image":{"@id":"https:\/\/historiaintelectual.com.ar\/novedad-editorial-serie-latin-american-intellectual-history-series\/#primaryimage"},"thumbnailUrl":"https:\/\/historiaintelectual.com.ar\/wp-content\/uploads\/2026\/04\/lasa_prismas.png","datePublished":"2026-04-29T21:08:58+00:00","dateModified":"2026-04-29T21:48:06+00:00","breadcrumb":{"@id":"https:\/\/historiaintelectual.com.ar\/novedad-editorial-serie-latin-american-intellectual-history-series\/#breadcrumb"},"inLanguage":"en-US","potentialAction":[{"@type":"ReadAction","target":["https:\/\/historiaintelectual.com.ar\/novedad-editorial-serie-latin-american-intellectual-history-series\/"]}]},{"@type":"ImageObject","inLanguage":"en-US","@id":"https:\/\/historiaintelectual.com.ar\/novedad-editorial-serie-latin-american-intellectual-history-series\/#primaryimage","url":"https:\/\/historiaintelectual.com.ar\/wp-content\/uploads\/2026\/04\/lasa_prismas.png","contentUrl":"https:\/\/historiaintelectual.com.ar\/wp-content\/uploads\/2026\/04\/lasa_prismas.png","width":436,"height":207},{"@type":"BreadcrumbList","@id":"https:\/\/historiaintelectual.com.ar\/novedad-editorial-serie-latin-american-intellectual-history-series\/#breadcrumb","itemListElement":[{"@type":"ListItem","position":1,"name":"Portada","item":"https:\/\/historiaintelectual.com.ar\/"},{"@type":"ListItem","position":2,"name":"Novedad editorial: Serie \u201cLatin American Intellectual History Series\u201d"}]},{"@type":"WebSite","@id":"https:\/\/historiaintelectual.com.ar\/#website","url":"https:\/\/historiaintelectual.com.ar\/","name":"Historia Intelectual","description":"Center for Intellectual History","publisher":{"@id":"https:\/\/historiaintelectual.com.ar\/#organization"},"alternateName":"Centro de historia intelectual","potentialAction":[{"@type":"SearchAction","target":{"@type":"EntryPoint","urlTemplate":"https:\/\/historiaintelectual.com.ar\/?s={search_term_string}"},"query-input":{"@type":"PropertyValueSpecification","valueRequired":true,"valueName":"search_term_string"}}],"inLanguage":"en-US"},{"@type":"Organization","@id":"https:\/\/historiaintelectual.com.ar\/#organization","name":"Centro Historia Intelectual","url":"https:\/\/historiaintelectual.com.ar\/","logo":{"@type":"ImageObject","inLanguage":"en-US","@id":"https:\/\/historiaintelectual.com.ar\/#\/schema\/logo\/image\/","url":"https:\/\/historiaintelectual.com.ar\/wp-content\/uploads\/2025\/04\/logo-25.png","contentUrl":"https:\/\/historiaintelectual.com.ar\/wp-content\/uploads\/2025\/04\/logo-25.png","width":456,"height":456,"caption":"Centro Historia Intelectual"},"image":{"@id":"https:\/\/historiaintelectual.com.ar\/#\/schema\/logo\/image\/"},"sameAs":["https:\/\/www.facebook.com\/Centrodehistoriaintelectual\/","https:\/\/www.youtube.com\/channel\/UCGr8q_2-dchoqKT-jT5Lmfw","https:\/\/www.instagram.com\/chi_unq\/"]},{"@type":"Person","@id":"https:\/\/historiaintelectual.com.ar\/#\/schema\/person\/769229088e15d859c56fef3de86ed3c8","name":"Comunicacion y Redes CHI","url":"https:\/\/historiaintelectual.com.ar\/eng\/author\/comunicacion\/"}]}},"_links":{"self":[{"href":"https:\/\/historiaintelectual.com.ar\/eng\/wp-json\/wp\/v2\/posts\/11448","targetHints":{"allow":["GET"]}}],"collection":[{"href":"https:\/\/historiaintelectual.com.ar\/eng\/wp-json\/wp\/v2\/posts"}],"about":[{"href":"https:\/\/historiaintelectual.com.ar\/eng\/wp-json\/wp\/v2\/types\/post"}],"author":[{"embeddable":true,"href":"https:\/\/historiaintelectual.com.ar\/eng\/wp-json\/wp\/v2\/users\/96742469"}],"replies":[{"embeddable":true,"href":"https:\/\/historiaintelectual.com.ar\/eng\/wp-json\/wp\/v2\/comments?post=11448"}],"version-history":[{"count":12,"href":"https:\/\/historiaintelectual.com.ar\/eng\/wp-json\/wp\/v2\/posts\/11448\/revisions"}],"predecessor-version":[{"id":11464,"href":"https:\/\/historiaintelectual.com.ar\/eng\/wp-json\/wp\/v2\/posts\/11448\/revisions\/11464"}],"wp:featuredmedia":[{"embeddable":true,"href":"https:\/\/historiaintelectual.com.ar\/eng\/wp-json\/wp\/v2\/media\/11449"}],"wp:attachment":[{"href":"https:\/\/historiaintelectual.com.ar\/eng\/wp-json\/wp\/v2\/media?parent=11448"}],"wp:term":[{"taxonomy":"category","embeddable":true,"href":"https:\/\/historiaintelectual.com.ar\/eng\/wp-json\/wp\/v2\/categories?post=11448"},{"taxonomy":"post_tag","embeddable":true,"href":"https:\/\/historiaintelectual.com.ar\/eng\/wp-json\/wp\/v2\/tags?post=11448"}],"curies":[{"name":"wp","href":"https:\/\/api.w.org\/{rel}","templated":true}]}}